{"id":2726,"date":"2020-12-18T11:08:14","date_gmt":"2020-12-18T10:08:14","guid":{"rendered":"https:\/\/teletrabajoynegocios.com\/telesecretarias\/?p=2726"},"modified":"2020-12-14T13:11:55","modified_gmt":"2020-12-14T12:11:55","slug":"clientes-quien-te-paga-por-lo-que-ofreces","status":"publish","type":"post","link":"https:\/\/teletrabajoynegocios.com\/telesecretarias\/clientes-quien-te-paga-por-lo-que-ofreces\/","title":{"rendered":"Clientes. Qui\u00e9n te paga por lo que ofreces"},"content":{"rendered":"<div id=\"telet-2564273399\" class=\"telet-antes-del-contenido telet-entity-placement\"><a href=\"https:\/\/quaderno.io\/?via=jose-manuel94\" aria-label=\"Quaderno General (Spanish) &#8211; 728&#215;90\"><img loading=\"lazy\" decoding=\"async\" src=\"https:\/\/teletrabajoynegocios.com\/telesecretarias\/wp-content\/uploads\/sites\/2\/2020\/11\/Quaderno-General-Spanish-728x90-1.png\" alt=\"\"  srcset=\"https:\/\/teletrabajoynegocios.com\/telesecretarias\/wp-content\/uploads\/sites\/2\/2020\/11\/Quaderno-General-Spanish-728x90-1.png 728w, https:\/\/teletrabajoynegocios.com\/telesecretarias\/wp-content\/uploads\/sites\/2\/2020\/11\/Quaderno-General-Spanish-728x90-1-300x37.png 300w\" sizes=\"(max-width: 728px) 100vw, 728px\" width=\"728\" height=\"90\"   \/><\/a><\/div><p>Lo he dicho muchas veces aqu\u00ed, perder un empleo no es nada m\u00e1s (y nada menos) que perder un cliente.<\/p>\n<p>Lo que ocurre es que, en la mayor\u00eda de las ocasiones, a ese cliente le has \u201cvendido\u201d toda tu oferta profesional durante meses, a\u00f1os o incluso d\u00e9cadas. Y si esto no fuese suficiente, en demasiados casos, ese cliente te ha impedido que hagas visible tus cualidades profesionales mientras trabajas PARA su empresa.<\/p>\n<p>El problema es que, el d\u00eda en que pierdes a ese cliente, no s\u00f3lo te quedas sin ingresos sino que eres un profesional invisible y con todo por demostrar, aunque lleves media vida realizando bien tu trabajo.<\/p>\n<h4>No te confundas de cliente<\/h4>\n<p>Para un emprendedor o un Profesional Libre, como es mi caso, es m\u00e1s sencillo identificar al cliente que para alguien que quiere trabajar por cuenta ajena. Pero en todos los casos se trata de tener claro qui\u00e9n necesita aquello que puedes aportar, localizarlo y hacerle una propuesta.<\/p>\n<p>Uno de los errores m\u00e1s habituales de los profesionales YO S.L. que buscan empleo, es considerar al responsable de selecci\u00f3n o al \u201cheadhunter\u201d como EL CLIENTE. En realidad, la persona que te llama para realizar un proceso de selecci\u00f3n no es m\u00e1s que un intermediario. Ser\u00eda algo as\u00ed como un jefe de compras que va a negociar los servicios que ofreces.<\/p>\n<p>Si lo enfocas de esta manera, una entrevista de trabajo se convierte en una negociaci\u00f3n comercial en la que hay que encajar la oferta con la demanda. Y ocurre algo curioso, me refiero a que cuando alguien quiere vender algo, suele hacer las preguntas adecuadas, sin embargo, en un proceso de selecci\u00f3n las preguntas las hace el comprador.<\/p>\n<p>Entonces, si lo que quieres es un empleo, \u00bfno ser\u00eda m\u00e1s l\u00f3gico saltarse a los intermediarios e ir directamente a quienes toman las decisiones? \u00bfno es m\u00e1s eficaz generar necesidades o mostrar tu oferta profesional a quienes pueden necesitarte en lugar de esperar a que surja una oportunidad en forma de anuncio de empleo?<\/p>\n<p>Por eso es necesario el Marketing Personal, porque es el modo que tienes de mostrar y demostrar tu valor sin tener que esperar a que te llamen para contarlo. Networking, Blog, V\u00eddeos, Charlas, Documentos, Libros,\u2026 Las oportunidades de hacer visible tus cualidades son muchas y est\u00e1n a tu alcance.<\/p>\n<hr>\n<p><img decoding=\"async\" src=\"https:\/\/teletrabajoynegocios.com\/teletrabajador\/wp-content\/uploads\/sites\/3\/2020\/07\/articulos.png\"><\/p>\n<div class=\"wp-rss-template-container\" data-wpra-template=\"default\" data-template-ctx=\"W10=\">\n    <div class=\"wp-rss-aggregator wpra-list-template  \" data-page=\"1\">\n    \n    \n<ul class=\"wpra-item-list rss-aggregator wpra-item-list--bullets wpra-item-list--default\"\n    start=\"1\">\n                        <li class=\"wpra-item feed-item \">\n            \n            \n\n    <a  href=\"https:\/\/distritoemprendedores.com\/blog\/2026\/03\/16\/hello-world\/\" target=\"_blank\" rel=\"nofollow\" class=\"\">Hello world!<\/a>\n\n\n\n\n\n\n<div class=\"wprss-feed-meta\">\n            <span class=\"feed-source\">\n            Source:\n\n                            Distrito Emprendedores\n                    <\/span>\n    \n            <span class=\"feed-date\">\n            Published on 2026-03-16\n        <\/span>\n    \n    <\/div>\n\n\n\n\n\n            \n        <\/li>\n                    <li class=\"wpra-item feed-item \">\n            \n            \n\n    <a  href=\"https:\/\/www.dropbox.com\/scl\/fi\/b6csvpbfxu24vaezmo3es\/62bed0634df20e5ef35346439fdd423f_franquicias.pdf?rlkey=mfp2795s4n89mw35l0yeu2vl5&amp;e=2&amp;st=57kabuy0&amp;dl=0#new_tab\" target=\"_blank\" rel=\"nofollow\" class=\"\">Las franquicias espa\u00f1olas duplican su presencia en mercados for\u00e1neos<\/a>\n\n\n\n\n\n\n<div class=\"wprss-feed-meta\">\n            <span class=\"feed-source\">\n            Source:\n\n                            Distrito Emprendedores\n                    <\/span>\n    \n            <span class=\"feed-date\">\n            Published on 2026-03-11\n        <\/span>\n    \n    <\/div>\n\n\n\n\n\n            \n        <\/li>\n                    <li class=\"wpra-item feed-item \">\n            \n            \n\n    <a  href=\"https:\/\/distritoemprendedores.es\/blog\/5-errores-fatales-al-internacionalizar-tu-franquicia\/\" target=\"_blank\" rel=\"nofollow\" class=\"\">5 errores fatales al internacionalizar tu franquicia<\/a>\n\n\n\n\n\n\n<div class=\"wprss-feed-meta\">\n            <span class=\"feed-source\">\n            Source:\n\n                            Distrito Emprendedores\n                    <\/span>\n    \n            <span class=\"feed-date\">\n            Published on 2026-03-10\n        <\/span>\n    \n    <\/div>\n\n\n\n\n\n            \n        <\/li>\n                    <li class=\"wpra-item feed-item \">\n            \n            \n\n    <a  href=\"https:\/\/distritoemprendedores.es\/blog\/un-nuevo-prime-time-para-las-marcas-afterwork-tardeo-y-futbol-se-consolidan-como-los-grandes-motores-del-consumo-experiencial\/\" target=\"_blank\" rel=\"nofollow\" class=\"\">Un nuevo prime time para las marcas: afterwork, tardeo y f\u00fatbol se consolidan como los grandes motores del consumo experiencial<\/a>\n\n\n\n\n\n\n<div class=\"wprss-feed-meta\">\n            <span class=\"feed-source\">\n            Source:\n\n                            Distrito Emprendedores\n                    <\/span>\n    \n            <span class=\"feed-date\">\n            Published on 2026-03-09\n        <\/span>\n    \n    <\/div>\n\n\n\n\n\n            \n        <\/li>\n                    <li class=\"wpra-item feed-item \">\n            \n            \n\n    <a  href=\"https:\/\/distritoemprendedores.es\/blog\/la-ventaja-competitiva-esta-en-entender-como-pregunta-el-consumidor\/\" target=\"_blank\" rel=\"nofollow\" class=\"\">La ventaja competitiva est\u00e1 en entender c\u00f3mo pregunta el consumidor<\/a>\n\n\n\n\n\n\n<div class=\"wprss-feed-meta\">\n            <span class=\"feed-source\">\n            Source:\n\n                            Distrito Emprendedores\n                    <\/span>\n    \n            <span class=\"feed-date\">\n            Published on 2026-03-08\n        <\/span>\n    \n    <\/div>\n\n\n\n\n\n            \n        <\/li>\n                    <li class=\"wpra-item feed-item \">\n            \n            \n\n    <a  href=\"https:\/\/distritoemprendedores.es\/blog\/solo-el-7-de-los-espanoles-cree-a-las-marcas-cuando-comunican-sus-valores-con-hechos-demostrables\/\" target=\"_blank\" rel=\"nofollow\" class=\"\">Solo el 7% de los espa\u00f1oles cree a las marcas cuando comunican sus valores con hechos demostrables<\/a>\n\n\n\n\n\n\n<div class=\"wprss-feed-meta\">\n            <span class=\"feed-source\">\n            Source:\n\n                            Distrito Emprendedores\n                    <\/span>\n    \n            <span class=\"feed-date\">\n            Published on 2026-03-07\n        <\/span>\n    \n    <\/div>\n\n\n\n\n\n            \n        <\/li>\n                    <li class=\"wpra-item feed-item \">\n            \n            \n\n    <a  href=\"https:\/\/distritoemprendedores.es\/blog\/el-38-de-las-empresas-creadas-en-2019-ha-echado-ya-el-cierre\/\" target=\"_blank\" rel=\"nofollow\" class=\"\">El 38% de las empresas creadas en 2019 ha echado ya el cierre<\/a>\n\n\n\n\n\n\n<div class=\"wprss-feed-meta\">\n            <span class=\"feed-source\">\n            Source:\n\n                            Distrito Emprendedores\n                    <\/span>\n    \n            <span class=\"feed-date\">\n            Published on 2026-03-06\n        <\/span>\n    \n    <\/div>\n\n\n\n\n\n            \n        <\/li>\n                    <li class=\"wpra-item feed-item \">\n            \n            \n\n    <a  href=\"https:\/\/distritoemprendedores.es\/blog\/descubre-las-oportunidades-y-tendencias-en-el-mercado-de-la-franquicia-para-2026\/\" target=\"_blank\" rel=\"nofollow\" class=\"\">Descubre las oportunidades y tendencias en el mercado de la franquicia para 2026<\/a>\n\n\n\n\n\n\n<div class=\"wprss-feed-meta\">\n            <span class=\"feed-source\">\n            Source:\n\n                            Distrito Emprendedores\n                    <\/span>\n    \n            <span class=\"feed-date\">\n            Published on 2026-03-05\n        <\/span>\n    \n    <\/div>\n\n\n\n\n\n            \n        <\/li>\n                    <li class=\"wpra-item feed-item \">\n            \n            \n\n    <a  href=\"https:\/\/distritoemprendedores.es\/blog\/las-startups-de-salud-mas-punteras-del-mundo\/\" target=\"_blank\" rel=\"nofollow\" class=\"\">Las startups de salud m\u00e1s punteras del mundo<\/a>\n\n\n\n\n\n\n<div class=\"wprss-feed-meta\">\n            <span class=\"feed-source\">\n            Source:\n\n                            Distrito Emprendedores\n                    <\/span>\n    \n            <span class=\"feed-date\">\n            Published on 2026-03-04\n        <\/span>\n    \n    <\/div>\n\n\n\n\n\n            \n        <\/li>\n                    <li class=\"wpra-item feed-item \">\n            \n            \n\n    <a  href=\"https:\/\/distritoemprendedores.es\/blog\/puesta-en-marcha-de-un-negocio-primeros-pasos-para-validar-vender-y-controlar-la-tesoreria\/\" target=\"_blank\" rel=\"nofollow\" class=\"\">Puesta en marcha de un negocio: primeros pasos para validar, vender y controlar la tesorer\u00eda<\/a>\n\n\n\n\n\n\n<div class=\"wprss-feed-meta\">\n            <span class=\"feed-source\">\n            Source:\n\n                            Distrito Emprendedores\n                    <\/span>\n    \n            <span class=\"feed-date\">\n            Published on 2026-03-03\n        <\/span>\n    \n    <\/div>\n\n\n\n\n\n            \n        <\/li>\n                    <li class=\"wpra-item feed-item \">\n            \n            \n\n    <a  href=\"https:\/\/distritoemprendedores.es\/blog\/6-franquicias-sin-apenas-competencia-en-el-mercado\/\" target=\"_blank\" rel=\"nofollow\" class=\"\">6 franquicias sin apenas competencia en el mercado<\/a>\n\n\n\n\n\n\n<div class=\"wprss-feed-meta\">\n            <span class=\"feed-source\">\n            Source:\n\n                            Distrito Emprendedores\n                    <\/span>\n    \n            <span class=\"feed-date\">\n            Published on 2026-03-02\n        <\/span>\n    \n    <\/div>\n\n\n\n\n\n            \n        <\/li>\n                    <li class=\"wpra-item feed-item \">\n            \n            \n\n    <a  href=\"https:\/\/digistorage.es\/links\/71d78951-a420-4f5b-8de6-7b35ae7efc1c#new_tab\" target=\"_blank\" rel=\"nofollow\" class=\"\">Los algoritmos amenazan con filtrar las confesiones realizadas al abogado<\/a>\n\n\n\n\n\n\n<div class=\"wprss-feed-meta\">\n            <span class=\"feed-source\">\n            Source:\n\n                            Distrito Emprendedores\n                    <\/span>\n    \n            <span class=\"feed-date\">\n            Published on 2026-03-01\n        <\/span>\n    \n    <\/div>\n\n\n\n\n\n            \n        <\/li>\n                    <li class=\"wpra-item feed-item \">\n            \n            \n\n    <a  href=\"https:\/\/distritoemprendedores.es\/blog\/las-startups-que-mas-innovan-en-el-mundo\/\" target=\"_blank\" rel=\"nofollow\" class=\"\">Las startups que m\u00e1s innovan en el mundo<\/a>\n\n\n\n\n\n\n<div class=\"wprss-feed-meta\">\n            <span class=\"feed-source\">\n            Source:\n\n                            Distrito Emprendedores\n                    <\/span>\n    \n            <span class=\"feed-date\">\n            Published on 2026-02-28\n        <\/span>\n    \n    <\/div>\n\n\n\n\n\n            \n        <\/li>\n                    <li class=\"wpra-item feed-item \">\n            \n            \n\n    <a  href=\"https:\/\/distritoemprendedores.es\/blog\/tiktok-genera-31-000-millones-de-euros-para-las-empresas-europeas-y-3-000-millones-en-espana\/\" target=\"_blank\" rel=\"nofollow\" class=\"\">TikTok genera 31.000 millones de euros para las empresas europeas y 3.000 millones en Espa\u00f1a<\/a>\n\n\n\n\n\n\n<div class=\"wprss-feed-meta\">\n            <span class=\"feed-source\">\n            Source:\n\n                            Distrito Emprendedores\n                    <\/span>\n    \n            <span class=\"feed-date\">\n            Published on 2026-02-27\n        <\/span>\n    \n    <\/div>\n\n\n\n\n\n            \n        <\/li>\n                    <li class=\"wpra-item feed-item \">\n            \n            \n\n    <a  href=\"https:\/\/distritoemprendedores.es\/blog\/amazon-planea-un-marketplace-para-hacer-de-puente-entre-los-publishers-y-las-empresas-de-ia\/\" target=\"_blank\" rel=\"nofollow\" class=\"\">Amazon planea un \u00abmarketplace\u00bb para hacer de puente entre los \u00abpublishers\u00bb y las empresas de IA<\/a>\n\n\n\n\n\n\n<div class=\"wprss-feed-meta\">\n            <span class=\"feed-source\">\n            Source:\n\n                            Distrito Emprendedores\n                    <\/span>\n    \n            <span class=\"feed-date\">\n            Published on 2026-02-26\n        <\/span>\n    \n    <\/div>\n\n\n\n\n\n            \n        <\/li>\n        <\/ul>\n\n        \n<\/div>\n\n<\/div>\n\n<hr>\n<h4>Cambia la relaci\u00f3n con tu cliente<\/h4>\n<p>Si eres capaz de hacer algo para uno, \u00bfQu\u00e9 te impide hacerlo para varios o, incluso para muchos? Si te pagan por realizar un trabajo desde tu cub\u00edculo, \u00bfPor qu\u00e9 no podr\u00edas desempe\u00f1ar esa misma funci\u00f3n sin poner todos tus huevos en una \u00fanica cesta? Vale, ya s\u00e9 que esto no se puede aplicar a todos los trabajos, pero s\u00ed, para muchos que hoy est\u00e1n en peligro.<\/p>\n<p>Ese es el cambio m\u00e1s importante si quieres sobrevivir en la situaci\u00f3n actual. Se trata de pasar del modo 1-1 a 1-Todos los que puedas.<\/p>\n<p>Evidentemente es mucho m\u00e1s f\u00e1cil y m\u00e1s c\u00f3modo despreocuparte de tu \u201cDepartamento de Marketing Personal\u201d cuando trabajas para otros porque tienes un empleo asegurado (\u00a1\u00a1\u00a1asegurado!!! me parto de risa), pero esto ya no funciona as\u00ed.<\/p>\n<p>Te guste o no, est\u00e9s en el estado en el que est\u00e9s, tienes que desarrollar una oferta y hacerla visible. Al hacerlo tendr\u00e1s m\u00e1s capacidad para elegir, podr\u00e1s quedarte en tu empleo si est\u00e1s a gusto, podr\u00e1s tener m\u00e1s capacidad de generar ingresos si trabajas por libre o te surgir\u00e1n m\u00e1s oportunidades si est\u00e1s en transici\u00f3n.<\/p>\n<p>Simplemente cambia la relaci\u00f3n mental con el trabajo. No trabajas PARA nadie, trabajas CON alguien. No eres un empleado, eres un proveedor.<\/p>\n<h4>Que cada parte cumpla con sus obligaciones<\/h4>\n<p>Creo que si dejamos de pensar que las empresas nos deben algo o nosotros a ellas m\u00e1s all\u00e1 de una relaci\u00f3n profesional, todo ir\u00e1 mucho mejor. No digo que no seas amigo de tu jefe o que, si la empresa tiene unos valores que est\u00e1n alineados con los tuyos, no haya una reciprocidad, un hoy por ti, ma\u00f1ana por mi.<\/p>\n<p>Lo que no tiene sentido es darle valores humanos a una sociedad mercantil. Podr\u00e1s establecer un compromiso con algunas personas que forman parte de la organizaci\u00f3n, pero no con una entidad jur\u00eddica.<\/p>\n<p>As\u00ed que, el d\u00eda en que tu oferta deje de ser competitiva, tendr\u00edas que aceptar que est\u00e1 en su derecho de cambiar de \u201cproveedor\u201d. Por eso debes mantenerte siempre relevante y sin esperar que los de R2H2 te metan en el en\u00e9simo curso de formaci\u00f3n de gesti\u00f3n del tiempo.<\/p>\n<p>Y, por otra parte, si consideras que tu cliente no te remunera como mereces o te impide desarrollarte, no deber\u00edas sentirte culpable ni tragarte todo ese rollo del compromiso y del contrato psicol\u00f3gico que hace d\u00e9cadas que perdi\u00f3 su sentido, si te vas a otro sitio.<\/p>\n<h4>Cliente interno<\/h4>\n<p>No quiero terminar este post sin hablar de nuestro cliente \u201cinterno\u201d. Me refiero a nuestra familia, nuestros \u201callegados\u201d como se ha puesto de moda estos d\u00edas.<\/p>\n<p>Tambi\u00e9n tenemos que ser relevantes para ellos, proporcionarles valor en formas que no son materiales o monetaria si queremos que nos paguen con abrazos, cari\u00f1o y tiempo.<\/p>\n<p>Si dedicamos demasiado tiempo al cliente profesional, es posible que acabemos perdiendo al personal. Y aqu\u00ed se aplica la misma Estrategia Personal, \u00bfQu\u00e9 me impide ser mejor con ellos? \u00bfQu\u00e9 les puedo aportar? \u00bfC\u00f3mo puedo ser m\u00e1s cre\u00edble y \u201cquerible\u201d? \u00bfDe qu\u00e9 modo puedo ser m\u00e1s visible?<\/p>\n<p>Te guste o no, la vida es una suma de intercambios de muchos tipos. Si no sabes quien es quien y de qu\u00e9 modo puedes encontrar la forma de satisfacer necesidades mutuas, lo vas a tener muy jodido.<\/p>\n<p><a href=\"https:\/\/www.andresperezortega.com\/\"><em>Andres Perez Ortega<\/em><\/a><\/p>\n<div id=\"telet-477311908\" class=\"telet-despues-del-contenido telet-entity-placement\"><a target=\"_blank\" href=\"\/\/aff.lucushost.com\/resources\/click\/?n=gDxoXMAJ&aff=756\"><img decoding=\"async\" border=\"0\" alt=\"LucusHost, el mejor hosting\" src=\"\/\/aff.lucushost.com\/resources\/banners\/?zoneid=5123&n=gDxoXMAJ&aff=756\" \/><\/a><\/div>","protected":false},"excerpt":{"rendered":"<p>Lo he dicho muchas veces aqu\u00ed, perder un empleo no es nada m\u00e1s (y nada menos) que perder un cliente. Lo que ocurre es que, en la mayor\u00eda de las&hellip; <\/p>\n","protected":false},"author":1,"featured_media":889,"comment_status":"open","ping_status":"open","sticky":false,"template":"","format":"standard","meta":{"_jetpack_memberships_contains_paid_content":false,"footnotes":"","_links_to":"","_links_to_target":""},"categories":[12],"tags":[15,14],"class_list":["post-2726","post","type-post","status-publish","format-standard","has-post-thumbnail","hentry","category-clientes","tag-fuprisa","tag-jose-manuel-fuentes-prieto"],"nelio_content":{"autoShareEndMode":"never","automationSources":{"useCustomSentences":false,"customSentences":[]},"efiAlt":"","efiUrl":"","followers":[1],"highlights":[],"isAutoShareEnabled":true,"networkImageIds":[],"permalinkQueryArgs":[],"series":[],"suggestedReferences":[]},"jetpack_featured_media_url":"https:\/\/teletrabajoynegocios.com\/telesecretarias\/wp-content\/uploads\/sites\/2\/2020\/04\/emprender-negocio-mujer.jpg","jetpack_sharing_enabled":true,"_links":{"self":[{"href":"https:\/\/teletrabajoynegocios.com\/telesecretarias\/wp-json\/wp\/v2\/posts\/2726","targetHints":{"allow":["GET"]}}],"collection":[{"href":"https:\/\/teletrabajoynegocios.com\/telesecretarias\/wp-json\/wp\/v2\/posts"}],"about":[{"href":"https:\/\/teletrabajoynegocios.com\/telesecretarias\/wp-json\/wp\/v2\/types\/post"}],"author":[{"embeddable":true,"href":"https:\/\/teletrabajoynegocios.com\/telesecretarias\/wp-json\/wp\/v2\/users\/1"}],"replies":[{"embeddable":true,"href":"https:\/\/teletrabajoynegocios.com\/telesecretarias\/wp-json\/wp\/v2\/comments?post=2726"}],"version-history":[{"count":1,"href":"https:\/\/teletrabajoynegocios.com\/telesecretarias\/wp-json\/wp\/v2\/posts\/2726\/revisions"}],"predecessor-version":[{"id":2730,"href":"https:\/\/teletrabajoynegocios.com\/telesecretarias\/wp-json\/wp\/v2\/posts\/2726\/revisions\/2730"}],"wp:featuredmedia":[{"embeddable":true,"href":"https:\/\/teletrabajoynegocios.com\/telesecretarias\/wp-json\/wp\/v2\/media\/889"}],"wp:attachment":[{"href":"https:\/\/teletrabajoynegocios.com\/telesecretarias\/wp-json\/wp\/v2\/media?parent=2726"}],"wp:term":[{"taxonomy":"category","embeddable":true,"href":"https:\/\/teletrabajoynegocios.com\/telesecretarias\/wp-json\/wp\/v2\/categories?post=2726"},{"taxonomy":"post_tag","embeddable":true,"href":"https:\/\/teletrabajoynegocios.com\/telesecretarias\/wp-json\/wp\/v2\/tags?post=2726"}],"curies":[{"name":"wp","href":"https:\/\/api.w.org\/{rel}","templated":true}]}}