{"id":2759,"date":"2020-12-28T11:49:08","date_gmt":"2020-12-28T10:49:08","guid":{"rendered":"https:\/\/teletrabajoynegocios.com\/telesecretarias\/?p=2759"},"modified":"2020-12-14T13:53:00","modified_gmt":"2020-12-14T12:53:00","slug":"perfeccionismo-la-excusa-perfecta-para-quedarte-como-estas","status":"publish","type":"post","link":"https:\/\/teletrabajoynegocios.com\/telesecretarias\/perfeccionismo-la-excusa-perfecta-para-quedarte-como-estas\/","title":{"rendered":"Perfeccionismo, la excusa perfecta para quedarte como est\u00e1s"},"content":{"rendered":"<div id=\"telet-2681495263\" class=\"telet-antes-del-contenido telet-entity-placement\"><a href=\"https:\/\/quaderno.io\/?via=jose-manuel94\" aria-label=\"Quaderno General (Spanish) &#8211; 728&#215;90\"><img loading=\"lazy\" decoding=\"async\" src=\"https:\/\/teletrabajoynegocios.com\/telesecretarias\/wp-content\/uploads\/sites\/2\/2020\/11\/Quaderno-General-Spanish-728x90-1.png\" alt=\"\"  srcset=\"https:\/\/teletrabajoynegocios.com\/telesecretarias\/wp-content\/uploads\/sites\/2\/2020\/11\/Quaderno-General-Spanish-728x90-1.png 728w, https:\/\/teletrabajoynegocios.com\/telesecretarias\/wp-content\/uploads\/sites\/2\/2020\/11\/Quaderno-General-Spanish-728x90-1-300x37.png 300w\" sizes=\"(max-width: 728px) 100vw, 728px\" width=\"728\" height=\"90\"   \/><\/a><\/div><p>\u201cSi, yo quiero hacer mi p\u00e1gina web, pero quiero que quede perfecta\u201d, \u201cYa s\u00e9 que hay que conocer a otros profesionales en eventos de&nbsp;<em>Networking<\/em>, pero no s\u00e9 si voy a saber hacerlo bien\u201d, \u201cMe gustar\u00eda contar las cosas que he aprendido, pero es que no s\u00e9 escribir suficientemente bien\u201d.<\/p>\n<p>Frases como estas y muchas otras parecidas son las que me dicen mis alumnos cuando se empiezan a plantear salir de la burbuja en la que est\u00e1n metidos. Al final, lo que suele ocurrir es que no ocurre nada.<\/p>\n<p>En realidad creo que el Perfeccionismo no es m\u00e1s que una forma de llamar a la pereza, al miedo o a la p\u00e9rdida de control.<\/p>\n<p>En los casos anteriores, las respuestas son sencillas.<\/p>\n<p>\u00bfQu\u00e9 es una web perfecta? Es m\u00e1s, \u00bfPara qu\u00e9 quieres una web perfecta? Basta con que sea eficaz o, al menos, empiece a darte resultados y ya la ir\u00e1s mejorando.<\/p>\n<p>\u00bfQui\u00e9n puede decir que sabe relacionarse con otras personas? Claro que hay gente con una habilidad especial para conectar, pero incluso estas han tenido sus problemillas porque los seres humanos no somos robots, afortunadamente. Lo que est\u00e1 claro es que si no lo intentas, ni sucede nada (salvo que el tiempo pasa y t\u00fa sigues igual o peor) ni aprendes.<\/p>\n<p>\u00bfQui\u00e9n sabe escribir (o hablar o bailar o\u2026) suficientemente bien? Incluso los autores, actores, fontaneros, o directivos consagrados meten la pata. Yo que llevo varios libros a mis espaldas podr\u00eda decir que mis neuronas me dan lo justito para juntar palabras de una forma m\u00e1s o menos coherente\u2026 pero eso no me va a frenar.<\/p>\n<h4>Es dif\u00edcil diferenciarse si tratas de ser perfecto<\/h4>\n<p>Si me conoces, te habr\u00e1s dado cuenta de que soy bastante critic\u00f3n. Tengo tendencia a meterme con aquello que no me gusta. Sin embargo, no s\u00f3lo voy a disculpar sino que voy a defender a aquellos que intentan hacer algo diferente, aunque metan la pata hasta el fondo.<\/p>\n<hr>\n<p><img decoding=\"async\" src=\"https:\/\/teletrabajoynegocios.com\/teletrabajador\/wp-content\/uploads\/sites\/3\/2020\/07\/articulos.png\"><\/p>\n<div class=\"wp-rss-template-container\" data-wpra-template=\"default\" data-template-ctx=\"W10=\">\n    <div class=\"wp-rss-aggregator wpra-list-template  \" data-page=\"1\">\n    \n    \n<ul class=\"wpra-item-list rss-aggregator wpra-item-list--bullets wpra-item-list--default\"\n    start=\"1\">\n                        <li class=\"wpra-item feed-item \">\n            \n            \n\n    <a  href=\"https:\/\/distritoemprendedores.com\/blog\/2026\/03\/16\/hello-world\/\" target=\"_blank\" rel=\"nofollow\" class=\"\">Hello world!<\/a>\n\n\n\n\n\n\n<div class=\"wprss-feed-meta\">\n            <span class=\"feed-source\">\n            Source:\n\n                            Distrito Emprendedores\n                    <\/span>\n    \n            <span class=\"feed-date\">\n            Published on 2026-03-16\n        <\/span>\n    \n    <\/div>\n\n\n\n\n\n            \n        <\/li>\n                    <li class=\"wpra-item feed-item \">\n            \n            \n\n    <a  href=\"https:\/\/www.dropbox.com\/scl\/fi\/b6csvpbfxu24vaezmo3es\/62bed0634df20e5ef35346439fdd423f_franquicias.pdf?rlkey=mfp2795s4n89mw35l0yeu2vl5&amp;e=2&amp;st=57kabuy0&amp;dl=0#new_tab\" target=\"_blank\" rel=\"nofollow\" class=\"\">Las franquicias espa\u00f1olas duplican su presencia en mercados for\u00e1neos<\/a>\n\n\n\n\n\n\n<div class=\"wprss-feed-meta\">\n            <span class=\"feed-source\">\n            Source:\n\n                            Distrito Emprendedores\n                    <\/span>\n    \n            <span class=\"feed-date\">\n            Published on 2026-03-11\n        <\/span>\n    \n    <\/div>\n\n\n\n\n\n            \n        <\/li>\n                    <li class=\"wpra-item feed-item \">\n            \n            \n\n    <a  href=\"https:\/\/distritoemprendedores.es\/blog\/5-errores-fatales-al-internacionalizar-tu-franquicia\/\" target=\"_blank\" rel=\"nofollow\" class=\"\">5 errores fatales al internacionalizar tu franquicia<\/a>\n\n\n\n\n\n\n<div class=\"wprss-feed-meta\">\n            <span class=\"feed-source\">\n            Source:\n\n                            Distrito Emprendedores\n                    <\/span>\n    \n            <span class=\"feed-date\">\n            Published on 2026-03-10\n        <\/span>\n    \n    <\/div>\n\n\n\n\n\n            \n        <\/li>\n                    <li class=\"wpra-item feed-item \">\n            \n            \n\n    <a  href=\"https:\/\/distritoemprendedores.es\/blog\/un-nuevo-prime-time-para-las-marcas-afterwork-tardeo-y-futbol-se-consolidan-como-los-grandes-motores-del-consumo-experiencial\/\" target=\"_blank\" rel=\"nofollow\" class=\"\">Un nuevo prime time para las marcas: afterwork, tardeo y f\u00fatbol se consolidan como los grandes motores del consumo experiencial<\/a>\n\n\n\n\n\n\n<div class=\"wprss-feed-meta\">\n            <span class=\"feed-source\">\n            Source:\n\n                            Distrito Emprendedores\n                    <\/span>\n    \n            <span class=\"feed-date\">\n            Published on 2026-03-09\n        <\/span>\n    \n    <\/div>\n\n\n\n\n\n            \n        <\/li>\n                    <li class=\"wpra-item feed-item \">\n            \n            \n\n    <a  href=\"https:\/\/distritoemprendedores.es\/blog\/la-ventaja-competitiva-esta-en-entender-como-pregunta-el-consumidor\/\" target=\"_blank\" rel=\"nofollow\" class=\"\">La ventaja competitiva est\u00e1 en entender c\u00f3mo pregunta el consumidor<\/a>\n\n\n\n\n\n\n<div class=\"wprss-feed-meta\">\n            <span class=\"feed-source\">\n            Source:\n\n                            Distrito Emprendedores\n                    <\/span>\n    \n            <span class=\"feed-date\">\n            Published on 2026-03-08\n        <\/span>\n    \n    <\/div>\n\n\n\n\n\n            \n        <\/li>\n                    <li class=\"wpra-item feed-item \">\n            \n            \n\n    <a  href=\"https:\/\/distritoemprendedores.es\/blog\/solo-el-7-de-los-espanoles-cree-a-las-marcas-cuando-comunican-sus-valores-con-hechos-demostrables\/\" target=\"_blank\" rel=\"nofollow\" class=\"\">Solo el 7% de los espa\u00f1oles cree a las marcas cuando comunican sus valores con hechos demostrables<\/a>\n\n\n\n\n\n\n<div class=\"wprss-feed-meta\">\n            <span class=\"feed-source\">\n            Source:\n\n                            Distrito Emprendedores\n                    <\/span>\n    \n            <span class=\"feed-date\">\n            Published on 2026-03-07\n        <\/span>\n    \n    <\/div>\n\n\n\n\n\n            \n        <\/li>\n                    <li class=\"wpra-item feed-item \">\n            \n            \n\n    <a  href=\"https:\/\/distritoemprendedores.es\/blog\/el-38-de-las-empresas-creadas-en-2019-ha-echado-ya-el-cierre\/\" target=\"_blank\" rel=\"nofollow\" class=\"\">El 38% de las empresas creadas en 2019 ha echado ya el cierre<\/a>\n\n\n\n\n\n\n<div class=\"wprss-feed-meta\">\n            <span class=\"feed-source\">\n            Source:\n\n                            Distrito Emprendedores\n                    <\/span>\n    \n            <span class=\"feed-date\">\n            Published on 2026-03-06\n        <\/span>\n    \n    <\/div>\n\n\n\n\n\n            \n        <\/li>\n                    <li class=\"wpra-item feed-item \">\n            \n            \n\n    <a  href=\"https:\/\/distritoemprendedores.es\/blog\/descubre-las-oportunidades-y-tendencias-en-el-mercado-de-la-franquicia-para-2026\/\" target=\"_blank\" rel=\"nofollow\" class=\"\">Descubre las oportunidades y tendencias en el mercado de la franquicia para 2026<\/a>\n\n\n\n\n\n\n<div class=\"wprss-feed-meta\">\n            <span class=\"feed-source\">\n            Source:\n\n                            Distrito Emprendedores\n                    <\/span>\n    \n            <span class=\"feed-date\">\n            Published on 2026-03-05\n        <\/span>\n    \n    <\/div>\n\n\n\n\n\n            \n        <\/li>\n                    <li class=\"wpra-item feed-item \">\n            \n            \n\n    <a  href=\"https:\/\/distritoemprendedores.es\/blog\/las-startups-de-salud-mas-punteras-del-mundo\/\" target=\"_blank\" rel=\"nofollow\" class=\"\">Las startups de salud m\u00e1s punteras del mundo<\/a>\n\n\n\n\n\n\n<div class=\"wprss-feed-meta\">\n            <span class=\"feed-source\">\n            Source:\n\n                            Distrito Emprendedores\n                    <\/span>\n    \n            <span class=\"feed-date\">\n            Published on 2026-03-04\n        <\/span>\n    \n    <\/div>\n\n\n\n\n\n            \n        <\/li>\n                    <li class=\"wpra-item feed-item \">\n            \n            \n\n    <a  href=\"https:\/\/distritoemprendedores.es\/blog\/puesta-en-marcha-de-un-negocio-primeros-pasos-para-validar-vender-y-controlar-la-tesoreria\/\" target=\"_blank\" rel=\"nofollow\" class=\"\">Puesta en marcha de un negocio: primeros pasos para validar, vender y controlar la tesorer\u00eda<\/a>\n\n\n\n\n\n\n<div class=\"wprss-feed-meta\">\n            <span class=\"feed-source\">\n            Source:\n\n                            Distrito Emprendedores\n                    <\/span>\n    \n            <span class=\"feed-date\">\n            Published on 2026-03-03\n        <\/span>\n    \n    <\/div>\n\n\n\n\n\n            \n        <\/li>\n                    <li class=\"wpra-item feed-item \">\n            \n            \n\n    <a  href=\"https:\/\/distritoemprendedores.es\/blog\/6-franquicias-sin-apenas-competencia-en-el-mercado\/\" target=\"_blank\" rel=\"nofollow\" class=\"\">6 franquicias sin apenas competencia en el mercado<\/a>\n\n\n\n\n\n\n<div class=\"wprss-feed-meta\">\n            <span class=\"feed-source\">\n            Source:\n\n                            Distrito Emprendedores\n                    <\/span>\n    \n            <span class=\"feed-date\">\n            Published on 2026-03-02\n        <\/span>\n    \n    <\/div>\n\n\n\n\n\n            \n        <\/li>\n                    <li class=\"wpra-item feed-item \">\n            \n            \n\n    <a  href=\"https:\/\/digistorage.es\/links\/71d78951-a420-4f5b-8de6-7b35ae7efc1c#new_tab\" target=\"_blank\" rel=\"nofollow\" class=\"\">Los algoritmos amenazan con filtrar las confesiones realizadas al abogado<\/a>\n\n\n\n\n\n\n<div class=\"wprss-feed-meta\">\n            <span class=\"feed-source\">\n            Source:\n\n                            Distrito Emprendedores\n                    <\/span>\n    \n            <span class=\"feed-date\">\n            Published on 2026-03-01\n        <\/span>\n    \n    <\/div>\n\n\n\n\n\n            \n        <\/li>\n                    <li class=\"wpra-item feed-item \">\n            \n            \n\n    <a  href=\"https:\/\/distritoemprendedores.es\/blog\/las-startups-que-mas-innovan-en-el-mundo\/\" target=\"_blank\" rel=\"nofollow\" class=\"\">Las startups que m\u00e1s innovan en el mundo<\/a>\n\n\n\n\n\n\n<div class=\"wprss-feed-meta\">\n            <span class=\"feed-source\">\n            Source:\n\n                            Distrito Emprendedores\n                    <\/span>\n    \n            <span class=\"feed-date\">\n            Published on 2026-02-28\n        <\/span>\n    \n    <\/div>\n\n\n\n\n\n            \n        <\/li>\n                    <li class=\"wpra-item feed-item \">\n            \n            \n\n    <a  href=\"https:\/\/distritoemprendedores.es\/blog\/tiktok-genera-31-000-millones-de-euros-para-las-empresas-europeas-y-3-000-millones-en-espana\/\" target=\"_blank\" rel=\"nofollow\" class=\"\">TikTok genera 31.000 millones de euros para las empresas europeas y 3.000 millones en Espa\u00f1a<\/a>\n\n\n\n\n\n\n<div class=\"wprss-feed-meta\">\n            <span class=\"feed-source\">\n            Source:\n\n                            Distrito Emprendedores\n                    <\/span>\n    \n            <span class=\"feed-date\">\n            Published on 2026-02-27\n        <\/span>\n    \n    <\/div>\n\n\n\n\n\n            \n        <\/li>\n                    <li class=\"wpra-item feed-item \">\n            \n            \n\n    <a  href=\"https:\/\/distritoemprendedores.es\/blog\/amazon-planea-un-marketplace-para-hacer-de-puente-entre-los-publishers-y-las-empresas-de-ia\/\" target=\"_blank\" rel=\"nofollow\" class=\"\">Amazon planea un \u00abmarketplace\u00bb para hacer de puente entre los \u00abpublishers\u00bb y las empresas de IA<\/a>\n\n\n\n\n\n\n<div class=\"wprss-feed-meta\">\n            <span class=\"feed-source\">\n            Source:\n\n                            Distrito Emprendedores\n                    <\/span>\n    \n            <span class=\"feed-date\">\n            Published on 2026-02-26\n        <\/span>\n    \n    <\/div>\n\n\n\n\n\n            \n        <\/li>\n        <\/ul>\n\n        \n<\/div>\n\n<\/div>\n\n<hr>\n<p>Cuando hablamos de Marca Personal y de diferenciaci\u00f3n, todo empieza por intentar algo. Y si hay algo que no te hace sobresalir y destacar es quedarte con los brazos cruzados. Salvo que lo conviertas en una obra de arte&nbsp;<a href=\"https:\/\/www.abc.es\/cultura\/arte\/abci-marina-abramovic-estara-sentada-mas-horas-moma-201003170300-114239720660_noticia.html\" target=\"_blank\" rel=\"noreferrer noopener\">como hace Marina Abramovi\u0107<\/a>.<\/p>\n<p>Lo mejor de todo es que no va a pasar nada por intentarlo. Tras casi dos mil posts en este blog, muchos art\u00edculos, varios libros y montones de conferencias y talleres en los que he dicho lo que he querido, nunca me ha pasado nada malo, todo lo contrario, cada ocasi\u00f3n me ha ayudado a mejorar un poquito.<\/p>\n<h4>Es dif\u00edcil ser aut\u00e9ntico si tratas de ser perfecto<\/h4>\n<p>Otro de los t\u00f3picos que se repiten al hablar de Branding Personal es el de la autenticidad, pero creo que no hay nada m\u00e1s falso que la perfecci\u00f3n.<\/p>\n<p>Si alcanzar la perfecci\u00f3n es algo que s\u00f3lo han conseguido algunos personajes m\u00edticos y m\u00edsticos a lo largo de la historia (y eso es algo que habr\u00eda que ver) empe\u00f1arte en mostrarte como alguien que todo lo hace bien, te convierte en alguien rid\u00edculo.<\/p>\n<p>No hay m\u00e1s que ver lo pat\u00e9tico que llega a ser revisar algunos perfiles de Instagram o LinkedIn o ver como se quieren mostrar algunos personajes populares.<\/p>\n<p>Salvo&nbsp;<a href=\"https:\/\/as.com\/masdeporte\/2020\/07\/17\/polideportivo\/1594989989_865923.html\" target=\"_blank\" rel=\"noreferrer noopener\">Nadia Comaneci<\/a>, nadie es capaz de conseguir un 10 en todo, aunque como suele ocurrir, en otros aspectos de su vida, la cosa no fue tan perfecta. As\u00ed que, si te empe\u00f1as es transmitir una imagen perfecta, lo m\u00e1s probable es que consigas que nadie te crea\u2026 ni te quiera.<\/p>\n<h4>Es dif\u00edcil sintonizar si tratas de ser perfecto<\/h4>\n<p>Yo no s\u00e9 t\u00fa, pero a mi, la gente perfecta me genera m\u00e1s antipat\u00eda que conexi\u00f3n. Ya he dicho aqu\u00ed que no soy de los que pone el fracaso en un pedestal. Fracasar es una mierda, y si se puede evitar, mejor.<\/p>\n<p>Pero para conectar con alguien tienes que encontrar elementos comunes, sentir que eres \u201cuno de los suyos\u201d y eso es complicado si no se percibe ni una arruga, ni un pecadillo, ni una metedura de pata.<\/p>\n<h4>Es muy estresante tratar de ser perfecto<\/h4>\n<p>Debe ser muy jodido tratar de hacerlo todo bien y, todav\u00eda m\u00e1s, tratar de que parezca que lo haces todo bien. Supongo que un perfeccionista es un candidato firme a una \u00falcera, un infarto, a un divorcio o al suicidio. Es m\u00e1s, creo que esa presi\u00f3n, lo que consigue, adem\u00e1s de la par\u00e1lisis es que la posibilidad de error aumente.<\/p>\n<p>Siempre he dicho que soy un tipo Notable, porque en el colegio, a pesar de que me esforzaba, no era de la \u00e9lite del Sobresaliente. Pues creo que en la vida deber\u00edamos tratar de ser de Notable, es decir, que nos metamos la presi\u00f3n suficiente como para mantener un nivel digno de media pero sin obsesionarnos por la Matr\u00edcula de Honor\u2026 aunque haya facetas en las que podamos acercarnos porque nos sale de forma natural.<\/p>\n<p>Las cosas se est\u00e1n poniendo complicadas y creo que el mundo necesita personas que hagan cosas YA en lugar de esperar indefinidamente a que queden perfectas. Y si lo intentas y persistes, habr\u00e1 momentos en los que posiblemente te acerques mucho.<\/p>\n<p><a href=\"https:\/\/www.andresperezortega.com\/\"><em>Andres Perez Ortega<\/em><\/a><\/p>\n<div id=\"telet-1732624433\" class=\"telet-despues-del-contenido telet-entity-placement\"><a target=\"_blank\" href=\"\/\/aff.lucushost.com\/resources\/click\/?n=gDxoXMAJ&aff=756\"><img decoding=\"async\" border=\"0\" alt=\"LucusHost, el mejor hosting\" src=\"\/\/aff.lucushost.com\/resources\/banners\/?zoneid=5123&n=gDxoXMAJ&aff=756\" \/><\/a><\/div>","protected":false},"excerpt":{"rendered":"<p>\u201cSi, yo quiero hacer mi p\u00e1gina web, pero quiero que quede perfecta\u201d, \u201cYa s\u00e9 que hay que conocer a otros profesionales en eventos de&nbsp;Networking, pero no s\u00e9 si voy a&hellip; <\/p>\n","protected":false},"author":1,"featured_media":2760,"comment_status":"open","ping_status":"open","sticky":false,"template":"","format":"standard","meta":{"_jetpack_memberships_contains_paid_content":false,"footnotes":"","_links_to":"","_links_to_target":""},"categories":[1],"tags":[15,14],"class_list":["post-2759","post","type-post","status-publish","format-standard","has-post-thumbnail","hentry","category-telesecretarias","tag-fuprisa","tag-jose-manuel-fuentes-prieto"],"nelio_content":{"autoShareEndMode":"never","automationSources":{"useCustomSentences":false,"customSentences":[]},"efiAlt":"","efiUrl":"","followers":[1],"highlights":[],"isAutoShareEnabled":true,"networkImageIds":[],"permalinkQueryArgs":[],"series":[],"suggestedReferences":[]},"jetpack_featured_media_url":"https:\/\/teletrabajoynegocios.com\/telesecretarias\/wp-content\/uploads\/sites\/2\/2020\/12\/invierno.jpg","jetpack_sharing_enabled":true,"_links":{"self":[{"href":"https:\/\/teletrabajoynegocios.com\/telesecretarias\/wp-json\/wp\/v2\/posts\/2759","targetHints":{"allow":["GET"]}}],"collection":[{"href":"https:\/\/teletrabajoynegocios.com\/telesecretarias\/wp-json\/wp\/v2\/posts"}],"about":[{"href":"https:\/\/teletrabajoynegocios.com\/telesecretarias\/wp-json\/wp\/v2\/types\/post"}],"author":[{"embeddable":true,"href":"https:\/\/teletrabajoynegocios.com\/telesecretarias\/wp-json\/wp\/v2\/users\/1"}],"replies":[{"embeddable":true,"href":"https:\/\/teletrabajoynegocios.com\/telesecretarias\/wp-json\/wp\/v2\/comments?post=2759"}],"version-history":[{"count":1,"href":"https:\/\/teletrabajoynegocios.com\/telesecretarias\/wp-json\/wp\/v2\/posts\/2759\/revisions"}],"predecessor-version":[{"id":2761,"href":"https:\/\/teletrabajoynegocios.com\/telesecretarias\/wp-json\/wp\/v2\/posts\/2759\/revisions\/2761"}],"wp:featuredmedia":[{"embeddable":true,"href":"https:\/\/teletrabajoynegocios.com\/telesecretarias\/wp-json\/wp\/v2\/media\/2760"}],"wp:attachment":[{"href":"https:\/\/teletrabajoynegocios.com\/telesecretarias\/wp-json\/wp\/v2\/media?parent=2759"}],"wp:term":[{"taxonomy":"category","embeddable":true,"href":"https:\/\/teletrabajoynegocios.com\/telesecretarias\/wp-json\/wp\/v2\/categories?post=2759"},{"taxonomy":"post_tag","embeddable":true,"href":"https:\/\/teletrabajoynegocios.com\/telesecretarias\/wp-json\/wp\/v2\/tags?post=2759"}],"curies":[{"name":"wp","href":"https:\/\/api.w.org\/{rel}","templated":true}]}}