{"id":2775,"date":"2020-12-30T11:07:52","date_gmt":"2020-12-30T10:07:52","guid":{"rendered":"https:\/\/teletrabajoynegocios.com\/telesecretarias\/?p=2775"},"modified":"2020-12-15T10:12:09","modified_gmt":"2020-12-15T09:12:09","slug":"lo-que-debes-saber-si-haces-una-factura-por-primera-vez","status":"publish","type":"post","link":"https:\/\/teletrabajoynegocios.com\/telesecretarias\/lo-que-debes-saber-si-haces-una-factura-por-primera-vez\/","title":{"rendered":"Lo que debes saber si haces una factura por primera vez"},"content":{"rendered":"<div id=\"telet-3194993442\" class=\"telet-antes-del-contenido telet-entity-placement\"><a href=\"https:\/\/quaderno.io\/?via=jose-manuel94\" aria-label=\"Quaderno General (Spanish) &#8211; 728&#215;90\"><img loading=\"lazy\" decoding=\"async\" src=\"https:\/\/teletrabajoynegocios.com\/telesecretarias\/wp-content\/uploads\/sites\/2\/2020\/11\/Quaderno-General-Spanish-728x90-1.png\" alt=\"\"  srcset=\"https:\/\/teletrabajoynegocios.com\/telesecretarias\/wp-content\/uploads\/sites\/2\/2020\/11\/Quaderno-General-Spanish-728x90-1.png 728w, https:\/\/teletrabajoynegocios.com\/telesecretarias\/wp-content\/uploads\/sites\/2\/2020\/11\/Quaderno-General-Spanish-728x90-1-300x37.png 300w\" sizes=\"(max-width: 728px) 100vw, 728px\" width=\"728\" height=\"90\"   \/><\/a><\/div><p>Una factura es un documento mercantil o comercial que registra la informaci\u00f3n relativa a la adquisici\u00f3n de un bien o la contrataci\u00f3n de un servicio profesional y el importe de los mismos., es decir, una relaci\u00f3n de compraventa.<\/p>\n<h4>Qui\u00e9n est\u00e1 obligado a emitir facturas<\/h4>\n<p>La Agencia Tributaria recuerda la obligaci\u00f3n de emitir facturas y copia de esta a todos los empresarios y profesionales \u201cpor las entregas de bienes y prestaciones de servicios que realicen en desarrollo de su actividad y a conservar copia de la misma. Tambi\u00e9n deben expedir factura en los supuestos de pagos anticipados, excepto en las entregas intracomunitarias de bienes exentas\u201d.<\/p>\n<p>En cualquier caso caso, los empresarios y profesionales est\u00e1n obligados a emitir una factura en los siguientes supuestos:<\/p>\n<p>-Cuando el destinatario sea un empresario o profesional y act\u00fae como tal.<br \/>\n-Cuando el destinatario de la obligaci\u00f3n lo exija.<br \/>\n-Exportaciones de bienes exentas de IVA (salvo las realizadas en tiendas libres de impuestos).<br \/>\n-Entregas intracomunitarias de bienes exentas de IVA.<br \/>\n-Cuando el destinatario sea una Administraci\u00f3n P\u00fablica o una persona jur\u00eddica que no act\u00fae como empresario o profesional.<br \/>\n-Determinadas entregas de bienes objeto de instalaci\u00f3n o montaje antes de su puesta a disposici\u00f3n, cuando aquella se ultime en el territorio de aplicaci\u00f3n del impuesto.<br \/>\n-Ventas a distancia y entregas de bienes objeto de Impuestos Especiales, cuando se entiendan realizadas en el territorio de aplicaci\u00f3n del impuesto.<\/p>\n<h4>Qu\u00e9 informaci\u00f3n debe incluir<\/h4>\n<p>Como datos principales de deber\u00e1 contener cualquier factura se encuentran:<\/p>\n<p><strong>-Datos identificativos del profesional<\/strong>&nbsp;que aporta los servicios Se refiera al nombre y apellido, direcci\u00f3n de domicilio y NFI.<\/p>\n<p><strong>-N\u00famero de factura<\/strong>: Las facturas que emitamos deber\u00e1n tener una numeraci\u00f3n de manera correlativa. No se pueden cometer saltos u omisiones en la serie.<\/p>\n<p><strong>T\u00edtulo<\/strong>: Al n\u00famero de la serie le antecede del t\u00edtulo con la palabra \u2018Factura\u2019 especificando el car\u00e1cter del documento. Por ejemplo: Factura: 127<\/p>\n<p><strong>-Fecha de emisi\u00f3n:<\/strong> Las fechas de las facturas tambi\u00e9n deben de ir acorde a su numeraci\u00f3n de manera que, siguiendo con el ejemplo anterior, la factura n\u00ba 127 deber\u00e1 llevar una fecha posterior a la que de n\u00ba 126.<\/p>\n<hr>\n<p><img decoding=\"async\" src=\"https:\/\/teletrabajoynegocios.com\/teletrabajador\/wp-content\/uploads\/sites\/3\/2020\/07\/articulos.png\"><\/p>\n<div class=\"wp-rss-template-container\" data-wpra-template=\"default\" data-template-ctx=\"W10=\">\n    <div class=\"wp-rss-aggregator wpra-list-template  \" data-page=\"1\">\n    \n    \n<ul class=\"wpra-item-list rss-aggregator wpra-item-list--bullets wpra-item-list--default\"\n    start=\"1\">\n                        <li class=\"wpra-item feed-item \">\n            \n            \n\n    <a  href=\"https:\/\/distritoemprendedores.com\/blog\/2026\/03\/16\/hello-world\/\" target=\"_blank\" rel=\"nofollow\" class=\"\">Hello world!<\/a>\n\n\n\n\n\n\n<div class=\"wprss-feed-meta\">\n            <span class=\"feed-source\">\n            Source:\n\n                            Distrito Emprendedores\n                    <\/span>\n    \n            <span class=\"feed-date\">\n            Published on 2026-03-16\n        <\/span>\n    \n    <\/div>\n\n\n\n\n\n            \n        <\/li>\n                    <li class=\"wpra-item feed-item \">\n            \n            \n\n    <a  href=\"https:\/\/www.dropbox.com\/scl\/fi\/b6csvpbfxu24vaezmo3es\/62bed0634df20e5ef35346439fdd423f_franquicias.pdf?rlkey=mfp2795s4n89mw35l0yeu2vl5&amp;e=2&amp;st=57kabuy0&amp;dl=0#new_tab\" target=\"_blank\" rel=\"nofollow\" class=\"\">Las franquicias espa\u00f1olas duplican su presencia en mercados for\u00e1neos<\/a>\n\n\n\n\n\n\n<div class=\"wprss-feed-meta\">\n            <span class=\"feed-source\">\n            Source:\n\n                            Distrito Emprendedores\n                    <\/span>\n    \n            <span class=\"feed-date\">\n            Published on 2026-03-11\n        <\/span>\n    \n    <\/div>\n\n\n\n\n\n            \n        <\/li>\n                    <li class=\"wpra-item feed-item \">\n            \n            \n\n    <a  href=\"https:\/\/distritoemprendedores.es\/blog\/5-errores-fatales-al-internacionalizar-tu-franquicia\/\" target=\"_blank\" rel=\"nofollow\" class=\"\">5 errores fatales al internacionalizar tu franquicia<\/a>\n\n\n\n\n\n\n<div class=\"wprss-feed-meta\">\n            <span class=\"feed-source\">\n            Source:\n\n                            Distrito Emprendedores\n                    <\/span>\n    \n            <span class=\"feed-date\">\n            Published on 2026-03-10\n        <\/span>\n    \n    <\/div>\n\n\n\n\n\n            \n        <\/li>\n                    <li class=\"wpra-item feed-item \">\n            \n            \n\n    <a  href=\"https:\/\/distritoemprendedores.es\/blog\/un-nuevo-prime-time-para-las-marcas-afterwork-tardeo-y-futbol-se-consolidan-como-los-grandes-motores-del-consumo-experiencial\/\" target=\"_blank\" rel=\"nofollow\" class=\"\">Un nuevo prime time para las marcas: afterwork, tardeo y f\u00fatbol se consolidan como los grandes motores del consumo experiencial<\/a>\n\n\n\n\n\n\n<div class=\"wprss-feed-meta\">\n            <span class=\"feed-source\">\n            Source:\n\n                            Distrito Emprendedores\n                    <\/span>\n    \n            <span class=\"feed-date\">\n            Published on 2026-03-09\n        <\/span>\n    \n    <\/div>\n\n\n\n\n\n            \n        <\/li>\n                    <li class=\"wpra-item feed-item \">\n            \n            \n\n    <a  href=\"https:\/\/distritoemprendedores.es\/blog\/la-ventaja-competitiva-esta-en-entender-como-pregunta-el-consumidor\/\" target=\"_blank\" rel=\"nofollow\" class=\"\">La ventaja competitiva est\u00e1 en entender c\u00f3mo pregunta el consumidor<\/a>\n\n\n\n\n\n\n<div class=\"wprss-feed-meta\">\n            <span class=\"feed-source\">\n            Source:\n\n                            Distrito Emprendedores\n                    <\/span>\n    \n            <span class=\"feed-date\">\n            Published on 2026-03-08\n        <\/span>\n    \n    <\/div>\n\n\n\n\n\n            \n        <\/li>\n                    <li class=\"wpra-item feed-item \">\n            \n            \n\n    <a  href=\"https:\/\/distritoemprendedores.es\/blog\/solo-el-7-de-los-espanoles-cree-a-las-marcas-cuando-comunican-sus-valores-con-hechos-demostrables\/\" target=\"_blank\" rel=\"nofollow\" class=\"\">Solo el 7% de los espa\u00f1oles cree a las marcas cuando comunican sus valores con hechos demostrables<\/a>\n\n\n\n\n\n\n<div class=\"wprss-feed-meta\">\n            <span class=\"feed-source\">\n            Source:\n\n                            Distrito Emprendedores\n                    <\/span>\n    \n            <span class=\"feed-date\">\n            Published on 2026-03-07\n        <\/span>\n    \n    <\/div>\n\n\n\n\n\n            \n        <\/li>\n                    <li class=\"wpra-item feed-item \">\n            \n            \n\n    <a  href=\"https:\/\/distritoemprendedores.es\/blog\/el-38-de-las-empresas-creadas-en-2019-ha-echado-ya-el-cierre\/\" target=\"_blank\" rel=\"nofollow\" class=\"\">El 38% de las empresas creadas en 2019 ha echado ya el cierre<\/a>\n\n\n\n\n\n\n<div class=\"wprss-feed-meta\">\n            <span class=\"feed-source\">\n            Source:\n\n                            Distrito Emprendedores\n                    <\/span>\n    \n            <span class=\"feed-date\">\n            Published on 2026-03-06\n        <\/span>\n    \n    <\/div>\n\n\n\n\n\n            \n        <\/li>\n                    <li class=\"wpra-item feed-item \">\n            \n            \n\n    <a  href=\"https:\/\/distritoemprendedores.es\/blog\/descubre-las-oportunidades-y-tendencias-en-el-mercado-de-la-franquicia-para-2026\/\" target=\"_blank\" rel=\"nofollow\" class=\"\">Descubre las oportunidades y tendencias en el mercado de la franquicia para 2026<\/a>\n\n\n\n\n\n\n<div class=\"wprss-feed-meta\">\n            <span class=\"feed-source\">\n            Source:\n\n                            Distrito Emprendedores\n                    <\/span>\n    \n            <span class=\"feed-date\">\n            Published on 2026-03-05\n        <\/span>\n    \n    <\/div>\n\n\n\n\n\n            \n        <\/li>\n                    <li class=\"wpra-item feed-item \">\n            \n            \n\n    <a  href=\"https:\/\/distritoemprendedores.es\/blog\/las-startups-de-salud-mas-punteras-del-mundo\/\" target=\"_blank\" rel=\"nofollow\" class=\"\">Las startups de salud m\u00e1s punteras del mundo<\/a>\n\n\n\n\n\n\n<div class=\"wprss-feed-meta\">\n            <span class=\"feed-source\">\n            Source:\n\n                            Distrito Emprendedores\n                    <\/span>\n    \n            <span class=\"feed-date\">\n            Published on 2026-03-04\n        <\/span>\n    \n    <\/div>\n\n\n\n\n\n            \n        <\/li>\n                    <li class=\"wpra-item feed-item \">\n            \n            \n\n    <a  href=\"https:\/\/distritoemprendedores.es\/blog\/puesta-en-marcha-de-un-negocio-primeros-pasos-para-validar-vender-y-controlar-la-tesoreria\/\" target=\"_blank\" rel=\"nofollow\" class=\"\">Puesta en marcha de un negocio: primeros pasos para validar, vender y controlar la tesorer\u00eda<\/a>\n\n\n\n\n\n\n<div class=\"wprss-feed-meta\">\n            <span class=\"feed-source\">\n            Source:\n\n                            Distrito Emprendedores\n                    <\/span>\n    \n            <span class=\"feed-date\">\n            Published on 2026-03-03\n        <\/span>\n    \n    <\/div>\n\n\n\n\n\n            \n        <\/li>\n                    <li class=\"wpra-item feed-item \">\n            \n            \n\n    <a  href=\"https:\/\/distritoemprendedores.es\/blog\/6-franquicias-sin-apenas-competencia-en-el-mercado\/\" target=\"_blank\" rel=\"nofollow\" class=\"\">6 franquicias sin apenas competencia en el mercado<\/a>\n\n\n\n\n\n\n<div class=\"wprss-feed-meta\">\n            <span class=\"feed-source\">\n            Source:\n\n                            Distrito Emprendedores\n                    <\/span>\n    \n            <span class=\"feed-date\">\n            Published on 2026-03-02\n        <\/span>\n    \n    <\/div>\n\n\n\n\n\n            \n        <\/li>\n                    <li class=\"wpra-item feed-item \">\n            \n            \n\n    <a  href=\"https:\/\/digistorage.es\/links\/71d78951-a420-4f5b-8de6-7b35ae7efc1c#new_tab\" target=\"_blank\" rel=\"nofollow\" class=\"\">Los algoritmos amenazan con filtrar las confesiones realizadas al abogado<\/a>\n\n\n\n\n\n\n<div class=\"wprss-feed-meta\">\n            <span class=\"feed-source\">\n            Source:\n\n                            Distrito Emprendedores\n                    <\/span>\n    \n            <span class=\"feed-date\">\n            Published on 2026-03-01\n        <\/span>\n    \n    <\/div>\n\n\n\n\n\n            \n        <\/li>\n                    <li class=\"wpra-item feed-item \">\n            \n            \n\n    <a  href=\"https:\/\/distritoemprendedores.es\/blog\/las-startups-que-mas-innovan-en-el-mundo\/\" target=\"_blank\" rel=\"nofollow\" class=\"\">Las startups que m\u00e1s innovan en el mundo<\/a>\n\n\n\n\n\n\n<div class=\"wprss-feed-meta\">\n            <span class=\"feed-source\">\n            Source:\n\n                            Distrito Emprendedores\n                    <\/span>\n    \n            <span class=\"feed-date\">\n            Published on 2026-02-28\n        <\/span>\n    \n    <\/div>\n\n\n\n\n\n            \n        <\/li>\n                    <li class=\"wpra-item feed-item \">\n            \n            \n\n    <a  href=\"https:\/\/distritoemprendedores.es\/blog\/tiktok-genera-31-000-millones-de-euros-para-las-empresas-europeas-y-3-000-millones-en-espana\/\" target=\"_blank\" rel=\"nofollow\" class=\"\">TikTok genera 31.000 millones de euros para las empresas europeas y 3.000 millones en Espa\u00f1a<\/a>\n\n\n\n\n\n\n<div class=\"wprss-feed-meta\">\n            <span class=\"feed-source\">\n            Source:\n\n                            Distrito Emprendedores\n                    <\/span>\n    \n            <span class=\"feed-date\">\n            Published on 2026-02-27\n        <\/span>\n    \n    <\/div>\n\n\n\n\n\n            \n        <\/li>\n                    <li class=\"wpra-item feed-item \">\n            \n            \n\n    <a  href=\"https:\/\/distritoemprendedores.es\/blog\/amazon-planea-un-marketplace-para-hacer-de-puente-entre-los-publishers-y-las-empresas-de-ia\/\" target=\"_blank\" rel=\"nofollow\" class=\"\">Amazon planea un \u00abmarketplace\u00bb para hacer de puente entre los \u00abpublishers\u00bb y las empresas de IA<\/a>\n\n\n\n\n\n\n<div class=\"wprss-feed-meta\">\n            <span class=\"feed-source\">\n            Source:\n\n                            Distrito Emprendedores\n                    <\/span>\n    \n            <span class=\"feed-date\">\n            Published on 2026-02-26\n        <\/span>\n    \n    <\/div>\n\n\n\n\n\n            \n        <\/li>\n        <\/ul>\n\n        \n<\/div>\n\n<\/div>\n\n<hr>\n<p><strong>-Informaci\u00f3n de la empresa o persona a la que se le dirige la factura<\/strong>&nbsp;Esta parte tambi\u00e9n hace referencia al nombre y apellido, raz\u00f3n social o direcci\u00f3n y CIF\/NIF del destinatario responsable del pago.<\/p>\n<p><strong>-Informaci\u00f3n del emisor<\/strong>: Nombre y apellidos (o raz\u00f3n social completa), NIF\/ y direcci\u00f3n postal del emisor de la factura merecedor del pago.<\/p>\n<p><strong>-Concepto de la factura.<\/strong>&nbsp;En este apartado, se describe de forma breve los servicios prestados f\u00e1cilmente identificables por parte del receptor de los mismos.<\/p>\n<p><strong>-La base imponible<\/strong>. Se especifica la base imponible, esto se refiere a la remuneraci\u00f3n que se obtendr\u00e1 sin poner las distintas clases de impuestos. Es decir, el importe bruto sin aplicar retenciones de ning\u00fan tipo. Por ejemplo: 1.000\u20ac.<\/p>\n<p><strong>-Retenci\u00f3n del IRPF<\/strong>: Corresponde al dinero descontado en cada factura en concepto del Impuesto sobre la Renta de Personas F\u00edsicas (IRPF). La retenci\u00f3n, en la mayor\u00eda de los casos, es del 15%. Siguiendo con el ejemplo anterior, de los 1.000\u20ac antes de impuestos habr\u00eda que descontar 150\u20ac.<br \/>\nRecuerdan tambi\u00e9n en&nbsp;<a href=\"https:\/\/getquipu.com\/blog\/el-iva-y-el-irpf-en-una-factura-de-autonomo\" target=\"_blank\" rel=\"noopener noreferrer\">Quipu<\/a>&nbsp;hque \u201cno todos los aut\u00f3nomos tienen que aplicar retenci\u00f3n del IRPF en sus facturas. Depende de la actividad que desarrolles:<\/p>\n<p>-\u201cSi est\u00e1s dado de alta en el primer ep\u00edgrafe IAE no tendr\u00e1s que retener IRPF en tus facturas.<br \/>\n-\u201cSi est\u00e1s dado de alta en actividades profesionales o art\u00edsticas tendr\u00e1s que retener el 15% de IRPF en cada una de las facturas que emitas\u201d.<br \/>\n-Si este es tu primer a\u00f1o de alta en el r\u00e9gimen de aut\u00f3nomos y durante los dos a\u00f1os siguientes de actividad, tendr\u00e1s que retener un 7% de IRPF.<br \/>\n-Si est\u00e1s dado de alta en actividades en estimaci\u00f3n objetiva por m\u00f3dulos, tendr\u00e1s que aplicar un 1% de retenci\u00f3n de IRPF en sus facturas.<\/p>\n<p>Si eres un aut\u00f3nomo que te dedicas a las actividades agr\u00edcolas, forestales o ganaderas tienes que aplicar una retenci\u00f3n del 2% de IRPF. A excepci\u00f3n de las actividades ganaderas de engorde porcino y avicultura que ser\u00eda de un 1% de retenci\u00f3n\u201d.<\/p>\n<p><strong>-Importe del IVA<\/strong>: En este apartado hay que recordar que existen actividades profesionales exentas de tributar el IVA como pueden ser la asistencia a personas f\u00edsicas por profesionales m\u00e9dicos y servicios sanitarios o servicios profesionales, incluidos aquellos cuya contraprestaci\u00f3n consista en derechos de autor, prestados por artistas pl\u00e1sticos, escritores, colaboradores literarios y gr\u00e1ficos, entre otros. Si es el caso, conviene especificar en el factura que est\u00e1 exenta de IVA.<\/p>\n<p>El Impuesto sobre el Valor A\u00f1adido es el impuesto que se le impone a la factura del cliente sin ser propio, este ese recaudado al cliente para posteriormente entreg\u00e1rselo a Hacienda. El tipo general de IVA es del 21% y se aplica a la mayor\u00eda de bienes y servicios. Junto a este se encuentran el IVA reducido, que es del 10% y se aplica a productos como alimentos (entre otros) y el superreducido, 4%, se aplica a productos considerados de primera necesidad o medicinas. El resultado de ese porcentaje tambi\u00e9n deber\u00e1s calcularlo y restarlo al neto o la base imposible.<\/p>\n<p><strong>Cantidad total a recibir<\/strong>. Ser\u00e1 el resultado de restar al neto la retenci\u00f3n del IRPF y sum\u00e1ndole el importe del IVA.<\/p>\n<h4>Tipos de factura<\/h4>\n<p>La Agencia Tributaria afirma que \u201chay solo dos tipos de factura\u201d: factura simplificada y factura completa.<\/p>\n<p><strong>La factura simplificada<\/strong>&nbsp;es una versi\u00f3n reducida, que s\u00f3lo se puede emitir bajo determinados supuestos claramente definidos por la Agencia Tributaria como, por ejemplo, que el importe no supere los 400 \u20ac. Puedes consultar los supuestos restantes en este&nbsp;<a href=\"https:\/\/www.agenciatributaria.es\/AEAT.internet\/Inicio\/_Segmentos_\/Empresas_y_profesionales\/Empresas\/IVA\/Obligaciones_de_facturacion\/Tipos_de_factura.shtml\" target=\"_blank\" rel=\"noopener noreferrer\">enlace<\/a>&nbsp;.<\/p>\n<p><strong>La factura completa<\/strong>&nbsp;corresponde a aquella que re\u00fane toda la informaci\u00f3n detallada arriba. Fuera de los supuestos establecidos para la factura simplificada, los empresarios o profesionales obligados a expedir factura emitir\u00e1n factura completa.<\/p>\n<p><a href=\"https:\/\/www.emprendedores.es\/\"><em>V\u00eda: Emprendedores<\/em><\/a><\/p>\n<div id=\"telet-3427914956\" class=\"telet-despues-del-contenido telet-entity-placement\"><a target=\"_blank\" href=\"\/\/aff.lucushost.com\/resources\/click\/?n=gDxoXMAJ&aff=756\"><img decoding=\"async\" border=\"0\" alt=\"LucusHost, el mejor hosting\" src=\"\/\/aff.lucushost.com\/resources\/banners\/?zoneid=5123&n=gDxoXMAJ&aff=756\" \/><\/a><\/div>","protected":false},"excerpt":{"rendered":"<p>Una factura es un documento mercantil o comercial que registra la informaci\u00f3n relativa a la adquisici\u00f3n de un bien o la contrataci\u00f3n de un servicio profesional y el importe de&hellip; <\/p>\n","protected":false},"author":1,"featured_media":2776,"comment_status":"open","ping_status":"open","sticky":false,"template":"","format":"standard","meta":{"_jetpack_memberships_contains_paid_content":false,"footnotes":"","_links_to":"","_links_to_target":""},"categories":[1],"tags":[15,14],"class_list":["post-2775","post","type-post","status-publish","format-standard","has-post-thumbnail","hentry","category-telesecretarias","tag-fuprisa","tag-jose-manuel-fuentes-prieto"],"nelio_content":{"autoShareEndMode":"never","automationSources":{"useCustomSentences":false,"customSentences":[]},"efiAlt":"","efiUrl":"","followers":[1],"highlights":[],"isAutoShareEnabled":true,"networkImageIds":[],"permalinkQueryArgs":[],"series":[],"suggestedReferences":[]},"jetpack_featured_media_url":"https:\/\/teletrabajoynegocios.com\/telesecretarias\/wp-content\/uploads\/sites\/2\/2020\/12\/carpetas.jpg","jetpack_sharing_enabled":true,"_links":{"self":[{"href":"https:\/\/teletrabajoynegocios.com\/telesecretarias\/wp-json\/wp\/v2\/posts\/2775","targetHints":{"allow":["GET"]}}],"collection":[{"href":"https:\/\/teletrabajoynegocios.com\/telesecretarias\/wp-json\/wp\/v2\/posts"}],"about":[{"href":"https:\/\/teletrabajoynegocios.com\/telesecretarias\/wp-json\/wp\/v2\/types\/post"}],"author":[{"embeddable":true,"href":"https:\/\/teletrabajoynegocios.com\/telesecretarias\/wp-json\/wp\/v2\/users\/1"}],"replies":[{"embeddable":true,"href":"https:\/\/teletrabajoynegocios.com\/telesecretarias\/wp-json\/wp\/v2\/comments?post=2775"}],"version-history":[{"count":1,"href":"https:\/\/teletrabajoynegocios.com\/telesecretarias\/wp-json\/wp\/v2\/posts\/2775\/revisions"}],"predecessor-version":[{"id":2777,"href":"https:\/\/teletrabajoynegocios.com\/telesecretarias\/wp-json\/wp\/v2\/posts\/2775\/revisions\/2777"}],"wp:featuredmedia":[{"embeddable":true,"href":"https:\/\/teletrabajoynegocios.com\/telesecretarias\/wp-json\/wp\/v2\/media\/2776"}],"wp:attachment":[{"href":"https:\/\/teletrabajoynegocios.com\/telesecretarias\/wp-json\/wp\/v2\/media?parent=2775"}],"wp:term":[{"taxonomy":"category","embeddable":true,"href":"https:\/\/teletrabajoynegocios.com\/telesecretarias\/wp-json\/wp\/v2\/categories?post=2775"},{"taxonomy":"post_tag","embeddable":true,"href":"https:\/\/teletrabajoynegocios.com\/telesecretarias\/wp-json\/wp\/v2\/tags?post=2775"}],"curies":[{"name":"wp","href":"https:\/\/api.w.org\/{rel}","templated":true}]}}