{"id":2817,"date":"2021-01-05T10:47:19","date_gmt":"2021-01-05T09:47:19","guid":{"rendered":"https:\/\/teletrabajoynegocios.com\/telesecretarias\/?p=2817"},"modified":"2021-02-02T09:15:57","modified_gmt":"2021-02-02T08:15:57","slug":"comunicacion-no-verbal-en-linkedin-que-cuentas-sin-hablar","status":"publish","type":"post","link":"https:\/\/teletrabajoynegocios.com\/telesecretarias\/comunicacion-no-verbal-en-linkedin-que-cuentas-sin-hablar\/","title":{"rendered":"Comunicaci\u00f3n no verbal en LinkedIn: \u00bfqu\u00e9 cuentas sin hablar?"},"content":{"rendered":"<div id=\"telet-1612153824\" class=\"telet-antes-del-contenido telet-entity-placement\"><a href=\"https:\/\/quaderno.io\/?via=jose-manuel94\" aria-label=\"Quaderno General (Spanish) &#8211; 728&#215;90\"><img loading=\"lazy\" decoding=\"async\" src=\"https:\/\/teletrabajoynegocios.com\/telesecretarias\/wp-content\/uploads\/sites\/2\/2020\/11\/Quaderno-General-Spanish-728x90-1.png\" alt=\"\"  srcset=\"https:\/\/teletrabajoynegocios.com\/telesecretarias\/wp-content\/uploads\/sites\/2\/2020\/11\/Quaderno-General-Spanish-728x90-1.png 728w, https:\/\/teletrabajoynegocios.com\/telesecretarias\/wp-content\/uploads\/sites\/2\/2020\/11\/Quaderno-General-Spanish-728x90-1-300x37.png 300w\" sizes=\"(max-width: 728px) 100vw, 728px\" width=\"728\" height=\"90\"   \/><\/a><\/div><section class=\"elementor-section elementor-top-section elementor-element elementor-element-5e4844c elementor-section-boxed elementor-section-height-default elementor-section-height-default\" data-id=\"5e4844c\" data-element_type=\"section\">\n<div class=\"elementor-container elementor-column-gap-default\">\n<div class=\"elementor-row\">\n<div class=\"elementor-column elementor-col-100 elementor-top-column elementor-element elementor-element-e0f86aa\" data-id=\"e0f86aa\" data-element_type=\"column\">\n<div class=\"elementor-column-wrap elementor-element-populated\">\n<div class=\"elementor-widget-wrap\">\n<div class=\"elementor-element elementor-element-9bd5a64 elementor-widget elementor-widget-text-editor\" data-id=\"9bd5a64\" data-element_type=\"widget\" data-widget_type=\"text-editor.default\">\n<div class=\"elementor-widget-container\">\n<div class=\"elementor-text-editor elementor-clearfix\">\n<p>La comunicaci\u00f3n no verbal en LinkedIn\u2026&nbsp; \u00bfA qu\u00e9 nos referimos? Bueno, lo primero y m\u00e1s importante para entender este art\u00edculo es definir qu\u00e9 es la comunicaci\u00f3n no verbal.&nbsp;&nbsp;<\/p>\n<p>Cu\u00e1ntas veces habremos o\u00eddo hablar de ella\u2026 Pero, \u00bfsabemos realmente lo que implica?&nbsp;<\/p>\n<p><strong>Pues bien, aunque existen varias maneras de definirla, la comunicaci\u00f3n no verbal es aquella comunicaci\u00f3n que se transmite a trav\u00e9s de gestos, posturas y elementos independientes de la v\u00eda ling\u00fc\u00edstica.&nbsp;<\/strong><\/p>\n<p>Quiz\u00e1s hayas o\u00eddo hablar antes de ella, quiz\u00e1s no\u2026&nbsp;<\/p>\n<p>Pero de lo que seguramente sepamos algo todos\/as es del lenguaje corporal. Flora Davis se asegur\u00f3, con la publicaci\u00f3n de su libro \u201cComunicaci\u00f3n no verbal\u201d, de que este concepto fuera conocido por la gran mayor\u00eda.&nbsp;<\/p>\n<p>Fue entonces cuando empezamos a entender que estar con los brazos cruzados denota una actitud defensiva, que ense\u00f1ar las palmas de las manos te da mayor credibilidad, que es importante saber cu\u00e1ndo estar lejos y cu\u00e1ndo estar cerca\u2026&nbsp;<\/p>\n<p>Todo influye.. Y aunque a veces no seamos conscientes ni tengamos trabajado ese aspecto de nuestra comunicaci\u00f3n, por lo menos sabemos que existe. Lo que no tenemos tan claro es que tambi\u00e9n influyen la luz, los elementos que llevemos con nosotros (una bandera, un l\u00e1piz en la mano) y la vestimenta que elegimos\u2026&nbsp;<\/p>\n<p>Y si todo esto afecta a la manera en la que nos ven los dem\u00e1s, no te extra\u00f1ar\u00e1 saber que tambi\u00e9n&nbsp;<b>afecta a la manera en la que te ven en LinkedIn\u2026&nbsp;<\/b><\/p>\n<p>Entonces, \u00bfc\u00f3mo influye la ciencia de la comunicaci\u00f3n no verbal en LinkedIn y el lenguaje corporal a la hora de elegir una buena fotograf\u00eda para tu perfil? \u00bfO para escribir un post en LinkedIn donde est\u00e9 tu imagen? \u00bfO para compartir contenido visual en LinkedIn?<\/p>\n<p>Sigue leyendo, y lo descubrir\u00e1s\u2026&nbsp;&nbsp;&nbsp;<\/p>\n<\/div>\n<\/div>\n<\/div>\n<\/div>\n<\/div>\n<\/div>\n<\/div>\n<\/div>\n<\/section>\n<section class=\"elementor-section elementor-top-section elementor-element elementor-element-e41bbf3 elementor-section-boxed elementor-section-height-default elementor-section-height-default\" data-id=\"e41bbf3\" data-element_type=\"section\">\n<div class=\"elementor-container elementor-column-gap-default\">\n<div class=\"elementor-row\">\n<div class=\"elementor-column elementor-col-100 elementor-top-column elementor-element elementor-element-1a5fe2c\" data-id=\"1a5fe2c\" data-element_type=\"column\">\n<div class=\"elementor-column-wrap elementor-element-populated\">\n<div class=\"elementor-widget-wrap\">\n<div class=\"elementor-element elementor-element-87c5a0f elementor-widget elementor-widget-text-editor\" data-id=\"87c5a0f\" data-element_type=\"widget\" data-widget_type=\"text-editor.default\">\n<div class=\"elementor-widget-container\">\n<div class=\"elementor-text-editor elementor-clearfix\">\n<h2><span id=\"1_Posturas_en_la_comunicacion_no_verbal_en_LinkedIn\"><b>1. Posturas en la comunicaci\u00f3n no verbal en LinkedIn<\/b><\/span><\/h2>\n<p><b>1.1 Posici\u00f3n de cabeza y cara<\/b><\/p>\n<h3><span id=\"i\">&nbsp;<\/span><\/h3>\n<p><b>A) Levantar la cabeza:&nbsp;<\/b>Levantar la cabeza y proyectar la barbilla hacia adelante comunica agresividad y poder, as\u00ed que ten cuidado, \u00a1que igual tus potenciales clientes no se atreven contigo!<\/p>\n<p><b>B) Ladear la cabeza:&nbsp;<\/b>es una se\u00f1al de sumisi\u00f3n al dejar expuesta la garganta. Con ello aumentas la confianza de tu interlocutor hacia ti.<\/p>\n<p><b>C) Apoyar la cara sobre las manos:&nbsp;<\/b>Demuestra inter\u00e9s por la persona que tienes en frente. En este caso no tendr\u00edamos a nadie en frente en LinkedIn, pero quien nos viera s\u00ed podr\u00eda sentirse m\u00e1s cerca de ti. Demostrar\u00e1s inter\u00e9s hacia tu cliente.<\/p>\n<p><b>D) Apoyar la barbilla sobre la mano:&nbsp;<\/b>En este caso, si la palma de tu mano est\u00e1 cerrada, denotar\u00e1s evaluaci\u00f3n. Si est\u00e1 abierta, denotar\u00e1s p\u00e9rdida de inter\u00e9s o aburrimiento.<\/p>\n<h3><span id=\"12_Posicion_de_brazos\"><b>1.2 Posici\u00f3n de brazos&nbsp;<\/b><\/span><\/h3>\n<p>Ya sabemos que en la comunicaci\u00f3n no verbal dicen que estar de brazos cruzados no quiere decir nada bueno. Suele transmitir la sensaci\u00f3n de inseguridad o estar a la defensiva (al proteger tu cuerpo). Por ello atento\/a a tus brazos:&nbsp;<\/p>\n<p><b>A) Cruzar los brazos:<\/b>&nbsp;evita sacar una foto con brazos cruzados, a menos que lo est\u00e9s acompa\u00f1ando con una sonrisa\u2026 Porque si no pensar\u00e1n que est\u00e1s a la defensiva o que es dif\u00edcil comunicarse contigo.&nbsp;<\/p>\n<p><b>B) Cruzar un solo brazo por delante para sujetar el otro brazo<\/b>: con este gesto, parecer\u00e1 que no tienes confianza en ti mismo, porque necesitas sentirte abrazado\/a.&nbsp;<\/p>\n<p><b>C) Unir las manos por detr\u00e1s de la espalda:<\/b>&nbsp;demuestra confianza y ausencia de miedo al dejar expuestos puntos d\u00e9biles. Con ello transmitir\u00e1s seguridad y confianza.&nbsp;<\/p>\n<p><b>D) Cruzar las manos por delante: parece un intento de controlarse a uno mismo, por lo tanto expresa frustraci\u00f3n o un intento de disimular el nerviosismo<\/b><\/p>\n<p>Observa la foto de Cristina Mart\u00ednez, por ejemplo:&nbsp;<\/p>\n<p><a href=\"https:\/\/teletrabajoynegocios.com\/telesecretarias\/wp-content\/uploads\/sites\/2\/2021\/01\/2-cristina-martinez-coach-liderazgo.png\"><img loading=\"lazy\" decoding=\"async\" class=\"aligncenter size-full wp-image-2818\" src=\"https:\/\/teletrabajoynegocios.com\/telesecretarias\/wp-content\/uploads\/sites\/2\/2021\/01\/2-cristina-martinez-coach-liderazgo.png\" alt=\"\" width=\"897\" height=\"590\" srcset=\"https:\/\/teletrabajoynegocios.com\/telesecretarias\/wp-content\/uploads\/sites\/2\/2021\/01\/2-cristina-martinez-coach-liderazgo.png 897w, https:\/\/teletrabajoynegocios.com\/telesecretarias\/wp-content\/uploads\/sites\/2\/2021\/01\/2-cristina-martinez-coach-liderazgo-300x197.png 300w, https:\/\/teletrabajoynegocios.com\/telesecretarias\/wp-content\/uploads\/sites\/2\/2021\/01\/2-cristina-martinez-coach-liderazgo-768x505.png 768w\" sizes=\"auto, (max-width: 897px) 100vw, 897px\" \/><\/a><\/p>\n<section class=\"elementor-section elementor-top-section elementor-element elementor-element-17411b0 elementor-section-boxed elementor-section-height-default elementor-section-height-default\" data-id=\"17411b0\" data-element_type=\"section\">\n<div class=\"elementor-container elementor-column-gap-default\">\n<div class=\"elementor-row\">\n<div class=\"elementor-column elementor-col-100 elementor-top-column elementor-element elementor-element-cf28002\" data-id=\"cf28002\" data-element_type=\"column\">\n<div class=\"elementor-column-wrap elementor-element-populated\">\n<div class=\"elementor-widget-wrap\">\n<div class=\"elementor-element elementor-element-d684661 elementor-widget elementor-widget-text-editor\" data-id=\"d684661\" data-element_type=\"widget\" data-widget_type=\"text-editor.default\">\n<div class=\"elementor-widget-container\">\n<div class=\"elementor-text-editor elementor-clearfix\">\n<p>Ves que ella tiene los brazos cruzados, pero tiene una sonrisa s\u00faper natural. Con esto intento transmitirte que no es necesario seguir al pie de la letra todo lo que se dice acerca de los gestos. Siempre hay varias combinaciones posibles. \u00a1T\u00fa puedes encontrar la tuya!&nbsp;<\/p>\n<\/div>\n<\/div>\n<\/div>\n<\/div>\n<\/div>\n<\/div>\n<\/div>\n<\/div>\n<\/section>\n<section class=\"elementor-section elementor-top-section elementor-element elementor-element-8c6df52 elementor-section-boxed elementor-section-height-default elementor-section-height-default\" data-id=\"8c6df52\" data-element_type=\"section\">\n<div class=\"elementor-container elementor-column-gap-default\">\n<div class=\"elementor-row\">\n<div class=\"elementor-column elementor-col-100 elementor-top-column elementor-element elementor-element-6e05966\" data-id=\"6e05966\" data-element_type=\"column\">\n<div class=\"elementor-column-wrap elementor-element-populated\">\n<div class=\"elementor-widget-wrap\">\n<div class=\"elementor-element elementor-element-f1bf8c2 elementor-widget elementor-widget-text-editor\" data-id=\"f1bf8c2\" data-element_type=\"widget\" data-widget_type=\"text-editor.default\">\n<div class=\"elementor-widget-container\">\n<div class=\"elementor-text-editor elementor-clearfix\">\n<h3><span id=\"13_Posicion_de_piernas\"><b>1.3 Posici\u00f3n de piernas<\/b><\/span><\/h3>\n<p>Las piernas\u2026 Otro elemento fundamental para comunicar en la comunicaci\u00f3n no verbal. Lo primero, YO NO RECOMIENDO que se vean las piernas en la fotograf\u00eda, al menos. Esta distancia es muy larga, y no se te distinguir\u00e1 bien. Pero si has optado por una foto de cuerpo entero, entonces ten esto en cuenta\u2026&nbsp;<\/p>\n<p><b>A) Piernas cruzadas<\/b>: al igual que los brazos, denotar\u00e1 una actitud cerrada y defensiva.&nbsp;<\/p>\n<p><b>B) Sentado\/a y pierna elevada apoyada en la otra<\/b>: puede transmitir que est\u00e1s dispuesto\/a a pelear en cualquier momento.&nbsp;<\/p>\n<p><b>C) Piernas muy separadas:<\/b>&nbsp;transmite dominancia y territorialidad.&nbsp;<\/p>\n<p><b>D) Sentada con las piernas enroscadas:<\/b>&nbsp;implica timidez.<\/p>\n<\/div>\n<\/div>\n<\/div>\n<\/div>\n<\/div>\n<\/div>\n<\/div>\n<\/div>\n<\/section>\n<section class=\"elementor-section elementor-top-section elementor-element elementor-element-6b3644a elementor-section-boxed elementor-section-height-default elementor-section-height-default\" data-id=\"6b3644a\" data-element_type=\"section\">\n<div class=\"elementor-container elementor-column-gap-default\">\n<div class=\"elementor-row\">\n<div class=\"elementor-column elementor-col-100 elementor-top-column elementor-element elementor-element-ab40c86\" data-id=\"ab40c86\" data-element_type=\"column\">\n<div class=\"elementor-column-wrap elementor-element-populated\">\n<div class=\"elementor-widget-wrap\">\n<div class=\"elementor-element elementor-element-52ac752 elementor-widget elementor-widget-text-editor\" data-id=\"52ac752\" data-element_type=\"widget\" data-widget_type=\"text-editor.default\">\n<div class=\"elementor-widget-container\">\n<div class=\"elementor-text-editor elementor-clearfix\">\n<h2><span id=\"2_Distancia_en_la_comunicacion_no_verbal_en_LinkedIn\"><b>2. Distancia en la comunicaci\u00f3n no verbal en LinkedIn<\/b><\/span><\/h2>\n<p>&nbsp;<\/p>\n<p>Para este apartado, hablemos primero de la prox\u00e9mica. \u00bfQu\u00e9 es la prox\u00e9mica? Este concepto sali\u00f3 a la luz por primera vez en los a\u00f1os 60 de la boca de un antrop\u00f3logo estadounidense llamado Edward T. Hall. La prox\u00e9mica es, seg\u00fan la RAE, el estudio del uso que las personas hacen del espacio en sus relaciones con los dem\u00e1s. Dependiendo de la distancia que mantengas con ciertas personas, estar\u00e1s transmitiendo una cosa u otra.&nbsp;<\/p>\n<p>&nbsp;<\/p>\n<p>As\u00ed que, cuando saquemos una foto para nuestro perfil de LinkedIn, o cuando vayamos a escoger alguna que ya tengamos, vamos a imaginar que la c\u00e1mara es nuestro cliente. Y vuelvo a repetir, no recomiendo la distancia larga.&nbsp;<b>Es mejor sacarse de cadera para arriba<\/b>. As\u00ed transmitir\u00e1s cercan\u00eda.&nbsp;&nbsp;<\/p>\n<p>&nbsp;<\/p>\n<p>\u00bfPor qu\u00e9 lo digo? Bueno, aqu\u00ed os explico qu\u00e9 quiere decir cada distancia (y al final, una infograf\u00eda):&nbsp;&nbsp;<\/p>\n<p><b>A) Distancia \u00edntima:&nbsp;<\/b>esta es la distancia que utilizas con tu familia o amigos, incluso con compa\u00f1eros de trabajo\u2026 En definitiva, con la gente de confianza. Est\u00e1s cerca de ellos\/as porque hay confianza.<\/p>\n<p>En nuestro caso, tendr\u00edamos que estar a 15 cm (o menos) de la c\u00e1mara. Para nuestro perfil, no considero esa distancia adecuada, ya que no todo el mundo est\u00e1 preparado para entablar una comunicaci\u00f3n tan \u00edntima a la primera.&nbsp;<\/p>\n<p>&nbsp;<\/p>\n<p><b>B) Distancia personal<\/b>: en mi opini\u00f3n, la m\u00e1s adecuada para LinkedIn. En este caso hablamos de una distancia de respeto, pero no demasiado lejana. Todav\u00eda no hay confianza para estar m\u00e1s cerca, pero tampoco la rechazas en el futuro.&nbsp;<\/p>\n<p>&nbsp;<\/p>\n<p>Con respecto a la c\u00e1mara, deber\u00edamos situarnos entre 50 cm y 1.20 m de ella; es decir, un plano medio (de cadera para arriba).<\/p>\n<p><b>C) Distancia social:&nbsp;<\/b>esta distancia es la que mantienes con una persona desconocida o cuando hay una tercera persona. Es una distancia prudencial en donde no hay conversaci\u00f3n.&nbsp;<\/p>\n<p>En nuestro caso, deber\u00edas situarte a 1.20 m m\u00ednimo y 3.5 m m\u00e1ximo. Muy lejos. No queremos esto con nuestros clientes en LinkedIn, as\u00ed que no te alejes mucho del objetivo de la c\u00e1mara.<b>&nbsp;<\/b><\/p>\n<p><b>D) Distancia p\u00fablica:<\/b>&nbsp;esta distancia es la m\u00e1s larga. Conociste en tener&nbsp; 3 metros y medio o m\u00e1s entre el p\u00fablico y t\u00fa. A este no le daremos mucha importancia ya que se utiliza para discursos o reuniones grupales.&nbsp;<\/p>\n<p><a href=\"https:\/\/distritoemprendedores.com\/\"><img loading=\"lazy\" decoding=\"async\" class=\"aligncenter size-full wp-image-2819\" src=\"https:\/\/teletrabajoynegocios.com\/telesecretarias\/wp-content\/uploads\/sites\/2\/2021\/01\/Proxe\u0301mica-comunicacio\u0301n-no-verbal.png\" alt=\"\" width=\"800\" height=\"1250\" srcset=\"https:\/\/teletrabajoynegocios.com\/telesecretarias\/wp-content\/uploads\/sites\/2\/2021\/01\/Proxe\u0301mica-comunicacio\u0301n-no-verbal.png 800w, https:\/\/teletrabajoynegocios.com\/telesecretarias\/wp-content\/uploads\/sites\/2\/2021\/01\/Proxe\u0301mica-comunicacio\u0301n-no-verbal-192x300.png 192w, https:\/\/teletrabajoynegocios.com\/telesecretarias\/wp-content\/uploads\/sites\/2\/2021\/01\/Proxe\u0301mica-comunicacio\u0301n-no-verbal-655x1024.png 655w, https:\/\/teletrabajoynegocios.com\/telesecretarias\/wp-content\/uploads\/sites\/2\/2021\/01\/Proxe\u0301mica-comunicacio\u0301n-no-verbal-768x1200.png 768w\" sizes=\"auto, (max-width: 800px) 100vw, 800px\" \/><\/a><\/p>\n<p>Ahora que sabes esto, \u00bfqu\u00e9 distancia vas a mantener t\u00fa?&nbsp;<\/p>\n<p>&nbsp;<\/p>\n<p>Piensa en cu\u00e1l es tu objetivo con tu \u201cp\u00fablico\u201d. \u00bfQuieres que te sientan como una persona cercana, lejana, amigable, fr\u00eda\u2026? \u00a1T\u00fa eliges qu\u00e9 comunicaci\u00f3n no verbal en LinkedIn quieres emplear!<\/p>\n<h2><span id=\"3_Gestos_en_la_comunicacion_no_verbal_en_LinkedIn\"><b>3. Gestos en la comunicaci\u00f3n no verbal en LinkedIn<\/b><\/span><\/h2>\n<p>&nbsp;<\/p>\n<h3><span id=\"31_Levantar_las_cejas\"><b>3.1 Levantar las cejas<\/b><\/span><\/h3>\n<p>Levantar las cejas normalmente denota falta de miedo. As\u00ed saludamos a veces a las personas, por lo que este gesto te puede ayudar a acercarte a tus clientes.<\/p>\n<p>&nbsp;<\/p>\n<h3><span id=\"32_Manos\"><b>3.2 Manos&nbsp;<\/b><\/span><\/h3>\n<p>Las manos en una fotograf\u00eda pueden hablar mucho. Al fin y al cabo, con ellas hacemos pr\u00e1cticamente todo en nuestro d\u00eda a d\u00eda. Por eso es importante que cuidemos bien d\u00f3nde la situamos. En la comunicaci\u00f3n no verbal en LinkedIn son un elemento clave.&nbsp;<\/p>\n<p>&nbsp;<\/p>\n<p><b>A) Manos abiertas:<\/b>&nbsp;Las manos abiertas invitan a conectar. Te est\u00e1n diciendo que te acerques, que eres bienvenido. Tambi\u00e9n denotan honestidad.&nbsp;<\/p>\n<p>&nbsp;<\/p>\n<p><b>B) Manos en los bolsillos<\/b>: indican que hay cero implicaci\u00f3n por tu parte.&nbsp;<\/p>\n<p>&nbsp;<\/p>\n<p><b>C) Entrelazar los dedos:<\/b>&nbsp;con ello puedes transmitir represi\u00f3n o ansiedad, e incluso desconfianza. Pueden pensar que tramas algo\u2026.&nbsp;<\/p>\n<p>&nbsp;<\/p>\n<p><b>D) Sujetar la otra mano por la espalda<\/b>: puede parecer que est\u00e1s intentando controlar un impulso, por lo que puede parecer que eres una persona nerviosa.&nbsp;<\/p>\n<p>&nbsp;<\/p>\n<p><b>E) Manos a las caderas<\/b>: cuando ponemos nuestras manos en la cadera, puede dar la sensaci\u00f3n de que estamos intentando aumentar nuestra presencia, y por tanto, de que intentamos dominar la situaci\u00f3n.&nbsp;<\/p>\n<p>&nbsp;<\/p>\n<h3><span id=\"33_La_sonrisa\"><b>3.3 La sonrisa&nbsp;<\/b><\/span><\/h3>\n<p>&nbsp;<\/p>\n<p>Ay, las sonrisas\u2026 En cu\u00e1ntas poes\u00edas habr\u00e1n mencionado este gesto tan natural\u2026 o falso. S\u00ed, porque la funci\u00f3n de la sonrisa en el fondo es la de crear un v\u00ednculo y generar confianza. Tiene la funci\u00f3n de acercar a quien desees\u2026 Pero est\u00e1 muy estudiada en la comunicaci\u00f3n no verbal, y ahora corremos el riesgo de caer en estos tres tipos de sonrisa:&nbsp;<\/p>\n<p>&nbsp;<\/p>\n<p><b>A) Sonrisa falsa<\/b>: \u00e9sta se sabe que es falsa cuando se eleva solamente la boca, y m\u00e1s el lado izquierdo de la boca. Es muy curioso. \u00bfSab\u00e9is por qu\u00e9 es asim\u00e9trica? Porque no surge del hemisferio derecho, que es el lado del cerebro que est\u00e1 especializado en las emociones\u2026 \u00a1Y controla la parte izquierda del cuerpo!<\/p>\n<p>&nbsp;<\/p>\n<p><b>B) Sonrisa natural<\/b>: \u00e9sta se sabe cu\u00e1ndo es natural. Ver\u00e1s las arrugas junto a los ojos o en las mejillas, incluso en la nariz. Las cejas se elevan sutilmente y da una sensaci\u00f3n de cercan\u00eda.<\/p>\n<p>&nbsp;<\/p>\n<p><b>C) Sonrisa tensa<\/b>: \u00e9sta puede ocurrir cuando no estamos acostumbrados a hacernos una sesi\u00f3n de fotos. Admito que es un poco dif\u00edcil intentar ser natural en una situaci\u00f3n as\u00ed, \u00a1pero hay que intentarlo! Porque la sonrisa tensa te apretar\u00e1 los labios y dar\u00e1 la sensaci\u00f3n de que no quieres compartir lo que tienes que ofrecer. Estar\u00e1s, sin quererlo, rechazando a tu cliente o potencial cliente.<\/p>\n<hr>\n<p><img decoding=\"async\" src=\"https:\/\/teletrabajoynegocios.com\/teletrabajador\/wp-content\/uploads\/sites\/3\/2020\/07\/articulos.png\"><\/p>\n<div class=\"wp-rss-template-container\" data-wpra-template=\"default\" data-template-ctx=\"W10=\">\n    <div class=\"wp-rss-aggregator wpra-list-template  \" data-page=\"1\">\n    \n    \n<ul class=\"wpra-item-list rss-aggregator wpra-item-list--bullets wpra-item-list--default\"\n    start=\"1\">\n                        <li class=\"wpra-item feed-item \">\n            \n            \n\n    <a  href=\"https:\/\/distritoemprendedores.com\/blog\/2026\/03\/16\/hello-world\/\" target=\"_blank\" rel=\"nofollow\" class=\"\">Hello world!<\/a>\n\n\n\n\n\n\n<div class=\"wprss-feed-meta\">\n            <span class=\"feed-source\">\n            Source:\n\n                            Distrito Emprendedores\n                    <\/span>\n    \n            <span class=\"feed-date\">\n            Published on 2026-03-16\n        <\/span>\n    \n    <\/div>\n\n\n\n\n\n            \n        <\/li>\n                    <li class=\"wpra-item feed-item \">\n            \n            \n\n    <a  href=\"https:\/\/www.dropbox.com\/scl\/fi\/b6csvpbfxu24vaezmo3es\/62bed0634df20e5ef35346439fdd423f_franquicias.pdf?rlkey=mfp2795s4n89mw35l0yeu2vl5&amp;e=2&amp;st=57kabuy0&amp;dl=0#new_tab\" target=\"_blank\" rel=\"nofollow\" class=\"\">Las franquicias espa\u00f1olas duplican su presencia en mercados for\u00e1neos<\/a>\n\n\n\n\n\n\n<div class=\"wprss-feed-meta\">\n            <span class=\"feed-source\">\n            Source:\n\n                            Distrito Emprendedores\n                    <\/span>\n    \n            <span class=\"feed-date\">\n            Published on 2026-03-11\n        <\/span>\n    \n    <\/div>\n\n\n\n\n\n            \n        <\/li>\n                    <li class=\"wpra-item feed-item \">\n            \n            \n\n    <a  href=\"https:\/\/distritoemprendedores.es\/blog\/5-errores-fatales-al-internacionalizar-tu-franquicia\/\" target=\"_blank\" rel=\"nofollow\" class=\"\">5 errores fatales al internacionalizar tu franquicia<\/a>\n\n\n\n\n\n\n<div class=\"wprss-feed-meta\">\n            <span class=\"feed-source\">\n            Source:\n\n                            Distrito Emprendedores\n                    <\/span>\n    \n            <span class=\"feed-date\">\n            Published on 2026-03-10\n        <\/span>\n    \n    <\/div>\n\n\n\n\n\n            \n        <\/li>\n                    <li class=\"wpra-item feed-item \">\n            \n            \n\n    <a  href=\"https:\/\/distritoemprendedores.es\/blog\/un-nuevo-prime-time-para-las-marcas-afterwork-tardeo-y-futbol-se-consolidan-como-los-grandes-motores-del-consumo-experiencial\/\" target=\"_blank\" rel=\"nofollow\" class=\"\">Un nuevo prime time para las marcas: afterwork, tardeo y f\u00fatbol se consolidan como los grandes motores del consumo experiencial<\/a>\n\n\n\n\n\n\n<div class=\"wprss-feed-meta\">\n            <span class=\"feed-source\">\n            Source:\n\n                            Distrito Emprendedores\n                    <\/span>\n    \n            <span class=\"feed-date\">\n            Published on 2026-03-09\n        <\/span>\n    \n    <\/div>\n\n\n\n\n\n            \n        <\/li>\n                    <li class=\"wpra-item feed-item \">\n            \n            \n\n    <a  href=\"https:\/\/distritoemprendedores.es\/blog\/la-ventaja-competitiva-esta-en-entender-como-pregunta-el-consumidor\/\" target=\"_blank\" rel=\"nofollow\" class=\"\">La ventaja competitiva est\u00e1 en entender c\u00f3mo pregunta el consumidor<\/a>\n\n\n\n\n\n\n<div class=\"wprss-feed-meta\">\n            <span class=\"feed-source\">\n            Source:\n\n                            Distrito Emprendedores\n                    <\/span>\n    \n            <span class=\"feed-date\">\n            Published on 2026-03-08\n        <\/span>\n    \n    <\/div>\n\n\n\n\n\n            \n        <\/li>\n                    <li class=\"wpra-item feed-item \">\n            \n            \n\n    <a  href=\"https:\/\/distritoemprendedores.es\/blog\/solo-el-7-de-los-espanoles-cree-a-las-marcas-cuando-comunican-sus-valores-con-hechos-demostrables\/\" target=\"_blank\" rel=\"nofollow\" class=\"\">Solo el 7% de los espa\u00f1oles cree a las marcas cuando comunican sus valores con hechos demostrables<\/a>\n\n\n\n\n\n\n<div class=\"wprss-feed-meta\">\n            <span class=\"feed-source\">\n            Source:\n\n                            Distrito Emprendedores\n                    <\/span>\n    \n            <span class=\"feed-date\">\n            Published on 2026-03-07\n        <\/span>\n    \n    <\/div>\n\n\n\n\n\n            \n        <\/li>\n                    <li class=\"wpra-item feed-item \">\n            \n            \n\n    <a  href=\"https:\/\/distritoemprendedores.es\/blog\/el-38-de-las-empresas-creadas-en-2019-ha-echado-ya-el-cierre\/\" target=\"_blank\" rel=\"nofollow\" class=\"\">El 38% de las empresas creadas en 2019 ha echado ya el cierre<\/a>\n\n\n\n\n\n\n<div class=\"wprss-feed-meta\">\n            <span class=\"feed-source\">\n            Source:\n\n                            Distrito Emprendedores\n                    <\/span>\n    \n            <span class=\"feed-date\">\n            Published on 2026-03-06\n        <\/span>\n    \n    <\/div>\n\n\n\n\n\n            \n        <\/li>\n                    <li class=\"wpra-item feed-item \">\n            \n            \n\n    <a  href=\"https:\/\/distritoemprendedores.es\/blog\/descubre-las-oportunidades-y-tendencias-en-el-mercado-de-la-franquicia-para-2026\/\" target=\"_blank\" rel=\"nofollow\" class=\"\">Descubre las oportunidades y tendencias en el mercado de la franquicia para 2026<\/a>\n\n\n\n\n\n\n<div class=\"wprss-feed-meta\">\n            <span class=\"feed-source\">\n            Source:\n\n                            Distrito Emprendedores\n                    <\/span>\n    \n            <span class=\"feed-date\">\n            Published on 2026-03-05\n        <\/span>\n    \n    <\/div>\n\n\n\n\n\n            \n        <\/li>\n                    <li class=\"wpra-item feed-item \">\n            \n            \n\n    <a  href=\"https:\/\/distritoemprendedores.es\/blog\/las-startups-de-salud-mas-punteras-del-mundo\/\" target=\"_blank\" rel=\"nofollow\" class=\"\">Las startups de salud m\u00e1s punteras del mundo<\/a>\n\n\n\n\n\n\n<div class=\"wprss-feed-meta\">\n            <span class=\"feed-source\">\n            Source:\n\n                            Distrito Emprendedores\n                    <\/span>\n    \n            <span class=\"feed-date\">\n            Published on 2026-03-04\n        <\/span>\n    \n    <\/div>\n\n\n\n\n\n            \n        <\/li>\n                    <li class=\"wpra-item feed-item \">\n            \n            \n\n    <a  href=\"https:\/\/distritoemprendedores.es\/blog\/puesta-en-marcha-de-un-negocio-primeros-pasos-para-validar-vender-y-controlar-la-tesoreria\/\" target=\"_blank\" rel=\"nofollow\" class=\"\">Puesta en marcha de un negocio: primeros pasos para validar, vender y controlar la tesorer\u00eda<\/a>\n\n\n\n\n\n\n<div class=\"wprss-feed-meta\">\n            <span class=\"feed-source\">\n            Source:\n\n                            Distrito Emprendedores\n                    <\/span>\n    \n            <span class=\"feed-date\">\n            Published on 2026-03-03\n        <\/span>\n    \n    <\/div>\n\n\n\n\n\n            \n        <\/li>\n                    <li class=\"wpra-item feed-item \">\n            \n            \n\n    <a  href=\"https:\/\/distritoemprendedores.es\/blog\/6-franquicias-sin-apenas-competencia-en-el-mercado\/\" target=\"_blank\" rel=\"nofollow\" class=\"\">6 franquicias sin apenas competencia en el mercado<\/a>\n\n\n\n\n\n\n<div class=\"wprss-feed-meta\">\n            <span class=\"feed-source\">\n            Source:\n\n                            Distrito Emprendedores\n                    <\/span>\n    \n            <span class=\"feed-date\">\n            Published on 2026-03-02\n        <\/span>\n    \n    <\/div>\n\n\n\n\n\n            \n        <\/li>\n                    <li class=\"wpra-item feed-item \">\n            \n            \n\n    <a  href=\"https:\/\/digistorage.es\/links\/71d78951-a420-4f5b-8de6-7b35ae7efc1c#new_tab\" target=\"_blank\" rel=\"nofollow\" class=\"\">Los algoritmos amenazan con filtrar las confesiones realizadas al abogado<\/a>\n\n\n\n\n\n\n<div class=\"wprss-feed-meta\">\n            <span class=\"feed-source\">\n            Source:\n\n                            Distrito Emprendedores\n                    <\/span>\n    \n            <span class=\"feed-date\">\n            Published on 2026-03-01\n        <\/span>\n    \n    <\/div>\n\n\n\n\n\n            \n        <\/li>\n                    <li class=\"wpra-item feed-item \">\n            \n            \n\n    <a  href=\"https:\/\/distritoemprendedores.es\/blog\/las-startups-que-mas-innovan-en-el-mundo\/\" target=\"_blank\" rel=\"nofollow\" class=\"\">Las startups que m\u00e1s innovan en el mundo<\/a>\n\n\n\n\n\n\n<div class=\"wprss-feed-meta\">\n            <span class=\"feed-source\">\n            Source:\n\n                            Distrito Emprendedores\n                    <\/span>\n    \n            <span class=\"feed-date\">\n            Published on 2026-02-28\n        <\/span>\n    \n    <\/div>\n\n\n\n\n\n            \n        <\/li>\n                    <li class=\"wpra-item feed-item \">\n            \n            \n\n    <a  href=\"https:\/\/distritoemprendedores.es\/blog\/tiktok-genera-31-000-millones-de-euros-para-las-empresas-europeas-y-3-000-millones-en-espana\/\" target=\"_blank\" rel=\"nofollow\" class=\"\">TikTok genera 31.000 millones de euros para las empresas europeas y 3.000 millones en Espa\u00f1a<\/a>\n\n\n\n\n\n\n<div class=\"wprss-feed-meta\">\n            <span class=\"feed-source\">\n            Source:\n\n                            Distrito Emprendedores\n                    <\/span>\n    \n            <span class=\"feed-date\">\n            Published on 2026-02-27\n        <\/span>\n    \n    <\/div>\n\n\n\n\n\n            \n        <\/li>\n                    <li class=\"wpra-item feed-item \">\n            \n            \n\n    <a  href=\"https:\/\/distritoemprendedores.es\/blog\/amazon-planea-un-marketplace-para-hacer-de-puente-entre-los-publishers-y-las-empresas-de-ia\/\" target=\"_blank\" rel=\"nofollow\" class=\"\">Amazon planea un \u00abmarketplace\u00bb para hacer de puente entre los \u00abpublishers\u00bb y las empresas de IA<\/a>\n\n\n\n\n\n\n<div class=\"wprss-feed-meta\">\n            <span class=\"feed-source\">\n            Source:\n\n                            Distrito Emprendedores\n                    <\/span>\n    \n            <span class=\"feed-date\">\n            Published on 2026-02-26\n        <\/span>\n    \n    <\/div>\n\n\n\n\n\n            \n        <\/li>\n        <\/ul>\n\n        \n<\/div>\n\n<\/div>\n\n<hr>\n<section class=\"elementor-section elementor-top-section elementor-element elementor-element-16a80c3 elementor-section-boxed elementor-section-height-default elementor-section-height-default\" data-id=\"16a80c3\" data-element_type=\"section\">\n<div class=\"elementor-container elementor-column-gap-default\">\n<div class=\"elementor-row\">\n<div class=\"elementor-column elementor-col-100 elementor-top-column elementor-element elementor-element-eed3979\" data-id=\"eed3979\" data-element_type=\"column\">\n<div class=\"elementor-column-wrap elementor-element-populated\">\n<div class=\"elementor-widget-wrap\">\n<div class=\"elementor-element elementor-element-c6cf607 elementor-widget elementor-widget-text-editor\" data-id=\"c6cf607\" data-element_type=\"widget\" data-widget_type=\"text-editor.default\">\n<div class=\"elementor-widget-container\">\n<div class=\"elementor-text-editor elementor-clearfix\">\n<h2><span id=\"4_Recomendaciones_para_fotografias\"><strong>4. Recomendaciones para fotograf\u00edas<\/strong><\/span><\/h2>\n<p>Por si acaso, voy a a\u00f1adir esta secci\u00f3n para que quede claro c\u00f3mo deber\u00eda ser una fotograf\u00eda.&nbsp;<\/p>\n<p><b>A) Solamente t\u00fa:&nbsp;<\/b>Ya lo dec\u00eda Pablo Albor\u00e1n\u2026 Y t\u00fa, y t\u00fa y solamente t\u00fa\u2026.<br \/>\n<b><br \/>\n<\/b><b>El perfil es tuyo<\/b>, de nadie m\u00e1s. Es la secci\u00f3n que habla sobre ti. No seas modesto\/a, si alguien te busca es porque te quiere ver.<\/p>\n<p><strong>B)&nbsp;<\/strong><b>Naturalidad<\/b>: ya hemos dicho antes que aunque sea dif\u00edcil, hay que intentar ser natural y espont\u00e1neo\/a. Cuanto m\u00e1s natural, m\u00e1s confianza generar\u00e1s.&nbsp;<\/p>\n<p><b>C) Tonos moderados<\/b>: es mejor que la imagen no est\u00e9 demasiado saturada o no tenga muchas sombras o iluminaci\u00f3n. Tiene que ser todo neutro.&nbsp;<\/p>\n<p><b>D) Contacto visual directo<\/b>: poco m\u00e1s hay que explicar aqu\u00ed. Sin gafas de sol, \u00a1por favor! \ud83d\ude09<\/p>\n<p><strong>E)&nbsp;<\/strong><b>Fotograf\u00eda profesional\/personal<\/b>: est\u00e1 bien que no te apetezca poner una foto en traje, pero tampoco pongas una foto de tus \u00faltimas vacaciones en M\u00e1laga. Busca ese equilibrio entre la cercan\u00eda y lo profesional.&nbsp;<\/p>\n<p><b>F) No selfies, please<\/b>: aunque cueste dinero, es mejor contratar a un profesional para que tome tus fotograf\u00edas. Los selfies se asocian a momentos de vida social privados, y no suelen tener muy buena calidad.&nbsp;<\/p>\n<p>Si todav\u00eda tienes dudas, la aplicaci\u00f3n&nbsp;<a href=\"https:\/\/www.snappr.com\/photo-analyzer\/\">Snappr<\/a>&nbsp;te da una puntuaci\u00f3n y te cuenta qu\u00e9 puedes mejorar de tu foto de perfil en LinkedIn.&nbsp;<\/p>\n<\/div>\n<\/div>\n<\/div>\n<\/div>\n<\/div>\n<\/div>\n<\/div>\n<\/div>\n<\/section>\n<section class=\"elementor-section elementor-top-section elementor-element elementor-element-9fcf776 elementor-section-boxed elementor-section-height-default elementor-section-height-default\" data-id=\"9fcf776\" data-element_type=\"section\">\n<div class=\"elementor-container elementor-column-gap-default\">\n<div class=\"elementor-row\">\n<div class=\"elementor-column elementor-col-100 elementor-top-column elementor-element elementor-element-e1316b7\" data-id=\"e1316b7\" data-element_type=\"column\">\n<div class=\"elementor-column-wrap elementor-element-populated\">\n<div class=\"elementor-widget-wrap\">\n<div class=\"elementor-element elementor-element-4baadc6 elementor-widget elementor-widget-text-editor\" data-id=\"4baadc6\" data-element_type=\"widget\" data-widget_type=\"text-editor.default\">\n<div class=\"elementor-widget-container\">\n<div class=\"elementor-text-editor elementor-clearfix\">\n<h2><span id=\"5_Fondo\"><strong>5. Fondo<\/strong><\/span><\/h2>\n<p>Ya hemos hablado de c\u00f3mo podemos controlar nuestra apariencia y nuestra fotograf\u00eda. Si todav\u00eda no lo tienes claro, en este otro art\u00edculo te explico cu\u00e1l es la foto perfecta en LinkedIn &gt;&gt;&gt;&nbsp;<a href=\"https:\/\/ingesaez.es\/foto-de-perfil-en-linkedin\/\">Clic aqu\u00ed<\/a>.&nbsp;<\/p>\n<p>Pero si ya est\u00e1s preparado\/a para pasar al siguiente punto, te pido que leas con atenci\u00f3n.&nbsp;<\/p>\n<p><b>Porque la foto es importante, pero el fondo tambi\u00e9n.&nbsp;<\/b><\/p>\n<p><b>En \u00e9l transmitiremos un mensaje, la sensaci\u00f3n de profesionalidad.&nbsp;<\/b>Es un apoyo visual para nuestro perfil.<\/p>\n<p>Puedes crear una marca coherente con el resto de tu perfil a\u00f1adiendo tus colores corporativos, tipograf\u00eda de letra y dem\u00e1s aspectos gr\u00e1ficos<\/p>\n<p>El color de fondo, su mensaje y su dise\u00f1o tambi\u00e9n son muy importantes. F\u00edjate en el m\u00edo.&nbsp;<\/p>\n<p>Un fondo blanco, un mensaje claro\u2026 Pocas distracciones, pero los colores justos que resalten. Vamos a analizar los diferentes aspectos a tener en cuenta:&nbsp;<\/p>\n<h3><span id=\"51_Color_o_imagen_de_fondo\">5.1&nbsp;<b>Color o imagen de fondo<\/b><\/span><\/h3>\n<p>Primero, empezar\u00e9 por las cosas que NO debes poner en tu imagen de fondo de LinkedIn: fotos de fiesta, fotos de tu mascota, banderas o similares. Cuando alguien te est\u00e1 buscando o cuando alguien te encuentra, es porque quiere saber de ti como profesional. Tu vida personal, si acaso, ya la conocer\u00e1 m\u00e1s tarde. De momento necesitas explicar d\u00f3nde trabajas y qu\u00e9 ofreces. Tienes que dar la sensaci\u00f3n de unidad de marca.&nbsp;<\/p>\n<p>Aprovecha para meter tu logo y colores corporativos. Eso s\u00ed, mi recomendaci\u00f3n es que no sean colores demasiado chillones o exagerados. Si utilizas esos colores, que sea para resaltar tu logo, por ejemplo, pero nada m\u00e1s.<\/p>\n<h3><span id=\"52_El_mensaje\"><b>5.2 El mensaje&nbsp;<\/b><\/span><\/h3>\n<p>Esto suele resultar lo m\u00e1s dif\u00edcil porque a veces no sabemos identificar cu\u00e1l es el n\u00facleo de nuestro mensaje. \u00bfQu\u00e9 es lo importante? Todo. \u00a1No, todo no! Siempre hay algo que es m\u00e1s importante que otro, as\u00ed que identif\u00edcalo antes de escribir tu mensaje para el fondo.&nbsp;<\/p>\n<p>Tiene que ser claro, simple\u2026 \u201cMenos\u201d. Hoy en d\u00eda tenemos cualquier informaci\u00f3n al alcance de nuestra mano. Estamos saturados de informaci\u00f3n, por lo que apreciar\u00e1n la concisi\u00f3n.&nbsp;<\/p>\n<p>Recuerda que el objetivo es que consigas que te llamen, as\u00ed que debes incluir tus datos de contacto adem\u00e1s de una llamada a la acci\u00f3n.<\/p>\n<h3><span id=\"53_La_foto_y_el_fondo\"><b>5.3 La foto y el fondo<\/b><\/span><\/h3>\n<p>Ya hemos dicho anteriormente que la fotograf\u00eda tiene que ser simple y poco llamativa.<\/p>\n<p>\u00bfNo eres dise\u00f1ador? \u00a1Yo tampoco! La herramienta que yo siempre recomiendo es Canva. Tiene plantillas predise\u00f1adas para LinkedIn. \u00c9chale un vistazo y ya ver\u00e1s como enseguida te apetece crearte una cuenta.&nbsp;<\/p>\n<p>\u00bfYa tienes claro c\u00f3mo deben ser tu foto y fondo de LinkedIn? Recuerda, aqu\u00ed estar\u00e1s vendiendo tu marca. Estar\u00e1s<b>&nbsp;transmitiendo tu valor, es tu lugar para vender<\/b>. As\u00ed que cu\u00eddalo bien. Y si tienes dudas, aqu\u00ed estoy para ayudarte.<\/p>\n<p class=\"elementor-author-box__name\"><a href=\"https:\/\/ingesaez.es\/\"><em>Inge S\u00e1ez<\/em><\/a><\/p>\n<\/div>\n<\/div>\n<\/div>\n<\/div>\n<\/div>\n<\/div>\n<\/div>\n<\/div>\n<\/section>\n<\/div>\n<\/div>\n<\/div>\n<\/div>\n<\/div>\n<\/div>\n<\/div>\n<\/div>\n<\/section>\n<\/div>\n<\/div>\n<\/div>\n<\/div>\n<\/div>\n<\/div>\n<\/div>\n<\/div>\n<\/section>\n<div id=\"telet-1122995919\" class=\"telet-despues-del-contenido telet-entity-placement\"><a target=\"_blank\" href=\"\/\/aff.lucushost.com\/resources\/click\/?n=gDxoXMAJ&aff=756\"><img decoding=\"async\" border=\"0\" alt=\"LucusHost, el mejor hosting\" src=\"\/\/aff.lucushost.com\/resources\/banners\/?zoneid=5123&n=gDxoXMAJ&aff=756\" \/><\/a><\/div>","protected":false},"excerpt":{"rendered":"<p>La comunicaci\u00f3n no verbal en LinkedIn\u2026&nbsp; \u00bfA qu\u00e9 nos referimos? Bueno, lo primero y m\u00e1s importante para entender este art\u00edculo es definir qu\u00e9 es la comunicaci\u00f3n no verbal.&nbsp;&nbsp; Cu\u00e1ntas veces&hellip; <\/p>\n","protected":false},"author":1,"featured_media":1304,"comment_status":"open","ping_status":"open","sticky":false,"template":"","format":"standard","meta":{"_jetpack_memberships_contains_paid_content":false,"footnotes":"","_links_to":"","_links_to_target":""},"categories":[11],"tags":[15,14],"class_list":["post-2817","post","type-post","status-publish","format-standard","has-post-thumbnail","hentry","category-redes-sociales","tag-fuprisa","tag-jose-manuel-fuentes-prieto"],"nelio_content":{"autoShareEndMode":"never","automationSources":{"useCustomSentences":false,"customSentences":[]},"efiAlt":"","efiUrl":"","followers":[1],"highlights":[],"isAutoShareEnabled":true,"networkImageIds":[],"permalinkQueryArgs":[],"series":[],"suggestedReferences":[]},"jetpack_featured_media_url":"https:\/\/teletrabajoynegocios.com\/telesecretarias\/wp-content\/uploads\/sites\/2\/2020\/06\/LinkedIn-Oficinas.jpg","jetpack_sharing_enabled":true,"_links":{"self":[{"href":"https:\/\/teletrabajoynegocios.com\/telesecretarias\/wp-json\/wp\/v2\/posts\/2817","targetHints":{"allow":["GET"]}}],"collection":[{"href":"https:\/\/teletrabajoynegocios.com\/telesecretarias\/wp-json\/wp\/v2\/posts"}],"about":[{"href":"https:\/\/teletrabajoynegocios.com\/telesecretarias\/wp-json\/wp\/v2\/types\/post"}],"author":[{"embeddable":true,"href":"https:\/\/teletrabajoynegocios.com\/telesecretarias\/wp-json\/wp\/v2\/users\/1"}],"replies":[{"embeddable":true,"href":"https:\/\/teletrabajoynegocios.com\/telesecretarias\/wp-json\/wp\/v2\/comments?post=2817"}],"version-history":[{"count":1,"href":"https:\/\/teletrabajoynegocios.com\/telesecretarias\/wp-json\/wp\/v2\/posts\/2817\/revisions"}],"predecessor-version":[{"id":2820,"href":"https:\/\/teletrabajoynegocios.com\/telesecretarias\/wp-json\/wp\/v2\/posts\/2817\/revisions\/2820"}],"wp:featuredmedia":[{"embeddable":true,"href":"https:\/\/teletrabajoynegocios.com\/telesecretarias\/wp-json\/wp\/v2\/media\/1304"}],"wp:attachment":[{"href":"https:\/\/teletrabajoynegocios.com\/telesecretarias\/wp-json\/wp\/v2\/media?parent=2817"}],"wp:term":[{"taxonomy":"category","embeddable":true,"href":"https:\/\/teletrabajoynegocios.com\/telesecretarias\/wp-json\/wp\/v2\/categories?post=2817"},{"taxonomy":"post_tag","embeddable":true,"href":"https:\/\/teletrabajoynegocios.com\/telesecretarias\/wp-json\/wp\/v2\/tags?post=2817"}],"curies":[{"name":"wp","href":"https:\/\/api.w.org\/{rel}","templated":true}]}}