{"id":2905,"date":"2021-01-15T10:30:51","date_gmt":"2021-01-15T09:30:51","guid":{"rendered":"https:\/\/teletrabajoynegocios.com\/telesecretarias\/?p=2905"},"modified":"2021-01-13T09:34:57","modified_gmt":"2021-01-13T08:34:57","slug":"como-quererse-a-uno-mismo-en-8-pasos","status":"publish","type":"post","link":"https:\/\/teletrabajoynegocios.com\/telesecretarias\/como-quererse-a-uno-mismo-en-8-pasos\/","title":{"rendered":"C\u00f3mo quererse a uno mismo en 8 pasos"},"content":{"rendered":"<div id=\"telet-1496083828\" class=\"telet-antes-del-contenido telet-entity-placement\"><a href=\"https:\/\/quaderno.io\/?via=jose-manuel94\" aria-label=\"Quaderno General (Spanish) &#8211; 728&#215;90\"><img loading=\"lazy\" decoding=\"async\" src=\"https:\/\/teletrabajoynegocios.com\/telesecretarias\/wp-content\/uploads\/sites\/2\/2020\/11\/Quaderno-General-Spanish-728x90-1.png\" alt=\"\"  srcset=\"https:\/\/teletrabajoynegocios.com\/telesecretarias\/wp-content\/uploads\/sites\/2\/2020\/11\/Quaderno-General-Spanish-728x90-1.png 728w, https:\/\/teletrabajoynegocios.com\/telesecretarias\/wp-content\/uploads\/sites\/2\/2020\/11\/Quaderno-General-Spanish-728x90-1-300x37.png 300w\" sizes=\"(max-width: 728px) 100vw, 728px\" width=\"728\" height=\"90\"   \/><\/a><\/div><p>El gran Oscar Wide dec\u00eda que amarse a uno mismo es el comienzo de un romance de por vida. Y qu\u00e9 raz\u00f3n ten\u00eda.&nbsp;<\/p>\n<p>Si algo est\u00e1 claro en esta vida es que cada uno de nosotros estar\u00e1 acompa\u00f1ado durante toda su vida por s\u00ed mismo. Esto es algo tan obvio pero que olvidamos tan a menudo\u2026<\/p>\n<p>Tenemos una fijaci\u00f3n con lo que piensan los dem\u00e1s sobre las cosas que hacemos, decimos o c\u00f3mo vivimos. Sin darnos cuenta de que, por encima de todo,&nbsp;<strong>tenemos que estar a gusto con nosotros mismos.<\/strong><\/p>\n<p>Amarnos como somos para poder presentarnos ante el mundo de una forma sincera.<\/p>\n<p>Y a menudo obramos al rev\u00e9s: sobrevaloramos lo que no somos; y, en cambio, subestimamos lo que somos.<\/p>\n<p><strong>El amor hacia uno mismo, el amor propio, es la fuente para el amor hacia los dem\u00e1s.<\/strong>&nbsp;Aqu\u00ed radica nuestra posici\u00f3n ante la vida y nuestro propio bienestar.<\/p>\n<blockquote class=\"wp-block-quote\"><p>Amarse a uno mismo es el m\u00e1s primario de todos los mecanismos de supervivencia.<\/p>\n<p><cite>Karen Hackel<\/cite><\/p><\/blockquote>\n<h2><span id=\"que_significa_quererse_a_uno_mismo\">\u00bfQu\u00e9 significa quererse a uno mismo?<\/span><\/h2>\n<p>Quererse a uno mismo implica directamente tratarse con amor y no auto sabotearse con pensamientos negativos.<\/p>\n<p>Pero esto es la consecuencia. Para que ese buen trato hacia uno mismo se d\u00e9, hay que&nbsp;<strong><a href=\"https:\/\/www.lifestylealcuadrado.com\/borja-vilaseca-como-conocerte-a-ti-mismo\/\" target=\"_blank\" rel=\"noreferrer noopener\">conocerse muy bien<\/a>&nbsp;y trabajar la autoestima<\/strong>.<\/p>\n<p>Conocerse bien significa que has hecho los deberes: trabajar el autodescubrimiento, saber cu\u00e1les son las debilidades y fortalezas de cada uno; conocer las propias emociones y saber canalizarlas.<\/p>\n<p>De esa forma, ser capaz de mostrar la mejor versi\u00f3n de cada uno, de saber explotar el potencial personal y proyectarnos hacia el resto tal y como somos.<\/p>\n<p><strong>El autoconocimiento implica la aceptaci\u00f3n de c\u00f3mo somos<\/strong>, de aprender constantemente de la vida, con compromiso y honestidad.<\/p>\n<p><strong>Respetarnos y amarnos como somos<\/strong>.<\/p>\n<p>Y as\u00ed podremos amar a los dem\u00e1s.&nbsp;<strong>Porque no hay amor posible hacia el resto si no nos amamos primero a nosotros mismos<\/strong>.<\/p>\n<p>No hacerlo solo traer\u00e1 consecuencias negativas, porque ni nos aceptaremos, ni generaremos pensamientos positivos hacia nosotros mismos.<\/p>\n<p>Y eso significa tener una baja autoestima.<\/p>\n<h2><span id=\"por_que_es_importante_el_amor_propio\">\u00bfPor qu\u00e9 es importante el amor propio?<\/span><\/h2>\n<p><strong>El amor propio es el punto del que partimos para ser capaces de respetar y amar tambi\u00e9n a los dem\u00e1s<\/strong>. Porque nos sit\u00faa en un estado concreto y genera bienestar.<\/p>\n<p>As\u00ed nos protege a nivel psicol\u00f3gico.<\/p>\n<p>Amarse a uno mismo nos permite ser como somos, dejarnos llevar y disfrutar de la vida, ser aut\u00e9nticos.<\/p>\n<p><strong>No sentir amor por uno mismo hace que nos perdamos<\/strong>, intentando ser lo que no somos, mintiendo a los dem\u00e1s y, peor a\u00fan, a nosotros mismos.<\/p>\n<p><strong>El amor propio nos hace madurar<\/strong>, ser conscientes de lo que somos y de lo que tenemos. Aceptarlo y estar preparados para mejorarlo, pero desde la&nbsp;<strong>consciencia<\/strong>.<\/p>\n<p>As\u00ed es como el amor propio nos permite buscar la simplicidad, con honestidad.<\/p>\n<p>Ser sinceros con nosotros mismos y dejar de buscar metas para las que no estamos preparados.&nbsp;<\/p>\n<p>Es la diferencia entre el inconformismo, pensando que la vida no nos da cosas buenas como al resto de personas; de pensar en lo que los dem\u00e1s consiguen y nosotros no alcanzamos.<\/p>\n<p>En el polo opuesto,&nbsp;<strong>se trata de vivir con plenitud&nbsp;<\/strong>y abordar los proyectos con la confianza de que lo que se hace es lo que se desea, de que estamos en el momento justo para hacerlo.<\/p>\n<p>El amor propio es lo opuesto al ego\u00edsmo.<\/p>\n<p><strong>Las personas ego\u00edstas no se aman a s\u00ed mismas.<\/strong><\/p>\n<p>Est\u00e1n ancladas en el beneficio propio por encima de los dem\u00e1s, pero en realidad solo enmascaran una necesidad de conocerse y de amarse a s\u00ed mismos.<\/p>\n<p><strong>Cuando una persona tiene amor propio, es capaz de amar a los dem\u00e1s<\/strong>.<\/p>\n<h2><span id=\"como_quererse_a_uno_mismo\">C\u00f3mo quererse a uno mismo<\/span><\/h2>\n<p>Aprender a quererse a uno mismo no es una tarea que se estudie en un manual, de un d\u00eda para otro.<\/p>\n<p>Es un&nbsp;<strong>proceso que lleva toda la vida, que se practica d\u00eda a d\u00eda<\/strong>&nbsp;y que se inicia en la infancia, cuando construimos la imagen que tenemos de nosotros mismos, en base a la valoraci\u00f3n que recibimos de los dem\u00e1s.<\/p>\n<blockquote class=\"wp-block-quote\"><p>El entorno es en nuestros primeros a\u00f1os de vida, determinante.<\/p><\/blockquote>\n<p>Con los a\u00f1os, podemos corregir y trabajar para cambiar esa percepci\u00f3n hacia nosotros mismos y trabajar la autoestima, para querernos a nosotros mismos.<\/p>\n<p>\u00bfC\u00f3mo conseguirlo?<\/p>\n<h3><span id=\"1_conocete_a_ti_mismo\">1. CON\u00d3CETE A TI MISMO<\/span><\/h3>\n<p>Te lo he mencionado m\u00e1s arriba. Se trata de hacer una introspecci\u00f3n para&nbsp;<a href=\"https:\/\/www.lifestylealcuadrado.com\/conocerse-a-uno-mismo\/\" target=\"_blank\" rel=\"noreferrer noopener\">conectar contigo mismo<\/a>, con lo que piensas, con lo que crees, con lo que eres.<\/p>\n<p><strong>Aprende a identificar tus emociones<\/strong>&nbsp;y a vivir las sensaciones e interpretarlas.<\/p>\n<p>Fijarte en ti mismo y no en lo que los dem\u00e1s creen sobre ti.<\/p>\n<h3><span id=\"2_aceptate_tal_y_como_eres\">2. AC\u00c9PTATE TAL Y COMO ERES<\/span><\/h3>\n<p>Conocerte te llevar\u00e1 a aceptarte tal y como eres.&nbsp;<strong>Con sinceridad, honestidad y franqueza.<\/strong><\/p>\n<p>As\u00ed te podr\u00e1s presentar a los dem\u00e1s, sin complejos ni pretender ser alguien que no eres.<\/p>\n<hr>\n<p><img decoding=\"async\" src=\"https:\/\/teletrabajoynegocios.com\/teletrabajador\/wp-content\/uploads\/sites\/3\/2020\/07\/articulos.png\"><\/p>\n<div class=\"wp-rss-template-container\" data-wpra-template=\"default\" data-template-ctx=\"W10=\">\n    <div class=\"wp-rss-aggregator wpra-list-template  \" data-page=\"1\">\n    \n    \n<ul class=\"wpra-item-list rss-aggregator wpra-item-list--bullets wpra-item-list--default\"\n    start=\"1\">\n                        <li class=\"wpra-item feed-item \">\n            \n            \n\n    <a  href=\"https:\/\/distritoemprendedores.com\/blog\/2026\/03\/16\/hello-world\/\" target=\"_blank\" rel=\"nofollow\" class=\"\">Hello world!<\/a>\n\n\n\n\n\n\n<div class=\"wprss-feed-meta\">\n            <span class=\"feed-source\">\n            Source:\n\n                            Distrito Emprendedores\n                    <\/span>\n    \n            <span class=\"feed-date\">\n            Published on 2026-03-16\n        <\/span>\n    \n    <\/div>\n\n\n\n\n\n            \n        <\/li>\n                    <li class=\"wpra-item feed-item \">\n            \n            \n\n    <a  href=\"https:\/\/www.dropbox.com\/scl\/fi\/b6csvpbfxu24vaezmo3es\/62bed0634df20e5ef35346439fdd423f_franquicias.pdf?rlkey=mfp2795s4n89mw35l0yeu2vl5&amp;e=2&amp;st=57kabuy0&amp;dl=0#new_tab\" target=\"_blank\" rel=\"nofollow\" class=\"\">Las franquicias espa\u00f1olas duplican su presencia en mercados for\u00e1neos<\/a>\n\n\n\n\n\n\n<div class=\"wprss-feed-meta\">\n            <span class=\"feed-source\">\n            Source:\n\n                            Distrito Emprendedores\n                    <\/span>\n    \n            <span class=\"feed-date\">\n            Published on 2026-03-11\n        <\/span>\n    \n    <\/div>\n\n\n\n\n\n            \n        <\/li>\n                    <li class=\"wpra-item feed-item \">\n            \n            \n\n    <a  href=\"https:\/\/distritoemprendedores.es\/blog\/5-errores-fatales-al-internacionalizar-tu-franquicia\/\" target=\"_blank\" rel=\"nofollow\" class=\"\">5 errores fatales al internacionalizar tu franquicia<\/a>\n\n\n\n\n\n\n<div class=\"wprss-feed-meta\">\n            <span class=\"feed-source\">\n            Source:\n\n                            Distrito Emprendedores\n                    <\/span>\n    \n            <span class=\"feed-date\">\n            Published on 2026-03-10\n        <\/span>\n    \n    <\/div>\n\n\n\n\n\n            \n        <\/li>\n                    <li class=\"wpra-item feed-item \">\n            \n            \n\n    <a  href=\"https:\/\/distritoemprendedores.es\/blog\/un-nuevo-prime-time-para-las-marcas-afterwork-tardeo-y-futbol-se-consolidan-como-los-grandes-motores-del-consumo-experiencial\/\" target=\"_blank\" rel=\"nofollow\" class=\"\">Un nuevo prime time para las marcas: afterwork, tardeo y f\u00fatbol se consolidan como los grandes motores del consumo experiencial<\/a>\n\n\n\n\n\n\n<div class=\"wprss-feed-meta\">\n            <span class=\"feed-source\">\n            Source:\n\n                            Distrito Emprendedores\n                    <\/span>\n    \n            <span class=\"feed-date\">\n            Published on 2026-03-09\n        <\/span>\n    \n    <\/div>\n\n\n\n\n\n            \n        <\/li>\n                    <li class=\"wpra-item feed-item \">\n            \n            \n\n    <a  href=\"https:\/\/distritoemprendedores.es\/blog\/la-ventaja-competitiva-esta-en-entender-como-pregunta-el-consumidor\/\" target=\"_blank\" rel=\"nofollow\" class=\"\">La ventaja competitiva est\u00e1 en entender c\u00f3mo pregunta el consumidor<\/a>\n\n\n\n\n\n\n<div class=\"wprss-feed-meta\">\n            <span class=\"feed-source\">\n            Source:\n\n                            Distrito Emprendedores\n                    <\/span>\n    \n            <span class=\"feed-date\">\n            Published on 2026-03-08\n        <\/span>\n    \n    <\/div>\n\n\n\n\n\n            \n        <\/li>\n                    <li class=\"wpra-item feed-item \">\n            \n            \n\n    <a  href=\"https:\/\/distritoemprendedores.es\/blog\/solo-el-7-de-los-espanoles-cree-a-las-marcas-cuando-comunican-sus-valores-con-hechos-demostrables\/\" target=\"_blank\" rel=\"nofollow\" class=\"\">Solo el 7% de los espa\u00f1oles cree a las marcas cuando comunican sus valores con hechos demostrables<\/a>\n\n\n\n\n\n\n<div class=\"wprss-feed-meta\">\n            <span class=\"feed-source\">\n            Source:\n\n                            Distrito Emprendedores\n                    <\/span>\n    \n            <span class=\"feed-date\">\n            Published on 2026-03-07\n        <\/span>\n    \n    <\/div>\n\n\n\n\n\n            \n        <\/li>\n                    <li class=\"wpra-item feed-item \">\n            \n            \n\n    <a  href=\"https:\/\/distritoemprendedores.es\/blog\/el-38-de-las-empresas-creadas-en-2019-ha-echado-ya-el-cierre\/\" target=\"_blank\" rel=\"nofollow\" class=\"\">El 38% de las empresas creadas en 2019 ha echado ya el cierre<\/a>\n\n\n\n\n\n\n<div class=\"wprss-feed-meta\">\n            <span class=\"feed-source\">\n            Source:\n\n                            Distrito Emprendedores\n                    <\/span>\n    \n            <span class=\"feed-date\">\n            Published on 2026-03-06\n        <\/span>\n    \n    <\/div>\n\n\n\n\n\n            \n        <\/li>\n                    <li class=\"wpra-item feed-item \">\n            \n            \n\n    <a  href=\"https:\/\/distritoemprendedores.es\/blog\/descubre-las-oportunidades-y-tendencias-en-el-mercado-de-la-franquicia-para-2026\/\" target=\"_blank\" rel=\"nofollow\" class=\"\">Descubre las oportunidades y tendencias en el mercado de la franquicia para 2026<\/a>\n\n\n\n\n\n\n<div class=\"wprss-feed-meta\">\n            <span class=\"feed-source\">\n            Source:\n\n                            Distrito Emprendedores\n                    <\/span>\n    \n            <span class=\"feed-date\">\n            Published on 2026-03-05\n        <\/span>\n    \n    <\/div>\n\n\n\n\n\n            \n        <\/li>\n                    <li class=\"wpra-item feed-item \">\n            \n            \n\n    <a  href=\"https:\/\/distritoemprendedores.es\/blog\/las-startups-de-salud-mas-punteras-del-mundo\/\" target=\"_blank\" rel=\"nofollow\" class=\"\">Las startups de salud m\u00e1s punteras del mundo<\/a>\n\n\n\n\n\n\n<div class=\"wprss-feed-meta\">\n            <span class=\"feed-source\">\n            Source:\n\n                            Distrito Emprendedores\n                    <\/span>\n    \n            <span class=\"feed-date\">\n            Published on 2026-03-04\n        <\/span>\n    \n    <\/div>\n\n\n\n\n\n            \n        <\/li>\n                    <li class=\"wpra-item feed-item \">\n            \n            \n\n    <a  href=\"https:\/\/distritoemprendedores.es\/blog\/puesta-en-marcha-de-un-negocio-primeros-pasos-para-validar-vender-y-controlar-la-tesoreria\/\" target=\"_blank\" rel=\"nofollow\" class=\"\">Puesta en marcha de un negocio: primeros pasos para validar, vender y controlar la tesorer\u00eda<\/a>\n\n\n\n\n\n\n<div class=\"wprss-feed-meta\">\n            <span class=\"feed-source\">\n            Source:\n\n                            Distrito Emprendedores\n                    <\/span>\n    \n            <span class=\"feed-date\">\n            Published on 2026-03-03\n        <\/span>\n    \n    <\/div>\n\n\n\n\n\n            \n        <\/li>\n                    <li class=\"wpra-item feed-item \">\n            \n            \n\n    <a  href=\"https:\/\/distritoemprendedores.es\/blog\/6-franquicias-sin-apenas-competencia-en-el-mercado\/\" target=\"_blank\" rel=\"nofollow\" class=\"\">6 franquicias sin apenas competencia en el mercado<\/a>\n\n\n\n\n\n\n<div class=\"wprss-feed-meta\">\n            <span class=\"feed-source\">\n            Source:\n\n                            Distrito Emprendedores\n                    <\/span>\n    \n            <span class=\"feed-date\">\n            Published on 2026-03-02\n        <\/span>\n    \n    <\/div>\n\n\n\n\n\n            \n        <\/li>\n                    <li class=\"wpra-item feed-item \">\n            \n            \n\n    <a  href=\"https:\/\/digistorage.es\/links\/71d78951-a420-4f5b-8de6-7b35ae7efc1c#new_tab\" target=\"_blank\" rel=\"nofollow\" class=\"\">Los algoritmos amenazan con filtrar las confesiones realizadas al abogado<\/a>\n\n\n\n\n\n\n<div class=\"wprss-feed-meta\">\n            <span class=\"feed-source\">\n            Source:\n\n                            Distrito Emprendedores\n                    <\/span>\n    \n            <span class=\"feed-date\">\n            Published on 2026-03-01\n        <\/span>\n    \n    <\/div>\n\n\n\n\n\n            \n        <\/li>\n                    <li class=\"wpra-item feed-item \">\n            \n            \n\n    <a  href=\"https:\/\/distritoemprendedores.es\/blog\/las-startups-que-mas-innovan-en-el-mundo\/\" target=\"_blank\" rel=\"nofollow\" class=\"\">Las startups que m\u00e1s innovan en el mundo<\/a>\n\n\n\n\n\n\n<div class=\"wprss-feed-meta\">\n            <span class=\"feed-source\">\n            Source:\n\n                            Distrito Emprendedores\n                    <\/span>\n    \n            <span class=\"feed-date\">\n            Published on 2026-02-28\n        <\/span>\n    \n    <\/div>\n\n\n\n\n\n            \n        <\/li>\n                    <li class=\"wpra-item feed-item \">\n            \n            \n\n    <a  href=\"https:\/\/distritoemprendedores.es\/blog\/tiktok-genera-31-000-millones-de-euros-para-las-empresas-europeas-y-3-000-millones-en-espana\/\" target=\"_blank\" rel=\"nofollow\" class=\"\">TikTok genera 31.000 millones de euros para las empresas europeas y 3.000 millones en Espa\u00f1a<\/a>\n\n\n\n\n\n\n<div class=\"wprss-feed-meta\">\n            <span class=\"feed-source\">\n            Source:\n\n                            Distrito Emprendedores\n                    <\/span>\n    \n            <span class=\"feed-date\">\n            Published on 2026-02-27\n        <\/span>\n    \n    <\/div>\n\n\n\n\n\n            \n        <\/li>\n                    <li class=\"wpra-item feed-item \">\n            \n            \n\n    <a  href=\"https:\/\/distritoemprendedores.es\/blog\/amazon-planea-un-marketplace-para-hacer-de-puente-entre-los-publishers-y-las-empresas-de-ia\/\" target=\"_blank\" rel=\"nofollow\" class=\"\">Amazon planea un \u00abmarketplace\u00bb para hacer de puente entre los \u00abpublishers\u00bb y las empresas de IA<\/a>\n\n\n\n\n\n\n<div class=\"wprss-feed-meta\">\n            <span class=\"feed-source\">\n            Source:\n\n                            Distrito Emprendedores\n                    <\/span>\n    \n            <span class=\"feed-date\">\n            Published on 2026-02-26\n        <\/span>\n    \n    <\/div>\n\n\n\n\n\n            \n        <\/li>\n        <\/ul>\n\n        \n<\/div>\n\n<\/div>\n\n<hr>\n<h3><span id=\"3_identifica_tus_aspectos_de_mejora\">3. IDENTIFICA TUS ASPECTOS DE MEJORA<\/span><\/h3>\n<p>Conocerte significa sobre todo&nbsp;<strong>tener claras cu\u00e1les son tus fortalezas y debilidades.<\/strong>&nbsp;E identificar en qu\u00e9 puedes mejorar como persona, para estar todav\u00eda m\u00e1s a gusto contigo mismo.<\/p>\n<h3><span id=\"4_deja_atras_el_pasado\">4. DEJA ATR\u00c1S EL PASADO<\/span><\/h3>\n<p>Todos pasamos por malos momentos en la vida.<\/p>\n<p>A todos nos ha sucedido alguna vez que no nos hemos sentido a gusto con nosotros mismos o que nos ha dolido c\u00f3mo nos han tratado otras personas.<\/p>\n<p><strong>No puedes quedarte anclado y paralizado<\/strong>&nbsp;en esos pensamientos. Quedarte ah\u00ed solo te acarrear\u00e1 m\u00e1s problemas, porque caer\u00e1s en el victimismo y ser\u00e1s tu propio enemigo.<\/p>\n<p>Conocerse y quererse a uno mismo es tambi\u00e9n desarrollar recursos para superar esas situaciones y ser capaz de ponerlas en contexto y seguir avanzando.<\/p>\n<h3><span id=\"5_mira_tu_vida_con_optimismo\">5. MIRA TU VIDA CON OPTIMISMO<\/span><\/h3>\n<p>Desarrolla recursos para buscar la forma de&nbsp;<strong>apreciar lo que tienes,<\/strong>&nbsp;de sentirte afortunado con lo que vas consiguiendo en la vida.<\/p>\n<p>Mirar la vida desde un prisma optimista te ayudar\u00e1 a que las metas que quieres conseguir las sientas m\u00e1s cerca, porque el camino ser\u00e1 un proceso de retos que te motivar\u00e1n.<\/p>\n<h3><span id=\"6_ten_paciencia_contigo_mismo\">6. TEN PACIENCIA CONTIGO MISMO<\/span><\/h3>\n<p>No seas tu propio tirano. Todos los d\u00edas no son iguales y en la vida hay momentos mejores y peores. Ser consciente de esto te ayudar\u00e1 a trabajar tu fortaleza emocional.<\/p>\n<p><strong>Perm\u00edtete fallar porque as\u00ed apreciar\u00e1s m\u00e1s los buenos momentos.&nbsp;<\/strong><\/p>\n<p>Y perd\u00f3nate.<\/p>\n<h3><span id=\"7_cuidate\">7. CU\u00cdDATE<\/span><\/h3>\n<p>Presta atenci\u00f3n y&nbsp;<strong>cuida tus necesidades b\u00e1sicas.&nbsp;<\/strong>Actuar en todos los aspectos es crucial para mantener una buena salud y actitud ante la vida.<\/p>\n<p>Comenzando por una alimentaci\u00f3n sana y el mantenimiento de h\u00e1bitos saludables.<\/p>\n<p>Cuidar el aseo y aspecto personal, desarrollar actividades f\u00edsicas y socio culturales que nos hagan conectar con nosotros mismos y con el entorno en el que vivimos.<\/p>\n<p>As\u00ed mismo, mantener un buen sue\u00f1o y tambi\u00e9n trabajar las relaciones sociales.<\/p>\n<p>Cuidarse es ponerse por encima de los dem\u00e1s. Porque, como ya te he dicho, si no te cuidas y te amas, no podr\u00e1s cuidar ni amar a otras personas.<\/p>\n<h3><span id=\"8_atrevete_a_ser_tu\">8. ATR\u00c9VETE A SER T\u00da<\/span><\/h3>\n<p>Lib\u00e9rate de la idea de que tienes que ser como a los dem\u00e1s les guste o que debes esforzarte en gustar a todo el mundo. Esto es un gran error.<\/p>\n<p><strong>Mu\u00e9strate tal y como eres.&nbsp;<\/strong>Conocerte bien y ser sincero y honesto contigo mismo te aportar\u00e1 la confianza necesaria para mostrarte ante los dem\u00e1s, sin miedo a ser juzgado o rechazado.<\/p>\n<p>Y esa honestidad hacia ti mismo ser\u00e1 tambi\u00e9n percibida por las dem\u00e1s personas.<\/p>\n<p><a href=\"https:\/\/www.lifestylealcuadrado.com\/\"><em>Franck Scipion<\/em><\/a><\/p>\n<div id=\"telet-229249170\" class=\"telet-despues-del-contenido telet-entity-placement\"><a target=\"_blank\" href=\"\/\/aff.lucushost.com\/resources\/click\/?n=gDxoXMAJ&aff=756\"><img decoding=\"async\" border=\"0\" alt=\"LucusHost, el mejor hosting\" src=\"\/\/aff.lucushost.com\/resources\/banners\/?zoneid=5123&n=gDxoXMAJ&aff=756\" \/><\/a><\/div>","protected":false},"excerpt":{"rendered":"<p>El gran Oscar Wide dec\u00eda que amarse a uno mismo es el comienzo de un romance de por vida. Y qu\u00e9 raz\u00f3n ten\u00eda.&nbsp; Si algo est\u00e1 claro en esta vida&hellip; <\/p>\n","protected":false},"author":1,"featured_media":869,"comment_status":"open","ping_status":"open","sticky":false,"template":"","format":"standard","meta":{"_jetpack_memberships_contains_paid_content":false,"footnotes":"","_links_to":"","_links_to_target":""},"categories":[1],"tags":[15,14],"class_list":["post-2905","post","type-post","status-publish","format-standard","has-post-thumbnail","hentry","category-telesecretarias","tag-fuprisa","tag-jose-manuel-fuentes-prieto"],"nelio_content":{"autoShareEndMode":"never","automationSources":{"useCustomSentences":false,"customSentences":[]},"efiAlt":"","efiUrl":"","followers":[1],"highlights":[],"isAutoShareEnabled":true,"networkImageIds":[],"permalinkQueryArgs":[],"series":[],"suggestedReferences":[]},"jetpack_featured_media_url":"https:\/\/teletrabajoynegocios.com\/telesecretarias\/wp-content\/uploads\/sites\/2\/2020\/04\/chica-con-ordenador.jpg","jetpack_sharing_enabled":true,"_links":{"self":[{"href":"https:\/\/teletrabajoynegocios.com\/telesecretarias\/wp-json\/wp\/v2\/posts\/2905","targetHints":{"allow":["GET"]}}],"collection":[{"href":"https:\/\/teletrabajoynegocios.com\/telesecretarias\/wp-json\/wp\/v2\/posts"}],"about":[{"href":"https:\/\/teletrabajoynegocios.com\/telesecretarias\/wp-json\/wp\/v2\/types\/post"}],"author":[{"embeddable":true,"href":"https:\/\/teletrabajoynegocios.com\/telesecretarias\/wp-json\/wp\/v2\/users\/1"}],"replies":[{"embeddable":true,"href":"https:\/\/teletrabajoynegocios.com\/telesecretarias\/wp-json\/wp\/v2\/comments?post=2905"}],"version-history":[{"count":1,"href":"https:\/\/teletrabajoynegocios.com\/telesecretarias\/wp-json\/wp\/v2\/posts\/2905\/revisions"}],"predecessor-version":[{"id":2906,"href":"https:\/\/teletrabajoynegocios.com\/telesecretarias\/wp-json\/wp\/v2\/posts\/2905\/revisions\/2906"}],"wp:featuredmedia":[{"embeddable":true,"href":"https:\/\/teletrabajoynegocios.com\/telesecretarias\/wp-json\/wp\/v2\/media\/869"}],"wp:attachment":[{"href":"https:\/\/teletrabajoynegocios.com\/telesecretarias\/wp-json\/wp\/v2\/media?parent=2905"}],"wp:term":[{"taxonomy":"category","embeddable":true,"href":"https:\/\/teletrabajoynegocios.com\/telesecretarias\/wp-json\/wp\/v2\/categories?post=2905"},{"taxonomy":"post_tag","embeddable":true,"href":"https:\/\/teletrabajoynegocios.com\/telesecretarias\/wp-json\/wp\/v2\/tags?post=2905"}],"curies":[{"name":"wp","href":"https:\/\/api.w.org\/{rel}","templated":true}]}}