{"id":2909,"date":"2021-01-18T10:35:35","date_gmt":"2021-01-18T09:35:35","guid":{"rendered":"https:\/\/teletrabajoynegocios.com\/telesecretarias\/?p=2909"},"modified":"2021-01-13T09:40:54","modified_gmt":"2021-01-13T08:40:54","slug":"como-actualizar-tu-perfil-de-linkedin-para-cambiar-de-trabajo-o-abrir-un-negocio","status":"publish","type":"post","link":"https:\/\/teletrabajoynegocios.com\/telesecretarias\/como-actualizar-tu-perfil-de-linkedin-para-cambiar-de-trabajo-o-abrir-un-negocio\/","title":{"rendered":"C\u00f3mo actualizar tu perfil de LinkedIn para cambiar de trabajo o abrir un negocio"},"content":{"rendered":"<div id=\"telet-3865183560\" class=\"telet-antes-del-contenido telet-entity-placement\"><a href=\"https:\/\/quaderno.io\/?via=jose-manuel94\" aria-label=\"Quaderno General (Spanish) &#8211; 728&#215;90\"><img loading=\"lazy\" decoding=\"async\" src=\"https:\/\/teletrabajoynegocios.com\/telesecretarias\/wp-content\/uploads\/sites\/2\/2020\/11\/Quaderno-General-Spanish-728x90-1.png\" alt=\"\"  srcset=\"https:\/\/teletrabajoynegocios.com\/telesecretarias\/wp-content\/uploads\/sites\/2\/2020\/11\/Quaderno-General-Spanish-728x90-1.png 728w, https:\/\/teletrabajoynegocios.com\/telesecretarias\/wp-content\/uploads\/sites\/2\/2020\/11\/Quaderno-General-Spanish-728x90-1-300x37.png 300w\" sizes=\"(max-width: 728px) 100vw, 728px\" width=\"728\" height=\"90\"   \/><\/a><\/div><div class=\"entry-headline\">\n<p>LinkedIn es la red social por excelencia para dar a conocer tu trayectoria profesional y buscar nuevas oportunidades. Si est\u00e1s pensando en cambiar por completo de profesi\u00f3n o lanzar un negocio, la plataforma tambi\u00e9n podr\u00eda serte de utilidad para encontrar contactos, clientes y posicionarte en el mercado laboral.<\/p>\n<\/div>\n<div class=\"entry-content\">\n<p>Hoy en d\u00eda<strong>&nbsp;tener un buen perfil de LinkedIn&nbsp;<\/strong>resulta esencial a la hora de buscar trabajo e impulsar una carrera profesional.<\/p>\n<p>La plataforma de b\u00fasqueda de empleo permite a sus usuarios mostrar qui\u00e9nes son&nbsp; laboralmente, sus<strong>&nbsp;habilidades, logros y cada uno de los pasos que dan en su trayectoria profesional,<\/strong>&nbsp;con el objetivo de&nbsp;<a title=\"trucos para encontrar mejores contactos en LinkedIn\" href=\"https:\/\/www.businessinsider.es\/7-trucos-consejos-linkedin-tener-mejores-contactos-encontrar-trabajo-265011\" target=\"_blank\" rel=\"noopener\">encontrar nuevas oportunidades y contactos&nbsp;que impulsen su carrera.<\/a><\/p>\n<p>Pero si se est\u00e1 pensando en<strong>&nbsp;llevar a cabo un cambio radical de trabajo<\/strong>&nbsp;\u2014por ejemplo moverse a otro sector o cambiar de profesi\u00f3n\u2014&nbsp; este puede ser dif\u00edcil de reflejar en LinkedIn, con el objetivo de llamar la atenci\u00f3n de las empresas si no se cuenta por el momento con demasiada experiencia.<\/p>\n<p>Algo similar ocurre si lo que se pretende es&nbsp;<strong>emprender y crear tu propio negocio&nbsp;<\/strong>o empezar a trabajar por tu cuenta.<\/p>\n<p>Es evidente que si est\u00e1s buscando un cambio profesional, tu perfil en la red deber\u00eda cambiar tambi\u00e9n. Pero, c<strong>\u00f3mo debes actualizar tu perfil de LinkedIn cuando quieres&nbsp;empezar de cero.<\/strong><\/p>\n<p>Amy George, due\u00f1a de la agencia&nbsp;relaciones p\u00fablicas y marketing George Communications responde a estas dudas&nbsp;<a href=\"https:\/\/www.inc.com\/amy-george\/how-to-update-your-linkedin-profile-when-you-want-to-start-a-business.html\" target=\"_blank\" rel=\"nofollow noopener\">en un art\u00edculo para<em>&nbsp;Inc.<\/em><\/a><\/p>\n<p>En este George revela los&nbsp;cambios esenciales que deber\u00edan&nbsp;<strong>reflejarse en el perfil de&nbsp;LinkedIn de todo aquel que aspira a emprender o cambiar de profesi\u00f3n<\/strong>.<\/p>\n<p>A continuaci\u00f3n recogemos cu\u00e1les so los consejos de la experta.<\/p>\n<h2>1. Ajusta tu imagen de perfil al cambio que buscas<\/h2>\n<p>No hay que subestimar<a title=\"c\u00f3mo causar buena impresi\u00f3n a la gente\" href=\"https:\/\/www.businessinsider.es\/como-causar-buena-primera-impresion-gente-ciencia-484369\" target=\"_blank\" rel=\"noopener\">&nbsp;el poder de las primeras impresiones<\/a>. Y la foto de tu perfil de&nbsp;LinkedIn&nbsp; ser\u00e1 en lo que se apoyen potenciales clientes, colaboradores o futuras empresas en las que trabajar para considerar si eres profesional, serio, y en definitiva si quieren contar contigo.<\/p>\n<p>Quiz\u00e1 pueda parecerte demasiado exagerado, pero seamos sinceros todos alguna vez&nbsp;hemos elaborado una primera opini\u00f3n&nbsp;sobre alguien bas\u00e1ndonos simplemente en su aspecto.<\/p>\n<p>Sea como sea, m\u00e1s vale asegurarse. Y si tu<strong>&nbsp;foto de perfil puede ser un elemento decisivo&nbsp;<\/strong>mejor que este juegue en tu favor.<\/p>\n<p>Por ello, lo m\u00e1s conveniente, como recomienda el art\u00edculo de<em>&nbsp;Inc.<\/em>&nbsp;es que te&nbsp;<strong>muestres en ella de manera que refleje ese cambio que buscas.&nbsp;<\/strong><\/p>\n<p>Asimismo de manera generalizada,<strong>&nbsp;evita en tu imagen de LinkedIn&nbsp;selfies<\/strong>, fotos antiguas e im\u00e1genes en las que aparezcas de fiesta o demasiado sensual,<a href=\"http:\/\/socialsellingmasters.com\/training\/2016\/8-things-to-avoid-in-your-linkedin-profile-photo-infographic\/\" target=\"_blank\" rel=\"nofollow noopener\">&nbsp;seg\u00fan los consejos de&nbsp;Koka Sexton<\/a>, experto en redes sociales y marketing social que trabaj\u00f3 durante tres a\u00f1os en LinkedIn.<\/p>\n<p>\u201cSi crees que tu imagen podr\u00eda funcionar bien en una web de citas, entonces es que es absolutamente incorrecta para LinkedIn\u201d, sentencia Sexton.<\/p>\n<p>Y por supuesto, nunca dejes este campo sin completar. De acuerdo al experto,&nbsp;<strong>\u201cLas posibilidades de ser visto&nbsp;[en LinkedIn] son 11 veces m\u00e1s altas cuando se tiene una fotograf\u00eda\u201d.<\/strong><\/p>\n<h2>2. Cambia tu imagen de portada para reflejar tus intereses<\/h2>\n<p>Todo<strong>&nbsp;elemento que ayude a identificar tu perfil con el campo al que quieres moverte<\/strong>, ya sea un nuevo sector o un negocio que empieces, ser\u00e1 de gran ayuda.<\/p>\n<p>As\u00ed el consejo de George en<a href=\"https:\/\/www.inc.com\/amy-george\/how-to-update-your-linkedin-profile-when-you-want-to-start-a-business.html\" target=\"_blank\" rel=\"nofollow noopener\"><em>&nbsp;Inc<\/em><\/a>. es&nbsp;que&nbsp;<strong>uses&nbsp;la imagen de portada&nbsp;\u201cpara remarcar tus intereses y hacia d\u00f3nde te diriges profesionalmente.\u201d<\/strong><\/p>\n<p>En este sentido, la experta ejemplifica que si eres un fot\u00f3grafo es una oportunidad perfecta para mostrar tu trabajo. Si se trata en cambio de abrir un negocio, haz que tu imagen se relacione con la actividad que este lleve a cabo.<\/p>\n<hr>\n<p><img decoding=\"async\" src=\"https:\/\/teletrabajoynegocios.com\/teletrabajador\/wp-content\/uploads\/sites\/3\/2020\/07\/articulos.png\"><\/p>\n<div class=\"wp-rss-template-container\" data-wpra-template=\"default\" data-template-ctx=\"W10=\">\n    <div class=\"wp-rss-aggregator wpra-list-template  \" data-page=\"1\">\n    \n    \n<ul class=\"wpra-item-list rss-aggregator wpra-item-list--bullets wpra-item-list--default\"\n    start=\"1\">\n                        <li class=\"wpra-item feed-item \">\n            \n            \n\n    <a  href=\"https:\/\/distritoemprendedores.com\/blog\/2026\/03\/16\/hello-world\/\" target=\"_blank\" rel=\"nofollow\" class=\"\">Hello world!<\/a>\n\n\n\n\n\n\n<div class=\"wprss-feed-meta\">\n            <span class=\"feed-source\">\n            Source:\n\n                            Distrito Emprendedores\n                    <\/span>\n    \n            <span class=\"feed-date\">\n            Published on 2026-03-16\n        <\/span>\n    \n    <\/div>\n\n\n\n\n\n            \n        <\/li>\n                    <li class=\"wpra-item feed-item \">\n            \n            \n\n    <a  href=\"https:\/\/www.dropbox.com\/scl\/fi\/b6csvpbfxu24vaezmo3es\/62bed0634df20e5ef35346439fdd423f_franquicias.pdf?rlkey=mfp2795s4n89mw35l0yeu2vl5&amp;e=2&amp;st=57kabuy0&amp;dl=0#new_tab\" target=\"_blank\" rel=\"nofollow\" class=\"\">Las franquicias espa\u00f1olas duplican su presencia en mercados for\u00e1neos<\/a>\n\n\n\n\n\n\n<div class=\"wprss-feed-meta\">\n            <span class=\"feed-source\">\n            Source:\n\n                            Distrito Emprendedores\n                    <\/span>\n    \n            <span class=\"feed-date\">\n            Published on 2026-03-11\n        <\/span>\n    \n    <\/div>\n\n\n\n\n\n            \n        <\/li>\n                    <li class=\"wpra-item feed-item \">\n            \n            \n\n    <a  href=\"https:\/\/distritoemprendedores.es\/blog\/5-errores-fatales-al-internacionalizar-tu-franquicia\/\" target=\"_blank\" rel=\"nofollow\" class=\"\">5 errores fatales al internacionalizar tu franquicia<\/a>\n\n\n\n\n\n\n<div class=\"wprss-feed-meta\">\n            <span class=\"feed-source\">\n            Source:\n\n                            Distrito Emprendedores\n                    <\/span>\n    \n            <span class=\"feed-date\">\n            Published on 2026-03-10\n        <\/span>\n    \n    <\/div>\n\n\n\n\n\n            \n        <\/li>\n                    <li class=\"wpra-item feed-item \">\n            \n            \n\n    <a  href=\"https:\/\/distritoemprendedores.es\/blog\/un-nuevo-prime-time-para-las-marcas-afterwork-tardeo-y-futbol-se-consolidan-como-los-grandes-motores-del-consumo-experiencial\/\" target=\"_blank\" rel=\"nofollow\" class=\"\">Un nuevo prime time para las marcas: afterwork, tardeo y f\u00fatbol se consolidan como los grandes motores del consumo experiencial<\/a>\n\n\n\n\n\n\n<div class=\"wprss-feed-meta\">\n            <span class=\"feed-source\">\n            Source:\n\n                            Distrito Emprendedores\n                    <\/span>\n    \n            <span class=\"feed-date\">\n            Published on 2026-03-09\n        <\/span>\n    \n    <\/div>\n\n\n\n\n\n            \n        <\/li>\n                    <li class=\"wpra-item feed-item \">\n            \n            \n\n    <a  href=\"https:\/\/distritoemprendedores.es\/blog\/la-ventaja-competitiva-esta-en-entender-como-pregunta-el-consumidor\/\" target=\"_blank\" rel=\"nofollow\" class=\"\">La ventaja competitiva est\u00e1 en entender c\u00f3mo pregunta el consumidor<\/a>\n\n\n\n\n\n\n<div class=\"wprss-feed-meta\">\n            <span class=\"feed-source\">\n            Source:\n\n                            Distrito Emprendedores\n                    <\/span>\n    \n            <span class=\"feed-date\">\n            Published on 2026-03-08\n        <\/span>\n    \n    <\/div>\n\n\n\n\n\n            \n        <\/li>\n                    <li class=\"wpra-item feed-item \">\n            \n            \n\n    <a  href=\"https:\/\/distritoemprendedores.es\/blog\/solo-el-7-de-los-espanoles-cree-a-las-marcas-cuando-comunican-sus-valores-con-hechos-demostrables\/\" target=\"_blank\" rel=\"nofollow\" class=\"\">Solo el 7% de los espa\u00f1oles cree a las marcas cuando comunican sus valores con hechos demostrables<\/a>\n\n\n\n\n\n\n<div class=\"wprss-feed-meta\">\n            <span class=\"feed-source\">\n            Source:\n\n                            Distrito Emprendedores\n                    <\/span>\n    \n            <span class=\"feed-date\">\n            Published on 2026-03-07\n        <\/span>\n    \n    <\/div>\n\n\n\n\n\n            \n        <\/li>\n                    <li class=\"wpra-item feed-item \">\n            \n            \n\n    <a  href=\"https:\/\/distritoemprendedores.es\/blog\/el-38-de-las-empresas-creadas-en-2019-ha-echado-ya-el-cierre\/\" target=\"_blank\" rel=\"nofollow\" class=\"\">El 38% de las empresas creadas en 2019 ha echado ya el cierre<\/a>\n\n\n\n\n\n\n<div class=\"wprss-feed-meta\">\n            <span class=\"feed-source\">\n            Source:\n\n                            Distrito Emprendedores\n                    <\/span>\n    \n            <span class=\"feed-date\">\n            Published on 2026-03-06\n        <\/span>\n    \n    <\/div>\n\n\n\n\n\n            \n        <\/li>\n                    <li class=\"wpra-item feed-item \">\n            \n            \n\n    <a  href=\"https:\/\/distritoemprendedores.es\/blog\/descubre-las-oportunidades-y-tendencias-en-el-mercado-de-la-franquicia-para-2026\/\" target=\"_blank\" rel=\"nofollow\" class=\"\">Descubre las oportunidades y tendencias en el mercado de la franquicia para 2026<\/a>\n\n\n\n\n\n\n<div class=\"wprss-feed-meta\">\n            <span class=\"feed-source\">\n            Source:\n\n                            Distrito Emprendedores\n                    <\/span>\n    \n            <span class=\"feed-date\">\n            Published on 2026-03-05\n        <\/span>\n    \n    <\/div>\n\n\n\n\n\n            \n        <\/li>\n                    <li class=\"wpra-item feed-item \">\n            \n            \n\n    <a  href=\"https:\/\/distritoemprendedores.es\/blog\/las-startups-de-salud-mas-punteras-del-mundo\/\" target=\"_blank\" rel=\"nofollow\" class=\"\">Las startups de salud m\u00e1s punteras del mundo<\/a>\n\n\n\n\n\n\n<div class=\"wprss-feed-meta\">\n            <span class=\"feed-source\">\n            Source:\n\n                            Distrito Emprendedores\n                    <\/span>\n    \n            <span class=\"feed-date\">\n            Published on 2026-03-04\n        <\/span>\n    \n    <\/div>\n\n\n\n\n\n            \n        <\/li>\n                    <li class=\"wpra-item feed-item \">\n            \n            \n\n    <a  href=\"https:\/\/distritoemprendedores.es\/blog\/puesta-en-marcha-de-un-negocio-primeros-pasos-para-validar-vender-y-controlar-la-tesoreria\/\" target=\"_blank\" rel=\"nofollow\" class=\"\">Puesta en marcha de un negocio: primeros pasos para validar, vender y controlar la tesorer\u00eda<\/a>\n\n\n\n\n\n\n<div class=\"wprss-feed-meta\">\n            <span class=\"feed-source\">\n            Source:\n\n                            Distrito Emprendedores\n                    <\/span>\n    \n            <span class=\"feed-date\">\n            Published on 2026-03-03\n        <\/span>\n    \n    <\/div>\n\n\n\n\n\n            \n        <\/li>\n                    <li class=\"wpra-item feed-item \">\n            \n            \n\n    <a  href=\"https:\/\/distritoemprendedores.es\/blog\/6-franquicias-sin-apenas-competencia-en-el-mercado\/\" target=\"_blank\" rel=\"nofollow\" class=\"\">6 franquicias sin apenas competencia en el mercado<\/a>\n\n\n\n\n\n\n<div class=\"wprss-feed-meta\">\n            <span class=\"feed-source\">\n            Source:\n\n                            Distrito Emprendedores\n                    <\/span>\n    \n            <span class=\"feed-date\">\n            Published on 2026-03-02\n        <\/span>\n    \n    <\/div>\n\n\n\n\n\n            \n        <\/li>\n                    <li class=\"wpra-item feed-item \">\n            \n            \n\n    <a  href=\"https:\/\/digistorage.es\/links\/71d78951-a420-4f5b-8de6-7b35ae7efc1c#new_tab\" target=\"_blank\" rel=\"nofollow\" class=\"\">Los algoritmos amenazan con filtrar las confesiones realizadas al abogado<\/a>\n\n\n\n\n\n\n<div class=\"wprss-feed-meta\">\n            <span class=\"feed-source\">\n            Source:\n\n                            Distrito Emprendedores\n                    <\/span>\n    \n            <span class=\"feed-date\">\n            Published on 2026-03-01\n        <\/span>\n    \n    <\/div>\n\n\n\n\n\n            \n        <\/li>\n                    <li class=\"wpra-item feed-item \">\n            \n            \n\n    <a  href=\"https:\/\/distritoemprendedores.es\/blog\/las-startups-que-mas-innovan-en-el-mundo\/\" target=\"_blank\" rel=\"nofollow\" class=\"\">Las startups que m\u00e1s innovan en el mundo<\/a>\n\n\n\n\n\n\n<div class=\"wprss-feed-meta\">\n            <span class=\"feed-source\">\n            Source:\n\n                            Distrito Emprendedores\n                    <\/span>\n    \n            <span class=\"feed-date\">\n            Published on 2026-02-28\n        <\/span>\n    \n    <\/div>\n\n\n\n\n\n            \n        <\/li>\n                    <li class=\"wpra-item feed-item \">\n            \n            \n\n    <a  href=\"https:\/\/distritoemprendedores.es\/blog\/tiktok-genera-31-000-millones-de-euros-para-las-empresas-europeas-y-3-000-millones-en-espana\/\" target=\"_blank\" rel=\"nofollow\" class=\"\">TikTok genera 31.000 millones de euros para las empresas europeas y 3.000 millones en Espa\u00f1a<\/a>\n\n\n\n\n\n\n<div class=\"wprss-feed-meta\">\n            <span class=\"feed-source\">\n            Source:\n\n                            Distrito Emprendedores\n                    <\/span>\n    \n            <span class=\"feed-date\">\n            Published on 2026-02-27\n        <\/span>\n    \n    <\/div>\n\n\n\n\n\n            \n        <\/li>\n                    <li class=\"wpra-item feed-item \">\n            \n            \n\n    <a  href=\"https:\/\/distritoemprendedores.es\/blog\/amazon-planea-un-marketplace-para-hacer-de-puente-entre-los-publishers-y-las-empresas-de-ia\/\" target=\"_blank\" rel=\"nofollow\" class=\"\">Amazon planea un \u00abmarketplace\u00bb para hacer de puente entre los \u00abpublishers\u00bb y las empresas de IA<\/a>\n\n\n\n\n\n\n<div class=\"wprss-feed-meta\">\n            <span class=\"feed-source\">\n            Source:\n\n                            Distrito Emprendedores\n                    <\/span>\n    \n            <span class=\"feed-date\">\n            Published on 2026-02-26\n        <\/span>\n    \n    <\/div>\n\n\n\n\n\n            \n        <\/li>\n        <\/ul>\n\n        \n<\/div>\n\n<\/div>\n\n<hr>\n<h2>3. Utiliza el extracto de tu perfil para mostrar tu inter\u00e9s por el cambio profesional que buscas<\/h2>\n<p>La&nbsp;<strong>forma de actualizar linkedIn cuando se busca un cambio profesional<\/strong>&nbsp;es orientar todos los campos del perfil a hacia ese nuevo rumbo que se desea.<\/p>\n<p>Si est\u00e1s empezando de cero y a\u00fan no&nbsp;cuentas con experiencia, el extracto en el perfil de LinkedIn es deal para dar a conocer no solo lo que eres sino lo que est\u00e1s buscando.<\/p>\n<p>\u201cSi est\u00e1s buscando un nuevo empleo, quieres estar al d\u00eda de las \u00faltimas novedades empresariales o buscas &nbsp;nuevos clientes potenciales<strong>, considera tu extracto&nbsp;como tu argumento de ascenso para lo que sea\u201d<\/strong>,&nbsp;<a href=\"https:\/\/www.businessinsider.es\/como-escribir-buen-extracto-linkedin-segun-experta-352657\" target=\"_blank\" rel=\"noopener\">declar\u00f3 con anterioridad a&nbsp;<em>Business Insider<\/em>&nbsp;<\/a>Blair Decembrele, experta en carreras profesionales de LinkedIn.<\/p>\n<p>\u201cTener un extracto&nbsp;s\u00f3lido&nbsp;ayuda a&nbsp;<strong>asegurar que aparezcas en las b\u00fasquedas de reclutadores de LinkedIn<\/strong>, responsables de recursos humanos u otras personas que pueden querer trabajar contigo\u201d, a\u00f1adi\u00f3&nbsp; Decembrele.<\/p>\n<p>Por ello \u00fasalo no para enumerar aspectos similares a los que ser\u00eda un curr\u00edculum, sino para&nbsp;<strong>potenciar tus&nbsp;habilidades, motivaci\u00f3n e intereses<\/strong>, aproxim\u00e1ndote con ello al nuevo negocio o sector en el que quieres empezar.<\/p>\n<p>\u201cDe esa forma, las personas entender\u00e1n que esto no es un cambio nuevo o repentino, sino un movimiento empresarial o profesional considerado y bien pensado\u201d,&nbsp;<a href=\"https:\/\/www.inc.com\/amy-george\/how-to-update-your-linkedin-profile-when-you-want-to-start-a-business.html\" target=\"_blank\" rel=\"nofollow noopener\">explica George<\/a>&nbsp;en su art\u00edculo.<\/p>\n<h2>4. Genera actividad relacionada con tu nuevo campo profesional<\/h2>\n<p>Has&nbsp;<strong>actualizado tu perfil para enfocarlo hacia el nuevo cambio laboral<\/strong>&nbsp;que buscas.<\/p>\n<p>Bien hecho, pero deber\u00edas tener en cuenta que actualizar tu perfil no es sin\u00f3nimo de<strong>&nbsp;estar&nbsp;activo en LinkedIn.<\/strong><\/p>\n<p>Para&nbsp;<strong>sacarle el m\u00e1ximo partido a esta plataforma&nbsp;<\/strong>lo m\u00e1s recomendable es interactuar con la comunidad, comentando y publicando informaci\u00f3n relevante y tus propios textos.<\/p>\n<p>Como recomienda el&nbsp;<a href=\"https:\/\/www.inc.com\/amy-george\/how-to-update-your-linkedin-profile-when-you-want-to-start-a-business.html\" target=\"_blank\" rel=\"nofollow noopener\">art\u00edculo de&nbsp;<em>Inc.<\/em><\/a>&nbsp;una vez visualizado el nuevo negocio o proyecto empresarial que quieres iniciar lo aconsejable es empezar a escribir sobre este.<\/p>\n<p>\u201cComienza&nbsp;a escribir sobre ese negocio o industria y comparte art\u00edculos que otros expertos en la materia y medios de comunicaci\u00f3n hayan escrito\u201d, aconseja George.<\/p>\n<p>Esto podr\u00e1 ayudarte a<strong>&nbsp;aparecer como un experto en la materia y promover\u00e1 que puedas conseguir contactos<\/strong>&nbsp;en dicho sector. Algo esencial si quieres llevar a cabo un cambio profesional exitoso.<\/p>\n<p>*Art\u00edculo original publicado&nbsp;<a href=\"https:\/\/www.businessinsider.es\/como-actualizar-linkedin-empezar-cero-profesionalmente-587909\" target=\"_blank\" rel=\"noopener\">en Business Insiderr<\/a><\/p>\n<\/div>\n<div id=\"telet-3070328465\" class=\"telet-despues-del-contenido telet-entity-placement\"><a target=\"_blank\" href=\"\/\/aff.lucushost.com\/resources\/click\/?n=gDxoXMAJ&aff=756\"><img decoding=\"async\" border=\"0\" alt=\"LucusHost, el mejor hosting\" src=\"\/\/aff.lucushost.com\/resources\/banners\/?zoneid=5123&n=gDxoXMAJ&aff=756\" \/><\/a><\/div>","protected":false},"excerpt":{"rendered":"<p>LinkedIn es la red social por excelencia para dar a conocer tu trayectoria profesional y buscar nuevas oportunidades. Si est\u00e1s pensando en cambiar por completo de profesi\u00f3n o lanzar un&hellip; <\/p>\n","protected":false},"author":1,"featured_media":2910,"comment_status":"open","ping_status":"open","sticky":false,"template":"","format":"standard","meta":{"_jetpack_memberships_contains_paid_content":false,"footnotes":"","_links_to":"","_links_to_target":""},"categories":[11],"tags":[15,14],"class_list":["post-2909","post","type-post","status-publish","format-standard","has-post-thumbnail","hentry","category-redes-sociales","tag-fuprisa","tag-jose-manuel-fuentes-prieto"],"nelio_content":{"autoShareEndMode":"never","automationSources":{"useCustomSentences":false,"customSentences":[]},"efiAlt":"","efiUrl":"","followers":[1],"highlights":[],"isAutoShareEnabled":true,"networkImageIds":[],"permalinkQueryArgs":[],"series":[],"suggestedReferences":[]},"jetpack_featured_media_url":"https:\/\/teletrabajoynegocios.com\/telesecretarias\/wp-content\/uploads\/sites\/2\/2021\/01\/mujer-joven-delante-ordenador.jpg","jetpack_sharing_enabled":true,"_links":{"self":[{"href":"https:\/\/teletrabajoynegocios.com\/telesecretarias\/wp-json\/wp\/v2\/posts\/2909","targetHints":{"allow":["GET"]}}],"collection":[{"href":"https:\/\/teletrabajoynegocios.com\/telesecretarias\/wp-json\/wp\/v2\/posts"}],"about":[{"href":"https:\/\/teletrabajoynegocios.com\/telesecretarias\/wp-json\/wp\/v2\/types\/post"}],"author":[{"embeddable":true,"href":"https:\/\/teletrabajoynegocios.com\/telesecretarias\/wp-json\/wp\/v2\/users\/1"}],"replies":[{"embeddable":true,"href":"https:\/\/teletrabajoynegocios.com\/telesecretarias\/wp-json\/wp\/v2\/comments?post=2909"}],"version-history":[{"count":1,"href":"https:\/\/teletrabajoynegocios.com\/telesecretarias\/wp-json\/wp\/v2\/posts\/2909\/revisions"}],"predecessor-version":[{"id":2911,"href":"https:\/\/teletrabajoynegocios.com\/telesecretarias\/wp-json\/wp\/v2\/posts\/2909\/revisions\/2911"}],"wp:featuredmedia":[{"embeddable":true,"href":"https:\/\/teletrabajoynegocios.com\/telesecretarias\/wp-json\/wp\/v2\/media\/2910"}],"wp:attachment":[{"href":"https:\/\/teletrabajoynegocios.com\/telesecretarias\/wp-json\/wp\/v2\/media?parent=2909"}],"wp:term":[{"taxonomy":"category","embeddable":true,"href":"https:\/\/teletrabajoynegocios.com\/telesecretarias\/wp-json\/wp\/v2\/categories?post=2909"},{"taxonomy":"post_tag","embeddable":true,"href":"https:\/\/teletrabajoynegocios.com\/telesecretarias\/wp-json\/wp\/v2\/tags?post=2909"}],"curies":[{"name":"wp","href":"https:\/\/api.w.org\/{rel}","templated":true}]}}