{"id":2922,"date":"2021-01-20T10:20:42","date_gmt":"2021-01-20T09:20:42","guid":{"rendered":"https:\/\/teletrabajoynegocios.com\/telesecretarias\/?p=2922"},"modified":"2021-01-13T10:28:22","modified_gmt":"2021-01-13T09:28:22","slug":"el-desarrollo-personal-equivale-a-oportunidades-pero-estas-sembrando","status":"publish","type":"post","link":"https:\/\/teletrabajoynegocios.com\/telesecretarias\/el-desarrollo-personal-equivale-a-oportunidades-pero-estas-sembrando\/","title":{"rendered":"El desarrollo personal equivale a oportunidades, pero\u2026 \u00bfest\u00e1s sembrando?"},"content":{"rendered":"<div id=\"telet-1942668167\" class=\"telet-antes-del-contenido telet-entity-placement\"><a href=\"https:\/\/quaderno.io\/?via=jose-manuel94\" aria-label=\"Quaderno General (Spanish) &#8211; 728&#215;90\"><img loading=\"lazy\" decoding=\"async\" src=\"https:\/\/teletrabajoynegocios.com\/telesecretarias\/wp-content\/uploads\/sites\/2\/2020\/11\/Quaderno-General-Spanish-728x90-1.png\" alt=\"\"  srcset=\"https:\/\/teletrabajoynegocios.com\/telesecretarias\/wp-content\/uploads\/sites\/2\/2020\/11\/Quaderno-General-Spanish-728x90-1.png 728w, https:\/\/teletrabajoynegocios.com\/telesecretarias\/wp-content\/uploads\/sites\/2\/2020\/11\/Quaderno-General-Spanish-728x90-1-300x37.png 300w\" sizes=\"(max-width: 728px) 100vw, 728px\" width=\"728\" height=\"90\"   \/><\/a><\/div><p>El&nbsp;<strong>desarrollo personal es la capacidad que todos tenemos de mejorar,<\/strong>&nbsp;de aprender, de evolucionar y superarnos. Es la posibilidad que tenemos para adquirir nuevas habilidades, desarrollar nuevos talentos y as\u00ed,&nbsp;<a href=\"https:\/\/javieririondo.es\/2017\/03\/19\/descubrir-tu-potencial\/\">aumentar nuestro potencial<\/a>&nbsp;para crecer como personas y alcanzar metas m\u00e1s elevadas.<\/p>\n<p>A trav\u00e9s de esa evoluci\u00f3n personal somos capaces de encontrar y crear m\u00e1s oportunidades, alcanzar nuevos sue\u00f1os y mejorar en distintas \u00e1reas de nuestra vida. Sin duda, es algo fundamental y es muy f\u00e1cil de darnos cuenta de este aspecto cuando miramos a nuestro entorno: todos conocemos personas con las que antes nos sent\u00edamos muy identificadas y puede que en la actualidad no tanto, o apenas nada.<\/p>\n<p><strong>Hay personas que han tenido una gran evoluci\u00f3n<\/strong>&nbsp;y otras siguen siendo exactamente como era hace a\u00f1os. Incluso, a veces te miran de forma extra\u00f1a como diciendo que has cambiado mucho, ya no eres quien eras \u2013<em>menos mal,<\/em>&nbsp;pienso yo-, aunque a lo mejor el problema es que esas personas no han cambiado nada.<\/p>\n<p>Sin embargo, la vida y el mundo no dejan de cambiar, ni dejar\u00e1n de hacerlo, y si nosotros no hacemos un esfuerzo para seguir aprendiendo y adaptarnos a ese cambio, nos podemos quedar obsoletos. A d\u00eda de hoy hemos entrado de lleno en la era del cambio y de la incertidumbre, donde&nbsp;<strong>la capacidad de adaptaci\u00f3n es una habilidad que es y ser\u00e1 cada vez m\u00e1s necesaria.<\/strong><\/p>\n<h2><span id=\"1_Que_es_el_desarrollo_personal\">1. \u00bfQU\u00c9 ES EL DESARROLLO PERSONAL?<\/span><\/h2>\n<p>&nbsp;<\/p>\n<p>Entre muchos aspectos, el desarrollo personal te empodera y te da herramientas para desarrollar esa capacidad de cambio, de adaptarte a lo desconocido o a lo que inicialmente nos puede provocar dudas y miedos. Depende en gran medida de la confianza en nosotros mismos, que es lo que realmente nos otorga un mayor nivel de seguridad y lo que la mayor\u00eda de las personas buscan.<\/p>\n<p>Sin embargo, debemos comprender que la seguridad no la da un resultado (eso puede cambiar y el efecto es temporal), sino que nace de la&nbsp;<a href=\"https:\/\/javieririondo.es\/2017\/05\/07\/como-ganar-confianza-en-uno-mismo\/\">confianza en uno mismo<\/a>, de la capacidad de enfrentarse a los cambios con una actitud m\u00e1s positiva o de afrontar&nbsp; la adversidad con m\u00e1s determinaci\u00f3n. Todos ellos son aspectos que podemos ir adquiriendo a trav\u00e9s del autoconocimiento y el&nbsp;<strong>desarrollo personal.<\/strong><\/p>\n<h3><span id=\"_Lamentablemente_nos_han_educado_con_cierto_miedo_al_cambio\"><strong>\u25ba Lamentablemente, nos han educado con cierto miedo al cambio<\/strong><\/span><\/h3>\n<p>&nbsp;<\/p>\n<p>Cada cierto tiempo recibimos notificaciones que nos avisan que debemos actualizar el&nbsp;<em>software<\/em>&nbsp;de alg\u00fan aparato. Si no lo hacemos, su funcionamiento no ser\u00e1 el \u00f3ptimo, no rendir\u00e1 a su m\u00e1ximo potencial y a nosotros nos ocurre exactamente lo mismo.<\/p>\n<p>Nos han educado con cierto miedo al cambio, a la falta de control -que se traduce en incertidumbre-, pero tenemos que verlo como una oportunidad y abrazarlo porque ser\u00e1 una constante a lo largo de nuestra vida.<\/p>\n<p><strong>El cambio es la esencia del desarrollo personal<\/strong>&nbsp;y por eso cuando hablamos de \u00abtransformaci\u00f3n\u00bb nos referimos a la uni\u00f3n de dos palabras: \u00abtrans\u00bb que viene de girar, cambiar y \u00abformaci\u00f3n\u00bb que es el c\u00f3mo. Cambiamos a trav\u00e9s de nuestra formaci\u00f3n, del aprendizaje y la evoluci\u00f3n.<\/p>\n<p>De hecho, la efectividad personal aumenta a trav\u00e9s de la autoconciencia, la comprensi\u00f3n de uno mismo. Ese&nbsp;<em>darse cuenta de lo que sucede<\/em>&nbsp;en nuestro interior, esa toma de conciencia, nos ayuda a resolver conflictos y a manejar de forma m\u00e1s efectiva nuestras emociones, nuestras fortalezas y habilidades en distintas situaciones.<\/p>\n<p><iframe loading=\"lazy\" title=\"Javier Iriondo.- El peligro de no desarrollar nuestro potencial\" width=\"1110\" height=\"624\" src=\"https:\/\/www.youtube.com\/embed\/Re-DqCxYbtY?feature=oembed\" frameborder=\"0\" allow=\"accelerometer; autoplay; clipboard-write; encrypted-media; gyroscope; picture-in-picture\" allowfullscreen><\/iframe><\/p>\n<h3><span id=\"_Cuando_hablamos_de_evolucion_hablamos_de_un_cambio_de_identidad\"><strong>\u25ba Cuando hablamos de evoluci\u00f3n, hablamos de un cambio de identidad<\/strong><\/span><\/h3>\n<p>&nbsp;<\/p>\n<p>Cuando hablamos de transformaciones profundas, no de pasajeras, hablamos de un cambio de identidad, de un cambio en la percepci\u00f3n de uno mismo, de una ruptura con viejas limitaciones que abren puertas para expandir ese potencial innato que todos tenemos para mejorar.<\/p>\n<p>A veces&nbsp;<a href=\"https:\/\/javieririondo.es\/2017\/12\/01\/frases-bonitas\/\">una simple frase<\/a>, un art\u00edculo, una&nbsp;<a href=\"https:\/\/javieririondo.es\/2017\/10\/08\/conferencias-ted-en-espanol\/\">conferencia<\/a>, un libro o una nueva perspectiva que alguien nos ofrece, nos hace ver algo que no est\u00e1bamos viendo, nos abre una puerta para ver las cosas desde otro punto de vista, nos ayuda a comprender algo que estaba causando&nbsp;<a href=\"https:\/\/javieririondo.es\/2020\/01\/09\/sufrir\/\">sufrimiento en nuestro interior<\/a>&nbsp;porque no podemos cambiar lo que no comprendemos. Por esa raz\u00f3n la comprensi\u00f3n es fundamental.<\/p>\n<p>Desde hace miles de a\u00f1os, desde que el ser humano tiene uso de raz\u00f3n, hemos buscado constantes respuestas a los dilemas de la vida. Desde la Biblia u otras muchas religiones, a los Sutras de Patanjali, Buda, los antiguos fil\u00f3sofos griegos, o Marco Aurelio, S\u00e9neca y otros muchos,&nbsp;<strong>esa b\u00fasqueda de comprensi\u00f3n y evoluci\u00f3n han sido y ser\u00e1n constantes.<\/strong>&nbsp;Al final, la&nbsp;<strong>filosof\u00eda y el desarrollo personal<\/strong>&nbsp;son como el ox\u00edgeno para un buceador\u2026<\/p>\n<h2><span id=\"2_Para_que_sirve_el_desarrollo_personal\">2. \u00bfPARA QU\u00c9 SIRVE EL DESARROLLO PERSONAL?<\/span><\/h2>\n<p>&nbsp;<\/p>\n<p><strong>Esa evoluci\u00f3n personal y aumento de la confianza<\/strong>&nbsp;nos lleva a creer m\u00e1s en nosotros mismos, lo cual se transforma en oportunidades que de otra manera no llegar\u00edan. O dicho de otro modo: esas oportunidades<strong>&nbsp;<\/strong>no se presentan hasta que nos convertimos en la clase de persona capaz de afrontarlas.<\/p>\n<p>Eso mismo sucede con la creatividad: cuanto m\u00e1s crecemos y aprendemos, tambi\u00e9n lo hace nuestra habilidad creativa; cuanto m\u00e1s capaces nos sentimos, nuestra mente m\u00e1s se libera de viejas&nbsp;<a href=\"https:\/\/javieririondo.es\/2015\/03\/16\/creencias-limitantes\/\">creencias limitantes<\/a>&nbsp;que nos frenan. Solo entonces aumenta nuestra capacidad de creer y crear.<\/p>\n<p><iframe loading=\"lazy\" title=\"\u00bfPor qu\u00e9 tenemos miedo?  | Javier Iriondo | Escritor &amp; HNP Consultant\" width=\"1110\" height=\"624\" src=\"https:\/\/www.youtube.com\/embed\/ZqJn7VXU8aE?feature=oembed\" frameborder=\"0\" allow=\"accelerometer; autoplay; clipboard-write; encrypted-media; gyroscope; picture-in-picture\" allowfullscreen><\/iframe><\/p>\n<p>La confianza personal que nos otorga el constante aprendizaje y nuestro&nbsp;<strong>desarrollo personal&nbsp;<\/strong>es el punto de partida hacia nuevas metas y objetivos. Esa evoluci\u00f3n nos abre nuevas puertas a nuevas oportunidades, creando una renovada y m\u00e1s amplia visi\u00f3n de lo que podemos hacer y lograr. Incluso, aumenta nuestra capacidad para retarnos y perseguir nuestros sue\u00f1os, aquello a lo que aspiramos y a la clase de persona en la que nos podemos convertir.<\/p>\n<p>Desde ah\u00ed es desde donde podemos comenzar a liberarnos de dudas y transformarlas en confianza y determinaci\u00f3n, sabiendo que aunque ciertos miedos est\u00e9n presentes, no nos van a frenar, que vamos a pasar a la acci\u00f3n.<\/p>\n<p>En ese reto es donde est\u00e1 l<strong>a verdadera evoluci\u00f3n<\/strong>, ah\u00ed es donde comenzamos a descubrir cu\u00e1l puede ser nuestro verdadero potencial.<\/p>\n<div class=\"image_with_text\">\n<h2><span id=\"3_Todos_tenemos_una_inmensa_capacidad_de_mejora\">3. TODOS TENEMOS UNA INMENSA CAPACIDAD DE MEJORA<\/span><\/h2>\n<\/div>\n<p>&nbsp;<\/p>\n<p>Llega un momento en la vida en el que hay que dejar de mirar a otro lado y en el que decides que es el momento de mirar hacia dentro, porque&nbsp;<strong>el \u00fanico responsable de tu progreso personal eres t\u00fa<\/strong>. Nadie puede hacer dieta por ti, nadie puede hacer las abdominales por ti, t\u00fa eres responsable de tu propio desarrollo, de tu vida, porque \u00e9sta, aqu\u00ed y ahora, es tu vida.<\/p>\n<p>\u00bfLa formula?&nbsp;No hay una, hay muchas, muchos caminos, muchos m\u00e9todos, y cada uno tiene que encontrar el suyo, porque cada persona tiene diferentes objetivos y necesidades. Cada uno de nosotros nos identificamos con&nbsp;<a href=\"https:\/\/javieririondo.es\/2016\/09\/18\/libros-de-crecimiento-personal\/\">unos libros<\/a>&nbsp;m\u00e1s que con otros. Tal vez te identificas&nbsp;<a href=\"https:\/\/javieririondo.es\/libros\/\">con los m\u00edos<\/a>&nbsp;o con los de alguien muy opuesto. Hoy en d\u00eda tienes acceso a miles de conferencias , cursos, yoga, podcast o terapias, hay diferentes formas de aprender y mirar hacia adentro para comprender; otros se lanzan a la aventura, al desaf\u00edo del descubrimiento.<\/p>\n<p>Independientemente de la situaci\u00f3n personal de cada uno,&nbsp;<strong>ese espacio de mejora es algo que todos tenemos.<\/strong>&nbsp;Nadie llega a un tope y ya est\u00e1. De hecho, a nivel mental, emocional y personal siempre podemos mejorar y esa es nuestra responsabilidad.<\/p>\n<p>No podemos ser otro, alguien distinto de lo que somos, pero s\u00ed una versi\u00f3n mucho mejor. Es m\u00e1s: si no mejoramos, si no cambiamos, dif\u00edcilmente podr\u00e1 mejorar nuestra vida y, sinceramente, creo que&nbsp;<strong>todos queremos mejorar alg\u00fan aspecto de nuestra vida<\/strong>&nbsp;y eso est\u00e1 en nuestras manos.<\/p>\n<p>Nuestro&nbsp;<strong>desarrollo personal<\/strong>&nbsp;es nuestro reto; conquistarnos a nosotros mismos, tener mejores h\u00e1bitos, m\u00e1s&nbsp;<a href=\"https:\/\/javieririondo.es\/2015\/04\/20\/que-es-la-disciplina\/\">disciplina<\/a>, leer m\u00e1s, aprender m\u00e1s, hacer que&nbsp;<a href=\"https:\/\/javieririondo.es\/2018\/09\/14\/cerebro-y-felicidad\/\">nuestra mente no sea nuestro enemigo<\/a>, sino nuestro mejor aliado. Ese es nuestro mayor desaf\u00edo. Es un&nbsp;<strong>desarrollo espiritual\/emocional, f\u00edsico y mental, y esos son los tres aspectos fundamentales.&nbsp;<\/strong>Por cierto, \u00e9chale un vistazo a la&nbsp;<a href=\"https:\/\/javieririondo.es\/2018\/02\/04\/piramide-de-maslow\/\">Pir\u00e1mide de Maslow<\/a>&nbsp;para ampliar este punto.<\/p>\n<div class=\"image_with_text\">\n<h2><span id=\"4_Las_cosas_mas_importantes_de_la_vida_nacen_del_interior\">4. LAS COSAS M\u00c1S IMPORTANTES DE LA VIDA NACEN DEL INTERIOR<\/span><\/h2>\n<\/div>\n<p>&nbsp;<\/p>\n<p>No tiene que ver con lo que logramos, ni hay que medirse por los resultados, que es lo que a muchos les provoca el miedo por la comparaci\u00f3n. La cuesti\u00f3n no es qu\u00e9 consigo, sino en qui\u00e9n me convierto. No lo olvides: siendo m\u00e1s, tambi\u00e9n podemos lograr m\u00e1s.<\/p>\n<p>Jim Kiwik dijo:&nbsp;<em>si rompemos la c\u00e1scara de un huevo (desde afuera) que est\u00e1 en fase de incubaci\u00f3n, la vida se acaba. Pero cuando ese huevo se rompe desde dentro, por su propio crecimiento interno, la vida comienza.<\/em><\/p>\n<p>Lo mismo sucede si abrimos el capullo que envuelve a la mariposa: la estaremos condenando porque no podr\u00e1 volar. Ella debe ser capaz de romper por s\u00ed misma el capullo para fortalecer sus alas y as\u00ed poder salir volando en busca de flores.<\/p>\n<p>Nosotros, ante todo, debemos de perderle el miedo a&nbsp;<a href=\"https:\/\/javieririondo.es\/2018\/03\/02\/salir-de-la-zona-de-confort\/\">salir de la zona de confort<\/a>.<\/p>\n<p><iframe loading=\"lazy\" title=\"Donde tus sue\u00f1os te lleven de Javier Iriondo: Resumen con voz de Pablo Motos.\" width=\"1110\" height=\"624\" src=\"https:\/\/www.youtube.com\/embed\/c7tzIMQR7fk?feature=oembed\" frameborder=\"0\" allow=\"accelerometer; autoplay; clipboard-write; encrypted-media; gyroscope; picture-in-picture\" allowfullscreen><\/iframe><\/p>\n<p><strong>Las cosas m\u00e1s importantes de la vida<\/strong>&nbsp;<strong>siempre nacen del interior<\/strong>. Todo ser vivo nace y tiene una fase de crecimiento, una fase de desarrollo y evoluci\u00f3n, y nosotros no somos diferentes.<\/p>\n<p>Sin embargo, si queremos seguir progresando, si queremos mejorar en nuestra vida, tiene que haber un nuevo crecimiento,&nbsp;<strong>una nueva evoluci\u00f3n personal que nazca de&nbsp;nuestro interior.<\/strong><\/p>\n<h2><span id=\"5_Y_por_donde_empiezo_mi_evolucion_personal\">5. \u00bfY POR D\u00d3NDE EMPIEZO MI EVOLUCI\u00d3N PERSONAL?<\/span><\/h2>\n<p>&nbsp;<\/p>\n<p>Haz lo que tengas que hacer a pesar de las dudas. Desarrolla y trabaja tu&nbsp;<a href=\"https:\/\/javieririondo.es\/2017\/06\/04\/que-es-la-inteligencia-emocional\/\">inteligencia emocional<\/a>, tu comprensi\u00f3n y&nbsp;<a href=\"https:\/\/javieririondo.es\/2018\/02\/23\/empatia-definicion\/\">empat\u00eda<\/a>. Aprende con la experiencia y con los conocimientos que pueden ofrecerte algunos&nbsp;<a href=\"https:\/\/javieririondo.es\/desarrollo-personal-y-liderazgo-taller\/\">cursos de desarrollo personal y liderazgo<\/a>&nbsp;(el m\u00edo ya va por la 8\u00aa edici\u00f3n). Sigue progresando para alcanzar tu&nbsp;potencial, que&nbsp;<strong>no es m\u00e1s que la diferencia que hay entre lo que somos y lo que podemos llegar a ser<\/strong>.<\/p>\n<hr>\n<p><img decoding=\"async\" src=\"https:\/\/teletrabajoynegocios.com\/teletrabajador\/wp-content\/uploads\/sites\/3\/2020\/07\/articulos.png\"><\/p>\n<div class=\"wp-rss-template-container\" data-wpra-template=\"default\" data-template-ctx=\"W10=\">\n    <div class=\"wp-rss-aggregator wpra-list-template  \" data-page=\"1\">\n    \n    \n<ul class=\"wpra-item-list rss-aggregator wpra-item-list--bullets wpra-item-list--default\"\n    start=\"1\">\n                        <li class=\"wpra-item feed-item \">\n            \n            \n\n    <a  href=\"https:\/\/distritoemprendedores.com\/blog\/2026\/03\/16\/hello-world\/\" target=\"_blank\" rel=\"nofollow\" class=\"\">Hello world!<\/a>\n\n\n\n\n\n\n<div class=\"wprss-feed-meta\">\n            <span class=\"feed-source\">\n            Source:\n\n                            Distrito Emprendedores\n                    <\/span>\n    \n            <span class=\"feed-date\">\n            Published on 2026-03-16\n        <\/span>\n    \n    <\/div>\n\n\n\n\n\n            \n        <\/li>\n                    <li class=\"wpra-item feed-item \">\n            \n            \n\n    <a  href=\"https:\/\/www.dropbox.com\/scl\/fi\/b6csvpbfxu24vaezmo3es\/62bed0634df20e5ef35346439fdd423f_franquicias.pdf?rlkey=mfp2795s4n89mw35l0yeu2vl5&amp;e=2&amp;st=57kabuy0&amp;dl=0#new_tab\" target=\"_blank\" rel=\"nofollow\" class=\"\">Las franquicias espa\u00f1olas duplican su presencia en mercados for\u00e1neos<\/a>\n\n\n\n\n\n\n<div class=\"wprss-feed-meta\">\n            <span class=\"feed-source\">\n            Source:\n\n                            Distrito Emprendedores\n                    <\/span>\n    \n            <span class=\"feed-date\">\n            Published on 2026-03-11\n        <\/span>\n    \n    <\/div>\n\n\n\n\n\n            \n        <\/li>\n                    <li class=\"wpra-item feed-item \">\n            \n            \n\n    <a  href=\"https:\/\/distritoemprendedores.es\/blog\/5-errores-fatales-al-internacionalizar-tu-franquicia\/\" target=\"_blank\" rel=\"nofollow\" class=\"\">5 errores fatales al internacionalizar tu franquicia<\/a>\n\n\n\n\n\n\n<div class=\"wprss-feed-meta\">\n            <span class=\"feed-source\">\n            Source:\n\n                            Distrito Emprendedores\n                    <\/span>\n    \n            <span class=\"feed-date\">\n            Published on 2026-03-10\n        <\/span>\n    \n    <\/div>\n\n\n\n\n\n            \n        <\/li>\n                    <li class=\"wpra-item feed-item \">\n            \n            \n\n    <a  href=\"https:\/\/distritoemprendedores.es\/blog\/un-nuevo-prime-time-para-las-marcas-afterwork-tardeo-y-futbol-se-consolidan-como-los-grandes-motores-del-consumo-experiencial\/\" target=\"_blank\" rel=\"nofollow\" class=\"\">Un nuevo prime time para las marcas: afterwork, tardeo y f\u00fatbol se consolidan como los grandes motores del consumo experiencial<\/a>\n\n\n\n\n\n\n<div class=\"wprss-feed-meta\">\n            <span class=\"feed-source\">\n            Source:\n\n                            Distrito Emprendedores\n                    <\/span>\n    \n            <span class=\"feed-date\">\n            Published on 2026-03-09\n        <\/span>\n    \n    <\/div>\n\n\n\n\n\n            \n        <\/li>\n                    <li class=\"wpra-item feed-item \">\n            \n            \n\n    <a  href=\"https:\/\/distritoemprendedores.es\/blog\/la-ventaja-competitiva-esta-en-entender-como-pregunta-el-consumidor\/\" target=\"_blank\" rel=\"nofollow\" class=\"\">La ventaja competitiva est\u00e1 en entender c\u00f3mo pregunta el consumidor<\/a>\n\n\n\n\n\n\n<div class=\"wprss-feed-meta\">\n            <span class=\"feed-source\">\n            Source:\n\n                            Distrito Emprendedores\n                    <\/span>\n    \n            <span class=\"feed-date\">\n            Published on 2026-03-08\n        <\/span>\n    \n    <\/div>\n\n\n\n\n\n            \n        <\/li>\n                    <li class=\"wpra-item feed-item \">\n            \n            \n\n    <a  href=\"https:\/\/distritoemprendedores.es\/blog\/solo-el-7-de-los-espanoles-cree-a-las-marcas-cuando-comunican-sus-valores-con-hechos-demostrables\/\" target=\"_blank\" rel=\"nofollow\" class=\"\">Solo el 7% de los espa\u00f1oles cree a las marcas cuando comunican sus valores con hechos demostrables<\/a>\n\n\n\n\n\n\n<div class=\"wprss-feed-meta\">\n            <span class=\"feed-source\">\n            Source:\n\n                            Distrito Emprendedores\n                    <\/span>\n    \n            <span class=\"feed-date\">\n            Published on 2026-03-07\n        <\/span>\n    \n    <\/div>\n\n\n\n\n\n            \n        <\/li>\n                    <li class=\"wpra-item feed-item \">\n            \n            \n\n    <a  href=\"https:\/\/distritoemprendedores.es\/blog\/el-38-de-las-empresas-creadas-en-2019-ha-echado-ya-el-cierre\/\" target=\"_blank\" rel=\"nofollow\" class=\"\">El 38% de las empresas creadas en 2019 ha echado ya el cierre<\/a>\n\n\n\n\n\n\n<div class=\"wprss-feed-meta\">\n            <span class=\"feed-source\">\n            Source:\n\n                            Distrito Emprendedores\n                    <\/span>\n    \n            <span class=\"feed-date\">\n            Published on 2026-03-06\n        <\/span>\n    \n    <\/div>\n\n\n\n\n\n            \n        <\/li>\n                    <li class=\"wpra-item feed-item \">\n            \n            \n\n    <a  href=\"https:\/\/distritoemprendedores.es\/blog\/descubre-las-oportunidades-y-tendencias-en-el-mercado-de-la-franquicia-para-2026\/\" target=\"_blank\" rel=\"nofollow\" class=\"\">Descubre las oportunidades y tendencias en el mercado de la franquicia para 2026<\/a>\n\n\n\n\n\n\n<div class=\"wprss-feed-meta\">\n            <span class=\"feed-source\">\n            Source:\n\n                            Distrito Emprendedores\n                    <\/span>\n    \n            <span class=\"feed-date\">\n            Published on 2026-03-05\n        <\/span>\n    \n    <\/div>\n\n\n\n\n\n            \n        <\/li>\n                    <li class=\"wpra-item feed-item \">\n            \n            \n\n    <a  href=\"https:\/\/distritoemprendedores.es\/blog\/las-startups-de-salud-mas-punteras-del-mundo\/\" target=\"_blank\" rel=\"nofollow\" class=\"\">Las startups de salud m\u00e1s punteras del mundo<\/a>\n\n\n\n\n\n\n<div class=\"wprss-feed-meta\">\n            <span class=\"feed-source\">\n            Source:\n\n                            Distrito Emprendedores\n                    <\/span>\n    \n            <span class=\"feed-date\">\n            Published on 2026-03-04\n        <\/span>\n    \n    <\/div>\n\n\n\n\n\n            \n        <\/li>\n                    <li class=\"wpra-item feed-item \">\n            \n            \n\n    <a  href=\"https:\/\/distritoemprendedores.es\/blog\/puesta-en-marcha-de-un-negocio-primeros-pasos-para-validar-vender-y-controlar-la-tesoreria\/\" target=\"_blank\" rel=\"nofollow\" class=\"\">Puesta en marcha de un negocio: primeros pasos para validar, vender y controlar la tesorer\u00eda<\/a>\n\n\n\n\n\n\n<div class=\"wprss-feed-meta\">\n            <span class=\"feed-source\">\n            Source:\n\n                            Distrito Emprendedores\n                    <\/span>\n    \n            <span class=\"feed-date\">\n            Published on 2026-03-03\n        <\/span>\n    \n    <\/div>\n\n\n\n\n\n            \n        <\/li>\n                    <li class=\"wpra-item feed-item \">\n            \n            \n\n    <a  href=\"https:\/\/distritoemprendedores.es\/blog\/6-franquicias-sin-apenas-competencia-en-el-mercado\/\" target=\"_blank\" rel=\"nofollow\" class=\"\">6 franquicias sin apenas competencia en el mercado<\/a>\n\n\n\n\n\n\n<div class=\"wprss-feed-meta\">\n            <span class=\"feed-source\">\n            Source:\n\n                            Distrito Emprendedores\n                    <\/span>\n    \n            <span class=\"feed-date\">\n            Published on 2026-03-02\n        <\/span>\n    \n    <\/div>\n\n\n\n\n\n            \n        <\/li>\n                    <li class=\"wpra-item feed-item \">\n            \n            \n\n    <a  href=\"https:\/\/digistorage.es\/links\/71d78951-a420-4f5b-8de6-7b35ae7efc1c#new_tab\" target=\"_blank\" rel=\"nofollow\" class=\"\">Los algoritmos amenazan con filtrar las confesiones realizadas al abogado<\/a>\n\n\n\n\n\n\n<div class=\"wprss-feed-meta\">\n            <span class=\"feed-source\">\n            Source:\n\n                            Distrito Emprendedores\n                    <\/span>\n    \n            <span class=\"feed-date\">\n            Published on 2026-03-01\n        <\/span>\n    \n    <\/div>\n\n\n\n\n\n            \n        <\/li>\n                    <li class=\"wpra-item feed-item \">\n            \n            \n\n    <a  href=\"https:\/\/distritoemprendedores.es\/blog\/las-startups-que-mas-innovan-en-el-mundo\/\" target=\"_blank\" rel=\"nofollow\" class=\"\">Las startups que m\u00e1s innovan en el mundo<\/a>\n\n\n\n\n\n\n<div class=\"wprss-feed-meta\">\n            <span class=\"feed-source\">\n            Source:\n\n                            Distrito Emprendedores\n                    <\/span>\n    \n            <span class=\"feed-date\">\n            Published on 2026-02-28\n        <\/span>\n    \n    <\/div>\n\n\n\n\n\n            \n        <\/li>\n                    <li class=\"wpra-item feed-item \">\n            \n            \n\n    <a  href=\"https:\/\/distritoemprendedores.es\/blog\/tiktok-genera-31-000-millones-de-euros-para-las-empresas-europeas-y-3-000-millones-en-espana\/\" target=\"_blank\" rel=\"nofollow\" class=\"\">TikTok genera 31.000 millones de euros para las empresas europeas y 3.000 millones en Espa\u00f1a<\/a>\n\n\n\n\n\n\n<div class=\"wprss-feed-meta\">\n            <span class=\"feed-source\">\n            Source:\n\n                            Distrito Emprendedores\n                    <\/span>\n    \n            <span class=\"feed-date\">\n            Published on 2026-02-27\n        <\/span>\n    \n    <\/div>\n\n\n\n\n\n            \n        <\/li>\n                    <li class=\"wpra-item feed-item \">\n            \n            \n\n    <a  href=\"https:\/\/distritoemprendedores.es\/blog\/amazon-planea-un-marketplace-para-hacer-de-puente-entre-los-publishers-y-las-empresas-de-ia\/\" target=\"_blank\" rel=\"nofollow\" class=\"\">Amazon planea un \u00abmarketplace\u00bb para hacer de puente entre los \u00abpublishers\u00bb y las empresas de IA<\/a>\n\n\n\n\n\n\n<div class=\"wprss-feed-meta\">\n            <span class=\"feed-source\">\n            Source:\n\n                            Distrito Emprendedores\n                    <\/span>\n    \n            <span class=\"feed-date\">\n            Published on 2026-02-26\n        <\/span>\n    \n    <\/div>\n\n\n\n\n\n            \n        <\/li>\n        <\/ul>\n\n        \n<\/div>\n\n<\/div>\n\n<hr>\n<h3><span id=\"51_Toma_de_conscienciacuando_fue_la_ultima_vez_que_te_actualizaste\"><strong>5.1 Toma de consciencia:&nbsp;\u00bfcu\u00e1ndo fue la \u00faltima vez que te actualizaste?&nbsp;<\/strong><\/span><\/h3>\n<p>El cambio primero es interno y, cuando esto sucede, podremos ver los resultados externos, los resultados de la cosecha que hemos sembrado.<\/p>\n<p>Cada uno de nosotros somos algo realmente complejo que requiere profundizar para llegar a comprender muchos aspectos de la vida, de nosotros mismos y de nuestras relaciones con los dem\u00e1s.<\/p>\n<p>Por eso es importante profundizar para comprender y aprender, porque vamos a pasar el resto de nuestra vida con nosotros mismos y con los dem\u00e1s,&nbsp;y si queremos tener una vida mejor vamos a tener que aprender, porque ese conocimiento no llega por casualidad.<\/p>\n<p>Cuando todo funciona perfecto nos creemos en control, capaces, inteligentes, nos sentimos al mando de nuestro mundo, parece que sabemos y de pronto cuando algo no funciona, se revela nuestra ignorancia.<\/p>\n<p>Como cuando de pronto el ordenador, el coche, la wifi o algo b\u00e1sico no funciona y no sabes c\u00f3mo arreglarlo. Entonces, \u00bfqu\u00e9 sale de ti? Te cabreas, te frustras y le puedes dar los golpes que quieras que no sirve. En realidad, esa reacci\u00f3n es la impotencia de la ignorancia. Eso mismo ocurre cuando nuestro mundo se derrumba a nuestro alrededor, cuando la vida no es como se supon\u00eda que ten\u00eda que ser.<\/p>\n<p>De pronto la complejidad del mundo se revela ante nosotros por nuestra incapacidad de comprender muchas cosas. Parece que sabemos m\u00e1s, que tenemos un dominio, actuamos como si tuvi\u00e9semos el conocimiento, cuando en realidad hay tanto que no sabemos\u2026 Esa la complejidad de la vida.<\/p>\n<p>El problema es que la mayor\u00eda de las personas quieren respuestas simples, una idea sencilla que lo justifique todo, as\u00ed no es necesario profundizar.<\/p>\n<p><iframe loading=\"lazy\" title=\"El David de Miguel Angel 2.mpg\" width=\"1110\" height=\"624\" src=\"https:\/\/www.youtube.com\/embed\/cAvZoMMTshk?feature=oembed\" frameborder=\"0\" allow=\"accelerometer; autoplay; clipboard-write; encrypted-media; gyroscope; picture-in-picture\" allowfullscreen><\/iframe><\/p>\n<h2><span id=\"6_El_desarrollo_personal_puede_cambiar_tu_vida\"><b>6. EL DESARROLLO PERSONAL PUEDE CAMBIAR TU VIDA<\/b><\/span><\/h2>\n<p>\u00bfCu\u00e1nto conocimiento es suficiente para tener una buena vida?&nbsp;No lo sabemos, pero lo que s\u00ed sabemos es que la ignorancia y el desconocimiento pueden producir&nbsp;<a href=\"https:\/\/javieririondo.es\/2017\/09\/10\/ataque-de-ansiedad\/\">ansiedad<\/a>&nbsp;por la sensaci\u00f3n de falta de control, pero tambi\u00e9n nos muestra el espacio, la posibilidad y&nbsp;<a href=\"https:\/\/javieririondo.es\/2017\/03\/19\/descubrir-tu-potencial\/\">el potencial<\/a>&nbsp;para aprender.<\/p>\n<p>Sin embargo, no podemos solucionar lo que no comprendemos, y la falta de comprensi\u00f3n sobre lo que est\u00e1 sucediendo a nuestro alrededor y en nuestro interior nos lleva a la confusi\u00f3n, nos llena de dudas y de miedos. Por eso, lo primero es reflexionar y profundizar para comprender, porque cuando comprendemos mejor las cosas, vemos las cosas de otra manera.&nbsp;&nbsp;<\/p>\n<h3><span id=\"61_Cambiar_tu_mirada_para_no_ser_esclavos_de_la_incertidumbre\"><strong>6.1 Cambiar tu mirada para no ser esclavos de la incertidumbre<\/strong><\/span><\/h3>\n<p>&nbsp;<\/p>\n<p>La comprensi\u00f3n nos libera, mientras que la ignorancia nos hace esclavos de la incertidumbre por la falta de respuestas efectivas que nos aporten la comprensi\u00f3n y la soluci\u00f3n a muchos dilemas.<\/p>\n<p>\u00bfPor qu\u00e9 hacemos lo que hacemos?<\/p>\n<p>\u00bfPor qu\u00e9 nos sentimos como nos sentimos o por qu\u00e9 no nos sentimos m\u00e1s frecuentemente como realmente queremos y nos gustar\u00eda sentirnos?<\/p>\n<p>\u00bfPor qu\u00e9 la confianza se transforma en dudas, miedos e incertidumbre?<\/p>\n<p>\u00bfC\u00f3mo tomamos control de nuestro mundo interior?<\/p>\n<p>\u00bfPor qu\u00e9 percibimos el mundo, nuestra vida y nuestro futuro de forma tan distinta de un d\u00eda para otro?&nbsp;<\/p>\n<p>Las preguntas son infinitas y las respuestas no nos buscan por el camino, tenemos que salir a buscarlas.&nbsp;Cada persona tiene que&nbsp;<a href=\"https:\/\/javieririondo.es\/2016\/12\/11\/como-tomar-decisiones\/\">tomar la decisi\u00f3n<\/a>&nbsp;de qu\u00e9 camino quiere tomar, con qu\u00e9 consecuencias quieres vivir: si con las consecuencias del conocimiento o las consecuencias de la ignorancia y eso es decisi\u00f3n y responsabilidad de cada persona.<\/p>\n<p><iframe loading=\"lazy\" title=\"Javier Iriondo: \u00bfQu\u00e9 esperas de la vida? \u00bfY de ti?\" width=\"1110\" height=\"624\" src=\"https:\/\/www.youtube.com\/embed\/tg0OfWJ0zWw?feature=oembed\" frameborder=\"0\" allow=\"accelerometer; autoplay; clipboard-write; encrypted-media; gyroscope; picture-in-picture\" allowfullscreen><\/iframe><\/p>\n<h3><span id=\"62_En_cada_nueva_etapa_de_la_vida_necesitamos_una_version_mejorada_de_nosotros_mismos\"><strong>6.2 En cada nueva etapa de la vida necesitamos una versi\u00f3n mejorada de nosotros mismos<\/strong><\/span><\/h3>\n<p>&nbsp;<\/p>\n<p>Necesitamos actualizarnos para no quedarnos obsoletos, porque todo cambia r\u00e1pidamente y si nosotros no lo hacemos, nuestra capacidad de adaptarnos ser\u00e1 muy baja y los conflictos no tardar\u00e1n en aparecer. A esto hay que sumar que el potencial no desarrollado, la falta de progreso y evoluci\u00f3n personal provoca una dolorosa sensaci\u00f3n de vac\u00edo y frustraci\u00f3n.&nbsp;<\/p>\n<p>Esa es la raz\u00f3n por la que la inversi\u00f3n en uno mismo es la mejor inversi\u00f3n que podemos hacer,&nbsp;<strong>encontrar herramientas y m\u00e9todos que nos ayuden a desarrollar esa nueva versi\u00f3n mejorada de nosotros mismos.<\/strong><\/p>\n<h2><span id=\"7_El_proceso_de_actualizacion_personaluna_poderosa_herramienta\"><strong>7. EL PROCESO DE ACTUALIZACI\u00d3N PERSONAL:&nbsp;UNA PODEROSA HERRAMIENTA<\/strong><\/span><\/h2>\n<p><strong>La actualizaci\u00f3n personal paso a paso te ayuda a comprender y resolver aspectos del pasado, a dise\u00f1ar tu futuro ideal.<\/strong>&nbsp;Creando un plan realizable para lograr tus objetivos y vivir una vida con m\u00e1s sentido y&nbsp;<a href=\"https:\/\/javieririondo.es\/2014\/02\/19\/proposito-de-vida\/\">prop\u00f3sito<\/a>. Un m\u00e9todo del que en breve hablar\u00e9 m\u00e1s y espero que pronto pueda estar accesible para todos.<\/p>\n<p>Pero de momento s\u00ed te puedo garantizar que al definir y crear ese plan te sientes m\u00e1s en control de tu vida, hay menos dependencia externa y hay una mayor serenidad interna porque poseemos una sensaci\u00f3n de direcci\u00f3n y prop\u00f3sito.<\/p>\n<p><strong>Sin embargo, \u00bfcu\u00e1nto tiempo has pasado planificando hacia d\u00f3nde va tu vida?<\/strong>&nbsp;No digo&nbsp;<a href=\"https:\/\/javieririondo.es\/2016\/11\/13\/superar-el-miedo-al-futuro\/\">preocup\u00e1ndote por el futuro<\/a>&nbsp;(que eso lo hacemos demasiado), sino realmente hablo de sentarte a escribir lo que quieres hacer de tu vida, lo que quieres lograr, a definir c\u00f3mo te gustar\u00eda que fuesen los pr\u00f3ximos a\u00f1os. Si queremos un mejor futuro no bastar\u00e1 con desearlo, habr\u00e1 que dise\u00f1ar un plan.<\/p>\n<h3><span id=\"71_Conocete_y_explora_tus_areas_de_potencial_mejora\"><strong>7.1 Con\u00f3cete y explora tus \u00e1reas de potencial mejora<\/strong><\/span><\/h3>\n<p>La&nbsp;<b>actualizaci\u00f3n personal<\/b>&nbsp;es un m\u00e9todo que te ayuda a dise\u00f1ar ese plan, te aporta una enorme claridad y conocimiento gracias a una herramienta para analizar y aprender de tu pasado y del presente, a dise\u00f1ar tu propia filosof\u00eda, a conocerte y a explorar tu \u00e1reas de potencial mejora.&nbsp;<\/p>\n<p>Es un proceso que te ayuda construir un plan detallado y alcanzable, a dise\u00f1ar el futuro escenario ideal hacia el cual dirigirte para tomar mejores decisiones y avanzar hacia el futuro que quieres con m\u00e1s confianza. Te aporta la sensaci\u00f3n de estar avanzando hacia una meta merecedora, y eso es lo que crea la propia motivaci\u00f3n positiva, y cuanto m\u00e1s valiosa y digna sea esa meta, mayor ser\u00e1 la motivaci\u00f3n y el premio.<\/p>\n<p>Ese debe ser el objetivo que cada uno debemos temer: desarrollar un plan que nos indique el camino para tomar las riendas de nuestro destino.&nbsp;<\/p>\n<p><a href=\"https:\/\/javieririondo.es\/\"><em>Javier Iriondo<\/em><\/a><\/p>\n<div id=\"telet-2608469434\" class=\"telet-despues-del-contenido telet-entity-placement\"><a target=\"_blank\" href=\"\/\/aff.lucushost.com\/resources\/click\/?n=gDxoXMAJ&aff=756\"><img decoding=\"async\" border=\"0\" alt=\"LucusHost, el mejor hosting\" src=\"\/\/aff.lucushost.com\/resources\/banners\/?zoneid=5123&n=gDxoXMAJ&aff=756\" \/><\/a><\/div>","protected":false},"excerpt":{"rendered":"<p>El&nbsp;desarrollo personal es la capacidad que todos tenemos de mejorar,&nbsp;de aprender, de evolucionar y superarnos. Es la posibilidad que tenemos para adquirir nuevas habilidades, desarrollar nuevos talentos y as\u00ed,&nbsp;aumentar nuestro&hellip; <\/p>\n","protected":false},"author":1,"featured_media":2923,"comment_status":"open","ping_status":"open","sticky":false,"template":"","format":"standard","meta":{"_jetpack_memberships_contains_paid_content":false,"footnotes":"","_links_to":"","_links_to_target":""},"categories":[1],"tags":[15,14],"class_list":["post-2922","post","type-post","status-publish","format-standard","has-post-thumbnail","hentry","category-telesecretarias","tag-fuprisa","tag-jose-manuel-fuentes-prieto"],"nelio_content":{"autoShareEndMode":"never","automationSources":{"useCustomSentences":false,"customSentences":[]},"efiAlt":"","efiUrl":"","followers":[1],"highlights":[],"isAutoShareEnabled":true,"networkImageIds":[],"permalinkQueryArgs":[],"series":[],"suggestedReferences":[]},"jetpack_featured_media_url":"https:\/\/teletrabajoynegocios.com\/telesecretarias\/wp-content\/uploads\/sites\/2\/2021\/01\/mariposa.jpg","jetpack_sharing_enabled":true,"_links":{"self":[{"href":"https:\/\/teletrabajoynegocios.com\/telesecretarias\/wp-json\/wp\/v2\/posts\/2922","targetHints":{"allow":["GET"]}}],"collection":[{"href":"https:\/\/teletrabajoynegocios.com\/telesecretarias\/wp-json\/wp\/v2\/posts"}],"about":[{"href":"https:\/\/teletrabajoynegocios.com\/telesecretarias\/wp-json\/wp\/v2\/types\/post"}],"author":[{"embeddable":true,"href":"https:\/\/teletrabajoynegocios.com\/telesecretarias\/wp-json\/wp\/v2\/users\/1"}],"replies":[{"embeddable":true,"href":"https:\/\/teletrabajoynegocios.com\/telesecretarias\/wp-json\/wp\/v2\/comments?post=2922"}],"version-history":[{"count":1,"href":"https:\/\/teletrabajoynegocios.com\/telesecretarias\/wp-json\/wp\/v2\/posts\/2922\/revisions"}],"predecessor-version":[{"id":2924,"href":"https:\/\/teletrabajoynegocios.com\/telesecretarias\/wp-json\/wp\/v2\/posts\/2922\/revisions\/2924"}],"wp:featuredmedia":[{"embeddable":true,"href":"https:\/\/teletrabajoynegocios.com\/telesecretarias\/wp-json\/wp\/v2\/media\/2923"}],"wp:attachment":[{"href":"https:\/\/teletrabajoynegocios.com\/telesecretarias\/wp-json\/wp\/v2\/media?parent=2922"}],"wp:term":[{"taxonomy":"category","embeddable":true,"href":"https:\/\/teletrabajoynegocios.com\/telesecretarias\/wp-json\/wp\/v2\/categories?post=2922"},{"taxonomy":"post_tag","embeddable":true,"href":"https:\/\/teletrabajoynegocios.com\/telesecretarias\/wp-json\/wp\/v2\/tags?post=2922"}],"curies":[{"name":"wp","href":"https:\/\/api.w.org\/{rel}","templated":true}]}}