{"id":2954,"date":"2021-01-22T10:47:28","date_gmt":"2021-01-22T09:47:28","guid":{"rendered":"https:\/\/teletrabajoynegocios.com\/telesecretarias\/?p=2954"},"modified":"2021-01-25T10:51:55","modified_gmt":"2021-01-25T09:51:55","slug":"videoconferencia-dejar-huella-desde-tu-casa","status":"publish","type":"post","link":"https:\/\/teletrabajoynegocios.com\/telesecretarias\/videoconferencia-dejar-huella-desde-tu-casa\/","title":{"rendered":"Videoconferencia. Dejar huella desde tu casa"},"content":{"rendered":"<div id=\"telet-1707938141\" class=\"telet-antes-del-contenido telet-entity-placement\"><a href=\"https:\/\/quaderno.io\/?via=jose-manuel94\" aria-label=\"Quaderno General (Spanish) &#8211; 728&#215;90\"><img loading=\"lazy\" decoding=\"async\" src=\"https:\/\/teletrabajoynegocios.com\/telesecretarias\/wp-content\/uploads\/sites\/2\/2020\/11\/Quaderno-General-Spanish-728x90-1.png\" alt=\"\"  srcset=\"https:\/\/teletrabajoynegocios.com\/telesecretarias\/wp-content\/uploads\/sites\/2\/2020\/11\/Quaderno-General-Spanish-728x90-1.png 728w, https:\/\/teletrabajoynegocios.com\/telesecretarias\/wp-content\/uploads\/sites\/2\/2020\/11\/Quaderno-General-Spanish-728x90-1-300x37.png 300w\" sizes=\"(max-width: 728px) 100vw, 728px\" width=\"728\" height=\"90\"   \/><\/a><\/div><p>No s\u00e9 si a ti te ocurre lo mismo, pero despu\u00e9s de casi un a\u00f1o de confinamiento m\u00e1s o menos continuo, me sorprende que las Videoconferencias, reuniones en remoto y las entrevistas a los expertos a trav\u00e9s de alguna plataforma tipo Zoom, Google Meet, Microsoft Teams o alguna similar, sean tan cutres.<\/p>\n<p>Iluminaci\u00f3n p\u00e9sima, colocaci\u00f3n de la c\u00e1mara en lugares absurdos, sonido espectral, fondos desordenados, miradas perdidas, aspecto desali\u00f1ado\u2026 por no hablar de algunos \u201caccidentes\u201d provocados por no controlar las entradas a la habitaci\u00f3n o los ruidos generados por el resto de los habitantes de la casa.<\/p>\n<p>Entiendo que es f\u00e1cil relajarse si est\u00e1s en tu casa trabajando, especialmente si llevas semanas o meses en esa situaci\u00f3n. Pero del mismo modo que no te presentar\u00edas en la oficina o en una reuni\u00f3n de departamento con una barba de tres d\u00edas, con el pelo como si te acabases de levantar, en ch\u00e1ndal o sin preparar la documentaci\u00f3n, tampoco tiene sentido que lo hagas s\u00f3lo por estar en tu sal\u00f3n.<\/p>\n<p>Hay que entender que, tu cuarto de estar, en una situaci\u00f3n como la actual, debes tratarlo como un lugar tan formal y profesional como tu despacho o cub\u00edculo en la empresa en la que trabajas o en tu centro de negocios. Especialmente porque, a diferencia de una reuni\u00f3n presencial, una Videoconferencia, un Webinario o una entrevista virtual, puede ser grabada y convertir un error en un meme viral que debilite tu prestigio.<\/p>\n<h4>Prepara el espacio<\/h4>\n<p>Seguramente sabes que, al principio de la pandemia, se comercializaron&nbsp;<a href=\"https:\/\/amzn.to\/2XGCegG\" target=\"_blank\" rel=\"noreferrer noopener\">fondos falsos<\/a>&nbsp;que dan la sensaci\u00f3n de que tienes una biblioteca espectacular en tu casa. Tambi\u00e9n sabemos que algunas plataformas de Videoconferencia permiten poner fondos virtuales que eviten que se vea lo que tienes a tu espalda. El problema es que, si te mueves mucho, acaban dando la sensaci\u00f3n de que eres una especie de espectro que se diluye con cada gesto.<\/p>\n<p>Creo que lo importante es recordar que lo importante es tu mensaje, as\u00ed que debes centrarte en eliminar todo aquello que haga que los participantes se desconcentren cuando te toque hablar a ti.<\/p>\n<p>Pon un poco de orden en el cuarto. Cierra armarios. Cuidado con los espejos porque pueden ser muy traicioneros y mostrar m\u00e1s de lo necesario. Utiliza fondos planos. Incorpora alg\u00fan toque personal, una planta puede estar bien. Evita los exteriores porque es muy complicado conseguir una luz y sonido adecuados. Ah, y si vas a utilizar un m\u00f3vil o una tableta, ni se te ocurra aprovechar para transmitir desde el ba\u00f1o.<\/p>\n<h4>Reduce las distracciones<\/h4>\n<p>El problema de trabajar en casa es que, es muy probable que no seas el \u00fanico que viva all\u00ed. Todos nos hemos re\u00eddo de esas im\u00e1genes en las que en una entrevista a un experto o a un pol\u00edtico, aparece su hija peque\u00f1a por detr\u00e1s o se le sube el gato a la mesa (lo confieso, a mi me ha pasado).<\/p>\n<p>Es fundamental dejar claro al resto de los habitantes de la casa (o de la oficina si vas a conectarte con gente fuera de ella) que no deben entrar, ni pasar por detr\u00e1s, ni poner la m\u00fasica a tope, ni permitir que a la mascota le de por ara\u00f1ar la puerta porque quiere jugar o salir a la calle.<\/p>\n<p>Y, por supuesto, apaga todos los cacharros que se puedan poner a pitar, sonar, vibrar o alarmar.<\/p>\n<h4>Busca la iluminaci\u00f3n<\/h4>\n<p>Con lo de la iluminaci\u00f3n no me refiero a que&nbsp;<a href=\"https:\/\/www.instagram.com\/p\/Bmn5i3blanz\/\" target=\"_blank\" rel=\"noreferrer noopener\">te retires a meditar al Tibet<\/a>&nbsp;con un gur\u00fa en un templo budista. Me refiero a que trates de conseguir que se te vea con claridad y luminosidad en lugar de tratar de adivinar tu cara entre las sombras o de ver como los puntos de luz que atraviesan la persiana convierten tu cuerpo en un experimento visual.<\/p>\n<p>Aunque creo que la iluminaci\u00f3n natural siempre es mejor, si quieres asegurar la calidad puedes utilizar una l\u00e1mpara o incluso uno de esos&nbsp;<a href=\"https:\/\/amzn.to\/2XGCegG\" target=\"_blank\" rel=\"noreferrer noopener\">anillos de luz que utilizan los YouTubers<\/a>&nbsp;que dan un toque muy profesional.<\/p>\n<hr>\n<p><img decoding=\"async\" src=\"https:\/\/teletrabajoynegocios.com\/teletrabajador\/wp-content\/uploads\/sites\/3\/2020\/07\/articulos.png\"><\/p>\n<div class=\"wp-rss-template-container\" data-wpra-template=\"default\" data-template-ctx=\"W10=\">\n    <div class=\"wp-rss-aggregator wpra-list-template  \" data-page=\"1\">\n    \n    \n<ul class=\"wpra-item-list rss-aggregator wpra-item-list--bullets wpra-item-list--default\"\n    start=\"1\">\n                        <li class=\"wpra-item feed-item \">\n            \n            \n\n    <a  href=\"https:\/\/distritoemprendedores.com\/blog\/2026\/03\/16\/hello-world\/\" target=\"_blank\" rel=\"nofollow\" class=\"\">Hello world!<\/a>\n\n\n\n\n\n\n<div class=\"wprss-feed-meta\">\n            <span class=\"feed-source\">\n            Source:\n\n                            Distrito Emprendedores\n                    <\/span>\n    \n            <span class=\"feed-date\">\n            Published on 2026-03-16\n        <\/span>\n    \n    <\/div>\n\n\n\n\n\n            \n        <\/li>\n                    <li class=\"wpra-item feed-item \">\n            \n            \n\n    <a  href=\"https:\/\/www.dropbox.com\/scl\/fi\/b6csvpbfxu24vaezmo3es\/62bed0634df20e5ef35346439fdd423f_franquicias.pdf?rlkey=mfp2795s4n89mw35l0yeu2vl5&amp;e=2&amp;st=57kabuy0&amp;dl=0#new_tab\" target=\"_blank\" rel=\"nofollow\" class=\"\">Las franquicias espa\u00f1olas duplican su presencia en mercados for\u00e1neos<\/a>\n\n\n\n\n\n\n<div class=\"wprss-feed-meta\">\n            <span class=\"feed-source\">\n            Source:\n\n                            Distrito Emprendedores\n                    <\/span>\n    \n            <span class=\"feed-date\">\n            Published on 2026-03-11\n        <\/span>\n    \n    <\/div>\n\n\n\n\n\n            \n        <\/li>\n                    <li class=\"wpra-item feed-item \">\n            \n            \n\n    <a  href=\"https:\/\/distritoemprendedores.es\/blog\/5-errores-fatales-al-internacionalizar-tu-franquicia\/\" target=\"_blank\" rel=\"nofollow\" class=\"\">5 errores fatales al internacionalizar tu franquicia<\/a>\n\n\n\n\n\n\n<div class=\"wprss-feed-meta\">\n            <span class=\"feed-source\">\n            Source:\n\n                            Distrito Emprendedores\n                    <\/span>\n    \n            <span class=\"feed-date\">\n            Published on 2026-03-10\n        <\/span>\n    \n    <\/div>\n\n\n\n\n\n            \n        <\/li>\n                    <li class=\"wpra-item feed-item \">\n            \n            \n\n    <a  href=\"https:\/\/distritoemprendedores.es\/blog\/un-nuevo-prime-time-para-las-marcas-afterwork-tardeo-y-futbol-se-consolidan-como-los-grandes-motores-del-consumo-experiencial\/\" target=\"_blank\" rel=\"nofollow\" class=\"\">Un nuevo prime time para las marcas: afterwork, tardeo y f\u00fatbol se consolidan como los grandes motores del consumo experiencial<\/a>\n\n\n\n\n\n\n<div class=\"wprss-feed-meta\">\n            <span class=\"feed-source\">\n            Source:\n\n                            Distrito Emprendedores\n                    <\/span>\n    \n            <span class=\"feed-date\">\n            Published on 2026-03-09\n        <\/span>\n    \n    <\/div>\n\n\n\n\n\n            \n        <\/li>\n                    <li class=\"wpra-item feed-item \">\n            \n            \n\n    <a  href=\"https:\/\/distritoemprendedores.es\/blog\/la-ventaja-competitiva-esta-en-entender-como-pregunta-el-consumidor\/\" target=\"_blank\" rel=\"nofollow\" class=\"\">La ventaja competitiva est\u00e1 en entender c\u00f3mo pregunta el consumidor<\/a>\n\n\n\n\n\n\n<div class=\"wprss-feed-meta\">\n            <span class=\"feed-source\">\n            Source:\n\n                            Distrito Emprendedores\n                    <\/span>\n    \n            <span class=\"feed-date\">\n            Published on 2026-03-08\n        <\/span>\n    \n    <\/div>\n\n\n\n\n\n            \n        <\/li>\n                    <li class=\"wpra-item feed-item \">\n            \n            \n\n    <a  href=\"https:\/\/distritoemprendedores.es\/blog\/solo-el-7-de-los-espanoles-cree-a-las-marcas-cuando-comunican-sus-valores-con-hechos-demostrables\/\" target=\"_blank\" rel=\"nofollow\" class=\"\">Solo el 7% de los espa\u00f1oles cree a las marcas cuando comunican sus valores con hechos demostrables<\/a>\n\n\n\n\n\n\n<div class=\"wprss-feed-meta\">\n            <span class=\"feed-source\">\n            Source:\n\n                            Distrito Emprendedores\n                    <\/span>\n    \n            <span class=\"feed-date\">\n            Published on 2026-03-07\n        <\/span>\n    \n    <\/div>\n\n\n\n\n\n            \n        <\/li>\n                    <li class=\"wpra-item feed-item \">\n            \n            \n\n    <a  href=\"https:\/\/distritoemprendedores.es\/blog\/el-38-de-las-empresas-creadas-en-2019-ha-echado-ya-el-cierre\/\" target=\"_blank\" rel=\"nofollow\" class=\"\">El 38% de las empresas creadas en 2019 ha echado ya el cierre<\/a>\n\n\n\n\n\n\n<div class=\"wprss-feed-meta\">\n            <span class=\"feed-source\">\n            Source:\n\n                            Distrito Emprendedores\n                    <\/span>\n    \n            <span class=\"feed-date\">\n            Published on 2026-03-06\n        <\/span>\n    \n    <\/div>\n\n\n\n\n\n            \n        <\/li>\n                    <li class=\"wpra-item feed-item \">\n            \n            \n\n    <a  href=\"https:\/\/distritoemprendedores.es\/blog\/descubre-las-oportunidades-y-tendencias-en-el-mercado-de-la-franquicia-para-2026\/\" target=\"_blank\" rel=\"nofollow\" class=\"\">Descubre las oportunidades y tendencias en el mercado de la franquicia para 2026<\/a>\n\n\n\n\n\n\n<div class=\"wprss-feed-meta\">\n            <span class=\"feed-source\">\n            Source:\n\n                            Distrito Emprendedores\n                    <\/span>\n    \n            <span class=\"feed-date\">\n            Published on 2026-03-05\n        <\/span>\n    \n    <\/div>\n\n\n\n\n\n            \n        <\/li>\n                    <li class=\"wpra-item feed-item \">\n            \n            \n\n    <a  href=\"https:\/\/distritoemprendedores.es\/blog\/las-startups-de-salud-mas-punteras-del-mundo\/\" target=\"_blank\" rel=\"nofollow\" class=\"\">Las startups de salud m\u00e1s punteras del mundo<\/a>\n\n\n\n\n\n\n<div class=\"wprss-feed-meta\">\n            <span class=\"feed-source\">\n            Source:\n\n                            Distrito Emprendedores\n                    <\/span>\n    \n            <span class=\"feed-date\">\n            Published on 2026-03-04\n        <\/span>\n    \n    <\/div>\n\n\n\n\n\n            \n        <\/li>\n                    <li class=\"wpra-item feed-item \">\n            \n            \n\n    <a  href=\"https:\/\/distritoemprendedores.es\/blog\/puesta-en-marcha-de-un-negocio-primeros-pasos-para-validar-vender-y-controlar-la-tesoreria\/\" target=\"_blank\" rel=\"nofollow\" class=\"\">Puesta en marcha de un negocio: primeros pasos para validar, vender y controlar la tesorer\u00eda<\/a>\n\n\n\n\n\n\n<div class=\"wprss-feed-meta\">\n            <span class=\"feed-source\">\n            Source:\n\n                            Distrito Emprendedores\n                    <\/span>\n    \n            <span class=\"feed-date\">\n            Published on 2026-03-03\n        <\/span>\n    \n    <\/div>\n\n\n\n\n\n            \n        <\/li>\n                    <li class=\"wpra-item feed-item \">\n            \n            \n\n    <a  href=\"https:\/\/distritoemprendedores.es\/blog\/6-franquicias-sin-apenas-competencia-en-el-mercado\/\" target=\"_blank\" rel=\"nofollow\" class=\"\">6 franquicias sin apenas competencia en el mercado<\/a>\n\n\n\n\n\n\n<div class=\"wprss-feed-meta\">\n            <span class=\"feed-source\">\n            Source:\n\n                            Distrito Emprendedores\n                    <\/span>\n    \n            <span class=\"feed-date\">\n            Published on 2026-03-02\n        <\/span>\n    \n    <\/div>\n\n\n\n\n\n            \n        <\/li>\n                    <li class=\"wpra-item feed-item \">\n            \n            \n\n    <a  href=\"https:\/\/digistorage.es\/links\/71d78951-a420-4f5b-8de6-7b35ae7efc1c#new_tab\" target=\"_blank\" rel=\"nofollow\" class=\"\">Los algoritmos amenazan con filtrar las confesiones realizadas al abogado<\/a>\n\n\n\n\n\n\n<div class=\"wprss-feed-meta\">\n            <span class=\"feed-source\">\n            Source:\n\n                            Distrito Emprendedores\n                    <\/span>\n    \n            <span class=\"feed-date\">\n            Published on 2026-03-01\n        <\/span>\n    \n    <\/div>\n\n\n\n\n\n            \n        <\/li>\n                    <li class=\"wpra-item feed-item \">\n            \n            \n\n    <a  href=\"https:\/\/distritoemprendedores.es\/blog\/las-startups-que-mas-innovan-en-el-mundo\/\" target=\"_blank\" rel=\"nofollow\" class=\"\">Las startups que m\u00e1s innovan en el mundo<\/a>\n\n\n\n\n\n\n<div class=\"wprss-feed-meta\">\n            <span class=\"feed-source\">\n            Source:\n\n                            Distrito Emprendedores\n                    <\/span>\n    \n            <span class=\"feed-date\">\n            Published on 2026-02-28\n        <\/span>\n    \n    <\/div>\n\n\n\n\n\n            \n        <\/li>\n                    <li class=\"wpra-item feed-item \">\n            \n            \n\n    <a  href=\"https:\/\/distritoemprendedores.es\/blog\/tiktok-genera-31-000-millones-de-euros-para-las-empresas-europeas-y-3-000-millones-en-espana\/\" target=\"_blank\" rel=\"nofollow\" class=\"\">TikTok genera 31.000 millones de euros para las empresas europeas y 3.000 millones en Espa\u00f1a<\/a>\n\n\n\n\n\n\n<div class=\"wprss-feed-meta\">\n            <span class=\"feed-source\">\n            Source:\n\n                            Distrito Emprendedores\n                    <\/span>\n    \n            <span class=\"feed-date\">\n            Published on 2026-02-27\n        <\/span>\n    \n    <\/div>\n\n\n\n\n\n            \n        <\/li>\n                    <li class=\"wpra-item feed-item \">\n            \n            \n\n    <a  href=\"https:\/\/distritoemprendedores.es\/blog\/amazon-planea-un-marketplace-para-hacer-de-puente-entre-los-publishers-y-las-empresas-de-ia\/\" target=\"_blank\" rel=\"nofollow\" class=\"\">Amazon planea un \u00abmarketplace\u00bb para hacer de puente entre los \u00abpublishers\u00bb y las empresas de IA<\/a>\n\n\n\n\n\n\n<div class=\"wprss-feed-meta\">\n            <span class=\"feed-source\">\n            Source:\n\n                            Distrito Emprendedores\n                    <\/span>\n    \n            <span class=\"feed-date\">\n            Published on 2026-02-26\n        <\/span>\n    \n    <\/div>\n\n\n\n\n\n            \n        <\/li>\n        <\/ul>\n\n        \n<\/div>\n\n<\/div>\n\n<hr>\n<h4>\u201cMe se\u201d oye<\/h4>\n<p>Si bien es importante que se te vea con claridad, es todav\u00eda m\u00e1s prioritario que se escuche lo que quieres contar. No hay nada m\u00e1s pat\u00e9tico que transmitir con voz entrecortada, distorsionada o con eco.<\/p>\n<p>Por supuesto que va a depender mucho de la calidad de la conexi\u00f3n, del tipo de plataforma o de otras cuestiones t\u00e9cnicas sobre las que poco puedes hacer. Pero puedes mejorar mucho la calidad del audio si conectas un micr\u00f3fono al ordenador o al m\u00f3vil en lugar de hablar directamente al cacharro.<\/p>\n<p>No hace falta que te compres&nbsp;<a href=\"https:\/\/amzn.to\/2LSV81u\" target=\"_blank\" rel=\"noreferrer noopener\">un micr\u00f3fono Blue Yeti<\/a>, en la mayor parte de los casos, el propio micro de unos auriculares con cable es m\u00e1s que suficiente. Aunque si te haces con uno, a lo mejor te animas a crear tu propio canal de podcasts.<\/p>\n<h4>Y esto es s\u00f3lo el principio<\/h4>\n<p>S\u00f3lo te he dado algunas ideas muy b\u00e1sicas sobre algunos aspectos t\u00e9cnicos, pero hay montones de peque\u00f1os o grandes detalles que ayudan a que una Videoconferencia se convierta en una herramienta potente para potenciar tu Marca Personal o, por el contrario, sea tu mayor enemigo.<\/p>\n<p>Desde la colocaci\u00f3n de la c\u00e1mara, la utilizaci\u00f3n de chats durante la conexi\u00f3n o la conversaci\u00f3n informal antes o despu\u00e9s de la reuni\u00f3n virtual hasta la preparaci\u00f3n de algo para beber o comer si la sesi\u00f3n se eterniza, el uso (o no) de fotos tomadas de la pantalla en la que aparecen otras personas o saber cuando intervenir sin interrumpir hay montones de factores que pueden hacer que se te perciba como un\/a profesional que sabe lo que hace o confirmar la idea que algunos ya supon\u00edan sobre tu incapacidad para hacer lo m\u00e1s sencillo.<\/p>\n<p>De todos modos, si quieres ampliar informaci\u00f3n sobre todo esto, he preparado una <a href=\"https:\/\/payhip.com\/b\/le5L\" target=\"_blank\" rel=\"noopener\">gu\u00eda de usuario de Videoconferencia<\/a> por si te interesa.<\/p>\n<p><a href=\"https:\/\/www.andresperezortega.com\/\"><em>Andres Perez Ortega<\/em><\/a><\/p>\n<div id=\"telet-1445655140\" class=\"telet-despues-del-contenido telet-entity-placement\"><a target=\"_blank\" href=\"\/\/aff.lucushost.com\/resources\/click\/?n=gDxoXMAJ&aff=756\"><img decoding=\"async\" border=\"0\" alt=\"LucusHost, el mejor hosting\" src=\"\/\/aff.lucushost.com\/resources\/banners\/?zoneid=5123&n=gDxoXMAJ&aff=756\" \/><\/a><\/div>","protected":false},"excerpt":{"rendered":"<p>No s\u00e9 si a ti te ocurre lo mismo, pero despu\u00e9s de casi un a\u00f1o de confinamiento m\u00e1s o menos continuo, me sorprende que las Videoconferencias, reuniones en remoto y&hellip; <\/p>\n","protected":false},"author":1,"featured_media":2955,"comment_status":"open","ping_status":"open","sticky":false,"template":"","format":"standard","meta":{"_jetpack_memberships_contains_paid_content":false,"footnotes":"","_links_to":"","_links_to_target":""},"categories":[9],"tags":[15,14],"class_list":["post-2954","post","type-post","status-publish","format-standard","has-post-thumbnail","hentry","category-ofimatica","tag-fuprisa","tag-jose-manuel-fuentes-prieto"],"nelio_content":{"autoShareEndMode":"never","automationSources":{"useCustomSentences":false,"customSentences":[]},"efiAlt":"","efiUrl":"","followers":[1],"highlights":[],"isAutoShareEnabled":true,"networkImageIds":[],"permalinkQueryArgs":[],"series":[],"suggestedReferences":[]},"jetpack_featured_media_url":"https:\/\/teletrabajoynegocios.com\/telesecretarias\/wp-content\/uploads\/sites\/2\/2021\/01\/descanso-divertido.jpg","jetpack_sharing_enabled":true,"_links":{"self":[{"href":"https:\/\/teletrabajoynegocios.com\/telesecretarias\/wp-json\/wp\/v2\/posts\/2954","targetHints":{"allow":["GET"]}}],"collection":[{"href":"https:\/\/teletrabajoynegocios.com\/telesecretarias\/wp-json\/wp\/v2\/posts"}],"about":[{"href":"https:\/\/teletrabajoynegocios.com\/telesecretarias\/wp-json\/wp\/v2\/types\/post"}],"author":[{"embeddable":true,"href":"https:\/\/teletrabajoynegocios.com\/telesecretarias\/wp-json\/wp\/v2\/users\/1"}],"replies":[{"embeddable":true,"href":"https:\/\/teletrabajoynegocios.com\/telesecretarias\/wp-json\/wp\/v2\/comments?post=2954"}],"version-history":[{"count":1,"href":"https:\/\/teletrabajoynegocios.com\/telesecretarias\/wp-json\/wp\/v2\/posts\/2954\/revisions"}],"predecessor-version":[{"id":2956,"href":"https:\/\/teletrabajoynegocios.com\/telesecretarias\/wp-json\/wp\/v2\/posts\/2954\/revisions\/2956"}],"wp:featuredmedia":[{"embeddable":true,"href":"https:\/\/teletrabajoynegocios.com\/telesecretarias\/wp-json\/wp\/v2\/media\/2955"}],"wp:attachment":[{"href":"https:\/\/teletrabajoynegocios.com\/telesecretarias\/wp-json\/wp\/v2\/media?parent=2954"}],"wp:term":[{"taxonomy":"category","embeddable":true,"href":"https:\/\/teletrabajoynegocios.com\/telesecretarias\/wp-json\/wp\/v2\/categories?post=2954"},{"taxonomy":"post_tag","embeddable":true,"href":"https:\/\/teletrabajoynegocios.com\/telesecretarias\/wp-json\/wp\/v2\/tags?post=2954"}],"curies":[{"name":"wp","href":"https:\/\/api.w.org\/{rel}","templated":true}]}}