{"id":2986,"date":"2021-01-27T11:34:39","date_gmt":"2021-01-27T10:34:39","guid":{"rendered":"https:\/\/teletrabajoynegocios.com\/telesecretarias\/?p=2986"},"modified":"2021-01-27T09:36:51","modified_gmt":"2021-01-27T08:36:51","slug":"cinco-webcams-que-son-perfectas-para-las-reuniones-de-trabajo-desde-casa","status":"publish","type":"post","link":"https:\/\/teletrabajoynegocios.com\/telesecretarias\/cinco-webcams-que-son-perfectas-para-las-reuniones-de-trabajo-desde-casa\/","title":{"rendered":"Cinco webcams que son perfectas para las reuniones de trabajo desde casa"},"content":{"rendered":"<div id=\"telet-3603003486\" class=\"telet-antes-del-contenido telet-entity-placement\"><a href=\"https:\/\/quaderno.io\/?via=jose-manuel94\" aria-label=\"Quaderno General (Spanish) &#8211; 728&#215;90\"><img loading=\"lazy\" decoding=\"async\" src=\"https:\/\/teletrabajoynegocios.com\/telesecretarias\/wp-content\/uploads\/sites\/2\/2020\/11\/Quaderno-General-Spanish-728x90-1.png\" alt=\"\"  srcset=\"https:\/\/teletrabajoynegocios.com\/telesecretarias\/wp-content\/uploads\/sites\/2\/2020\/11\/Quaderno-General-Spanish-728x90-1.png 728w, https:\/\/teletrabajoynegocios.com\/telesecretarias\/wp-content\/uploads\/sites\/2\/2020\/11\/Quaderno-General-Spanish-728x90-1-300x37.png 300w\" sizes=\"(max-width: 728px) 100vw, 728px\" width=\"728\" height=\"90\"   \/><\/a><\/div><p>Si llevas teletrabajando desde marzo o acabas de empezar a hacerlo en los \u00faltimos meses y cada vez tienes m\u00e1s call conference o reuniones en v\u00eddeo, quiz\u00e1s te est\u00e9s planteando hacerte con una webcam de mejor calidad.<\/p>\n<p>Es posible que hasta ahora hayas tirado con la que ven\u00eda en tu viejo ordenador por defecto, pero la calidad de esta sea bastante mala (480 p o incluso 360 p).<\/p>\n<p>La buena noticia es que tienes la posibilidad de conseguir&nbsp;<strong>c\u00e1maras web para ordenador de sobremesa o port\u00e1til&nbsp;<\/strong>por muy poco.&nbsp;<\/p>\n<p>Hay modelos que incluso&nbsp;<strong>se venden por menos de 20 euros<\/strong>, ofreci\u00e9ndote im\u00e1genes en Full HD y hasta 4K. A lo mejor no necesitas tanta resoluci\u00f3n ahora mismo, pero puedes verlo como una inversi\u00f3n de futuro. Nunca sabes cu\u00e1ndo podr\u00e1s necesitarlas.&nbsp;<\/p>\n<p>Ten en cuenta que durante el primer confinamiento domiciliario,&nbsp;<strong>de marzo a junio, las webcams estuvieron agotadas<\/strong>, porque muchas personas abrazaron el teletrabajo al mismo tiempo y su demanda se dispar\u00f3.&nbsp;<\/p>\n<p>Como no sabemos si puede decretarse un nuevo confinamiento y si esto falta de existencias puede volver a producirse, quiz\u00e1s sea ahora buen momento para que te hagas con uno de estos accesorios.&nbsp;<\/p>\n<h3 class=\"title\">Estas son las mejores webcams que puedes comprar por menos de 20 euros:<\/h3>\n<h2 class=\"title\">Webcam Dewanxin&nbsp;<\/h2>\n<p>Amazon ha escogido este producto como la mejor webcam barata. Por poco m\u00e1s de lo que te cuesta un men\u00fa del d\u00eda puedes conseguir una c\u00e1mara que graba y emite en&nbsp;<strong>Full HD (1080p)<\/strong>&nbsp;a 30 fps.&nbsp;<\/p>\n<p>Lleva micr\u00f3fono dual incorporado con reducci\u00f3n autom\u00e1tica de ruido, consiguiendo que su sonido sea m\u00e1s puro y claro.&nbsp;<\/p>\n<p>Esto la hace ideal para dar clases, participar en reuniones o hacer apariciones en medios de comunicaci\u00f3n.&nbsp;<\/p>\n<p>Es Plug &amp; Play, as\u00ed que podr\u00e1s conectarla y usarla sin necesidad de instalar software. Y lleva&nbsp;<strong>USB 3.0&nbsp;<\/strong>para una transmisi\u00f3n m\u00e1s r\u00e1pida de las im\u00e1genes en v\u00eddeo.&nbsp;<\/p>\n<p>Su&nbsp;<strong>distancia focal, de hasta 70mm<\/strong>, y su ligereza, de solo 80 gramos de peso, son otros dos aspectos por los que quiz\u00e1s te convenza.&nbsp;<\/p>\n<p>Con el clip del que se acompa\u00f1a puedes rotarla 360 grados en la posici\u00f3n que m\u00e1s te convenza. Tambi\u00e9n oscila hacia arriba o abajo.<\/p>\n<hr>\n<p><img decoding=\"async\" src=\"https:\/\/teletrabajoynegocios.com\/teletrabajador\/wp-content\/uploads\/sites\/3\/2020\/07\/articulos.png\"><\/p>\n<div class=\"wp-rss-template-container\" data-wpra-template=\"default\" data-template-ctx=\"W10=\">\n    <div class=\"wp-rss-aggregator wpra-list-template  \" data-page=\"1\">\n    \n    \n<ul class=\"wpra-item-list rss-aggregator wpra-item-list--bullets wpra-item-list--default\"\n    start=\"1\">\n                        <li class=\"wpra-item feed-item \">\n            \n            \n\n    <a  href=\"https:\/\/distritoemprendedores.com\/blog\/2026\/03\/16\/hello-world\/\" target=\"_blank\" rel=\"nofollow\" class=\"\">Hello world!<\/a>\n\n\n\n\n\n\n<div class=\"wprss-feed-meta\">\n            <span class=\"feed-source\">\n            Source:\n\n                            Distrito Emprendedores\n                    <\/span>\n    \n            <span class=\"feed-date\">\n            Published on 2026-03-16\n        <\/span>\n    \n    <\/div>\n\n\n\n\n\n            \n        <\/li>\n                    <li class=\"wpra-item feed-item \">\n            \n            \n\n    <a  href=\"https:\/\/www.dropbox.com\/scl\/fi\/b6csvpbfxu24vaezmo3es\/62bed0634df20e5ef35346439fdd423f_franquicias.pdf?rlkey=mfp2795s4n89mw35l0yeu2vl5&amp;e=2&amp;st=57kabuy0&amp;dl=0#new_tab\" target=\"_blank\" rel=\"nofollow\" class=\"\">Las franquicias espa\u00f1olas duplican su presencia en mercados for\u00e1neos<\/a>\n\n\n\n\n\n\n<div class=\"wprss-feed-meta\">\n            <span class=\"feed-source\">\n            Source:\n\n                            Distrito Emprendedores\n                    <\/span>\n    \n            <span class=\"feed-date\">\n            Published on 2026-03-11\n        <\/span>\n    \n    <\/div>\n\n\n\n\n\n            \n        <\/li>\n                    <li class=\"wpra-item feed-item \">\n            \n            \n\n    <a  href=\"https:\/\/distritoemprendedores.es\/blog\/5-errores-fatales-al-internacionalizar-tu-franquicia\/\" target=\"_blank\" rel=\"nofollow\" class=\"\">5 errores fatales al internacionalizar tu franquicia<\/a>\n\n\n\n\n\n\n<div class=\"wprss-feed-meta\">\n            <span class=\"feed-source\">\n            Source:\n\n                            Distrito Emprendedores\n                    <\/span>\n    \n            <span class=\"feed-date\">\n            Published on 2026-03-10\n        <\/span>\n    \n    <\/div>\n\n\n\n\n\n            \n        <\/li>\n                    <li class=\"wpra-item feed-item \">\n            \n            \n\n    <a  href=\"https:\/\/distritoemprendedores.es\/blog\/un-nuevo-prime-time-para-las-marcas-afterwork-tardeo-y-futbol-se-consolidan-como-los-grandes-motores-del-consumo-experiencial\/\" target=\"_blank\" rel=\"nofollow\" class=\"\">Un nuevo prime time para las marcas: afterwork, tardeo y f\u00fatbol se consolidan como los grandes motores del consumo experiencial<\/a>\n\n\n\n\n\n\n<div class=\"wprss-feed-meta\">\n            <span class=\"feed-source\">\n            Source:\n\n                            Distrito Emprendedores\n                    <\/span>\n    \n            <span class=\"feed-date\">\n            Published on 2026-03-09\n        <\/span>\n    \n    <\/div>\n\n\n\n\n\n            \n        <\/li>\n                    <li class=\"wpra-item feed-item \">\n            \n            \n\n    <a  href=\"https:\/\/distritoemprendedores.es\/blog\/la-ventaja-competitiva-esta-en-entender-como-pregunta-el-consumidor\/\" target=\"_blank\" rel=\"nofollow\" class=\"\">La ventaja competitiva est\u00e1 en entender c\u00f3mo pregunta el consumidor<\/a>\n\n\n\n\n\n\n<div class=\"wprss-feed-meta\">\n            <span class=\"feed-source\">\n            Source:\n\n                            Distrito Emprendedores\n                    <\/span>\n    \n            <span class=\"feed-date\">\n            Published on 2026-03-08\n        <\/span>\n    \n    <\/div>\n\n\n\n\n\n            \n        <\/li>\n                    <li class=\"wpra-item feed-item \">\n            \n            \n\n    <a  href=\"https:\/\/distritoemprendedores.es\/blog\/solo-el-7-de-los-espanoles-cree-a-las-marcas-cuando-comunican-sus-valores-con-hechos-demostrables\/\" target=\"_blank\" rel=\"nofollow\" class=\"\">Solo el 7% de los espa\u00f1oles cree a las marcas cuando comunican sus valores con hechos demostrables<\/a>\n\n\n\n\n\n\n<div class=\"wprss-feed-meta\">\n            <span class=\"feed-source\">\n            Source:\n\n                            Distrito Emprendedores\n                    <\/span>\n    \n            <span class=\"feed-date\">\n            Published on 2026-03-07\n        <\/span>\n    \n    <\/div>\n\n\n\n\n\n            \n        <\/li>\n                    <li class=\"wpra-item feed-item \">\n            \n            \n\n    <a  href=\"https:\/\/distritoemprendedores.es\/blog\/el-38-de-las-empresas-creadas-en-2019-ha-echado-ya-el-cierre\/\" target=\"_blank\" rel=\"nofollow\" class=\"\">El 38% de las empresas creadas en 2019 ha echado ya el cierre<\/a>\n\n\n\n\n\n\n<div class=\"wprss-feed-meta\">\n            <span class=\"feed-source\">\n            Source:\n\n                            Distrito Emprendedores\n                    <\/span>\n    \n            <span class=\"feed-date\">\n            Published on 2026-03-06\n        <\/span>\n    \n    <\/div>\n\n\n\n\n\n            \n        <\/li>\n                    <li class=\"wpra-item feed-item \">\n            \n            \n\n    <a  href=\"https:\/\/distritoemprendedores.es\/blog\/descubre-las-oportunidades-y-tendencias-en-el-mercado-de-la-franquicia-para-2026\/\" target=\"_blank\" rel=\"nofollow\" class=\"\">Descubre las oportunidades y tendencias en el mercado de la franquicia para 2026<\/a>\n\n\n\n\n\n\n<div class=\"wprss-feed-meta\">\n            <span class=\"feed-source\">\n            Source:\n\n                            Distrito Emprendedores\n                    <\/span>\n    \n            <span class=\"feed-date\">\n            Published on 2026-03-05\n        <\/span>\n    \n    <\/div>\n\n\n\n\n\n            \n        <\/li>\n                    <li class=\"wpra-item feed-item \">\n            \n            \n\n    <a  href=\"https:\/\/distritoemprendedores.es\/blog\/las-startups-de-salud-mas-punteras-del-mundo\/\" target=\"_blank\" rel=\"nofollow\" class=\"\">Las startups de salud m\u00e1s punteras del mundo<\/a>\n\n\n\n\n\n\n<div class=\"wprss-feed-meta\">\n            <span class=\"feed-source\">\n            Source:\n\n                            Distrito Emprendedores\n                    <\/span>\n    \n            <span class=\"feed-date\">\n            Published on 2026-03-04\n        <\/span>\n    \n    <\/div>\n\n\n\n\n\n            \n        <\/li>\n                    <li class=\"wpra-item feed-item \">\n            \n            \n\n    <a  href=\"https:\/\/distritoemprendedores.es\/blog\/puesta-en-marcha-de-un-negocio-primeros-pasos-para-validar-vender-y-controlar-la-tesoreria\/\" target=\"_blank\" rel=\"nofollow\" class=\"\">Puesta en marcha de un negocio: primeros pasos para validar, vender y controlar la tesorer\u00eda<\/a>\n\n\n\n\n\n\n<div class=\"wprss-feed-meta\">\n            <span class=\"feed-source\">\n            Source:\n\n                            Distrito Emprendedores\n                    <\/span>\n    \n            <span class=\"feed-date\">\n            Published on 2026-03-03\n        <\/span>\n    \n    <\/div>\n\n\n\n\n\n            \n        <\/li>\n                    <li class=\"wpra-item feed-item \">\n            \n            \n\n    <a  href=\"https:\/\/distritoemprendedores.es\/blog\/6-franquicias-sin-apenas-competencia-en-el-mercado\/\" target=\"_blank\" rel=\"nofollow\" class=\"\">6 franquicias sin apenas competencia en el mercado<\/a>\n\n\n\n\n\n\n<div class=\"wprss-feed-meta\">\n            <span class=\"feed-source\">\n            Source:\n\n                            Distrito Emprendedores\n                    <\/span>\n    \n            <span class=\"feed-date\">\n            Published on 2026-03-02\n        <\/span>\n    \n    <\/div>\n\n\n\n\n\n            \n        <\/li>\n                    <li class=\"wpra-item feed-item \">\n            \n            \n\n    <a  href=\"https:\/\/digistorage.es\/links\/71d78951-a420-4f5b-8de6-7b35ae7efc1c#new_tab\" target=\"_blank\" rel=\"nofollow\" class=\"\">Los algoritmos amenazan con filtrar las confesiones realizadas al abogado<\/a>\n\n\n\n\n\n\n<div class=\"wprss-feed-meta\">\n            <span class=\"feed-source\">\n            Source:\n\n                            Distrito Emprendedores\n                    <\/span>\n    \n            <span class=\"feed-date\">\n            Published on 2026-03-01\n        <\/span>\n    \n    <\/div>\n\n\n\n\n\n            \n        <\/li>\n                    <li class=\"wpra-item feed-item \">\n            \n            \n\n    <a  href=\"https:\/\/distritoemprendedores.es\/blog\/las-startups-que-mas-innovan-en-el-mundo\/\" target=\"_blank\" rel=\"nofollow\" class=\"\">Las startups que m\u00e1s innovan en el mundo<\/a>\n\n\n\n\n\n\n<div class=\"wprss-feed-meta\">\n            <span class=\"feed-source\">\n            Source:\n\n                            Distrito Emprendedores\n                    <\/span>\n    \n            <span class=\"feed-date\">\n            Published on 2026-02-28\n        <\/span>\n    \n    <\/div>\n\n\n\n\n\n            \n        <\/li>\n                    <li class=\"wpra-item feed-item \">\n            \n            \n\n    <a  href=\"https:\/\/distritoemprendedores.es\/blog\/tiktok-genera-31-000-millones-de-euros-para-las-empresas-europeas-y-3-000-millones-en-espana\/\" target=\"_blank\" rel=\"nofollow\" class=\"\">TikTok genera 31.000 millones de euros para las empresas europeas y 3.000 millones en Espa\u00f1a<\/a>\n\n\n\n\n\n\n<div class=\"wprss-feed-meta\">\n            <span class=\"feed-source\">\n            Source:\n\n                            Distrito Emprendedores\n                    <\/span>\n    \n            <span class=\"feed-date\">\n            Published on 2026-02-27\n        <\/span>\n    \n    <\/div>\n\n\n\n\n\n            \n        <\/li>\n                    <li class=\"wpra-item feed-item \">\n            \n            \n\n    <a  href=\"https:\/\/distritoemprendedores.es\/blog\/amazon-planea-un-marketplace-para-hacer-de-puente-entre-los-publishers-y-las-empresas-de-ia\/\" target=\"_blank\" rel=\"nofollow\" class=\"\">Amazon planea un \u00abmarketplace\u00bb para hacer de puente entre los \u00abpublishers\u00bb y las empresas de IA<\/a>\n\n\n\n\n\n\n<div class=\"wprss-feed-meta\">\n            <span class=\"feed-source\">\n            Source:\n\n                            Distrito Emprendedores\n                    <\/span>\n    \n            <span class=\"feed-date\">\n            Published on 2026-02-26\n        <\/span>\n    \n    <\/div>\n\n\n\n\n\n            \n        <\/li>\n        <\/ul>\n\n        \n<\/div>\n\n<\/div>\n\n<hr>\n<h2 class=\"title\">Webcam Owsoo&nbsp;<\/h2>\n<p>Seguramente<strong>&nbsp;una de las c\u00e1maras web m\u00e1s baratas<\/strong>&nbsp;que puedes encontrar en Amazon en este momento. Su precio es el de un men\u00fa del d\u00eda en un bar barato.<\/p>\n<p>No obstante, debes tener en cuenta que su resoluci\u00f3n no es Full HD, sino&nbsp;<strong>HD a secas (720 p).&nbsp;<\/strong><\/p>\n<p>Con esa calidad tendr\u00e1s de sobra para reuniones y videclases, pero se te quedar\u00e1 un poco corta si la vas a usar para el mundo audiovisual.&nbsp;<\/p>\n<p>Lleva micr\u00f3fono incorporado que capta sonido incluso a 10 metros y dispone de enfoque autom\u00e1tico, como suele ser habitual en este tipo de accesorios.&nbsp;<\/p>\n<h2 class=\"title\">Webcam Rii<\/h2>\n<p>Este modelo tambi\u00e9n registra y retransmite v\u00eddeo en Full HD a 30 fps, lo que le dar\u00e1 un plus de calidad a tus calls por Zoom y Google Meet.&nbsp;<\/p>\n<p>Su distancia focal es inferior a la primera propuesta (20 mm), pero tiene&nbsp;<strong>correcci\u00f3n autom\u00e1tica de color y brillo<\/strong>, tecnolog\u00eda HDR y reducci\u00f3n autom\u00e1tica de ruido.<\/p>\n<p>Tampoco requiere controladores ni software ning\u00fan tipo para usarse.&nbsp;<\/p>\n<p>La webcam Rii lleva un clip giratorio flexible que permite moverla en 360 grados.&nbsp;<\/p>\n<h2 class=\"title\">Webcam 2K Fanlce<\/h2>\n<p>Por un poco m\u00e1s puedes hacerte con&nbsp;<strong>una webcam que grabe en 2K (2560 x 1440)&nbsp;<\/strong>sin distorsi\u00f3n \u00f3ptica, lo que supondr\u00e1 un salto cualitativo para tus v\u00eddeos y emisiones.&nbsp;<\/p>\n<p>Este modelo puede venirte muy bien si grabas clips profesionales, eres youtuber o creador de contenido.&nbsp;<\/p>\n<p>En otros aspectos es bastante similar al resto de modelos del listado: tiene Plug &amp; Play, autofocus, reducci\u00f3n de ruido, base giratoria, etc. Tambi\u00e9n se puede poner sobre un tr\u00edpode.&nbsp;<\/p>\n<p>Algunos de sus aspectos diferenciales son que incorpora<strong>&nbsp;tecnolog\u00eda de belleza y una tapa protectora<\/strong>&nbsp;para cubrirla y evitar as\u00ed los posibles hackeos.&nbsp;<\/p>\n<h2 class=\"title\">Webcam Elegiant<\/h2>\n<p>El gigante del ecommerce ha elegido este modelo como<strong>&nbsp;la mejor c\u00e1mara de ordenador de su cat\u00e1logo<\/strong>. Hasta ahora ha recibido medio millar de rese\u00f1as de clientes y 2 de cada 3 le dan&nbsp;<a class=\"0,0,0\" href=\"https:\/\/www.amazon.es\/dp\/B089SX9S8P\/?tag=insiderpickss-21&amp;ga=insiderpicks\" target=\"_blank\" rel=\"nofollow noopener sponsored\">una calificaci\u00f3n de 5 estrellas.<\/a><\/p>\n<p>Como la anterior, le vendr\u00e1 muy bien a los que se preocupan sobre todo por&nbsp;<strong>cuidar su privacidad<\/strong>, ya que lleva una solapa que tapa la lente f\u00edsicamente cuando no est\u00e9 en uso.&nbsp;<\/p>\n<p>Esta webcam tiene una resoluci\u00f3n Full HD (1080 p), enfoque autom\u00e1tico y correcci\u00f3n de luz, Plug &amp; Play, etc.<\/p>\n<p>Normalmente su precio es de 27 euros, pero ahora est\u00e1 a la venta con un 39% de descuento. Si te la llevas puedes beneficiarte de un 30% adicional al comprar un aro de luz de la misma marca.&nbsp;<\/p>\n<div class=\"article-header__Authors-sc-1ssjx95-3 dQuzYw\"><a class=\"author-name__AuthorName-sc-1pg07or-0 HstKC\" href=\"https:\/\/www.businessinsider.es\/redaccion\/alberto-payo\">Alberto Payo<\/a><\/div>\n<div id=\"telet-3372154782\" class=\"telet-despues-del-contenido telet-entity-placement\"><a target=\"_blank\" href=\"\/\/aff.lucushost.com\/resources\/click\/?n=gDxoXMAJ&aff=756\"><img decoding=\"async\" border=\"0\" alt=\"LucusHost, el mejor hosting\" src=\"\/\/aff.lucushost.com\/resources\/banners\/?zoneid=5123&n=gDxoXMAJ&aff=756\" \/><\/a><\/div>","protected":false},"excerpt":{"rendered":"<p>Si llevas teletrabajando desde marzo o acabas de empezar a hacerlo en los \u00faltimos meses y cada vez tienes m\u00e1s call conference o reuniones en v\u00eddeo, quiz\u00e1s te est\u00e9s planteando&hellip; <\/p>\n","protected":false},"author":1,"featured_media":-2986,"comment_status":"open","ping_status":"open","sticky":false,"template":"","format":"standard","meta":{"_jetpack_memberships_contains_paid_content":false,"footnotes":"","_links_to":"","_links_to_target":""},"categories":[9],"tags":[15,14],"class_list":["post-2986","post","type-post","status-publish","format-standard","has-post-thumbnail","hentry","category-ofimatica","tag-fuprisa","tag-jose-manuel-fuentes-prieto"],"nelio_content":{"autoShareEndMode":"never","automationSources":{"useCustomSentences":false,"customSentences":[]},"efiAlt":"","efiUrl":"https:\/\/teletrabajoynegocios.com\/teletrabajador\/wp-content\/uploads\/sites\/3\/2021\/01\/videollamadas.jpg","followers":[1],"highlights":[],"isAutoShareEnabled":true,"networkImageIds":[],"permalinkQueryArgs":[],"series":[],"suggestedReferences":[]},"jetpack_featured_media_url":"https:\/\/teletrabajoynegocios.com\/teletrabajador\/wp-content\/uploads\/sites\/3\/2021\/01\/videollamadas.jpg","jetpack_sharing_enabled":true,"_links":{"self":[{"href":"https:\/\/teletrabajoynegocios.com\/telesecretarias\/wp-json\/wp\/v2\/posts\/2986","targetHints":{"allow":["GET"]}}],"collection":[{"href":"https:\/\/teletrabajoynegocios.com\/telesecretarias\/wp-json\/wp\/v2\/posts"}],"about":[{"href":"https:\/\/teletrabajoynegocios.com\/telesecretarias\/wp-json\/wp\/v2\/types\/post"}],"author":[{"embeddable":true,"href":"https:\/\/teletrabajoynegocios.com\/telesecretarias\/wp-json\/wp\/v2\/users\/1"}],"replies":[{"embeddable":true,"href":"https:\/\/teletrabajoynegocios.com\/telesecretarias\/wp-json\/wp\/v2\/comments?post=2986"}],"version-history":[{"count":1,"href":"https:\/\/teletrabajoynegocios.com\/telesecretarias\/wp-json\/wp\/v2\/posts\/2986\/revisions"}],"predecessor-version":[{"id":2987,"href":"https:\/\/teletrabajoynegocios.com\/telesecretarias\/wp-json\/wp\/v2\/posts\/2986\/revisions\/2987"}],"wp:featuredmedia":[{"embeddable":true,"href":"https:\/\/teletrabajoynegocios.com\/telesecretarias\/wp-json\/"}],"wp:attachment":[{"href":"https:\/\/teletrabajoynegocios.com\/telesecretarias\/wp-json\/wp\/v2\/media?parent=2986"}],"wp:term":[{"taxonomy":"category","embeddable":true,"href":"https:\/\/teletrabajoynegocios.com\/telesecretarias\/wp-json\/wp\/v2\/categories?post=2986"},{"taxonomy":"post_tag","embeddable":true,"href":"https:\/\/teletrabajoynegocios.com\/telesecretarias\/wp-json\/wp\/v2\/tags?post=2986"}],"curies":[{"name":"wp","href":"https:\/\/api.w.org\/{rel}","templated":true}]}}