{"id":3022,"date":"2021-02-01T11:48:09","date_gmt":"2021-02-01T10:48:09","guid":{"rendered":"https:\/\/teletrabajoynegocios.com\/telesecretarias\/?p=3022"},"modified":"2021-03-01T09:47:00","modified_gmt":"2021-03-01T08:47:00","slug":"papeleo-que-la-burocracia-no-te-frene","status":"publish","type":"post","link":"https:\/\/teletrabajoynegocios.com\/telesecretarias\/papeleo-que-la-burocracia-no-te-frene\/","title":{"rendered":"Papeleo. Que la burocracia no te frene"},"content":{"rendered":"<div id=\"telet-467520748\" class=\"telet-antes-del-contenido telet-entity-placement\"><a href=\"https:\/\/quaderno.io\/?via=jose-manuel94\" aria-label=\"Quaderno General (Spanish) &#8211; 728&#215;90\"><img loading=\"lazy\" decoding=\"async\" src=\"https:\/\/teletrabajoynegocios.com\/telesecretarias\/wp-content\/uploads\/sites\/2\/2020\/11\/Quaderno-General-Spanish-728x90-1.png\" alt=\"\"  srcset=\"https:\/\/teletrabajoynegocios.com\/telesecretarias\/wp-content\/uploads\/sites\/2\/2020\/11\/Quaderno-General-Spanish-728x90-1.png 728w, https:\/\/teletrabajoynegocios.com\/telesecretarias\/wp-content\/uploads\/sites\/2\/2020\/11\/Quaderno-General-Spanish-728x90-1-300x37.png 300w\" sizes=\"(max-width: 728px) 100vw, 728px\" width=\"728\" height=\"90\"   \/><\/a><\/div><p>Hay un aspecto que suele aparcarse cuando se habla de emprendimiento, de poner en marcha&nbsp;<a href=\"https:\/\/www.andresperezortega.com\/2018\/10\/proyectos-paralelos.html\">Proyectos Paralelos<\/a>&nbsp;o simplemente, cuando alguien simplemente se plantea cambiar la opci\u00f3n del empleo por la de ser&nbsp;<a href=\"https:\/\/www.andresperezortega.com\/servicios\/profesionales-libres\">Profesional Libre<\/a>. Me refiero a los aspectos legales, burocr\u00e1ticos y administrativos que eso implica.<\/p>\n<p>Soy el primero en admitir que, todo lo relacionado con papeleos y documentaci\u00f3n legal, fiscal o laboral \u201cse me hace bola\u201d. Aunque soy de ciencias, soy incapaz de hacer la Declaraci\u00f3n de la Renta m\u00e1s sencilla. Cuando tengo que firmar un contrato, al segundo p\u00e1rrafo ya se me cierran los ojos, y cada vez que tengo que hacer una gesti\u00f3n en Hacienda o en la Seguridad Social, me siento como si me preparase para atravesar el Polo Norte en solitario.<\/p>\n<p>Pero est\u00e1 claro que, lo quieras o no, si quieres salir de lo establecido en el mundo laboral, debes asumir que vas a tener que pasar por ese mal trago (ojo, no digo que no haya personas que disfruten con todo esto). Y si, sobre todo al principio, no vas a poder contratar a alguien para que te lleve estos asuntos, no te va a quedar otra que aprender lo b\u00e1sico.<\/p>\n<h4>La buena noticia es que no es tan complicado<\/h4>\n<p>Creo que, demasiadas veces, nos ponemos la venda antes de la herida y nos imaginamos cosas terribles que luego nunca suceden.<\/p>\n<p>Si nunca te has metido en ese complejo mundo de los papeles y los funcionarios que manejan los temas fiscales y los asuntos laborales, es f\u00e1cil que todo eso te parezca inabordable. Pero para lo que puede necesitar un Profesional Libre, es decir, alguien que simplemente quiera empezar a monetizar el valor de su trabajo, lo cierto es que puedes empezar con cuatro cosas b\u00e1sicas.<\/p>\n<p>No se trata de crear una estructura administrativa o una sociedad como si fueses a crear una empresa petrol\u00edfera o una l\u00ednea a\u00e9rea. Basta con controlar la declaraci\u00f3n de IVA, aprender a crear y gestionar facturas y pocas cosas m\u00e1s. \u00bfSigue siendo un aburrimiento y un peque\u00f1o dolor de cabeza? Desde luego, pero nada que no se pueda superar.<\/p>\n<hr>\n<p><img decoding=\"async\" src=\"https:\/\/teletrabajoynegocios.com\/teletrabajador\/wp-content\/uploads\/sites\/3\/2020\/07\/articulos.png\"><\/p>\n<div class=\"wp-rss-template-container\" data-wpra-template=\"default\" data-template-ctx=\"W10=\">\n    <div class=\"wp-rss-aggregator wpra-list-template  \" data-page=\"1\">\n    \n    \n<ul class=\"wpra-item-list rss-aggregator wpra-item-list--bullets wpra-item-list--default\"\n    start=\"1\">\n                        <li class=\"wpra-item feed-item \">\n            \n            \n\n    <a  href=\"https:\/\/distritoemprendedores.com\/blog\/2026\/03\/16\/hello-world\/\" target=\"_blank\" rel=\"nofollow\" class=\"\">Hello world!<\/a>\n\n\n\n\n\n\n<div class=\"wprss-feed-meta\">\n            <span class=\"feed-source\">\n            Source:\n\n                            Distrito Emprendedores\n                    <\/span>\n    \n            <span class=\"feed-date\">\n            Published on 2026-03-16\n        <\/span>\n    \n    <\/div>\n\n\n\n\n\n            \n        <\/li>\n                    <li class=\"wpra-item feed-item \">\n            \n            \n\n    <a  href=\"https:\/\/www.dropbox.com\/scl\/fi\/b6csvpbfxu24vaezmo3es\/62bed0634df20e5ef35346439fdd423f_franquicias.pdf?rlkey=mfp2795s4n89mw35l0yeu2vl5&amp;e=2&amp;st=57kabuy0&amp;dl=0#new_tab\" target=\"_blank\" rel=\"nofollow\" class=\"\">Las franquicias espa\u00f1olas duplican su presencia en mercados for\u00e1neos<\/a>\n\n\n\n\n\n\n<div class=\"wprss-feed-meta\">\n            <span class=\"feed-source\">\n            Source:\n\n                            Distrito Emprendedores\n                    <\/span>\n    \n            <span class=\"feed-date\">\n            Published on 2026-03-11\n        <\/span>\n    \n    <\/div>\n\n\n\n\n\n            \n        <\/li>\n                    <li class=\"wpra-item feed-item \">\n            \n            \n\n    <a  href=\"https:\/\/distritoemprendedores.es\/blog\/5-errores-fatales-al-internacionalizar-tu-franquicia\/\" target=\"_blank\" rel=\"nofollow\" class=\"\">5 errores fatales al internacionalizar tu franquicia<\/a>\n\n\n\n\n\n\n<div class=\"wprss-feed-meta\">\n            <span class=\"feed-source\">\n            Source:\n\n                            Distrito Emprendedores\n                    <\/span>\n    \n            <span class=\"feed-date\">\n            Published on 2026-03-10\n        <\/span>\n    \n    <\/div>\n\n\n\n\n\n            \n        <\/li>\n                    <li class=\"wpra-item feed-item \">\n            \n            \n\n    <a  href=\"https:\/\/distritoemprendedores.es\/blog\/un-nuevo-prime-time-para-las-marcas-afterwork-tardeo-y-futbol-se-consolidan-como-los-grandes-motores-del-consumo-experiencial\/\" target=\"_blank\" rel=\"nofollow\" class=\"\">Un nuevo prime time para las marcas: afterwork, tardeo y f\u00fatbol se consolidan como los grandes motores del consumo experiencial<\/a>\n\n\n\n\n\n\n<div class=\"wprss-feed-meta\">\n            <span class=\"feed-source\">\n            Source:\n\n                            Distrito Emprendedores\n                    <\/span>\n    \n            <span class=\"feed-date\">\n            Published on 2026-03-09\n        <\/span>\n    \n    <\/div>\n\n\n\n\n\n            \n        <\/li>\n                    <li class=\"wpra-item feed-item \">\n            \n            \n\n    <a  href=\"https:\/\/distritoemprendedores.es\/blog\/la-ventaja-competitiva-esta-en-entender-como-pregunta-el-consumidor\/\" target=\"_blank\" rel=\"nofollow\" class=\"\">La ventaja competitiva est\u00e1 en entender c\u00f3mo pregunta el consumidor<\/a>\n\n\n\n\n\n\n<div class=\"wprss-feed-meta\">\n            <span class=\"feed-source\">\n            Source:\n\n                            Distrito Emprendedores\n                    <\/span>\n    \n            <span class=\"feed-date\">\n            Published on 2026-03-08\n        <\/span>\n    \n    <\/div>\n\n\n\n\n\n            \n        <\/li>\n                    <li class=\"wpra-item feed-item \">\n            \n            \n\n    <a  href=\"https:\/\/distritoemprendedores.es\/blog\/solo-el-7-de-los-espanoles-cree-a-las-marcas-cuando-comunican-sus-valores-con-hechos-demostrables\/\" target=\"_blank\" rel=\"nofollow\" class=\"\">Solo el 7% de los espa\u00f1oles cree a las marcas cuando comunican sus valores con hechos demostrables<\/a>\n\n\n\n\n\n\n<div class=\"wprss-feed-meta\">\n            <span class=\"feed-source\">\n            Source:\n\n                            Distrito Emprendedores\n                    <\/span>\n    \n            <span class=\"feed-date\">\n            Published on 2026-03-07\n        <\/span>\n    \n    <\/div>\n\n\n\n\n\n            \n        <\/li>\n                    <li class=\"wpra-item feed-item \">\n            \n            \n\n    <a  href=\"https:\/\/distritoemprendedores.es\/blog\/el-38-de-las-empresas-creadas-en-2019-ha-echado-ya-el-cierre\/\" target=\"_blank\" rel=\"nofollow\" class=\"\">El 38% de las empresas creadas en 2019 ha echado ya el cierre<\/a>\n\n\n\n\n\n\n<div class=\"wprss-feed-meta\">\n            <span class=\"feed-source\">\n            Source:\n\n                            Distrito Emprendedores\n                    <\/span>\n    \n            <span class=\"feed-date\">\n            Published on 2026-03-06\n        <\/span>\n    \n    <\/div>\n\n\n\n\n\n            \n        <\/li>\n                    <li class=\"wpra-item feed-item \">\n            \n            \n\n    <a  href=\"https:\/\/distritoemprendedores.es\/blog\/descubre-las-oportunidades-y-tendencias-en-el-mercado-de-la-franquicia-para-2026\/\" target=\"_blank\" rel=\"nofollow\" class=\"\">Descubre las oportunidades y tendencias en el mercado de la franquicia para 2026<\/a>\n\n\n\n\n\n\n<div class=\"wprss-feed-meta\">\n            <span class=\"feed-source\">\n            Source:\n\n                            Distrito Emprendedores\n                    <\/span>\n    \n            <span class=\"feed-date\">\n            Published on 2026-03-05\n        <\/span>\n    \n    <\/div>\n\n\n\n\n\n            \n        <\/li>\n                    <li class=\"wpra-item feed-item \">\n            \n            \n\n    <a  href=\"https:\/\/distritoemprendedores.es\/blog\/las-startups-de-salud-mas-punteras-del-mundo\/\" target=\"_blank\" rel=\"nofollow\" class=\"\">Las startups de salud m\u00e1s punteras del mundo<\/a>\n\n\n\n\n\n\n<div class=\"wprss-feed-meta\">\n            <span class=\"feed-source\">\n            Source:\n\n                            Distrito Emprendedores\n                    <\/span>\n    \n            <span class=\"feed-date\">\n            Published on 2026-03-04\n        <\/span>\n    \n    <\/div>\n\n\n\n\n\n            \n        <\/li>\n                    <li class=\"wpra-item feed-item \">\n            \n            \n\n    <a  href=\"https:\/\/distritoemprendedores.es\/blog\/puesta-en-marcha-de-un-negocio-primeros-pasos-para-validar-vender-y-controlar-la-tesoreria\/\" target=\"_blank\" rel=\"nofollow\" class=\"\">Puesta en marcha de un negocio: primeros pasos para validar, vender y controlar la tesorer\u00eda<\/a>\n\n\n\n\n\n\n<div class=\"wprss-feed-meta\">\n            <span class=\"feed-source\">\n            Source:\n\n                            Distrito Emprendedores\n                    <\/span>\n    \n            <span class=\"feed-date\">\n            Published on 2026-03-03\n        <\/span>\n    \n    <\/div>\n\n\n\n\n\n            \n        <\/li>\n                    <li class=\"wpra-item feed-item \">\n            \n            \n\n    <a  href=\"https:\/\/distritoemprendedores.es\/blog\/6-franquicias-sin-apenas-competencia-en-el-mercado\/\" target=\"_blank\" rel=\"nofollow\" class=\"\">6 franquicias sin apenas competencia en el mercado<\/a>\n\n\n\n\n\n\n<div class=\"wprss-feed-meta\">\n            <span class=\"feed-source\">\n            Source:\n\n                            Distrito Emprendedores\n                    <\/span>\n    \n            <span class=\"feed-date\">\n            Published on 2026-03-02\n        <\/span>\n    \n    <\/div>\n\n\n\n\n\n            \n        <\/li>\n                    <li class=\"wpra-item feed-item \">\n            \n            \n\n    <a  href=\"https:\/\/digistorage.es\/links\/71d78951-a420-4f5b-8de6-7b35ae7efc1c#new_tab\" target=\"_blank\" rel=\"nofollow\" class=\"\">Los algoritmos amenazan con filtrar las confesiones realizadas al abogado<\/a>\n\n\n\n\n\n\n<div class=\"wprss-feed-meta\">\n            <span class=\"feed-source\">\n            Source:\n\n                            Distrito Emprendedores\n                    <\/span>\n    \n            <span class=\"feed-date\">\n            Published on 2026-03-01\n        <\/span>\n    \n    <\/div>\n\n\n\n\n\n            \n        <\/li>\n                    <li class=\"wpra-item feed-item \">\n            \n            \n\n    <a  href=\"https:\/\/distritoemprendedores.es\/blog\/las-startups-que-mas-innovan-en-el-mundo\/\" target=\"_blank\" rel=\"nofollow\" class=\"\">Las startups que m\u00e1s innovan en el mundo<\/a>\n\n\n\n\n\n\n<div class=\"wprss-feed-meta\">\n            <span class=\"feed-source\">\n            Source:\n\n                            Distrito Emprendedores\n                    <\/span>\n    \n            <span class=\"feed-date\">\n            Published on 2026-02-28\n        <\/span>\n    \n    <\/div>\n\n\n\n\n\n            \n        <\/li>\n                    <li class=\"wpra-item feed-item \">\n            \n            \n\n    <a  href=\"https:\/\/distritoemprendedores.es\/blog\/tiktok-genera-31-000-millones-de-euros-para-las-empresas-europeas-y-3-000-millones-en-espana\/\" target=\"_blank\" rel=\"nofollow\" class=\"\">TikTok genera 31.000 millones de euros para las empresas europeas y 3.000 millones en Espa\u00f1a<\/a>\n\n\n\n\n\n\n<div class=\"wprss-feed-meta\">\n            <span class=\"feed-source\">\n            Source:\n\n                            Distrito Emprendedores\n                    <\/span>\n    \n            <span class=\"feed-date\">\n            Published on 2026-02-27\n        <\/span>\n    \n    <\/div>\n\n\n\n\n\n            \n        <\/li>\n                    <li class=\"wpra-item feed-item \">\n            \n            \n\n    <a  href=\"https:\/\/distritoemprendedores.es\/blog\/amazon-planea-un-marketplace-para-hacer-de-puente-entre-los-publishers-y-las-empresas-de-ia\/\" target=\"_blank\" rel=\"nofollow\" class=\"\">Amazon planea un \u00abmarketplace\u00bb para hacer de puente entre los \u00abpublishers\u00bb y las empresas de IA<\/a>\n\n\n\n\n\n\n<div class=\"wprss-feed-meta\">\n            <span class=\"feed-source\">\n            Source:\n\n                            Distrito Emprendedores\n                    <\/span>\n    \n            <span class=\"feed-date\">\n            Published on 2026-02-26\n        <\/span>\n    \n    <\/div>\n\n\n\n\n\n            \n        <\/li>\n        <\/ul>\n\n        \n<\/div>\n\n<\/div>\n\n<hr>\n<h4>Que un papel no te frene<\/h4>\n<p>He hablado aqu\u00ed muchas veces de que la mayor dificultad para poner en marcha nuestros propios proyectos profesionales suele ser mental, de creencias. As\u00ed que, asumir (err\u00f3neamente) que las cuestiones administrativas van a ser insuperables, es una excelente excusa para no hacer nada.<\/p>\n<p>Es verdad que el papel supera a la piedra en los chinos, pero la tijera gana al papel. As\u00ed que, ponte en modo tijera y no dejes que la burocracia te impida poner en marcha lo que necesitas o, algo mejor, lo que deseas.<\/p>\n<h4>Cada cosa a su tiempo<\/h4>\n<p>Cuando animo a mis alumnos a comercializar sus cualidades, especialmente a los m\u00e1s j\u00f3venes y a los que est\u00e1n teniendo m\u00e1s problemas para entrar o para reentrar en el mercado laboral, pronto ponen por delante las dificultades o potenciales problemas administrativos a lo importante de sus proyectos.<\/p>\n<p>Cualquiera con mentalidad empresarial (y eso es algo que yo he tenido que adquirir) te dir\u00e1 que lo primero que debes hacer es decidir qu\u00e9 vas a ofrecer, vender o aportar y, no s\u00e9 si antes o inmediatamente despu\u00e9s, encontrar a quienes lo deseen o necesiten. Cuando todo eso empiece a funcionar, entonces es cuando deber\u00e1s empezar a preocuparte por hacer los arreglos oportunos.<\/p>\n<p>Lo que deber\u00eda preocuparte en un primer momento NO es si debes darte de alta como aut\u00f3nomo y dejar de cobrar el paro o si debes crear una sociedad an\u00f3nima o limitada (eso de tener que crear una empresa es tan de nuestros padres\u2026).<\/p>\n<p>Si vas vender algo por Internet, no te quedes de piedra simplemente porque no sabes qu\u00e9 va a ocurrir con los impuestos si vendes en Colombia o en Filipinas. Lo fundamental es encontrar tu primer cliente y entonces vemos como cumplimos con nuestras obligaciones.<\/p>\n<p>No me entiendas mal, no estoy animando a nadie a hacer cosas fuera de la ley o a trabajar en negro. No hay nadie m\u00e1s cumplidor que yo en estos temas. Quiz\u00e1s porque como no entiendo nada, prefiero no hacer cosas raras.<\/p>\n<p>Lo que te digo es que, desde que tienes una idea hasta que empieza a generar ingresos (si es que lo hace), puede pasar mucho tiempo, as\u00ed que cada cosa a su momento. Adem\u00e1s de que, por ejemplo, si no me equivoco, hay un l\u00edmite de ingresos que puedes generar sin tener que darte de alta como aut\u00f3nomo, pero mejor pregunta a quien sepa de esto.<\/p>\n<h4>Puedes acabar cogi\u00e9ndole cari\u00f1o<\/h4>\n<p>No me quiero venir arriba, pero supongo que si hay gente a la que le gusta tratar con estos temas, quiz\u00e1s t\u00fa y yo tambi\u00e9n podamos. La administraci\u00f3n y la gesti\u00f3n del papeleo tambi\u00e9n tiene sus misterios que pueden ser un reto.<\/p>\n<p>El uso profesional que haces de tu casa si trabajas en ella y su relaci\u00f3n con las desgravaciones, el mundo de las subvenciones (que yo nunca he pedido) o la negociaci\u00f3n de un pr\u00e9stamo con el banco pueden ser aspectos de la gesti\u00f3n de tu Estrategia Personal que, aunque quiz\u00e1s menos atractivos que establecer tus Objetivos, crear una Propuesta de Valor o dominar Instagram, puede llegar a ser estimulantes cuando le coges el tranquillo\u2026 aunque reconozco que eso todav\u00eda no me ha pasado.<\/p>\n<p><a href=\"https:\/\/www.andresperezortega.com\/\"><em>Andres Perez Ortega<\/em><\/a><\/p>\n<div class=\"level__left\">\n<div class=\"level__item\">\n<h5 class=\"js-copy-attribute-content photo-page__adp-cta__container__attribution\" style=\"text-align: right;\"><em>Foto de portada: <strong><a href=\"https:\/\/www.pexels.com\/es-es\/@rodnae-prod?utm_content=attributionCopyText&amp;utm_medium=referral&amp;utm_source=pexels\">RODNAE Productions<\/a><\/strong>&nbsp;en&nbsp;<strong><a href=\"https:\/\/www.pexels.com\/es-es\/foto\/persona-sosteniendo-calculadora-de-escritorio-negro-5915236\/?utm_content=attributionCopyText&amp;utm_medium=referral&amp;utm_source=pexels\">Pexels<\/a><\/strong><\/em><\/h5>\n<\/div>\n<\/div>\n<div id=\"telet-2600831081\" class=\"telet-despues-del-contenido telet-entity-placement\"><a target=\"_blank\" href=\"\/\/aff.lucushost.com\/resources\/click\/?n=gDxoXMAJ&aff=756\"><img decoding=\"async\" border=\"0\" alt=\"LucusHost, el mejor hosting\" src=\"\/\/aff.lucushost.com\/resources\/banners\/?zoneid=5123&n=gDxoXMAJ&aff=756\" \/><\/a><\/div>","protected":false},"excerpt":{"rendered":"<p>Hay un aspecto que suele aparcarse cuando se habla de emprendimiento, de poner en marcha&nbsp;Proyectos Paralelos&nbsp;o simplemente, cuando alguien simplemente se plantea cambiar la opci\u00f3n del empleo por la de&hellip; <\/p>\n","protected":false},"author":1,"featured_media":3023,"comment_status":"open","ping_status":"open","sticky":false,"template":"","format":"standard","meta":{"_jetpack_memberships_contains_paid_content":false,"footnotes":"","_links_to":"","_links_to_target":""},"categories":[9],"tags":[15,14],"class_list":["post-3022","post","type-post","status-publish","format-standard","has-post-thumbnail","hentry","category-ofimatica","tag-fuprisa","tag-jose-manuel-fuentes-prieto"],"nelio_content":{"autoShareEndMode":"never","automationSources":{"useCustomSentences":false,"customSentences":[]},"efiAlt":"","efiUrl":"","followers":[1],"highlights":[],"isAutoShareEnabled":true,"networkImageIds":[],"permalinkQueryArgs":[],"series":[],"suggestedReferences":[]},"jetpack_featured_media_url":"https:\/\/teletrabajoynegocios.com\/telesecretarias\/wp-content\/uploads\/sites\/2\/2021\/02\/pexels-rodnae-productions-5915236.jpg","jetpack_sharing_enabled":true,"_links":{"self":[{"href":"https:\/\/teletrabajoynegocios.com\/telesecretarias\/wp-json\/wp\/v2\/posts\/3022","targetHints":{"allow":["GET"]}}],"collection":[{"href":"https:\/\/teletrabajoynegocios.com\/telesecretarias\/wp-json\/wp\/v2\/posts"}],"about":[{"href":"https:\/\/teletrabajoynegocios.com\/telesecretarias\/wp-json\/wp\/v2\/types\/post"}],"author":[{"embeddable":true,"href":"https:\/\/teletrabajoynegocios.com\/telesecretarias\/wp-json\/wp\/v2\/users\/1"}],"replies":[{"embeddable":true,"href":"https:\/\/teletrabajoynegocios.com\/telesecretarias\/wp-json\/wp\/v2\/comments?post=3022"}],"version-history":[{"count":1,"href":"https:\/\/teletrabajoynegocios.com\/telesecretarias\/wp-json\/wp\/v2\/posts\/3022\/revisions"}],"predecessor-version":[{"id":3024,"href":"https:\/\/teletrabajoynegocios.com\/telesecretarias\/wp-json\/wp\/v2\/posts\/3022\/revisions\/3024"}],"wp:featuredmedia":[{"embeddable":true,"href":"https:\/\/teletrabajoynegocios.com\/telesecretarias\/wp-json\/wp\/v2\/media\/3023"}],"wp:attachment":[{"href":"https:\/\/teletrabajoynegocios.com\/telesecretarias\/wp-json\/wp\/v2\/media?parent=3022"}],"wp:term":[{"taxonomy":"category","embeddable":true,"href":"https:\/\/teletrabajoynegocios.com\/telesecretarias\/wp-json\/wp\/v2\/categories?post=3022"},{"taxonomy":"post_tag","embeddable":true,"href":"https:\/\/teletrabajoynegocios.com\/telesecretarias\/wp-json\/wp\/v2\/tags?post=3022"}],"curies":[{"name":"wp","href":"https:\/\/api.w.org\/{rel}","templated":true}]}}