{"id":3145,"date":"2021-02-15T10:38:10","date_gmt":"2021-02-15T09:38:10","guid":{"rendered":"https:\/\/teletrabajoynegocios.com\/telesecretarias\/?p=3145"},"modified":"2021-02-15T10:38:10","modified_gmt":"2021-02-15T09:38:10","slug":"6-razones-por-las-que-trabajar-desde-la-cama-es-una-muy-mala-idea","status":"publish","type":"post","link":"https:\/\/teletrabajoynegocios.com\/telesecretarias\/6-razones-por-las-que-trabajar-desde-la-cama-es-una-muy-mala-idea\/","title":{"rendered":"6 razones por las que trabajar desde la cama es una muy mala idea"},"content":{"rendered":"<div id=\"telet-3318636319\" class=\"telet-antes-del-contenido telet-entity-placement\"><a href=\"https:\/\/quaderno.io\/?via=jose-manuel94\" aria-label=\"Quaderno General (Spanish) &#8211; 728&#215;90\"><img loading=\"lazy\" decoding=\"async\" src=\"https:\/\/teletrabajoynegocios.com\/telesecretarias\/wp-content\/uploads\/sites\/2\/2020\/11\/Quaderno-General-Spanish-728x90-1.png\" alt=\"\"  srcset=\"https:\/\/teletrabajoynegocios.com\/telesecretarias\/wp-content\/uploads\/sites\/2\/2020\/11\/Quaderno-General-Spanish-728x90-1.png 728w, https:\/\/teletrabajoynegocios.com\/telesecretarias\/wp-content\/uploads\/sites\/2\/2020\/11\/Quaderno-General-Spanish-728x90-1-300x37.png 300w\" sizes=\"(max-width: 728px) 100vw, 728px\" width=\"728\" height=\"90\"   \/><\/a><\/div><p class=\"Normal\"><strong>Si llevas tiempo trabajando desde casa<\/strong>&nbsp;a causa del coronavirus quiz\u00e1 te hayas percatado&nbsp;<a class=\"0,0,0\" title=\"las mejores meses de ordenador para teletrabajar\" href=\"https:\/\/www.businessinsider.es\/mejores-mesas-ordenador-escritorios-teletrabajar-751961\">que tu escritorio y tus sillas&nbsp;<\/a>no estaban pensadas para estar en ellas tanto tiempo.&nbsp;<a class=\"0,0,0\" title=\"consejos para adoptar una postura ergon\u00f3mica al trabajar desde casa\" href=\"https:\/\/www.businessinsider.es\/experto-comparte-manera-trabajar-casa-gastar-dinero-701817\">No favorecen una posici\u00f3n ergon\u00f3mica<\/a>&nbsp;y por&nbsp;<a class=\"0,0,0\" title=\"ejercicios efectivos para combatir el dolor de espalda\" href=\"https:\/\/www.businessinsider.es\/6-ejercicios-efectivos-sencillos-aliviar-dolor-espalda-640459\">ello te est\u00e1s dejando la espalda.<\/a><\/p>\n<p class=\"Normal\">Y eso en el mejor de los casos, en el que cuentas con un espacio dedicado en exclusiva para trabajar.<\/p>\n<p class=\"Normal\">Si no es as\u00ed,&nbsp;<strong>puede que te haya tocado amoldarte al trabajo en remoto<\/strong>&nbsp;con un poco de originalidad, buscando las maneras m\u00e1s ingeniosas de&nbsp;<a class=\"0,0,0\" title=\"c\u00f3mo adaptar tu casa cuando trabajas desde ella\" href=\"https:\/\/www.businessinsider.es\/consejos-saber-como-adaptar-casa-teletrabajo-740221\">adaptar tu oficina a tu casa.<\/a><\/p>\n<p class=\"Normal\">Puede que en esa b\u00fasqueda del espacio id\u00f3neo te hayas planteado incluso la cama. Puede que est\u00e9s tan harto de trabajar desde casa que tambi\u00e9n hayas empezado a<strong>&nbsp;dejar de quiarte el pijama y desempe\u00f1ar tu profesi\u00f3n arropado con el n\u00f3rdico.<\/strong><\/p>\n<p class=\"Normal\">Pues si ese es tu caso, debes saber que existen muchas razones para dejar de hacerlo.&nbsp;<strong>Trabajar desde la cama conlleva una buena serie de desventajas<\/strong>&nbsp;tanto para tu salud, como para tu rendimiento e incluso tu ordenador.<\/p>\n<h2 class=\"title\">La postura puede terminar provocando dolores en tu espalda<\/h2>\n<p>Sin duda la&nbsp;<strong>mayor desventaja por la que no debes trabajar en la cama<\/strong>&nbsp;es los&nbsp;<a class=\"0,0,0\" title=\"ejercicios para aliviar el dolor de espalda\" href=\"https:\/\/www.businessinsider.es\/6-ejercicios-efectivos-sencillos-aliviar-dolor-espalda-640459\">problemas de espalda<\/a>&nbsp;que esto puede generar.<\/p>\n<p>Pasar demasiado tiempo en una&nbsp;<strong>misma postura suele ocasionar dolores en la zona lumbar.<\/strong>&nbsp;Y aunque la cama pueda parecer un lugar c\u00f3modo en el que desarrollar buena parte de tu jornada, lo cierto es que<a class=\"0,0,0\" href=\"https:\/\/www.businessinsider.es\/como-mejorar-postura-sentarte-estar-pie-375087\">&nbsp;no favorece una posici\u00f3n correcta de tu cuerpo.<\/a><\/p>\n<p>La Administraci\u00f3n de Salud y Seguridad Ocupacional (OSHA)&nbsp;del Departamento de Trabajo de Estados Unidos, describe el concepto de&nbsp;<a href=\"https:\/\/www.osha.gov\/SLTC\/etools\/computerworkstations\/positions.html\" target=\"_blank\" rel=\"nofollow noopener\">postura corporal neutral<\/a>,&nbsp;&nbsp;una&nbsp;<strong>postura de trabajo c\u00f3moda en la que las articulaciones est\u00e1n alineadas de forma natural,<\/strong>&nbsp;lo que&nbsp;reduce el estr\u00e9s y la tensi\u00f3n en los m\u00fasculos, tendones y sistema esquel\u00e9tico.<\/p>\n<p>Y nada de esto se da en la cama, ya que aunque est\u00e9s sentado<strong>&nbsp;se tiende a curvar demasiado la espalda (pues&nbsp;el ordenador no queda a la altura adecuada)<\/strong>, lo que terminar\u00e1&nbsp;por&nbsp;generar&nbsp;dolores posteriores en el \u00e1rea lumbar.<\/p>\n<h2 class=\"title\">Alteras la calidad del sue\u00f1o y es posible que duermas peor<\/h2>\n<p>Seg\u00fan explica a&nbsp;<a class=\"0,0,0\" href=\"https:\/\/www.healthline.com\/health\/working-from-bed-isnt-doing-you-favors#sleep-quality\" target=\"_blank\" rel=\"nofollow noopener\"><em>Healthline<\/em><\/a>&nbsp;la&nbsp;psicoterapeuta y terapeuta de medicina conductual del sue\u00f1o Annie Miller, existe otro buen&nbsp;<strong>motivo por el cual&nbsp;no deber\u00edas trabajar desde la&nbsp;cama.<\/strong><\/p>\n<p>\u201cCuando usamos nuestra cama para otras actividades, como trabajar, leer, ver la televisi\u00f3n, etc., creamos una asociaci\u00f3n con la vigilia. Pero lo que queremos es que la cama sea una se\u00f1al [para tu cuerpo] de que es hora de&nbsp;dormir, y trabajar en la cama debilita esta asociaci\u00f3n \u201d, explica&nbsp;Miller.<\/p>\n<p>Es decir, al trabajar y dormir en el mismo sitio, es muy p<strong>robable que te cueste mucho m\u00e1s dejar de pensar en tus obligaciones laborales cuando te metas en la cama<\/strong><\/p>\n<p>Adem\u00e1s, una de las&nbsp;<strong>claves para dormir bien<\/strong>&nbsp;es alejar de tu cama&nbsp;<a class=\"0,0,0\" href=\"https:\/\/www.businessinsider.com\/why-its-bad-to-use-your-phone-before-bed\" target=\"_blank\" rel=\"noopener\">todo tipo de dispositivos con pantalla<\/a>, ya que se ha visto que pueden alterar tu sue\u00f1o&nbsp;<a class=\"0,0,0\" title=\"9 cosas que debes dejar de hacer para dormir bien\" href=\"https:\/\/www.businessinsider.es\/9-cosas-dormir-bien-no-deberias-tener-dormitorio-406629\">al propiciar menores cantidades de melatonina.<\/a><\/p>\n<hr>\n<p><img decoding=\"async\" src=\"https:\/\/teletrabajoynegocios.com\/teletrabajador\/wp-content\/uploads\/sites\/3\/2020\/07\/articulos.png\"><\/p>\n<div class=\"wp-rss-template-container\" data-wpra-template=\"default\" data-template-ctx=\"W10=\">\n    <div class=\"wp-rss-aggregator wpra-list-template  \" data-page=\"1\">\n    \n    \n<ul class=\"wpra-item-list rss-aggregator wpra-item-list--bullets wpra-item-list--default\"\n    start=\"1\">\n                        <li class=\"wpra-item feed-item \">\n            \n            \n\n    <a  href=\"https:\/\/distritoemprendedores.com\/blog\/2026\/03\/16\/hello-world\/\" target=\"_blank\" rel=\"nofollow\" class=\"\">Hello world!<\/a>\n\n\n\n\n\n\n<div class=\"wprss-feed-meta\">\n            <span class=\"feed-source\">\n            Source:\n\n                            Distrito Emprendedores\n                    <\/span>\n    \n            <span class=\"feed-date\">\n            Published on 2026-03-16\n        <\/span>\n    \n    <\/div>\n\n\n\n\n\n            \n        <\/li>\n                    <li class=\"wpra-item feed-item \">\n            \n            \n\n    <a  href=\"https:\/\/www.dropbox.com\/scl\/fi\/b6csvpbfxu24vaezmo3es\/62bed0634df20e5ef35346439fdd423f_franquicias.pdf?rlkey=mfp2795s4n89mw35l0yeu2vl5&amp;e=2&amp;st=57kabuy0&amp;dl=0#new_tab\" target=\"_blank\" rel=\"nofollow\" class=\"\">Las franquicias espa\u00f1olas duplican su presencia en mercados for\u00e1neos<\/a>\n\n\n\n\n\n\n<div class=\"wprss-feed-meta\">\n            <span class=\"feed-source\">\n            Source:\n\n                            Distrito Emprendedores\n                    <\/span>\n    \n            <span class=\"feed-date\">\n            Published on 2026-03-11\n        <\/span>\n    \n    <\/div>\n\n\n\n\n\n            \n        <\/li>\n                    <li class=\"wpra-item feed-item \">\n            \n            \n\n    <a  href=\"https:\/\/distritoemprendedores.es\/blog\/5-errores-fatales-al-internacionalizar-tu-franquicia\/\" target=\"_blank\" rel=\"nofollow\" class=\"\">5 errores fatales al internacionalizar tu franquicia<\/a>\n\n\n\n\n\n\n<div class=\"wprss-feed-meta\">\n            <span class=\"feed-source\">\n            Source:\n\n                            Distrito Emprendedores\n                    <\/span>\n    \n            <span class=\"feed-date\">\n            Published on 2026-03-10\n        <\/span>\n    \n    <\/div>\n\n\n\n\n\n            \n        <\/li>\n                    <li class=\"wpra-item feed-item \">\n            \n            \n\n    <a  href=\"https:\/\/distritoemprendedores.es\/blog\/un-nuevo-prime-time-para-las-marcas-afterwork-tardeo-y-futbol-se-consolidan-como-los-grandes-motores-del-consumo-experiencial\/\" target=\"_blank\" rel=\"nofollow\" class=\"\">Un nuevo prime time para las marcas: afterwork, tardeo y f\u00fatbol se consolidan como los grandes motores del consumo experiencial<\/a>\n\n\n\n\n\n\n<div class=\"wprss-feed-meta\">\n            <span class=\"feed-source\">\n            Source:\n\n                            Distrito Emprendedores\n                    <\/span>\n    \n            <span class=\"feed-date\">\n            Published on 2026-03-09\n        <\/span>\n    \n    <\/div>\n\n\n\n\n\n            \n        <\/li>\n                    <li class=\"wpra-item feed-item \">\n            \n            \n\n    <a  href=\"https:\/\/distritoemprendedores.es\/blog\/la-ventaja-competitiva-esta-en-entender-como-pregunta-el-consumidor\/\" target=\"_blank\" rel=\"nofollow\" class=\"\">La ventaja competitiva est\u00e1 en entender c\u00f3mo pregunta el consumidor<\/a>\n\n\n\n\n\n\n<div class=\"wprss-feed-meta\">\n            <span class=\"feed-source\">\n            Source:\n\n                            Distrito Emprendedores\n                    <\/span>\n    \n            <span class=\"feed-date\">\n            Published on 2026-03-08\n        <\/span>\n    \n    <\/div>\n\n\n\n\n\n            \n        <\/li>\n                    <li class=\"wpra-item feed-item \">\n            \n            \n\n    <a  href=\"https:\/\/distritoemprendedores.es\/blog\/solo-el-7-de-los-espanoles-cree-a-las-marcas-cuando-comunican-sus-valores-con-hechos-demostrables\/\" target=\"_blank\" rel=\"nofollow\" class=\"\">Solo el 7% de los espa\u00f1oles cree a las marcas cuando comunican sus valores con hechos demostrables<\/a>\n\n\n\n\n\n\n<div class=\"wprss-feed-meta\">\n            <span class=\"feed-source\">\n            Source:\n\n                            Distrito Emprendedores\n                    <\/span>\n    \n            <span class=\"feed-date\">\n            Published on 2026-03-07\n        <\/span>\n    \n    <\/div>\n\n\n\n\n\n            \n        <\/li>\n                    <li class=\"wpra-item feed-item \">\n            \n            \n\n    <a  href=\"https:\/\/distritoemprendedores.es\/blog\/el-38-de-las-empresas-creadas-en-2019-ha-echado-ya-el-cierre\/\" target=\"_blank\" rel=\"nofollow\" class=\"\">El 38% de las empresas creadas en 2019 ha echado ya el cierre<\/a>\n\n\n\n\n\n\n<div class=\"wprss-feed-meta\">\n            <span class=\"feed-source\">\n            Source:\n\n                            Distrito Emprendedores\n                    <\/span>\n    \n            <span class=\"feed-date\">\n            Published on 2026-03-06\n        <\/span>\n    \n    <\/div>\n\n\n\n\n\n            \n        <\/li>\n                    <li class=\"wpra-item feed-item \">\n            \n            \n\n    <a  href=\"https:\/\/distritoemprendedores.es\/blog\/descubre-las-oportunidades-y-tendencias-en-el-mercado-de-la-franquicia-para-2026\/\" target=\"_blank\" rel=\"nofollow\" class=\"\">Descubre las oportunidades y tendencias en el mercado de la franquicia para 2026<\/a>\n\n\n\n\n\n\n<div class=\"wprss-feed-meta\">\n            <span class=\"feed-source\">\n            Source:\n\n                            Distrito Emprendedores\n                    <\/span>\n    \n            <span class=\"feed-date\">\n            Published on 2026-03-05\n        <\/span>\n    \n    <\/div>\n\n\n\n\n\n            \n        <\/li>\n                    <li class=\"wpra-item feed-item \">\n            \n            \n\n    <a  href=\"https:\/\/distritoemprendedores.es\/blog\/las-startups-de-salud-mas-punteras-del-mundo\/\" target=\"_blank\" rel=\"nofollow\" class=\"\">Las startups de salud m\u00e1s punteras del mundo<\/a>\n\n\n\n\n\n\n<div class=\"wprss-feed-meta\">\n            <span class=\"feed-source\">\n            Source:\n\n                            Distrito Emprendedores\n                    <\/span>\n    \n            <span class=\"feed-date\">\n            Published on 2026-03-04\n        <\/span>\n    \n    <\/div>\n\n\n\n\n\n            \n        <\/li>\n                    <li class=\"wpra-item feed-item \">\n            \n            \n\n    <a  href=\"https:\/\/distritoemprendedores.es\/blog\/puesta-en-marcha-de-un-negocio-primeros-pasos-para-validar-vender-y-controlar-la-tesoreria\/\" target=\"_blank\" rel=\"nofollow\" class=\"\">Puesta en marcha de un negocio: primeros pasos para validar, vender y controlar la tesorer\u00eda<\/a>\n\n\n\n\n\n\n<div class=\"wprss-feed-meta\">\n            <span class=\"feed-source\">\n            Source:\n\n                            Distrito Emprendedores\n                    <\/span>\n    \n            <span class=\"feed-date\">\n            Published on 2026-03-03\n        <\/span>\n    \n    <\/div>\n\n\n\n\n\n            \n        <\/li>\n                    <li class=\"wpra-item feed-item \">\n            \n            \n\n    <a  href=\"https:\/\/distritoemprendedores.es\/blog\/6-franquicias-sin-apenas-competencia-en-el-mercado\/\" target=\"_blank\" rel=\"nofollow\" class=\"\">6 franquicias sin apenas competencia en el mercado<\/a>\n\n\n\n\n\n\n<div class=\"wprss-feed-meta\">\n            <span class=\"feed-source\">\n            Source:\n\n                            Distrito Emprendedores\n                    <\/span>\n    \n            <span class=\"feed-date\">\n            Published on 2026-03-02\n        <\/span>\n    \n    <\/div>\n\n\n\n\n\n            \n        <\/li>\n                    <li class=\"wpra-item feed-item \">\n            \n            \n\n    <a  href=\"https:\/\/digistorage.es\/links\/71d78951-a420-4f5b-8de6-7b35ae7efc1c#new_tab\" target=\"_blank\" rel=\"nofollow\" class=\"\">Los algoritmos amenazan con filtrar las confesiones realizadas al abogado<\/a>\n\n\n\n\n\n\n<div class=\"wprss-feed-meta\">\n            <span class=\"feed-source\">\n            Source:\n\n                            Distrito Emprendedores\n                    <\/span>\n    \n            <span class=\"feed-date\">\n            Published on 2026-03-01\n        <\/span>\n    \n    <\/div>\n\n\n\n\n\n            \n        <\/li>\n                    <li class=\"wpra-item feed-item \">\n            \n            \n\n    <a  href=\"https:\/\/distritoemprendedores.es\/blog\/las-startups-que-mas-innovan-en-el-mundo\/\" target=\"_blank\" rel=\"nofollow\" class=\"\">Las startups que m\u00e1s innovan en el mundo<\/a>\n\n\n\n\n\n\n<div class=\"wprss-feed-meta\">\n            <span class=\"feed-source\">\n            Source:\n\n                            Distrito Emprendedores\n                    <\/span>\n    \n            <span class=\"feed-date\">\n            Published on 2026-02-28\n        <\/span>\n    \n    <\/div>\n\n\n\n\n\n            \n        <\/li>\n                    <li class=\"wpra-item feed-item \">\n            \n            \n\n    <a  href=\"https:\/\/distritoemprendedores.es\/blog\/tiktok-genera-31-000-millones-de-euros-para-las-empresas-europeas-y-3-000-millones-en-espana\/\" target=\"_blank\" rel=\"nofollow\" class=\"\">TikTok genera 31.000 millones de euros para las empresas europeas y 3.000 millones en Espa\u00f1a<\/a>\n\n\n\n\n\n\n<div class=\"wprss-feed-meta\">\n            <span class=\"feed-source\">\n            Source:\n\n                            Distrito Emprendedores\n                    <\/span>\n    \n            <span class=\"feed-date\">\n            Published on 2026-02-27\n        <\/span>\n    \n    <\/div>\n\n\n\n\n\n            \n        <\/li>\n                    <li class=\"wpra-item feed-item \">\n            \n            \n\n    <a  href=\"https:\/\/distritoemprendedores.es\/blog\/amazon-planea-un-marketplace-para-hacer-de-puente-entre-los-publishers-y-las-empresas-de-ia\/\" target=\"_blank\" rel=\"nofollow\" class=\"\">Amazon planea un \u00abmarketplace\u00bb para hacer de puente entre los \u00abpublishers\u00bb y las empresas de IA<\/a>\n\n\n\n\n\n\n<div class=\"wprss-feed-meta\">\n            <span class=\"feed-source\">\n            Source:\n\n                            Distrito Emprendedores\n                    <\/span>\n    \n            <span class=\"feed-date\">\n            Published on 2026-02-26\n        <\/span>\n    \n    <\/div>\n\n\n\n\n\n            \n        <\/li>\n        <\/ul>\n\n        \n<\/div>\n\n<\/div>\n\n<hr>\n<h2 class=\"title\">La cama no es el mejor lugar para potenciar tu productividad<\/h2>\n<p>Ya que<strong>&nbsp;trabajar desde la cama es posible que te haga dormir peor y te provoque&nbsp;dolores de espalda,<\/strong>&nbsp;todo ello ello puede a su vez comprometer tu&nbsp;rendimiento.<\/p>\n<p>A su vez, no es un espacio demasiado profesional, lo que puede hacerte tambi\u00e9n caer en la inactividad. Desde sentirte m\u00e1s tentado a mirar internet a echar una cabezadita de vez en cuando ya que puede que ni siquiera te hayas quitado el pijama.<\/p>\n<h2 class=\"title\">Dejar tu port\u00e1til en la cama puede terminar rompi\u00e9ndolo<\/h2>\n<p>Quiz\u00e1 no te preocupes demasiado por tu rendimiento o incluso por la salud de tu espalda, pero seguro que s\u00ed te importa el buen estado de tu ordenador.<\/p>\n<p>Y<strong>&nbsp;nada peor para este que dejarlo encendido en la cama<\/strong>. No debes dejarte guiar por lo que haces con tu m\u00f3vil, a diferencia de los&nbsp;<em>smartphones<\/em>, tu port\u00e1til tiene un sistema de ventilaci\u00f3n que expulsa el aire caliente y evita que el interior se sobrecaliente.<\/p>\n<p>Al dejarlo sobre una superficie \u00abmullidita\u00bb, como la cama o el sill\u00f3n, esta se adapta al contorno del ordenador y puede tapar los conductos de ventilaci\u00f3n haciendo que&nbsp;<strong>se caliente en exceso, lo que puede romperlo.<\/strong><\/p>\n<h2 class=\"title\">Tambi\u00e9n acortar\u00e1s la vida de tu colch\u00f3n<\/h2>\n<p>Como tambi\u00e9n remarcan desde&nbsp;<em><a class=\"0,0,0\" href=\"https:\/\/mejorconsalud.as.com\/desventajas-trabajar-desde-cama\/\" target=\"_blank\" rel=\"nofollow noopener\">Mejor con salud<\/a>&nbsp;<\/em>al pasar tanto tiempo tumbado en tu cama puede estar acortando la vida \u00fatil de tu colch\u00f3n.<\/p>\n<p>Y es que estos est\u00e1n&nbsp;dise\u00f1ados para ser utilizados por un tiempo determinado, despu\u00e9s del cual pierdes calidad. Si multiplicas exponencialmente este tiempo al&nbsp;<strong>pasar toda tu jornada laboral&nbsp;en la cama, estar\u00e1s provocando&nbsp;que tu colch\u00f3n pierda forma y&nbsp;se deteriore antes.&nbsp;<\/strong><\/p>\n<h2 class=\"title\">Har\u00e1s que tu cama est\u00e9 a\u00fan m\u00e1s sucia<\/h2>\n<p>Cada&nbsp;<strong>persona pierde alrededor de 15 millones de c\u00e9lulas de piel cada noche que sirven para&nbsp;<\/strong><a class=\"0,0,0\" title=\"cada cu\u00e1nto hay que cambiar las s\u00e1banas de la cama\" href=\"https:\/\/www.businessinsider.es\/cada-cuanto-hay-cambiar-sabanas-pasa-no-haces-478145\">\u00abalimentar\u00bb los&nbsp;\u00e1caros del polvo.<\/a>&nbsp;&nbsp;<\/p>\n<p>Las s\u00e1banas sucias pueden provocar acumulaci\u00f3n de \u00e1caros del polvo,pero tambi\u00e9n de&nbsp;bacterias e incluso hongos, lo que puede&nbsp;<a class=\"0,0,0\" href=\"https:\/\/www.businessinsider.es\/no-lavar-sabanas-puede-derivar-alergia-acne-incluso-ser-mortal-760715\">terminar generando entre otras cosas, alergias.<\/a><\/p>\n<p>Es evidente que cuanto m\u00e1s tiempo pases en tu cama, m\u00e1s comida les ofrecer\u00e1s y&nbsp;<a class=\"0,0,0\" href=\"https:\/\/www.businessinsider.es\/cada-cuanto-hay-cambiar-sabanas-pasa-no-haces-478145\">m\u00e1s se multiplicar\u00e1n en tus s\u00e1banas<\/a>,&nbsp;comprometiendo tu salud.<\/p>\n<div class=\"article-header__Authors-sc-1ssjx95-3 dQuzYw\"><a class=\"author-name__AuthorName-sc-1pg07or-0 HstKC\" href=\"https:\/\/www.businessinsider.es\/redaccion\/cristina-fernandez-esteban\">Cristina Fern\u00e1ndez Esteban<\/a><\/div>\n<div id=\"telet-3892475243\" class=\"telet-despues-del-contenido telet-entity-placement\"><a target=\"_blank\" href=\"\/\/aff.lucushost.com\/resources\/click\/?n=gDxoXMAJ&aff=756\"><img decoding=\"async\" border=\"0\" alt=\"LucusHost, el mejor hosting\" src=\"\/\/aff.lucushost.com\/resources\/banners\/?zoneid=5123&n=gDxoXMAJ&aff=756\" \/><\/a><\/div>","protected":false},"excerpt":{"rendered":"<p>Si llevas tiempo trabajando desde casa&nbsp;a causa del coronavirus quiz\u00e1 te hayas percatado&nbsp;que tu escritorio y tus sillas&nbsp;no estaban pensadas para estar en ellas tanto tiempo.&nbsp;No favorecen una posici\u00f3n ergon\u00f3mica&nbsp;y&hellip; <\/p>\n","protected":false},"author":1,"featured_media":809,"comment_status":"open","ping_status":"open","sticky":false,"template":"","format":"standard","meta":{"_jetpack_memberships_contains_paid_content":false,"footnotes":"","_links_to":"","_links_to_target":""},"categories":[1],"tags":[15,14],"class_list":["post-3145","post","type-post","status-publish","format-standard","has-post-thumbnail","hentry","category-telesecretarias","tag-fuprisa","tag-jose-manuel-fuentes-prieto"],"nelio_content":{"autoShareEndMode":"never","automationSources":{"useCustomSentences":false,"customSentences":[]},"efiAlt":"","efiUrl":"","followers":[1],"highlights":[],"isAutoShareEnabled":true,"networkImageIds":[],"permalinkQueryArgs":[],"series":[],"suggestedReferences":[]},"jetpack_featured_media_url":"https:\/\/teletrabajoynegocios.com\/telesecretarias\/wp-content\/uploads\/sites\/2\/2020\/03\/contratar-secretaria-virtual_166.jpg","jetpack_sharing_enabled":true,"_links":{"self":[{"href":"https:\/\/teletrabajoynegocios.com\/telesecretarias\/wp-json\/wp\/v2\/posts\/3145","targetHints":{"allow":["GET"]}}],"collection":[{"href":"https:\/\/teletrabajoynegocios.com\/telesecretarias\/wp-json\/wp\/v2\/posts"}],"about":[{"href":"https:\/\/teletrabajoynegocios.com\/telesecretarias\/wp-json\/wp\/v2\/types\/post"}],"author":[{"embeddable":true,"href":"https:\/\/teletrabajoynegocios.com\/telesecretarias\/wp-json\/wp\/v2\/users\/1"}],"replies":[{"embeddable":true,"href":"https:\/\/teletrabajoynegocios.com\/telesecretarias\/wp-json\/wp\/v2\/comments?post=3145"}],"version-history":[{"count":1,"href":"https:\/\/teletrabajoynegocios.com\/telesecretarias\/wp-json\/wp\/v2\/posts\/3145\/revisions"}],"predecessor-version":[{"id":3146,"href":"https:\/\/teletrabajoynegocios.com\/telesecretarias\/wp-json\/wp\/v2\/posts\/3145\/revisions\/3146"}],"wp:featuredmedia":[{"embeddable":true,"href":"https:\/\/teletrabajoynegocios.com\/telesecretarias\/wp-json\/wp\/v2\/media\/809"}],"wp:attachment":[{"href":"https:\/\/teletrabajoynegocios.com\/telesecretarias\/wp-json\/wp\/v2\/media?parent=3145"}],"wp:term":[{"taxonomy":"category","embeddable":true,"href":"https:\/\/teletrabajoynegocios.com\/telesecretarias\/wp-json\/wp\/v2\/categories?post=3145"},{"taxonomy":"post_tag","embeddable":true,"href":"https:\/\/teletrabajoynegocios.com\/telesecretarias\/wp-json\/wp\/v2\/tags?post=3145"}],"curies":[{"name":"wp","href":"https:\/\/api.w.org\/{rel}","templated":true}]}}