{"id":3241,"date":"2021-02-26T10:51:57","date_gmt":"2021-02-26T09:51:57","guid":{"rendered":"https:\/\/teletrabajoynegocios.com\/telesecretarias\/?p=3241"},"modified":"2021-02-25T11:04:27","modified_gmt":"2021-02-25T10:04:27","slug":"que-es-instagram-y-como-funciona","status":"publish","type":"post","link":"https:\/\/teletrabajoynegocios.com\/telesecretarias\/que-es-instagram-y-como-funciona\/","title":{"rendered":"Qu\u00e9 es Instagram y c\u00f3mo funciona"},"content":{"rendered":"<div id=\"telet-1111877166\" class=\"telet-antes-del-contenido telet-entity-placement\"><a href=\"https:\/\/quaderno.io\/?via=jose-manuel94\" aria-label=\"Quaderno General (Spanish) &#8211; 728&#215;90\"><img loading=\"lazy\" decoding=\"async\" src=\"https:\/\/teletrabajoynegocios.com\/telesecretarias\/wp-content\/uploads\/sites\/2\/2020\/11\/Quaderno-General-Spanish-728x90-1.png\" alt=\"\"  srcset=\"https:\/\/teletrabajoynegocios.com\/telesecretarias\/wp-content\/uploads\/sites\/2\/2020\/11\/Quaderno-General-Spanish-728x90-1.png 728w, https:\/\/teletrabajoynegocios.com\/telesecretarias\/wp-content\/uploads\/sites\/2\/2020\/11\/Quaderno-General-Spanish-728x90-1-300x37.png 300w\" sizes=\"(max-width: 728px) 100vw, 728px\" width=\"728\" height=\"90\"   \/><\/a><\/div><p><strong><a href=\"https:\/\/www.ciudadano2cero.com\/como-conseguir-seguidores-en-instagram\/\" target=\"_blank\" rel=\"noopener\">Instagram<\/a><\/strong>&nbsp;es la red social de momento y de eso no hay duda.&nbsp;<strong>Desde que surgi\u00f3 en el a\u00f1o 2010<\/strong>&nbsp;no ha dejado de sorprendernos con&nbsp;<strong>nuevas actualizaciones y funcionalidades.<\/strong><\/p>\n<p>Cuando comenz\u00f3, tan solo se pod\u00eda compartir un tipo de contenido:&nbsp;<strong>im\u00e1genes est\u00e1ticas<\/strong>. En los \u00faltimos a\u00f1os esto ha cambiado, y ahora puedes&nbsp;<strong>compartir tanto im\u00e1genes como v\u00eddeos en muchos formatos diferentes.<\/strong><\/p>\n<p>Si quieres descubrir m\u00e1s, \u00a1sigue leyendo!<\/p>\n<h2><span id=\"Que_es_para_que_sirve_y_como_funciona_Instagram\">Qu\u00e9 es, para qu\u00e9 sirve y c\u00f3mo funciona Instagram<\/span><\/h2>\n<p>Instagram es una red social para&nbsp;<strong>compartir im\u00e1genes y videos<\/strong>, pero que seg\u00fan ha ido pasando el tiempo ha incorporado&nbsp;<strong>nuevas formas de compartir ese contenido.<\/strong><\/p>\n<p>La interfaz ha ido evolucionando tambi\u00e9n y en&nbsp;<strong>diciembre de 2020<\/strong>&nbsp;ha a\u00f1adido&nbsp;<strong>nuevas funcionalidades.<\/strong><\/p>\n<p>En la parte de abajo de la aplicaci\u00f3n encuentras un men\u00fa con las diferentes secciones de Instagram: la p\u00e1gina principal, el buscador, \u201c<em>Instagram Reels<\/em>\u201d, \u201c<em>Instagram Shopping<\/em>&nbsp;\u201c y tu perfil.<\/p>\n<p>En la primera encuentras la p\u00e1gina principal con todas las publicaciones de las personas a las que sigues. En la parte de arriba aparecen las historias, y seg\u00fan vayas bajando la pantalla, las publicaciones permanentes.<\/p>\n<p>En la secci\u00f3n de buscador, tienes una barra buscadora en la que puedes escribir el nombre de un usuario, un lugar, un hashtag\u2026&nbsp;<strong>cualquier cosa que quieras encontrar<\/strong>.<\/p>\n<p>Abajo aparecen publicaciones de otros usuarios, a los que no sigues, y que Instagram considera (seg\u00fan su famoso algoritmo) que&nbsp;<strong>pueden interesarte.<\/strong><\/p>\n<h3><span id=\"Reels_de_Instagram\">Reels de Instagram<\/span><\/h3>\n<p>Los reels son v\u00eddeos cortos, similares a los de la competencia&nbsp;<a href=\"https:\/\/www.tiktok.com\/es\/\" target=\"_blank\" rel=\"noopener\"><strong><em>\u201cTik Tok\u201d<\/em><\/strong><\/a>&nbsp;en los que los usuarios se&nbsp;<strong>graban con m\u00fasica, texto, y cualquier accesorio<\/strong>, y los comparten en esta red.<\/p>\n<p>Puedes a\u00f1adir, por supuesto,&nbsp;<strong>efectos<\/strong>&nbsp;y&nbsp;<strong>filtros<\/strong>&nbsp;o subir y bajar la velocidad del v\u00eddeo.<\/p>\n<p>El gran \u00e9xito de este formato se basa en la tem\u00e1tica de estos videos cortos como&nbsp;<strong>bailes, humor o retos virales.<\/strong><\/p>\n<h3><span id=\"Instagram_Shopping_como_usar_la_tienda_de_Instagram\">Instagram Shopping: c\u00f3mo usar la tienda de Instagram<\/span><\/h3>\n<p>Otra de las secciones de la aplicaci\u00f3n es&nbsp;<strong>Instagram Shopping<\/strong>, donde encuentras productos que otras cuentas de empresa&nbsp;<strong>ponen a la venta.<\/strong><\/p>\n<p>Cuando accedes como usuario normal a Instagram Shopping, ves bastantes&nbsp;<strong>productos en forma de publicaci\u00f3n<\/strong>, que el algoritmo de Instagram ha deducido que son&nbsp;<strong>afines a tus gustos<\/strong>, en base a las cuentas que sigues y a los likes que has dado.<\/p>\n<p>Tambi\u00e9n hay un&nbsp;<strong>explorador de tiendas<\/strong>, donde aparece un listado de todas las que pueden interesarte como usuario, adem\u00e1s de un buscador donde puedes ingresar directamente el nombre de la cuenta que tienes en mente.<\/p>\n<p>Un&nbsp;<strong>buen&nbsp;<a href=\"https:\/\/www.ciudadano2cero.com\/long-tail-seo-blog\/\" target=\"_blank\" rel=\"noopener\">posicionamiento<\/a><\/strong>&nbsp;es imprescindible para aparecer&nbsp;<strong>en b\u00fasquedas similares a tus competidores<\/strong>&nbsp;y poder tener mayor visibilidad en Instagram Shopping.<\/p>\n<h3><span id=\"Tu_perfil_de_Instagram\">Tu perfil de Instagram<\/span><\/h3>\n<p>Esta secci\u00f3n es donde configuras y muestras tu perfil.<\/p>\n<p>En la parte superior tienes&nbsp;<strong>los datos que ver\u00e1 la gente de tu empresa<\/strong>, como la foto de perfil, el nombre, o el sector al que pertenece tu negocio.<\/p>\n<p>Dentro de tu perfil de empresa de Instagram tambi\u00e9n&nbsp;<strong>aparecer\u00e1n todas las publicaciones que has subido.<\/strong><\/p>\n<p>Un punto esencial y que si eres principiante puede que no hayas ca\u00eddo, es la&nbsp;<strong>apariencia del feed.<\/strong><\/p>\n<p>Si quieres que tu perfil&nbsp;<strong>conecte con el usuario<\/strong>, es imprescindible que resulte&nbsp;<strong>visual<\/strong>, pero con&nbsp;<strong>coherencia<\/strong>.<\/p>\n<p>Lo recomendable es que el feed completo tienda hacia una misma tonalidad de color: rosas, lilas y violeta; samarillos, cremas y naranjas; o verdes blancos y azules.<\/p>\n<p>Puedes elegir los colores que quieras, e incluso ir cambiando a otros tonos con el tiempo, pero se trata de que el usuario cuando entre en tu perfil perciba esa armon\u00eda.<\/p>\n<p>Si quieres tener un&nbsp;<strong>buen perfil<\/strong>&nbsp;pero esto que te he contado crees que es demasiado \u00ab<em>trabajo<\/em>\u00ab, puedes conseguir un buen perfil<strong>&nbsp;editando siempre tus fotos de manera semejante<\/strong>. Es decir, contraste, brillo y saturaci\u00f3n parecida.<\/p>\n<p>Otra t\u00e9cnica muy utilizada, m\u00e1s en perfiles comerciales, es combinar publicaciones con texto e im\u00e1genes. Para esto es recomendable tener tambi\u00e9n un patr\u00f3n de colores, pero no tienen por qu\u00e9 pertenecer a tonalidades parecidas.<\/p>\n<p>lgunos de los trucos que puedes hacer son:<\/p>\n<ul>\n<li>Puedes crear&nbsp;<strong>una estructura de filas y columnas<\/strong>, en las que trates de temas diferentes. Procura que exista una columna que contraste con las otras dos, para que sea m\u00e1s atractivo.<\/li>\n<li><strong>No<\/strong>&nbsp;utilices&nbsp;<strong>m\u00e1s de tres tipograf\u00edas<\/strong>. Con este n\u00famero puedes crear efectos visuales muy llamativos, pero m\u00e1s de tres puede resultar aturdidor para el usuario.<\/li>\n<\/ul>\n<h2><span id=\"Como_publicar_en_Instagram\">C\u00f3mo publicar en Instagram<\/span><\/h2>\n<p>Instagram en sus comienzos era una red social mucho m\u00e1s sencilla, donde solamente podr\u00edas compartir fotos en un formato: en tu feed.<\/p>\n<p>Sin embargo, a lo largo de los a\u00f1os ha ido&nbsp;<strong>evolucionando y a\u00f1adiendo&nbsp;<\/strong>muchas otras formas de compartir contenido, como las historias, los reels o los directos.<\/p>\n<h3><span id=\"Instagram_Stories_o_Historias_de_Instagram\">Instagram Stories o Historias de Instagram<\/span><\/h3>\n<p>Las historias de Instagram son&nbsp;<strong>publicaciones, en formato de video o foto<\/strong>,&nbsp;<strong>que solo duran 24 horas en un perfil.<\/strong><\/p>\n<p>En la parte superior de la aplicaci\u00f3n m\u00f3vil, ver\u00e1s las fotos de perfil de las personas a las que sigues,&nbsp;<strong>rodeadas de un \u201c<em>circulito<\/em><\/strong>\u201d, y cuando pinchas sobre ellas aparecen las historias.<\/p>\n<p>A estas fotos o v\u00eddeos&nbsp;<strong>puedes a\u00f1adir m\u00fasica, texto, etiquetar personas o lugares<\/strong>, y muchas otras posibilidades, como encuestas o preguntas.<\/p>\n<h4>C\u00f3mo hacer historias en Instagram<\/h4>\n<p>Para hacer una historia de Instagram ve a la pagina principal. Hay dos formas de hacerlo:<\/p>\n<ul>\n<li>Pulsando el bot\u00f3n de tu foto de perfil, arriba a la izquierda.<\/li>\n<li>Pulsando en el bot\u00f3n de \u201c+\u201d del men\u00fa superior, a la derecha.<\/li>\n<\/ul>\n<p>En Iphone tambi\u00e9n puedes crearlas deslizando la pantalla hacia la derecha.<\/p>\n<p>Una vez que est\u00e9s dentro, tienes dos posibilidades: tomando una foto en&nbsp;<strong>directo<\/strong>&nbsp;o subir una de&nbsp;<strong>archivo<\/strong>.<\/p>\n<p>Si eliges la primera opci\u00f3n, tan solo apunta a tu objetivo y, para hacer una foto&nbsp;<strong>pulsa el bot\u00f3n central<\/strong>. Para grabar un&nbsp;<strong>v\u00eddeo mantenlo pulsado<\/strong>&nbsp;tanto tiempo como quieras estar grabando.<\/p>\n<p>Por el contrario, si quieres subir una foto de tu archivo, ve a la esquina inferior izquierda y selecciona una de tu carrete de fotos.<\/p>\n<p>Cuando ya la hayas seleccionado haz clic en \u201c<em>Siguiente<\/em>\u201d, arriba a la derecha.<\/p>\n<h4>C\u00f3mo poner letras, gift y m\u00fasica&nbsp; en Instagram Stories<\/h4>\n<p>Cuando ya tengas la foto o el v\u00eddeo, ver\u00e1s, como en el ejemplo de abajo, unas&nbsp;<strong>opciones arriba a la derecha<\/strong>.<\/p>\n<p>La primera es para guardar la foto en tu m\u00f3vil. La siguiente, para&nbsp;<strong>a\u00f1adir un efecto<\/strong>.<\/p>\n<p>M\u00e1s adelante veremos que son los filtros de Instagram, pero ten en cuenta que puedes a\u00f1adirlo una vez tomada la foto.<\/p>\n<p>La siguiente opci\u00f3n abre una pesta\u00f1a, en la que encuentras una etiqueta de \u201c<em>lugar<\/em>\u201d, \u201c<em>menci\u00f3n<\/em>\u201d, \u201c<em>hashtag<\/em>\u201d, \u201c<em>donaci\u00f3n<\/em>\u201d, \u201c<em>gift<\/em>\u201d, \u201c<em>m\u00fasica<\/em>\u201d, \u201c<em>encuesta<\/em>\u201d, \u201c<em>preguntas<\/em>\u201d, \u201c<em>cuenta atr\u00e1s<\/em>\u201d y muchas otras posibilidades.<\/p>\n<p>Para a\u00f1adir cualquiera de estas funcionalidades, haz clic sobre la que quieras, y&nbsp;<strong>autom\u00e1ticamente se a\u00f1adir\u00e1<\/strong>&nbsp;a tu foto o v\u00eddeo.<\/p>\n<p>En el ejemplo de abajo, hemos a\u00f1adido un gift (un sticker o emoji con movimiento). Cuando est\u00e1 en la pantalla, puedes ponerlo en el sitio de la foto que quieras.<\/p>\n<p>Para a\u00f1adir letra en tu historia de Instagram, ve a la \u00faltima opci\u00f3n del men\u00fa superior y escribe lo que quieras.<\/p>\n<p>Ves como justo encima del teclado que aparece en tu pantalla, puedes deslizar hacia la derecha para&nbsp;<strong>cambiar el tipo de fuente.<\/strong><\/p>\n<p>Tambi\u00e9n puedes&nbsp;<strong>modificar el color<\/strong>, y ponerle un marco de colores en las siguientes opciones.<\/p>\n<p>Cuando est\u00e9 lista, pulsa el bot\u00f3n de abajo a la derecha donde pone \u201c<em>Enviar a<\/em>\u201d, y elige si la quieres subir a la historia de tu perfil de Instagram o envi\u00e1rsela a alguien en concreto.<\/p>\n<h4>Crear Stories Destacados de tu perfil de Instagram<\/h4>\n<p><strong>Si destacas una historia en tu perfil<\/strong>, esta&nbsp;<strong>no desaparecer\u00e1<\/strong>, y se mostrar\u00e1 justo debajo de la informaci\u00f3n de tu perfil.<\/p>\n<p>Normalmente, se tienden a agrupar por tem\u00e1ticas. Por ejemplo, si tienes una cuenta personal puedes crear una historia destacada de \u201c<em>vacaciones<\/em>\u201d, otra de \u201c<em>recetas de cocina<\/em>\u201d y otra de fotos de tus mascotas.<\/p>\n<p>Eso s\u00ed,&nbsp;<strong>no podr\u00e1s ver quien las ha visto<\/strong>&nbsp;cuando hayan pasado las 24 horas.<\/p>\n<p>Para a\u00f1adir una historia a un grupo de historias destacadas, ve a tu perfil, y haz clic en el bot\u00f3n de&nbsp;<em>\u201c+\u201d<\/em>&nbsp;que hay a la derecha, encima de tu feed.<\/p>\n<p>Te pedir\u00e1 que elijas que historia quieres destacar y el grupo al que quieres a\u00f1adirla.<\/p>\n<h4>Qu\u00e9 son y c\u00f3mo usar los Filtros de Instagram Stories<\/h4>\n<p>Los&nbsp;<strong>filtros<\/strong>&nbsp;de Instagram son&nbsp;<strong>efectos que se usan en las fotos<\/strong>. Tienes un mont\u00f3n para elegir, desde filtros que mejoran los colores de las fotos hasta filtros que te cambian la cara por una gamba.<\/p>\n<p>Para descubrir todos los filtros que hay, ve a crear una historia, y en la parte de abajo te aparecer\u00e1n en forma de c\u00edrculo&nbsp;<strong>todos los que tienen disponibles.<\/strong><\/p>\n<p>Desliza hacia la izquierda todo lo que puedas y la \u00faltima opci\u00f3n pone \u201c<em>Explorar efectos<\/em>\u201d. Haz clic ah\u00ed y te aparecer\u00e1 en la&nbsp;<strong>galer\u00eda de efectos<\/strong>.<\/p>\n<p>Cuando te guste alguno, haz clic sobre \u00e9l y sobre el bot\u00f3n que hay abajo a la izquierda donde pone \u201c<em>Probar<\/em>\u201d.<\/p>\n<p>Si te gusta y quieres guardarlo, haz clic en el bot\u00f3n de la derecha donde pone \u201cG<em>uardar<\/em>\u201d.<\/p>\n<p>Se guardar\u00e1 en la c\u00e1mara y&nbsp;<strong>cuando vayas a crear una historia podr\u00e1s usarlo<\/strong>.<\/p>\n<h3><span id=\"Como_subir_una_foto_a_Instagram\">C\u00f3mo subir una foto a Instagram<\/span><\/h3>\n<p>Para subir una foto al feed de tu Instagram, ve al bot\u00f3n que hay arriba a la derecha con forma de \u201c+\u201d, en el feed de Instagram.<\/p>\n<p>Se abre el carrete de tu m\u00f3vil.<\/p>\n<p>Selecciona la foto que quieres subir y f\u00edjate que, en la barra de abajo estas en&nbsp;<strong><em>\u201cPublicaci\u00f3n\u201d<\/em><\/strong>. Despu\u00e9s haz clic en \u201c<em><strong>Siguiente<\/strong><\/em>\u201d, arriba a la derecha.<\/p>\n<p>La siguiente ventana es la de&nbsp;<strong>edici\u00f3n<\/strong>. Aqu\u00ed tienes un men\u00fa en la parte inferior con dos pesta\u00f1as:&nbsp;<em>\u201cFiltro\u201d<\/em>&nbsp;y&nbsp;<em>\u201cEditar\u201d<\/em>.<\/p>\n<p>En filtro tienes varios que&nbsp;<strong>modifican las caracter\u00edsticas de tu foto<\/strong>, y puedes a\u00f1adirlo a tu foto haciendo clic sobre el que quieras.<\/p>\n<p>Si quieres&nbsp;<strong>modificar la intensidad,<\/strong>&nbsp;solo arrastra el cursor hacia un lado u otro.<\/p>\n<p>En la siguiente pesta\u00f1a, de \u201c<em>Editar<\/em>\u201d, puedes modificar manualmente los par\u00e1metros de tu foto, como el&nbsp;<strong>brillo, el contraste o la nitidez.<\/strong><\/p>\n<p>Cuando hayas terminado de editar, haz clic en \u201c<em>Siguiente<\/em>\u201d, arriba a la derecha.<\/p>\n<p>La siguiente y \u00faltima pantalla, donde a\u00f1ades los detalles que tendr\u00e1 tu publicaci\u00f3n. Puedes a\u00f1adir un&nbsp;<strong>pie de foto<\/strong>,&nbsp;<strong>etiquetar a personas<\/strong>&nbsp;o a\u00f1adir una&nbsp;<strong>ubicaci\u00f3n<\/strong>.<\/p>\n<p>Tambi\u00e9n puedes seleccionar si quieres compartir ese contenido en una cuenta de otra red social que tengas vinculada, como&nbsp;<strong><a href=\"https:\/\/www.ciudadano2cero.com\/facebook-que-es-como-funciona\/\" target=\"_blank\" rel=\"noopener\">Facebook<\/a><\/strong>&nbsp;o&nbsp;<strong><a href=\"https:\/\/www.ciudadano2cero.com\/twitter-que-es-como-funciona\/\" target=\"_blank\" rel=\"noopener\">Twitter<\/a>.<\/strong><\/p>\n<h4>El pie de foto de Instagram<\/h4>\n<p>El&nbsp;<strong>pie de foto<\/strong>&nbsp;de Instagram es el&nbsp;<strong>texto que aparece justo debajo de la publicaci\u00f3n<\/strong>&nbsp;y que podemos (debemos) aprovechar al m\u00e1ximo para posicionar nuestro Instagram de empresa.<\/p>\n<p>Existe un conjunto de t\u00e9cnicas de marketing, llamadas&nbsp;<strong><a href=\"https:\/\/www.ciudadano2cero.com\/que-es-seo\/\" target=\"_blank\" rel=\"noopener\">SEO<\/a><\/strong>, que tratan precisamente de&nbsp;<strong>posicionar en los primeros puestos nuestro contenido en la web.<\/strong><\/p>\n<p>Una de las t\u00e9cnicas es el uso de&nbsp;<strong><a href=\"https:\/\/www.ciudadano2cero.com\/como-buscar-palabras-clave-google\/\" target=\"_blank\" rel=\"noopener\">palabras clave<\/a><\/strong>, relacionadas con el tema que tratas, en ciertas partes de tu web o red social.<\/p>\n<p>En este caso, tanto la&nbsp;<strong>biograf\u00eda<\/strong>&nbsp;como el&nbsp;<strong>pie de p\u00e1gina<\/strong>&nbsp;de las publicaciones son los sitios perfectos para llevar a cabo el SEO de tu Instagram.<\/p>\n<p>Escribe palabras clave relacionadas con tu negocio, que tengan muchas visitas, y hazlo en modo de&nbsp;<strong>hashtag<\/strong>.<\/p>\n<hr>\n<p><img decoding=\"async\" src=\"https:\/\/teletrabajoynegocios.com\/teletrabajador\/wp-content\/uploads\/sites\/3\/2020\/07\/articulos.png\"><\/p>\n<div class=\"wp-rss-template-container\" data-wpra-template=\"default\" data-template-ctx=\"W10=\">\n    <div class=\"wp-rss-aggregator wpra-list-template  \" data-page=\"1\">\n    \n    \n<ul class=\"wpra-item-list rss-aggregator wpra-item-list--bullets wpra-item-list--default\"\n    start=\"1\">\n                        <li class=\"wpra-item feed-item \">\n            \n            \n\n    <a  href=\"https:\/\/distritoemprendedores.com\/blog\/2026\/03\/16\/hello-world\/\" target=\"_blank\" rel=\"nofollow\" class=\"\">Hello world!<\/a>\n\n\n\n\n\n\n<div class=\"wprss-feed-meta\">\n            <span class=\"feed-source\">\n            Source:\n\n                            Distrito Emprendedores\n                    <\/span>\n    \n            <span class=\"feed-date\">\n            Published on 2026-03-16\n        <\/span>\n    \n    <\/div>\n\n\n\n\n\n            \n        <\/li>\n                    <li class=\"wpra-item feed-item \">\n            \n            \n\n    <a  href=\"https:\/\/www.dropbox.com\/scl\/fi\/b6csvpbfxu24vaezmo3es\/62bed0634df20e5ef35346439fdd423f_franquicias.pdf?rlkey=mfp2795s4n89mw35l0yeu2vl5&amp;e=2&amp;st=57kabuy0&amp;dl=0#new_tab\" target=\"_blank\" rel=\"nofollow\" class=\"\">Las franquicias espa\u00f1olas duplican su presencia en mercados for\u00e1neos<\/a>\n\n\n\n\n\n\n<div class=\"wprss-feed-meta\">\n            <span class=\"feed-source\">\n            Source:\n\n                            Distrito Emprendedores\n                    <\/span>\n    \n            <span class=\"feed-date\">\n            Published on 2026-03-11\n        <\/span>\n    \n    <\/div>\n\n\n\n\n\n            \n        <\/li>\n                    <li class=\"wpra-item feed-item \">\n            \n            \n\n    <a  href=\"https:\/\/distritoemprendedores.es\/blog\/5-errores-fatales-al-internacionalizar-tu-franquicia\/\" target=\"_blank\" rel=\"nofollow\" class=\"\">5 errores fatales al internacionalizar tu franquicia<\/a>\n\n\n\n\n\n\n<div class=\"wprss-feed-meta\">\n            <span class=\"feed-source\">\n            Source:\n\n                            Distrito Emprendedores\n                    <\/span>\n    \n            <span class=\"feed-date\">\n            Published on 2026-03-10\n        <\/span>\n    \n    <\/div>\n\n\n\n\n\n            \n        <\/li>\n                    <li class=\"wpra-item feed-item \">\n            \n            \n\n    <a  href=\"https:\/\/distritoemprendedores.es\/blog\/un-nuevo-prime-time-para-las-marcas-afterwork-tardeo-y-futbol-se-consolidan-como-los-grandes-motores-del-consumo-experiencial\/\" target=\"_blank\" rel=\"nofollow\" class=\"\">Un nuevo prime time para las marcas: afterwork, tardeo y f\u00fatbol se consolidan como los grandes motores del consumo experiencial<\/a>\n\n\n\n\n\n\n<div class=\"wprss-feed-meta\">\n            <span class=\"feed-source\">\n            Source:\n\n                            Distrito Emprendedores\n                    <\/span>\n    \n            <span class=\"feed-date\">\n            Published on 2026-03-09\n        <\/span>\n    \n    <\/div>\n\n\n\n\n\n            \n        <\/li>\n                    <li class=\"wpra-item feed-item \">\n            \n            \n\n    <a  href=\"https:\/\/distritoemprendedores.es\/blog\/la-ventaja-competitiva-esta-en-entender-como-pregunta-el-consumidor\/\" target=\"_blank\" rel=\"nofollow\" class=\"\">La ventaja competitiva est\u00e1 en entender c\u00f3mo pregunta el consumidor<\/a>\n\n\n\n\n\n\n<div class=\"wprss-feed-meta\">\n            <span class=\"feed-source\">\n            Source:\n\n                            Distrito Emprendedores\n                    <\/span>\n    \n            <span class=\"feed-date\">\n            Published on 2026-03-08\n        <\/span>\n    \n    <\/div>\n\n\n\n\n\n            \n        <\/li>\n                    <li class=\"wpra-item feed-item \">\n            \n            \n\n    <a  href=\"https:\/\/distritoemprendedores.es\/blog\/solo-el-7-de-los-espanoles-cree-a-las-marcas-cuando-comunican-sus-valores-con-hechos-demostrables\/\" target=\"_blank\" rel=\"nofollow\" class=\"\">Solo el 7% de los espa\u00f1oles cree a las marcas cuando comunican sus valores con hechos demostrables<\/a>\n\n\n\n\n\n\n<div class=\"wprss-feed-meta\">\n            <span class=\"feed-source\">\n            Source:\n\n                            Distrito Emprendedores\n                    <\/span>\n    \n            <span class=\"feed-date\">\n            Published on 2026-03-07\n        <\/span>\n    \n    <\/div>\n\n\n\n\n\n            \n        <\/li>\n                    <li class=\"wpra-item feed-item \">\n            \n            \n\n    <a  href=\"https:\/\/distritoemprendedores.es\/blog\/el-38-de-las-empresas-creadas-en-2019-ha-echado-ya-el-cierre\/\" target=\"_blank\" rel=\"nofollow\" class=\"\">El 38% de las empresas creadas en 2019 ha echado ya el cierre<\/a>\n\n\n\n\n\n\n<div class=\"wprss-feed-meta\">\n            <span class=\"feed-source\">\n            Source:\n\n                            Distrito Emprendedores\n                    <\/span>\n    \n            <span class=\"feed-date\">\n            Published on 2026-03-06\n        <\/span>\n    \n    <\/div>\n\n\n\n\n\n            \n        <\/li>\n                    <li class=\"wpra-item feed-item \">\n            \n            \n\n    <a  href=\"https:\/\/distritoemprendedores.es\/blog\/descubre-las-oportunidades-y-tendencias-en-el-mercado-de-la-franquicia-para-2026\/\" target=\"_blank\" rel=\"nofollow\" class=\"\">Descubre las oportunidades y tendencias en el mercado de la franquicia para 2026<\/a>\n\n\n\n\n\n\n<div class=\"wprss-feed-meta\">\n            <span class=\"feed-source\">\n            Source:\n\n                            Distrito Emprendedores\n                    <\/span>\n    \n            <span class=\"feed-date\">\n            Published on 2026-03-05\n        <\/span>\n    \n    <\/div>\n\n\n\n\n\n            \n        <\/li>\n                    <li class=\"wpra-item feed-item \">\n            \n            \n\n    <a  href=\"https:\/\/distritoemprendedores.es\/blog\/las-startups-de-salud-mas-punteras-del-mundo\/\" target=\"_blank\" rel=\"nofollow\" class=\"\">Las startups de salud m\u00e1s punteras del mundo<\/a>\n\n\n\n\n\n\n<div class=\"wprss-feed-meta\">\n            <span class=\"feed-source\">\n            Source:\n\n                            Distrito Emprendedores\n                    <\/span>\n    \n            <span class=\"feed-date\">\n            Published on 2026-03-04\n        <\/span>\n    \n    <\/div>\n\n\n\n\n\n            \n        <\/li>\n                    <li class=\"wpra-item feed-item \">\n            \n            \n\n    <a  href=\"https:\/\/distritoemprendedores.es\/blog\/puesta-en-marcha-de-un-negocio-primeros-pasos-para-validar-vender-y-controlar-la-tesoreria\/\" target=\"_blank\" rel=\"nofollow\" class=\"\">Puesta en marcha de un negocio: primeros pasos para validar, vender y controlar la tesorer\u00eda<\/a>\n\n\n\n\n\n\n<div class=\"wprss-feed-meta\">\n            <span class=\"feed-source\">\n            Source:\n\n                            Distrito Emprendedores\n                    <\/span>\n    \n            <span class=\"feed-date\">\n            Published on 2026-03-03\n        <\/span>\n    \n    <\/div>\n\n\n\n\n\n            \n        <\/li>\n                    <li class=\"wpra-item feed-item \">\n            \n            \n\n    <a  href=\"https:\/\/distritoemprendedores.es\/blog\/6-franquicias-sin-apenas-competencia-en-el-mercado\/\" target=\"_blank\" rel=\"nofollow\" class=\"\">6 franquicias sin apenas competencia en el mercado<\/a>\n\n\n\n\n\n\n<div class=\"wprss-feed-meta\">\n            <span class=\"feed-source\">\n            Source:\n\n                            Distrito Emprendedores\n                    <\/span>\n    \n            <span class=\"feed-date\">\n            Published on 2026-03-02\n        <\/span>\n    \n    <\/div>\n\n\n\n\n\n            \n        <\/li>\n                    <li class=\"wpra-item feed-item \">\n            \n            \n\n    <a  href=\"https:\/\/digistorage.es\/links\/71d78951-a420-4f5b-8de6-7b35ae7efc1c#new_tab\" target=\"_blank\" rel=\"nofollow\" class=\"\">Los algoritmos amenazan con filtrar las confesiones realizadas al abogado<\/a>\n\n\n\n\n\n\n<div class=\"wprss-feed-meta\">\n            <span class=\"feed-source\">\n            Source:\n\n                            Distrito Emprendedores\n                    <\/span>\n    \n            <span class=\"feed-date\">\n            Published on 2026-03-01\n        <\/span>\n    \n    <\/div>\n\n\n\n\n\n            \n        <\/li>\n                    <li class=\"wpra-item feed-item \">\n            \n            \n\n    <a  href=\"https:\/\/distritoemprendedores.es\/blog\/las-startups-que-mas-innovan-en-el-mundo\/\" target=\"_blank\" rel=\"nofollow\" class=\"\">Las startups que m\u00e1s innovan en el mundo<\/a>\n\n\n\n\n\n\n<div class=\"wprss-feed-meta\">\n            <span class=\"feed-source\">\n            Source:\n\n                            Distrito Emprendedores\n                    <\/span>\n    \n            <span class=\"feed-date\">\n            Published on 2026-02-28\n        <\/span>\n    \n    <\/div>\n\n\n\n\n\n            \n        <\/li>\n                    <li class=\"wpra-item feed-item \">\n            \n            \n\n    <a  href=\"https:\/\/distritoemprendedores.es\/blog\/tiktok-genera-31-000-millones-de-euros-para-las-empresas-europeas-y-3-000-millones-en-espana\/\" target=\"_blank\" rel=\"nofollow\" class=\"\">TikTok genera 31.000 millones de euros para las empresas europeas y 3.000 millones en Espa\u00f1a<\/a>\n\n\n\n\n\n\n<div class=\"wprss-feed-meta\">\n            <span class=\"feed-source\">\n            Source:\n\n                            Distrito Emprendedores\n                    <\/span>\n    \n            <span class=\"feed-date\">\n            Published on 2026-02-27\n        <\/span>\n    \n    <\/div>\n\n\n\n\n\n            \n        <\/li>\n                    <li class=\"wpra-item feed-item \">\n            \n            \n\n    <a  href=\"https:\/\/distritoemprendedores.es\/blog\/amazon-planea-un-marketplace-para-hacer-de-puente-entre-los-publishers-y-las-empresas-de-ia\/\" target=\"_blank\" rel=\"nofollow\" class=\"\">Amazon planea un \u00abmarketplace\u00bb para hacer de puente entre los \u00abpublishers\u00bb y las empresas de IA<\/a>\n\n\n\n\n\n\n<div class=\"wprss-feed-meta\">\n            <span class=\"feed-source\">\n            Source:\n\n                            Distrito Emprendedores\n                    <\/span>\n    \n            <span class=\"feed-date\">\n            Published on 2026-02-26\n        <\/span>\n    \n    <\/div>\n\n\n\n\n\n            \n        <\/li>\n        <\/ul>\n\n        \n<\/div>\n\n<\/div>\n\n<hr>\n<h3><span id=\"Que_es_y_como_hacer_un_Reels\">Qu\u00e9 es y c\u00f3mo hacer un Reels<\/span><\/h3>\n<p>Un reels es un&nbsp;<strong>v\u00eddeo<\/strong>&nbsp;con&nbsp;<strong>m\u00fasica, texto, im\u00e1genes o efectos<\/strong>&nbsp;que creas desde Instagram y puedes compartir, tanto en historias como en tu feed.<\/p>\n<p>Para hacer un Reels, ve al bot\u00f3n de crear nueva publicaci\u00f3n, en el men\u00fa de arriba, que tiene forma de&nbsp;<em>\u201c+\u201d.<\/em><\/p>\n<p>Al pulsarlo, abajo, te aparecen las opciones de \u201c<em>Publicaci\u00f3n<\/em>\u201d, \u201c<em>Historia<\/em>\u201d, \u201c<em>Reels<\/em>\u201d o \u201c<em>En directo<\/em>\u201d. Desliza hasta esta la opci\u00f3n de \u201c<em>Reels<\/em>\u201d y&nbsp;<strong>pulsa sobre el bot\u00f3n central para empezar a crearlo<\/strong>.<\/p>\n<p>A la izquierda de la pantalla aparecen varias opciones. La primera es la duraci\u00f3n del v\u00eddeo, de 15 o 30 segundos.<\/p>\n<p>La siguiente es para seleccionar si quieres alguna&nbsp;<strong>canci\u00f3n<\/strong>. Si haces clic sobre esta opci\u00f3n se abre un buscador, en el que puedes escribir el nombre de una o el artista.<\/p>\n<p>Cuando la seleccionas, puedes elegir el intervalo de la canci\u00f3n que quieres a\u00f1adir. Cuando lo tengas, haz clic en \u201c<em>Listo<\/em>\u201d, arriba a la derecha.<\/p>\n<p>La siguiente opci\u00f3n es para poner&nbsp;<strong>velocidad<\/strong>&nbsp;al v\u00eddeo, y puedes elegir&nbsp;<strong>hasta x5<\/strong>.<\/p>\n<p>La siguiente son los efectos, y puedes a\u00f1adirlos como hemos visto en el apartado de efectos.<\/p>\n<p>Finalmente tienes el temporizador, por si quieres que el v\u00eddeo empiece con una cuenta atr\u00e1s de hasta 15 segundos.<\/p>\n<p>Para grabarlo tienes que dejar&nbsp;<strong>pulsado el bot\u00f3n central.<\/strong><\/p>\n<p><strong>Si lo sueltas, el v\u00eddeo se para,<\/strong>&nbsp;y arriba ves como aparece una barra temporal. Esto te permite crear&nbsp;<strong>cortes en el v\u00eddeo.<\/strong><\/p>\n<p>Cuando est\u00e9 listo, haz clic en la flecha que aparece en el bot\u00f3n de la derecha del bot\u00f3n central.<\/p>\n<p>Ahora, arriba a la derecha aparecen las opciones similares a las de crear una historia, donde puedes&nbsp;<strong>a\u00f1adir texto, sticker<\/strong>&nbsp;o descarg\u00e1rtela.<\/p>\n<p>Cuando est\u00e9 listo haz clic en \u201c<em>Compartir<\/em>\u201d, abajo a la derecha.<\/p>\n<p>Puedes compartirlo en el apartado de Instagram de \u201c<em>Reels<\/em>\u201d o en historias.<\/p>\n<h3><span id=\"Directos_de_Instagram\">Directos de Instagram<\/span><\/h3>\n<p>Una forma muy buena de&nbsp;<strong>crear comunidad&nbsp;<\/strong>y estar m\u00e1s presente en Instagram en haciendo emisiones en directo para tus seguidores.<\/p>\n<p>Para hacerlo ve al bot\u00f3n de crear nueva publicaci\u00f3n, en el men\u00fa de arriba, que tiene forma de \u201c+\u201d.<\/p>\n<p>Al pulsarlo, abajo, te aparecen las opciones de \u201c<em>Publicaci\u00f3n<\/em>\u201d, \u201c<em>Historia<\/em>\u201d, \u201c<em>Reels<\/em>\u201d o \u201c<em>En directo<\/em>\u201d. Desliza hasta esta opci\u00f3n y pulsa sobre el&nbsp;<strong>bot\u00f3n central<\/strong>&nbsp;para empezar tu directo.<\/p>\n<h2><span id=\"Como_crear_una_cuenta_de_Instagram\">C\u00f3mo crear una cuenta de Instagram<\/span><\/h2>\n<p>El primer paso para empezar a utilizar Instagram es creando una cuenta. Es un proceso que no te llevar\u00e1 m\u00e1s de cinco minutos.<\/p>\n<p>Lo primero que debes hacer es&nbsp;<strong>descargarte la aplicaci\u00f3n<\/strong>&nbsp;de Instagram en tu m\u00f3vil.<\/p>\n<p>Cuando ingreses en ella, ver\u00e1s la imagen como la del ejemplo de abajo, donde te pide que ingreses tu direcci\u00f3n de correo o m\u00f3vil y contrase\u00f1a.<\/p>\n<p>Pero como todav\u00eda no tienes una cuenta, debes hacer clic abajo, donde pone&nbsp;<em>\u201c\u00bfNo tienes una cuenta? Reg\u00edstrate<\/em>\u201d<\/p>\n<p>Llegas a esta ventana donde debes introducir, ahora s\u00ed, los&nbsp;<strong>datos de tu negocio<\/strong>. En primer lugar, un correo electr\u00f3nico o tel\u00e9fono m\u00f3vil.<\/p>\n<p>Despu\u00e9s el nombre completo de tu empresa y un nombre de usuario. El&nbsp;<strong>nombre de usuario<\/strong>&nbsp;es algo s\u00faper importante, porque es el apodo que se va a&nbsp;<strong>mostrar a todos los usuarios<\/strong>&nbsp;y por el cual te van a&nbsp;<strong>encontrar tus posibles clientes<\/strong>.<\/p>\n<p>El problema es que debe ser \u00fanico, por lo que evita los nombres gen\u00e9ricos y dale una vuelta, ya que seguramente, no aciertes con uno que sirva a la primera.<\/p>\n<p>Finalmente introduce una contrase\u00f1a segura y haz clic en \u201c<em>Registrarte<\/em>\u201d.<\/p>\n<p>El siguiente paso es a\u00f1adir la fecha de nacimiento. Hasta ahora no hemos indicado que somos una empresa, por lo que Instagram nos trata como si fu\u00e9ramos un usuario normal.<\/p>\n<p>Puedes indicar tu propia fecha de nacimiento. Cuando termines haz clic en \u201c<em>Siguiente<\/em>\u201d.<\/p>\n<p>En esta ventana te pide un&nbsp;<strong>c\u00f3digo de verificaci\u00f3n<\/strong>&nbsp;que han enviado o al correo que indicaste al registrarte o al tel\u00e9fono m\u00f3vil. Introd\u00facelo y haz clic en \u201c<em>Siguiente<\/em>\u201d.<\/p>\n<p>Cuando finalizas todo esto proceso llegas a la&nbsp;<strong>pantalla principal de Instagram<\/strong>.<\/p>\n<p>Desde aqu\u00ed, como ves en la imagen de abajo, vas a poder acceder a todas las secciones, desde los botones que encuentras arriba. M\u00e1s tarde veremos que hace cada uno de ellos.<\/p>\n<p>Si salta un mensaje de aviso de notificaciones, es para configurar si quieres que te avisen en tu dispositivo.<\/p>\n<p>Haz clic en \u201c<em>Activar<\/em>\u201d para que te lleguen, o \u201c<em>Desactivar<\/em>\u201d para que no te llegue el aviso.<\/p>\n<p>Si prefieres seguir el proceso en formato v\u00eddeo, te dejo este tutorial en el que te lo explicamos paso a paso:<\/p>\n<p><iframe loading=\"lazy\" title=\"C\u00f3mo crear una cuenta Instagram en el 2021 \ud83d\ude0e Tutorial paso a paso\" width=\"1110\" height=\"624\" src=\"https:\/\/www.youtube.com\/embed\/x0U5o8NHQow?feature=oembed\" frameborder=\"0\" allow=\"accelerometer; autoplay; clipboard-write; encrypted-media; gyroscope; picture-in-picture\" allowfullscreen><\/iframe><\/p>\n<h2><span id=\"Como_conseguir_seguidores_en_Instagram\">C\u00f3mo conseguir seguidores en Instagram<\/span><\/h2>\n<p>El conseguir m\u00e1s seguidores en Instagram es algo que todo el mundo busca, pero no es un proceso f\u00e1cil.<\/p>\n<p>Te dejo el art\u00edculo de un experto en Instagram que seguro que te aclara todo este tema de una forma mucho m\u00e1s completa.<\/p>\n<h2><span id=\"Otras_cosas_que_te_pueden_interesar_de_Instagram\">Otras cosas que te pueden interesar de Instagram<\/span><\/h2>\n<h3><span id=\"Mensajes_directos\">Mensajes directos<\/span><\/h3>\n<p>Los mensajes directos, que encuentras en el bot\u00f3n de un avi\u00f3n de papel, en la esquina superior de la pantalla, sirven para&nbsp;<strong>mandar mensajes a quien quieras.<\/strong><\/p>\n<p>Puedes mandar un mensaje directo a una persona desde su perfil, haciendo clic en \u201c<em>Mensaje<\/em>\u201d,&nbsp;<strong>siempre y cuando lo tenga p\u00fablico.<\/strong><\/p>\n<p>Si quieres mandar un mensaje a una persona que tenga la&nbsp;<strong>cuenta privada<\/strong>, debes entrar en su perfil y hacer clic en la opci\u00f3n de la esquina superior que son tres puntitos verticales.<\/p>\n<p>Se despliega un men\u00fa. Haz clic en \u201c<strong><em>Enviar mensaje<\/em><\/strong>\u201d, y esa persona ver\u00e1 una&nbsp;<strong>solicitud de tu mensaje<\/strong>, que puede aceptar o rechazar.<\/p>\n<p>Otra forma de compartir mensajes es mediante historias.<\/p>\n<p>Puedes crear una como hemos visto antes, y cuando ya la tengas lista, abajo a la derecha aparece la opci\u00f3n de \u201c<em>Enviar a<\/em>\u201d. Selecciona el nombre de la persona y env\u00edala.<\/p>\n<h3><span id=\"Que_es_un_hashtag\">\u00bfQu\u00e9 es un hashtag?<\/span><\/h3>\n<p>Un hashtag es&nbsp;<strong>una o varias palabras claves precedidas del s\u00edmbolo de la almohadilla<\/strong>, que se escribe en la descripci\u00f3n de las publicaciones o en las historias, para que aparezcan en las b\u00fasquedas.<\/p>\n<p>Por ejemplo, si tienes el perfil p\u00fablico y subes una foto en la playa y escribes \u201c#<em>vacaciones<\/em>\u201d, mucha gente que busque ese hashtag&nbsp;<strong>podr\u00e1 ver tu foto.<\/strong><\/p>\n<p>No todo el mundo la ver\u00e1 porque hay un grand\u00edsimo n\u00famero de publicaciones con esa palabra clave, y las cuentas con m\u00e1s seguidores son las favoritas de Instagram, pero si tendr\u00e1s&nbsp;<strong>posibilidad de aparecer.<\/strong><\/p>\n<p>De la misma manera que, si alguien hace clic sobre ese hashtag de tu publicaci\u00f3n, ir\u00e1 a otros&nbsp;<strong>contenidos con esa misma palabra clave.<\/strong><\/p>\n<p>Los hashtags son una manera super eficaz que tiene Instagram&nbsp;<strong>para agrupar contenido<\/strong>&nbsp;sobre la misma tem\u00e1tica y que t\u00fa puedes utilizar para descubrir perfiles interesantes.<\/p>\n<h3><span id=\"Como_poner_Instagram_en_negro_o_modo_oscuro\">C\u00f3mo poner Instagram en negro o modo oscuro<\/span><\/h3>\n<p>El modo oscuro en un tel\u00e9fono es una muy buena opci\u00f3n tanto para ahorrar bater\u00eda como para cuidar un poquito la vista.<\/p>\n<p>Por desgracia<strong>, Instagram no permite establecer el modo oscuro en su aplicaci\u00f3n<\/strong>, por lo que si quieres utilizar Instagram en modo oscuro debes modificar los&nbsp;<strong>ajustes del sistema de tu tel\u00e9fono<\/strong>&nbsp;m\u00f3vil.<\/p>\n<p>Si tienes IPhone ve a \u201c<em>Ajustes\u201d<\/em>&nbsp;y luego haz clic en \u201c<em>Pantalla y brillo<\/em>\u201d.<\/p>\n<p>Ahora, es \u201c<em>Aspecto<\/em>\u201d selecciona el modo oscuro.<\/p>\n<p>Si tienes Android el proceso es pr\u00e1cticamente el mismo. Ve a \u201c<em>Ajustes<\/em>\u201d y luego \u201c<em>Pantalla<\/em>\u201d. Busca el modo oscuro y selecciona esa opci\u00f3n.<\/p>\n<p>Si prefieres ver este proceso en formato de v\u00eddeo, te dejo este tutorial en el que explicamos c\u00f3mo hacerlo:<\/p>\n<p><iframe loading=\"lazy\" title=\"C\u00f3mo poner MODO OSCURO en INSTAGRAM \u2705 en iPhone y Android \ud83d\udc4c\" width=\"1110\" height=\"624\" src=\"https:\/\/www.youtube.com\/embed\/QSOGsLXYdYw?feature=oembed\" frameborder=\"0\" allow=\"accelerometer; autoplay; clipboard-write; encrypted-media; gyroscope; picture-in-picture\" allowfullscreen><\/iframe><\/p>\n<h3><span id=\"Como_usar_varias_cuentas_en_Instagram_con_el_mismo_movil\">Como usar varias cuentas en Instagram con el mismo m\u00f3vil<\/span><\/h3>\n<p>Si tienes m\u00e1s de una cuenta registrada en Instagram y quieres&nbsp;<strong>acceder a las dos desde la aplicaci\u00f3n<\/strong>, es muy sencillo.<\/p>\n<p>Para ingresar una segunda cuenta, ve a la secci\u00f3n de tu perfil. Haz clic arriba a la izquierda, donde aparece tu&nbsp;<strong>nombre de usuario<\/strong>, y se abre un peque\u00f1o panel abajo.<\/p>\n<p>La \u00faltima opci\u00f3n es de \u201c<em>A\u00f1adir cuenta<\/em>\u201d. Elige la opci\u00f3n de \u201c<strong><em>iniciar sesi\u00f3n en una cuenta existente<\/em><\/strong>\u201d e ingresa los datos y ya tendr\u00e1s ambas cuentas logeadas en la aplicaci\u00f3n.<\/p>\n<p>La cuenta que est\u00e9s utilizando en ese momento ser\u00e1 la que&nbsp;<strong>veas el nombre en el apartado de perfil.<\/strong><\/p>\n<p>Para cambiar de cuenta, repite los pasos que acabamos de hacer, pero esta vez, al hacer clic sobre el nombre de usuario, aparecer\u00e1 la otra cuenta en el panel de abajo.<\/p>\n<p>Al seleccionarla habr\u00e1s cambiado de cuenta.<\/p>\n<h3><span id=\"Como_eliminar_una_cuenta_de_Instagram_definitivamente\">C\u00f3mo eliminar una cuenta de Instagram definitivamente<\/span><\/h3>\n<p>Si no te ha convencido esta red social y quieres eliminar tu cuenta para siempre, echa un vistazo a este v\u00eddeo en el que te explicamos dos formas de hacerlo:<\/p>\n<p><iframe loading=\"lazy\" title=\"C\u00f3mo BORRAR una cuenta INSTAGRAM para siempre \ud83d\udc4c\u00a0en el 2021\" width=\"1110\" height=\"624\" src=\"https:\/\/www.youtube.com\/embed\/WqHnK9LgwN4?feature=oembed\" frameborder=\"0\" allow=\"accelerometer; autoplay; clipboard-write; encrypted-media; gyroscope; picture-in-picture\" allowfullscreen><\/iframe><\/p>\n<p><em>Un art\u00edculo escrito por <span class=\"entry-author\"><a class=\"entry-author-link\" href=\"https:\/\/www.ciudadano2cero.com\/author\/lucia\/\" rel=\"nofollow\"><span class=\"entry-author-name\">Luc\u00eda Berlanga<\/span><\/a><\/span><\/em><\/p>\n<div id=\"telet-102806948\" class=\"telet-despues-del-contenido telet-entity-placement\"><a target=\"_blank\" href=\"\/\/aff.lucushost.com\/resources\/click\/?n=gDxoXMAJ&aff=756\"><img decoding=\"async\" border=\"0\" alt=\"LucusHost, el mejor hosting\" src=\"\/\/aff.lucushost.com\/resources\/banners\/?zoneid=5123&n=gDxoXMAJ&aff=756\" \/><\/a><\/div>","protected":false},"excerpt":{"rendered":"<p>Instagram&nbsp;es la red social de momento y de eso no hay duda.&nbsp;Desde que surgi\u00f3 en el a\u00f1o 2010&nbsp;no ha dejado de sorprendernos con&nbsp;nuevas actualizaciones y funcionalidades. Cuando comenz\u00f3, tan solo&hellip; <\/p>\n","protected":false},"author":1,"featured_media":1239,"comment_status":"open","ping_status":"open","sticky":false,"template":"","format":"standard","meta":{"_jetpack_memberships_contains_paid_content":false,"footnotes":"","_links_to":"","_links_to_target":""},"categories":[11],"tags":[15,14],"class_list":["post-3241","post","type-post","status-publish","format-standard","has-post-thumbnail","hentry","category-redes-sociales","tag-fuprisa","tag-jose-manuel-fuentes-prieto"],"nelio_content":{"autoShareEndMode":"never","automationSources":{"useCustomSentences":false,"customSentences":[]},"efiAlt":"","efiUrl":"","followers":[1],"highlights":[],"isAutoShareEnabled":true,"networkImageIds":[],"permalinkQueryArgs":[],"series":[],"suggestedReferences":[]},"jetpack_featured_media_url":"https:\/\/teletrabajoynegocios.com\/telesecretarias\/wp-content\/uploads\/sites\/2\/2020\/06\/AdColony-m\u00f3vil.jpg","jetpack_sharing_enabled":true,"_links":{"self":[{"href":"https:\/\/teletrabajoynegocios.com\/telesecretarias\/wp-json\/wp\/v2\/posts\/3241","targetHints":{"allow":["GET"]}}],"collection":[{"href":"https:\/\/teletrabajoynegocios.com\/telesecretarias\/wp-json\/wp\/v2\/posts"}],"about":[{"href":"https:\/\/teletrabajoynegocios.com\/telesecretarias\/wp-json\/wp\/v2\/types\/post"}],"author":[{"embeddable":true,"href":"https:\/\/teletrabajoynegocios.com\/telesecretarias\/wp-json\/wp\/v2\/users\/1"}],"replies":[{"embeddable":true,"href":"https:\/\/teletrabajoynegocios.com\/telesecretarias\/wp-json\/wp\/v2\/comments?post=3241"}],"version-history":[{"count":1,"href":"https:\/\/teletrabajoynegocios.com\/telesecretarias\/wp-json\/wp\/v2\/posts\/3241\/revisions"}],"predecessor-version":[{"id":3242,"href":"https:\/\/teletrabajoynegocios.com\/telesecretarias\/wp-json\/wp\/v2\/posts\/3241\/revisions\/3242"}],"wp:featuredmedia":[{"embeddable":true,"href":"https:\/\/teletrabajoynegocios.com\/telesecretarias\/wp-json\/wp\/v2\/media\/1239"}],"wp:attachment":[{"href":"https:\/\/teletrabajoynegocios.com\/telesecretarias\/wp-json\/wp\/v2\/media?parent=3241"}],"wp:term":[{"taxonomy":"category","embeddable":true,"href":"https:\/\/teletrabajoynegocios.com\/telesecretarias\/wp-json\/wp\/v2\/categories?post=3241"},{"taxonomy":"post_tag","embeddable":true,"href":"https:\/\/teletrabajoynegocios.com\/telesecretarias\/wp-json\/wp\/v2\/tags?post=3241"}],"curies":[{"name":"wp","href":"https:\/\/api.w.org\/{rel}","templated":true}]}}