{"id":3440,"date":"2021-03-12T10:46:37","date_gmt":"2021-03-12T09:46:37","guid":{"rendered":"https:\/\/teletrabajoynegocios.com\/telesecretarias\/?p=3440"},"modified":"2021-04-18T16:40:00","modified_gmt":"2021-04-18T14:40:00","slug":"como-terminar-la-semana-con-un-viernes-mucho-mas-productivo","status":"publish","type":"post","link":"https:\/\/teletrabajoynegocios.com\/telesecretarias\/como-terminar-la-semana-con-un-viernes-mucho-mas-productivo\/","title":{"rendered":"C\u00d3MO TERMINAR LA SEMANA CON UN VIERNES MUCHO M\u00c1S PRODUCTIVO"},"content":{"rendered":"<div id=\"telet-3852044860\" class=\"telet-antes-del-contenido telet-entity-placement\"><a href=\"https:\/\/quaderno.io\/?via=jose-manuel94\" aria-label=\"Quaderno General (Spanish) &#8211; 728&#215;90\"><img loading=\"lazy\" decoding=\"async\" src=\"https:\/\/teletrabajoynegocios.com\/telesecretarias\/wp-content\/uploads\/sites\/2\/2020\/11\/Quaderno-General-Spanish-728x90-1.png\" alt=\"\"  srcset=\"https:\/\/teletrabajoynegocios.com\/telesecretarias\/wp-content\/uploads\/sites\/2\/2020\/11\/Quaderno-General-Spanish-728x90-1.png 728w, https:\/\/teletrabajoynegocios.com\/telesecretarias\/wp-content\/uploads\/sites\/2\/2020\/11\/Quaderno-General-Spanish-728x90-1-300x37.png 300w\" sizes=\"(max-width: 728px) 100vw, 728px\" width=\"728\" height=\"90\"   \/><\/a><\/div><p>En muchas ocasiones la semana empieza torcida, no porque alguien nos la ha jurado, sino porque terminamos mal la semana anterior. Cansancio, exceso de relajaci\u00f3n, el fin de semana\u2026 Es f\u00e1cil no dar dos vueltas a la llave al cerrar. Me pasaba a m\u00ed antes, y as\u00ed fue c\u00f3mo lo arregl\u00e9.<\/p>\n<p>El viernes juega un&nbsp;<strong>papel important\u00edsimo<\/strong>&nbsp;en la estructura de tu Organizaci\u00f3n y Eficacia. Tanto en lo que se refiere a la semana que ya termina, como a la siguiente que a\u00fan no ha llegado. Pero yo durante muchos a\u00f1os desconoc\u00eda esto, o lo descuidaba.<\/p>\n<p>Cerraba la semana como muchas otras personas: con el buen humor que siempre trae el viernes, y las atractivas perspectivas del fin de semana, bajaba el pist\u00f3n, me relajaba en exceso, y ca\u00eda en la&nbsp;<strong>\u00abprocrastinaci\u00f3n del viernes\u00bb<\/strong>.<\/p>\n<p>Celebraba por supuesto que hab\u00eda terminado vivo otra semana (\u00ab\u00a1por fin es viernes!\u00bb); tambi\u00e9n ca\u00eda en la dejadez por ciertas tareas (\u00abesto no lo he hecho, bah ya lo har\u00e9 la semana que viene\u00bb); y sobre todo&nbsp;<strong>me despreocupaba<\/strong>&nbsp;por lo que que quedara para la semana que viene (\u00abhasta el pr\u00f3ximo lunes no quiero saber nada\u00bb).<\/p>\n<hr>\n<p><img decoding=\"async\" src=\"https:\/\/teletrabajoynegocios.com\/teletrabajador\/wp-content\/uploads\/sites\/3\/2020\/07\/articulos.png\"><\/p>\n<div class=\"wp-rss-template-container\" data-wpra-template=\"default\" data-template-ctx=\"W10=\">\n    <div class=\"wp-rss-aggregator wpra-list-template  \" data-page=\"1\">\n    \n    \n<ul class=\"wpra-item-list rss-aggregator wpra-item-list--bullets wpra-item-list--default\"\n    start=\"1\">\n                        <li class=\"wpra-item feed-item \">\n            \n            \n\n    <a  href=\"https:\/\/distritoemprendedores.com\/blog\/2026\/03\/16\/hello-world\/\" target=\"_blank\" rel=\"nofollow\" class=\"\">Hello world!<\/a>\n\n\n\n\n\n\n<div class=\"wprss-feed-meta\">\n            <span class=\"feed-source\">\n            Source:\n\n                            Distrito Emprendedores\n                    <\/span>\n    \n            <span class=\"feed-date\">\n            Published on 2026-03-16\n        <\/span>\n    \n    <\/div>\n\n\n\n\n\n            \n        <\/li>\n                    <li class=\"wpra-item feed-item \">\n            \n            \n\n    <a  href=\"https:\/\/www.dropbox.com\/scl\/fi\/b6csvpbfxu24vaezmo3es\/62bed0634df20e5ef35346439fdd423f_franquicias.pdf?rlkey=mfp2795s4n89mw35l0yeu2vl5&amp;e=2&amp;st=57kabuy0&amp;dl=0#new_tab\" target=\"_blank\" rel=\"nofollow\" class=\"\">Las franquicias espa\u00f1olas duplican su presencia en mercados for\u00e1neos<\/a>\n\n\n\n\n\n\n<div class=\"wprss-feed-meta\">\n            <span class=\"feed-source\">\n            Source:\n\n                            Distrito Emprendedores\n                    <\/span>\n    \n            <span class=\"feed-date\">\n            Published on 2026-03-11\n        <\/span>\n    \n    <\/div>\n\n\n\n\n\n            \n        <\/li>\n                    <li class=\"wpra-item feed-item \">\n            \n            \n\n    <a  href=\"https:\/\/distritoemprendedores.es\/blog\/5-errores-fatales-al-internacionalizar-tu-franquicia\/\" target=\"_blank\" rel=\"nofollow\" class=\"\">5 errores fatales al internacionalizar tu franquicia<\/a>\n\n\n\n\n\n\n<div class=\"wprss-feed-meta\">\n            <span class=\"feed-source\">\n            Source:\n\n                            Distrito Emprendedores\n                    <\/span>\n    \n            <span class=\"feed-date\">\n            Published on 2026-03-10\n        <\/span>\n    \n    <\/div>\n\n\n\n\n\n            \n        <\/li>\n                    <li class=\"wpra-item feed-item \">\n            \n            \n\n    <a  href=\"https:\/\/distritoemprendedores.es\/blog\/un-nuevo-prime-time-para-las-marcas-afterwork-tardeo-y-futbol-se-consolidan-como-los-grandes-motores-del-consumo-experiencial\/\" target=\"_blank\" rel=\"nofollow\" class=\"\">Un nuevo prime time para las marcas: afterwork, tardeo y f\u00fatbol se consolidan como los grandes motores del consumo experiencial<\/a>\n\n\n\n\n\n\n<div class=\"wprss-feed-meta\">\n            <span class=\"feed-source\">\n            Source:\n\n                            Distrito Emprendedores\n                    <\/span>\n    \n            <span class=\"feed-date\">\n            Published on 2026-03-09\n        <\/span>\n    \n    <\/div>\n\n\n\n\n\n            \n        <\/li>\n                    <li class=\"wpra-item feed-item \">\n            \n            \n\n    <a  href=\"https:\/\/distritoemprendedores.es\/blog\/la-ventaja-competitiva-esta-en-entender-como-pregunta-el-consumidor\/\" target=\"_blank\" rel=\"nofollow\" class=\"\">La ventaja competitiva est\u00e1 en entender c\u00f3mo pregunta el consumidor<\/a>\n\n\n\n\n\n\n<div class=\"wprss-feed-meta\">\n            <span class=\"feed-source\">\n            Source:\n\n                            Distrito Emprendedores\n                    <\/span>\n    \n            <span class=\"feed-date\">\n            Published on 2026-03-08\n        <\/span>\n    \n    <\/div>\n\n\n\n\n\n            \n        <\/li>\n                    <li class=\"wpra-item feed-item \">\n            \n            \n\n    <a  href=\"https:\/\/distritoemprendedores.es\/blog\/solo-el-7-de-los-espanoles-cree-a-las-marcas-cuando-comunican-sus-valores-con-hechos-demostrables\/\" target=\"_blank\" rel=\"nofollow\" class=\"\">Solo el 7% de los espa\u00f1oles cree a las marcas cuando comunican sus valores con hechos demostrables<\/a>\n\n\n\n\n\n\n<div class=\"wprss-feed-meta\">\n            <span class=\"feed-source\">\n            Source:\n\n                            Distrito Emprendedores\n                    <\/span>\n    \n            <span class=\"feed-date\">\n            Published on 2026-03-07\n        <\/span>\n    \n    <\/div>\n\n\n\n\n\n            \n        <\/li>\n                    <li class=\"wpra-item feed-item \">\n            \n            \n\n    <a  href=\"https:\/\/distritoemprendedores.es\/blog\/el-38-de-las-empresas-creadas-en-2019-ha-echado-ya-el-cierre\/\" target=\"_blank\" rel=\"nofollow\" class=\"\">El 38% de las empresas creadas en 2019 ha echado ya el cierre<\/a>\n\n\n\n\n\n\n<div class=\"wprss-feed-meta\">\n            <span class=\"feed-source\">\n            Source:\n\n                            Distrito Emprendedores\n                    <\/span>\n    \n            <span class=\"feed-date\">\n            Published on 2026-03-06\n        <\/span>\n    \n    <\/div>\n\n\n\n\n\n            \n        <\/li>\n                    <li class=\"wpra-item feed-item \">\n            \n            \n\n    <a  href=\"https:\/\/distritoemprendedores.es\/blog\/descubre-las-oportunidades-y-tendencias-en-el-mercado-de-la-franquicia-para-2026\/\" target=\"_blank\" rel=\"nofollow\" class=\"\">Descubre las oportunidades y tendencias en el mercado de la franquicia para 2026<\/a>\n\n\n\n\n\n\n<div class=\"wprss-feed-meta\">\n            <span class=\"feed-source\">\n            Source:\n\n                            Distrito Emprendedores\n                    <\/span>\n    \n            <span class=\"feed-date\">\n            Published on 2026-03-05\n        <\/span>\n    \n    <\/div>\n\n\n\n\n\n            \n        <\/li>\n                    <li class=\"wpra-item feed-item \">\n            \n            \n\n    <a  href=\"https:\/\/distritoemprendedores.es\/blog\/las-startups-de-salud-mas-punteras-del-mundo\/\" target=\"_blank\" rel=\"nofollow\" class=\"\">Las startups de salud m\u00e1s punteras del mundo<\/a>\n\n\n\n\n\n\n<div class=\"wprss-feed-meta\">\n            <span class=\"feed-source\">\n            Source:\n\n                            Distrito Emprendedores\n                    <\/span>\n    \n            <span class=\"feed-date\">\n            Published on 2026-03-04\n        <\/span>\n    \n    <\/div>\n\n\n\n\n\n            \n        <\/li>\n                    <li class=\"wpra-item feed-item \">\n            \n            \n\n    <a  href=\"https:\/\/distritoemprendedores.es\/blog\/puesta-en-marcha-de-un-negocio-primeros-pasos-para-validar-vender-y-controlar-la-tesoreria\/\" target=\"_blank\" rel=\"nofollow\" class=\"\">Puesta en marcha de un negocio: primeros pasos para validar, vender y controlar la tesorer\u00eda<\/a>\n\n\n\n\n\n\n<div class=\"wprss-feed-meta\">\n            <span class=\"feed-source\">\n            Source:\n\n                            Distrito Emprendedores\n                    <\/span>\n    \n            <span class=\"feed-date\">\n            Published on 2026-03-03\n        <\/span>\n    \n    <\/div>\n\n\n\n\n\n            \n        <\/li>\n                    <li class=\"wpra-item feed-item \">\n            \n            \n\n    <a  href=\"https:\/\/distritoemprendedores.es\/blog\/6-franquicias-sin-apenas-competencia-en-el-mercado\/\" target=\"_blank\" rel=\"nofollow\" class=\"\">6 franquicias sin apenas competencia en el mercado<\/a>\n\n\n\n\n\n\n<div class=\"wprss-feed-meta\">\n            <span class=\"feed-source\">\n            Source:\n\n                            Distrito Emprendedores\n                    <\/span>\n    \n            <span class=\"feed-date\">\n            Published on 2026-03-02\n        <\/span>\n    \n    <\/div>\n\n\n\n\n\n            \n        <\/li>\n                    <li class=\"wpra-item feed-item \">\n            \n            \n\n    <a  href=\"https:\/\/digistorage.es\/links\/71d78951-a420-4f5b-8de6-7b35ae7efc1c#new_tab\" target=\"_blank\" rel=\"nofollow\" class=\"\">Los algoritmos amenazan con filtrar las confesiones realizadas al abogado<\/a>\n\n\n\n\n\n\n<div class=\"wprss-feed-meta\">\n            <span class=\"feed-source\">\n            Source:\n\n                            Distrito Emprendedores\n                    <\/span>\n    \n            <span class=\"feed-date\">\n            Published on 2026-03-01\n        <\/span>\n    \n    <\/div>\n\n\n\n\n\n            \n        <\/li>\n                    <li class=\"wpra-item feed-item \">\n            \n            \n\n    <a  href=\"https:\/\/distritoemprendedores.es\/blog\/las-startups-que-mas-innovan-en-el-mundo\/\" target=\"_blank\" rel=\"nofollow\" class=\"\">Las startups que m\u00e1s innovan en el mundo<\/a>\n\n\n\n\n\n\n<div class=\"wprss-feed-meta\">\n            <span class=\"feed-source\">\n            Source:\n\n                            Distrito Emprendedores\n                    <\/span>\n    \n            <span class=\"feed-date\">\n            Published on 2026-02-28\n        <\/span>\n    \n    <\/div>\n\n\n\n\n\n            \n        <\/li>\n                    <li class=\"wpra-item feed-item \">\n            \n            \n\n    <a  href=\"https:\/\/distritoemprendedores.es\/blog\/tiktok-genera-31-000-millones-de-euros-para-las-empresas-europeas-y-3-000-millones-en-espana\/\" target=\"_blank\" rel=\"nofollow\" class=\"\">TikTok genera 31.000 millones de euros para las empresas europeas y 3.000 millones en Espa\u00f1a<\/a>\n\n\n\n\n\n\n<div class=\"wprss-feed-meta\">\n            <span class=\"feed-source\">\n            Source:\n\n                            Distrito Emprendedores\n                    <\/span>\n    \n            <span class=\"feed-date\">\n            Published on 2026-02-27\n        <\/span>\n    \n    <\/div>\n\n\n\n\n\n            \n        <\/li>\n                    <li class=\"wpra-item feed-item \">\n            \n            \n\n    <a  href=\"https:\/\/distritoemprendedores.es\/blog\/amazon-planea-un-marketplace-para-hacer-de-puente-entre-los-publishers-y-las-empresas-de-ia\/\" target=\"_blank\" rel=\"nofollow\" class=\"\">Amazon planea un \u00abmarketplace\u00bb para hacer de puente entre los \u00abpublishers\u00bb y las empresas de IA<\/a>\n\n\n\n\n\n\n<div class=\"wprss-feed-meta\">\n            <span class=\"feed-source\">\n            Source:\n\n                            Distrito Emprendedores\n                    <\/span>\n    \n            <span class=\"feed-date\">\n            Published on 2026-02-26\n        <\/span>\n    \n    <\/div>\n\n\n\n\n\n            \n        <\/li>\n        <\/ul>\n\n        \n<\/div>\n\n<\/div>\n\n<hr>\n<h4 class=\"orange\">Un d\u00eda especial y estrat\u00e9gico<\/h4>\n<p>Desconoc\u00eda que el viernes es una pieza clave en el tablero. Porque:<\/p>\n<ul>\n<li>Aunque la semana no haya bien del todo, te permite pegar el arre\u00f3n final y enderezar resultados.<\/li>\n<li>Es un d\u00eda donde puedes concentrarte en cerrar temas para no dejar pendiente nada. Y que de rebote no impacte en la semana que viene.<\/li>\n<li>Puedes aprovechar la energ\u00eda especial del viernes para hacer aqu\u00e9llo que no quisiste o no pudiste hacer d\u00edas atr\u00e1s.<\/li>\n<li>Es el momento perfecto para revisar la semana, el estado de tus proyectos y tareas, y enfocar la semana siguiente.<\/li>\n<li>Y mi punto favorito: dejar preparado el arranque de la semana siguiente. C\u00f3mo voy a empezar las dos primeras horas del lunes.<\/li>\n<\/ul>\n<h4 class=\"orange\">Procrastinando en viernes\u2026<\/h4>\n<p>La \u00abprocrastinaci\u00f3n de los viernes\u00bb es mucho m\u00e1s habitual de lo que parece, y casi nos afecta a todos. A ver si te suena esto\u2026<\/p>\n<p>El viernes est\u00e1s trabajando y ves que tienes pendientes unas cuantas tareas. Tal vez alguna a medio hacer que te toca terminar. Pero ves que no te apetece porque \u00abtotal, ya es viernes, y el finde ya est\u00e1 ah\u00ed\u00bb, te dices a ti mismo.<\/p>\n<p>Y entonces haces&nbsp;<strong>un pacto contigo mismo<\/strong>&nbsp;que en realidad es una trampa. Y dices: \u00abBueno, no lo hago hoy, pero FIJO que lo hago el lunes. En cuanto llegue me lo quito de encima\u00bb.<\/p>\n<p>Es una trampa porque en primer lugar te perseguir\u00e1 durante el fin de semana (sobre todo si es algo importante). Y en segundo lugar: va a condicionar el arranque de la siguiente semana. En vez de empezar cosas nuevas y seguramente de mayor impacto, dedicar\u00e1s las primeras horas del lunes a terminar lo que el viernes dejaste. B\u00e1sicamente porque te dio la gana.<\/p>\n<p class=\"cita\">Conc\u00e9ntrate en terminar bien cada semana. Porque es f\u00e1cil no dar dos vueltas a la llave al cerrar.<\/p>\n<h4 class=\"orange\">Dar un giro con cinco gestos<\/h4>\n<p>La gran noticia es que en esto, como en casi todo lo que tiene que ver con Organizaci\u00f3n y Eficacia, podemos darle la vuelta a la tortilla. Peeeero, hay que levantar el culo y hacer cambios. Siempre cambios. (Pero cambios m\u00e1s peque\u00f1os y menos costosos de lo que nos decimos a nosotros mismos.)<\/p>\n<ul class=\"keys\">\n<li><strong>Guerra a la Procrastinaci\u00f3n<\/strong>. En lugar de dejar cosas para la semana que viene, convierte el viernes en&nbsp;<a href=\"https:\/\/thinkwasabi.com\/como-terminar-la-semana-con-un-viernes-mas-productivo\/%3Ca%20href=\">el d\u00eda dedicado a hacer lo que has ido retrasando<\/a>&nbsp;en d\u00edas anteriores, o a terminar lo que te niegas a hacer.<\/li>\n<li><strong>Ronda de llamadas y correos<\/strong>. Adem\u00e1s de la revisi\u00f3n que haces de tus proyectos y tareas, el viernes es perfecto para recabar informaci\u00f3n de otros: tomar el pulso a los proyectos, conocer el estado de un pedido, verificar el desarrollo o un lanzamiento\u2026 . As\u00ed puedes hacer ajustes o cambios en tu plan de trabajo.<\/li>\n<li><strong>Revisa las tareas delegadas (a ti)<\/strong>. Lo que otros te han encargado casi siempre tienen una&nbsp;<a href=\"https:\/\/thinkwasabi.com\/como-hacer-seguimiento-de-las-tareas-delegadas\/\">fecha de entrega<\/a>. Revisa los plazos y no te conf\u00edes.<\/li>\n<li><strong>Antic\u00edpate y p\u00eddelo ya<\/strong>. Con las tareas para la pr\u00f3xima semana delante de ti, es f\u00e1cil detectar las cosas que necesitar\u00e1s de otros. P\u00eddelo ya mismo; porque los plazos en el trabajo no son lo que parecen. Sobre todo cuando dependes de otros.<\/li>\n<li><strong>Deja listo lo del Lunes<\/strong>. \u00bfCon qu\u00e9 vas a empezar la semana? \u00bfHay alguna cita a primera hora? \u00bfTienes toda la informaci\u00f3n y material para las dos primeras tareas? D\u00e9jalo listo y el arranque de la semana ser\u00e1 mucho m\u00e1s suave.<\/li>\n<\/ul>\n<p>Haz del viernes un d\u00eda especial para tu Productividad.&nbsp;<strong>Enf\u00f3cate en cerrar bien cada semana<\/strong>. En muchos casos es la llave para empezar bien la siguiente. Y eso es algo que t\u00fa y yo necesitamos m\u00e1s que nunca.<\/p>\n<p><a href=\"https:\/\/thinkwasabi.com\/\"><em>Berto Pena<\/em><\/a><\/p>\n<div id=\"telet-3877724979\" class=\"telet-despues-del-contenido telet-entity-placement\"><a target=\"_blank\" href=\"\/\/aff.lucushost.com\/resources\/click\/?n=gDxoXMAJ&aff=756\"><img decoding=\"async\" border=\"0\" alt=\"LucusHost, el mejor hosting\" src=\"\/\/aff.lucushost.com\/resources\/banners\/?zoneid=5123&n=gDxoXMAJ&aff=756\" \/><\/a><\/div>","protected":false},"excerpt":{"rendered":"<p>En muchas ocasiones la semana empieza torcida, no porque alguien nos la ha jurado, sino porque terminamos mal la semana anterior. Cansancio, exceso de relajaci\u00f3n, el fin de semana\u2026 Es&hellip; <\/p>\n","protected":false},"author":1,"featured_media":266,"comment_status":"open","ping_status":"open","sticky":false,"template":"","format":"standard","meta":{"_jetpack_memberships_contains_paid_content":false,"footnotes":"","_links_to":"","_links_to_target":""},"categories":[1],"tags":[15,14],"class_list":["post-3440","post","type-post","status-publish","format-standard","has-post-thumbnail","hentry","category-telesecretarias","tag-fuprisa","tag-jose-manuel-fuentes-prieto"],"nelio_content":{"autoShareEndMode":"never","automationSources":{"useCustomSentences":false,"customSentences":[]},"efiAlt":"","efiUrl":"","followers":[1],"highlights":[],"isAutoShareEnabled":true,"networkImageIds":[],"permalinkQueryArgs":[],"series":[],"suggestedReferences":[]},"jetpack_featured_media_url":"https:\/\/teletrabajoynegocios.com\/telesecretarias\/wp-content\/uploads\/sites\/2\/2018\/11\/conciliacion.jpg","jetpack_sharing_enabled":true,"_links":{"self":[{"href":"https:\/\/teletrabajoynegocios.com\/telesecretarias\/wp-json\/wp\/v2\/posts\/3440","targetHints":{"allow":["GET"]}}],"collection":[{"href":"https:\/\/teletrabajoynegocios.com\/telesecretarias\/wp-json\/wp\/v2\/posts"}],"about":[{"href":"https:\/\/teletrabajoynegocios.com\/telesecretarias\/wp-json\/wp\/v2\/types\/post"}],"author":[{"embeddable":true,"href":"https:\/\/teletrabajoynegocios.com\/telesecretarias\/wp-json\/wp\/v2\/users\/1"}],"replies":[{"embeddable":true,"href":"https:\/\/teletrabajoynegocios.com\/telesecretarias\/wp-json\/wp\/v2\/comments?post=3440"}],"version-history":[{"count":2,"href":"https:\/\/teletrabajoynegocios.com\/telesecretarias\/wp-json\/wp\/v2\/posts\/3440\/revisions"}],"predecessor-version":[{"id":3444,"href":"https:\/\/teletrabajoynegocios.com\/telesecretarias\/wp-json\/wp\/v2\/posts\/3440\/revisions\/3444"}],"wp:featuredmedia":[{"embeddable":true,"href":"https:\/\/teletrabajoynegocios.com\/telesecretarias\/wp-json\/wp\/v2\/media\/266"}],"wp:attachment":[{"href":"https:\/\/teletrabajoynegocios.com\/telesecretarias\/wp-json\/wp\/v2\/media?parent=3440"}],"wp:term":[{"taxonomy":"category","embeddable":true,"href":"https:\/\/teletrabajoynegocios.com\/telesecretarias\/wp-json\/wp\/v2\/categories?post=3440"},{"taxonomy":"post_tag","embeddable":true,"href":"https:\/\/teletrabajoynegocios.com\/telesecretarias\/wp-json\/wp\/v2\/tags?post=3440"}],"curies":[{"name":"wp","href":"https:\/\/api.w.org\/{rel}","templated":true}]}}