{"id":3534,"date":"2021-03-22T11:06:10","date_gmt":"2021-03-22T10:06:10","guid":{"rendered":"https:\/\/teletrabajoynegocios.com\/telesecretarias\/?p=3534"},"modified":"2021-03-17T17:10:25","modified_gmt":"2021-03-17T16:10:25","slug":"7-cosas-que-nunca-hago-al-inicio-del-dia-mi-lista-de-antis","status":"publish","type":"post","link":"https:\/\/teletrabajoynegocios.com\/telesecretarias\/7-cosas-que-nunca-hago-al-inicio-del-dia-mi-lista-de-antis\/","title":{"rendered":"7 COSAS QUE NUNCA HAGO AL INICIO DEL D\u00cdA (MI LISTA DE \u00abANTIS\u00bb)"},"content":{"rendered":"<div id=\"telet-1862822102\" class=\"telet-antes-del-contenido telet-entity-placement\"><a href=\"https:\/\/quaderno.io\/?via=jose-manuel94\" aria-label=\"Quaderno General (Spanish) &#8211; 728&#215;90\"><img loading=\"lazy\" decoding=\"async\" src=\"https:\/\/teletrabajoynegocios.com\/telesecretarias\/wp-content\/uploads\/sites\/2\/2020\/11\/Quaderno-General-Spanish-728x90-1.png\" alt=\"\"  srcset=\"https:\/\/teletrabajoynegocios.com\/telesecretarias\/wp-content\/uploads\/sites\/2\/2020\/11\/Quaderno-General-Spanish-728x90-1.png 728w, https:\/\/teletrabajoynegocios.com\/telesecretarias\/wp-content\/uploads\/sites\/2\/2020\/11\/Quaderno-General-Spanish-728x90-1-300x37.png 300w\" sizes=\"(max-width: 728px) 100vw, 728px\" width=\"728\" height=\"90\"   \/><\/a><\/div><p>La rutina de comienzo del d\u00eda es una de las claves a cuidar y exprimir al m\u00e1ximo. Tomarla a la ligera es un error enorme. De hecho muchos de los d\u00edas que \u00abse tuercen\u00bb lo hacen por elecci\u00f3n personal. Lo que haces y tambi\u00e9n lo que no haces.<\/p>\n<p>En m\u00e1s de una ocasi\u00f3n he escrito en estas p\u00e1ginas la importancia de tener claro&nbsp;<a class=\"broken_link\" href=\"https:\/\/thinkwasabi.com\/2014\/09\/tienes-claro-lo-que-no-hay-que-hacer\/\">lo que NO hay que hacer<\/a>. Sobre todo en ciertos momentos, como el inicio del d\u00eda.<\/p>\n<p>Es ah\u00ed donde uno empieza a construir un d\u00eda productivo o improductivo. Tratar esa primera hora u hora y media como el resto, es un error; pues es donde mejor y m\u00e1s puedes hacer.<\/p>\n<p>Realmente el problema no es s\u00f3lo no aprovechar a tope el comienzo del d\u00eda. Sino \u00abmaltratarlo\u00bb con tareas y actividades menores. O directamente tareas basura. Cosas que deber\u00edan estar confinadas a otros momentos. Es cierto que en ocasiones uno no puede elegir con qu\u00e9 se empieza. Pero eso, a veces.<\/p>\n<p class=\"cita\">Elegir mal tareas y actividades al comienzo es como salir sexta posici\u00f3n en una carrera. Luego cuesta remontar.<\/p>\n<p>Uno de los m\u00e1s sencillos pero poderosos beneficios que te da la planificaci\u00f3n del d\u00eda antes, es la capacidad de saber&nbsp;<strong>por d\u00f3nde empezar ma\u00f1ana<\/strong>. Cabr\u00eda pensar que eso ya es suficiente, pues excluye otras cosas. Pero a la hora de elegir mal, casi nadie est\u00e1 a salvo y es f\u00e1cil desviarse. Por eso es important\u00edsimo tener las cosas claras y saber responder a esto: \u00ab\u00bfqu\u00e9 es lo que nunca har\u00e9 en el arranque del d\u00eda?\u00bb<\/p>\n<p>Cuando descubr\u00ed que&nbsp;<strong>el arranque del d\u00eda era uno de los secretos<\/strong>&nbsp;de mi productividad, me promet\u00ed a m\u00ed mismo que nunca m\u00e1s empezar\u00eda el d\u00eda de cualquier manera. Lo estudi\u00e9 a fondo, saqu\u00e9 mis virtudes y debilidades, analic\u00e9 mi trabajo y las condiciones en que lo har\u00eda. No me pareci\u00f3 exagerado. En juego estaba y est\u00e1 empezar a tope (no es una expresi\u00f3n hecha) todos los d\u00edas de mi vida profesional. No es ninguna co\u00f1a.<\/p>\n<hr>\n<p><img decoding=\"async\" src=\"https:\/\/teletrabajoynegocios.com\/teletrabajador\/wp-content\/uploads\/sites\/3\/2020\/07\/articulos.png\"><\/p>\n<div class=\"wp-rss-template-container\" data-wpra-template=\"default\" data-template-ctx=\"W10=\">\n    <div class=\"wp-rss-aggregator wpra-list-template  \" data-page=\"1\">\n    \n    \n<ul class=\"wpra-item-list rss-aggregator wpra-item-list--bullets wpra-item-list--default\"\n    start=\"1\">\n                        <li class=\"wpra-item feed-item \">\n            \n            \n\n    <a  href=\"https:\/\/distritoemprendedores.com\/blog\/2026\/03\/16\/hello-world\/\" target=\"_blank\" rel=\"nofollow\" class=\"\">Hello world!<\/a>\n\n\n\n\n\n\n<div class=\"wprss-feed-meta\">\n            <span class=\"feed-source\">\n            Source:\n\n                            Distrito Emprendedores\n                    <\/span>\n    \n            <span class=\"feed-date\">\n            Published on 2026-03-16\n        <\/span>\n    \n    <\/div>\n\n\n\n\n\n            \n        <\/li>\n                    <li class=\"wpra-item feed-item \">\n            \n            \n\n    <a  href=\"https:\/\/www.dropbox.com\/scl\/fi\/b6csvpbfxu24vaezmo3es\/62bed0634df20e5ef35346439fdd423f_franquicias.pdf?rlkey=mfp2795s4n89mw35l0yeu2vl5&amp;e=2&amp;st=57kabuy0&amp;dl=0#new_tab\" target=\"_blank\" rel=\"nofollow\" class=\"\">Las franquicias espa\u00f1olas duplican su presencia en mercados for\u00e1neos<\/a>\n\n\n\n\n\n\n<div class=\"wprss-feed-meta\">\n            <span class=\"feed-source\">\n            Source:\n\n                            Distrito Emprendedores\n                    <\/span>\n    \n            <span class=\"feed-date\">\n            Published on 2026-03-11\n        <\/span>\n    \n    <\/div>\n\n\n\n\n\n            \n        <\/li>\n                    <li class=\"wpra-item feed-item \">\n            \n            \n\n    <a  href=\"https:\/\/distritoemprendedores.es\/blog\/5-errores-fatales-al-internacionalizar-tu-franquicia\/\" target=\"_blank\" rel=\"nofollow\" class=\"\">5 errores fatales al internacionalizar tu franquicia<\/a>\n\n\n\n\n\n\n<div class=\"wprss-feed-meta\">\n            <span class=\"feed-source\">\n            Source:\n\n                            Distrito Emprendedores\n                    <\/span>\n    \n            <span class=\"feed-date\">\n            Published on 2026-03-10\n        <\/span>\n    \n    <\/div>\n\n\n\n\n\n            \n        <\/li>\n                    <li class=\"wpra-item feed-item \">\n            \n            \n\n    <a  href=\"https:\/\/distritoemprendedores.es\/blog\/un-nuevo-prime-time-para-las-marcas-afterwork-tardeo-y-futbol-se-consolidan-como-los-grandes-motores-del-consumo-experiencial\/\" target=\"_blank\" rel=\"nofollow\" class=\"\">Un nuevo prime time para las marcas: afterwork, tardeo y f\u00fatbol se consolidan como los grandes motores del consumo experiencial<\/a>\n\n\n\n\n\n\n<div class=\"wprss-feed-meta\">\n            <span class=\"feed-source\">\n            Source:\n\n                            Distrito Emprendedores\n                    <\/span>\n    \n            <span class=\"feed-date\">\n            Published on 2026-03-09\n        <\/span>\n    \n    <\/div>\n\n\n\n\n\n            \n        <\/li>\n                    <li class=\"wpra-item feed-item \">\n            \n            \n\n    <a  href=\"https:\/\/distritoemprendedores.es\/blog\/la-ventaja-competitiva-esta-en-entender-como-pregunta-el-consumidor\/\" target=\"_blank\" rel=\"nofollow\" class=\"\">La ventaja competitiva est\u00e1 en entender c\u00f3mo pregunta el consumidor<\/a>\n\n\n\n\n\n\n<div class=\"wprss-feed-meta\">\n            <span class=\"feed-source\">\n            Source:\n\n                            Distrito Emprendedores\n                    <\/span>\n    \n            <span class=\"feed-date\">\n            Published on 2026-03-08\n        <\/span>\n    \n    <\/div>\n\n\n\n\n\n            \n        <\/li>\n                    <li class=\"wpra-item feed-item \">\n            \n            \n\n    <a  href=\"https:\/\/distritoemprendedores.es\/blog\/solo-el-7-de-los-espanoles-cree-a-las-marcas-cuando-comunican-sus-valores-con-hechos-demostrables\/\" target=\"_blank\" rel=\"nofollow\" class=\"\">Solo el 7% de los espa\u00f1oles cree a las marcas cuando comunican sus valores con hechos demostrables<\/a>\n\n\n\n\n\n\n<div class=\"wprss-feed-meta\">\n            <span class=\"feed-source\">\n            Source:\n\n                            Distrito Emprendedores\n                    <\/span>\n    \n            <span class=\"feed-date\">\n            Published on 2026-03-07\n        <\/span>\n    \n    <\/div>\n\n\n\n\n\n            \n        <\/li>\n                    <li class=\"wpra-item feed-item \">\n            \n            \n\n    <a  href=\"https:\/\/distritoemprendedores.es\/blog\/el-38-de-las-empresas-creadas-en-2019-ha-echado-ya-el-cierre\/\" target=\"_blank\" rel=\"nofollow\" class=\"\">El 38% de las empresas creadas en 2019 ha echado ya el cierre<\/a>\n\n\n\n\n\n\n<div class=\"wprss-feed-meta\">\n            <span class=\"feed-source\">\n            Source:\n\n                            Distrito Emprendedores\n                    <\/span>\n    \n            <span class=\"feed-date\">\n            Published on 2026-03-06\n        <\/span>\n    \n    <\/div>\n\n\n\n\n\n            \n        <\/li>\n                    <li class=\"wpra-item feed-item \">\n            \n            \n\n    <a  href=\"https:\/\/distritoemprendedores.es\/blog\/descubre-las-oportunidades-y-tendencias-en-el-mercado-de-la-franquicia-para-2026\/\" target=\"_blank\" rel=\"nofollow\" class=\"\">Descubre las oportunidades y tendencias en el mercado de la franquicia para 2026<\/a>\n\n\n\n\n\n\n<div class=\"wprss-feed-meta\">\n            <span class=\"feed-source\">\n            Source:\n\n                            Distrito Emprendedores\n                    <\/span>\n    \n            <span class=\"feed-date\">\n            Published on 2026-03-05\n        <\/span>\n    \n    <\/div>\n\n\n\n\n\n            \n        <\/li>\n                    <li class=\"wpra-item feed-item \">\n            \n            \n\n    <a  href=\"https:\/\/distritoemprendedores.es\/blog\/las-startups-de-salud-mas-punteras-del-mundo\/\" target=\"_blank\" rel=\"nofollow\" class=\"\">Las startups de salud m\u00e1s punteras del mundo<\/a>\n\n\n\n\n\n\n<div class=\"wprss-feed-meta\">\n            <span class=\"feed-source\">\n            Source:\n\n                            Distrito Emprendedores\n                    <\/span>\n    \n            <span class=\"feed-date\">\n            Published on 2026-03-04\n        <\/span>\n    \n    <\/div>\n\n\n\n\n\n            \n        <\/li>\n                    <li class=\"wpra-item feed-item \">\n            \n            \n\n    <a  href=\"https:\/\/distritoemprendedores.es\/blog\/puesta-en-marcha-de-un-negocio-primeros-pasos-para-validar-vender-y-controlar-la-tesoreria\/\" target=\"_blank\" rel=\"nofollow\" class=\"\">Puesta en marcha de un negocio: primeros pasos para validar, vender y controlar la tesorer\u00eda<\/a>\n\n\n\n\n\n\n<div class=\"wprss-feed-meta\">\n            <span class=\"feed-source\">\n            Source:\n\n                            Distrito Emprendedores\n                    <\/span>\n    \n            <span class=\"feed-date\">\n            Published on 2026-03-03\n        <\/span>\n    \n    <\/div>\n\n\n\n\n\n            \n        <\/li>\n                    <li class=\"wpra-item feed-item \">\n            \n            \n\n    <a  href=\"https:\/\/distritoemprendedores.es\/blog\/6-franquicias-sin-apenas-competencia-en-el-mercado\/\" target=\"_blank\" rel=\"nofollow\" class=\"\">6 franquicias sin apenas competencia en el mercado<\/a>\n\n\n\n\n\n\n<div class=\"wprss-feed-meta\">\n            <span class=\"feed-source\">\n            Source:\n\n                            Distrito Emprendedores\n                    <\/span>\n    \n            <span class=\"feed-date\">\n            Published on 2026-03-02\n        <\/span>\n    \n    <\/div>\n\n\n\n\n\n            \n        <\/li>\n                    <li class=\"wpra-item feed-item \">\n            \n            \n\n    <a  href=\"https:\/\/digistorage.es\/links\/71d78951-a420-4f5b-8de6-7b35ae7efc1c#new_tab\" target=\"_blank\" rel=\"nofollow\" class=\"\">Los algoritmos amenazan con filtrar las confesiones realizadas al abogado<\/a>\n\n\n\n\n\n\n<div class=\"wprss-feed-meta\">\n            <span class=\"feed-source\">\n            Source:\n\n                            Distrito Emprendedores\n                    <\/span>\n    \n            <span class=\"feed-date\">\n            Published on 2026-03-01\n        <\/span>\n    \n    <\/div>\n\n\n\n\n\n            \n        <\/li>\n                    <li class=\"wpra-item feed-item \">\n            \n            \n\n    <a  href=\"https:\/\/distritoemprendedores.es\/blog\/las-startups-que-mas-innovan-en-el-mundo\/\" target=\"_blank\" rel=\"nofollow\" class=\"\">Las startups que m\u00e1s innovan en el mundo<\/a>\n\n\n\n\n\n\n<div class=\"wprss-feed-meta\">\n            <span class=\"feed-source\">\n            Source:\n\n                            Distrito Emprendedores\n                    <\/span>\n    \n            <span class=\"feed-date\">\n            Published on 2026-02-28\n        <\/span>\n    \n    <\/div>\n\n\n\n\n\n            \n        <\/li>\n                    <li class=\"wpra-item feed-item \">\n            \n            \n\n    <a  href=\"https:\/\/distritoemprendedores.es\/blog\/tiktok-genera-31-000-millones-de-euros-para-las-empresas-europeas-y-3-000-millones-en-espana\/\" target=\"_blank\" rel=\"nofollow\" class=\"\">TikTok genera 31.000 millones de euros para las empresas europeas y 3.000 millones en Espa\u00f1a<\/a>\n\n\n\n\n\n\n<div class=\"wprss-feed-meta\">\n            <span class=\"feed-source\">\n            Source:\n\n                            Distrito Emprendedores\n                    <\/span>\n    \n            <span class=\"feed-date\">\n            Published on 2026-02-27\n        <\/span>\n    \n    <\/div>\n\n\n\n\n\n            \n        <\/li>\n                    <li class=\"wpra-item feed-item \">\n            \n            \n\n    <a  href=\"https:\/\/distritoemprendedores.es\/blog\/amazon-planea-un-marketplace-para-hacer-de-puente-entre-los-publishers-y-las-empresas-de-ia\/\" target=\"_blank\" rel=\"nofollow\" class=\"\">Amazon planea un \u00abmarketplace\u00bb para hacer de puente entre los \u00abpublishers\u00bb y las empresas de IA<\/a>\n\n\n\n\n\n\n<div class=\"wprss-feed-meta\">\n            <span class=\"feed-source\">\n            Source:\n\n                            Distrito Emprendedores\n                    <\/span>\n    \n            <span class=\"feed-date\">\n            Published on 2026-02-26\n        <\/span>\n    \n    <\/div>\n\n\n\n\n\n            \n        <\/li>\n        <\/ul>\n\n        \n<\/div>\n\n<\/div>\n\n<hr>\n<p>Entre las cosas que hice dentro de ese proyecto \u00abempieza el d\u00eda como nunca\u00bb, fue&nbsp;<strong>identificar las cosas que nunca har\u00eda<\/strong>&nbsp;nada m\u00e1s empezar. Hoy, a\u00f1os despu\u00e9s, me alegro de seguir cumpli\u00e9ndolo. En mi caso personal, no me cabe duda que es una de las claves de que cada d\u00eda trabaje bien.<\/p>\n<ul class=\"keys\">\n<li><strong>1. No abro el Email<\/strong><br \/>\nEl Email es una herramienta importante para m\u00ed, pero es s\u00f3lo eso, una herramienta. Antepongo tareas y actividades de m\u00e1s importancia y resultados. Lo abro por la ma\u00f1ana, pronto, pero&nbsp;<a class=\"broken_link\" href=\"https:\/\/thinkwasabi.com\/2010\/11\/trampa-desayunar-email\/\">nunca a primera hora<\/a>. Eso me permite hacer las dos primeras tareas totalmente enchufado y a la vez no perderme cosas.<\/li>\n<li><strong>2. No leo peri\u00f3dicos ni blogs<\/strong><br \/>\nMantenerme informado (lo suficiente, no abuso) es parte de mi trabajo, y tambi\u00e9n de mi naturaleza inquieta. Es algo que hago todos los d\u00edas sin excepci\u00f3n, pero nunca al empezar el d\u00eda, s\u00f3lo en ciertos momentos que tengo fijos: al final de la ma\u00f1ana o del d\u00eda, o bien en alg\u00fan&nbsp;<a class=\"broken_link\" href=\"https:\/\/thinkwasabi.com\/2011\/08\/acelera-tu-trabajo-con-los-rincones-del-dia\/\">rinc\u00f3n del d\u00eda<\/a>.<\/li>\n<li><strong>3. No dejo que tel\u00e9fono \u00abhable\u00bb<\/strong><br \/>\nUna de las ventajas de empezar a trabajar muy pronto es que todo el mundo duerme: no hay llamadas, no hay mensajes\u2026 De todos modos, yo me aseguro de ignorarlo, silenci\u00e1ndolo y poni\u00e9ndolo boca abajo (realmente est\u00e1 silenciado desde la noche anterior, ya que entra en modo \u00abno molestar\u00bb).<\/li>\n<li><strong>4. No abro el navegador<\/strong><br \/>\nComo todo el mundo a veces quiero mirar algo en alguna p\u00e1gina \u00abs\u00f3lo un minuto\u00bb. Es facil\u00edsimo caer en la navegaci\u00f3n inconsciente y lo que inicialmente iba a ser un inofensivo minuto, luego se expande hasta devorar el sagrado arranque del d\u00eda. (Si para la primera tarea del d\u00eda necesito informaci\u00f3n de Internet, la suelo recopilar el d\u00eda anterior.)<\/li>\n<li><strong>5. No hago tareas medianas ni peque\u00f1as<\/strong><br \/>\nAl comienzo del d\u00eda yo estoy mejor. Mentalmente m\u00e1s fresco y con m\u00e1s capacidad de trabajo. No ser\u00eda muy inteligente por mi parte derrochar esa capacidad en cosas menores que bien puedo hacer en otro momento del d\u00eda. No. Ese momento est\u00e1 reservado para&nbsp;<a class=\"broken_link\" href=\"https:\/\/thinkwasabi.com\/2011\/01\/empieza-dia-haciendo-tarea-clave\/\">ciertas tareas<\/a>. Otras est\u00e1n proh\u00edbidas para m\u00ed.<\/li>\n<li><strong>6. No me dejo atrapar por los detalles<\/strong><br \/>\nCuando empiezas a trabajar en una tarea y tu mente est\u00e1 en marcha, tambi\u00e9n trabaja en paralelo: surgen ideas, recordatorios, peque\u00f1os detalles que rodean a toda tu actividad. Es facil\u00edsimo dejarse llevar por ellos y perder una concentraci\u00f3n y ritmo de trabajo que son oro para m\u00ed. Lo que hago es aislarlos. Bien anot\u00e1ndolos para luego, o bien ignor\u00e1ndolos.<\/li>\n<li><strong>7. No tengo reuniones<\/strong><br \/>\nCuando no me queda otro remedio que asistir a una reuni\u00f3n, intento por todos los medios hacerla a partir de las 11:00. O incluso m\u00e1s tarde si puedo. Ciertas reuniones son importantes (la mayor\u00eda no), pero eso no significa que tengan que robarme el arranque de mi d\u00eda.<\/li>\n<li><strong>(bonus) 8. No planifico el trabajo del d\u00eda<\/strong><br \/>\nLa planificaci\u00f3n del trabajo de hoy es algo que&nbsp;<em>siempre<\/em>&nbsp;hago el d\u00eda anterior. Si empiezo a trabajar, y los primeros 10-15 minutos los invierto en prepararme para trabajar, no estar\u00eda aprovechando al m\u00e1ximo la oportunidad que el d\u00eda y mi mente me dan.<\/li>\n<\/ul>\n<p>Una de las cosas m\u00e1s grandes que me ha dado la Productividad Personal es&nbsp;<strong>compensar mis naturales limitaciones<\/strong>. Para ciertas cosas soy regular o incluso malo. Pero tras descubrir ciertos gestos, h\u00e1bitos y rutinas, como el de&nbsp;<strong>potenciar el inicio del d\u00eda<\/strong>, he logrado reinventarme en muchos aspectos.<\/p>\n<p>\u00bfSabes el problema? Que mucha gente desprecia estas cosas porque no son llamativas. Es m\u00e1s atractivo instalar una aplicaci\u00f3n.<\/p>\n<p><a href=\"https:\/\/thinkwasabi.com\/\"><em>Art\u00edculo escrito por Berto Pena<\/em><\/a><\/p>\n<div id=\"telet-1237951484\" class=\"telet-despues-del-contenido telet-entity-placement\"><a target=\"_blank\" href=\"\/\/aff.lucushost.com\/resources\/click\/?n=gDxoXMAJ&aff=756\"><img decoding=\"async\" border=\"0\" alt=\"LucusHost, el mejor hosting\" src=\"\/\/aff.lucushost.com\/resources\/banners\/?zoneid=5123&n=gDxoXMAJ&aff=756\" \/><\/a><\/div>","protected":false},"excerpt":{"rendered":"<p>La rutina de comienzo del d\u00eda es una de las claves a cuidar y exprimir al m\u00e1ximo. Tomarla a la ligera es un error enorme. De hecho muchos de los&hellip; <\/p>\n","protected":false},"author":1,"featured_media":796,"comment_status":"open","ping_status":"open","sticky":false,"template":"","format":"standard","meta":{"_jetpack_memberships_contains_paid_content":false,"footnotes":"","_links_to":"","_links_to_target":""},"categories":[9],"tags":[15,14],"class_list":["post-3534","post","type-post","status-publish","format-standard","has-post-thumbnail","hentry","category-ofimatica","tag-fuprisa","tag-jose-manuel-fuentes-prieto"],"nelio_content":{"autoShareEndMode":"never","automationSources":{"useCustomSentences":false,"customSentences":[]},"efiAlt":"","efiUrl":"","followers":[1],"highlights":[],"isAutoShareEnabled":true,"networkImageIds":[],"permalinkQueryArgs":[],"series":[],"suggestedReferences":[]},"jetpack_featured_media_url":"https:\/\/teletrabajoynegocios.com\/telesecretarias\/wp-content\/uploads\/sites\/2\/2020\/03\/Claves-para-elegir-la-secretaria-virtual-perfecta_198.jpg","jetpack_sharing_enabled":true,"_links":{"self":[{"href":"https:\/\/teletrabajoynegocios.com\/telesecretarias\/wp-json\/wp\/v2\/posts\/3534","targetHints":{"allow":["GET"]}}],"collection":[{"href":"https:\/\/teletrabajoynegocios.com\/telesecretarias\/wp-json\/wp\/v2\/posts"}],"about":[{"href":"https:\/\/teletrabajoynegocios.com\/telesecretarias\/wp-json\/wp\/v2\/types\/post"}],"author":[{"embeddable":true,"href":"https:\/\/teletrabajoynegocios.com\/telesecretarias\/wp-json\/wp\/v2\/users\/1"}],"replies":[{"embeddable":true,"href":"https:\/\/teletrabajoynegocios.com\/telesecretarias\/wp-json\/wp\/v2\/comments?post=3534"}],"version-history":[{"count":1,"href":"https:\/\/teletrabajoynegocios.com\/telesecretarias\/wp-json\/wp\/v2\/posts\/3534\/revisions"}],"predecessor-version":[{"id":3535,"href":"https:\/\/teletrabajoynegocios.com\/telesecretarias\/wp-json\/wp\/v2\/posts\/3534\/revisions\/3535"}],"wp:featuredmedia":[{"embeddable":true,"href":"https:\/\/teletrabajoynegocios.com\/telesecretarias\/wp-json\/wp\/v2\/media\/796"}],"wp:attachment":[{"href":"https:\/\/teletrabajoynegocios.com\/telesecretarias\/wp-json\/wp\/v2\/media?parent=3534"}],"wp:term":[{"taxonomy":"category","embeddable":true,"href":"https:\/\/teletrabajoynegocios.com\/telesecretarias\/wp-json\/wp\/v2\/categories?post=3534"},{"taxonomy":"post_tag","embeddable":true,"href":"https:\/\/teletrabajoynegocios.com\/telesecretarias\/wp-json\/wp\/v2\/tags?post=3534"}],"curies":[{"name":"wp","href":"https:\/\/api.w.org\/{rel}","templated":true}]}}