{"id":3736,"date":"2021-04-09T11:33:14","date_gmt":"2021-04-09T09:33:14","guid":{"rendered":"https:\/\/teletrabajoynegocios.com\/telesecretarias\/?p=3736"},"modified":"2021-04-18T16:39:10","modified_gmt":"2021-04-18T14:39:10","slug":"preocupate-si-cultivaste-y-practicas-estos-10-malos-habitos","status":"publish","type":"post","link":"https:\/\/teletrabajoynegocios.com\/telesecretarias\/preocupate-si-cultivaste-y-practicas-estos-10-malos-habitos\/","title":{"rendered":"Preoc\u00fapate, si cultivaste y practicas estos 10 malos h\u00e1bitos"},"content":{"rendered":"<div id=\"telet-2158968317\" class=\"telet-antes-del-contenido telet-entity-placement\"><a href=\"https:\/\/quaderno.io\/?via=jose-manuel94\" aria-label=\"Quaderno General (Spanish) &#8211; 728&#215;90\"><img loading=\"lazy\" decoding=\"async\" src=\"https:\/\/teletrabajoynegocios.com\/telesecretarias\/wp-content\/uploads\/sites\/2\/2020\/11\/Quaderno-General-Spanish-728x90-1.png\" alt=\"\"  srcset=\"https:\/\/teletrabajoynegocios.com\/telesecretarias\/wp-content\/uploads\/sites\/2\/2020\/11\/Quaderno-General-Spanish-728x90-1.png 728w, https:\/\/teletrabajoynegocios.com\/telesecretarias\/wp-content\/uploads\/sites\/2\/2020\/11\/Quaderno-General-Spanish-728x90-1-300x37.png 300w\" sizes=\"(max-width: 728px) 100vw, 728px\" width=\"728\" height=\"90\"   \/><\/a><\/div><p data-birdsend-par-index=\"0\">\u00bfCrisis, cu\u00e1l crisis? \u00bfLimitaciones, cu\u00e1les limitaciones? \u00bfObst\u00e1culos, cu\u00e1les obst\u00e1culos?&nbsp;<strong>Son meras excusas, frases que de tanto repetirlas en el imaginario popular adquirieron el r\u00f3tulo de verdad, pero son falsas<\/strong>. Crisis siempre ha habido y siempre habr\u00e1. Limitaciones siempre hubo y siempre las habr\u00e1. Obst\u00e1culos siempre se presentan y siempre se interpondr\u00e1n en el camino. \u00bfEntonces?<\/p>\n<p data-birdsend-par-index=\"1\">Los seres humanos somos harto contradictorios. Porque&nbsp;<strong>nos quejamos constantemente de que la vida no nos trata como&nbsp;<em>merecemos<\/em>, de que no recibimos lo que nos&nbsp;<em>corresponde<\/em>, de que, como decimos en Colombia,&nbsp;<em>nacimos estrellados<\/em><\/strong>&nbsp;(sin estrella). O, como suelo escuchar cada vez con mayor frecuencia, con mala suerte, con un destino gris. Sin embargo, eso no es cierto.<\/p>\n<p><iframe loading=\"lazy\" title=\"Preoc\u00fapate, si cultivaste y practicas estos 10 malos h\u00e1bitos\" width=\"1110\" height=\"624\" src=\"https:\/\/www.youtube.com\/embed\/0YJ7VO0U-vU?feature=oembed\" frameborder=\"0\" allow=\"accelerometer; autoplay; clipboard-write; encrypted-media; gyroscope; picture-in-picture\" allowfullscreen><\/iframe><\/p>\n<p data-birdsend-par-index=\"2\">Se trata, nada m\u00e1s, del&nbsp;<strong>resultado del modelo educativo en el que crecimos seg\u00fan el cual hay fuerzas supremas que mueven nuestro destino a su antojo, que nos manejan como si fu\u00e9ramos marionetas<\/strong>. Y, m\u00e1s grave a\u00fan, que nuestro camino ya est\u00e1 labrado, nuestra historia ya est\u00e1 escrita y no la podemos modificar. Lo \u00fanico que nos queda es aceptarla con resignaci\u00f3n y vivirla.<\/p>\n<p data-birdsend-par-index=\"3\">Por fortuna, nada de eso es cierto. No voy a negarte que hubo alguna \u00e9poca de mi vida en la que tambi\u00e9n me cre\u00ed esas mentiras y pagu\u00e9 por ello.&nbsp;<strong>Por fortuna, gracias al ejemplo de mis padres y a las ense\u00f1anzas de mis mentores, y de esa sabia maestra que es la vida, entend\u00ed que soy el \u00fanico y total responsable de lo que me sucede<\/strong>. Mi destino es fruto de mis acciones y de mis decisiones.<\/p>\n<p data-birdsend-par-index=\"4\">Independientemente de mis creencias, de mi credo, de mi postura pol\u00edtica: mi vida es resultado de lo que hago y de las decisiones que adopto. En otras palabras,&nbsp;<strong>mi vida es la que yo elijo. De lo que s\u00ed estoy completamente convencido, porque lo he experimentado para bien y para mal<\/strong>, es que las personas de las que te rodeas influyen, y mucho, tanto en esas acciones como en esas decisiones.<\/p>\n<p data-birdsend-par-index=\"5\">Por eso, debes cuidar bien de qui\u00e9n te rodeas, a qui\u00e9n le permites que entre en tu vida, en especial en aquella vida personal que suele ser fr\u00e1gil y vulnerable.&nbsp;<strong>La principal premisa, entonces, es tomar las riendas de tu vida y llevarla por donde quieres. Igual habr\u00e1 dificultades, igual vas a cometer mil y un errores<\/strong>, igual estar\u00e1s expuesto a la influencia negativa de otras personas.<\/p>\n<p data-birdsend-par-index=\"6\">Esa, amigo m\u00edo, es una realidad que debemos aceptar. Sin embargo, la mayor\u00eda de tus males, de tus desdichas, de tus motivos de preocupaci\u00f3n surge de ti. Una de las premisa de la vida que m\u00e1s nos cuesta aprender, porque requiere humildad, es aquella de que&nbsp;<strong>todo lo que te sucede es el efecto de lo que diste, porque no hay casualidad alguna, sino una perfecta ley de causalidad<\/strong>.<\/p>\n<hr>\n<p data-birdsend-par-index=\"6\"><img decoding=\"async\" src=\"https:\/\/teletrabajoynegocios.com\/teletrabajador\/wp-content\/uploads\/sites\/3\/2020\/07\/articulos.png\"><\/p>\n<p data-birdsend-par-index=\"6\"><div class=\"wp-rss-template-container\" data-wpra-template=\"default\" data-template-ctx=\"W10=\">\n    <div class=\"wp-rss-aggregator wpra-list-template  \" data-page=\"1\">\n    \n    \n<ul class=\"wpra-item-list rss-aggregator wpra-item-list--bullets wpra-item-list--default\"\n    start=\"1\">\n                        <li class=\"wpra-item feed-item \">\n            \n            \n\n    <a  href=\"https:\/\/distritoemprendedores.com\/blog\/2026\/03\/16\/hello-world\/\" target=\"_blank\" rel=\"nofollow\" class=\"\">Hello world!<\/a>\n\n\n\n\n\n\n<div class=\"wprss-feed-meta\">\n            <span class=\"feed-source\">\n            Source:\n\n                            Distrito Emprendedores\n                    <\/span>\n    \n            <span class=\"feed-date\">\n            Published on 2026-03-16\n        <\/span>\n    \n    <\/div>\n\n\n\n\n\n            \n        <\/li>\n                    <li class=\"wpra-item feed-item \">\n            \n            \n\n    <a  href=\"https:\/\/www.dropbox.com\/scl\/fi\/b6csvpbfxu24vaezmo3es\/62bed0634df20e5ef35346439fdd423f_franquicias.pdf?rlkey=mfp2795s4n89mw35l0yeu2vl5&amp;e=2&amp;st=57kabuy0&amp;dl=0#new_tab\" target=\"_blank\" rel=\"nofollow\" class=\"\">Las franquicias espa\u00f1olas duplican su presencia en mercados for\u00e1neos<\/a>\n\n\n\n\n\n\n<div class=\"wprss-feed-meta\">\n            <span class=\"feed-source\">\n            Source:\n\n                            Distrito Emprendedores\n                    <\/span>\n    \n            <span class=\"feed-date\">\n            Published on 2026-03-11\n        <\/span>\n    \n    <\/div>\n\n\n\n\n\n            \n        <\/li>\n                    <li class=\"wpra-item feed-item \">\n            \n            \n\n    <a  href=\"https:\/\/distritoemprendedores.es\/blog\/5-errores-fatales-al-internacionalizar-tu-franquicia\/\" target=\"_blank\" rel=\"nofollow\" class=\"\">5 errores fatales al internacionalizar tu franquicia<\/a>\n\n\n\n\n\n\n<div class=\"wprss-feed-meta\">\n            <span class=\"feed-source\">\n            Source:\n\n                            Distrito Emprendedores\n                    <\/span>\n    \n            <span class=\"feed-date\">\n            Published on 2026-03-10\n        <\/span>\n    \n    <\/div>\n\n\n\n\n\n            \n        <\/li>\n                    <li class=\"wpra-item feed-item \">\n            \n            \n\n    <a  href=\"https:\/\/distritoemprendedores.es\/blog\/un-nuevo-prime-time-para-las-marcas-afterwork-tardeo-y-futbol-se-consolidan-como-los-grandes-motores-del-consumo-experiencial\/\" target=\"_blank\" rel=\"nofollow\" class=\"\">Un nuevo prime time para las marcas: afterwork, tardeo y f\u00fatbol se consolidan como los grandes motores del consumo experiencial<\/a>\n\n\n\n\n\n\n<div class=\"wprss-feed-meta\">\n            <span class=\"feed-source\">\n            Source:\n\n                            Distrito Emprendedores\n                    <\/span>\n    \n            <span class=\"feed-date\">\n            Published on 2026-03-09\n        <\/span>\n    \n    <\/div>\n\n\n\n\n\n            \n        <\/li>\n                    <li class=\"wpra-item feed-item \">\n            \n            \n\n    <a  href=\"https:\/\/distritoemprendedores.es\/blog\/la-ventaja-competitiva-esta-en-entender-como-pregunta-el-consumidor\/\" target=\"_blank\" rel=\"nofollow\" class=\"\">La ventaja competitiva est\u00e1 en entender c\u00f3mo pregunta el consumidor<\/a>\n\n\n\n\n\n\n<div class=\"wprss-feed-meta\">\n            <span class=\"feed-source\">\n            Source:\n\n                            Distrito Emprendedores\n                    <\/span>\n    \n            <span class=\"feed-date\">\n            Published on 2026-03-08\n        <\/span>\n    \n    <\/div>\n\n\n\n\n\n            \n        <\/li>\n                    <li class=\"wpra-item feed-item \">\n            \n            \n\n    <a  href=\"https:\/\/distritoemprendedores.es\/blog\/solo-el-7-de-los-espanoles-cree-a-las-marcas-cuando-comunican-sus-valores-con-hechos-demostrables\/\" target=\"_blank\" rel=\"nofollow\" class=\"\">Solo el 7% de los espa\u00f1oles cree a las marcas cuando comunican sus valores con hechos demostrables<\/a>\n\n\n\n\n\n\n<div class=\"wprss-feed-meta\">\n            <span class=\"feed-source\">\n            Source:\n\n                            Distrito Emprendedores\n                    <\/span>\n    \n            <span class=\"feed-date\">\n            Published on 2026-03-07\n        <\/span>\n    \n    <\/div>\n\n\n\n\n\n            \n        <\/li>\n                    <li class=\"wpra-item feed-item \">\n            \n            \n\n    <a  href=\"https:\/\/distritoemprendedores.es\/blog\/el-38-de-las-empresas-creadas-en-2019-ha-echado-ya-el-cierre\/\" target=\"_blank\" rel=\"nofollow\" class=\"\">El 38% de las empresas creadas en 2019 ha echado ya el cierre<\/a>\n\n\n\n\n\n\n<div class=\"wprss-feed-meta\">\n            <span class=\"feed-source\">\n            Source:\n\n                            Distrito Emprendedores\n                    <\/span>\n    \n            <span class=\"feed-date\">\n            Published on 2026-03-06\n        <\/span>\n    \n    <\/div>\n\n\n\n\n\n            \n        <\/li>\n                    <li class=\"wpra-item feed-item \">\n            \n            \n\n    <a  href=\"https:\/\/distritoemprendedores.es\/blog\/descubre-las-oportunidades-y-tendencias-en-el-mercado-de-la-franquicia-para-2026\/\" target=\"_blank\" rel=\"nofollow\" class=\"\">Descubre las oportunidades y tendencias en el mercado de la franquicia para 2026<\/a>\n\n\n\n\n\n\n<div class=\"wprss-feed-meta\">\n            <span class=\"feed-source\">\n            Source:\n\n                            Distrito Emprendedores\n                    <\/span>\n    \n            <span class=\"feed-date\">\n            Published on 2026-03-05\n        <\/span>\n    \n    <\/div>\n\n\n\n\n\n            \n        <\/li>\n                    <li class=\"wpra-item feed-item \">\n            \n            \n\n    <a  href=\"https:\/\/distritoemprendedores.es\/blog\/las-startups-de-salud-mas-punteras-del-mundo\/\" target=\"_blank\" rel=\"nofollow\" class=\"\">Las startups de salud m\u00e1s punteras del mundo<\/a>\n\n\n\n\n\n\n<div class=\"wprss-feed-meta\">\n            <span class=\"feed-source\">\n            Source:\n\n                            Distrito Emprendedores\n                    <\/span>\n    \n            <span class=\"feed-date\">\n            Published on 2026-03-04\n        <\/span>\n    \n    <\/div>\n\n\n\n\n\n            \n        <\/li>\n                    <li class=\"wpra-item feed-item \">\n            \n            \n\n    <a  href=\"https:\/\/distritoemprendedores.es\/blog\/puesta-en-marcha-de-un-negocio-primeros-pasos-para-validar-vender-y-controlar-la-tesoreria\/\" target=\"_blank\" rel=\"nofollow\" class=\"\">Puesta en marcha de un negocio: primeros pasos para validar, vender y controlar la tesorer\u00eda<\/a>\n\n\n\n\n\n\n<div class=\"wprss-feed-meta\">\n            <span class=\"feed-source\">\n            Source:\n\n                            Distrito Emprendedores\n                    <\/span>\n    \n            <span class=\"feed-date\">\n            Published on 2026-03-03\n        <\/span>\n    \n    <\/div>\n\n\n\n\n\n            \n        <\/li>\n                    <li class=\"wpra-item feed-item \">\n            \n            \n\n    <a  href=\"https:\/\/distritoemprendedores.es\/blog\/6-franquicias-sin-apenas-competencia-en-el-mercado\/\" target=\"_blank\" rel=\"nofollow\" class=\"\">6 franquicias sin apenas competencia en el mercado<\/a>\n\n\n\n\n\n\n<div class=\"wprss-feed-meta\">\n            <span class=\"feed-source\">\n            Source:\n\n                            Distrito Emprendedores\n                    <\/span>\n    \n            <span class=\"feed-date\">\n            Published on 2026-03-02\n        <\/span>\n    \n    <\/div>\n\n\n\n\n\n            \n        <\/li>\n                    <li class=\"wpra-item feed-item \">\n            \n            \n\n    <a  href=\"https:\/\/digistorage.es\/links\/71d78951-a420-4f5b-8de6-7b35ae7efc1c#new_tab\" target=\"_blank\" rel=\"nofollow\" class=\"\">Los algoritmos amenazan con filtrar las confesiones realizadas al abogado<\/a>\n\n\n\n\n\n\n<div class=\"wprss-feed-meta\">\n            <span class=\"feed-source\">\n            Source:\n\n                            Distrito Emprendedores\n                    <\/span>\n    \n            <span class=\"feed-date\">\n            Published on 2026-03-01\n        <\/span>\n    \n    <\/div>\n\n\n\n\n\n            \n        <\/li>\n                    <li class=\"wpra-item feed-item \">\n            \n            \n\n    <a  href=\"https:\/\/distritoemprendedores.es\/blog\/las-startups-que-mas-innovan-en-el-mundo\/\" target=\"_blank\" rel=\"nofollow\" class=\"\">Las startups que m\u00e1s innovan en el mundo<\/a>\n\n\n\n\n\n\n<div class=\"wprss-feed-meta\">\n            <span class=\"feed-source\">\n            Source:\n\n                            Distrito Emprendedores\n                    <\/span>\n    \n            <span class=\"feed-date\">\n            Published on 2026-02-28\n        <\/span>\n    \n    <\/div>\n\n\n\n\n\n            \n        <\/li>\n                    <li class=\"wpra-item feed-item \">\n            \n            \n\n    <a  href=\"https:\/\/distritoemprendedores.es\/blog\/tiktok-genera-31-000-millones-de-euros-para-las-empresas-europeas-y-3-000-millones-en-espana\/\" target=\"_blank\" rel=\"nofollow\" class=\"\">TikTok genera 31.000 millones de euros para las empresas europeas y 3.000 millones en Espa\u00f1a<\/a>\n\n\n\n\n\n\n<div class=\"wprss-feed-meta\">\n            <span class=\"feed-source\">\n            Source:\n\n                            Distrito Emprendedores\n                    <\/span>\n    \n            <span class=\"feed-date\">\n            Published on 2026-02-27\n        <\/span>\n    \n    <\/div>\n\n\n\n\n\n            \n        <\/li>\n                    <li class=\"wpra-item feed-item \">\n            \n            \n\n    <a  href=\"https:\/\/distritoemprendedores.es\/blog\/amazon-planea-un-marketplace-para-hacer-de-puente-entre-los-publishers-y-las-empresas-de-ia\/\" target=\"_blank\" rel=\"nofollow\" class=\"\">Amazon planea un \u00abmarketplace\u00bb para hacer de puente entre los \u00abpublishers\u00bb y las empresas de IA<\/a>\n\n\n\n\n\n\n<div class=\"wprss-feed-meta\">\n            <span class=\"feed-source\">\n            Source:\n\n                            Distrito Emprendedores\n                    <\/span>\n    \n            <span class=\"feed-date\">\n            Published on 2026-02-26\n        <\/span>\n    \n    <\/div>\n\n\n\n\n\n            \n        <\/li>\n        <\/ul>\n\n        \n<\/div>\n\n<\/div>\n<\/p>\n<hr>\n<p data-birdsend-par-index=\"7\">Tu vida es fiel reflejo de lo que haces cada d\u00eda, de c\u00f3mo lo haces. Tus males no son producto de una tormenta, de una crisis, sino&nbsp;<strong>la sumatoria de tus peque\u00f1as acciones y de tus decisiones. Son tus h\u00e1bitos, tu comportamiento, los que definen tu rumbo, tu destino<\/strong>. Por eso, entonces, si no te gusta la vida que llevas es, quiz\u00e1s, porque cultivaste algunos de estos h\u00e1bitos t\u00f3xicos:<\/p>\n<p data-birdsend-par-index=\"9\"><strong>1.- Rodearte mal.<\/strong>&nbsp;Aquella frase de&nbsp;<em>\u201cEres el resultado del promedio de las cinco personas con las pasas m\u00e1s tiempo\u201d<\/em>, del empresario estadounidense Jim Rohn, es cierta.&nbsp;<strong>Nunca podr\u00e1s avanzar si est\u00e1s anclado por los mensajes negativos de tus familiares y amigos, si est\u00e1s aferrado al pasado y no puedes soltar<\/strong>. El primer paso para comenzar a avanzar es liberarte de la cargas que te lastra.<\/p>\n<p data-birdsend-par-index=\"10\"><strong>2.- Hacer algo que no amas.<\/strong>&nbsp;Y que no disfrutas. Aunque ganes buen dinero, en alg\u00fan momento te dar\u00e1s cuenta de que no eres feliz, de que tu vida est\u00e1 vac\u00eda, de que necesitas m\u00e1s para darle sentido a tu vida.&nbsp;<strong>La clave radica en que aquello a lo que te dedicas est\u00e9 conectado con lo que te apasiona, de tal manera que deje de ser un trabajo<\/strong>&nbsp;y se convierta m\u00e1s bien en un prop\u00f3sito.<\/p>\n<p data-birdsend-par-index=\"11\"><strong>3.- Lo quieres controlar todo.<\/strong>&nbsp;No puedes, por fortuna, no puedes controlarlo todo. Porque de esa manera tendr\u00edas un vida mon\u00f3tona, aburrida, sin sentido.&nbsp;<strong>Aunque quieras, no vas a cambiar el mundo, no vas a cambiar a otros. Sin embargo, si te enfocas en dar lo mejor de ti mismo<\/strong>&nbsp;te vas a dar cuenta de tu propio mundo es mejor y eso, te lo aseguro, inspirar\u00e1 y motivar\u00e1 a otros.<\/p>\n<p data-birdsend-par-index=\"12\"><strong>4.- El bendito perfeccionismo.<\/strong>&nbsp;Nos infundieron tanto miedo al error, al fracaso, que nos fuimos al otro extremo, que es igual de vicioso (o peor).&nbsp;<strong>La obsesi\u00f3n por hacer todo perfecto solo te llevar\u00e1 a estar inconforme siempre, a no valorar lo que tienes y lo que logras<\/strong>, a estar insatisfecho a pesar de que est\u00e9s donde quieres estar. Y, adem\u00e1s, no disfrutar\u00e1s el proceso y vivir\u00e1s amargado.<\/p>\n<p data-birdsend-par-index=\"13\"><strong>5.- El bendito qu\u00e9 dir\u00e1n.<\/strong>&nbsp;Esta es una de las creencias m\u00e1s limitantes porque nos educaron para pedir la aprobaci\u00f3n de otros, para depender de otros.&nbsp;<strong>El miedo al qu\u00e9 dir\u00e1n los dem\u00e1s es el freno a tus sue\u00f1os, porque no tendr\u00e1s confianza en ti, porque elegir\u00e1s no hacer nada<\/strong>&nbsp;con tal de evitar una cr\u00edtica. Aprende algo: siempre te criticar\u00e1n, siempre te envidiar\u00e1n, as\u00ed fracases o tengas \u00e9xito.<\/p>\n<p data-birdsend-par-index=\"14\"><strong>6.- Vivir en funci\u00f3n de otros.<\/strong>&nbsp;Est\u00e1 bien que te preocupes por los dem\u00e1s, que atiendas a quienes amas y te interesan. Sin embargo,&nbsp;<strong>no puedes olvidar que cada uno tiene su vida y que, por m\u00e1s que te esfuerces, se equivocar\u00e1n, sufrir\u00e1n y tendr\u00e1n problemas<\/strong>. Este mal h\u00e1bito consume esa energ\u00eda que necesitas para cumplir tus sue\u00f1os, as\u00ed que no la malgastes en problemas ajenos.<\/p>\n<p data-birdsend-par-index=\"15\"><strong>7.- Ayudar a quien no te necesita.<\/strong>&nbsp;Este es un cl\u00e1sico problema de los emprendedores, que creemos que nuestro producto o servicio es para todo el mundo y que los dem\u00e1s lo deben aceptar porque les conviene. Y no es as\u00ed.&nbsp;<strong>Aprende que muchas personas, por mal que est\u00e9n, no quieren tu ayuda, no la necesitan (no en ese momento, al menos)<\/strong>. No entres en una vida a la cual no fuiste invitado.<\/p>\n<p data-birdsend-par-index=\"16\"><strong>8.- Anclarte en el pasado.<\/strong>&nbsp;El desapego es uno de los aprendizajes m\u00e1s dif\u00edciles de adquirir porque, como lo mencion\u00e9 antes,&nbsp;<strong>nos ense\u00f1an a depender de otros. entonces, vivimos en funci\u00f3n de una exnovia, de una empresa en la que ya no trabajamos, de una persona que ya no est\u00e1<\/strong>, de un hecho que nos marc\u00f3. Si est\u00e1s obsesionado con el pasado, si no lo sueltas, jam\u00e1s podr\u00e1s avanzar.<\/p>\n<p data-birdsend-par-index=\"17\"><strong>9.- No saber decir no.<\/strong>&nbsp;Otro mal h\u00e1bito de los emprendedores. Como siempre estamos en la b\u00fasqueda de nuevos clientes,&nbsp;<strong>nos cuesta decir no y, entonces, terminamos metidos en camisa de 11 varas. Y despu\u00e9s lo lamentamos, por supuesto, y nos cuesta tiempo y dinero<\/strong>, energ\u00edas que desperdiciamos y, lo peor, otros buenos clientes a los que no supimos atender en su momento.<\/p>\n<p data-birdsend-par-index=\"18\"><strong>10.- No tener vida propia.<\/strong>&nbsp;La falta de equilibrio entre la vida personal y la laboral es la madre de todos tus males, de tus malos h\u00e1bitos, de tus acciones negativas, de tus decisiones equivocadas.&nbsp;<strong>Descansa, haz lo que te gusta, pasa tiempo solo, practica alg\u00fan deporte, invol\u00facrate en alguna labor de voluntariado, come sin remordimientos<\/strong>. Se vive una sola vez, as\u00ed que \u00a1disfr\u00fatala!<\/p>\n<p data-birdsend-par-index=\"19\">No importa en qu\u00e9 momento te encuentres:&nbsp;<strong>si est\u00e1s en la cresta de la ola, debes saber que en alg\u00fan momento descender\u00e1s de ella y tendr\u00e1s que lidiar con alguna tormenta. Si est\u00e1s en la mala hora, debes saber que ese no es el punto final<\/strong>, que no es tu destino, siempre y cuando hagas lo necesario para salir de all\u00ed. Recuerda: tu vida es \u00fanica y exclusivamente la que t\u00fa eliges.<\/p>\n<p><em>Un art\u00edculo escrito por <span class=\"author vcard\"><a title=\"Mensajes de Alvaro Mendoza\" href=\"https:\/\/mercadeoglobal.com\/blog\/author\/alvaro-mendoza-2\/\" rel=\"author\">Alvaro Mendoza<\/a><\/span><\/em><\/p>\n<div id=\"telet-585992811\" class=\"telet-despues-del-contenido telet-entity-placement\"><a target=\"_blank\" href=\"\/\/aff.lucushost.com\/resources\/click\/?n=gDxoXMAJ&aff=756\"><img decoding=\"async\" border=\"0\" alt=\"LucusHost, el mejor hosting\" src=\"\/\/aff.lucushost.com\/resources\/banners\/?zoneid=5123&n=gDxoXMAJ&aff=756\" \/><\/a><\/div>","protected":false},"excerpt":{"rendered":"<p>\u00bfCrisis, cu\u00e1l crisis? \u00bfLimitaciones, cu\u00e1les limitaciones? \u00bfObst\u00e1culos, cu\u00e1les obst\u00e1culos?&nbsp;Son meras excusas, frases que de tanto repetirlas en el imaginario popular adquirieron el r\u00f3tulo de verdad, pero son falsas. Crisis siempre&hellip; <\/p>\n","protected":false},"author":1,"featured_media":3738,"comment_status":"open","ping_status":"open","sticky":false,"template":"","format":"standard","meta":{"_jetpack_memberships_contains_paid_content":false,"footnotes":"","_links_to":"","_links_to_target":""},"categories":[1],"tags":[15,14],"class_list":["post-3736","post","type-post","status-publish","format-standard","has-post-thumbnail","hentry","category-telesecretarias","tag-fuprisa","tag-jose-manuel-fuentes-prieto"],"nelio_content":{"autoShareEndMode":"never","automationSources":{"useCustomSentences":false,"customSentences":[]},"efiAlt":"","efiUrl":"","followers":[1],"highlights":[],"isAutoShareEnabled":true,"networkImageIds":[],"permalinkQueryArgs":[],"series":[],"suggestedReferences":[]},"jetpack_featured_media_url":"https:\/\/teletrabajoynegocios.com\/telesecretarias\/wp-content\/uploads\/sites\/2\/2021\/04\/teletrabajo-perro.jpg","jetpack_sharing_enabled":true,"_links":{"self":[{"href":"https:\/\/teletrabajoynegocios.com\/telesecretarias\/wp-json\/wp\/v2\/posts\/3736","targetHints":{"allow":["GET"]}}],"collection":[{"href":"https:\/\/teletrabajoynegocios.com\/telesecretarias\/wp-json\/wp\/v2\/posts"}],"about":[{"href":"https:\/\/teletrabajoynegocios.com\/telesecretarias\/wp-json\/wp\/v2\/types\/post"}],"author":[{"embeddable":true,"href":"https:\/\/teletrabajoynegocios.com\/telesecretarias\/wp-json\/wp\/v2\/users\/1"}],"replies":[{"embeddable":true,"href":"https:\/\/teletrabajoynegocios.com\/telesecretarias\/wp-json\/wp\/v2\/comments?post=3736"}],"version-history":[{"count":1,"href":"https:\/\/teletrabajoynegocios.com\/telesecretarias\/wp-json\/wp\/v2\/posts\/3736\/revisions"}],"predecessor-version":[{"id":3739,"href":"https:\/\/teletrabajoynegocios.com\/telesecretarias\/wp-json\/wp\/v2\/posts\/3736\/revisions\/3739"}],"wp:featuredmedia":[{"embeddable":true,"href":"https:\/\/teletrabajoynegocios.com\/telesecretarias\/wp-json\/wp\/v2\/media\/3738"}],"wp:attachment":[{"href":"https:\/\/teletrabajoynegocios.com\/telesecretarias\/wp-json\/wp\/v2\/media?parent=3736"}],"wp:term":[{"taxonomy":"category","embeddable":true,"href":"https:\/\/teletrabajoynegocios.com\/telesecretarias\/wp-json\/wp\/v2\/categories?post=3736"},{"taxonomy":"post_tag","embeddable":true,"href":"https:\/\/teletrabajoynegocios.com\/telesecretarias\/wp-json\/wp\/v2\/tags?post=3736"}],"curies":[{"name":"wp","href":"https:\/\/api.w.org\/{rel}","templated":true}]}}