{"id":38,"date":"2018-11-25T17:27:12","date_gmt":"2018-11-25T16:27:12","guid":{"rendered":"https:\/\/www.themehorse.com\/preview\/newscard-sport\/?p=38"},"modified":"2020-02-10T13:31:02","modified_gmt":"2020-02-10T12:31:02","slug":"how-to-start-racing-with-a-dirt-bike","status":"publish","type":"post","link":"https:\/\/teletrabajoynegocios.com\/telesecretarias\/how-to-start-racing-with-a-dirt-bike\/","title":{"rendered":"Un teletrabajo en auge que cuestiona las estructuras cl\u00e1sicas y patriarcales de las empresas"},"content":{"rendered":"<div id=\"telet-1617260769\" class=\"telet-antes-del-contenido telet-entity-placement\"><a href=\"https:\/\/quaderno.io\/?via=jose-manuel94\" aria-label=\"Quaderno General (Spanish) &#8211; 728&#215;90\"><img loading=\"lazy\" decoding=\"async\" src=\"https:\/\/teletrabajoynegocios.com\/telesecretarias\/wp-content\/uploads\/sites\/2\/2020\/11\/Quaderno-General-Spanish-728x90-1.png\" alt=\"\"  srcset=\"https:\/\/teletrabajoynegocios.com\/telesecretarias\/wp-content\/uploads\/sites\/2\/2020\/11\/Quaderno-General-Spanish-728x90-1.png 728w, https:\/\/teletrabajoynegocios.com\/telesecretarias\/wp-content\/uploads\/sites\/2\/2020\/11\/Quaderno-General-Spanish-728x90-1-300x37.png 300w\" sizes=\"(max-width: 728px) 100vw, 728px\" width=\"728\" height=\"90\"   \/><\/a><\/div><p class=\"caps\">No hay duda de que el teletrabajo est\u00e1 creciendo cada vez m\u00e1s en Espa\u00f1a y otros pa\u00edses y por ello, los teletrabajadores se sienten con m\u00e1s poder para criticar las cl\u00e1sicas estructuras en las organizaciones.<\/p>\n<h3>MUJERES TELETRABAJADORAS<\/h3>\n<p>Una de las principales cr\u00edticas se dirige al&nbsp;<a href=\"https:\/\/www.directivosyempresas.com\/tribuna\/que-ha-cambiado\/\" target=\"_blank\" rel=\"noreferrer noopener\" aria-label=\"modelo patriarcal de las empresas (abre en una nueva pesta\u00f1a)\">modelo patriarcal de las empresas<\/a>. Seg\u00fan el estudio&nbsp;Resistance in Teleworking. Tactics and Subjectivity in Female Teleworkers, el teletrabajo permite a las empleadas reclamar un espacio propio que les facilita el derecho a ser madres y a desarrollar de forma plena su carrera profesional.<\/p>\n<p>Las autoras de esta investigaci\u00f3n constatan que las teletrabajadoras despliegan, as\u00ed, una serie de \u201cmicrorresistencias\u201d a un modelo de organizaci\u00f3n social y laboral que consideran \u201cpatriarcal\u201d.<\/p>\n<p>Seg\u00fan la visi\u00f3n de las teletrabajadoras participantes del estudio, esta forma de trabajo se ajusta con la conciliaci\u00f3n socio laboral, desarrollando un modelo de maternidad m\u00e1s \u201cjusto y sostenible\u201d<\/p>\n<h3>LAS TIC Y LA BRECHA DE G\u00c9NERO<\/h3>\n<p>Contando con las TIC como herramientas para el teletrabajo, la profesora de la UOC y autora del estudio,&nbsp;<a href=\"http:\/\/anws.co\/bz3Gs\/%7Ba22d11d8-ecbe-4205-a6b4-73ce2d1b9176%7D\" target=\"_blank\" rel=\"noreferrer noopener\" aria-label=\" (abre en una nueva pesta\u00f1a)\">Ana G\u00e1lvez<\/a>, considera que con&nbsp;<a href=\"https:\/\/www.directivosyempresas.com\/empresas\/reportajes\/cual-es-el-feeling-de-los-ceos-espanoles-sobre-la-disrupcion-tecnologica\/\" target=\"_blank\" rel=\"noreferrer noopener\" aria-label=\"las tecnolog\u00edas (abre en una nueva pesta\u00f1a)\">las tecnolog\u00edas<\/a>&nbsp;podr\u00edan convertirse en \u201cun mecanismo m\u00e1s de reproducci\u00f3n de la diferenciaci\u00f3n tradicional entre los roles de g\u00e9nero y, por lo tanto, de profundizaci\u00f3n en la brecha que separa a hombres y mujeres en la cuesti\u00f3n de la conciliaci\u00f3n\u201d.<\/p>\n<p>A escala europea, en general,&nbsp;<strong>las mujeres tienden a hacer m\u00e1s teletrabajo desde casa que los hombres, mientras que los hombres hacen m\u00e1s trabajo m\u00f3vil<\/strong>&nbsp;basado en las TIC.<\/p>\n<hr>\n<p><img decoding=\"async\" src=\"http:\/\/web.vallebro.biz\/wp-content\/uploads\/2020\/01\/articulos.png\"><\/p>\n<div class=\"wp-rss-template-container\" data-wpra-template=\"default\" data-template-ctx=\"W10=\">\n    <div class=\"wp-rss-aggregator wpra-list-template  \" data-page=\"1\">\n    \n    \n<ul class=\"wpra-item-list rss-aggregator wpra-item-list--bullets wpra-item-list--default\"\n    start=\"1\">\n                        <li class=\"wpra-item feed-item \">\n            \n            \n\n    <a  href=\"https:\/\/distritoemprendedores.com\/blog\/2026\/03\/16\/hello-world\/\" target=\"_blank\" rel=\"nofollow\" class=\"\">Hello world!<\/a>\n\n\n\n\n\n\n<div class=\"wprss-feed-meta\">\n            <span class=\"feed-source\">\n            Source:\n\n                            Distrito Emprendedores\n                    <\/span>\n    \n            <span class=\"feed-date\">\n            Published on 2026-03-16\n        <\/span>\n    \n    <\/div>\n\n\n\n\n\n            \n        <\/li>\n                    <li class=\"wpra-item feed-item \">\n            \n            \n\n    <a  href=\"https:\/\/www.dropbox.com\/scl\/fi\/b6csvpbfxu24vaezmo3es\/62bed0634df20e5ef35346439fdd423f_franquicias.pdf?rlkey=mfp2795s4n89mw35l0yeu2vl5&amp;e=2&amp;st=57kabuy0&amp;dl=0#new_tab\" target=\"_blank\" rel=\"nofollow\" class=\"\">Las franquicias espa\u00f1olas duplican su presencia en mercados for\u00e1neos<\/a>\n\n\n\n\n\n\n<div class=\"wprss-feed-meta\">\n            <span class=\"feed-source\">\n            Source:\n\n                            Distrito Emprendedores\n                    <\/span>\n    \n            <span class=\"feed-date\">\n            Published on 2026-03-11\n        <\/span>\n    \n    <\/div>\n\n\n\n\n\n            \n        <\/li>\n                    <li class=\"wpra-item feed-item \">\n            \n            \n\n    <a  href=\"https:\/\/distritoemprendedores.es\/blog\/5-errores-fatales-al-internacionalizar-tu-franquicia\/\" target=\"_blank\" rel=\"nofollow\" class=\"\">5 errores fatales al internacionalizar tu franquicia<\/a>\n\n\n\n\n\n\n<div class=\"wprss-feed-meta\">\n            <span class=\"feed-source\">\n            Source:\n\n                            Distrito Emprendedores\n                    <\/span>\n    \n            <span class=\"feed-date\">\n            Published on 2026-03-10\n        <\/span>\n    \n    <\/div>\n\n\n\n\n\n            \n        <\/li>\n                    <li class=\"wpra-item feed-item \">\n            \n            \n\n    <a  href=\"https:\/\/distritoemprendedores.es\/blog\/un-nuevo-prime-time-para-las-marcas-afterwork-tardeo-y-futbol-se-consolidan-como-los-grandes-motores-del-consumo-experiencial\/\" target=\"_blank\" rel=\"nofollow\" class=\"\">Un nuevo prime time para las marcas: afterwork, tardeo y f\u00fatbol se consolidan como los grandes motores del consumo experiencial<\/a>\n\n\n\n\n\n\n<div class=\"wprss-feed-meta\">\n            <span class=\"feed-source\">\n            Source:\n\n                            Distrito Emprendedores\n                    <\/span>\n    \n            <span class=\"feed-date\">\n            Published on 2026-03-09\n        <\/span>\n    \n    <\/div>\n\n\n\n\n\n            \n        <\/li>\n                    <li class=\"wpra-item feed-item \">\n            \n            \n\n    <a  href=\"https:\/\/distritoemprendedores.es\/blog\/la-ventaja-competitiva-esta-en-entender-como-pregunta-el-consumidor\/\" target=\"_blank\" rel=\"nofollow\" class=\"\">La ventaja competitiva est\u00e1 en entender c\u00f3mo pregunta el consumidor<\/a>\n\n\n\n\n\n\n<div class=\"wprss-feed-meta\">\n            <span class=\"feed-source\">\n            Source:\n\n                            Distrito Emprendedores\n                    <\/span>\n    \n            <span class=\"feed-date\">\n            Published on 2026-03-08\n        <\/span>\n    \n    <\/div>\n\n\n\n\n\n            \n        <\/li>\n                    <li class=\"wpra-item feed-item \">\n            \n            \n\n    <a  href=\"https:\/\/distritoemprendedores.es\/blog\/solo-el-7-de-los-espanoles-cree-a-las-marcas-cuando-comunican-sus-valores-con-hechos-demostrables\/\" target=\"_blank\" rel=\"nofollow\" class=\"\">Solo el 7% de los espa\u00f1oles cree a las marcas cuando comunican sus valores con hechos demostrables<\/a>\n\n\n\n\n\n\n<div class=\"wprss-feed-meta\">\n            <span class=\"feed-source\">\n            Source:\n\n                            Distrito Emprendedores\n                    <\/span>\n    \n            <span class=\"feed-date\">\n            Published on 2026-03-07\n        <\/span>\n    \n    <\/div>\n\n\n\n\n\n            \n        <\/li>\n                    <li class=\"wpra-item feed-item \">\n            \n            \n\n    <a  href=\"https:\/\/distritoemprendedores.es\/blog\/el-38-de-las-empresas-creadas-en-2019-ha-echado-ya-el-cierre\/\" target=\"_blank\" rel=\"nofollow\" class=\"\">El 38% de las empresas creadas en 2019 ha echado ya el cierre<\/a>\n\n\n\n\n\n\n<div class=\"wprss-feed-meta\">\n            <span class=\"feed-source\">\n            Source:\n\n                            Distrito Emprendedores\n                    <\/span>\n    \n            <span class=\"feed-date\">\n            Published on 2026-03-06\n        <\/span>\n    \n    <\/div>\n\n\n\n\n\n            \n        <\/li>\n                    <li class=\"wpra-item feed-item \">\n            \n            \n\n    <a  href=\"https:\/\/distritoemprendedores.es\/blog\/descubre-las-oportunidades-y-tendencias-en-el-mercado-de-la-franquicia-para-2026\/\" target=\"_blank\" rel=\"nofollow\" class=\"\">Descubre las oportunidades y tendencias en el mercado de la franquicia para 2026<\/a>\n\n\n\n\n\n\n<div class=\"wprss-feed-meta\">\n            <span class=\"feed-source\">\n            Source:\n\n                            Distrito Emprendedores\n                    <\/span>\n    \n            <span class=\"feed-date\">\n            Published on 2026-03-05\n        <\/span>\n    \n    <\/div>\n\n\n\n\n\n            \n        <\/li>\n                    <li class=\"wpra-item feed-item \">\n            \n            \n\n    <a  href=\"https:\/\/distritoemprendedores.es\/blog\/las-startups-de-salud-mas-punteras-del-mundo\/\" target=\"_blank\" rel=\"nofollow\" class=\"\">Las startups de salud m\u00e1s punteras del mundo<\/a>\n\n\n\n\n\n\n<div class=\"wprss-feed-meta\">\n            <span class=\"feed-source\">\n            Source:\n\n                            Distrito Emprendedores\n                    <\/span>\n    \n            <span class=\"feed-date\">\n            Published on 2026-03-04\n        <\/span>\n    \n    <\/div>\n\n\n\n\n\n            \n        <\/li>\n                    <li class=\"wpra-item feed-item \">\n            \n            \n\n    <a  href=\"https:\/\/distritoemprendedores.es\/blog\/puesta-en-marcha-de-un-negocio-primeros-pasos-para-validar-vender-y-controlar-la-tesoreria\/\" target=\"_blank\" rel=\"nofollow\" class=\"\">Puesta en marcha de un negocio: primeros pasos para validar, vender y controlar la tesorer\u00eda<\/a>\n\n\n\n\n\n\n<div class=\"wprss-feed-meta\">\n            <span class=\"feed-source\">\n            Source:\n\n                            Distrito Emprendedores\n                    <\/span>\n    \n            <span class=\"feed-date\">\n            Published on 2026-03-03\n        <\/span>\n    \n    <\/div>\n\n\n\n\n\n            \n        <\/li>\n                    <li class=\"wpra-item feed-item \">\n            \n            \n\n    <a  href=\"https:\/\/distritoemprendedores.es\/blog\/6-franquicias-sin-apenas-competencia-en-el-mercado\/\" target=\"_blank\" rel=\"nofollow\" class=\"\">6 franquicias sin apenas competencia en el mercado<\/a>\n\n\n\n\n\n\n<div class=\"wprss-feed-meta\">\n            <span class=\"feed-source\">\n            Source:\n\n                            Distrito Emprendedores\n                    <\/span>\n    \n            <span class=\"feed-date\">\n            Published on 2026-03-02\n        <\/span>\n    \n    <\/div>\n\n\n\n\n\n            \n        <\/li>\n                    <li class=\"wpra-item feed-item \">\n            \n            \n\n    <a  href=\"https:\/\/digistorage.es\/links\/71d78951-a420-4f5b-8de6-7b35ae7efc1c#new_tab\" target=\"_blank\" rel=\"nofollow\" class=\"\">Los algoritmos amenazan con filtrar las confesiones realizadas al abogado<\/a>\n\n\n\n\n\n\n<div class=\"wprss-feed-meta\">\n            <span class=\"feed-source\">\n            Source:\n\n                            Distrito Emprendedores\n                    <\/span>\n    \n            <span class=\"feed-date\">\n            Published on 2026-03-01\n        <\/span>\n    \n    <\/div>\n\n\n\n\n\n            \n        <\/li>\n                    <li class=\"wpra-item feed-item \">\n            \n            \n\n    <a  href=\"https:\/\/distritoemprendedores.es\/blog\/las-startups-que-mas-innovan-en-el-mundo\/\" target=\"_blank\" rel=\"nofollow\" class=\"\">Las startups que m\u00e1s innovan en el mundo<\/a>\n\n\n\n\n\n\n<div class=\"wprss-feed-meta\">\n            <span class=\"feed-source\">\n            Source:\n\n                            Distrito Emprendedores\n                    <\/span>\n    \n            <span class=\"feed-date\">\n            Published on 2026-02-28\n        <\/span>\n    \n    <\/div>\n\n\n\n\n\n            \n        <\/li>\n                    <li class=\"wpra-item feed-item \">\n            \n            \n\n    <a  href=\"https:\/\/distritoemprendedores.es\/blog\/tiktok-genera-31-000-millones-de-euros-para-las-empresas-europeas-y-3-000-millones-en-espana\/\" target=\"_blank\" rel=\"nofollow\" class=\"\">TikTok genera 31.000 millones de euros para las empresas europeas y 3.000 millones en Espa\u00f1a<\/a>\n\n\n\n\n\n\n<div class=\"wprss-feed-meta\">\n            <span class=\"feed-source\">\n            Source:\n\n                            Distrito Emprendedores\n                    <\/span>\n    \n            <span class=\"feed-date\">\n            Published on 2026-02-27\n        <\/span>\n    \n    <\/div>\n\n\n\n\n\n            \n        <\/li>\n                    <li class=\"wpra-item feed-item \">\n            \n            \n\n    <a  href=\"https:\/\/distritoemprendedores.es\/blog\/amazon-planea-un-marketplace-para-hacer-de-puente-entre-los-publishers-y-las-empresas-de-ia\/\" target=\"_blank\" rel=\"nofollow\" class=\"\">Amazon planea un \u00abmarketplace\u00bb para hacer de puente entre los \u00abpublishers\u00bb y las empresas de IA<\/a>\n\n\n\n\n\n\n<div class=\"wprss-feed-meta\">\n            <span class=\"feed-source\">\n            Source:\n\n                            Distrito Emprendedores\n                    <\/span>\n    \n            <span class=\"feed-date\">\n            Published on 2026-02-26\n        <\/span>\n    \n    <\/div>\n\n\n\n\n\n            \n        <\/li>\n        <\/ul>\n\n        \n<\/div>\n\n<\/div>\n\n<hr>\n<p>Por otra parte, la profesora de Recursos Humanos de la UOC, pone el acento en el liderazgo. Para ella, el desarrollo de la carrera profesional de las teletrabajadoras no deber\u00eda verse afectado si el supervisor o jefe piensa que el teletrabajo mejora la productividad de la empleada.<\/p>\n<blockquote class=\"wp-block-quote\"><p>\u201cEs probable que, dadas las creencias que prevalecen en nuestra sociedad,&nbsp;<a href=\"https:\/\/www.directivosyempresas.com\/tribuna\/cuanto-nos-equivocamos\/\" target=\"_blank\" rel=\"noreferrer noopener\" aria-label=\"los supervisores (abre en una nueva pesta\u00f1a)\">los supervisores<\/a>&nbsp;tiendan a pensar que las mujeres usan el teletrabajo para conciliar y que los hombres lo usan para ser m\u00e1s productivos, lo que generar\u00eda menos recomendaciones de los supervisores para que se aumente el salario y se mejore la posici\u00f3n profesional de las teletrabajadoras\u201d<\/p>\n<p><cite><a href=\"http:\/\/anws.co\/bz3Gt\/%7Ba22d11d8-ecbe-4205-a6b4-73ce2d1b9176%7D\" target=\"_blank\" rel=\"noreferrer noopener\" aria-label=\" (abre en una nueva pesta\u00f1a)\">Eva Rimbau&nbsp;\u2013&nbsp;<\/a>Profesora de recursos humanos de la UOC<\/cite><\/p><\/blockquote>\n<h3>TRABAJAR EN UN MODELO PARITARIO<\/h3>\n<p>Para evitar esta situaci\u00f3n, G\u00e1lvez insiste en la importancia de continuar trabajando entre todos en un modelo laboral paritario.<\/p>\n<p>Para ella, tanto&nbsp;<a href=\"https:\/\/www.directivosyempresas.com\/directivos\/entrevistas\/las-nuevas-capacidades-se-aprenden-haciendo\/\" target=\"_blank\" rel=\"noreferrer noopener\" aria-label=\"las TIC como el teletrabajo son una ense\u00f1anza (abre en una nueva pesta\u00f1a)\">las TIC como el teletrabajo son una ense\u00f1anza<\/a>&nbsp;y, al mismo tiempo una oportunidad para apostar por un&nbsp;<strong>nuevo modelo de organizaci\u00f3n laboral<\/strong>.<\/p>\n<p>Se trata de una apuesta que requiere cambios profundos e implica la colaboraci\u00f3n entre personas, colectivos y administraciones. \u00abEl problema de la conciliaci\u00f3n no es una cuesti\u00f3n marginal o particular de las mujeres, sino un problema complejo que afecta a todo el conjunto social y a la organizaci\u00f3n de nuestra vida cotidiana\u00bb, explica G\u00e1lvez.<\/p>\n<h2>UNA DE CADA 14 PERSONAS TELETRABAJA<\/h2>\n<p>Para situar en contexto el modelo del teletrabajo, cabe indicar que en la actualidad una de cada 14 personas practica el teletrabajo, seg\u00fan el estudio&nbsp;<a href=\"http:\/\/anws.co\/bz3Gu\/%7Ba22d11d8-ecbe-4205-a6b4-73ce2d1b9176%7D\" target=\"_blank\" rel=\"noreferrer noopener\" aria-label=\"Monitor Adecco de oportunidades y satisfacci\u00f3n en el empleo (abre en una nueva pesta\u00f1a)\">Monitor Adecco de oportunidades y satisfacci\u00f3n en el empleo.<\/a><\/p>\n<p>Mientras que en 2005 se contabilizaron 808.000 personas que trabajaban desde su casa al menos de forma ocasional, la cifra actual es de 1,43 millones, el equivalente al 7,4 % del total de ocupados en Espa\u00f1a, cinco d\u00e9cimas m\u00e1s que un a\u00f1o atr\u00e1s. Madrid es la comunidad con un mayor n\u00famero de teletrabajadores.<\/p>\n<p>&nbsp;<\/p>\n<div id=\"telet-574179675\" class=\"telet-despues-del-contenido telet-entity-placement\"><a target=\"_blank\" href=\"\/\/aff.lucushost.com\/resources\/click\/?n=gDxoXMAJ&aff=756\"><img decoding=\"async\" border=\"0\" alt=\"LucusHost, el mejor hosting\" src=\"\/\/aff.lucushost.com\/resources\/banners\/?zoneid=5123&n=gDxoXMAJ&aff=756\" \/><\/a><\/div>","protected":false},"excerpt":{"rendered":"<p>No hay duda de que el teletrabajo est\u00e1 creciendo cada vez m\u00e1s en Espa\u00f1a y otros pa\u00edses y por ello, los teletrabajadores se sienten con m\u00e1s poder para criticar las&hellip; <\/p>\n","protected":false},"author":1,"featured_media":-38,"comment_status":"closed","ping_status":"closed","sticky":false,"template":"","format":"standard","meta":{"_jetpack_memberships_contains_paid_content":false,"footnotes":"","_links_to":"","_links_to_target":""},"categories":[1],"tags":[15,14],"class_list":["post-38","post","type-post","status-publish","format-standard","has-post-thumbnail","hentry","category-telesecretarias","tag-fuprisa","tag-jose-manuel-fuentes-prieto"],"nelio_content":{"autoShareEndMode":"never","automationSources":{"useCustomSentences":false,"customSentences":[]},"efiAlt":"","efiUrl":"https:\/\/teletrabajoynegocios.com\/wp-content\/uploads\/2020\/01\/teletrabajo.jpg","followers":[1],"highlights":[],"isAutoShareEnabled":true,"networkImageIds":[],"permalinkQueryArgs":[],"series":[],"suggestedReferences":[]},"jetpack_featured_media_url":"https:\/\/teletrabajoynegocios.com\/wp-content\/uploads\/2020\/01\/teletrabajo.jpg","jetpack_sharing_enabled":true,"_links":{"self":[{"href":"https:\/\/teletrabajoynegocios.com\/telesecretarias\/wp-json\/wp\/v2\/posts\/38","targetHints":{"allow":["GET"]}}],"collection":[{"href":"https:\/\/teletrabajoynegocios.com\/telesecretarias\/wp-json\/wp\/v2\/posts"}],"about":[{"href":"https:\/\/teletrabajoynegocios.com\/telesecretarias\/wp-json\/wp\/v2\/types\/post"}],"author":[{"embeddable":true,"href":"https:\/\/teletrabajoynegocios.com\/telesecretarias\/wp-json\/wp\/v2\/users\/1"}],"replies":[{"embeddable":true,"href":"https:\/\/teletrabajoynegocios.com\/telesecretarias\/wp-json\/wp\/v2\/comments?post=38"}],"version-history":[{"count":2,"href":"https:\/\/teletrabajoynegocios.com\/telesecretarias\/wp-json\/wp\/v2\/posts\/38\/revisions"}],"predecessor-version":[{"id":212,"href":"https:\/\/teletrabajoynegocios.com\/telesecretarias\/wp-json\/wp\/v2\/posts\/38\/revisions\/212"}],"wp:featuredmedia":[{"embeddable":true,"href":"https:\/\/teletrabajoynegocios.com\/telesecretarias\/wp-json\/"}],"wp:attachment":[{"href":"https:\/\/teletrabajoynegocios.com\/telesecretarias\/wp-json\/wp\/v2\/media?parent=38"}],"wp:term":[{"taxonomy":"category","embeddable":true,"href":"https:\/\/teletrabajoynegocios.com\/telesecretarias\/wp-json\/wp\/v2\/categories?post=38"},{"taxonomy":"post_tag","embeddable":true,"href":"https:\/\/teletrabajoynegocios.com\/telesecretarias\/wp-json\/wp\/v2\/tags?post=38"}],"curies":[{"name":"wp","href":"https:\/\/api.w.org\/{rel}","templated":true}]}}