{"id":40,"date":"2018-11-25T17:21:33","date_gmt":"2018-11-25T17:21:33","guid":{"rendered":"https:\/\/www.themehorse.com\/preview\/newscard-sport\/?p=40"},"modified":"2020-02-07T13:01:49","modified_gmt":"2020-02-07T12:01:49","slug":"toughest-motor-races-in-the-world","status":"publish","type":"post","link":"https:\/\/teletrabajoynegocios.com\/telesecretarias\/toughest-motor-races-in-the-world\/","title":{"rendered":"Personas con discapacidad: por un futuro m\u00e1s inclusivo"},"content":{"rendered":"<div id=\"telet-776935730\" class=\"telet-antes-del-contenido telet-entity-placement\"><a href=\"https:\/\/quaderno.io\/?via=jose-manuel94\" aria-label=\"Quaderno General (Spanish) &#8211; 728&#215;90\"><img loading=\"lazy\" decoding=\"async\" src=\"https:\/\/teletrabajoynegocios.com\/telesecretarias\/wp-content\/uploads\/sites\/2\/2020\/11\/Quaderno-General-Spanish-728x90-1.png\" alt=\"\"  srcset=\"https:\/\/teletrabajoynegocios.com\/telesecretarias\/wp-content\/uploads\/sites\/2\/2020\/11\/Quaderno-General-Spanish-728x90-1.png 728w, https:\/\/teletrabajoynegocios.com\/telesecretarias\/wp-content\/uploads\/sites\/2\/2020\/11\/Quaderno-General-Spanish-728x90-1-300x37.png 300w\" sizes=\"(max-width: 728px) 100vw, 728px\" width=\"728\" height=\"90\"   \/><\/a><\/div><p>Una persona con discapacidad no necesita nuestra compasi\u00f3n, lo que necesita es inclusi\u00f3n. Lo que espera de la sociedad es recursos y medios para realizar sus actividades, para sentirse competente y poder llevar una vida plena en igualdad y felicidad.<\/p>\n<p><strong>Las personas con discapacidad conforman la \u00abminor\u00eda\u00bb m\u00e1s extensa de nuestra sociedad.<\/strong>&nbsp;Seg\u00fan la OMS, cerca del 15 % de la poblaci\u00f3n mundial presenta alguna limitaci\u00f3n que entorpece el correcto funcionamiento de su vida cotidiana.<\/p>\n<p>Asimismo, este amplio colectivo demanda por encima de todo, un cambio de percepci\u00f3n y una visi\u00f3n m\u00e1s real sobre ellos donde poder construir entre todos, un futuro m\u00e1s inclusivo.<\/p>\n<p><strong>Cuando hablamos de este sector tan destacable de nuestra sociedad, es com\u00fan que aparezcan casi al instante t\u00e9rminos como \u00abminusv\u00e1lidos\u00bb o \u00abincapacitados\u00bb.<\/strong>&nbsp;Las palabras importan, porque el lenguaje da visibilidad y define hechos reales que acontecen a nuestro alrededor.<\/p>\n<p>As\u00ed, algo que se demandan en primer lugar desde los correspondientes organismos es que optemos siempre por hablar, sencillamente, de personas con discapacidad. De ese modo evitamos la connotaci\u00f3n negativa.<\/p>\n<p>Estos t\u00e9rminos se ajustan mucho mejor a dicha realidad social, porque con ellos, designamos a un grupo de personas que por alg\u00fan problema en concreto ve limitada su funcionalidad.<\/p>\n<p>No obstante, gracias a diversos recursos, como apoyos t\u00e9cnicos u otros productos, sus limitaciones dejan de ser tan amplias. Es m\u00e1s,&nbsp;<strong>a veces, esa discapacidad est\u00e1 realmente en un entorno no adaptado que no sabe dar respuesta<\/strong>&nbsp;y tambi\u00e9n,&nbsp;<a href=\"https:\/\/eresmama.com\/ninos-con-necesidades-especiales-inclusion\/\" target=\"_blank\" rel=\"noopener noreferrer\">en una sociedad que a\u00fan no facilita algo indispensable: la inclusi\u00f3n<\/a>.<\/p>\n<blockquote><p>\u201cLa \u00fanica discapacidad en la vida es una mala actitud\u201d.<\/p>\n<p>-Scott Hamilton-<\/p><\/blockquote>\n<hr>\n<p><img decoding=\"async\" src=\"http:\/\/web.vallebro.biz\/wp-content\/uploads\/2020\/01\/articulos.png\"><\/p>\n<div class=\"wp-rss-template-container\" data-wpra-template=\"default\" data-template-ctx=\"W10=\">\n    <div class=\"wp-rss-aggregator wpra-list-template  \" data-page=\"1\">\n    \n    \n<ul class=\"wpra-item-list rss-aggregator wpra-item-list--bullets wpra-item-list--default\"\n    start=\"1\">\n                        <li class=\"wpra-item feed-item \">\n            \n            \n\n    <a  href=\"https:\/\/distritoemprendedores.com\/blog\/2026\/03\/16\/hello-world\/\" target=\"_blank\" rel=\"nofollow\" class=\"\">Hello world!<\/a>\n\n\n\n\n\n\n<div class=\"wprss-feed-meta\">\n            <span class=\"feed-source\">\n            Source:\n\n                            Distrito Emprendedores\n                    <\/span>\n    \n            <span class=\"feed-date\">\n            Published on 2026-03-16\n        <\/span>\n    \n    <\/div>\n\n\n\n\n\n            \n        <\/li>\n                    <li class=\"wpra-item feed-item \">\n            \n            \n\n    <a  href=\"https:\/\/www.dropbox.com\/scl\/fi\/b6csvpbfxu24vaezmo3es\/62bed0634df20e5ef35346439fdd423f_franquicias.pdf?rlkey=mfp2795s4n89mw35l0yeu2vl5&amp;e=2&amp;st=57kabuy0&amp;dl=0#new_tab\" target=\"_blank\" rel=\"nofollow\" class=\"\">Las franquicias espa\u00f1olas duplican su presencia en mercados for\u00e1neos<\/a>\n\n\n\n\n\n\n<div class=\"wprss-feed-meta\">\n            <span class=\"feed-source\">\n            Source:\n\n                            Distrito Emprendedores\n                    <\/span>\n    \n            <span class=\"feed-date\">\n            Published on 2026-03-11\n        <\/span>\n    \n    <\/div>\n\n\n\n\n\n            \n        <\/li>\n                    <li class=\"wpra-item feed-item \">\n            \n            \n\n    <a  href=\"https:\/\/distritoemprendedores.es\/blog\/5-errores-fatales-al-internacionalizar-tu-franquicia\/\" target=\"_blank\" rel=\"nofollow\" class=\"\">5 errores fatales al internacionalizar tu franquicia<\/a>\n\n\n\n\n\n\n<div class=\"wprss-feed-meta\">\n            <span class=\"feed-source\">\n            Source:\n\n                            Distrito Emprendedores\n                    <\/span>\n    \n            <span class=\"feed-date\">\n            Published on 2026-03-10\n        <\/span>\n    \n    <\/div>\n\n\n\n\n\n            \n        <\/li>\n                    <li class=\"wpra-item feed-item \">\n            \n            \n\n    <a  href=\"https:\/\/distritoemprendedores.es\/blog\/un-nuevo-prime-time-para-las-marcas-afterwork-tardeo-y-futbol-se-consolidan-como-los-grandes-motores-del-consumo-experiencial\/\" target=\"_blank\" rel=\"nofollow\" class=\"\">Un nuevo prime time para las marcas: afterwork, tardeo y f\u00fatbol se consolidan como los grandes motores del consumo experiencial<\/a>\n\n\n\n\n\n\n<div class=\"wprss-feed-meta\">\n            <span class=\"feed-source\">\n            Source:\n\n                            Distrito Emprendedores\n                    <\/span>\n    \n            <span class=\"feed-date\">\n            Published on 2026-03-09\n        <\/span>\n    \n    <\/div>\n\n\n\n\n\n            \n        <\/li>\n                    <li class=\"wpra-item feed-item \">\n            \n            \n\n    <a  href=\"https:\/\/distritoemprendedores.es\/blog\/la-ventaja-competitiva-esta-en-entender-como-pregunta-el-consumidor\/\" target=\"_blank\" rel=\"nofollow\" class=\"\">La ventaja competitiva est\u00e1 en entender c\u00f3mo pregunta el consumidor<\/a>\n\n\n\n\n\n\n<div class=\"wprss-feed-meta\">\n            <span class=\"feed-source\">\n            Source:\n\n                            Distrito Emprendedores\n                    <\/span>\n    \n            <span class=\"feed-date\">\n            Published on 2026-03-08\n        <\/span>\n    \n    <\/div>\n\n\n\n\n\n            \n        <\/li>\n                    <li class=\"wpra-item feed-item \">\n            \n            \n\n    <a  href=\"https:\/\/distritoemprendedores.es\/blog\/solo-el-7-de-los-espanoles-cree-a-las-marcas-cuando-comunican-sus-valores-con-hechos-demostrables\/\" target=\"_blank\" rel=\"nofollow\" class=\"\">Solo el 7% de los espa\u00f1oles cree a las marcas cuando comunican sus valores con hechos demostrables<\/a>\n\n\n\n\n\n\n<div class=\"wprss-feed-meta\">\n            <span class=\"feed-source\">\n            Source:\n\n                            Distrito Emprendedores\n                    <\/span>\n    \n            <span class=\"feed-date\">\n            Published on 2026-03-07\n        <\/span>\n    \n    <\/div>\n\n\n\n\n\n            \n        <\/li>\n                    <li class=\"wpra-item feed-item \">\n            \n            \n\n    <a  href=\"https:\/\/distritoemprendedores.es\/blog\/el-38-de-las-empresas-creadas-en-2019-ha-echado-ya-el-cierre\/\" target=\"_blank\" rel=\"nofollow\" class=\"\">El 38% de las empresas creadas en 2019 ha echado ya el cierre<\/a>\n\n\n\n\n\n\n<div class=\"wprss-feed-meta\">\n            <span class=\"feed-source\">\n            Source:\n\n                            Distrito Emprendedores\n                    <\/span>\n    \n            <span class=\"feed-date\">\n            Published on 2026-03-06\n        <\/span>\n    \n    <\/div>\n\n\n\n\n\n            \n        <\/li>\n                    <li class=\"wpra-item feed-item \">\n            \n            \n\n    <a  href=\"https:\/\/distritoemprendedores.es\/blog\/descubre-las-oportunidades-y-tendencias-en-el-mercado-de-la-franquicia-para-2026\/\" target=\"_blank\" rel=\"nofollow\" class=\"\">Descubre las oportunidades y tendencias en el mercado de la franquicia para 2026<\/a>\n\n\n\n\n\n\n<div class=\"wprss-feed-meta\">\n            <span class=\"feed-source\">\n            Source:\n\n                            Distrito Emprendedores\n                    <\/span>\n    \n            <span class=\"feed-date\">\n            Published on 2026-03-05\n        <\/span>\n    \n    <\/div>\n\n\n\n\n\n            \n        <\/li>\n                    <li class=\"wpra-item feed-item \">\n            \n            \n\n    <a  href=\"https:\/\/distritoemprendedores.es\/blog\/las-startups-de-salud-mas-punteras-del-mundo\/\" target=\"_blank\" rel=\"nofollow\" class=\"\">Las startups de salud m\u00e1s punteras del mundo<\/a>\n\n\n\n\n\n\n<div class=\"wprss-feed-meta\">\n            <span class=\"feed-source\">\n            Source:\n\n                            Distrito Emprendedores\n                    <\/span>\n    \n            <span class=\"feed-date\">\n            Published on 2026-03-04\n        <\/span>\n    \n    <\/div>\n\n\n\n\n\n            \n        <\/li>\n                    <li class=\"wpra-item feed-item \">\n            \n            \n\n    <a  href=\"https:\/\/distritoemprendedores.es\/blog\/puesta-en-marcha-de-un-negocio-primeros-pasos-para-validar-vender-y-controlar-la-tesoreria\/\" target=\"_blank\" rel=\"nofollow\" class=\"\">Puesta en marcha de un negocio: primeros pasos para validar, vender y controlar la tesorer\u00eda<\/a>\n\n\n\n\n\n\n<div class=\"wprss-feed-meta\">\n            <span class=\"feed-source\">\n            Source:\n\n                            Distrito Emprendedores\n                    <\/span>\n    \n            <span class=\"feed-date\">\n            Published on 2026-03-03\n        <\/span>\n    \n    <\/div>\n\n\n\n\n\n            \n        <\/li>\n                    <li class=\"wpra-item feed-item \">\n            \n            \n\n    <a  href=\"https:\/\/distritoemprendedores.es\/blog\/6-franquicias-sin-apenas-competencia-en-el-mercado\/\" target=\"_blank\" rel=\"nofollow\" class=\"\">6 franquicias sin apenas competencia en el mercado<\/a>\n\n\n\n\n\n\n<div class=\"wprss-feed-meta\">\n            <span class=\"feed-source\">\n            Source:\n\n                            Distrito Emprendedores\n                    <\/span>\n    \n            <span class=\"feed-date\">\n            Published on 2026-03-02\n        <\/span>\n    \n    <\/div>\n\n\n\n\n\n            \n        <\/li>\n                    <li class=\"wpra-item feed-item \">\n            \n            \n\n    <a  href=\"https:\/\/digistorage.es\/links\/71d78951-a420-4f5b-8de6-7b35ae7efc1c#new_tab\" target=\"_blank\" rel=\"nofollow\" class=\"\">Los algoritmos amenazan con filtrar las confesiones realizadas al abogado<\/a>\n\n\n\n\n\n\n<div class=\"wprss-feed-meta\">\n            <span class=\"feed-source\">\n            Source:\n\n                            Distrito Emprendedores\n                    <\/span>\n    \n            <span class=\"feed-date\">\n            Published on 2026-03-01\n        <\/span>\n    \n    <\/div>\n\n\n\n\n\n            \n        <\/li>\n                    <li class=\"wpra-item feed-item \">\n            \n            \n\n    <a  href=\"https:\/\/distritoemprendedores.es\/blog\/las-startups-que-mas-innovan-en-el-mundo\/\" target=\"_blank\" rel=\"nofollow\" class=\"\">Las startups que m\u00e1s innovan en el mundo<\/a>\n\n\n\n\n\n\n<div class=\"wprss-feed-meta\">\n            <span class=\"feed-source\">\n            Source:\n\n                            Distrito Emprendedores\n                    <\/span>\n    \n            <span class=\"feed-date\">\n            Published on 2026-02-28\n        <\/span>\n    \n    <\/div>\n\n\n\n\n\n            \n        <\/li>\n                    <li class=\"wpra-item feed-item \">\n            \n            \n\n    <a  href=\"https:\/\/distritoemprendedores.es\/blog\/tiktok-genera-31-000-millones-de-euros-para-las-empresas-europeas-y-3-000-millones-en-espana\/\" target=\"_blank\" rel=\"nofollow\" class=\"\">TikTok genera 31.000 millones de euros para las empresas europeas y 3.000 millones en Espa\u00f1a<\/a>\n\n\n\n\n\n\n<div class=\"wprss-feed-meta\">\n            <span class=\"feed-source\">\n            Source:\n\n                            Distrito Emprendedores\n                    <\/span>\n    \n            <span class=\"feed-date\">\n            Published on 2026-02-27\n        <\/span>\n    \n    <\/div>\n\n\n\n\n\n            \n        <\/li>\n                    <li class=\"wpra-item feed-item \">\n            \n            \n\n    <a  href=\"https:\/\/distritoemprendedores.es\/blog\/amazon-planea-un-marketplace-para-hacer-de-puente-entre-los-publishers-y-las-empresas-de-ia\/\" target=\"_blank\" rel=\"nofollow\" class=\"\">Amazon planea un \u00abmarketplace\u00bb para hacer de puente entre los \u00abpublishers\u00bb y las empresas de IA<\/a>\n\n\n\n\n\n\n<div class=\"wprss-feed-meta\">\n            <span class=\"feed-source\">\n            Source:\n\n                            Distrito Emprendedores\n                    <\/span>\n    \n            <span class=\"feed-date\">\n            Published on 2026-02-26\n        <\/span>\n    \n    <\/div>\n\n\n\n\n\n            \n        <\/li>\n        <\/ul>\n\n        \n<\/div>\n\n<\/div>\n\n<hr>\n<h2>Personas con discapacidad: no son diferentes, son personas con necesidades espec\u00edficas<\/h2>\n<p><strong>Cada 3 de diciembre se celebra el d\u00eda de las personas con discapacidad en un intento por promover los derechos y el bienestar de este colectivo.<\/strong>&nbsp;Es esencial no solo que se faciliten adecuados recursos a cada hombre, a cada mujer y cada ni\u00f1o que se encuentre en una situaci\u00f3n de vulnerabilidad. La atenci\u00f3n es el primer paso. Sin embargo, a\u00fan nos queda trabajar mucho m\u00e1s en otros aspectos.<\/p>\n<p>Un ejemplo:&nbsp;<strong><a href=\"https:\/\/lamenteesmaravillosa.com\/ahs-freak-show-la-visibilidad-de-las-diferencias\/\" target=\"_blank\" rel=\"noopener noreferrer\">en la actualidad no hay demasiada visibilidad<\/a>&nbsp;de las personas con discapacidad en nuestras esferas p\u00fablicas<\/strong>. En el mundo de la cultura, de la empresa o de la pol\u00edtica, no abundan en exceso nombres que pertenezcan a este colectivo. Desear\u00edamos sin duda tener tambi\u00e9n l\u00edderes con alguna discapacidad, directores o directoras de cine, artistas, etc.<\/p>\n<p><strong>A nuestra mente&nbsp;<a href=\"https:\/\/lamenteesmaravillosa.com\/las-mejores-frases-de-stephen-hawking\/\" target=\"_blank\" rel=\"noopener noreferrer\">nos vienen figuras como Stephen Hawking<\/a>, quien a pesar de sufrir ELA (esclerosis lateral amiotr\u00f3fica) pudo avanzar en su carrera<\/strong>&nbsp;y alzarse como una figura de renombre en su campo. Nos falta empoderar mucho m\u00e1s a estas personas para crear un futuro m\u00e1s inclusivo e igualitario donde no descuidemos tampoco a los pa\u00edses del tercer mundo.<\/p>\n<p>Por otro lado, el informe mundial de la OMS nos se\u00f1ala diversos aspectos en los que deber\u00edamos reflexionar sobre la situaci\u00f3n actual de las personas con discapacidades. Profundicemos en ellas.<\/p>\n<h3>Datos sobre las personas con discapacidades<\/h3>\n<ul>\n<li><strong>M\u00e1s de mil millones de personas vive con alguna discapacidad.<\/strong>&nbsp;Son, por tanto, la \u00abminor\u00eda\u00bb m\u00e1s extensa de nuestra sociedad.<\/li>\n<li>Los problemas de discapacidad tienen un impacto mayor en las personas sin recursos.<\/li>\n<li>La atenci\u00f3n m\u00e9dica que se recibe no siempre es la m\u00e1s adecuada.<\/li>\n<li><strong>Tienen mayor riesgo de&nbsp;<a href=\"https:\/\/lamenteesmaravillosa.com\/la-huella-invisible-del-maltrato\/\" target=\"_blank\" rel=\"noopener noreferrer\">experimentar maltratos, tanto f\u00edsicos como psicol\u00f3gicos<\/a>.<\/strong><\/li>\n<li>Los ni\u00f1os con alguna discapacidad siguen presentando mayor vulnerabilidad que los ni\u00f1os sin problemas f\u00edsicos, intelectuales o del desarrollo.<\/li>\n<li>Tener alg\u00fan tipo de discapacidad implica tener menores oportunidades de empleo.<\/li>\n<li><strong>Algo tan b\u00e1sico como recibir recursos, rehabilitaci\u00f3n y apoyo social y medico cambia por completo la vida de las personas con discapacidad.<\/strong><\/li>\n<li>Este colectivo sufre problemas para poder integrarse en su comunidad y participar de actividades cotidianas.<\/li>\n<\/ul>\n<h2>\u00bfQu\u00e9 necesitamos para propiciar una inclusi\u00f3n real y efectiva a las personas con discapacidades?<\/h2>\n<p>Una persona con discapacidad no es un discapacitado. Es una persona que ve limitada su funcionalidad en un aspecto concreto y que, con adecuados recursos, podr\u00eda incluso desenvolverse con normalidad.<\/p>\n<p>Ahora bien \u00bfc\u00f3mo conseguirlo?<strong>&nbsp;\u00bfqu\u00e9 se necesita para garantizar su inclusividad?<\/strong>&nbsp;Estas ser\u00edan algunas claves.<\/p>\n<h3>Necesitan apoyo, no solo cuidados. Quieren respeto y no l\u00e1stima<\/h3>\n<p>Una persona con discapacidad no espera que lo cuidemos (no al menos en todos los casos), ni que estemos supervisando cada uno de sus pasos para acudir en su rescate.&nbsp;<strong>Lo que quiere y necesita son medios para valerse por s\u00ed mismo en la medida de lo posible<\/strong>, disponer de autonom\u00eda y de las mismas oportunidades que cualquier otro.<\/p>\n<p>Por lo tanto, si nos limitamos a ver solo lo que nos diferencia de ellos, estaremos discriminando.&nbsp;<em>La concienciaci\u00f3n es sin duda el primer paso para la inclusi\u00f3n.<\/em><\/p>\n<h3>Apoyo social y pol\u00edtico<\/h3>\n<p>Los gobiernos y organismos p\u00fablicos deben mediar en las siguientes estrategias:<\/p>\n<ul>\n<li><strong>Facilitar el acceso de las personas con discapacidad a cualquier servicio de la comunidad.<\/strong><\/li>\n<li><a href=\"https:\/\/lamenteesmaravillosa.com\/el-trabajo-en-casa-como-conciliar-lo-profesional-y-lo-personal\/\" target=\"_blank\" rel=\"noopener noreferrer\">Facilitar el acceso laboral<\/a>&nbsp;a este colectivo evitando cualquier discriminaci\u00f3n.<\/li>\n<li><strong>Mejorar la educaci\u00f3n mediante adecuados recursos y&nbsp;<a href=\"https:\/\/eresmama.com\/los-ninos-con-discapacidad-visual\/\" target=\"_blank\" rel=\"noopener noreferrer\">apoyo a los ni\u00f1os con discapacidades<\/a>.<\/strong><\/li>\n<li>Fomentar la investigaci\u00f3n para mejorar la vida de las personas con discapacidad.<\/li>\n<\/ul>\n<p>Para concluir, este colectivo tan amplio e importante de nuestra poblaci\u00f3n no deber\u00eda necesitar un d\u00eda puntual en nuestro calendario para acordarnos de ellos.<\/p>\n<p>M\u00e1s all\u00e1 del 3 de diciembre hay 364 d\u00edas m\u00e1s donde ellos siguen presentes, aguardando quiz\u00e1 su primer empleo, esperando un profesor de apoyo en su aula, y&nbsp;<strong>so\u00f1ando tambi\u00e9n con tener una vida plena y feliz como cualquiera de nosotros.<\/strong><\/p>\n<p><em>Pensemos en ello.<\/em><\/p>\n<p><em>Este art\u00edculo fue redactado y avalado por la psic\u00f3loga&nbsp;<a class=\"highlight blue-border\" href=\"https:\/\/lamenteesmaravillosa.com\/autor\/valeria-sabater\/\">Valeria Sabater<\/a><\/em><\/p>\n<div id=\"telet-3394032107\" class=\"telet-despues-del-contenido telet-entity-placement\"><a target=\"_blank\" href=\"\/\/aff.lucushost.com\/resources\/click\/?n=gDxoXMAJ&aff=756\"><img decoding=\"async\" border=\"0\" alt=\"LucusHost, el mejor hosting\" src=\"\/\/aff.lucushost.com\/resources\/banners\/?zoneid=5123&n=gDxoXMAJ&aff=756\" \/><\/a><\/div>","protected":false},"excerpt":{"rendered":"<p>Una persona con discapacidad no necesita nuestra compasi\u00f3n, lo que necesita es inclusi\u00f3n. Lo que espera de la sociedad es recursos y medios para realizar sus actividades, para sentirse competente&hellip; <\/p>\n","protected":false},"author":1,"featured_media":374,"comment_status":"closed","ping_status":"closed","sticky":false,"template":"","format":"standard","meta":{"_jetpack_memberships_contains_paid_content":false,"footnotes":"","_links_to":"","_links_to_target":""},"categories":[8],"tags":[15,14],"class_list":["post-40","post","type-post","status-publish","format-standard","has-post-thumbnail","hentry","category-vida-social","tag-fuprisa","tag-jose-manuel-fuentes-prieto"],"nelio_content":{"autoShareEndMode":"never","automationSources":{"useCustomSentences":false,"customSentences":[]},"efiAlt":"","efiUrl":"","followers":[1],"highlights":[],"isAutoShareEnabled":true,"networkImageIds":[],"permalinkQueryArgs":[],"series":[],"suggestedReferences":[]},"jetpack_featured_media_url":"https:\/\/teletrabajoynegocios.com\/telesecretarias\/wp-content\/uploads\/sites\/2\/2018\/11\/personas-con-limitaciones-fisicas.jpeg","jetpack_sharing_enabled":true,"_links":{"self":[{"href":"https:\/\/teletrabajoynegocios.com\/telesecretarias\/wp-json\/wp\/v2\/posts\/40","targetHints":{"allow":["GET"]}}],"collection":[{"href":"https:\/\/teletrabajoynegocios.com\/telesecretarias\/wp-json\/wp\/v2\/posts"}],"about":[{"href":"https:\/\/teletrabajoynegocios.com\/telesecretarias\/wp-json\/wp\/v2\/types\/post"}],"author":[{"embeddable":true,"href":"https:\/\/teletrabajoynegocios.com\/telesecretarias\/wp-json\/wp\/v2\/users\/1"}],"replies":[{"embeddable":true,"href":"https:\/\/teletrabajoynegocios.com\/telesecretarias\/wp-json\/wp\/v2\/comments?post=40"}],"version-history":[{"count":2,"href":"https:\/\/teletrabajoynegocios.com\/telesecretarias\/wp-json\/wp\/v2\/posts\/40\/revisions"}],"predecessor-version":[{"id":375,"href":"https:\/\/teletrabajoynegocios.com\/telesecretarias\/wp-json\/wp\/v2\/posts\/40\/revisions\/375"}],"wp:featuredmedia":[{"embeddable":true,"href":"https:\/\/teletrabajoynegocios.com\/telesecretarias\/wp-json\/wp\/v2\/media\/374"}],"wp:attachment":[{"href":"https:\/\/teletrabajoynegocios.com\/telesecretarias\/wp-json\/wp\/v2\/media?parent=40"}],"wp:term":[{"taxonomy":"category","embeddable":true,"href":"https:\/\/teletrabajoynegocios.com\/telesecretarias\/wp-json\/wp\/v2\/categories?post=40"},{"taxonomy":"post_tag","embeddable":true,"href":"https:\/\/teletrabajoynegocios.com\/telesecretarias\/wp-json\/wp\/v2\/tags?post=40"}],"curies":[{"name":"wp","href":"https:\/\/api.w.org\/{rel}","templated":true}]}}