{"id":4074,"date":"2021-05-18T11:05:52","date_gmt":"2021-05-18T09:05:52","guid":{"rendered":"https:\/\/teletrabajoynegocios.com\/telesecretarias\/?p=4074"},"modified":"2021-05-17T09:11:22","modified_gmt":"2021-05-17T07:11:22","slug":"61-atajos-de-teclado-en-windows-que-debes-conocer-y-que-te-ayudaran-a-ser-mas-productivo","status":"publish","type":"post","link":"https:\/\/teletrabajoynegocios.com\/telesecretarias\/61-atajos-de-teclado-en-windows-que-debes-conocer-y-que-te-ayudaran-a-ser-mas-productivo\/","title":{"rendered":"61 atajos de teclado en Windows que debes conocer y que te ayudar\u00e1n a ser m\u00e1s productivo"},"content":{"rendered":"<div id=\"telet-1727885619\" class=\"telet-antes-del-contenido telet-entity-placement\"><a href=\"https:\/\/quaderno.io\/?via=jose-manuel94\" aria-label=\"Quaderno General (Spanish) &#8211; 728&#215;90\"><img loading=\"lazy\" decoding=\"async\" src=\"https:\/\/teletrabajoynegocios.com\/telesecretarias\/wp-content\/uploads\/sites\/2\/2020\/11\/Quaderno-General-Spanish-728x90-1.png\" alt=\"\"  srcset=\"https:\/\/teletrabajoynegocios.com\/telesecretarias\/wp-content\/uploads\/sites\/2\/2020\/11\/Quaderno-General-Spanish-728x90-1.png 728w, https:\/\/teletrabajoynegocios.com\/telesecretarias\/wp-content\/uploads\/sites\/2\/2020\/11\/Quaderno-General-Spanish-728x90-1-300x37.png 300w\" sizes=\"(max-width: 728px) 100vw, 728px\" width=\"728\" height=\"90\"   \/><\/a><\/div><p>Si quieres mejorar tu flujo de trabajo y agilizar tu manera de resolver tareas, conocer algunos atajos de teclado en Windows \u2014o en Mac\u2014 puede ayudarte mucho, ya que en muchas ocasiones se recurre al rat\u00f3n para, por ejemplo, copiar un texto, o cambiar de pesta\u00f1a en el navegador de Internet, cuando&nbsp;<strong>es algo que se puede hacer en mucho menos tiempo pulsando un par de teclas.<\/strong><\/p>\n<p>No necesitas aprender todos los atajos de teclado de Windows, sin embargo,&nbsp;<strong>seguramente algunos de ellos te resulten lo suficientemente \u00fatiles como para que lo hagas,<\/strong>&nbsp;mientras que habr\u00e1 otros que puedas querer tener a mano por si los necesitas en alg\u00fan momento.<\/p>\n<p>A continuaci\u00f3n vas a poder leer una selecci\u00f3n, dividida en distintos grupos, de atajos de teclado en Windows que&nbsp;<strong>te ayudar\u00e1n a ser m\u00e1s productivo y a disfrutar m\u00e1s de tu tiempo.<\/strong><\/p>\n<h2 class=\"title\">Atajos de teclado esenciales en Windows.<\/h2>\n<p>En primer lugar, estos son algunos de los atajos que, personalmente, considero esenciales para manejarte con las tareas m\u00e1s comunes del d\u00eda a d\u00eda:<\/p>\n<ul>\n<li><strong>Ctrl + C:&nbsp;<\/strong>Copiar un texto, archivo o imagen.<\/li>\n<li><strong>Ctrl + X:&nbsp;<\/strong>Cortar un texto, archivo o imagen.<\/li>\n<li><strong>Ctrl + V:&nbsp;<\/strong>Pegar un texto, archivo o imagen.<\/li>\n<li><strong>Ctrl + A:&nbsp;<\/strong>Selecciona todo el texto de una p\u00e1gina.<\/li>\n<li><strong>Ctrl + Z:<\/strong>&nbsp;Deshacer.<\/li>\n<li><strong>Ctrl + Y:<\/strong>&nbsp;Rehacer lo deshecho.<\/li>\n<li><strong>Ctrl + Tab:&nbsp;<\/strong>Cambiar de pesta\u00f1a en el navegador de Internet.<\/li>\n<li><strong>Crtl + Flechas de direcci\u00f3n:&nbsp;<\/strong>Moverse entre palabras.<\/li>\n<li><strong>Shift + flechas de direcci\u00f3n:<\/strong>&nbsp;Seleccionar texto o archivos.<\/li>\n<li><strong>Alt + Tab:&nbsp;<\/strong>Cambiar de aplicaci\u00f3n.<\/li>\n<li><strong>Alt + F4:&nbsp;<\/strong>Cerrar aplicaci\u00f3n.<\/li>\n<li><strong>Windows + E:<\/strong>&nbsp;Abrir el explorador de archivos.<\/li>\n<li><strong>Windows + Punto (.):&nbsp;<\/strong>Abre el panel de emoticonos.<\/li>\n<\/ul>\n<hr>\n<p><img decoding=\"async\" src=\"https:\/\/teletrabajoynegocios.com\/teletrabajador\/wp-content\/uploads\/sites\/3\/2020\/07\/articulos.png\"><\/p>\n<div class=\"wp-rss-template-container\" data-wpra-template=\"default\" data-template-ctx=\"W10=\">\n    <div class=\"wp-rss-aggregator wpra-list-template  \" data-page=\"1\">\n    \n    \n<ul class=\"wpra-item-list rss-aggregator wpra-item-list--bullets wpra-item-list--default\"\n    start=\"1\">\n                        <li class=\"wpra-item feed-item \">\n            \n            \n\n    <a  href=\"https:\/\/distritoemprendedores.com\/blog\/2026\/03\/16\/hello-world\/\" target=\"_blank\" rel=\"nofollow\" class=\"\">Hello world!<\/a>\n\n\n\n\n\n\n<div class=\"wprss-feed-meta\">\n            <span class=\"feed-source\">\n            Source:\n\n                            Distrito Emprendedores\n                    <\/span>\n    \n            <span class=\"feed-date\">\n            Published on 2026-03-16\n        <\/span>\n    \n    <\/div>\n\n\n\n\n\n            \n        <\/li>\n                    <li class=\"wpra-item feed-item \">\n            \n            \n\n    <a  href=\"https:\/\/www.dropbox.com\/scl\/fi\/b6csvpbfxu24vaezmo3es\/62bed0634df20e5ef35346439fdd423f_franquicias.pdf?rlkey=mfp2795s4n89mw35l0yeu2vl5&amp;e=2&amp;st=57kabuy0&amp;dl=0#new_tab\" target=\"_blank\" rel=\"nofollow\" class=\"\">Las franquicias espa\u00f1olas duplican su presencia en mercados for\u00e1neos<\/a>\n\n\n\n\n\n\n<div class=\"wprss-feed-meta\">\n            <span class=\"feed-source\">\n            Source:\n\n                            Distrito Emprendedores\n                    <\/span>\n    \n            <span class=\"feed-date\">\n            Published on 2026-03-11\n        <\/span>\n    \n    <\/div>\n\n\n\n\n\n            \n        <\/li>\n                    <li class=\"wpra-item feed-item \">\n            \n            \n\n    <a  href=\"https:\/\/distritoemprendedores.es\/blog\/5-errores-fatales-al-internacionalizar-tu-franquicia\/\" target=\"_blank\" rel=\"nofollow\" class=\"\">5 errores fatales al internacionalizar tu franquicia<\/a>\n\n\n\n\n\n\n<div class=\"wprss-feed-meta\">\n            <span class=\"feed-source\">\n            Source:\n\n                            Distrito Emprendedores\n                    <\/span>\n    \n            <span class=\"feed-date\">\n            Published on 2026-03-10\n        <\/span>\n    \n    <\/div>\n\n\n\n\n\n            \n        <\/li>\n                    <li class=\"wpra-item feed-item \">\n            \n            \n\n    <a  href=\"https:\/\/distritoemprendedores.es\/blog\/un-nuevo-prime-time-para-las-marcas-afterwork-tardeo-y-futbol-se-consolidan-como-los-grandes-motores-del-consumo-experiencial\/\" target=\"_blank\" rel=\"nofollow\" class=\"\">Un nuevo prime time para las marcas: afterwork, tardeo y f\u00fatbol se consolidan como los grandes motores del consumo experiencial<\/a>\n\n\n\n\n\n\n<div class=\"wprss-feed-meta\">\n            <span class=\"feed-source\">\n            Source:\n\n                            Distrito Emprendedores\n                    <\/span>\n    \n            <span class=\"feed-date\">\n            Published on 2026-03-09\n        <\/span>\n    \n    <\/div>\n\n\n\n\n\n            \n        <\/li>\n                    <li class=\"wpra-item feed-item \">\n            \n            \n\n    <a  href=\"https:\/\/distritoemprendedores.es\/blog\/la-ventaja-competitiva-esta-en-entender-como-pregunta-el-consumidor\/\" target=\"_blank\" rel=\"nofollow\" class=\"\">La ventaja competitiva est\u00e1 en entender c\u00f3mo pregunta el consumidor<\/a>\n\n\n\n\n\n\n<div class=\"wprss-feed-meta\">\n            <span class=\"feed-source\">\n            Source:\n\n                            Distrito Emprendedores\n                    <\/span>\n    \n            <span class=\"feed-date\">\n            Published on 2026-03-08\n        <\/span>\n    \n    <\/div>\n\n\n\n\n\n            \n        <\/li>\n                    <li class=\"wpra-item feed-item \">\n            \n            \n\n    <a  href=\"https:\/\/distritoemprendedores.es\/blog\/solo-el-7-de-los-espanoles-cree-a-las-marcas-cuando-comunican-sus-valores-con-hechos-demostrables\/\" target=\"_blank\" rel=\"nofollow\" class=\"\">Solo el 7% de los espa\u00f1oles cree a las marcas cuando comunican sus valores con hechos demostrables<\/a>\n\n\n\n\n\n\n<div class=\"wprss-feed-meta\">\n            <span class=\"feed-source\">\n            Source:\n\n                            Distrito Emprendedores\n                    <\/span>\n    \n            <span class=\"feed-date\">\n            Published on 2026-03-07\n        <\/span>\n    \n    <\/div>\n\n\n\n\n\n            \n        <\/li>\n                    <li class=\"wpra-item feed-item \">\n            \n            \n\n    <a  href=\"https:\/\/distritoemprendedores.es\/blog\/el-38-de-las-empresas-creadas-en-2019-ha-echado-ya-el-cierre\/\" target=\"_blank\" rel=\"nofollow\" class=\"\">El 38% de las empresas creadas en 2019 ha echado ya el cierre<\/a>\n\n\n\n\n\n\n<div class=\"wprss-feed-meta\">\n            <span class=\"feed-source\">\n            Source:\n\n                            Distrito Emprendedores\n                    <\/span>\n    \n            <span class=\"feed-date\">\n            Published on 2026-03-06\n        <\/span>\n    \n    <\/div>\n\n\n\n\n\n            \n        <\/li>\n                    <li class=\"wpra-item feed-item \">\n            \n            \n\n    <a  href=\"https:\/\/distritoemprendedores.es\/blog\/descubre-las-oportunidades-y-tendencias-en-el-mercado-de-la-franquicia-para-2026\/\" target=\"_blank\" rel=\"nofollow\" class=\"\">Descubre las oportunidades y tendencias en el mercado de la franquicia para 2026<\/a>\n\n\n\n\n\n\n<div class=\"wprss-feed-meta\">\n            <span class=\"feed-source\">\n            Source:\n\n                            Distrito Emprendedores\n                    <\/span>\n    \n            <span class=\"feed-date\">\n            Published on 2026-03-05\n        <\/span>\n    \n    <\/div>\n\n\n\n\n\n            \n        <\/li>\n                    <li class=\"wpra-item feed-item \">\n            \n            \n\n    <a  href=\"https:\/\/distritoemprendedores.es\/blog\/las-startups-de-salud-mas-punteras-del-mundo\/\" target=\"_blank\" rel=\"nofollow\" class=\"\">Las startups de salud m\u00e1s punteras del mundo<\/a>\n\n\n\n\n\n\n<div class=\"wprss-feed-meta\">\n            <span class=\"feed-source\">\n            Source:\n\n                            Distrito Emprendedores\n                    <\/span>\n    \n            <span class=\"feed-date\">\n            Published on 2026-03-04\n        <\/span>\n    \n    <\/div>\n\n\n\n\n\n            \n        <\/li>\n                    <li class=\"wpra-item feed-item \">\n            \n            \n\n    <a  href=\"https:\/\/distritoemprendedores.es\/blog\/puesta-en-marcha-de-un-negocio-primeros-pasos-para-validar-vender-y-controlar-la-tesoreria\/\" target=\"_blank\" rel=\"nofollow\" class=\"\">Puesta en marcha de un negocio: primeros pasos para validar, vender y controlar la tesorer\u00eda<\/a>\n\n\n\n\n\n\n<div class=\"wprss-feed-meta\">\n            <span class=\"feed-source\">\n            Source:\n\n                            Distrito Emprendedores\n                    <\/span>\n    \n            <span class=\"feed-date\">\n            Published on 2026-03-03\n        <\/span>\n    \n    <\/div>\n\n\n\n\n\n            \n        <\/li>\n                    <li class=\"wpra-item feed-item \">\n            \n            \n\n    <a  href=\"https:\/\/distritoemprendedores.es\/blog\/6-franquicias-sin-apenas-competencia-en-el-mercado\/\" target=\"_blank\" rel=\"nofollow\" class=\"\">6 franquicias sin apenas competencia en el mercado<\/a>\n\n\n\n\n\n\n<div class=\"wprss-feed-meta\">\n            <span class=\"feed-source\">\n            Source:\n\n                            Distrito Emprendedores\n                    <\/span>\n    \n            <span class=\"feed-date\">\n            Published on 2026-03-02\n        <\/span>\n    \n    <\/div>\n\n\n\n\n\n            \n        <\/li>\n                    <li class=\"wpra-item feed-item \">\n            \n            \n\n    <a  href=\"https:\/\/digistorage.es\/links\/71d78951-a420-4f5b-8de6-7b35ae7efc1c#new_tab\" target=\"_blank\" rel=\"nofollow\" class=\"\">Los algoritmos amenazan con filtrar las confesiones realizadas al abogado<\/a>\n\n\n\n\n\n\n<div class=\"wprss-feed-meta\">\n            <span class=\"feed-source\">\n            Source:\n\n                            Distrito Emprendedores\n                    <\/span>\n    \n            <span class=\"feed-date\">\n            Published on 2026-03-01\n        <\/span>\n    \n    <\/div>\n\n\n\n\n\n            \n        <\/li>\n                    <li class=\"wpra-item feed-item \">\n            \n            \n\n    <a  href=\"https:\/\/distritoemprendedores.es\/blog\/las-startups-que-mas-innovan-en-el-mundo\/\" target=\"_blank\" rel=\"nofollow\" class=\"\">Las startups que m\u00e1s innovan en el mundo<\/a>\n\n\n\n\n\n\n<div class=\"wprss-feed-meta\">\n            <span class=\"feed-source\">\n            Source:\n\n                            Distrito Emprendedores\n                    <\/span>\n    \n            <span class=\"feed-date\">\n            Published on 2026-02-28\n        <\/span>\n    \n    <\/div>\n\n\n\n\n\n            \n        <\/li>\n                    <li class=\"wpra-item feed-item \">\n            \n            \n\n    <a  href=\"https:\/\/distritoemprendedores.es\/blog\/tiktok-genera-31-000-millones-de-euros-para-las-empresas-europeas-y-3-000-millones-en-espana\/\" target=\"_blank\" rel=\"nofollow\" class=\"\">TikTok genera 31.000 millones de euros para las empresas europeas y 3.000 millones en Espa\u00f1a<\/a>\n\n\n\n\n\n\n<div class=\"wprss-feed-meta\">\n            <span class=\"feed-source\">\n            Source:\n\n                            Distrito Emprendedores\n                    <\/span>\n    \n            <span class=\"feed-date\">\n            Published on 2026-02-27\n        <\/span>\n    \n    <\/div>\n\n\n\n\n\n            \n        <\/li>\n                    <li class=\"wpra-item feed-item \">\n            \n            \n\n    <a  href=\"https:\/\/distritoemprendedores.es\/blog\/amazon-planea-un-marketplace-para-hacer-de-puente-entre-los-publishers-y-las-empresas-de-ia\/\" target=\"_blank\" rel=\"nofollow\" class=\"\">Amazon planea un \u00abmarketplace\u00bb para hacer de puente entre los \u00abpublishers\u00bb y las empresas de IA<\/a>\n\n\n\n\n\n\n<div class=\"wprss-feed-meta\">\n            <span class=\"feed-source\">\n            Source:\n\n                            Distrito Emprendedores\n                    <\/span>\n    \n            <span class=\"feed-date\">\n            Published on 2026-02-26\n        <\/span>\n    \n    <\/div>\n\n\n\n\n\n            \n        <\/li>\n        <\/ul>\n\n        \n<\/div>\n\n<\/div>\n\n<hr>\n<h2 class=\"title\">Atajos de teclado \u00fatiles en Windows.<\/h2>\n<p>Por otra parte, es posible que si bien estas combinaciones de teclas son \u00fatiles, quiz\u00e1 no sean esenciales, o al menos no para todo el mundo. A\u00fan as\u00ed, es posible que quieras echarles un vistazo:<\/p>\n<ul>\n<li><strong>Ctrl + Shift + Teclas de direcci\u00f3n:<\/strong>&nbsp;Selecciona palabras completas seguidas.<\/li>\n<li><strong>Ctrl + Alt + Supr:&nbsp;<\/strong>Acceso r\u00e1pido al men\u00fa de bloquear, cambiar de usuario, cerrar sesi\u00f3n y administrador de tareas.<\/li>\n<li><strong>Ctrl + F:<\/strong>&nbsp;Abrir b\u00fasqueda.<\/li>\n<li><strong>Ctrl + Mayus + Esc:&nbsp;<\/strong>Abre el administrador de tareas.<\/li>\n<li><strong>Windows + D:<\/strong>&nbsp;Mostrar el escritorio.<\/li>\n<li><strong>Windows + M:<\/strong>&nbsp;Minimiza todas las ventanas.<\/li>\n<li><strong>Windows + S:&nbsp;<\/strong>Abre la b\u00fasqueda de Windows.<\/li>\n<li><strong>Windows + Shift + S:<\/strong>&nbsp;Realiza una captura de pantalla.<\/li>\n<li><strong>Windows + Coma (,):&nbsp;<\/strong>Muestra el escritorio hasta que dejes de pulsar la tecla Windows.<\/li>\n<li><strong>Windows + Flecha hacia arriba:<\/strong>&nbsp;Maximiza la ventana.<\/li>\n<li><strong>Windows + Flecha hacia abajo:&nbsp;<\/strong>Minimiza la ventana.<\/li>\n<li><strong>Windows + Flecha hacia los lados:&nbsp;<\/strong>Mueve la ventana de posici\u00f3n.<\/li>\n<li><strong>Windows + Shift + Flecha hacia los lados:&nbsp;<\/strong>Cambia una ventana de monitor.<\/li>\n<li><strong>Windows + A:<\/strong>&nbsp;Abre el centro de notificaciones.<\/li>\n<li><strong>Windows + L:<\/strong>&nbsp;Bloquea el ordenador sin cerrar sesi\u00f3n.<\/li>\n<li><strong>Windows + Q:<\/strong>&nbsp;Abrir Cortana<\/li>\n<li><strong>Windows + Inicio:<\/strong>&nbsp;Minimiza todas las ventanas.<\/li>\n<li><strong>Windows + G:<\/strong>&nbsp;Abre la barra de juego.<\/li>\n<li><strong>Windows + I:<\/strong>&nbsp;Abre la configuraci\u00f3n de Windows.<\/li>\n<li><strong>Windows + H:&nbsp;<\/strong>Iniciar dictado.<\/li>\n<li><strong>Windows + K:<\/strong>&nbsp;Abre el men\u00fa Conectar.<\/li>\n<li><strong>Windows + R:<\/strong>&nbsp;Abre Ejecutar<\/li>\n<li><strong>Windows + V:<\/strong>&nbsp;Abre el portapapeles.<\/li>\n<li><strong>Windows + Shift + M:&nbsp;<\/strong>Restaura todas las ventanas minimizadas.<\/li>\n<li><strong>Windows + N\u00famero:<\/strong>&nbsp;Inicia la aplicaci\u00f3n ubicada en la barra de tareas en la posici\u00f3n indicada por el n\u00famero.<\/li>\n<li><strong>Windows + Ctrl + D:<\/strong>&nbsp;Crea un nuevo escritorio virtual.<\/li>\n<li><strong>Windows + Ctrl + Flechas de direcci\u00f3n:<\/strong>&nbsp;Alterna entre los escritorios virtuales.<\/li>\n<li><strong>Alt + Esc:&nbsp;<\/strong>Cambiar entre las ventanas abiertas sin previsualizarlas.<\/li>\n<li><strong>Shift + F10:<\/strong>&nbsp;Abre el men\u00fa contextual \u2014con el mismo efecto que un click derecho\u2014.<\/li>\n<li><strong>Ctrl + Esc o Tecla Windows:<\/strong>&nbsp;Abre el men\u00fa de inicio<\/li>\n<\/ul>\n<h2 class=\"title\">Atajos de teclado \u00fatiles en un procesador de texto como Word o Writer.<\/h2>\n<p>Seg\u00fan la aplicaci\u00f3n en la que te encuentres, es posible que alg\u00fan atajo de teclado pueda cambiar, y, c\u00f3mo pr\u00e1cticamente todo el mundo utiliza un procesador de texto, es posible que puedas sacarle partido a las siguientes combinaciones:<\/p>\n<ul>\n<li><strong>Ctrl + N:<\/strong>&nbsp;Negrita.<\/li>\n<li><strong>Ctrl + K:<\/strong>&nbsp;Cursiva.<\/li>\n<li><strong>Ctrl + S:<\/strong>&nbsp;Subrayado.<\/li>\n<li><strong>Ctrl + E:&nbsp;<\/strong>Seleccionar todo el texto.<\/li>\n<li><strong>Ctrl + A:<\/strong>&nbsp;Abrir un archivo.<\/li>\n<li><strong>Ctrl + G:<\/strong>&nbsp;Guardar.<\/li>\n<li><strong>Ctrl + Shift + S:<\/strong>&nbsp;Contar palabras del texto.<\/li>\n<li><strong>Ctrl + J:<\/strong>&nbsp;Justificar el texto a derecha e izquierda.<\/li>\n<li><strong>Ctrl + T:<\/strong>&nbsp;Centrar. Alinear el texto al centro.<\/li>\n<li><strong>Ctrl + U:<\/strong>&nbsp;Abre un documento en blanco.<\/li>\n<li><strong>Ctrl + P:<\/strong>&nbsp;Imprimir.<\/li>\n<li><strong>Ctrl + L:<\/strong>&nbsp;Buscar y reemplazar.<\/li>\n<li><strong>Ctrl + &gt;:<\/strong>&nbsp;Aumenta el tama\u00f1o de la fuente.<\/li>\n<li><strong>Ctrl + &lt;:<\/strong>&nbsp;Reduce el tama\u00f1o de la fuente.<\/li>\n<li><strong>Ctrl + Supr:<\/strong>&nbsp;Borra entera la palabra siguiente a la posici\u00f3n del cursor.<\/li>\n<li><strong>Ctrl + Borrar:&nbsp;<\/strong>Borra entera la palabra anterior a la posici\u00f3n del cursor.<\/li>\n<li><strong>Ctrl + Inicio:&nbsp;<\/strong>Ve hasta el principio del documento.<\/li>\n<li><strong>Ctrl + Fin:<\/strong>&nbsp;Ve hasta el final del documento. &nbsp;<\/li>\n<\/ul>\n<div class=\"article-header__Authors-sc-1ssjx95-3 dQuzYw\"><a class=\"author-name__AuthorName-sc-1pg07or-0 HstKC\" href=\"https:\/\/www.businessinsider.es\/redaccion\/jacinto-araque\">Jacinto Araque<\/a><\/div>\n<div id=\"telet-868032424\" class=\"telet-despues-del-contenido telet-entity-placement\"><a target=\"_blank\" href=\"\/\/aff.lucushost.com\/resources\/click\/?n=gDxoXMAJ&aff=756\"><img decoding=\"async\" border=\"0\" alt=\"LucusHost, el mejor hosting\" src=\"\/\/aff.lucushost.com\/resources\/banners\/?zoneid=5123&n=gDxoXMAJ&aff=756\" \/><\/a><\/div>","protected":false},"excerpt":{"rendered":"<p>Si quieres mejorar tu flujo de trabajo y agilizar tu manera de resolver tareas, conocer algunos atajos de teclado en Windows \u2014o en Mac\u2014 puede ayudarte mucho, ya que en&hellip; <\/p>\n","protected":false},"author":1,"featured_media":4075,"comment_status":"open","ping_status":"open","sticky":false,"template":"","format":"standard","meta":{"_jetpack_memberships_contains_paid_content":false,"footnotes":"","_links_to":"","_links_to_target":""},"categories":[9],"tags":[15,14],"class_list":["post-4074","post","type-post","status-publish","format-standard","has-post-thumbnail","hentry","category-ofimatica","tag-fuprisa","tag-jose-manuel-fuentes-prieto"],"nelio_content":{"autoShareEndMode":"never","automationSources":{"useCustomSentences":false,"customSentences":[]},"efiAlt":"","efiUrl":"","followers":[1],"highlights":[],"isAutoShareEnabled":true,"networkImageIds":[],"permalinkQueryArgs":[],"series":[],"suggestedReferences":[]},"jetpack_featured_media_url":"https:\/\/teletrabajoynegocios.com\/telesecretarias\/wp-content\/uploads\/sites\/2\/2021\/05\/atajos-teclado-windows.jpg","jetpack_sharing_enabled":true,"_links":{"self":[{"href":"https:\/\/teletrabajoynegocios.com\/telesecretarias\/wp-json\/wp\/v2\/posts\/4074","targetHints":{"allow":["GET"]}}],"collection":[{"href":"https:\/\/teletrabajoynegocios.com\/telesecretarias\/wp-json\/wp\/v2\/posts"}],"about":[{"href":"https:\/\/teletrabajoynegocios.com\/telesecretarias\/wp-json\/wp\/v2\/types\/post"}],"author":[{"embeddable":true,"href":"https:\/\/teletrabajoynegocios.com\/telesecretarias\/wp-json\/wp\/v2\/users\/1"}],"replies":[{"embeddable":true,"href":"https:\/\/teletrabajoynegocios.com\/telesecretarias\/wp-json\/wp\/v2\/comments?post=4074"}],"version-history":[{"count":1,"href":"https:\/\/teletrabajoynegocios.com\/telesecretarias\/wp-json\/wp\/v2\/posts\/4074\/revisions"}],"predecessor-version":[{"id":4076,"href":"https:\/\/teletrabajoynegocios.com\/telesecretarias\/wp-json\/wp\/v2\/posts\/4074\/revisions\/4076"}],"wp:featuredmedia":[{"embeddable":true,"href":"https:\/\/teletrabajoynegocios.com\/telesecretarias\/wp-json\/wp\/v2\/media\/4075"}],"wp:attachment":[{"href":"https:\/\/teletrabajoynegocios.com\/telesecretarias\/wp-json\/wp\/v2\/media?parent=4074"}],"wp:term":[{"taxonomy":"category","embeddable":true,"href":"https:\/\/teletrabajoynegocios.com\/telesecretarias\/wp-json\/wp\/v2\/categories?post=4074"},{"taxonomy":"post_tag","embeddable":true,"href":"https:\/\/teletrabajoynegocios.com\/telesecretarias\/wp-json\/wp\/v2\/tags?post=4074"}],"curies":[{"name":"wp","href":"https:\/\/api.w.org\/{rel}","templated":true}]}}