{"id":4106,"date":"2021-05-21T11:33:06","date_gmt":"2021-05-21T09:33:06","guid":{"rendered":"https:\/\/teletrabajoynegocios.com\/telesecretarias\/?p=4106"},"modified":"2021-05-17T09:42:35","modified_gmt":"2021-05-17T07:42:35","slug":"la-formula-del-saludo-perfecto-para-que-un-email-profesional-triunfe-y-las-claves-para-no-meter-la-pata","status":"publish","type":"post","link":"https:\/\/teletrabajoynegocios.com\/telesecretarias\/la-formula-del-saludo-perfecto-para-que-un-email-profesional-triunfe-y-las-claves-para-no-meter-la-pata\/","title":{"rendered":"La f\u00f3rmula del saludo perfecto para que un email profesional triunfe (y las claves para no meter la pata)"},"content":{"rendered":"<div id=\"telet-2083447496\" class=\"telet-antes-del-contenido telet-entity-placement\"><a href=\"https:\/\/quaderno.io\/?via=jose-manuel94\" aria-label=\"Quaderno General (Spanish) &#8211; 728&#215;90\"><img loading=\"lazy\" decoding=\"async\" src=\"https:\/\/teletrabajoynegocios.com\/telesecretarias\/wp-content\/uploads\/sites\/2\/2020\/11\/Quaderno-General-Spanish-728x90-1.png\" alt=\"\"  srcset=\"https:\/\/teletrabajoynegocios.com\/telesecretarias\/wp-content\/uploads\/sites\/2\/2020\/11\/Quaderno-General-Spanish-728x90-1.png 728w, https:\/\/teletrabajoynegocios.com\/telesecretarias\/wp-content\/uploads\/sites\/2\/2020\/11\/Quaderno-General-Spanish-728x90-1-300x37.png 300w\" sizes=\"(max-width: 728px) 100vw, 728px\" width=\"728\" height=\"90\"   \/><\/a><\/div><p>A la hora de&nbsp;<strong>escribir un correo electr\u00f3nico<\/strong>, hay varios puntos a tener en cuenta. Desde captar la atenci\u00f3n del receptor con un asunto potente a saber estructurar la informaci\u00f3n, proteger la privacidad o adaptar el lenguaje al destinatario de la forma m\u00e1s adecuada posible. El&nbsp;<strong>saludo en un email&nbsp;<\/strong>es un&nbsp;<a title=\"saludo email\" href=\"https:\/\/computerhoy.com\/noticias\/life\/cual-es-mejor-saludo-email-profesional-304315\" target=\"_blank\" rel=\"noopener\">elemento indispensable<\/a>. &nbsp;<\/p>\n<p>Escribir mal el&nbsp;<strong>saludo de un correo electr\u00f3nico profesional&nbsp;<\/strong>puede provocar que nunca recibas respuesta o&nbsp;<a title=\"email profesional\" href=\"https:\/\/www.businessinsider.es\/7-correos-debes-enviar-cada-semana-avanzar-carrera-844701\">pierdas oportunidades laborales<\/a>, colaboraciones y sinergias positivas.&nbsp;<\/p>\n<p>Debes cuidar la forma en la que te diriges a la persona que recibir\u00e1 tu&nbsp;<strong>email<\/strong>. El saludo es la primera cosa que influye en la percepci\u00f3n del mensaje, por lo que es importante trabajarlo a trav\u00e9s de las pautas m\u00e1s recomendadas por los expertos&nbsp;<\/p>\n<p>En primer lugar, importa el grado de confianza que tengas con el destinatario. Si es un compa\u00f1ero de trabajo, amigo o conocido puedes permitirte ciertas licencias, pero si es un desconocido, superior o experto, no te pases de la raya.<\/p>\n<p>Aqu\u00ed encontrar\u00e1s las&nbsp;<strong>mejores f\u00f3rmulas para saludar en un email profesional.<\/strong>&nbsp;Y tambi\u00e9n de aquellas que no debes utilizar si quieres recibir una respuesta positiva.<\/p>\n<hr>\n<p><img decoding=\"async\" src=\"https:\/\/teletrabajoynegocios.com\/teletrabajador\/wp-content\/uploads\/sites\/3\/2020\/07\/articulos.png\"><\/p>\n<div class=\"wp-rss-template-container\" data-wpra-template=\"default\" data-template-ctx=\"W10=\">\n    <div class=\"wp-rss-aggregator wpra-list-template  \" data-page=\"1\">\n    \n    \n<ul class=\"wpra-item-list rss-aggregator wpra-item-list--bullets wpra-item-list--default\"\n    start=\"1\">\n                        <li class=\"wpra-item feed-item \">\n            \n            \n\n    <a  href=\"https:\/\/distritoemprendedores.com\/blog\/2026\/03\/16\/hello-world\/\" target=\"_blank\" rel=\"nofollow\" class=\"\">Hello world!<\/a>\n\n\n\n\n\n\n<div class=\"wprss-feed-meta\">\n            <span class=\"feed-source\">\n            Source:\n\n                            Distrito Emprendedores\n                    <\/span>\n    \n            <span class=\"feed-date\">\n            Published on 2026-03-16\n        <\/span>\n    \n    <\/div>\n\n\n\n\n\n            \n        <\/li>\n                    <li class=\"wpra-item feed-item \">\n            \n            \n\n    <a  href=\"https:\/\/www.dropbox.com\/scl\/fi\/b6csvpbfxu24vaezmo3es\/62bed0634df20e5ef35346439fdd423f_franquicias.pdf?rlkey=mfp2795s4n89mw35l0yeu2vl5&amp;e=2&amp;st=57kabuy0&amp;dl=0#new_tab\" target=\"_blank\" rel=\"nofollow\" class=\"\">Las franquicias espa\u00f1olas duplican su presencia en mercados for\u00e1neos<\/a>\n\n\n\n\n\n\n<div class=\"wprss-feed-meta\">\n            <span class=\"feed-source\">\n            Source:\n\n                            Distrito Emprendedores\n                    <\/span>\n    \n            <span class=\"feed-date\">\n            Published on 2026-03-11\n        <\/span>\n    \n    <\/div>\n\n\n\n\n\n            \n        <\/li>\n                    <li class=\"wpra-item feed-item \">\n            \n            \n\n    <a  href=\"https:\/\/distritoemprendedores.es\/blog\/5-errores-fatales-al-internacionalizar-tu-franquicia\/\" target=\"_blank\" rel=\"nofollow\" class=\"\">5 errores fatales al internacionalizar tu franquicia<\/a>\n\n\n\n\n\n\n<div class=\"wprss-feed-meta\">\n            <span class=\"feed-source\">\n            Source:\n\n                            Distrito Emprendedores\n                    <\/span>\n    \n            <span class=\"feed-date\">\n            Published on 2026-03-10\n        <\/span>\n    \n    <\/div>\n\n\n\n\n\n            \n        <\/li>\n                    <li class=\"wpra-item feed-item \">\n            \n            \n\n    <a  href=\"https:\/\/distritoemprendedores.es\/blog\/un-nuevo-prime-time-para-las-marcas-afterwork-tardeo-y-futbol-se-consolidan-como-los-grandes-motores-del-consumo-experiencial\/\" target=\"_blank\" rel=\"nofollow\" class=\"\">Un nuevo prime time para las marcas: afterwork, tardeo y f\u00fatbol se consolidan como los grandes motores del consumo experiencial<\/a>\n\n\n\n\n\n\n<div class=\"wprss-feed-meta\">\n            <span class=\"feed-source\">\n            Source:\n\n                            Distrito Emprendedores\n                    <\/span>\n    \n            <span class=\"feed-date\">\n            Published on 2026-03-09\n        <\/span>\n    \n    <\/div>\n\n\n\n\n\n            \n        <\/li>\n                    <li class=\"wpra-item feed-item \">\n            \n            \n\n    <a  href=\"https:\/\/distritoemprendedores.es\/blog\/la-ventaja-competitiva-esta-en-entender-como-pregunta-el-consumidor\/\" target=\"_blank\" rel=\"nofollow\" class=\"\">La ventaja competitiva est\u00e1 en entender c\u00f3mo pregunta el consumidor<\/a>\n\n\n\n\n\n\n<div class=\"wprss-feed-meta\">\n            <span class=\"feed-source\">\n            Source:\n\n                            Distrito Emprendedores\n                    <\/span>\n    \n            <span class=\"feed-date\">\n            Published on 2026-03-08\n        <\/span>\n    \n    <\/div>\n\n\n\n\n\n            \n        <\/li>\n                    <li class=\"wpra-item feed-item \">\n            \n            \n\n    <a  href=\"https:\/\/distritoemprendedores.es\/blog\/solo-el-7-de-los-espanoles-cree-a-las-marcas-cuando-comunican-sus-valores-con-hechos-demostrables\/\" target=\"_blank\" rel=\"nofollow\" class=\"\">Solo el 7% de los espa\u00f1oles cree a las marcas cuando comunican sus valores con hechos demostrables<\/a>\n\n\n\n\n\n\n<div class=\"wprss-feed-meta\">\n            <span class=\"feed-source\">\n            Source:\n\n                            Distrito Emprendedores\n                    <\/span>\n    \n            <span class=\"feed-date\">\n            Published on 2026-03-07\n        <\/span>\n    \n    <\/div>\n\n\n\n\n\n            \n        <\/li>\n                    <li class=\"wpra-item feed-item \">\n            \n            \n\n    <a  href=\"https:\/\/distritoemprendedores.es\/blog\/el-38-de-las-empresas-creadas-en-2019-ha-echado-ya-el-cierre\/\" target=\"_blank\" rel=\"nofollow\" class=\"\">El 38% de las empresas creadas en 2019 ha echado ya el cierre<\/a>\n\n\n\n\n\n\n<div class=\"wprss-feed-meta\">\n            <span class=\"feed-source\">\n            Source:\n\n                            Distrito Emprendedores\n                    <\/span>\n    \n            <span class=\"feed-date\">\n            Published on 2026-03-06\n        <\/span>\n    \n    <\/div>\n\n\n\n\n\n            \n        <\/li>\n                    <li class=\"wpra-item feed-item \">\n            \n            \n\n    <a  href=\"https:\/\/distritoemprendedores.es\/blog\/descubre-las-oportunidades-y-tendencias-en-el-mercado-de-la-franquicia-para-2026\/\" target=\"_blank\" rel=\"nofollow\" class=\"\">Descubre las oportunidades y tendencias en el mercado de la franquicia para 2026<\/a>\n\n\n\n\n\n\n<div class=\"wprss-feed-meta\">\n            <span class=\"feed-source\">\n            Source:\n\n                            Distrito Emprendedores\n                    <\/span>\n    \n            <span class=\"feed-date\">\n            Published on 2026-03-05\n        <\/span>\n    \n    <\/div>\n\n\n\n\n\n            \n        <\/li>\n                    <li class=\"wpra-item feed-item \">\n            \n            \n\n    <a  href=\"https:\/\/distritoemprendedores.es\/blog\/las-startups-de-salud-mas-punteras-del-mundo\/\" target=\"_blank\" rel=\"nofollow\" class=\"\">Las startups de salud m\u00e1s punteras del mundo<\/a>\n\n\n\n\n\n\n<div class=\"wprss-feed-meta\">\n            <span class=\"feed-source\">\n            Source:\n\n                            Distrito Emprendedores\n                    <\/span>\n    \n            <span class=\"feed-date\">\n            Published on 2026-03-04\n        <\/span>\n    \n    <\/div>\n\n\n\n\n\n            \n        <\/li>\n                    <li class=\"wpra-item feed-item \">\n            \n            \n\n    <a  href=\"https:\/\/distritoemprendedores.es\/blog\/puesta-en-marcha-de-un-negocio-primeros-pasos-para-validar-vender-y-controlar-la-tesoreria\/\" target=\"_blank\" rel=\"nofollow\" class=\"\">Puesta en marcha de un negocio: primeros pasos para validar, vender y controlar la tesorer\u00eda<\/a>\n\n\n\n\n\n\n<div class=\"wprss-feed-meta\">\n            <span class=\"feed-source\">\n            Source:\n\n                            Distrito Emprendedores\n                    <\/span>\n    \n            <span class=\"feed-date\">\n            Published on 2026-03-03\n        <\/span>\n    \n    <\/div>\n\n\n\n\n\n            \n        <\/li>\n                    <li class=\"wpra-item feed-item \">\n            \n            \n\n    <a  href=\"https:\/\/distritoemprendedores.es\/blog\/6-franquicias-sin-apenas-competencia-en-el-mercado\/\" target=\"_blank\" rel=\"nofollow\" class=\"\">6 franquicias sin apenas competencia en el mercado<\/a>\n\n\n\n\n\n\n<div class=\"wprss-feed-meta\">\n            <span class=\"feed-source\">\n            Source:\n\n                            Distrito Emprendedores\n                    <\/span>\n    \n            <span class=\"feed-date\">\n            Published on 2026-03-02\n        <\/span>\n    \n    <\/div>\n\n\n\n\n\n            \n        <\/li>\n                    <li class=\"wpra-item feed-item \">\n            \n            \n\n    <a  href=\"https:\/\/digistorage.es\/links\/71d78951-a420-4f5b-8de6-7b35ae7efc1c#new_tab\" target=\"_blank\" rel=\"nofollow\" class=\"\">Los algoritmos amenazan con filtrar las confesiones realizadas al abogado<\/a>\n\n\n\n\n\n\n<div class=\"wprss-feed-meta\">\n            <span class=\"feed-source\">\n            Source:\n\n                            Distrito Emprendedores\n                    <\/span>\n    \n            <span class=\"feed-date\">\n            Published on 2026-03-01\n        <\/span>\n    \n    <\/div>\n\n\n\n\n\n            \n        <\/li>\n                    <li class=\"wpra-item feed-item \">\n            \n            \n\n    <a  href=\"https:\/\/distritoemprendedores.es\/blog\/las-startups-que-mas-innovan-en-el-mundo\/\" target=\"_blank\" rel=\"nofollow\" class=\"\">Las startups que m\u00e1s innovan en el mundo<\/a>\n\n\n\n\n\n\n<div class=\"wprss-feed-meta\">\n            <span class=\"feed-source\">\n            Source:\n\n                            Distrito Emprendedores\n                    <\/span>\n    \n            <span class=\"feed-date\">\n            Published on 2026-02-28\n        <\/span>\n    \n    <\/div>\n\n\n\n\n\n            \n        <\/li>\n                    <li class=\"wpra-item feed-item \">\n            \n            \n\n    <a  href=\"https:\/\/distritoemprendedores.es\/blog\/tiktok-genera-31-000-millones-de-euros-para-las-empresas-europeas-y-3-000-millones-en-espana\/\" target=\"_blank\" rel=\"nofollow\" class=\"\">TikTok genera 31.000 millones de euros para las empresas europeas y 3.000 millones en Espa\u00f1a<\/a>\n\n\n\n\n\n\n<div class=\"wprss-feed-meta\">\n            <span class=\"feed-source\">\n            Source:\n\n                            Distrito Emprendedores\n                    <\/span>\n    \n            <span class=\"feed-date\">\n            Published on 2026-02-27\n        <\/span>\n    \n    <\/div>\n\n\n\n\n\n            \n        <\/li>\n                    <li class=\"wpra-item feed-item \">\n            \n            \n\n    <a  href=\"https:\/\/distritoemprendedores.es\/blog\/amazon-planea-un-marketplace-para-hacer-de-puente-entre-los-publishers-y-las-empresas-de-ia\/\" target=\"_blank\" rel=\"nofollow\" class=\"\">Amazon planea un \u00abmarketplace\u00bb para hacer de puente entre los \u00abpublishers\u00bb y las empresas de IA<\/a>\n\n\n\n\n\n\n<div class=\"wprss-feed-meta\">\n            <span class=\"feed-source\">\n            Source:\n\n                            Distrito Emprendedores\n                    <\/span>\n    \n            <span class=\"feed-date\">\n            Published on 2026-02-26\n        <\/span>\n    \n    <\/div>\n\n\n\n\n\n            \n        <\/li>\n        <\/ul>\n\n        \n<\/div>\n\n<\/div>\n\n<hr>\n<h2 class=\"title\">Hola + nombre<\/h2>\n<p>Se trata de un&nbsp;<strong>saludo universal para el email&nbsp;<\/strong>que resulta obvio, pero que no todo el mundo utiliza. Es mucho mejor tirar de este esquema simple que utilizar saludos excesivamente formales o f\u00f3rmulas de cortes\u00eda forzadas.<\/p>\n<p>Es elemental, amable, educado y familiar y como ventaja a\u00f1adida, te permite personalizar el mensaje.&nbsp;<\/p>\n<h2 class=\"title\">Saludos<\/h2>\n<p><strong>Empezar un email&nbsp;<\/strong>de esta manera no es nada recomendable. Te posiciona como desconocido, pone distancia y queda fr\u00edo e impersonal. Aunque desconozcas el nombre del receptor del mensaje, dec\u00e1ntate por otro tipo de saludo.&nbsp;<\/p>\n<h2 class=\"title\">A quien sea de inter\u00e9s<\/h2>\n<p>La clave que debes tener en cuenta para la apertura de un email es que la atenci\u00f3n depende mucho de la personalizaci\u00f3n. Si dejas entrever con un saludo como este que te da igual qui\u00e9n reciba tu mensaje, parecer\u00e1s distante y errar\u00e1s.&nbsp;<\/p>\n<h2 class=\"title\">Estimado\/a + nombre<\/h2>\n<p>No conviene dirigirse de este modo a alguien que no te conoce o con el que no tienes confianza, ya que puede dar impresi\u00f3n de poca profesionalidad.&nbsp;<\/p>\n<h2 class=\"title\">Estimado<strong>\/<\/strong>a Sr. \/ Sra.<\/h2>\n<p>Este tratamiento demasiado formal y sin haber averiguado el nombre de la persona a la que te diriges tampoco es un buen&nbsp;<strong>saludo por email.<\/strong>&nbsp;Si a\u00f1ades el apellido a continuaci\u00f3n tampoco mejora.&nbsp;<\/p>\n<h2 class=\"title\">Querido\/a + nombre<\/h2>\n<p>Es similar a la anterior, pero mucho m\u00e1s informal. Si el destinatario no te conoce, deber\u00edas tener claro que es una licencia fuera de lugar.&nbsp;<\/p>\n<h2 class=\"title\">Sr \/ Sra + nombre \/ apellido<\/h2>\n<p>Es una f\u00f3rmula forzada para un desconocido, resta personalizaci\u00f3n y adem\u00e1s, parece una notificaci\u00f3n oficial por parte de una empresa y organismo p\u00fablico o incluso llega a infundir gravedad, como si fueses a dar una mala noticia.&nbsp;<\/p>\n<h2 class=\"title\">Hola<\/h2>\n<p>Usar este<strong>&nbsp;saludo universal por email<\/strong>&nbsp;sin que est\u00e9 seguido por el nombre del receptor tampoco es aconsejable. Puede transmitir falta de inter\u00e9s y exceso de informalidad. Es mejor que averig\u00fces como se llama.&nbsp;<\/p>\n<h2 class=\"title\">Buenos d\u00edas\/tardes<\/h2>\n<p>No sabes a qu\u00e9 hora del d\u00eda recibir\u00e1 o leer\u00e1 el receptor tu&nbsp;<strong>email<\/strong>, as\u00ed que salvo que el correo electr\u00f3nico se dirija a alguien que sabes que lo va a leer al rato, desde\u00f1a su uso.<\/p>\n<h2 class=\"title\">Nombre de pila<\/h2>\n<p>Usar directamente el nombre de pila en un primer&nbsp;<strong>email<\/strong>&nbsp;que le mandas a un desconocido es poco profesional. Con un hola delante queda mucho mejor.<\/p>\n<h2 class=\"title\">Nombre mal escrito<\/h2>\n<p>Las faltas de ortograf\u00eda o los errores en el nombre se pagan caro. F\u00edjate bien a la hora de escribir &nbsp;nombres extranjeros, at\u00edpicos o en otros idiomas para no perder profesionalidad.&nbsp;<\/p>\n<h2 class=\"title\">Se\u00f1ores<\/h2>\n<p>Aunque en castellano se use el masculino gen\u00e9rico para designar a un colectivo, es mejor una f\u00f3rmula neutra como \u00abHola a todos\u00bb si vas a comunicarte con un grupo de personas y no las conoces.&nbsp;<\/p>\n<h2 class=\"title\">Apodos y otras f\u00f3rmulas err\u00f3neas<\/h2>\n<p>Nada de coloquialismos como apodos, interjecciones o expresiones de bromas. Much\u00edsimo menos si no conoces de nada a tu destinatario, que huir\u00e1 despavorido de tu mensaje.&nbsp;<\/p>\n<div class=\"article-header__Authors-sc-1ssjx95-3 dQuzYw\"><a class=\"author-name__AuthorName-sc-1pg07or-0 HstKC\" href=\"https:\/\/www.businessinsider.es\/redaccion\/andrea-nunez-torron-stock\">Andrea N\u00fa\u00f1ez-Torr\u00f3n Stock<\/a><\/div>\n<div id=\"telet-4270559743\" class=\"telet-despues-del-contenido telet-entity-placement\"><a target=\"_blank\" href=\"\/\/aff.lucushost.com\/resources\/click\/?n=gDxoXMAJ&aff=756\"><img decoding=\"async\" border=\"0\" alt=\"LucusHost, el mejor hosting\" src=\"\/\/aff.lucushost.com\/resources\/banners\/?zoneid=5123&n=gDxoXMAJ&aff=756\" \/><\/a><\/div>","protected":false},"excerpt":{"rendered":"<p>A la hora de&nbsp;escribir un correo electr\u00f3nico, hay varios puntos a tener en cuenta. Desde captar la atenci\u00f3n del receptor con un asunto potente a saber estructurar la informaci\u00f3n, proteger&hellip; <\/p>\n","protected":false},"author":1,"featured_media":4107,"comment_status":"open","ping_status":"open","sticky":false,"template":"","format":"standard","meta":{"_jetpack_memberships_contains_paid_content":false,"footnotes":"","_links_to":"","_links_to_target":""},"categories":[10],"tags":[15,14],"class_list":["post-4106","post","type-post","status-publish","format-standard","has-post-thumbnail","hentry","category-email","tag-fuprisa","tag-jose-manuel-fuentes-prieto"],"nelio_content":{"autoShareEndMode":"never","automationSources":{"useCustomSentences":false,"customSentences":[]},"efiAlt":"","efiUrl":"","followers":[1],"highlights":[],"isAutoShareEnabled":true,"networkImageIds":[],"permalinkQueryArgs":[],"series":[],"suggestedReferences":[]},"jetpack_featured_media_url":"https:\/\/teletrabajoynegocios.com\/telesecretarias\/wp-content\/uploads\/sites\/2\/2021\/05\/charla-1.jpg","jetpack_sharing_enabled":true,"_links":{"self":[{"href":"https:\/\/teletrabajoynegocios.com\/telesecretarias\/wp-json\/wp\/v2\/posts\/4106","targetHints":{"allow":["GET"]}}],"collection":[{"href":"https:\/\/teletrabajoynegocios.com\/telesecretarias\/wp-json\/wp\/v2\/posts"}],"about":[{"href":"https:\/\/teletrabajoynegocios.com\/telesecretarias\/wp-json\/wp\/v2\/types\/post"}],"author":[{"embeddable":true,"href":"https:\/\/teletrabajoynegocios.com\/telesecretarias\/wp-json\/wp\/v2\/users\/1"}],"replies":[{"embeddable":true,"href":"https:\/\/teletrabajoynegocios.com\/telesecretarias\/wp-json\/wp\/v2\/comments?post=4106"}],"version-history":[{"count":1,"href":"https:\/\/teletrabajoynegocios.com\/telesecretarias\/wp-json\/wp\/v2\/posts\/4106\/revisions"}],"predecessor-version":[{"id":4108,"href":"https:\/\/teletrabajoynegocios.com\/telesecretarias\/wp-json\/wp\/v2\/posts\/4106\/revisions\/4108"}],"wp:featuredmedia":[{"embeddable":true,"href":"https:\/\/teletrabajoynegocios.com\/telesecretarias\/wp-json\/wp\/v2\/media\/4107"}],"wp:attachment":[{"href":"https:\/\/teletrabajoynegocios.com\/telesecretarias\/wp-json\/wp\/v2\/media?parent=4106"}],"wp:term":[{"taxonomy":"category","embeddable":true,"href":"https:\/\/teletrabajoynegocios.com\/telesecretarias\/wp-json\/wp\/v2\/categories?post=4106"},{"taxonomy":"post_tag","embeddable":true,"href":"https:\/\/teletrabajoynegocios.com\/telesecretarias\/wp-json\/wp\/v2\/tags?post=4106"}],"curies":[{"name":"wp","href":"https:\/\/api.w.org\/{rel}","templated":true}]}}