{"id":4324,"date":"2021-06-07T10:58:32","date_gmt":"2021-06-07T08:58:32","guid":{"rendered":"https:\/\/teletrabajoynegocios.com\/telesecretarias\/?p=4324"},"modified":"2021-06-07T10:58:32","modified_gmt":"2021-06-07T08:58:32","slug":"6-trucos-y-consejos-para-sacarle-todo-el-partido-google-calendar","status":"publish","type":"post","link":"https:\/\/teletrabajoynegocios.com\/telesecretarias\/6-trucos-y-consejos-para-sacarle-todo-el-partido-google-calendar\/","title":{"rendered":"6 trucos y consejos para sacarle todo el partido Google Calendar"},"content":{"rendered":"<div id=\"telet-2515625426\" class=\"telet-antes-del-contenido telet-entity-placement\"><a href=\"https:\/\/quaderno.io\/?via=jose-manuel94\" aria-label=\"Quaderno General (Spanish) &#8211; 728&#215;90\"><img loading=\"lazy\" decoding=\"async\" src=\"https:\/\/teletrabajoynegocios.com\/telesecretarias\/wp-content\/uploads\/sites\/2\/2020\/11\/Quaderno-General-Spanish-728x90-1.png\" alt=\"\"  srcset=\"https:\/\/teletrabajoynegocios.com\/telesecretarias\/wp-content\/uploads\/sites\/2\/2020\/11\/Quaderno-General-Spanish-728x90-1.png 728w, https:\/\/teletrabajoynegocios.com\/telesecretarias\/wp-content\/uploads\/sites\/2\/2020\/11\/Quaderno-General-Spanish-728x90-1-300x37.png 300w\" sizes=\"(max-width: 728px) 100vw, 728px\" width=\"728\" height=\"90\"   \/><\/a><\/div><p>Google cuenta con muchos&nbsp;<a title=\"5 aplicaciones de Google que seguramente desconoces y deber\u00edas descargar ahora mismo\" href=\"https:\/\/www.businessinsider.es\/aplicaciones-google-no-conocias-debes-descargar-826009\">servicios gratuitos de calidad,<\/a>&nbsp;y con solo unos trucos para Google Calendar, puedes hacer de este el&nbsp;<strong>servicio m\u00e1s aprovechable de todos,<\/strong>&nbsp;ya que se trata de una plataforma con una infinidad de posibilidades.<\/p>\n<p>Integra herramientas de lo m\u00e1s interesantes tanto para trabajar en equipo como para gestionar correctamente tu agenda personal. De hecho,&nbsp;<a title=\"C\u00f3mo crear un nuevo calendario en Google Calendar para poder separar tu vida laboral y social\" href=\"https:\/\/www.businessinsider.es\/como-crear-nuevo-calendario-google-calendar-paso-paso-474433\">incluso puedes separar el calendario laboral y el personal<\/a>&nbsp;para estar seguro de que&nbsp;<strong>no te pierdes ni una sola cita.<\/strong><\/p>\n<p>Pero, para ello,&nbsp;<strong>es interesante que descubras algunos trucos para Google Calendar que te pueden ayudar a utilizarlo mejor<\/strong> y a ser m\u00e1s productivo, para aprovechar el tiempo en lo que realmente importa.<\/p>\n<p>Lo primero que debes saber es que Google calendar es totalmente multiplataforma, ya que adem\u00e1s de poder acceder desde la versi\u00f3n web tambi\u00e9n&nbsp;<strong>cuenta con una aplicaci\u00f3n para iOS y otra para Android que Google cuida mucho<\/strong>&nbsp;y que cuenta con un dise\u00f1o y un funcionamiento muy buenos.<\/p>\n<hr>\n<p><img decoding=\"async\" src=\"https:\/\/teletrabajoynegocios.com\/teletrabajador\/wp-content\/uploads\/sites\/3\/2020\/07\/articulos.png\"><\/p>\n<div class=\"wp-rss-template-container\" data-wpra-template=\"default\" data-template-ctx=\"W10=\">\n    <div class=\"wp-rss-aggregator wpra-list-template  \" data-page=\"1\">\n    \n    \n<ul class=\"wpra-item-list rss-aggregator wpra-item-list--bullets wpra-item-list--default\"\n    start=\"1\">\n                        <li class=\"wpra-item feed-item \">\n            \n            \n\n    <a  href=\"https:\/\/distritoemprendedores.com\/blog\/2026\/03\/16\/hello-world\/\" target=\"_blank\" rel=\"nofollow\" class=\"\">Hello world!<\/a>\n\n\n\n\n\n\n<div class=\"wprss-feed-meta\">\n            <span class=\"feed-source\">\n            Source:\n\n                            Distrito Emprendedores\n                    <\/span>\n    \n            <span class=\"feed-date\">\n            Published on 2026-03-16\n        <\/span>\n    \n    <\/div>\n\n\n\n\n\n            \n        <\/li>\n                    <li class=\"wpra-item feed-item \">\n            \n            \n\n    <a  href=\"https:\/\/www.dropbox.com\/scl\/fi\/b6csvpbfxu24vaezmo3es\/62bed0634df20e5ef35346439fdd423f_franquicias.pdf?rlkey=mfp2795s4n89mw35l0yeu2vl5&amp;e=2&amp;st=57kabuy0&amp;dl=0#new_tab\" target=\"_blank\" rel=\"nofollow\" class=\"\">Las franquicias espa\u00f1olas duplican su presencia en mercados for\u00e1neos<\/a>\n\n\n\n\n\n\n<div class=\"wprss-feed-meta\">\n            <span class=\"feed-source\">\n            Source:\n\n                            Distrito Emprendedores\n                    <\/span>\n    \n            <span class=\"feed-date\">\n            Published on 2026-03-11\n        <\/span>\n    \n    <\/div>\n\n\n\n\n\n            \n        <\/li>\n                    <li class=\"wpra-item feed-item \">\n            \n            \n\n    <a  href=\"https:\/\/distritoemprendedores.es\/blog\/5-errores-fatales-al-internacionalizar-tu-franquicia\/\" target=\"_blank\" rel=\"nofollow\" class=\"\">5 errores fatales al internacionalizar tu franquicia<\/a>\n\n\n\n\n\n\n<div class=\"wprss-feed-meta\">\n            <span class=\"feed-source\">\n            Source:\n\n                            Distrito Emprendedores\n                    <\/span>\n    \n            <span class=\"feed-date\">\n            Published on 2026-03-10\n        <\/span>\n    \n    <\/div>\n\n\n\n\n\n            \n        <\/li>\n                    <li class=\"wpra-item feed-item \">\n            \n            \n\n    <a  href=\"https:\/\/distritoemprendedores.es\/blog\/un-nuevo-prime-time-para-las-marcas-afterwork-tardeo-y-futbol-se-consolidan-como-los-grandes-motores-del-consumo-experiencial\/\" target=\"_blank\" rel=\"nofollow\" class=\"\">Un nuevo prime time para las marcas: afterwork, tardeo y f\u00fatbol se consolidan como los grandes motores del consumo experiencial<\/a>\n\n\n\n\n\n\n<div class=\"wprss-feed-meta\">\n            <span class=\"feed-source\">\n            Source:\n\n                            Distrito Emprendedores\n                    <\/span>\n    \n            <span class=\"feed-date\">\n            Published on 2026-03-09\n        <\/span>\n    \n    <\/div>\n\n\n\n\n\n            \n        <\/li>\n                    <li class=\"wpra-item feed-item \">\n            \n            \n\n    <a  href=\"https:\/\/distritoemprendedores.es\/blog\/la-ventaja-competitiva-esta-en-entender-como-pregunta-el-consumidor\/\" target=\"_blank\" rel=\"nofollow\" class=\"\">La ventaja competitiva est\u00e1 en entender c\u00f3mo pregunta el consumidor<\/a>\n\n\n\n\n\n\n<div class=\"wprss-feed-meta\">\n            <span class=\"feed-source\">\n            Source:\n\n                            Distrito Emprendedores\n                    <\/span>\n    \n            <span class=\"feed-date\">\n            Published on 2026-03-08\n        <\/span>\n    \n    <\/div>\n\n\n\n\n\n            \n        <\/li>\n                    <li class=\"wpra-item feed-item \">\n            \n            \n\n    <a  href=\"https:\/\/distritoemprendedores.es\/blog\/solo-el-7-de-los-espanoles-cree-a-las-marcas-cuando-comunican-sus-valores-con-hechos-demostrables\/\" target=\"_blank\" rel=\"nofollow\" class=\"\">Solo el 7% de los espa\u00f1oles cree a las marcas cuando comunican sus valores con hechos demostrables<\/a>\n\n\n\n\n\n\n<div class=\"wprss-feed-meta\">\n            <span class=\"feed-source\">\n            Source:\n\n                            Distrito Emprendedores\n                    <\/span>\n    \n            <span class=\"feed-date\">\n            Published on 2026-03-07\n        <\/span>\n    \n    <\/div>\n\n\n\n\n\n            \n        <\/li>\n                    <li class=\"wpra-item feed-item \">\n            \n            \n\n    <a  href=\"https:\/\/distritoemprendedores.es\/blog\/el-38-de-las-empresas-creadas-en-2019-ha-echado-ya-el-cierre\/\" target=\"_blank\" rel=\"nofollow\" class=\"\">El 38% de las empresas creadas en 2019 ha echado ya el cierre<\/a>\n\n\n\n\n\n\n<div class=\"wprss-feed-meta\">\n            <span class=\"feed-source\">\n            Source:\n\n                            Distrito Emprendedores\n                    <\/span>\n    \n            <span class=\"feed-date\">\n            Published on 2026-03-06\n        <\/span>\n    \n    <\/div>\n\n\n\n\n\n            \n        <\/li>\n                    <li class=\"wpra-item feed-item \">\n            \n            \n\n    <a  href=\"https:\/\/distritoemprendedores.es\/blog\/descubre-las-oportunidades-y-tendencias-en-el-mercado-de-la-franquicia-para-2026\/\" target=\"_blank\" rel=\"nofollow\" class=\"\">Descubre las oportunidades y tendencias en el mercado de la franquicia para 2026<\/a>\n\n\n\n\n\n\n<div class=\"wprss-feed-meta\">\n            <span class=\"feed-source\">\n            Source:\n\n                            Distrito Emprendedores\n                    <\/span>\n    \n            <span class=\"feed-date\">\n            Published on 2026-03-05\n        <\/span>\n    \n    <\/div>\n\n\n\n\n\n            \n        <\/li>\n                    <li class=\"wpra-item feed-item \">\n            \n            \n\n    <a  href=\"https:\/\/distritoemprendedores.es\/blog\/las-startups-de-salud-mas-punteras-del-mundo\/\" target=\"_blank\" rel=\"nofollow\" class=\"\">Las startups de salud m\u00e1s punteras del mundo<\/a>\n\n\n\n\n\n\n<div class=\"wprss-feed-meta\">\n            <span class=\"feed-source\">\n            Source:\n\n                            Distrito Emprendedores\n                    <\/span>\n    \n            <span class=\"feed-date\">\n            Published on 2026-03-04\n        <\/span>\n    \n    <\/div>\n\n\n\n\n\n            \n        <\/li>\n                    <li class=\"wpra-item feed-item \">\n            \n            \n\n    <a  href=\"https:\/\/distritoemprendedores.es\/blog\/puesta-en-marcha-de-un-negocio-primeros-pasos-para-validar-vender-y-controlar-la-tesoreria\/\" target=\"_blank\" rel=\"nofollow\" class=\"\">Puesta en marcha de un negocio: primeros pasos para validar, vender y controlar la tesorer\u00eda<\/a>\n\n\n\n\n\n\n<div class=\"wprss-feed-meta\">\n            <span class=\"feed-source\">\n            Source:\n\n                            Distrito Emprendedores\n                    <\/span>\n    \n            <span class=\"feed-date\">\n            Published on 2026-03-03\n        <\/span>\n    \n    <\/div>\n\n\n\n\n\n            \n        <\/li>\n                    <li class=\"wpra-item feed-item \">\n            \n            \n\n    <a  href=\"https:\/\/distritoemprendedores.es\/blog\/6-franquicias-sin-apenas-competencia-en-el-mercado\/\" target=\"_blank\" rel=\"nofollow\" class=\"\">6 franquicias sin apenas competencia en el mercado<\/a>\n\n\n\n\n\n\n<div class=\"wprss-feed-meta\">\n            <span class=\"feed-source\">\n            Source:\n\n                            Distrito Emprendedores\n                    <\/span>\n    \n            <span class=\"feed-date\">\n            Published on 2026-03-02\n        <\/span>\n    \n    <\/div>\n\n\n\n\n\n            \n        <\/li>\n                    <li class=\"wpra-item feed-item \">\n            \n            \n\n    <a  href=\"https:\/\/digistorage.es\/links\/71d78951-a420-4f5b-8de6-7b35ae7efc1c#new_tab\" target=\"_blank\" rel=\"nofollow\" class=\"\">Los algoritmos amenazan con filtrar las confesiones realizadas al abogado<\/a>\n\n\n\n\n\n\n<div class=\"wprss-feed-meta\">\n            <span class=\"feed-source\">\n            Source:\n\n                            Distrito Emprendedores\n                    <\/span>\n    \n            <span class=\"feed-date\">\n            Published on 2026-03-01\n        <\/span>\n    \n    <\/div>\n\n\n\n\n\n            \n        <\/li>\n                    <li class=\"wpra-item feed-item \">\n            \n            \n\n    <a  href=\"https:\/\/distritoemprendedores.es\/blog\/las-startups-que-mas-innovan-en-el-mundo\/\" target=\"_blank\" rel=\"nofollow\" class=\"\">Las startups que m\u00e1s innovan en el mundo<\/a>\n\n\n\n\n\n\n<div class=\"wprss-feed-meta\">\n            <span class=\"feed-source\">\n            Source:\n\n                            Distrito Emprendedores\n                    <\/span>\n    \n            <span class=\"feed-date\">\n            Published on 2026-02-28\n        <\/span>\n    \n    <\/div>\n\n\n\n\n\n            \n        <\/li>\n                    <li class=\"wpra-item feed-item \">\n            \n            \n\n    <a  href=\"https:\/\/distritoemprendedores.es\/blog\/tiktok-genera-31-000-millones-de-euros-para-las-empresas-europeas-y-3-000-millones-en-espana\/\" target=\"_blank\" rel=\"nofollow\" class=\"\">TikTok genera 31.000 millones de euros para las empresas europeas y 3.000 millones en Espa\u00f1a<\/a>\n\n\n\n\n\n\n<div class=\"wprss-feed-meta\">\n            <span class=\"feed-source\">\n            Source:\n\n                            Distrito Emprendedores\n                    <\/span>\n    \n            <span class=\"feed-date\">\n            Published on 2026-02-27\n        <\/span>\n    \n    <\/div>\n\n\n\n\n\n            \n        <\/li>\n                    <li class=\"wpra-item feed-item \">\n            \n            \n\n    <a  href=\"https:\/\/distritoemprendedores.es\/blog\/amazon-planea-un-marketplace-para-hacer-de-puente-entre-los-publishers-y-las-empresas-de-ia\/\" target=\"_blank\" rel=\"nofollow\" class=\"\">Amazon planea un \u00abmarketplace\u00bb para hacer de puente entre los \u00abpublishers\u00bb y las empresas de IA<\/a>\n\n\n\n\n\n\n<div class=\"wprss-feed-meta\">\n            <span class=\"feed-source\">\n            Source:\n\n                            Distrito Emprendedores\n                    <\/span>\n    \n            <span class=\"feed-date\">\n            Published on 2026-02-26\n        <\/span>\n    \n    <\/div>\n\n\n\n\n\n            \n        <\/li>\n        <\/ul>\n\n        \n<\/div>\n\n<\/div>\n\n<hr>\n<h2 class=\"title\">Utiliza el modo oscuro<\/h2>\n<p>Al igual que&nbsp;<a title=\"El modo oscuro est\u00e1 llegando a la b\u00fasqueda de Google progresivamente\" href=\"https:\/\/www.businessinsider.es\/busqueda-google-ya-cuenta-modo-oscuro-809381\">otras muchas aplicaciones y servicios<\/a>&nbsp;de Google,&nbsp;<strong>Calendar cuenta con un modo oscuro<\/strong>&nbsp;que cambia por completo el color predominante en la aplicaci\u00f3n para hacer esta m\u00e1s agradable a los ojos cuando hay poca luz o es de noche.<\/p>\n<p>Por defecto, se activa si activas el modo oscuro de tu m\u00f3vil. Sin embargo,&nbsp;<strong>tambi\u00e9n se puede utilizar de forma predeterminada,<\/strong>&nbsp;independientemente del modo en el que se encuentre tu m\u00f3vil. Para ello solo tienes que:<\/p>\n<ul>\n<li>Abre&nbsp;<em>Ajustes.<\/em><\/li>\n<li>Pulsa en&nbsp;<em>General.<\/em><\/li>\n<li>Pulsa en&nbsp;<em>Tema.<\/em><\/li>\n<li>Selecciona&nbsp;<em>Oscuro.<\/em><\/li>\n<\/ul>\n<h2 class=\"title\">Crea un evento con todo lujo de detalles<\/h2>\n<p>Google&nbsp;<strong>ofrece la opci\u00f3n de a\u00f1adir much\u00edsimos detalles cuando creas un evento,<\/strong>&nbsp;y es algo que viene muy bien para no tener que buscar el lugar en el que este va a suceder o los asistentes al mismo, por ejemplo. Al crear un evento, el calendario permite rellenar los siguientes aspectos:<\/p>\n<ul>\n<li><strong>Duraci\u00f3n del evento:<\/strong>&nbsp;muy \u00fatil, e imprescindible para organizarse correctamente.<\/li>\n<li><strong>Participantes en el evento:<\/strong>&nbsp;recuento de las personas que van a asistir, se les enviar\u00e1 una notificaci\u00f3n cuando les a\u00f1adas preguntando acerca de su asistencia.<\/li>\n<li><strong>Videoconferencia:<\/strong>&nbsp;si el evento consiste en una videollamada, puedes crear la sala de Google Meets en la que tendr\u00e1 lugar la reuni\u00f3n, aunque a\u00fan quede tiempo.<\/li>\n<li><strong>Ubicaci\u00f3n:<\/strong>&nbsp;permite establecer una ubicaci\u00f3n real de la base de datos de Google, a la que podr\u00e1s acceder desde Google Maps, o bien introducir una manualmente.<\/li>\n<li><strong>Notificaci\u00f3n:<\/strong>&nbsp;puedes recibir un aviso que te recuerde que empieza el evento con la antelaci\u00f3n que t\u00fa elijas.<\/li>\n<li><strong>Color:<\/strong>&nbsp;establece el color que quieres asignar al evento, en funci\u00f3n de la clasificaci\u00f3n que hagas de estos.<\/li>\n<li><strong>Descripci\u00f3n:<\/strong>&nbsp;puedes a\u00f1adir una descripci\u00f3n que te recuerde por qu\u00e9 vas, o alg\u00fan dato importante que debas recordar, para tenerlo a mano.<\/li>\n<li><strong>Adjuntar archivos:<\/strong>&nbsp;puedes a\u00f1adir archivos al evento, bien desde tu ordenador o m\u00f3vil, o bien desde Google Drive.<\/li>\n<\/ul>\n<h2 class=\"title\">Establece una notificaci\u00f3n predeterminada para cada uno de tus calendarios.<\/h2>\n<p>Como te he comentado antes, el calendario de Google da la opci\u00f3n de&nbsp;<strong>enviarte una notificaci\u00f3n cuando quiere cierto tiempo para que comience un evento,<\/strong>&nbsp;y puedes personalizar este tiempo para que sea siempre el mismo en funci\u00f3n de tus calendarios.<\/p>\n<p>Es decir, por ejemplo, puedes hacer que t\u00fa calendario personal te avise de los eventos con 2 horas de antelaci\u00f3n, y que el calendario laboral te avise con un d\u00eda de antelaci\u00f3n siempre que los establezcas,&nbsp;<strong>sin tener que configurar los avisos manualmente siempre que creas un evento.&nbsp;<\/strong>Para cambiarlo:<\/p>\n<ul>\n<li>Abre&nbsp;<em>Ajustes.<\/em><\/li>\n<li>Pulsa en el calendario que quieras modificar.<\/li>\n<li>Establece las opciones personalizadas del calendario.<\/li>\n<\/ul>\n<h2 class=\"title\">Cambia la duraci\u00f3n predeterminada de los eventos<\/h2>\n<p>Tambi\u00e9n puedes modificar la duraci\u00f3n predeterminada de los eventos, que,&nbsp;<strong>por defecto, es una hora.&nbsp;<\/strong>Una medida que no tiene por qu\u00e9 ser la que m\u00e1s utilices.<\/p>\n<p>Se trata de una funci\u00f3n a la que&nbsp;<strong>le puedes sacar partido si sueles establecer eventos de menor \u2014o mayor\u2014 duraci\u00f3n,<\/strong>&nbsp;y no quieres tener que cambiar la duraci\u00f3n cada vez que establezcas un evento.&nbsp;<\/p>\n<p>Aunque debes saber que&nbsp;<strong>no da la opci\u00f3n de hacer que el evento dure todo el d\u00eda<\/strong>&nbsp;de forma predeterminada. Para acceder a esta opci\u00f3n:<\/p>\n<ul>\n<li>Abre Ajustes.<\/li>\n<li>Pulsa en General.<\/li>\n<li>Abre Duraci\u00f3n predeterminada de los eventos.<\/li>\n<\/ul>\n<h2 class=\"title\">Utiliza los recordatorios para recibir avisos cuando los necesites.<\/h2>\n<p>Los recordatorios solo una funcionalidad del calendario de Google que te&nbsp;<strong>permiten establecer avisos personalizados,<\/strong>&nbsp;para que te lleguen en el momento en el que creas que lo necesitas.<\/p>\n<p>Por ejemplo, puedes&nbsp;<strong>programar el env\u00edo de un recordatorio<\/strong>&nbsp;para que por la noche recibes una notificaci\u00f3n dici\u00e9ndote que tienes que bajar la basura.<\/p>\n<p>Darle darle una gran cantidad de usos a estos recordatorios, que adem\u00e1s cuentan con el punto positivo de aparecer en el calendario&nbsp;<strong>para que puedas acceder a ellos aunque elimines la notificaci\u00f3n.<\/strong><\/p>\n<h2 class=\"title\">Crea tu propia lista de tareas con Google Task<\/h2>\n<p>Adem\u00e1s de incluir los recordatorios, Google tambi\u00e9n introdujo en Google Calendar su herramienta de lista de tareas, Google Task, a la que&nbsp;<strong>puedes acceder desde la parte derecha de la versi\u00f3n web del calendario de Google,<\/strong>&nbsp;o bien mediante su propia aplicaci\u00f3n para Android e iOS.<\/p>\n<p>Se trata de una plataforma complementaria e integrada en el calendario de Google que permite crear una&nbsp;<strong>lista de tareas que puedes ir marcando como completadas<\/strong>&nbsp;y que ir\u00e1n desapareciendo a medida que lo hagas, haciendo m\u00e1s f\u00e1cil que puedas tener una vista general de todo lo que tienes que hacer.<\/p>\n<p><a href=\"https:\/\/www.businessinsider.es\/\"><em>Business Insider Espa\u00f1a.<\/em><\/a><\/p>\n<div id=\"telet-688614905\" class=\"telet-despues-del-contenido telet-entity-placement\"><a target=\"_blank\" href=\"\/\/aff.lucushost.com\/resources\/click\/?n=gDxoXMAJ&aff=756\"><img decoding=\"async\" border=\"0\" alt=\"LucusHost, el mejor hosting\" src=\"\/\/aff.lucushost.com\/resources\/banners\/?zoneid=5123&n=gDxoXMAJ&aff=756\" \/><\/a><\/div>","protected":false},"excerpt":{"rendered":"<p>Google cuenta con muchos&nbsp;servicios gratuitos de calidad,&nbsp;y con solo unos trucos para Google Calendar, puedes hacer de este el&nbsp;servicio m\u00e1s aprovechable de todos,&nbsp;ya que se trata de una plataforma con&hellip; <\/p>\n","protected":false},"author":1,"featured_media":1594,"comment_status":"open","ping_status":"open","sticky":false,"template":"","format":"standard","meta":{"_jetpack_memberships_contains_paid_content":false,"footnotes":"","_links_to":"","_links_to_target":""},"categories":[9],"tags":[15,14],"class_list":["post-4324","post","type-post","status-publish","format-standard","has-post-thumbnail","hentry","category-ofimatica","tag-fuprisa","tag-jose-manuel-fuentes-prieto"],"nelio_content":{"autoShareEndMode":"never","automationSources":{"useCustomSentences":false,"customSentences":[]},"efiAlt":"","efiUrl":"","followers":[1],"highlights":[],"isAutoShareEnabled":true,"networkImageIds":[],"permalinkQueryArgs":[],"series":[],"suggestedReferences":[]},"jetpack_featured_media_url":"https:\/\/teletrabajoynegocios.com\/telesecretarias\/wp-content\/uploads\/sites\/2\/2020\/07\/dinero-negocio.jpg","jetpack_sharing_enabled":true,"_links":{"self":[{"href":"https:\/\/teletrabajoynegocios.com\/telesecretarias\/wp-json\/wp\/v2\/posts\/4324","targetHints":{"allow":["GET"]}}],"collection":[{"href":"https:\/\/teletrabajoynegocios.com\/telesecretarias\/wp-json\/wp\/v2\/posts"}],"about":[{"href":"https:\/\/teletrabajoynegocios.com\/telesecretarias\/wp-json\/wp\/v2\/types\/post"}],"author":[{"embeddable":true,"href":"https:\/\/teletrabajoynegocios.com\/telesecretarias\/wp-json\/wp\/v2\/users\/1"}],"replies":[{"embeddable":true,"href":"https:\/\/teletrabajoynegocios.com\/telesecretarias\/wp-json\/wp\/v2\/comments?post=4324"}],"version-history":[{"count":1,"href":"https:\/\/teletrabajoynegocios.com\/telesecretarias\/wp-json\/wp\/v2\/posts\/4324\/revisions"}],"predecessor-version":[{"id":4325,"href":"https:\/\/teletrabajoynegocios.com\/telesecretarias\/wp-json\/wp\/v2\/posts\/4324\/revisions\/4325"}],"wp:featuredmedia":[{"embeddable":true,"href":"https:\/\/teletrabajoynegocios.com\/telesecretarias\/wp-json\/wp\/v2\/media\/1594"}],"wp:attachment":[{"href":"https:\/\/teletrabajoynegocios.com\/telesecretarias\/wp-json\/wp\/v2\/media?parent=4324"}],"wp:term":[{"taxonomy":"category","embeddable":true,"href":"https:\/\/teletrabajoynegocios.com\/telesecretarias\/wp-json\/wp\/v2\/categories?post=4324"},{"taxonomy":"post_tag","embeddable":true,"href":"https:\/\/teletrabajoynegocios.com\/telesecretarias\/wp-json\/wp\/v2\/tags?post=4324"}],"curies":[{"name":"wp","href":"https:\/\/api.w.org\/{rel}","templated":true}]}}