{"id":4422,"date":"2021-06-18T10:50:29","date_gmt":"2021-06-18T08:50:29","guid":{"rendered":"https:\/\/teletrabajoynegocios.com\/telesecretarias\/?p=4422"},"modified":"2021-06-15T10:58:19","modified_gmt":"2021-06-15T08:58:19","slug":"para-la-pandemia-de-la-ciberdelincuencia-todavia-no-hay-vacuna-veremos-menos-ataques-pero-seran-mas-peligrosos-adelantan-algunos-especialistas","status":"publish","type":"post","link":"https:\/\/teletrabajoynegocios.com\/telesecretarias\/para-la-pandemia-de-la-ciberdelincuencia-todavia-no-hay-vacuna-veremos-menos-ataques-pero-seran-mas-peligrosos-adelantan-algunos-especialistas\/","title":{"rendered":"Para la pandemia de la ciberdelincuencia todav\u00eda no hay vacuna: \u00abVeremos menos ataques pero ser\u00e1n m\u00e1s peligrosos\u00bb, adelantan algunos especialistas"},"content":{"rendered":"<div id=\"telet-629719189\" class=\"telet-antes-del-contenido telet-entity-placement\"><a href=\"https:\/\/quaderno.io\/?via=jose-manuel94\" aria-label=\"Quaderno General (Spanish) &#8211; 728&#215;90\"><img loading=\"lazy\" decoding=\"async\" src=\"https:\/\/teletrabajoynegocios.com\/telesecretarias\/wp-content\/uploads\/sites\/2\/2020\/11\/Quaderno-General-Spanish-728x90-1.png\" alt=\"\"  srcset=\"https:\/\/teletrabajoynegocios.com\/telesecretarias\/wp-content\/uploads\/sites\/2\/2020\/11\/Quaderno-General-Spanish-728x90-1.png 728w, https:\/\/teletrabajoynegocios.com\/telesecretarias\/wp-content\/uploads\/sites\/2\/2020\/11\/Quaderno-General-Spanish-728x90-1-300x37.png 300w\" sizes=\"(max-width: 728px) 100vw, 728px\" width=\"728\" height=\"90\"   \/><\/a><\/div><p>De la mano de la pandemia de coronavirus vino otra pandemia,<strong>&nbsp;una que adem\u00e1s era digital.<\/strong><\/p>\n<p>Los datos relacionados con ciberincidentes y ciberdelincuencia se dispararon. Un informe de varias telecos \u2014y, entre ellas, Telef\u00f3nica\u2014 ya&nbsp;<a title=\"La pandemia dispar\u00f3 en un 2.000% el n\u00famero de ciberamenazas en la red, seg\u00fan un informe elaborado por una alianza de Telef\u00f3nica y varias telecos del mundo\" href=\"https:\/\/www.businessinsider.es\/nivel-ciberamenazas-red-crecio-2000-pandemia-669997\">avanzaba<\/a>&nbsp;a mediados del a\u00f1o pasado que el n\u00famero de amenazas en la red se hab\u00eda multiplicado hasta en un 2.000%. Un informe m\u00e1s reciente sobre Ciberamenazas, tambi\u00e9n de Telef\u00f3nica Tech,&nbsp;<a title=\"Los criminales se aprovechan del teletrabajo: los ciberataques a protocolos de escritorio en remoto se dispararon un 242%, seg\u00fan Telef\u00f3nica Tech\" href=\"https:\/\/www.businessinsider.es\/aprovechan-teletrabajo-ciberataques-aumentaron-242-871105\">apuntaba hace unos d\u00edas<\/a>&nbsp;c\u00f3mo los ciberataques sobre protocolos de escritorio en remoto \u2014empleados para el teletrabajo\u2014 crecieron un 242% en 2020.<\/p>\n<p>En el \u00e1mbito del&nbsp;<em>ransomware<\/em>, una de las t\u00e9cnicas m\u00e1s preminentes empleadas por los criminales inform\u00e1ticos,&nbsp;<a title=\"Las mafias de 'ransomware' triplicaron sus exigencias de rescate hasta una media de 260.000 euros en 2020 y el problema est\u00e1 agrav\u00e1ndose, seg\u00fan una investigaci\u00f3n\" href=\"https:\/\/www.businessinsider.es\/pagos-rescate-ransomware-triplicaron-durante-pandemia-833859\">se ha sabido hace escasas semanas<\/a>&nbsp;c\u00f3mo las exigencias de rescate se han multiplicado hasta por tres y este tipo de ataques causaron&nbsp;<a title=\"Los rescates de 'ransomware' provocaron en 2020 p\u00e9rdidas de m\u00ednimo 125 millones de euros a firmas espa\u00f1olas, y ahora las administraciones est\u00e1n en la diana\" href=\"https:\/\/www.businessinsider.es\/perdidas-ransomware-espana-crecieron-24-2020-861021\">como m\u00ednimo 125 millones de euros en p\u00e9rdidas<\/a>&nbsp;a compa\u00f1\u00edas espa\u00f1olas durante el a\u00f1o pasado. Adem\u00e1s, universidades como&nbsp;<a title=\"&quot;En un atentado, la polic\u00eda acordona la zona y toma el control, aqu\u00ed no ha sido as\u00ed&quot;: el lamento del responsable TIC de una universidad espa\u00f1ola tras un ciberataque\" href=\"https:\/\/www.businessinsider.es\/ciberataque-universidad-castilla-mancha-contado-dentro-869181\">la de Castilla-La Mancha<\/a>, ayuntamientos como el de&nbsp;<a title=\"Los atacantes del Ayuntamiento de Castell\u00f3n reivindican la filtraci\u00f3n de 119 gigas en datos robados: el 'ransomware' hace su agosto en las administraciones espa\u00f1olas\" href=\"https:\/\/www.businessinsider.es\/ciberataque-castellon-filtra-119-gb-datos-ayuntamiento-846361\">Castell\u00f3n<\/a>&nbsp;y entidades p\u00fablicas como el&nbsp;<a title=\"El gran hackeo al SEPE es obra de Ryuk: c\u00f3mo ha podido llegar el ciberataque, qu\u00e9 ha fallado y por qu\u00e9 ahora mismo es una de las mayores amenazas de internet\" href=\"https:\/\/www.businessinsider.es\/ryuk-ransomware-detras-ataque-sepe-ha-fallado-826459\">SEPE<\/a>&nbsp;est\u00e1n ahora en la diana.<\/p>\n<p>Otro tipo de ataque es el ataque por denegaci\u00f3n de servicios. Mediante esta t\u00e9cnica, los ciberdelincuentes env\u00edan much\u00edsimas solicitudes a un servidor o sistema objetivo con el fin de bloquearlo.&nbsp;<strong>Conocidos como ataques DDoS<\/strong>, su cifra, en cambio, ha disminuido sensiblemente durante el primer trimestre de este a\u00f1o.<\/p>\n<p>Seg\u00fan los datos de Kaspersky DDoS Prevention,&nbsp;<strong>el n\u00famero de ataques de denegaci\u00f3n cay\u00f3 un 29% en el primer trimestre del a\u00f1o&nbsp;<\/strong>con respecto al mismo per\u00edodo del a\u00f1o pasado. Sin embargo, las cifras aumentan casi un 47% con respecto al \u00faltimo cuarto de 2020. Por esta misma raz\u00f3n, la firma de ciberseguridad destaca que estos datos&nbsp;<a href=\"https:\/\/cybersecuritynews.es\/decrecen-los-ataques-ddos-en-el-primer-trimestre-de-2021-y-vuelven-a-las-cifras-prepandemia\/\" target=\"_blank\" rel=\"nofollow noopener\">vuelven a niveles \u00abprepandemia\u00bb.<\/a><\/p>\n<p>Espa\u00f1a espera que este verano la inmunidad de grupo se haya alcanzado y por ahora el 18% de la poblaci\u00f3n del pa\u00eds ha completado su pauta de vacunaci\u00f3n contra el coronavirus. Sin embargo, en la pandemia del cibercrimen&nbsp;<strong>no hay f\u00e1rmacos infalibles que seguricen al 100%&nbsp;<\/strong>a las compa\u00f1\u00edas de ataques inform\u00e1ticos. La seguridad perfecta no existe, y los especialistas consultados por&nbsp;<em>Business Insider Espa\u00f1a&nbsp;<\/em>lanzan una advertencia.<\/p>\n<p>Los n\u00fameros de incidentes acabar\u00e1n decayendo una vez se recobre la normalidad.<\/p>\n<p>Pero los que se sigan sucediendo&nbsp;<strong>ser\u00e1n todav\u00eda m\u00e1s peligrosos.<\/strong><\/p>\n<h2 class=\"title\">Punto de no retorno<\/h2>\n<p>Jos\u00e9 Lancharo es el director de BlackArrow, la marca de soluciones de ciberseguridad avanzada de Tarlogic. Esta empresa espa\u00f1ola<strong>&nbsp;trabaja con firmas del Ibex 35<\/strong>, a las que provee de equipos de ataque y defensa (Red Teams y Blue Teams) as\u00ed como un servicio de protecci\u00f3n pensado para evitar incidentes con&nbsp;<em>ransomware<\/em>, Threat Hunting.<\/p>\n<p>Lancharo considera que, a pesar del decrecimiento de ataques DDoS, la pandemia ha significado \u00abun punto de no retorno\u00bb en el \u00e1mbito de la ciberseguridad. Pone de manifiesto, por ejemplo, que en el \u00faltimo cuarto del a\u00f1o pasado<strong>&nbsp;ha habido un incremento notable de incidentes<\/strong>&nbsp;con&nbsp;<em>ransomware<\/em>.<\/p>\n<p>\u00abVenimos de una cultura en la que nos gusta trabajar mucho en equipo, vi\u00e9ndonos las caras. La pandemia ha obligado a que nos sigamos viendo las caras pero a trav\u00e9s de una pantalla. Ha acelerado el flujo natural y el teletrabajo, aunque ya hab\u00eda llegado a algunos puntos de Espa\u00f1a, no hab\u00eda calado tanto\u00bb, destaca.<\/p>\n<hr>\n<p><img decoding=\"async\" src=\"https:\/\/teletrabajoynegocios.com\/teletrabajador\/wp-content\/uploads\/sites\/3\/2020\/07\/articulos.png\"><\/p>\n<div class=\"wp-rss-template-container\" data-wpra-template=\"default\" data-template-ctx=\"W10=\">\n    <div class=\"wp-rss-aggregator wpra-list-template  \" data-page=\"1\">\n    \n    \n<ul class=\"wpra-item-list rss-aggregator wpra-item-list--bullets wpra-item-list--default\"\n    start=\"1\">\n                        <li class=\"wpra-item feed-item \">\n            \n            \n\n    <a  href=\"https:\/\/distritoemprendedores.com\/blog\/2026\/03\/16\/hello-world\/\" target=\"_blank\" rel=\"nofollow\" class=\"\">Hello world!<\/a>\n\n\n\n\n\n\n<div class=\"wprss-feed-meta\">\n            <span class=\"feed-source\">\n            Source:\n\n                            Distrito Emprendedores\n                    <\/span>\n    \n            <span class=\"feed-date\">\n            Published on 2026-03-16\n        <\/span>\n    \n    <\/div>\n\n\n\n\n\n            \n        <\/li>\n                    <li class=\"wpra-item feed-item \">\n            \n            \n\n    <a  href=\"https:\/\/www.dropbox.com\/scl\/fi\/b6csvpbfxu24vaezmo3es\/62bed0634df20e5ef35346439fdd423f_franquicias.pdf?rlkey=mfp2795s4n89mw35l0yeu2vl5&amp;e=2&amp;st=57kabuy0&amp;dl=0#new_tab\" target=\"_blank\" rel=\"nofollow\" class=\"\">Las franquicias espa\u00f1olas duplican su presencia en mercados for\u00e1neos<\/a>\n\n\n\n\n\n\n<div class=\"wprss-feed-meta\">\n            <span class=\"feed-source\">\n            Source:\n\n                            Distrito Emprendedores\n                    <\/span>\n    \n            <span class=\"feed-date\">\n            Published on 2026-03-11\n        <\/span>\n    \n    <\/div>\n\n\n\n\n\n            \n        <\/li>\n                    <li class=\"wpra-item feed-item \">\n            \n            \n\n    <a  href=\"https:\/\/distritoemprendedores.es\/blog\/5-errores-fatales-al-internacionalizar-tu-franquicia\/\" target=\"_blank\" rel=\"nofollow\" class=\"\">5 errores fatales al internacionalizar tu franquicia<\/a>\n\n\n\n\n\n\n<div class=\"wprss-feed-meta\">\n            <span class=\"feed-source\">\n            Source:\n\n                            Distrito Emprendedores\n                    <\/span>\n    \n            <span class=\"feed-date\">\n            Published on 2026-03-10\n        <\/span>\n    \n    <\/div>\n\n\n\n\n\n            \n        <\/li>\n                    <li class=\"wpra-item feed-item \">\n            \n            \n\n    <a  href=\"https:\/\/distritoemprendedores.es\/blog\/un-nuevo-prime-time-para-las-marcas-afterwork-tardeo-y-futbol-se-consolidan-como-los-grandes-motores-del-consumo-experiencial\/\" target=\"_blank\" rel=\"nofollow\" class=\"\">Un nuevo prime time para las marcas: afterwork, tardeo y f\u00fatbol se consolidan como los grandes motores del consumo experiencial<\/a>\n\n\n\n\n\n\n<div class=\"wprss-feed-meta\">\n            <span class=\"feed-source\">\n            Source:\n\n                            Distrito Emprendedores\n                    <\/span>\n    \n            <span class=\"feed-date\">\n            Published on 2026-03-09\n        <\/span>\n    \n    <\/div>\n\n\n\n\n\n            \n        <\/li>\n                    <li class=\"wpra-item feed-item \">\n            \n            \n\n    <a  href=\"https:\/\/distritoemprendedores.es\/blog\/la-ventaja-competitiva-esta-en-entender-como-pregunta-el-consumidor\/\" target=\"_blank\" rel=\"nofollow\" class=\"\">La ventaja competitiva est\u00e1 en entender c\u00f3mo pregunta el consumidor<\/a>\n\n\n\n\n\n\n<div class=\"wprss-feed-meta\">\n            <span class=\"feed-source\">\n            Source:\n\n                            Distrito Emprendedores\n                    <\/span>\n    \n            <span class=\"feed-date\">\n            Published on 2026-03-08\n        <\/span>\n    \n    <\/div>\n\n\n\n\n\n            \n        <\/li>\n                    <li class=\"wpra-item feed-item \">\n            \n            \n\n    <a  href=\"https:\/\/distritoemprendedores.es\/blog\/solo-el-7-de-los-espanoles-cree-a-las-marcas-cuando-comunican-sus-valores-con-hechos-demostrables\/\" target=\"_blank\" rel=\"nofollow\" class=\"\">Solo el 7% de los espa\u00f1oles cree a las marcas cuando comunican sus valores con hechos demostrables<\/a>\n\n\n\n\n\n\n<div class=\"wprss-feed-meta\">\n            <span class=\"feed-source\">\n            Source:\n\n                            Distrito Emprendedores\n                    <\/span>\n    \n            <span class=\"feed-date\">\n            Published on 2026-03-07\n        <\/span>\n    \n    <\/div>\n\n\n\n\n\n            \n        <\/li>\n                    <li class=\"wpra-item feed-item \">\n            \n            \n\n    <a  href=\"https:\/\/distritoemprendedores.es\/blog\/el-38-de-las-empresas-creadas-en-2019-ha-echado-ya-el-cierre\/\" target=\"_blank\" rel=\"nofollow\" class=\"\">El 38% de las empresas creadas en 2019 ha echado ya el cierre<\/a>\n\n\n\n\n\n\n<div class=\"wprss-feed-meta\">\n            <span class=\"feed-source\">\n            Source:\n\n                            Distrito Emprendedores\n                    <\/span>\n    \n            <span class=\"feed-date\">\n            Published on 2026-03-06\n        <\/span>\n    \n    <\/div>\n\n\n\n\n\n            \n        <\/li>\n                    <li class=\"wpra-item feed-item \">\n            \n            \n\n    <a  href=\"https:\/\/distritoemprendedores.es\/blog\/descubre-las-oportunidades-y-tendencias-en-el-mercado-de-la-franquicia-para-2026\/\" target=\"_blank\" rel=\"nofollow\" class=\"\">Descubre las oportunidades y tendencias en el mercado de la franquicia para 2026<\/a>\n\n\n\n\n\n\n<div class=\"wprss-feed-meta\">\n            <span class=\"feed-source\">\n            Source:\n\n                            Distrito Emprendedores\n                    <\/span>\n    \n            <span class=\"feed-date\">\n            Published on 2026-03-05\n        <\/span>\n    \n    <\/div>\n\n\n\n\n\n            \n        <\/li>\n                    <li class=\"wpra-item feed-item \">\n            \n            \n\n    <a  href=\"https:\/\/distritoemprendedores.es\/blog\/las-startups-de-salud-mas-punteras-del-mundo\/\" target=\"_blank\" rel=\"nofollow\" class=\"\">Las startups de salud m\u00e1s punteras del mundo<\/a>\n\n\n\n\n\n\n<div class=\"wprss-feed-meta\">\n            <span class=\"feed-source\">\n            Source:\n\n                            Distrito Emprendedores\n                    <\/span>\n    \n            <span class=\"feed-date\">\n            Published on 2026-03-04\n        <\/span>\n    \n    <\/div>\n\n\n\n\n\n            \n        <\/li>\n                    <li class=\"wpra-item feed-item \">\n            \n            \n\n    <a  href=\"https:\/\/distritoemprendedores.es\/blog\/puesta-en-marcha-de-un-negocio-primeros-pasos-para-validar-vender-y-controlar-la-tesoreria\/\" target=\"_blank\" rel=\"nofollow\" class=\"\">Puesta en marcha de un negocio: primeros pasos para validar, vender y controlar la tesorer\u00eda<\/a>\n\n\n\n\n\n\n<div class=\"wprss-feed-meta\">\n            <span class=\"feed-source\">\n            Source:\n\n                            Distrito Emprendedores\n                    <\/span>\n    \n            <span class=\"feed-date\">\n            Published on 2026-03-03\n        <\/span>\n    \n    <\/div>\n\n\n\n\n\n            \n        <\/li>\n                    <li class=\"wpra-item feed-item \">\n            \n            \n\n    <a  href=\"https:\/\/distritoemprendedores.es\/blog\/6-franquicias-sin-apenas-competencia-en-el-mercado\/\" target=\"_blank\" rel=\"nofollow\" class=\"\">6 franquicias sin apenas competencia en el mercado<\/a>\n\n\n\n\n\n\n<div class=\"wprss-feed-meta\">\n            <span class=\"feed-source\">\n            Source:\n\n                            Distrito Emprendedores\n                    <\/span>\n    \n            <span class=\"feed-date\">\n            Published on 2026-03-02\n        <\/span>\n    \n    <\/div>\n\n\n\n\n\n            \n        <\/li>\n                    <li class=\"wpra-item feed-item \">\n            \n            \n\n    <a  href=\"https:\/\/digistorage.es\/links\/71d78951-a420-4f5b-8de6-7b35ae7efc1c#new_tab\" target=\"_blank\" rel=\"nofollow\" class=\"\">Los algoritmos amenazan con filtrar las confesiones realizadas al abogado<\/a>\n\n\n\n\n\n\n<div class=\"wprss-feed-meta\">\n            <span class=\"feed-source\">\n            Source:\n\n                            Distrito Emprendedores\n                    <\/span>\n    \n            <span class=\"feed-date\">\n            Published on 2026-03-01\n        <\/span>\n    \n    <\/div>\n\n\n\n\n\n            \n        <\/li>\n                    <li class=\"wpra-item feed-item \">\n            \n            \n\n    <a  href=\"https:\/\/distritoemprendedores.es\/blog\/las-startups-que-mas-innovan-en-el-mundo\/\" target=\"_blank\" rel=\"nofollow\" class=\"\">Las startups que m\u00e1s innovan en el mundo<\/a>\n\n\n\n\n\n\n<div class=\"wprss-feed-meta\">\n            <span class=\"feed-source\">\n            Source:\n\n                            Distrito Emprendedores\n                    <\/span>\n    \n            <span class=\"feed-date\">\n            Published on 2026-02-28\n        <\/span>\n    \n    <\/div>\n\n\n\n\n\n            \n        <\/li>\n                    <li class=\"wpra-item feed-item \">\n            \n            \n\n    <a  href=\"https:\/\/distritoemprendedores.es\/blog\/tiktok-genera-31-000-millones-de-euros-para-las-empresas-europeas-y-3-000-millones-en-espana\/\" target=\"_blank\" rel=\"nofollow\" class=\"\">TikTok genera 31.000 millones de euros para las empresas europeas y 3.000 millones en Espa\u00f1a<\/a>\n\n\n\n\n\n\n<div class=\"wprss-feed-meta\">\n            <span class=\"feed-source\">\n            Source:\n\n                            Distrito Emprendedores\n                    <\/span>\n    \n            <span class=\"feed-date\">\n            Published on 2026-02-27\n        <\/span>\n    \n    <\/div>\n\n\n\n\n\n            \n        <\/li>\n                    <li class=\"wpra-item feed-item \">\n            \n            \n\n    <a  href=\"https:\/\/distritoemprendedores.es\/blog\/amazon-planea-un-marketplace-para-hacer-de-puente-entre-los-publishers-y-las-empresas-de-ia\/\" target=\"_blank\" rel=\"nofollow\" class=\"\">Amazon planea un \u00abmarketplace\u00bb para hacer de puente entre los \u00abpublishers\u00bb y las empresas de IA<\/a>\n\n\n\n\n\n\n<div class=\"wprss-feed-meta\">\n            <span class=\"feed-source\">\n            Source:\n\n                            Distrito Emprendedores\n                    <\/span>\n    \n            <span class=\"feed-date\">\n            Published on 2026-02-26\n        <\/span>\n    \n    <\/div>\n\n\n\n\n\n            \n        <\/li>\n        <\/ul>\n\n        \n<\/div>\n\n<\/div>\n\n<hr>\n<p>\u00abDimensionar y escalar todo de la noche a la ma\u00f1ana ha permitido que algunas capas m\u00e1s cr\u00e9dulas se hayan convencido frente al modelo del teletrabajo\u00bb. Por lo tanto, \u00abno hay vuelta atr\u00e1s\u00bb. \u00abCuando todo esto pase las empresas van a permitir que la gente vaya a la oficina pero habr\u00e1 nuevos retos\u00bb. Para los t\u00e9cnicos de Sistemas, esto puede suponer una pesadilla.<\/p>\n<p>\u00abAl final hay entornos que te permiten disponer de escritorios en remoto pero todo esto cuesta dinero, y no es lo mismo que teletrabaje el 10% de la empresa a que lo haga el 100%. Entonces toca invertir en licencias de esos escritorios en remoto y&nbsp;<strong>contar con m\u00e1s capacidad de hardware<\/strong>\u00ab, resume Lancharo.<\/p>\n<p>El&nbsp;<em>ransomware&nbsp;<\/em>era inicialmente un tipo de c\u00f3digo malicioso que penetra en los sistemas de sus v\u00edctimas para comenzar a cifrar archivos y dispositivos. Despu\u00e9s solicita un rescate econ\u00f3mico para que la v\u00edctima pueda recobrar la normalidad. Por ello, el Threat Hunting que ofrece Tarlogic ayuda a &#8216;patrullar&#8217; y monitorizar las redes de sus clientes para detectar el m\u00e1s m\u00ednimo indicio de que pueda haber un actor malicioso recabando datos e informaci\u00f3n para desplegar un ataque as\u00ed.<\/p>\n<p>A finales de 2019 los ataques con&nbsp;<em>ransomware&nbsp;<\/em>comenzaron a introducir un factor de doble extorsi\u00f3n: adem\u00e1s de bloquear los dispositivos de sus v\u00edctimas, robaban informaci\u00f3n sensible y chantajeaban con filtrarla por la&nbsp;<em>dark web&nbsp;<\/em>si no se pagaba el rescate. Cuenta Lancharo que ahora se ve cada vez m\u00e1s un tercer factor de chantaje.&nbsp;<strong>Una \u00abtriple\u00bb extorsi\u00f3n.<\/strong><\/p>\n<p>Precisamente esa tercera pata son ataques de denegaci\u00f3n de servicios que tumban las webs corporativas de sus v\u00edctimas con el objetivo de hacer da\u00f1o e incluso perjudicar la reputaci\u00f3n de las mismas.<\/p>\n<p>Herv\u00e9 Lambert, Global Consumer Operations Manager de Panda Security, recuerda que durante la pandemia se ha visto \u00abuna profesionalizaci\u00f3n del cibercrimen\u00bb. Aunque se ha visto \u00abmenos&nbsp;<em>malware&nbsp;<\/em>nuevo\u00bb s\u00ed se han registrado \u00abm\u00e1s ataques\u00bb, que son<strong>&nbsp;\u00abmasivos, m\u00faltiples, m\u00e1s sofisticados y usan m\u00e1s y mejores estrategias\u00bb.<\/strong><\/p>\n<p>\u00abClaramente la pandemia y sus consecuencias han servido de catalizadores para algunas de las ciberamenazas que pesan sobre las empresas y los usuarios de todo el mundo. Los confinamientos y el trabajo a distancia han amplificado riesgos ya existentes y han creado otros\u00bb, destaca Lambert.<\/p>\n<h2 class=\"title\">\u00abBajar\u00e1n en cantidad, pero los ataques ser\u00e1n peores\u00bb<\/h2>\n<p>Jos\u00e9 Rosell es socio director de S2 Grupo, otra firma de ciberseguridad espa\u00f1ola. Aunque se hayan reducido los ataques DDoS, la incidencia y la pandemia han demostrado que las amenazas a nivel tecnol\u00f3gico<strong>&nbsp;est\u00e1n creciendo \u00aby a lo bestia\u00bb<\/strong>, destaca este especialista.<\/p>\n<p>\u00abLos&nbsp;<em>malos&nbsp;<\/em>tambi\u00e9n tienen recursos finitos y ahora est\u00e1n poniendo todos en los ataques con&nbsp;<em>ransomware&nbsp;<\/em>y en campa\u00f1as de&nbsp;<em>phishing&nbsp;<\/em>con SMS.<strong>&nbsp;Es una barbaridad lo que se est\u00e1 viendo<\/strong>\u00ab, relata.<\/p>\n<p>\u00abNosotros tenemos datos&nbsp;<strong>desde el campo de batalla<\/strong>\u00ab, destaca. \u00abTe aseguro que<strong>&nbsp;la situaci\u00f3n est\u00e1 desbocada.<\/strong>&nbsp;Hay much\u00edsimo incidente y estamos trabajando con varios planes de choque anti&nbsp;<em>ransomware&nbsp;<\/em>en distintos campos, tambi\u00e9n en la administraci\u00f3n p\u00fablica. La ciberdelincuencia est\u00e1 creciendo mucho\u00bb.<\/p>\n<p>Hace unas semanas&nbsp;<em>Business Insider Espa\u00f1a&nbsp;<\/em>organiz\u00f3 el XIV Smart Business Meeting, este enfocado en la industria de la ciberseguridad. Pablo de la Riva, CEO de Revelock \u2014<a title=\"Buguroo, la startup espa\u00f1ola que combate el fraude bancario, se convierte en Revelock y lanza una nueva plataforma de productos y servicios\" href=\"https:\/\/www.businessinsider.es\/buguroo-ahora-revelock-startup-espanola-cambia-nombre-851671\">antes conocida como Buguroo<\/a>\u2014 detall\u00f3 c\u00f3mo en \u00e9pocas de crisis&nbsp;<a title=\"Desde personas en paro desesperadas hasta multinacionales del crimen: los perfiles de ciberdelincuente m\u00e1s comunes, seg\u00fan el CEO de Buguroo\" href=\"https:\/\/www.businessinsider.es\/son-ciberdelincuentes-perfiles-ceo-buguroo-843089\">aumentaba el \u00edndice de ciberdelincuencia<\/a>, ya que muchos profesionales perd\u00edan su trabajo y recurr\u00edan a estos m\u00e9todos a la desesperada.<\/p>\n<p>Durante estas crisis mucha gente se ve \u00abacorralada\u00bb, desgranaba el experto.&nbsp;<strong>\u00abLa barrera moral que te impide no hacer clicks en donde no se debe, por decirlo de alg\u00fan modo, se difumina\u00bb.<\/strong><\/p>\n<p>Rosell no lo ve tan claro. \u00abEs complejo. La ciberdelincuencia ven\u00eda creciendo mucho desde hace ya tiempo. Ahora ha coincidido que hay equipos de ciberdelincuentes muy preparados, con muchas herramientas y objetivos. Y nosotros les hemos dado objetivos a punta pala\u00bb, reconoce. Se refiere a la adaptaci\u00f3n al teletrabajo. \u00abHemos bajado nuestras defensas porque hemos cambiado nuestros entornos\u00bb, admite.<\/p>\n<p>El socio director de S2 Grupo prev\u00e9 que el n\u00famero de ciberataques descienda a menudo que se recobra la normalidad y se afianzan los sistemas de empresas.<strong>&nbsp;\u00abPero en calidad no\u00bb.<\/strong><\/p>\n<p>\u00abEn cuanto a calidad, todo apunta a que&nbsp;<strong>habr\u00e1 un crecimiento en la peligrosidad de los incidentes\u00bb.&nbsp;<\/strong>Rosell recuerda el ciberataque con&nbsp;<em>ransomware&nbsp;<\/em>al oleoducto de Colonial, que oblig\u00f3 a la Administraci\u00f3n Biden a decretar el estado de emergencia. \u00abEn t\u00e9rminos cualitativos todo esto va a crecer\u00bb.<\/p>\n<p>\u00abEsta es una carrera asim\u00e9trica, sin cuartel. Estamos ante&nbsp;<strong>una situaci\u00f3n de guerra de facto en el ciberespacio.<\/strong>&nbsp;A todos los niveles, ya sea entre estados y entre empresas. Por eso digo que creo que la peligrosidad de los incidentes aumentar\u00e1, porque los objetivos van a ser cada vez m\u00e1s ambiciosos\u00bb.<\/p>\n<div class=\"article-header__Authors-sc-1ssjx95-3 dQuzYw\"><a class=\"author-name__AuthorName-sc-1pg07or-0 HstKC\" href=\"https:\/\/www.businessinsider.es\/redaccion\/alberto-r-aguiar\">Alberto R. Aguiar<\/a><\/div>\n<div id=\"telet-3492501753\" class=\"telet-despues-del-contenido telet-entity-placement\"><a target=\"_blank\" href=\"\/\/aff.lucushost.com\/resources\/click\/?n=gDxoXMAJ&aff=756\"><img decoding=\"async\" border=\"0\" alt=\"LucusHost, el mejor hosting\" src=\"\/\/aff.lucushost.com\/resources\/banners\/?zoneid=5123&n=gDxoXMAJ&aff=756\" \/><\/a><\/div>","protected":false},"excerpt":{"rendered":"<p>De la mano de la pandemia de coronavirus vino otra pandemia,&nbsp;una que adem\u00e1s era digital. Los datos relacionados con ciberincidentes y ciberdelincuencia se dispararon. Un informe de varias telecos \u2014y,&hellip; <\/p>\n","protected":false},"author":1,"featured_media":1164,"comment_status":"open","ping_status":"open","sticky":false,"template":"","format":"standard","meta":{"_jetpack_memberships_contains_paid_content":false,"footnotes":"","_links_to":"","_links_to_target":""},"categories":[8],"tags":[15,14],"class_list":["post-4422","post","type-post","status-publish","format-standard","has-post-thumbnail","hentry","category-vida-social","tag-fuprisa","tag-jose-manuel-fuentes-prieto"],"nelio_content":{"autoShareEndMode":"never","automationSources":{"useCustomSentences":false,"customSentences":[]},"efiAlt":"","efiUrl":"","followers":[1],"highlights":[],"isAutoShareEnabled":true,"networkImageIds":[],"permalinkQueryArgs":[],"series":[],"suggestedReferences":[]},"jetpack_featured_media_url":"https:\/\/teletrabajoynegocios.com\/telesecretarias\/wp-content\/uploads\/sites\/2\/2020\/06\/teclado-pc.jpg","jetpack_sharing_enabled":true,"_links":{"self":[{"href":"https:\/\/teletrabajoynegocios.com\/telesecretarias\/wp-json\/wp\/v2\/posts\/4422","targetHints":{"allow":["GET"]}}],"collection":[{"href":"https:\/\/teletrabajoynegocios.com\/telesecretarias\/wp-json\/wp\/v2\/posts"}],"about":[{"href":"https:\/\/teletrabajoynegocios.com\/telesecretarias\/wp-json\/wp\/v2\/types\/post"}],"author":[{"embeddable":true,"href":"https:\/\/teletrabajoynegocios.com\/telesecretarias\/wp-json\/wp\/v2\/users\/1"}],"replies":[{"embeddable":true,"href":"https:\/\/teletrabajoynegocios.com\/telesecretarias\/wp-json\/wp\/v2\/comments?post=4422"}],"version-history":[{"count":1,"href":"https:\/\/teletrabajoynegocios.com\/telesecretarias\/wp-json\/wp\/v2\/posts\/4422\/revisions"}],"predecessor-version":[{"id":4423,"href":"https:\/\/teletrabajoynegocios.com\/telesecretarias\/wp-json\/wp\/v2\/posts\/4422\/revisions\/4423"}],"wp:featuredmedia":[{"embeddable":true,"href":"https:\/\/teletrabajoynegocios.com\/telesecretarias\/wp-json\/wp\/v2\/media\/1164"}],"wp:attachment":[{"href":"https:\/\/teletrabajoynegocios.com\/telesecretarias\/wp-json\/wp\/v2\/media?parent=4422"}],"wp:term":[{"taxonomy":"category","embeddable":true,"href":"https:\/\/teletrabajoynegocios.com\/telesecretarias\/wp-json\/wp\/v2\/categories?post=4422"},{"taxonomy":"post_tag","embeddable":true,"href":"https:\/\/teletrabajoynegocios.com\/telesecretarias\/wp-json\/wp\/v2\/tags?post=4422"}],"curies":[{"name":"wp","href":"https:\/\/api.w.org\/{rel}","templated":true}]}}