{"id":4469,"date":"2021-06-22T11:11:24","date_gmt":"2021-06-22T09:11:24","guid":{"rendered":"https:\/\/teletrabajoynegocios.com\/telesecretarias\/?p=4469"},"modified":"2021-06-22T10:17:49","modified_gmt":"2021-06-22T08:17:49","slug":"como-gestionar-tu-agenda-para-aumentar-tus-horas-productivas","status":"publish","type":"post","link":"https:\/\/teletrabajoynegocios.com\/telesecretarias\/como-gestionar-tu-agenda-para-aumentar-tus-horas-productivas\/","title":{"rendered":"C\u00f3mo gestionar tu agenda para aumentar tus horas productivas"},"content":{"rendered":"<div id=\"telet-1017898864\" class=\"telet-antes-del-contenido telet-entity-placement\"><a href=\"https:\/\/quaderno.io\/?via=jose-manuel94\" aria-label=\"Quaderno General (Spanish) &#8211; 728&#215;90\"><img loading=\"lazy\" decoding=\"async\" src=\"https:\/\/teletrabajoynegocios.com\/telesecretarias\/wp-content\/uploads\/sites\/2\/2020\/11\/Quaderno-General-Spanish-728x90-1.png\" alt=\"\"  srcset=\"https:\/\/teletrabajoynegocios.com\/telesecretarias\/wp-content\/uploads\/sites\/2\/2020\/11\/Quaderno-General-Spanish-728x90-1.png 728w, https:\/\/teletrabajoynegocios.com\/telesecretarias\/wp-content\/uploads\/sites\/2\/2020\/11\/Quaderno-General-Spanish-728x90-1-300x37.png 300w\" sizes=\"(max-width: 728px) 100vw, 728px\" width=\"728\" height=\"90\"   \/><\/a><\/div><p>Una agenda laboral puede ser una herramienta muy \u00fatil para gestionar nuestro tiempo y aumentar nuestras horas productivas. Descubre c\u00f3mo convertir a tu agenda en un aliado y no una carga con estos simples consejos.<\/p>\n<p>Hace unos d\u00edas explic\u00e1bamos los&nbsp;<a title=\"beneficios que puede ofrecer una agenda laboral\" href=\"https:\/\/es.workmeter.com\/blog\/bid\/361039\/Beneficios-de-utilizar-una-agenda-laboral\" target=\"_blank\" rel=\"noreferrer noopener\">beneficios que puede ofrecer una agenda laboral<\/a>&nbsp;para&nbsp;<strong>aumentar el n\u00famero de horas productivas<\/strong>&nbsp;y reducir el estr\u00e9s. Con todo, de nada sirve tener una agenda si no sabes c\u00f3mo utilizarla. As\u00ed, hoy queremos explicarte c\u00f3mo optimizarla para que puedas sacarle todo su partido.<\/p>\n<h1>10 Consejos para gestionar tu agenda<\/h1>\n<p>&nbsp;<\/p>\n<h3 id=\"toc-item-1\">1. Realiza una planificaci\u00f3n de lo macro a lo micro&nbsp;&nbsp;<\/h3>\n<p>Es decir, la mejor estrategia para gestionar tu agenda es escribir primero aquellas actividades, reuniones, llamadas? m\u00e1s importantes para luego&nbsp;<strong>anotar en los espacios restantes todas aquellas actividades que vayan surgiendo<\/strong>. De esta manera ser\u00e1 casi imposible que te pases por alto lo que en verdad es m\u00e1s prioritario. Obviamente siempre surgir\u00e1n imprevistos, pero es mejor planificar de forma semanal para poder repartir aquellas actividades m\u00e1s urgentes y esenciales para tu trabajo a lo largo de tu jornada.<\/p>\n<hr>\n<p><img decoding=\"async\" src=\"https:\/\/teletrabajoynegocios.com\/teletrabajador\/wp-content\/uploads\/sites\/3\/2020\/07\/articulos.png\"><\/p>\n<div class=\"wp-rss-template-container\" data-wpra-template=\"default\" data-template-ctx=\"W10=\">\n    <div class=\"wp-rss-aggregator wpra-list-template  \" data-page=\"1\">\n    \n    \n<ul class=\"wpra-item-list rss-aggregator wpra-item-list--bullets wpra-item-list--default\"\n    start=\"1\">\n                        <li class=\"wpra-item feed-item \">\n            \n            \n\n    <a  href=\"https:\/\/distritoemprendedores.com\/blog\/2026\/03\/16\/hello-world\/\" target=\"_blank\" rel=\"nofollow\" class=\"\">Hello world!<\/a>\n\n\n\n\n\n\n<div class=\"wprss-feed-meta\">\n            <span class=\"feed-source\">\n            Source:\n\n                            Distrito Emprendedores\n                    <\/span>\n    \n            <span class=\"feed-date\">\n            Published on 2026-03-16\n        <\/span>\n    \n    <\/div>\n\n\n\n\n\n            \n        <\/li>\n                    <li class=\"wpra-item feed-item \">\n            \n            \n\n    <a  href=\"https:\/\/www.dropbox.com\/scl\/fi\/b6csvpbfxu24vaezmo3es\/62bed0634df20e5ef35346439fdd423f_franquicias.pdf?rlkey=mfp2795s4n89mw35l0yeu2vl5&amp;e=2&amp;st=57kabuy0&amp;dl=0#new_tab\" target=\"_blank\" rel=\"nofollow\" class=\"\">Las franquicias espa\u00f1olas duplican su presencia en mercados for\u00e1neos<\/a>\n\n\n\n\n\n\n<div class=\"wprss-feed-meta\">\n            <span class=\"feed-source\">\n            Source:\n\n                            Distrito Emprendedores\n                    <\/span>\n    \n            <span class=\"feed-date\">\n            Published on 2026-03-11\n        <\/span>\n    \n    <\/div>\n\n\n\n\n\n            \n        <\/li>\n                    <li class=\"wpra-item feed-item \">\n            \n            \n\n    <a  href=\"https:\/\/distritoemprendedores.es\/blog\/5-errores-fatales-al-internacionalizar-tu-franquicia\/\" target=\"_blank\" rel=\"nofollow\" class=\"\">5 errores fatales al internacionalizar tu franquicia<\/a>\n\n\n\n\n\n\n<div class=\"wprss-feed-meta\">\n            <span class=\"feed-source\">\n            Source:\n\n                            Distrito Emprendedores\n                    <\/span>\n    \n            <span class=\"feed-date\">\n            Published on 2026-03-10\n        <\/span>\n    \n    <\/div>\n\n\n\n\n\n            \n        <\/li>\n                    <li class=\"wpra-item feed-item \">\n            \n            \n\n    <a  href=\"https:\/\/distritoemprendedores.es\/blog\/un-nuevo-prime-time-para-las-marcas-afterwork-tardeo-y-futbol-se-consolidan-como-los-grandes-motores-del-consumo-experiencial\/\" target=\"_blank\" rel=\"nofollow\" class=\"\">Un nuevo prime time para las marcas: afterwork, tardeo y f\u00fatbol se consolidan como los grandes motores del consumo experiencial<\/a>\n\n\n\n\n\n\n<div class=\"wprss-feed-meta\">\n            <span class=\"feed-source\">\n            Source:\n\n                            Distrito Emprendedores\n                    <\/span>\n    \n            <span class=\"feed-date\">\n            Published on 2026-03-09\n        <\/span>\n    \n    <\/div>\n\n\n\n\n\n            \n        <\/li>\n                    <li class=\"wpra-item feed-item \">\n            \n            \n\n    <a  href=\"https:\/\/distritoemprendedores.es\/blog\/la-ventaja-competitiva-esta-en-entender-como-pregunta-el-consumidor\/\" target=\"_blank\" rel=\"nofollow\" class=\"\">La ventaja competitiva est\u00e1 en entender c\u00f3mo pregunta el consumidor<\/a>\n\n\n\n\n\n\n<div class=\"wprss-feed-meta\">\n            <span class=\"feed-source\">\n            Source:\n\n                            Distrito Emprendedores\n                    <\/span>\n    \n            <span class=\"feed-date\">\n            Published on 2026-03-08\n        <\/span>\n    \n    <\/div>\n\n\n\n\n\n            \n        <\/li>\n                    <li class=\"wpra-item feed-item \">\n            \n            \n\n    <a  href=\"https:\/\/distritoemprendedores.es\/blog\/solo-el-7-de-los-espanoles-cree-a-las-marcas-cuando-comunican-sus-valores-con-hechos-demostrables\/\" target=\"_blank\" rel=\"nofollow\" class=\"\">Solo el 7% de los espa\u00f1oles cree a las marcas cuando comunican sus valores con hechos demostrables<\/a>\n\n\n\n\n\n\n<div class=\"wprss-feed-meta\">\n            <span class=\"feed-source\">\n            Source:\n\n                            Distrito Emprendedores\n                    <\/span>\n    \n            <span class=\"feed-date\">\n            Published on 2026-03-07\n        <\/span>\n    \n    <\/div>\n\n\n\n\n\n            \n        <\/li>\n                    <li class=\"wpra-item feed-item \">\n            \n            \n\n    <a  href=\"https:\/\/distritoemprendedores.es\/blog\/el-38-de-las-empresas-creadas-en-2019-ha-echado-ya-el-cierre\/\" target=\"_blank\" rel=\"nofollow\" class=\"\">El 38% de las empresas creadas en 2019 ha echado ya el cierre<\/a>\n\n\n\n\n\n\n<div class=\"wprss-feed-meta\">\n            <span class=\"feed-source\">\n            Source:\n\n                            Distrito Emprendedores\n                    <\/span>\n    \n            <span class=\"feed-date\">\n            Published on 2026-03-06\n        <\/span>\n    \n    <\/div>\n\n\n\n\n\n            \n        <\/li>\n                    <li class=\"wpra-item feed-item \">\n            \n            \n\n    <a  href=\"https:\/\/distritoemprendedores.es\/blog\/descubre-las-oportunidades-y-tendencias-en-el-mercado-de-la-franquicia-para-2026\/\" target=\"_blank\" rel=\"nofollow\" class=\"\">Descubre las oportunidades y tendencias en el mercado de la franquicia para 2026<\/a>\n\n\n\n\n\n\n<div class=\"wprss-feed-meta\">\n            <span class=\"feed-source\">\n            Source:\n\n                            Distrito Emprendedores\n                    <\/span>\n    \n            <span class=\"feed-date\">\n            Published on 2026-03-05\n        <\/span>\n    \n    <\/div>\n\n\n\n\n\n            \n        <\/li>\n                    <li class=\"wpra-item feed-item \">\n            \n            \n\n    <a  href=\"https:\/\/distritoemprendedores.es\/blog\/las-startups-de-salud-mas-punteras-del-mundo\/\" target=\"_blank\" rel=\"nofollow\" class=\"\">Las startups de salud m\u00e1s punteras del mundo<\/a>\n\n\n\n\n\n\n<div class=\"wprss-feed-meta\">\n            <span class=\"feed-source\">\n            Source:\n\n                            Distrito Emprendedores\n                    <\/span>\n    \n            <span class=\"feed-date\">\n            Published on 2026-03-04\n        <\/span>\n    \n    <\/div>\n\n\n\n\n\n            \n        <\/li>\n                    <li class=\"wpra-item feed-item \">\n            \n            \n\n    <a  href=\"https:\/\/distritoemprendedores.es\/blog\/puesta-en-marcha-de-un-negocio-primeros-pasos-para-validar-vender-y-controlar-la-tesoreria\/\" target=\"_blank\" rel=\"nofollow\" class=\"\">Puesta en marcha de un negocio: primeros pasos para validar, vender y controlar la tesorer\u00eda<\/a>\n\n\n\n\n\n\n<div class=\"wprss-feed-meta\">\n            <span class=\"feed-source\">\n            Source:\n\n                            Distrito Emprendedores\n                    <\/span>\n    \n            <span class=\"feed-date\">\n            Published on 2026-03-03\n        <\/span>\n    \n    <\/div>\n\n\n\n\n\n            \n        <\/li>\n                    <li class=\"wpra-item feed-item \">\n            \n            \n\n    <a  href=\"https:\/\/distritoemprendedores.es\/blog\/6-franquicias-sin-apenas-competencia-en-el-mercado\/\" target=\"_blank\" rel=\"nofollow\" class=\"\">6 franquicias sin apenas competencia en el mercado<\/a>\n\n\n\n\n\n\n<div class=\"wprss-feed-meta\">\n            <span class=\"feed-source\">\n            Source:\n\n                            Distrito Emprendedores\n                    <\/span>\n    \n            <span class=\"feed-date\">\n            Published on 2026-03-02\n        <\/span>\n    \n    <\/div>\n\n\n\n\n\n            \n        <\/li>\n                    <li class=\"wpra-item feed-item \">\n            \n            \n\n    <a  href=\"https:\/\/digistorage.es\/links\/71d78951-a420-4f5b-8de6-7b35ae7efc1c#new_tab\" target=\"_blank\" rel=\"nofollow\" class=\"\">Los algoritmos amenazan con filtrar las confesiones realizadas al abogado<\/a>\n\n\n\n\n\n\n<div class=\"wprss-feed-meta\">\n            <span class=\"feed-source\">\n            Source:\n\n                            Distrito Emprendedores\n                    <\/span>\n    \n            <span class=\"feed-date\">\n            Published on 2026-03-01\n        <\/span>\n    \n    <\/div>\n\n\n\n\n\n            \n        <\/li>\n                    <li class=\"wpra-item feed-item \">\n            \n            \n\n    <a  href=\"https:\/\/distritoemprendedores.es\/blog\/las-startups-que-mas-innovan-en-el-mundo\/\" target=\"_blank\" rel=\"nofollow\" class=\"\">Las startups que m\u00e1s innovan en el mundo<\/a>\n\n\n\n\n\n\n<div class=\"wprss-feed-meta\">\n            <span class=\"feed-source\">\n            Source:\n\n                            Distrito Emprendedores\n                    <\/span>\n    \n            <span class=\"feed-date\">\n            Published on 2026-02-28\n        <\/span>\n    \n    <\/div>\n\n\n\n\n\n            \n        <\/li>\n                    <li class=\"wpra-item feed-item \">\n            \n            \n\n    <a  href=\"https:\/\/distritoemprendedores.es\/blog\/tiktok-genera-31-000-millones-de-euros-para-las-empresas-europeas-y-3-000-millones-en-espana\/\" target=\"_blank\" rel=\"nofollow\" class=\"\">TikTok genera 31.000 millones de euros para las empresas europeas y 3.000 millones en Espa\u00f1a<\/a>\n\n\n\n\n\n\n<div class=\"wprss-feed-meta\">\n            <span class=\"feed-source\">\n            Source:\n\n                            Distrito Emprendedores\n                    <\/span>\n    \n            <span class=\"feed-date\">\n            Published on 2026-02-27\n        <\/span>\n    \n    <\/div>\n\n\n\n\n\n            \n        <\/li>\n                    <li class=\"wpra-item feed-item \">\n            \n            \n\n    <a  href=\"https:\/\/distritoemprendedores.es\/blog\/amazon-planea-un-marketplace-para-hacer-de-puente-entre-los-publishers-y-las-empresas-de-ia\/\" target=\"_blank\" rel=\"nofollow\" class=\"\">Amazon planea un \u00abmarketplace\u00bb para hacer de puente entre los \u00abpublishers\u00bb y las empresas de IA<\/a>\n\n\n\n\n\n\n<div class=\"wprss-feed-meta\">\n            <span class=\"feed-source\">\n            Source:\n\n                            Distrito Emprendedores\n                    <\/span>\n    \n            <span class=\"feed-date\">\n            Published on 2026-02-26\n        <\/span>\n    \n    <\/div>\n\n\n\n\n\n            \n        <\/li>\n        <\/ul>\n\n        \n<\/div>\n\n<\/div>\n\n<hr>\n<h3 id=\"toc-item-2\">2. Anota inmediatamente cualquier cita, llamada o contacto<\/h3>\n<p>Disponer de tu propia agenda te puede ayudar a aumentar tus horas productivas, ya que el tenerlo todo por escrito&nbsp;<strong>te ayudar\u00e1 a recordarlo todo<\/strong>&nbsp;y a que sepas en qu\u00e9 actividad debes centrarte en cada momento. De forma r\u00e1pida y sencilla podr\u00e1s aumentar tu productividad al no perder tiempo en actividades de menor prioridad y as\u00ed podr\u00e1s disfrutar plenamente de tu tiempo libre.<\/p>\n<h3 id=\"toc-item-3\">3. Anota los resultados que quieres alcanzar<\/h3>\n<p>Te aconsejamos&nbsp;<strong>anotar los resultados que quieres obtener<\/strong>&nbsp;en cada actividad y no solo la actividad en s\u00ed. La raz\u00f3n es que si solamente escribes lo que tienes que hacer, lo dar\u00e1s por realizado independientemente de que hayas alcanzado el objetivo buscado o no. Sin embargo, si lo que escribes es el objetivo de dicha actividad no lo dar\u00e1s por realizado hasta que no consigas el resultado.<\/p>\n<h3 id=\"toc-item-4\">4. Ded\u00edcate por entero a la actividad que te corresponde<\/h3>\n<p><strong>Evita distracciones<\/strong>&nbsp;o realizar actividades de forma paralela a tu tarea principal. Una vez que has identificado cu\u00e1l es tu prioridad, debes dedicar todos tus esfuerzos a lograr alcanzar los objetivos que te has planteado.&nbsp; La multitarea puede repercutir negativamente en tus horas productivas.<\/p>\n<h3 id=\"toc-item-5\">5. Encadena tareas<\/h3>\n<p>Localiza aquellas labores que est\u00e1n relacionadas entre s\u00ed y real\u00edzalas una tras otra ya que eso&nbsp;<strong>supone menor esfuerzo<\/strong>&nbsp;que iniciar su elaboraci\u00f3n de forma separada. Es decir, toda tarea que realices tiene un coste de arranque que puedes evitar si las agrupas. Por ejemplo, el realizar llamadas de seguimiento a clientes, la realizaci\u00f3n de informes?son actividades que puedes realizar juntas.<\/p>\n<h3 id=\"toc-item-6\">6. Identifica las dificultades que pueden obstaculizar que cumplas tu planificaci\u00f3n<\/h3>\n<p>Saber de antemano cu\u00e1les son los&nbsp;<strong>posibles conflictos que pueden aparecer<\/strong>&nbsp;y la mejor manera para solucionarlos te ayudar\u00e1 a ser m\u00e1s productivo. Anticiparte a los problemas es la mejor manera para combatirlos.<\/p>\n<h3 id=\"toc-item-7\">7. Debes ser realista en la delimitaci\u00f3n de los tiempos y objetivos<\/h3>\n<p>Al organizar tu agenda est\u00e1s distribuyendo tu propio tiempo, por lo que&nbsp;<strong>tienes que saber cu\u00e1nto tiempo necesita cada actividad<\/strong>. Una t\u00e1ctica es la de fraccionar tus proyectos en tareas m\u00e1s peque\u00f1as y anotar su perspectivo tiempo. De esta forma podr\u00e1s observar tus avances, aumentar tus horas productivas y&nbsp;<strong>alejarte de la insatisfacci\u00f3n laboral<\/strong>. Intenta no posponer actividades. Debes estar abierto a cualquier tipo de urgencias que puedan surgir, pero tienes que alcanzar los objetivos que te hayas propuesto en los tiempos de cada actividad y no dejarlos para m\u00e1s adelante, ya que as\u00ed solo conseguir\u00e1s retrasar y acumular trabajo y estr\u00e9s.<\/p>\n<h3 id=\"toc-item-8\">8. Intenta no posponer actividades<\/h3>\n<p>Debes estar abierto a cualquier tipo de urgencias que puedan surgir, pero tienes que&nbsp;<strong>alcanzar los objetivos que te hayas propuesto<\/strong>&nbsp;en los tiempos de cada actividad y no dejarlos para m\u00e1s adelante, ya que as\u00ed solo conseguir\u00e1s retrasar y acumular trabajo y estr\u00e9s.<\/p>\n<h3 id=\"toc-item-9\">9. Puedes complementar tu agenda con recordatorios en tu m\u00f3vil o email<\/h3>\n<p>En la actualidad existen diferentes&nbsp;<strong>apps que funcionan como recordatorios<\/strong>&nbsp;donde puedas anotar no solo aquellos eventos m\u00e1s importantes sino informaci\u00f3n clave que no hayas escrito en tu agenda. Del mismo modo contar con una agenda de contactos electr\u00f3nica puede facilitarte acceder a los datos de contacto de cualquier persona que necesites.<\/p>\n<h3 id=\"toc-item-10\">10. Revisa continuamente tus proyectos y la gesti\u00f3n que has hecho de ellos<\/h3>\n<p>En ocasiones puede ocurrir que la gesti\u00f3n que has hecho de tu trabajo no sea la m\u00e1s productiva y\/o pueden surgir cualquier tipo e imprevistos, por lo que debes estar&nbsp;<strong>abierto a modificar tu gesti\u00f3n para mejorar tus horas productivas<\/strong>.<\/p>\n<p>Si pones en pr\u00e1ctica estos 10 consejos conseguir\u00e1s optimizar tu agenda para que te resulte eficiente en tu trabajo y te ayude a aumentar tus horas productivas.<\/p>\n<p><a href=\"https:\/\/www.workmeter.com\/blog\"><em>Blog Workmeter<\/em><\/a><\/p>\n<div id=\"telet-1533490829\" class=\"telet-despues-del-contenido telet-entity-placement\"><a target=\"_blank\" href=\"\/\/aff.lucushost.com\/resources\/click\/?n=gDxoXMAJ&aff=756\"><img decoding=\"async\" border=\"0\" alt=\"LucusHost, el mejor hosting\" src=\"\/\/aff.lucushost.com\/resources\/banners\/?zoneid=5123&n=gDxoXMAJ&aff=756\" \/><\/a><\/div>","protected":false},"excerpt":{"rendered":"<p>Una agenda laboral puede ser una herramienta muy \u00fatil para gestionar nuestro tiempo y aumentar nuestras horas productivas. Descubre c\u00f3mo convertir a tu agenda en un aliado y no una&hellip; <\/p>\n","protected":false},"author":1,"featured_media":2515,"comment_status":"open","ping_status":"open","sticky":false,"template":"","format":"standard","meta":{"_jetpack_memberships_contains_paid_content":false,"footnotes":"","_links_to":"","_links_to_target":""},"categories":[9],"tags":[15,14],"class_list":["post-4469","post","type-post","status-publish","format-standard","has-post-thumbnail","hentry","category-ofimatica","tag-fuprisa","tag-jose-manuel-fuentes-prieto"],"nelio_content":{"autoShareEndMode":"never","automationSources":{"useCustomSentences":false,"customSentences":[]},"efiAlt":"","efiUrl":"","followers":[1],"highlights":[],"isAutoShareEnabled":true,"networkImageIds":[],"permalinkQueryArgs":[],"series":[],"suggestedReferences":[]},"jetpack_featured_media_url":"https:\/\/teletrabajoynegocios.com\/telesecretarias\/wp-content\/uploads\/sites\/2\/2020\/11\/cibercafe.jpg","jetpack_sharing_enabled":true,"_links":{"self":[{"href":"https:\/\/teletrabajoynegocios.com\/telesecretarias\/wp-json\/wp\/v2\/posts\/4469","targetHints":{"allow":["GET"]}}],"collection":[{"href":"https:\/\/teletrabajoynegocios.com\/telesecretarias\/wp-json\/wp\/v2\/posts"}],"about":[{"href":"https:\/\/teletrabajoynegocios.com\/telesecretarias\/wp-json\/wp\/v2\/types\/post"}],"author":[{"embeddable":true,"href":"https:\/\/teletrabajoynegocios.com\/telesecretarias\/wp-json\/wp\/v2\/users\/1"}],"replies":[{"embeddable":true,"href":"https:\/\/teletrabajoynegocios.com\/telesecretarias\/wp-json\/wp\/v2\/comments?post=4469"}],"version-history":[{"count":2,"href":"https:\/\/teletrabajoynegocios.com\/telesecretarias\/wp-json\/wp\/v2\/posts\/4469\/revisions"}],"predecessor-version":[{"id":4473,"href":"https:\/\/teletrabajoynegocios.com\/telesecretarias\/wp-json\/wp\/v2\/posts\/4469\/revisions\/4473"}],"wp:featuredmedia":[{"embeddable":true,"href":"https:\/\/teletrabajoynegocios.com\/telesecretarias\/wp-json\/wp\/v2\/media\/2515"}],"wp:attachment":[{"href":"https:\/\/teletrabajoynegocios.com\/telesecretarias\/wp-json\/wp\/v2\/media?parent=4469"}],"wp:term":[{"taxonomy":"category","embeddable":true,"href":"https:\/\/teletrabajoynegocios.com\/telesecretarias\/wp-json\/wp\/v2\/categories?post=4469"},{"taxonomy":"post_tag","embeddable":true,"href":"https:\/\/teletrabajoynegocios.com\/telesecretarias\/wp-json\/wp\/v2\/tags?post=4469"}],"curies":[{"name":"wp","href":"https:\/\/api.w.org\/{rel}","templated":true}]}}