{"id":4483,"date":"2021-06-24T10:50:03","date_gmt":"2021-06-24T08:50:03","guid":{"rendered":"https:\/\/teletrabajoynegocios.com\/telesecretarias\/?p=4483"},"modified":"2021-06-23T08:58:02","modified_gmt":"2021-06-23T06:58:02","slug":"el-uso-y-abuso-del-email-como-gran-ladron-de-tiempo","status":"publish","type":"post","link":"https:\/\/teletrabajoynegocios.com\/telesecretarias\/el-uso-y-abuso-del-email-como-gran-ladron-de-tiempo\/","title":{"rendered":"El uso y abuso del email como gran ladr\u00f3n de tiempo"},"content":{"rendered":"<div id=\"telet-4077125622\" class=\"telet-antes-del-contenido telet-entity-placement\"><a href=\"https:\/\/quaderno.io\/?via=jose-manuel94\" aria-label=\"Quaderno General (Spanish) &#8211; 728&#215;90\"><img loading=\"lazy\" decoding=\"async\" src=\"https:\/\/teletrabajoynegocios.com\/telesecretarias\/wp-content\/uploads\/sites\/2\/2020\/11\/Quaderno-General-Spanish-728x90-1.png\" alt=\"\"  srcset=\"https:\/\/teletrabajoynegocios.com\/telesecretarias\/wp-content\/uploads\/sites\/2\/2020\/11\/Quaderno-General-Spanish-728x90-1.png 728w, https:\/\/teletrabajoynegocios.com\/telesecretarias\/wp-content\/uploads\/sites\/2\/2020\/11\/Quaderno-General-Spanish-728x90-1-300x37.png 300w\" sizes=\"(max-width: 728px) 100vw, 728px\" width=\"728\" height=\"90\"   \/><\/a><\/div><p>De entre todos los&nbsp;<strong><a title=\"ladrones de tiempo\" href=\"https:\/\/es.workmeter.com\/blog\/bid\/318023\/Gana-la-partida-a-los-ladrones-de-tiempo-con-una-herramienta-SaaS\" target=\"_blank\" rel=\"noreferrer noopener\">ladrones de tiempo<\/a><\/strong>, y como ya comentamos en uno de nuestros ebooks, el correo electr\u00f3nico es seguramente el que tiene un efecto m\u00e1s pernicioso para nuestra&nbsp;<b>productividad<\/b>. Adem\u00e1s de ser un ladr\u00f3n de tiempo muy efectivo, otra de sus caracter\u00edsticas es que es dif\u00edcil de detectar, ya que los minutos que se pierden gestionando el email se entienden como tiempo invertido y no como malgastado.<\/p>\n<p class=\"normal\">El&nbsp;<b>uso excesivo o abusivo del correo electr\u00f3nico<\/b>&nbsp;es una mala costumbre que debemos erradicar, para eso, antes de nada es necesario reconocer que existe el problema. Es complicado darse cuenta pero, sin duda, contar con un m\u00e9todo efectivo para tenerlo controlado y siempre dentro de nuestro objetivo de uso, puede ser de gran ayuda. La forma de hacerlo pasar\u00eda por:<\/p>\n<p class=\"normal\">&#8211; Encontrar una&nbsp;<b>herramienta que sea capaz de registrar todo el tiempo que pasamos a lo largo del d\u00eda utilizando el correo electr\u00f3nico<\/b>.<\/p>\n<p class=\"normal\">&#8211; Este registro debe hacerse de forma&nbsp;<b>autom\u00e1tica<\/b>&nbsp;y sin intervenci\u00f3n humana que desvirt\u00fae los datos, por eso, nosotros proponemos que la herramienta empleada sea&nbsp;<b>WorkMeter.<\/b><\/p>\n<p class=\"normal\">&#8211; Y, por \u00faltimo, para&nbsp;<b>vigilar el uso que hacemos del correo<\/b>, nada mejor que marcarse una meta con el&nbsp;<b>panel de objetivos<\/b>.<\/p>\n<h2 id=\"toc-item-1\">El panel de objetivos y el control en el uso del email<\/h2>\n<p class=\"normal\">El&nbsp;<b>principal problema del correo electr\u00f3nico<\/b>&nbsp;es su capacidad para hacernos&nbsp;<b>perder la concentraci\u00f3n<\/b>&nbsp;en la tarea que estamos realizando. Los resultados empeoran considerablemente cuando intervienen tambi\u00e9n&nbsp;<b>sistemas de mensajer\u00eda instant\u00e1nea,<\/b>&nbsp;como Skype, el chat interno de Gmail o el chat de alguna red social corporativa; que son extremadamente intrusivas y multiplican los&nbsp;<b>efectos negativos del email<\/b>:<\/p>\n<p class=\"normal\">&#8211; Aumentando los&nbsp;<b>niveles de estr\u00e9s y ansiedad en los trabajadores.<\/b><\/p>\n<p class=\"normal\">&#8211; Restando concentraci\u00f3n.<\/p>\n<p class=\"normal\">&#8211; Impactando de forma muy negativa en la&nbsp;<b>productividad laboral<\/b>, que merma en todos los sentidos.<\/p>\n<p class=\"normal\">Todos somos incapaces de concentrarnos en una tarea por un periodo largo sin mirar el email pero lo cierto es que, si somos conscientes de ello, podemos llegar a controlar este h\u00e1bito. Gracias al&nbsp;<b>panel de objetivos de WorkMeter<\/b>&nbsp;es posible fijar un objetivo para una persona o grupo de trabajo asociado a un m\u00e1ximo, un m\u00ednimo o para un umbral de datos.<\/p>\n<p class=\"normal\">Mediante este&nbsp;<b>panel de objetivos<\/b>&nbsp;se configuran los&nbsp;<b>indicadores<\/b>&nbsp;necesarios para destacar ciertas medidas y, en base a ellas, marcar objetivos con los valores deseados sobre cada indicador. Para ello:<\/p>\n<p class=\"normal\">&#8211; Primero se necesita conocer la actividad de una aplicaci\u00f3n concreta, como puede ser Outlook, Gmail o el gestor de correo que utilicemos habitualmente.<\/p>\n<p class=\"normal\">&#8211; Y despu\u00e9s se puede configurar para establecer que, por ejemplo, el uso del email sea siempre inferior a dos horas diarias.<\/p>\n<hr>\n<p><img decoding=\"async\" src=\"https:\/\/teletrabajoynegocios.com\/teletrabajador\/wp-content\/uploads\/sites\/3\/2020\/07\/articulos.png\"><\/p>\n<div class=\"wp-rss-template-container\" data-wpra-template=\"default\" data-template-ctx=\"W10=\">\n    <div class=\"wp-rss-aggregator wpra-list-template  \" data-page=\"1\">\n    \n    \n<ul class=\"wpra-item-list rss-aggregator wpra-item-list--bullets wpra-item-list--default\"\n    start=\"1\">\n                        <li class=\"wpra-item feed-item \">\n            \n            \n\n    <a  href=\"https:\/\/distritoemprendedores.com\/blog\/2026\/03\/16\/hello-world\/\" target=\"_blank\" rel=\"nofollow\" class=\"\">Hello world!<\/a>\n\n\n\n\n\n\n<div class=\"wprss-feed-meta\">\n            <span class=\"feed-source\">\n            Source:\n\n                            Distrito Emprendedores\n                    <\/span>\n    \n            <span class=\"feed-date\">\n            Published on 2026-03-16\n        <\/span>\n    \n    <\/div>\n\n\n\n\n\n            \n        <\/li>\n                    <li class=\"wpra-item feed-item \">\n            \n            \n\n    <a  href=\"https:\/\/www.dropbox.com\/scl\/fi\/b6csvpbfxu24vaezmo3es\/62bed0634df20e5ef35346439fdd423f_franquicias.pdf?rlkey=mfp2795s4n89mw35l0yeu2vl5&amp;e=2&amp;st=57kabuy0&amp;dl=0#new_tab\" target=\"_blank\" rel=\"nofollow\" class=\"\">Las franquicias espa\u00f1olas duplican su presencia en mercados for\u00e1neos<\/a>\n\n\n\n\n\n\n<div class=\"wprss-feed-meta\">\n            <span class=\"feed-source\">\n            Source:\n\n                            Distrito Emprendedores\n                    <\/span>\n    \n            <span class=\"feed-date\">\n            Published on 2026-03-11\n        <\/span>\n    \n    <\/div>\n\n\n\n\n\n            \n        <\/li>\n                    <li class=\"wpra-item feed-item \">\n            \n            \n\n    <a  href=\"https:\/\/distritoemprendedores.es\/blog\/5-errores-fatales-al-internacionalizar-tu-franquicia\/\" target=\"_blank\" rel=\"nofollow\" class=\"\">5 errores fatales al internacionalizar tu franquicia<\/a>\n\n\n\n\n\n\n<div class=\"wprss-feed-meta\">\n            <span class=\"feed-source\">\n            Source:\n\n                            Distrito Emprendedores\n                    <\/span>\n    \n            <span class=\"feed-date\">\n            Published on 2026-03-10\n        <\/span>\n    \n    <\/div>\n\n\n\n\n\n            \n        <\/li>\n                    <li class=\"wpra-item feed-item \">\n            \n            \n\n    <a  href=\"https:\/\/distritoemprendedores.es\/blog\/un-nuevo-prime-time-para-las-marcas-afterwork-tardeo-y-futbol-se-consolidan-como-los-grandes-motores-del-consumo-experiencial\/\" target=\"_blank\" rel=\"nofollow\" class=\"\">Un nuevo prime time para las marcas: afterwork, tardeo y f\u00fatbol se consolidan como los grandes motores del consumo experiencial<\/a>\n\n\n\n\n\n\n<div class=\"wprss-feed-meta\">\n            <span class=\"feed-source\">\n            Source:\n\n                            Distrito Emprendedores\n                    <\/span>\n    \n            <span class=\"feed-date\">\n            Published on 2026-03-09\n        <\/span>\n    \n    <\/div>\n\n\n\n\n\n            \n        <\/li>\n                    <li class=\"wpra-item feed-item \">\n            \n            \n\n    <a  href=\"https:\/\/distritoemprendedores.es\/blog\/la-ventaja-competitiva-esta-en-entender-como-pregunta-el-consumidor\/\" target=\"_blank\" rel=\"nofollow\" class=\"\">La ventaja competitiva est\u00e1 en entender c\u00f3mo pregunta el consumidor<\/a>\n\n\n\n\n\n\n<div class=\"wprss-feed-meta\">\n            <span class=\"feed-source\">\n            Source:\n\n                            Distrito Emprendedores\n                    <\/span>\n    \n            <span class=\"feed-date\">\n            Published on 2026-03-08\n        <\/span>\n    \n    <\/div>\n\n\n\n\n\n            \n        <\/li>\n                    <li class=\"wpra-item feed-item \">\n            \n            \n\n    <a  href=\"https:\/\/distritoemprendedores.es\/blog\/solo-el-7-de-los-espanoles-cree-a-las-marcas-cuando-comunican-sus-valores-con-hechos-demostrables\/\" target=\"_blank\" rel=\"nofollow\" class=\"\">Solo el 7% de los espa\u00f1oles cree a las marcas cuando comunican sus valores con hechos demostrables<\/a>\n\n\n\n\n\n\n<div class=\"wprss-feed-meta\">\n            <span class=\"feed-source\">\n            Source:\n\n                            Distrito Emprendedores\n                    <\/span>\n    \n            <span class=\"feed-date\">\n            Published on 2026-03-07\n        <\/span>\n    \n    <\/div>\n\n\n\n\n\n            \n        <\/li>\n                    <li class=\"wpra-item feed-item \">\n            \n            \n\n    <a  href=\"https:\/\/distritoemprendedores.es\/blog\/el-38-de-las-empresas-creadas-en-2019-ha-echado-ya-el-cierre\/\" target=\"_blank\" rel=\"nofollow\" class=\"\">El 38% de las empresas creadas en 2019 ha echado ya el cierre<\/a>\n\n\n\n\n\n\n<div class=\"wprss-feed-meta\">\n            <span class=\"feed-source\">\n            Source:\n\n                            Distrito Emprendedores\n                    <\/span>\n    \n            <span class=\"feed-date\">\n            Published on 2026-03-06\n        <\/span>\n    \n    <\/div>\n\n\n\n\n\n            \n        <\/li>\n                    <li class=\"wpra-item feed-item \">\n            \n            \n\n    <a  href=\"https:\/\/distritoemprendedores.es\/blog\/descubre-las-oportunidades-y-tendencias-en-el-mercado-de-la-franquicia-para-2026\/\" target=\"_blank\" rel=\"nofollow\" class=\"\">Descubre las oportunidades y tendencias en el mercado de la franquicia para 2026<\/a>\n\n\n\n\n\n\n<div class=\"wprss-feed-meta\">\n            <span class=\"feed-source\">\n            Source:\n\n                            Distrito Emprendedores\n                    <\/span>\n    \n            <span class=\"feed-date\">\n            Published on 2026-03-05\n        <\/span>\n    \n    <\/div>\n\n\n\n\n\n            \n        <\/li>\n                    <li class=\"wpra-item feed-item \">\n            \n            \n\n    <a  href=\"https:\/\/distritoemprendedores.es\/blog\/las-startups-de-salud-mas-punteras-del-mundo\/\" target=\"_blank\" rel=\"nofollow\" class=\"\">Las startups de salud m\u00e1s punteras del mundo<\/a>\n\n\n\n\n\n\n<div class=\"wprss-feed-meta\">\n            <span class=\"feed-source\">\n            Source:\n\n                            Distrito Emprendedores\n                    <\/span>\n    \n            <span class=\"feed-date\">\n            Published on 2026-03-04\n        <\/span>\n    \n    <\/div>\n\n\n\n\n\n            \n        <\/li>\n                    <li class=\"wpra-item feed-item \">\n            \n            \n\n    <a  href=\"https:\/\/distritoemprendedores.es\/blog\/puesta-en-marcha-de-un-negocio-primeros-pasos-para-validar-vender-y-controlar-la-tesoreria\/\" target=\"_blank\" rel=\"nofollow\" class=\"\">Puesta en marcha de un negocio: primeros pasos para validar, vender y controlar la tesorer\u00eda<\/a>\n\n\n\n\n\n\n<div class=\"wprss-feed-meta\">\n            <span class=\"feed-source\">\n            Source:\n\n                            Distrito Emprendedores\n                    <\/span>\n    \n            <span class=\"feed-date\">\n            Published on 2026-03-03\n        <\/span>\n    \n    <\/div>\n\n\n\n\n\n            \n        <\/li>\n                    <li class=\"wpra-item feed-item \">\n            \n            \n\n    <a  href=\"https:\/\/distritoemprendedores.es\/blog\/6-franquicias-sin-apenas-competencia-en-el-mercado\/\" target=\"_blank\" rel=\"nofollow\" class=\"\">6 franquicias sin apenas competencia en el mercado<\/a>\n\n\n\n\n\n\n<div class=\"wprss-feed-meta\">\n            <span class=\"feed-source\">\n            Source:\n\n                            Distrito Emprendedores\n                    <\/span>\n    \n            <span class=\"feed-date\">\n            Published on 2026-03-02\n        <\/span>\n    \n    <\/div>\n\n\n\n\n\n            \n        <\/li>\n                    <li class=\"wpra-item feed-item \">\n            \n            \n\n    <a  href=\"https:\/\/digistorage.es\/links\/71d78951-a420-4f5b-8de6-7b35ae7efc1c#new_tab\" target=\"_blank\" rel=\"nofollow\" class=\"\">Los algoritmos amenazan con filtrar las confesiones realizadas al abogado<\/a>\n\n\n\n\n\n\n<div class=\"wprss-feed-meta\">\n            <span class=\"feed-source\">\n            Source:\n\n                            Distrito Emprendedores\n                    <\/span>\n    \n            <span class=\"feed-date\">\n            Published on 2026-03-01\n        <\/span>\n    \n    <\/div>\n\n\n\n\n\n            \n        <\/li>\n                    <li class=\"wpra-item feed-item \">\n            \n            \n\n    <a  href=\"https:\/\/distritoemprendedores.es\/blog\/las-startups-que-mas-innovan-en-el-mundo\/\" target=\"_blank\" rel=\"nofollow\" class=\"\">Las startups que m\u00e1s innovan en el mundo<\/a>\n\n\n\n\n\n\n<div class=\"wprss-feed-meta\">\n            <span class=\"feed-source\">\n            Source:\n\n                            Distrito Emprendedores\n                    <\/span>\n    \n            <span class=\"feed-date\">\n            Published on 2026-02-28\n        <\/span>\n    \n    <\/div>\n\n\n\n\n\n            \n        <\/li>\n                    <li class=\"wpra-item feed-item \">\n            \n            \n\n    <a  href=\"https:\/\/distritoemprendedores.es\/blog\/tiktok-genera-31-000-millones-de-euros-para-las-empresas-europeas-y-3-000-millones-en-espana\/\" target=\"_blank\" rel=\"nofollow\" class=\"\">TikTok genera 31.000 millones de euros para las empresas europeas y 3.000 millones en Espa\u00f1a<\/a>\n\n\n\n\n\n\n<div class=\"wprss-feed-meta\">\n            <span class=\"feed-source\">\n            Source:\n\n                            Distrito Emprendedores\n                    <\/span>\n    \n            <span class=\"feed-date\">\n            Published on 2026-02-27\n        <\/span>\n    \n    <\/div>\n\n\n\n\n\n            \n        <\/li>\n                    <li class=\"wpra-item feed-item \">\n            \n            \n\n    <a  href=\"https:\/\/distritoemprendedores.es\/blog\/amazon-planea-un-marketplace-para-hacer-de-puente-entre-los-publishers-y-las-empresas-de-ia\/\" target=\"_blank\" rel=\"nofollow\" class=\"\">Amazon planea un \u00abmarketplace\u00bb para hacer de puente entre los \u00abpublishers\u00bb y las empresas de IA<\/a>\n\n\n\n\n\n\n<div class=\"wprss-feed-meta\">\n            <span class=\"feed-source\">\n            Source:\n\n                            Distrito Emprendedores\n                    <\/span>\n    \n            <span class=\"feed-date\">\n            Published on 2026-02-26\n        <\/span>\n    \n    <\/div>\n\n\n\n\n\n            \n        <\/li>\n        <\/ul>\n\n        \n<\/div>\n\n<\/div>\n\n<hr>\n<h2 id=\"toc-item-2\">Objetivos de uso de email y mejora continua<\/h2>\n<p class=\"normal\"><b>WorkMeter<\/b>&nbsp;es una herramienta enfocada a&nbsp;<b>ayudar a los empleados a mejorar su gesti\u00f3n del tiempo.<\/b>&nbsp;Mostrarles los objetivos esperados por la organizaci\u00f3n permite guiarles en el&nbsp;<b>proceso de mejora continua.<\/b><\/p>\n<p class=\"normal\">Complementar el trabajo de&nbsp;<b>WorkMeter<\/b>&nbsp;con s\u00f3lidas pol\u00edticas de comunicaci\u00f3n, que incluyan propuestas de mejora, puede incrementar la velocidad a la que se produce la evoluci\u00f3n. Ejemplo de ello puede encontrarse en este&nbsp;<a title=\"documento sobre buenas pr\u00e1cticas en el uso del email\" href=\"http:\/\/web.workmeter.com\/es2\/programas.html#email\" target=\"_blank\" rel=\"noreferrer noopener\">documento sobre buenas pr\u00e1cticas en el uso del email<\/a>.<\/p>\n<p class=\"normal\">La base de este progreso es contar con objetivos y m\u00e9tricas, ya que medir cada detalle es la \u00fanica manera de obtener la informaci\u00f3n precisa que permita averiguar d\u00f3nde es posible hacerlo un poco mejor, c\u00f3mo avanzar en la direcci\u00f3n correcta.<\/p>\n<p class=\"normal\"><b>WorkMeter<\/b>&nbsp;permite&nbsp;<b>establecer un objetivo de uso del correo electr\u00f3nico<\/b>&nbsp;espec\u00edfico, que va a aportar informaci\u00f3n sobre cu\u00e1nto tiempo gastan las personas o grupos de trabajo revisando el email. As\u00ed, el administrador o responsable de equipo:<\/p>\n<p class=\"normal\">&#8211; Cuenta con la posibilidad de crear objetivos diferentes adecuados para cada grupo que gestione.<\/p>\n<p class=\"normal\">&#8211; Puede tambi\u00e9n hacer visibles estos objetivos para los responsables y\/o para los empleados que componen cada grupo si as\u00ed lo desea.<\/p>\n<p class=\"normal\">&#8211; Tiene la opci\u00f3n de enviar informes a uno mismo o a los responsables\/empleados que prefiera ya que, de esta forma se asegura de que todas las personas conocen la informaci\u00f3n que les ata\u00f1e, aunque no entren a revisar sus datos y&nbsp;<b>objetivos de uso del email<\/b>.<\/p>\n<p class=\"normal\">Compartir las m\u00e9tricas con los trabajadores es imprescindible cuando se persigue la mejora continua. Cuando cada empleado puede ver sus datos se&nbsp;<b>fomenta un esp\u00edritu de superaci\u00f3n, se impulsa la auto-motivaci\u00f3n<\/b>&nbsp;y se avanza hacia un trabajo bien hecho.<\/p>\n<p class=\"normal\">Entre los aspectos positivos de utilizar el&nbsp;<b>panel de objetivos de WorkMeter<\/b>&nbsp;es que puede ser el propio empleado quien se fije objetivos a s\u00ed mismo. Esto le permitir\u00e1 llevar a cabo una autoevaluaci\u00f3n y<b>&nbsp;gestionar mejor su tiempo<\/b>, conociendo qu\u00e9 uso hace del email y c\u00f3mo, progresivamente, se acerca hacia la meta fijada, momento en que los datos reales coinciden con los deseados. De esta forma,&nbsp;<b>reducir el uso del correo electr\u00f3nico<\/b>&nbsp;es posible.<\/p>\n<p><a href=\"https:\/\/www.workmeter.com\/\"><em>Workmeter<\/em><\/a><\/p>\n<div id=\"telet-1891693165\" class=\"telet-despues-del-contenido telet-entity-placement\"><a target=\"_blank\" href=\"\/\/aff.lucushost.com\/resources\/click\/?n=gDxoXMAJ&aff=756\"><img decoding=\"async\" border=\"0\" alt=\"LucusHost, el mejor hosting\" src=\"\/\/aff.lucushost.com\/resources\/banners\/?zoneid=5123&n=gDxoXMAJ&aff=756\" \/><\/a><\/div>","protected":false},"excerpt":{"rendered":"<p>De entre todos los&nbsp;ladrones de tiempo, y como ya comentamos en uno de nuestros ebooks, el correo electr\u00f3nico es seguramente el que tiene un efecto m\u00e1s pernicioso para nuestra&nbsp;productividad. Adem\u00e1s&hellip; <\/p>\n","protected":false},"author":1,"featured_media":809,"comment_status":"open","ping_status":"open","sticky":false,"template":"","format":"standard","meta":{"_jetpack_memberships_contains_paid_content":false,"footnotes":"","_links_to":"","_links_to_target":""},"categories":[10],"tags":[15,14],"class_list":["post-4483","post","type-post","status-publish","format-standard","has-post-thumbnail","hentry","category-email","tag-fuprisa","tag-jose-manuel-fuentes-prieto"],"nelio_content":{"autoShareEndMode":"never","automationSources":{"useCustomSentences":false,"customSentences":[]},"efiAlt":"","efiUrl":"","followers":[1],"highlights":[],"isAutoShareEnabled":true,"networkImageIds":[],"permalinkQueryArgs":[],"series":[],"suggestedReferences":[]},"jetpack_featured_media_url":"https:\/\/teletrabajoynegocios.com\/telesecretarias\/wp-content\/uploads\/sites\/2\/2020\/03\/contratar-secretaria-virtual_166.jpg","jetpack_sharing_enabled":true,"_links":{"self":[{"href":"https:\/\/teletrabajoynegocios.com\/telesecretarias\/wp-json\/wp\/v2\/posts\/4483","targetHints":{"allow":["GET"]}}],"collection":[{"href":"https:\/\/teletrabajoynegocios.com\/telesecretarias\/wp-json\/wp\/v2\/posts"}],"about":[{"href":"https:\/\/teletrabajoynegocios.com\/telesecretarias\/wp-json\/wp\/v2\/types\/post"}],"author":[{"embeddable":true,"href":"https:\/\/teletrabajoynegocios.com\/telesecretarias\/wp-json\/wp\/v2\/users\/1"}],"replies":[{"embeddable":true,"href":"https:\/\/teletrabajoynegocios.com\/telesecretarias\/wp-json\/wp\/v2\/comments?post=4483"}],"version-history":[{"count":1,"href":"https:\/\/teletrabajoynegocios.com\/telesecretarias\/wp-json\/wp\/v2\/posts\/4483\/revisions"}],"predecessor-version":[{"id":4484,"href":"https:\/\/teletrabajoynegocios.com\/telesecretarias\/wp-json\/wp\/v2\/posts\/4483\/revisions\/4484"}],"wp:featuredmedia":[{"embeddable":true,"href":"https:\/\/teletrabajoynegocios.com\/telesecretarias\/wp-json\/wp\/v2\/media\/809"}],"wp:attachment":[{"href":"https:\/\/teletrabajoynegocios.com\/telesecretarias\/wp-json\/wp\/v2\/media?parent=4483"}],"wp:term":[{"taxonomy":"category","embeddable":true,"href":"https:\/\/teletrabajoynegocios.com\/telesecretarias\/wp-json\/wp\/v2\/categories?post=4483"},{"taxonomy":"post_tag","embeddable":true,"href":"https:\/\/teletrabajoynegocios.com\/telesecretarias\/wp-json\/wp\/v2\/tags?post=4483"}],"curies":[{"name":"wp","href":"https:\/\/api.w.org\/{rel}","templated":true}]}}