{"id":4488,"date":"2021-06-25T10:58:33","date_gmt":"2021-06-25T08:58:33","guid":{"rendered":"https:\/\/teletrabajoynegocios.com\/telesecretarias\/?p=4488"},"modified":"2021-06-23T09:08:14","modified_gmt":"2021-06-23T07:08:14","slug":"ansiedad-social-y-nuevas-tecnologias-odio-las-videollamadas","status":"publish","type":"post","link":"https:\/\/teletrabajoynegocios.com\/telesecretarias\/ansiedad-social-y-nuevas-tecnologias-odio-las-videollamadas\/","title":{"rendered":"Ansiedad social y nuevas tecnolog\u00edas: \u00a1Odio las videollamadas!"},"content":{"rendered":"<div id=\"telet-1444668000\" class=\"telet-antes-del-contenido telet-entity-placement\"><a href=\"https:\/\/quaderno.io\/?via=jose-manuel94\" aria-label=\"Quaderno General (Spanish) &#8211; 728&#215;90\"><img loading=\"lazy\" decoding=\"async\" src=\"https:\/\/teletrabajoynegocios.com\/telesecretarias\/wp-content\/uploads\/sites\/2\/2020\/11\/Quaderno-General-Spanish-728x90-1.png\" alt=\"\"  srcset=\"https:\/\/teletrabajoynegocios.com\/telesecretarias\/wp-content\/uploads\/sites\/2\/2020\/11\/Quaderno-General-Spanish-728x90-1.png 728w, https:\/\/teletrabajoynegocios.com\/telesecretarias\/wp-content\/uploads\/sites\/2\/2020\/11\/Quaderno-General-Spanish-728x90-1-300x37.png 300w\" sizes=\"(max-width: 728px) 100vw, 728px\" width=\"728\" height=\"90\"   \/><\/a><\/div><p>Con el aumento del teletrabajo muchas personas con fobia social est\u00e1n evidenciando una gran ansiedad a la hora de hablar por videollamada. Son situaciones muy invalidantes que les afecta de manera directa en su desempe\u00f1o profesional.<\/p>\n<p class=\"jsx-1710225312 c--grey-neutral-800\">Ansiedad social y nuevas tecnolog\u00edas tienen una relaci\u00f3n directa que estamos apreciando cada vez con mayor frecuencia.<strong>&nbsp;El uso continuado de las pantallas ha logrado que nuestra interacci\u00f3n cara a cara haya disminuido<\/strong>. Sin embargo, esto no quita que la angustia por exposici\u00f3n desaparezca por completo, porque ahora mismo estamos viendo otro fen\u00f3meno no menos destacable.<\/p>\n<p class=\"jsx-1710225312 c--grey-neutral-800\">As\u00ed, si bien es cierto que las ventajas de la era digital son m\u00faltiples, tambi\u00e9n est\u00e1n surgiendo llamativas desventajas; en especial, en la poblaci\u00f3n m\u00e1s joven. Algo que ya viene sucedi\u00e9ndose desde hace a\u00f1os es el miedo paralizante a tener que hablar por tel\u00e9fono. Pero con el aumento del teletrabajo,&nbsp;<strong>son muchos lo que sufren una elevada ansiedad a la hora de enfrentarse a una videollamada<\/strong>.<\/p>\n<p>El tener que verse cara a cara con alguien y mantener una conversaci\u00f3n \u2014aunque sea a trav\u00e9s de una pantalla\u2014 tambi\u00e9n se procesa de manera negativa. No son casos aislados, no es algo puntual, la ansiedad asociada a las nuevas tecnolog\u00edas existe y merece la pena hablar de ellas.<\/p>\n<p><em>Las personas con fobia social no pueden mantener conversaciones por tel\u00e9fono y a\u00fan menos por videollamadas.&nbsp;<\/em><\/p>\n<h2 id=\"ansiedad-social-y-nuevas-tecnologias-que-es-y-como-se-manifiesta\" class=\"jsx-3692753319 jsx-1864047297 c--main-600  mt--x-big pt--normal\">Ansiedad social y nuevas tecnolog\u00edas: qu\u00e9 es y c\u00f3mo se manifiesta<\/h2>\n<p class=\"jsx-1710225312 c--grey-neutral-800\">Hay un dato relevante que no podemos dejar a un lado.&nbsp;<a class=\"jsx-151512268 jsx-3387278544 default-a-link is--underline c--secondary-600  jsx-151512268 jsx-2576003096 is--underline c--secondary-600 is--underline is--underline\" href=\"https:\/\/journals.plos.org\/plosone\/article?id=10.1371\/journal.pone.0239133\" target=\"_blank\" rel=\"noopener noreferrer\" data-with-google-events=\"true\" data-google-events=\"{&quot;data&quot;:{&quot;action&quot;:&quot;click&quot;,&quot;category&quot;:&quot;Content&quot;,&quot;label&quot;:&quot;Related \/ansiedad-social-nuevas-tecnologias\/&quot;,&quot;value&quot;:&quot;https:\/\/journals.plos.org\/plosone\/article?id=10.1371\/journal.pone.0239133&quot;}}\">Estudios<\/a>&nbsp;como los realizados en la Universidad de Dalhousie (Canad\u00e1) nos se\u00f1alan que el problema de la ansiedad social ha aumentado de manera exponencial. Tanto es as\u00ed que<strong>&nbsp;la&nbsp;<a class=\"jsx-151512268 jsx-3387278544 default-a-link is--underline c--secondary-600 is--underline\" href=\"https:\/\/lamenteesmaravillosa.com\/fobia-social-miedo-juzgado\/\" target=\"_blank\" rel=\"noopener noreferrer\" data-with-google-events=\"true\" data-google-events=\"{&quot;data&quot;:{&quot;action&quot;:&quot;click&quot;,&quot;category&quot;:&quot;Content&quot;,&quot;label&quot;:&quot;Related \/ansiedad-social-nuevas-tecnologias\/&quot;,&quot;value&quot;:&quot;https:\/\/lamenteesmaravillosa.com\/fobia-social-miedo-juzgado\/&quot;}}\">fobia social<\/a>&nbsp;afecta en alg\u00fan momento a cerca del 36 % de la poblaci\u00f3n m\u00e1s joven,&nbsp;<\/strong>sobre todo entre los 16 a los 29 a\u00f1os.<\/p>\n<p class=\"jsx-1710225312 c--grey-neutral-800\">Ansiedad social y nuevas tecnolog\u00edas no son m\u00e1s que una manifestaci\u00f3n m\u00e1s de este problema.&nbsp;<strong>Estamos ante un trastorno que cursa con el temor persistente a ser juzgado y observado por otros.&nbsp;<\/strong>Es una forma de ansiedad en la que una persona evita ciertas situaciones sociales en las que puede verse expuesto.<\/p>\n<p class=\"jsx-1710225312 c--grey-neutral-800\">De este modo, es com\u00fan pensar que las personas con fobia social ven en las nuevas tecnolog\u00edas sus mejores aliadas. Sin embargo, esta idea no es cierta del todo. Tambi\u00e9n en este medio m\u00e1s privado, y en apariencia controlable, se experimentan problemas y experiencias de&nbsp;<a class=\"jsx-151512268 jsx-3387278544 default-a-link is--underline c--secondary-600 is--underline\" href=\"https:\/\/lamenteesmaravillosa.com\/sintomas-fisicos-ataques-panico\/\" target=\"_blank\" rel=\"noopener noreferrer\" data-with-google-events=\"true\" data-google-events=\"{&quot;data&quot;:{&quot;action&quot;:&quot;click&quot;,&quot;category&quot;:&quot;Content&quot;,&quot;label&quot;:&quot;Related \/ansiedad-social-nuevas-tecnologias\/&quot;,&quot;value&quot;:&quot;https:\/\/lamenteesmaravillosa.com\/sintomas-fisicos-ataques-panico\/&quot;}}\">p\u00e1nico<\/a>.<\/p>\n<h3 id=\"sintomas-asociados\" class=\"jsx-3692753319 jsx-1864047297 c--main-600  mt--x-big pt--normal\">S\u00edntomas asociados<\/h3>\n<p class=\"jsx-1710225312 c--grey-neutral-800\">Si bien es cierto que la tecnolog\u00eda permiten a las quien tiene fobia social evitar a las personas (y las emociones negativas que las acompa\u00f1an, como son la verg\u00fcenza o el miedo a sentirse juzgado) hay \u00e1reas que les suscitan una gran ansiedad.<\/p>\n<ul class=\"jsx-584856579 list-on-content mlr--x-big mtb--big c--grey-neutral-800 ff--serif lh--1-8 lst--disc\">\n<li><strong>Angustia ante la idea de recibir llamadas&nbsp;<a class=\"jsx-151512268 jsx-3387278544 default-a-link is--underline c--secondary-600 is--underline\" href=\"https:\/\/lamenteesmaravillosa.com\/de-donde-surge-el-miedo-a-hablar-por-telefono\/\" target=\"_blank\" rel=\"noopener noreferrer\" data-with-google-events=\"true\" data-google-events=\"{&quot;data&quot;:{&quot;action&quot;:&quot;click&quot;,&quot;category&quot;:&quot;Content&quot;,&quot;label&quot;:&quot;Related \/ansiedad-social-nuevas-tecnologias\/&quot;,&quot;value&quot;:&quot;https:\/\/lamenteesmaravillosa.com\/de-donde-surge-el-miedo-a-hablar-por-telefono\/&quot;}}\">telef\u00f3nicas<\/a><\/strong>. Es un miedo excesivo e irracional que les bloquea solo con escuchar el sonido\/vibraci\u00f3n del m\u00f3vil y el s\u00edmbolo de la llamada entrante.<\/li>\n<li><strong>Ansiedad a las videollamadas<\/strong>. Este fen\u00f3meno es muy diferente al conocido ya como \u201c<a class=\"jsx-151512268 jsx-3387278544 default-a-link is--underline c--secondary-600 is--underline\" href=\"https:\/\/lamenteesmaravillosa.com\/fatiga-zoom-ansiedad-espejo\/\" target=\"_blank\" rel=\"noopener noreferrer\" data-with-google-events=\"true\" data-google-events=\"{&quot;data&quot;:{&quot;action&quot;:&quot;click&quot;,&quot;category&quot;:&quot;Content&quot;,&quot;label&quot;:&quot;Related \/ansiedad-social-nuevas-tecnologias\/&quot;,&quot;value&quot;:&quot;https:\/\/lamenteesmaravillosa.com\/fatiga-zoom-ansiedad-espejo\/&quot;}}\">fatiga por zoom<\/a>\u201c, es decir, mientras en esta experiencia lo que se siente es la obligaci\u00f3n de mostrarnos atractivos, ingeniosos y entretenidos mientras estamos contenidos en un primer plano, la persona con fobia social, sencillamente, se siente incapaz de iniciar esa actividad.<\/li>\n<\/ul>\n<p class=\"jsx-1710225312 c--grey-neutral-800\">Experimentan sudoraci\u00f3n, mareos, temblores y una&nbsp;<a class=\"jsx-151512268 jsx-3387278544 default-a-link is--underline c--secondary-600 is--underline\" href=\"https:\/\/lamenteesmaravillosa.com\/como-disminuir-la-rumiacion-y-la-preocupacion-limitante\/\" target=\"_blank\" rel=\"noopener noreferrer\" data-with-google-events=\"true\" data-google-events=\"{&quot;data&quot;:{&quot;action&quot;:&quot;click&quot;,&quot;category&quot;:&quot;Content&quot;,&quot;label&quot;:&quot;Related \/ansiedad-social-nuevas-tecnologias\/&quot;,&quot;value&quot;:&quot;https:\/\/lamenteesmaravillosa.com\/como-disminuir-la-rumiacion-y-la-preocupacion-limitante\/&quot;}}\">rumiaci\u00f3n<\/a>&nbsp;continuada en los d\u00edas previos a esa cita por videollamada. Algo as\u00ed supone una gran limitaci\u00f3n en el plano laboral en vista de que el teletrabajo utiliza de manera habitual estos recursos.<\/p>\n<hr>\n<p><img decoding=\"async\" src=\"https:\/\/teletrabajoynegocios.com\/teletrabajador\/wp-content\/uploads\/sites\/3\/2020\/07\/articulos.png\"><\/p>\n<div class=\"wp-rss-template-container\" data-wpra-template=\"default\" data-template-ctx=\"W10=\">\n    <div class=\"wp-rss-aggregator wpra-list-template  \" data-page=\"1\">\n    \n    \n<ul class=\"wpra-item-list rss-aggregator wpra-item-list--bullets wpra-item-list--default\"\n    start=\"1\">\n                        <li class=\"wpra-item feed-item \">\n            \n            \n\n    <a  href=\"https:\/\/distritoemprendedores.com\/blog\/2026\/03\/16\/hello-world\/\" target=\"_blank\" rel=\"nofollow\" class=\"\">Hello world!<\/a>\n\n\n\n\n\n\n<div class=\"wprss-feed-meta\">\n            <span class=\"feed-source\">\n            Source:\n\n                            Distrito Emprendedores\n                    <\/span>\n    \n            <span class=\"feed-date\">\n            Published on 2026-03-16\n        <\/span>\n    \n    <\/div>\n\n\n\n\n\n            \n        <\/li>\n                    <li class=\"wpra-item feed-item \">\n            \n            \n\n    <a  href=\"https:\/\/www.dropbox.com\/scl\/fi\/b6csvpbfxu24vaezmo3es\/62bed0634df20e5ef35346439fdd423f_franquicias.pdf?rlkey=mfp2795s4n89mw35l0yeu2vl5&amp;e=2&amp;st=57kabuy0&amp;dl=0#new_tab\" target=\"_blank\" rel=\"nofollow\" class=\"\">Las franquicias espa\u00f1olas duplican su presencia en mercados for\u00e1neos<\/a>\n\n\n\n\n\n\n<div class=\"wprss-feed-meta\">\n            <span class=\"feed-source\">\n            Source:\n\n                            Distrito Emprendedores\n                    <\/span>\n    \n            <span class=\"feed-date\">\n            Published on 2026-03-11\n        <\/span>\n    \n    <\/div>\n\n\n\n\n\n            \n        <\/li>\n                    <li class=\"wpra-item feed-item \">\n            \n            \n\n    <a  href=\"https:\/\/distritoemprendedores.es\/blog\/5-errores-fatales-al-internacionalizar-tu-franquicia\/\" target=\"_blank\" rel=\"nofollow\" class=\"\">5 errores fatales al internacionalizar tu franquicia<\/a>\n\n\n\n\n\n\n<div class=\"wprss-feed-meta\">\n            <span class=\"feed-source\">\n            Source:\n\n                            Distrito Emprendedores\n                    <\/span>\n    \n            <span class=\"feed-date\">\n            Published on 2026-03-10\n        <\/span>\n    \n    <\/div>\n\n\n\n\n\n            \n        <\/li>\n                    <li class=\"wpra-item feed-item \">\n            \n            \n\n    <a  href=\"https:\/\/distritoemprendedores.es\/blog\/un-nuevo-prime-time-para-las-marcas-afterwork-tardeo-y-futbol-se-consolidan-como-los-grandes-motores-del-consumo-experiencial\/\" target=\"_blank\" rel=\"nofollow\" class=\"\">Un nuevo prime time para las marcas: afterwork, tardeo y f\u00fatbol se consolidan como los grandes motores del consumo experiencial<\/a>\n\n\n\n\n\n\n<div class=\"wprss-feed-meta\">\n            <span class=\"feed-source\">\n            Source:\n\n                            Distrito Emprendedores\n                    <\/span>\n    \n            <span class=\"feed-date\">\n            Published on 2026-03-09\n        <\/span>\n    \n    <\/div>\n\n\n\n\n\n            \n        <\/li>\n                    <li class=\"wpra-item feed-item \">\n            \n            \n\n    <a  href=\"https:\/\/distritoemprendedores.es\/blog\/la-ventaja-competitiva-esta-en-entender-como-pregunta-el-consumidor\/\" target=\"_blank\" rel=\"nofollow\" class=\"\">La ventaja competitiva est\u00e1 en entender c\u00f3mo pregunta el consumidor<\/a>\n\n\n\n\n\n\n<div class=\"wprss-feed-meta\">\n            <span class=\"feed-source\">\n            Source:\n\n                            Distrito Emprendedores\n                    <\/span>\n    \n            <span class=\"feed-date\">\n            Published on 2026-03-08\n        <\/span>\n    \n    <\/div>\n\n\n\n\n\n            \n        <\/li>\n                    <li class=\"wpra-item feed-item \">\n            \n            \n\n    <a  href=\"https:\/\/distritoemprendedores.es\/blog\/solo-el-7-de-los-espanoles-cree-a-las-marcas-cuando-comunican-sus-valores-con-hechos-demostrables\/\" target=\"_blank\" rel=\"nofollow\" class=\"\">Solo el 7% de los espa\u00f1oles cree a las marcas cuando comunican sus valores con hechos demostrables<\/a>\n\n\n\n\n\n\n<div class=\"wprss-feed-meta\">\n            <span class=\"feed-source\">\n            Source:\n\n                            Distrito Emprendedores\n                    <\/span>\n    \n            <span class=\"feed-date\">\n            Published on 2026-03-07\n        <\/span>\n    \n    <\/div>\n\n\n\n\n\n            \n        <\/li>\n                    <li class=\"wpra-item feed-item \">\n            \n            \n\n    <a  href=\"https:\/\/distritoemprendedores.es\/blog\/el-38-de-las-empresas-creadas-en-2019-ha-echado-ya-el-cierre\/\" target=\"_blank\" rel=\"nofollow\" class=\"\">El 38% de las empresas creadas en 2019 ha echado ya el cierre<\/a>\n\n\n\n\n\n\n<div class=\"wprss-feed-meta\">\n            <span class=\"feed-source\">\n            Source:\n\n                            Distrito Emprendedores\n                    <\/span>\n    \n            <span class=\"feed-date\">\n            Published on 2026-03-06\n        <\/span>\n    \n    <\/div>\n\n\n\n\n\n            \n        <\/li>\n                    <li class=\"wpra-item feed-item \">\n            \n            \n\n    <a  href=\"https:\/\/distritoemprendedores.es\/blog\/descubre-las-oportunidades-y-tendencias-en-el-mercado-de-la-franquicia-para-2026\/\" target=\"_blank\" rel=\"nofollow\" class=\"\">Descubre las oportunidades y tendencias en el mercado de la franquicia para 2026<\/a>\n\n\n\n\n\n\n<div class=\"wprss-feed-meta\">\n            <span class=\"feed-source\">\n            Source:\n\n                            Distrito Emprendedores\n                    <\/span>\n    \n            <span class=\"feed-date\">\n            Published on 2026-03-05\n        <\/span>\n    \n    <\/div>\n\n\n\n\n\n            \n        <\/li>\n                    <li class=\"wpra-item feed-item \">\n            \n            \n\n    <a  href=\"https:\/\/distritoemprendedores.es\/blog\/las-startups-de-salud-mas-punteras-del-mundo\/\" target=\"_blank\" rel=\"nofollow\" class=\"\">Las startups de salud m\u00e1s punteras del mundo<\/a>\n\n\n\n\n\n\n<div class=\"wprss-feed-meta\">\n            <span class=\"feed-source\">\n            Source:\n\n                            Distrito Emprendedores\n                    <\/span>\n    \n            <span class=\"feed-date\">\n            Published on 2026-03-04\n        <\/span>\n    \n    <\/div>\n\n\n\n\n\n            \n        <\/li>\n                    <li class=\"wpra-item feed-item \">\n            \n            \n\n    <a  href=\"https:\/\/distritoemprendedores.es\/blog\/puesta-en-marcha-de-un-negocio-primeros-pasos-para-validar-vender-y-controlar-la-tesoreria\/\" target=\"_blank\" rel=\"nofollow\" class=\"\">Puesta en marcha de un negocio: primeros pasos para validar, vender y controlar la tesorer\u00eda<\/a>\n\n\n\n\n\n\n<div class=\"wprss-feed-meta\">\n            <span class=\"feed-source\">\n            Source:\n\n                            Distrito Emprendedores\n                    <\/span>\n    \n            <span class=\"feed-date\">\n            Published on 2026-03-03\n        <\/span>\n    \n    <\/div>\n\n\n\n\n\n            \n        <\/li>\n                    <li class=\"wpra-item feed-item \">\n            \n            \n\n    <a  href=\"https:\/\/distritoemprendedores.es\/blog\/6-franquicias-sin-apenas-competencia-en-el-mercado\/\" target=\"_blank\" rel=\"nofollow\" class=\"\">6 franquicias sin apenas competencia en el mercado<\/a>\n\n\n\n\n\n\n<div class=\"wprss-feed-meta\">\n            <span class=\"feed-source\">\n            Source:\n\n                            Distrito Emprendedores\n                    <\/span>\n    \n            <span class=\"feed-date\">\n            Published on 2026-03-02\n        <\/span>\n    \n    <\/div>\n\n\n\n\n\n            \n        <\/li>\n                    <li class=\"wpra-item feed-item \">\n            \n            \n\n    <a  href=\"https:\/\/digistorage.es\/links\/71d78951-a420-4f5b-8de6-7b35ae7efc1c#new_tab\" target=\"_blank\" rel=\"nofollow\" class=\"\">Los algoritmos amenazan con filtrar las confesiones realizadas al abogado<\/a>\n\n\n\n\n\n\n<div class=\"wprss-feed-meta\">\n            <span class=\"feed-source\">\n            Source:\n\n                            Distrito Emprendedores\n                    <\/span>\n    \n            <span class=\"feed-date\">\n            Published on 2026-03-01\n        <\/span>\n    \n    <\/div>\n\n\n\n\n\n            \n        <\/li>\n                    <li class=\"wpra-item feed-item \">\n            \n            \n\n    <a  href=\"https:\/\/distritoemprendedores.es\/blog\/las-startups-que-mas-innovan-en-el-mundo\/\" target=\"_blank\" rel=\"nofollow\" class=\"\">Las startups que m\u00e1s innovan en el mundo<\/a>\n\n\n\n\n\n\n<div class=\"wprss-feed-meta\">\n            <span class=\"feed-source\">\n            Source:\n\n                            Distrito Emprendedores\n                    <\/span>\n    \n            <span class=\"feed-date\">\n            Published on 2026-02-28\n        <\/span>\n    \n    <\/div>\n\n\n\n\n\n            \n        <\/li>\n                    <li class=\"wpra-item feed-item \">\n            \n            \n\n    <a  href=\"https:\/\/distritoemprendedores.es\/blog\/tiktok-genera-31-000-millones-de-euros-para-las-empresas-europeas-y-3-000-millones-en-espana\/\" target=\"_blank\" rel=\"nofollow\" class=\"\">TikTok genera 31.000 millones de euros para las empresas europeas y 3.000 millones en Espa\u00f1a<\/a>\n\n\n\n\n\n\n<div class=\"wprss-feed-meta\">\n            <span class=\"feed-source\">\n            Source:\n\n                            Distrito Emprendedores\n                    <\/span>\n    \n            <span class=\"feed-date\">\n            Published on 2026-02-27\n        <\/span>\n    \n    <\/div>\n\n\n\n\n\n            \n        <\/li>\n                    <li class=\"wpra-item feed-item \">\n            \n            \n\n    <a  href=\"https:\/\/distritoemprendedores.es\/blog\/amazon-planea-un-marketplace-para-hacer-de-puente-entre-los-publishers-y-las-empresas-de-ia\/\" target=\"_blank\" rel=\"nofollow\" class=\"\">Amazon planea un \u00abmarketplace\u00bb para hacer de puente entre los \u00abpublishers\u00bb y las empresas de IA<\/a>\n\n\n\n\n\n\n<div class=\"wprss-feed-meta\">\n            <span class=\"feed-source\">\n            Source:\n\n                            Distrito Emprendedores\n                    <\/span>\n    \n            <span class=\"feed-date\">\n            Published on 2026-02-26\n        <\/span>\n    \n    <\/div>\n\n\n\n\n\n            \n        <\/li>\n        <\/ul>\n\n        \n<\/div>\n\n<\/div>\n\n<hr>\n<h3 id=\"ansiedad-social-y-nuevas-tecnologias-el-miedo-a-la-devaluacion-publica\" class=\"jsx-3692753319 jsx-1864047297 c--main-600  mt--x-big pt--normal\">Ansiedad social y nuevas tecnolog\u00edas: el miedo a la devaluaci\u00f3n p\u00fablica<\/h3>\n<p class=\"jsx-1710225312 c--grey-neutral-800\">Ansiedad social y nuevas tecnolog\u00edas se manifiestan de otra manera muy particular.&nbsp;<strong>Buena parte de estas personas se esfuerzan en proyectar una imagen en redes sociales que difiere en mucho de lo que son en realidad.<\/strong>&nbsp;Esto es un recurso del que se valen las personas con fobia social para reforzar su identidad y autoestima.<\/p>\n<p class=\"jsx-1710225312 c--grey-neutral-800\">Internet es ese escenario que puede servir de escudo para quienes temen enfrentarse al mundo real. Crear una imagen y recibir&nbsp;<em>likes<\/em>&nbsp;es un modo de encontrar refuerzos positivos en el d\u00eda a d\u00eda. Sin embargo, tambi\u00e9n en este contexto pueden experimentar angustia, bloqueos, ansiedad y verg\u00fcenza:<\/p>\n<ul class=\"jsx-584856579 list-on-content mlr--x-big mtb--big c--grey-neutral-800 ff--serif lh--1-8 lst--disc\">\n<li><strong>Temen ser devaluados o criticados<\/strong>. Un simple comentario negativo en redes sociales puede ser motivo de preocupaci\u00f3n para todo el d\u00eda.<\/li>\n<li>Asimismo, se da otro hecho: las personas con fobia social suelen vivir muy conectados a las redes sociales y esto les desconecta mucho m\u00e1s de s\u00ed mismos y les a\u00edsla del entorno. De manera, que<strong>&nbsp;las tecnolog\u00edas act\u00faan a su vez como reforzadores del propio trastorno de ansiedad social.<\/strong><\/li>\n<\/ul>\n<h2 id=\"como-tratar-este-tipo-de-situaciones\" class=\"jsx-3692753319 jsx-1864047297 c--main-600  mt--x-big pt--normal\">\u00bfC\u00f3mo tratar este tipo de situaciones?<\/h2>\n<p class=\"jsx-1710225312 c--grey-neutral-800\">Ansiedad social y nuevas tecnolog\u00edas van de la mano y afecta cada vez a m\u00e1s personas, en especial a las m\u00e1s j\u00f3venes. No solo les limita laboralmente al no poder hablar por tel\u00e9fono o realizar una videollamada, adem\u00e1s como bien hemos se\u00f1alado este universo digital puede reforzar a\u00fan m\u00e1s el aislamiento.<\/p>\n<p class=\"jsx-1710225312 c--grey-neutral-800\">\u00bfQu\u00e9 puede hacerse en estas circunstancias? Lo cierto es que la fobia social requiere de varias estrategias. No obstante, trabajos de&nbsp;<a class=\"jsx-151512268 jsx-3387278544 default-a-link is--underline c--secondary-600 is--underline\" href=\"https:\/\/trialsjournal.biomedcentral.com\/articles\/10.1186\/s13063-019-3905-3\" target=\"_blank\" rel=\"noopener noreferrer\" data-with-google-events=\"true\" data-google-events=\"{&quot;data&quot;:{&quot;action&quot;:&quot;click&quot;,&quot;category&quot;:&quot;Content&quot;,&quot;label&quot;:&quot;Related \/ansiedad-social-nuevas-tecnologias\/&quot;,&quot;value&quot;:&quot;https:\/\/trialsjournal.biomedcentral.com\/articles\/10.1186\/s13063-019-3905-3&quot;}}\">investigaci\u00f3n,<\/a>&nbsp;como los realizados en la &nbsp;Universidad Goethe de Frankfurt (Alemania),<strong>&nbsp;destacan la utilidad de la terapia cognitiva.<\/strong>&nbsp;As\u00ed, las l\u00edneas de acci\u00f3n suelen ser por t\u00e9rmino medio las siguientes:<\/p>\n<ul class=\"jsx-584856579 list-on-content mlr--x-big mtb--big c--grey-neutral-800 ff--serif lh--1-8 lst--disc\">\n<li>Disminuir la ansiedad de exposici\u00f3n a esas situaciones f\u00f3bicas.<\/li>\n<li>Eliminar las conductas de&nbsp;<a class=\"jsx-151512268 jsx-3387278544 default-a-link is--underline c--secondary-600 is--underline\" href=\"https:\/\/lamenteesmaravillosa.com\/la-evitacion-el-mecanismo-de-defensa-mas-comun\/\" target=\"_blank\" rel=\"noopener noreferrer\" data-with-google-events=\"true\" data-google-events=\"{&quot;data&quot;:{&quot;action&quot;:&quot;click&quot;,&quot;category&quot;:&quot;Content&quot;,&quot;label&quot;:&quot;Related \/ansiedad-social-nuevas-tecnologias\/&quot;,&quot;value&quot;:&quot;https:\/\/lamenteesmaravillosa.com\/la-evitacion-el-mecanismo-de-defensa-mas-comun\/&quot;}}\">evitaci\u00f3n<\/a>.<\/li>\n<li>Facilitar estrategias de relajaci\u00f3n.<\/li>\n<li><strong><a class=\"jsx-151512268 jsx-3387278544 default-a-link is--underline c--secondary-600 is--underline\" href=\"https:\/\/lamenteesmaravillosa.com\/que-es-la-reestructuracion-cognitiva\/\" target=\"_blank\" rel=\"noopener noreferrer\" data-with-google-events=\"true\" data-google-events=\"{&quot;data&quot;:{&quot;action&quot;:&quot;click&quot;,&quot;category&quot;:&quot;Content&quot;,&quot;label&quot;:&quot;Related \/ansiedad-social-nuevas-tecnologias\/&quot;,&quot;value&quot;:&quot;https:\/\/lamenteesmaravillosa.com\/que-es-la-reestructuracion-cognitiva\/&quot;}}\">Reestructuraci\u00f3n cognitiva<\/a>&nbsp;<\/strong>(cambiar los patrones de pensamiento distorsionados que conducen al sufrimiento emocional, el bloqueo y la frustraci\u00f3n).<\/li>\n<li>Mejorar el funcionamiento psicosocial de la persona.<\/li>\n<li>Mejorar la calidad de vida.<\/li>\n<\/ul>\n<p class=\"jsx-1710225312 c--grey-neutral-800\">Para concluir, es necesario que la persona que se vea ahora mismo en esta situaci\u00f3n y sea consciente de c\u00f3mo se limita su calidad de vida, sea capaz de dar el paso para solicitar ayuda experta.<\/p>\n<p><a class=\"jsx-151512268 jsx-143194717 default-a-link is--underline c--grey-neutral-800  link-tool-tip jsx-2288154920 jsx-986712099 is--underline\" href=\"https:\/\/lamenteesmaravillosa.com\/autor\/valeria-sabater\/\" target=\"_self\" rel=\"noopener\"><strong>Valeria Sabater<\/strong><\/a><\/p>\n<div id=\"telet-1899395530\" class=\"telet-despues-del-contenido telet-entity-placement\"><a target=\"_blank\" href=\"\/\/aff.lucushost.com\/resources\/click\/?n=gDxoXMAJ&aff=756\"><img decoding=\"async\" border=\"0\" alt=\"LucusHost, el mejor hosting\" src=\"\/\/aff.lucushost.com\/resources\/banners\/?zoneid=5123&n=gDxoXMAJ&aff=756\" \/><\/a><\/div>","protected":false},"excerpt":{"rendered":"<p>Con el aumento del teletrabajo muchas personas con fobia social est\u00e1n evidenciando una gran ansiedad a la hora de hablar por videollamada. Son situaciones muy invalidantes que les afecta de&hellip; <\/p>\n","protected":false},"author":1,"featured_media":4489,"comment_status":"open","ping_status":"open","sticky":false,"template":"","format":"standard","meta":{"_jetpack_memberships_contains_paid_content":false,"footnotes":"","_links_to":"","_links_to_target":""},"categories":[8],"tags":[15,14],"class_list":["post-4488","post","type-post","status-publish","format-standard","has-post-thumbnail","hentry","category-vida-social","tag-fuprisa","tag-jose-manuel-fuentes-prieto"],"nelio_content":{"autoShareEndMode":"never","automationSources":{"useCustomSentences":false,"customSentences":[]},"efiAlt":"","efiUrl":"","followers":[1],"highlights":[],"isAutoShareEnabled":true,"networkImageIds":[],"permalinkQueryArgs":[],"series":[],"suggestedReferences":[]},"jetpack_featured_media_url":"https:\/\/teletrabajoynegocios.com\/telesecretarias\/wp-content\/uploads\/sites\/2\/2021\/06\/mujer-fatigada-videollamada.jpg","jetpack_sharing_enabled":true,"_links":{"self":[{"href":"https:\/\/teletrabajoynegocios.com\/telesecretarias\/wp-json\/wp\/v2\/posts\/4488","targetHints":{"allow":["GET"]}}],"collection":[{"href":"https:\/\/teletrabajoynegocios.com\/telesecretarias\/wp-json\/wp\/v2\/posts"}],"about":[{"href":"https:\/\/teletrabajoynegocios.com\/telesecretarias\/wp-json\/wp\/v2\/types\/post"}],"author":[{"embeddable":true,"href":"https:\/\/teletrabajoynegocios.com\/telesecretarias\/wp-json\/wp\/v2\/users\/1"}],"replies":[{"embeddable":true,"href":"https:\/\/teletrabajoynegocios.com\/telesecretarias\/wp-json\/wp\/v2\/comments?post=4488"}],"version-history":[{"count":1,"href":"https:\/\/teletrabajoynegocios.com\/telesecretarias\/wp-json\/wp\/v2\/posts\/4488\/revisions"}],"predecessor-version":[{"id":4490,"href":"https:\/\/teletrabajoynegocios.com\/telesecretarias\/wp-json\/wp\/v2\/posts\/4488\/revisions\/4490"}],"wp:featuredmedia":[{"embeddable":true,"href":"https:\/\/teletrabajoynegocios.com\/telesecretarias\/wp-json\/wp\/v2\/media\/4489"}],"wp:attachment":[{"href":"https:\/\/teletrabajoynegocios.com\/telesecretarias\/wp-json\/wp\/v2\/media?parent=4488"}],"wp:term":[{"taxonomy":"category","embeddable":true,"href":"https:\/\/teletrabajoynegocios.com\/telesecretarias\/wp-json\/wp\/v2\/categories?post=4488"},{"taxonomy":"post_tag","embeddable":true,"href":"https:\/\/teletrabajoynegocios.com\/telesecretarias\/wp-json\/wp\/v2\/tags?post=4488"}],"curies":[{"name":"wp","href":"https:\/\/api.w.org\/{rel}","templated":true}]}}