{"id":4672,"date":"2021-07-20T11:28:36","date_gmt":"2021-07-20T09:28:36","guid":{"rendered":"https:\/\/teletrabajoynegocios.com\/telesecretarias\/?p=4672"},"modified":"2021-07-12T13:32:17","modified_gmt":"2021-07-12T11:32:17","slug":"10-claves-para-potenciar-los-beneficios-de-las-redes-sociales-de-forma-responsable","status":"publish","type":"post","link":"https:\/\/teletrabajoynegocios.com\/telesecretarias\/10-claves-para-potenciar-los-beneficios-de-las-redes-sociales-de-forma-responsable\/","title":{"rendered":"10 claves para potenciar los beneficios de las redes sociales de forma responsable"},"content":{"rendered":"<div id=\"telet-2124812258\" class=\"telet-antes-del-contenido telet-entity-placement\"><a href=\"https:\/\/quaderno.io\/?via=jose-manuel94\" aria-label=\"Quaderno General (Spanish) &#8211; 728&#215;90\"><img loading=\"lazy\" decoding=\"async\" src=\"https:\/\/teletrabajoynegocios.com\/telesecretarias\/wp-content\/uploads\/sites\/2\/2020\/11\/Quaderno-General-Spanish-728x90-1.png\" alt=\"\"  srcset=\"https:\/\/teletrabajoynegocios.com\/telesecretarias\/wp-content\/uploads\/sites\/2\/2020\/11\/Quaderno-General-Spanish-728x90-1.png 728w, https:\/\/teletrabajoynegocios.com\/telesecretarias\/wp-content\/uploads\/sites\/2\/2020\/11\/Quaderno-General-Spanish-728x90-1-300x37.png 300w\" sizes=\"(max-width: 728px) 100vw, 728px\" width=\"728\" height=\"90\"   \/><\/a><\/div><p>Con cada red social que se instala en las rutinas de los usuarios&nbsp;<strong>cambian un poco m\u00e1s la manera de consumir publicidad<\/strong>&nbsp;y el modo de comunicaci\u00f3n de las marcas con ellos. Sin embargo, no todas esas horas reales de consumo son de calidad ni todo el contenido que suben los influencers, por ejemplo, se corresponde con la realidad de sus vidas.<\/p>\n<p>Coincidiendo con el&nbsp;<strong>D\u00eda Mundial de las Redes Sociales<\/strong>, 30 de junio,&nbsp;<a href=\"https:\/\/samyroad.com\/es\/\" target=\"_blank\" rel=\"noreferrer noopener nofollow\">SamyRoad<\/a>&nbsp;ha querido elaborar una gu\u00eda con 10 puntos para recomendar un uso de estas plataformas de un modo responsable y que al mismo tiempo potencia sus beneficios.<\/p>\n<h2>1. El tel\u00e9fono m\u00f3vil es el dispositivo que m\u00e1s se utiliza<\/h2>\n<p>En seis a\u00f1os&nbsp;<strong>se ha pasado de utilizar el m\u00f3vil para el 33% de los accesos a internet para llegar al 50,1%<\/strong>. Esto quiere decir que la mitad del tiempo que se pasa navegando se hace a trav\u00e9s del tel\u00e9fono m\u00f3vil.<\/p>\n<p>Este dato nos hace ver que el m\u00f3vil es el principal acaparador a la hora de acceder a las redes sociales. Para controlar ese consumo y no sentirnos enganchados a la tecnolog\u00eda, lo ideal es<strong>&nbsp;saber delimitar los tiempos y ocio con este dispositivo<\/strong>, acudiendo a \u00e9l tan solo para los momentos de consumo consciente. Para ello, por ejemplo, podemos alejarlo de nuestra vista.<\/p>\n<h2>2. Hay que romper los v\u00ednculos y trabajar la independencia tecnol\u00f3gica<\/h2>\n<p>Un 61% de los espa\u00f1oles afirma que mirar el tel\u00e9fono es&nbsp;<strong>lo primero y lo \u00faltimo que hace cada d\u00eda&nbsp;<\/strong>y 3,7 millones de espa\u00f1oles no puede pasar m\u00e1s de una hora sin consultarlo.<\/p>\n<p>Esta dependencia tecnol\u00f3gica puede convertirse en un problema real. El m\u00f3vil se ha convertido en una herramienta desde la que podemos trabajar, comunicarnos y llegar a nuestros consumidores desde cualquier punto del mundo de manera muy sencilla. Esta idea es muy tentadora, tanto que en ocasiones<strong>&nbsp;la adicci\u00f3n al trabajo o a las compras&nbsp;<\/strong>utilizando el m\u00f3vil puede venir impulsada por el hecho de no ser capaces de parar.<\/p>\n<hr>\n<p><img decoding=\"async\" src=\"https:\/\/teletrabajoynegocios.com\/teletrabajador\/wp-content\/uploads\/sites\/3\/2020\/07\/articulos.png\"><\/p>\n<div class=\"wp-rss-template-container\" data-wpra-template=\"default\" data-template-ctx=\"W10=\">\n    <div class=\"wp-rss-aggregator wpra-list-template  \" data-page=\"1\">\n    \n    \n<ul class=\"wpra-item-list rss-aggregator wpra-item-list--bullets wpra-item-list--default\"\n    start=\"1\">\n                        <li class=\"wpra-item feed-item \">\n            \n            \n\n    <a  href=\"https:\/\/distritoemprendedores.com\/blog\/2026\/03\/16\/hello-world\/\" target=\"_blank\" rel=\"nofollow\" class=\"\">Hello world!<\/a>\n\n\n\n\n\n\n<div class=\"wprss-feed-meta\">\n            <span class=\"feed-source\">\n            Source:\n\n                            Distrito Emprendedores\n                    <\/span>\n    \n            <span class=\"feed-date\">\n            Published on 2026-03-16\n        <\/span>\n    \n    <\/div>\n\n\n\n\n\n            \n        <\/li>\n                    <li class=\"wpra-item feed-item \">\n            \n            \n\n    <a  href=\"https:\/\/www.dropbox.com\/scl\/fi\/b6csvpbfxu24vaezmo3es\/62bed0634df20e5ef35346439fdd423f_franquicias.pdf?rlkey=mfp2795s4n89mw35l0yeu2vl5&amp;e=2&amp;st=57kabuy0&amp;dl=0#new_tab\" target=\"_blank\" rel=\"nofollow\" class=\"\">Las franquicias espa\u00f1olas duplican su presencia en mercados for\u00e1neos<\/a>\n\n\n\n\n\n\n<div class=\"wprss-feed-meta\">\n            <span class=\"feed-source\">\n            Source:\n\n                            Distrito Emprendedores\n                    <\/span>\n    \n            <span class=\"feed-date\">\n            Published on 2026-03-11\n        <\/span>\n    \n    <\/div>\n\n\n\n\n\n            \n        <\/li>\n                    <li class=\"wpra-item feed-item \">\n            \n            \n\n    <a  href=\"https:\/\/distritoemprendedores.es\/blog\/5-errores-fatales-al-internacionalizar-tu-franquicia\/\" target=\"_blank\" rel=\"nofollow\" class=\"\">5 errores fatales al internacionalizar tu franquicia<\/a>\n\n\n\n\n\n\n<div class=\"wprss-feed-meta\">\n            <span class=\"feed-source\">\n            Source:\n\n                            Distrito Emprendedores\n                    <\/span>\n    \n            <span class=\"feed-date\">\n            Published on 2026-03-10\n        <\/span>\n    \n    <\/div>\n\n\n\n\n\n            \n        <\/li>\n                    <li class=\"wpra-item feed-item \">\n            \n            \n\n    <a  href=\"https:\/\/distritoemprendedores.es\/blog\/un-nuevo-prime-time-para-las-marcas-afterwork-tardeo-y-futbol-se-consolidan-como-los-grandes-motores-del-consumo-experiencial\/\" target=\"_blank\" rel=\"nofollow\" class=\"\">Un nuevo prime time para las marcas: afterwork, tardeo y f\u00fatbol se consolidan como los grandes motores del consumo experiencial<\/a>\n\n\n\n\n\n\n<div class=\"wprss-feed-meta\">\n            <span class=\"feed-source\">\n            Source:\n\n                            Distrito Emprendedores\n                    <\/span>\n    \n            <span class=\"feed-date\">\n            Published on 2026-03-09\n        <\/span>\n    \n    <\/div>\n\n\n\n\n\n            \n        <\/li>\n                    <li class=\"wpra-item feed-item \">\n            \n            \n\n    <a  href=\"https:\/\/distritoemprendedores.es\/blog\/la-ventaja-competitiva-esta-en-entender-como-pregunta-el-consumidor\/\" target=\"_blank\" rel=\"nofollow\" class=\"\">La ventaja competitiva est\u00e1 en entender c\u00f3mo pregunta el consumidor<\/a>\n\n\n\n\n\n\n<div class=\"wprss-feed-meta\">\n            <span class=\"feed-source\">\n            Source:\n\n                            Distrito Emprendedores\n                    <\/span>\n    \n            <span class=\"feed-date\">\n            Published on 2026-03-08\n        <\/span>\n    \n    <\/div>\n\n\n\n\n\n            \n        <\/li>\n                    <li class=\"wpra-item feed-item \">\n            \n            \n\n    <a  href=\"https:\/\/distritoemprendedores.es\/blog\/solo-el-7-de-los-espanoles-cree-a-las-marcas-cuando-comunican-sus-valores-con-hechos-demostrables\/\" target=\"_blank\" rel=\"nofollow\" class=\"\">Solo el 7% de los espa\u00f1oles cree a las marcas cuando comunican sus valores con hechos demostrables<\/a>\n\n\n\n\n\n\n<div class=\"wprss-feed-meta\">\n            <span class=\"feed-source\">\n            Source:\n\n                            Distrito Emprendedores\n                    <\/span>\n    \n            <span class=\"feed-date\">\n            Published on 2026-03-07\n        <\/span>\n    \n    <\/div>\n\n\n\n\n\n            \n        <\/li>\n                    <li class=\"wpra-item feed-item \">\n            \n            \n\n    <a  href=\"https:\/\/distritoemprendedores.es\/blog\/el-38-de-las-empresas-creadas-en-2019-ha-echado-ya-el-cierre\/\" target=\"_blank\" rel=\"nofollow\" class=\"\">El 38% de las empresas creadas en 2019 ha echado ya el cierre<\/a>\n\n\n\n\n\n\n<div class=\"wprss-feed-meta\">\n            <span class=\"feed-source\">\n            Source:\n\n                            Distrito Emprendedores\n                    <\/span>\n    \n            <span class=\"feed-date\">\n            Published on 2026-03-06\n        <\/span>\n    \n    <\/div>\n\n\n\n\n\n            \n        <\/li>\n                    <li class=\"wpra-item feed-item \">\n            \n            \n\n    <a  href=\"https:\/\/distritoemprendedores.es\/blog\/descubre-las-oportunidades-y-tendencias-en-el-mercado-de-la-franquicia-para-2026\/\" target=\"_blank\" rel=\"nofollow\" class=\"\">Descubre las oportunidades y tendencias en el mercado de la franquicia para 2026<\/a>\n\n\n\n\n\n\n<div class=\"wprss-feed-meta\">\n            <span class=\"feed-source\">\n            Source:\n\n                            Distrito Emprendedores\n                    <\/span>\n    \n            <span class=\"feed-date\">\n            Published on 2026-03-05\n        <\/span>\n    \n    <\/div>\n\n\n\n\n\n            \n        <\/li>\n                    <li class=\"wpra-item feed-item \">\n            \n            \n\n    <a  href=\"https:\/\/distritoemprendedores.es\/blog\/las-startups-de-salud-mas-punteras-del-mundo\/\" target=\"_blank\" rel=\"nofollow\" class=\"\">Las startups de salud m\u00e1s punteras del mundo<\/a>\n\n\n\n\n\n\n<div class=\"wprss-feed-meta\">\n            <span class=\"feed-source\">\n            Source:\n\n                            Distrito Emprendedores\n                    <\/span>\n    \n            <span class=\"feed-date\">\n            Published on 2026-03-04\n        <\/span>\n    \n    <\/div>\n\n\n\n\n\n            \n        <\/li>\n                    <li class=\"wpra-item feed-item \">\n            \n            \n\n    <a  href=\"https:\/\/distritoemprendedores.es\/blog\/puesta-en-marcha-de-un-negocio-primeros-pasos-para-validar-vender-y-controlar-la-tesoreria\/\" target=\"_blank\" rel=\"nofollow\" class=\"\">Puesta en marcha de un negocio: primeros pasos para validar, vender y controlar la tesorer\u00eda<\/a>\n\n\n\n\n\n\n<div class=\"wprss-feed-meta\">\n            <span class=\"feed-source\">\n            Source:\n\n                            Distrito Emprendedores\n                    <\/span>\n    \n            <span class=\"feed-date\">\n            Published on 2026-03-03\n        <\/span>\n    \n    <\/div>\n\n\n\n\n\n            \n        <\/li>\n                    <li class=\"wpra-item feed-item \">\n            \n            \n\n    <a  href=\"https:\/\/distritoemprendedores.es\/blog\/6-franquicias-sin-apenas-competencia-en-el-mercado\/\" target=\"_blank\" rel=\"nofollow\" class=\"\">6 franquicias sin apenas competencia en el mercado<\/a>\n\n\n\n\n\n\n<div class=\"wprss-feed-meta\">\n            <span class=\"feed-source\">\n            Source:\n\n                            Distrito Emprendedores\n                    <\/span>\n    \n            <span class=\"feed-date\">\n            Published on 2026-03-02\n        <\/span>\n    \n    <\/div>\n\n\n\n\n\n            \n        <\/li>\n                    <li class=\"wpra-item feed-item \">\n            \n            \n\n    <a  href=\"https:\/\/digistorage.es\/links\/71d78951-a420-4f5b-8de6-7b35ae7efc1c#new_tab\" target=\"_blank\" rel=\"nofollow\" class=\"\">Los algoritmos amenazan con filtrar las confesiones realizadas al abogado<\/a>\n\n\n\n\n\n\n<div class=\"wprss-feed-meta\">\n            <span class=\"feed-source\">\n            Source:\n\n                            Distrito Emprendedores\n                    <\/span>\n    \n            <span class=\"feed-date\">\n            Published on 2026-03-01\n        <\/span>\n    \n    <\/div>\n\n\n\n\n\n            \n        <\/li>\n                    <li class=\"wpra-item feed-item \">\n            \n            \n\n    <a  href=\"https:\/\/distritoemprendedores.es\/blog\/las-startups-que-mas-innovan-en-el-mundo\/\" target=\"_blank\" rel=\"nofollow\" class=\"\">Las startups que m\u00e1s innovan en el mundo<\/a>\n\n\n\n\n\n\n<div class=\"wprss-feed-meta\">\n            <span class=\"feed-source\">\n            Source:\n\n                            Distrito Emprendedores\n                    <\/span>\n    \n            <span class=\"feed-date\">\n            Published on 2026-02-28\n        <\/span>\n    \n    <\/div>\n\n\n\n\n\n            \n        <\/li>\n                    <li class=\"wpra-item feed-item \">\n            \n            \n\n    <a  href=\"https:\/\/distritoemprendedores.es\/blog\/tiktok-genera-31-000-millones-de-euros-para-las-empresas-europeas-y-3-000-millones-en-espana\/\" target=\"_blank\" rel=\"nofollow\" class=\"\">TikTok genera 31.000 millones de euros para las empresas europeas y 3.000 millones en Espa\u00f1a<\/a>\n\n\n\n\n\n\n<div class=\"wprss-feed-meta\">\n            <span class=\"feed-source\">\n            Source:\n\n                            Distrito Emprendedores\n                    <\/span>\n    \n            <span class=\"feed-date\">\n            Published on 2026-02-27\n        <\/span>\n    \n    <\/div>\n\n\n\n\n\n            \n        <\/li>\n                    <li class=\"wpra-item feed-item \">\n            \n            \n\n    <a  href=\"https:\/\/distritoemprendedores.es\/blog\/amazon-planea-un-marketplace-para-hacer-de-puente-entre-los-publishers-y-las-empresas-de-ia\/\" target=\"_blank\" rel=\"nofollow\" class=\"\">Amazon planea un \u00abmarketplace\u00bb para hacer de puente entre los \u00abpublishers\u00bb y las empresas de IA<\/a>\n\n\n\n\n\n\n<div class=\"wprss-feed-meta\">\n            <span class=\"feed-source\">\n            Source:\n\n                            Distrito Emprendedores\n                    <\/span>\n    \n            <span class=\"feed-date\">\n            Published on 2026-02-26\n        <\/span>\n    \n    <\/div>\n\n\n\n\n\n            \n        <\/li>\n        <\/ul>\n\n        \n<\/div>\n\n<\/div>\n\n<hr>\n<h2>3. Ser conscientes del tiempo real que pasamos en las redes sociales<\/h2>\n<p>La media de uso de Internet por usuario es de&nbsp;<strong>dos horas y 24 minutos al d\u00eda&nbsp;<\/strong>en redes sociales en 2020. Para limitar el tiempo de uso y concentrarlo en tiempo eficaz de uso se puede<strong>&nbsp;activar la limitaci\u00f3n de tiempo por redes sociales<\/strong>&nbsp;en el m\u00f3vil. Eso har\u00e1 que de alguna manera el usuario sea m\u00e1s consciente del tiempo que necesita realmente y de cu\u00e1nto perd\u00eda en divagar antes.&nbsp;<\/p>\n<h2>4. Seguir cuentas de calidad<\/h2>\n<p>Muchas veces podemos acabar haciendo scroll sin ning\u00fan sentido y sin prestar atenci\u00f3n porque no nos interesa. Es importante&nbsp;<strong>nutrirnos de lo que realmente nos interesa.<\/strong><\/p>\n<p>El internauta cada vez es m\u00e1s exigente con las cuentas que sigue en redes sociales. Las firmas deben tener en cuenta que, para mantener a la comunidad y no perder seguidores,&nbsp;<strong>sus perfiles deben estar actualizados, con contenido de calidad y con un alto nivel de compromiso.<\/strong><\/p>\n<h2>5. Las historias deben ser reales<\/h2>\n<p>En los Social Media se muestra \u00fanicamente una parte de una persona, y de eso hay que ser conscientes. En las redes se premia la honestidad, las historias reales&nbsp;<strong>con las que el usuario puede empatizar y en las que sentirse reflejado.<\/strong><\/p>\n<p>Sin embargo, a\u00fan muchas personas creen que lo que se publica en las redes sociales engloba la vida total de los influencers o marcas. Entender e interiorizar que no es as\u00ed es fundamental para el usuario, para&nbsp;<strong>evitar sentirse frustrado al comparar la vida id\u00edlica<\/strong>&nbsp;de las redes con la suya propia.<\/p>\n<h2>6. El poder de la interacci\u00f3n<\/h2>\n<p>Interactuar como marca, usuario o creador de contenido&nbsp;<strong>enriquece las relaciones en las redes sociales<\/strong>. Estas permiten que las personas se comuniquen unas con otras m\u00e1s all\u00e1 de la distancia, el cambio horario o cualquier otro factor.<\/p>\n<p>El aqu\u00ed y ahora es el presente y el futuro. Las marcas<strong>&nbsp;interact\u00faan con sus clientes y potenciales clientes<\/strong>, mientras que los usuarios acceden a marcas e influencers hasta el momento \u00abinalcanzables\u00bb tan solo haciendo clic a trav\u00e9s del tel\u00e9fono m\u00f3vil.<\/p>\n<h2>7. Gran canal para que las marcas consigan un mayor impacto<\/h2>\n<p>Con las redes sociales las marcas pueden conseguir un mayor impacto frente a otros canales de comunicaci\u00f3n. Para esto es fundamental emplear tiempo en<strong>&nbsp;crear una comunidad de calidad.<\/strong><\/p>\n<p>Las redes sociales se han convertido para las marcas en una nueva v\u00eda para llegar a su p\u00fablico objetivo,&nbsp;<strong>eliminando las barreras geogr\u00e1ficas.&nbsp;<\/strong>Uno de cada tres usuarios en el mundo ha comprado alguna vez a trav\u00e9s de las redes sociales, y una de cada tres empresas est\u00e1n preparadas para vender por redes sociales. Esta realidad nos hace ver c\u00f3mo las marcas son capaces de llegar a su target de una manera natural.&nbsp;<\/p>\n<h2>8. Una v\u00eda para descubrir ideas, lugares y formas<\/h2>\n<p>Las plataformas sociales sirven para aportar nuevas perspectivas, ideas, formas y posibilidades de ver y actuar. Por un lado, los usuarios descubren productos y marcas al mismo tiempo que crean contenido a partir de v\u00eddeos iniciales.<\/p>\n<p>Por otro lado, para las firmas es una&nbsp;<strong>nueva manera de publicitar sus productos y servicios<\/strong>, de manera m\u00e1s cercana.<\/p>\n<h2>9. Canal de comunicaci\u00f3n con amigos y familiares<\/h2>\n<p>Un 37,2% de los espa\u00f1oles asegura que solamente se comunica desde el m\u00f3vil, es decir, mediante aplicaciones de mensajer\u00eda instant\u00e1nea o&nbsp;<a href=\"https:\/\/www.marketingdirecto.com\/digital-general\/digital\/8-beneficios-redes-sociales-empresas\" target=\"_blank\" rel=\"noreferrer noopener\">redes sociales<\/a>.<\/p>\n<p>Las redes se han convertido en un canal de comunicaci\u00f3n con los amigos y familiares a trav\u00e9s del tel\u00e9fono m\u00f3vil. El 70% del uso que le dan al m\u00f3vil es para comunicarse con los m\u00e1s allegados, bien a trav\u00e9s de aplicaciones, redes sociales o llamadas. As\u00ed se consigue esa&nbsp;<strong>inmediatez que con otros canales no conseguir\u00edan.<\/strong><\/p>\n<h2>10. Compras a trav\u00e9s del m\u00f3vil<\/h2>\n<p><strong>Ocio, moda, turismo, belleza y salud&nbsp;<\/strong>son los sectores que&nbsp;<strong>m\u00e1s potencial han tenido hasta el momento en las compras online&nbsp;<\/strong>a trav\u00e9s de las redes. No obstante, son muchos otros los sectores que ya empiezan a comprobar c\u00f3mo sus negocios tambi\u00e9n pueden ser publicitados en este ambiente. Las recomendaciones de terceros y ofertas incitan a realizar la compra e impactan sobre nuestra decisi\u00f3n de compra gracias a las plataformas sociales.<\/p>\n<p>Las compras online facilitan la adquisici\u00f3n de productos para los usuarios permiti\u00e9ndoles comparar, compartir y realizar compras al momento. Estas facilidades mejoran la experiencia de compra, siendo m\u00e1s eficaz y empleando menos tiempo.<\/p>\n<p><a href=\"https:\/\/www.marketingdirecto.com\/\"><em>V\u00eda: Marketing Directo<\/em><\/a><\/p>\n<div id=\"telet-1687656477\" class=\"telet-despues-del-contenido telet-entity-placement\"><a target=\"_blank\" href=\"\/\/aff.lucushost.com\/resources\/click\/?n=gDxoXMAJ&aff=756\"><img decoding=\"async\" border=\"0\" alt=\"LucusHost, el mejor hosting\" src=\"\/\/aff.lucushost.com\/resources\/banners\/?zoneid=5123&n=gDxoXMAJ&aff=756\" \/><\/a><\/div>","protected":false},"excerpt":{"rendered":"<p>Con cada red social que se instala en las rutinas de los usuarios&nbsp;cambian un poco m\u00e1s la manera de consumir publicidad&nbsp;y el modo de comunicaci\u00f3n de las marcas con ellos.&hellip; <\/p>\n","protected":false},"author":1,"featured_media":4673,"comment_status":"open","ping_status":"open","sticky":false,"template":"","format":"standard","meta":{"_jetpack_memberships_contains_paid_content":false,"footnotes":"","_links_to":"","_links_to_target":""},"categories":[11],"tags":[15,14],"class_list":["post-4672","post","type-post","status-publish","format-standard","has-post-thumbnail","hentry","category-redes-sociales","tag-fuprisa","tag-jose-manuel-fuentes-prieto"],"nelio_content":{"autoShareEndMode":"never","automationSources":{"useCustomSentences":false,"customSentences":[]},"efiAlt":"","efiUrl":"","followers":[1],"highlights":[],"isAutoShareEnabled":true,"networkImageIds":[],"permalinkQueryArgs":[],"series":[],"suggestedReferences":[]},"jetpack_featured_media_url":"https:\/\/teletrabajoynegocios.com\/telesecretarias\/wp-content\/uploads\/sites\/2\/2021\/07\/3043215.jpg","jetpack_sharing_enabled":true,"_links":{"self":[{"href":"https:\/\/teletrabajoynegocios.com\/telesecretarias\/wp-json\/wp\/v2\/posts\/4672","targetHints":{"allow":["GET"]}}],"collection":[{"href":"https:\/\/teletrabajoynegocios.com\/telesecretarias\/wp-json\/wp\/v2\/posts"}],"about":[{"href":"https:\/\/teletrabajoynegocios.com\/telesecretarias\/wp-json\/wp\/v2\/types\/post"}],"author":[{"embeddable":true,"href":"https:\/\/teletrabajoynegocios.com\/telesecretarias\/wp-json\/wp\/v2\/users\/1"}],"replies":[{"embeddable":true,"href":"https:\/\/teletrabajoynegocios.com\/telesecretarias\/wp-json\/wp\/v2\/comments?post=4672"}],"version-history":[{"count":2,"href":"https:\/\/teletrabajoynegocios.com\/telesecretarias\/wp-json\/wp\/v2\/posts\/4672\/revisions"}],"predecessor-version":[{"id":4677,"href":"https:\/\/teletrabajoynegocios.com\/telesecretarias\/wp-json\/wp\/v2\/posts\/4672\/revisions\/4677"}],"wp:featuredmedia":[{"embeddable":true,"href":"https:\/\/teletrabajoynegocios.com\/telesecretarias\/wp-json\/wp\/v2\/media\/4673"}],"wp:attachment":[{"href":"https:\/\/teletrabajoynegocios.com\/telesecretarias\/wp-json\/wp\/v2\/media?parent=4672"}],"wp:term":[{"taxonomy":"category","embeddable":true,"href":"https:\/\/teletrabajoynegocios.com\/telesecretarias\/wp-json\/wp\/v2\/categories?post=4672"},{"taxonomy":"post_tag","embeddable":true,"href":"https:\/\/teletrabajoynegocios.com\/telesecretarias\/wp-json\/wp\/v2\/tags?post=4672"}],"curies":[{"name":"wp","href":"https:\/\/api.w.org\/{rel}","templated":true}]}}