{"id":4905,"date":"2021-08-02T11:27:54","date_gmt":"2021-08-02T09:27:54","guid":{"rendered":"https:\/\/teletrabajoynegocios.com\/telesecretarias\/?p=4905"},"modified":"2021-08-02T09:41:54","modified_gmt":"2021-08-02T07:41:54","slug":"9-peliculas-sobre-el-trabajo-que-no-te-dejaran-indiferente","status":"publish","type":"post","link":"https:\/\/teletrabajoynegocios.com\/telesecretarias\/9-peliculas-sobre-el-trabajo-que-no-te-dejaran-indiferente\/","title":{"rendered":"9 pel\u00edculas sobre el trabajo que no te dejar\u00e1n indiferente"},"content":{"rendered":"<div id=\"telet-1421392315\" class=\"telet-antes-del-contenido telet-entity-placement\"><a href=\"https:\/\/quaderno.io\/?via=jose-manuel94\" aria-label=\"Quaderno General (Spanish) &#8211; 728&#215;90\"><img loading=\"lazy\" decoding=\"async\" src=\"https:\/\/teletrabajoynegocios.com\/telesecretarias\/wp-content\/uploads\/sites\/2\/2020\/11\/Quaderno-General-Spanish-728x90-1.png\" alt=\"\"  srcset=\"https:\/\/teletrabajoynegocios.com\/telesecretarias\/wp-content\/uploads\/sites\/2\/2020\/11\/Quaderno-General-Spanish-728x90-1.png 728w, https:\/\/teletrabajoynegocios.com\/telesecretarias\/wp-content\/uploads\/sites\/2\/2020\/11\/Quaderno-General-Spanish-728x90-1-300x37.png 300w\" sizes=\"(max-width: 728px) 100vw, 728px\" width=\"728\" height=\"90\"   \/><\/a><\/div><p>Te proponemos para ver 9 pel\u00edculas sobre el trabajo que lo \u00faltimo que van a hacer es aburrirte.<\/p>\n<p class=\"jsx-1710225312 c--grey-neutral-800\"><b>Las siguientes pel\u00edculas sobre el trabajo abordan algunas de las encrucijadas m\u00e1s dif\u00edciles del \u00e1mbito<\/b>. Es f\u00e1cil perderse en la vida laboral cuando nos trasformamos en seres que responden a las demandas y que no emprenden. Por otro lado, el camino para obtener un buen trabajo y una vida exitosa en la era actual tiene muchas distracciones y desaf\u00edos. En este sentido, un poco de motivaci\u00f3n puede ser una gran ayuda para recargar energ\u00eda.<\/p>\n<p class=\"jsx-1710225312 c--grey-neutral-800\">En la tem\u00e1tica de pel\u00edculas sobre el trabajo que veremos tambi\u00e9n est\u00e1n presentes factores externos a la propia actividad laboral, pero que terminan condicion\u00e1ndola. Pensemos que, por mucho que intentemos hacer estancos las diferentes facetas de nuestra vida, al final siempre hay un hilo que las conecta; precisamente, t\u00fa.<\/p>\n<h2 id=\"9-peliculas-sobre-el-trabajo\" class=\"jsx-3692753319 jsx-2566528898 c--main-600  mt--x-big pt--normal\">9 pel\u00edculas sobre el trabajo<\/h2>\n<p>Esta lista recoge varios aspectos relacionados con el trabajo. Por ejemplo, c\u00f3mo una comunidad entera puede verse golpeada por el desempleo debido al cierre de f\u00e1bricas, la idiosincrasia mon\u00f3tona de la oficina y los pormenores de personajes cuya vida entera es el trabajo y, de repente, lo pierden.<\/p>\n<h3 id=\"1-la-red-social-de-david-fincher\" class=\"jsx-3692753319 jsx-2566528898 c--main-600  mt--x-big pt--normal\">1. La red social, de David Fincher<\/h3>\n<p class=\"jsx-1710225312 c--grey-neutral-800\"><strong>Esta apasionante pel\u00edcula muestra c\u00f3mo naci\u00f3 Facebook.<\/strong>\u00a0En 2003, Mark Zuckerberg (Jesse Eisenberg), genio de la inform\u00e1tica y estudiante de Harvard, comienza a trabajar en un nuevo concepto que eventualmente se convierte en la red social global conocida como Facebook.<\/p>\n<p class=\"jsx-1710225312 c--grey-neutral-800\">Seis a\u00f1os despu\u00e9s es uno de los multimillonarios m\u00e1s j\u00f3venes de la historia, pero Zuckerberg descubre que su \u00e9xito sin precedentes conduce a complicaciones tanto personales como legales cuando termina siendo demandado por su antiguo amigo (Andrew Garfield).<\/p>\n<p class=\"jsx-1710225312 c--grey-neutral-800\">El dinero y la\u00a0<a class=\"jsx-151512268 jsx-3387278544 default-a-link is--underline c--secondary-600 is--underline\" href=\"https:\/\/lamenteesmaravillosa.com\/la-codicia-problema-del-corazon\/\" target=\"_blank\" rel=\"noopener noreferrer\" data-with-google-events=\"true\" data-google-events=\"{&quot;data&quot;:{&quot;action&quot;:&quot;click&quot;,&quot;category&quot;:&quot;Content&quot;,&quot;label&quot;:&quot;Related \/peliculas-trabajo\/&quot;,&quot;value&quot;:&quot;https:\/\/lamenteesmaravillosa.com\/la-codicia-problema-del-corazon\/&quot;}}\">codicia<\/a>\u00a0se interpusieron en el camino de su amistad, lo que propici\u00f3 una serie de mentiras y la ruptura de su relaci\u00f3n.\u00a0<strong>La lecci\u00f3n aqu\u00ed es no permitir que el poder y el \u00e9xito cambien nuestra moral y nuestra personalidad<\/strong>.<\/p>\n<p><iframe loading=\"lazy\" title=\"La red social Trailer espa\u00f1ol\" width=\"1110\" height=\"833\" src=\"https:\/\/www.youtube.com\/embed\/XHmtg0bWQr0?feature=oembed\" frameborder=\"0\" allow=\"accelerometer; autoplay; clipboard-write; encrypted-media; gyroscope; picture-in-picture\" allowfullscreen><\/iframe><\/p>\n<h3 id=\"2-8-millas-de-curtis-hanson\" class=\"jsx-3692753319 jsx-2566528898 c--main-600  mt--x-big pt--normal\">2. 8 millas, de Curtis Hanson<\/h3>\n<p class=\"jsx-1710225312 c--grey-neutral-800\"><strong>La pel\u00edcula biogr\u00e1fica de\u00a0<a class=\"jsx-151512268 jsx-3387278544 default-a-link is--underline c--secondary-600 is--underline\" href=\"https:\/\/es.wikipedia.org\/wiki\/Eminem\" target=\"_blank\" rel=\"noopener noreferrer\" data-with-google-events=\"true\" data-google-events=\"{&quot;data&quot;:{&quot;action&quot;:&quot;click&quot;,&quot;category&quot;:&quot;Content&quot;,&quot;label&quot;:&quot;Related \/peliculas-trabajo\/&quot;,&quot;value&quot;:&quot;https:\/\/es.wikipedia.org\/wiki\/Eminem&quot;}}\">Eminem<\/a>\u00a0describe su viaje desde vivir en un entorno hostil hasta convertirse en unos de los mejores raperos\u00a0<\/strong>de la era moderna. Jimmy Smith, alias \u201cRabbit\u201d, vive en un barrio pobre de Detroit donde predomina la poblaci\u00f3n negra.<\/p>\n<p>\u00c9l es un chico blanco apasionado por el hip-hop que quiere triunfar en un mundo dominado por los raperos negros. Es la historia perfecta que te motivar\u00e1 a superar todo lo negativo que te rodea y concentrarte en tu sue\u00f1o, si es que tienes uno actualmente. La pel\u00edcula nos ense\u00f1a a insistir y a no dar las cosas por sentado.<\/p>\n<p><iframe loading=\"lazy\" title=\"8 Mile Official Trailer #1 - (2002) HD\" width=\"1110\" height=\"624\" src=\"https:\/\/www.youtube.com\/embed\/axGVrfwm9L4?feature=oembed\" frameborder=\"0\" allow=\"accelerometer; autoplay; clipboard-write; encrypted-media; gyroscope; picture-in-picture\" allowfullscreen><\/iframe><\/p>\n<h3 id=\"3-million-dollar-baby-de-clint-eastwood\" class=\"jsx-3692753319 jsx-2566528898 c--main-600  mt--x-big pt--normal\">3. Million Dollar Baby, de Clint Eastwood<\/h3>\n<p class=\"jsx-1710225312 c--grey-neutral-800\">Esta pel\u00edcula\u00a0<strong>es una oda a la dedicaci\u00f3n y la\u00a0<a class=\"jsx-151512268 jsx-3387278544 default-a-link is--underline c--secondary-600 is--underline\" href=\"https:\/\/lamenteesmaravillosa.com\/fuerza-de-voluntad-no-limites\/\" target=\"_blank\" rel=\"noopener noreferrer\" data-with-google-events=\"true\" data-google-events=\"{&quot;data&quot;:{&quot;action&quot;:&quot;click&quot;,&quot;category&quot;:&quot;Content&quot;,&quot;label&quot;:&quot;Related \/peliculas-trabajo\/&quot;,&quot;value&quot;:&quot;https:\/\/lamenteesmaravillosa.com\/fuerza-de-voluntad-no-limites\/&quot;}}\">fuerza de voluntad<\/a>, pero tambi\u00e9n a la incertidumbre y la mala suerte<\/strong>. Cuando Maggie Fitzgerald, personaje interpretado por Hilary Swank decide aprender boxeo y hacerlo con el mejor entrenador. Para lograrlo, se presenta en su gimnasio, y al recibir una negativa, le demuestra que est\u00e1 dispuesta a trabajar muy duro para conseguir su sue\u00f1o.<\/p>\n<p class=\"jsx-1710225312 c--grey-neutral-800\"><strong>Recoge a la perfecci\u00f3n las dificultades que encontramos al comenzar un nuevo trabajo<\/strong>. Un desconocimiento del entorno, de lo que esperan de nosotros y un desajusta de nuestras expectativas con las de quienes nos rodean.<\/p>\n<p>Tambi\u00e9n es una pel\u00edcula que nos recuerda nuestra fragilidad. Basta un instante para perderlo todo, y m\u00e1s cuando nos movemos en un mundo en el que hay personas que est\u00e1n dispuestas a jugar muy sucio, ignorando en muchos casos el da\u00f1o que pueden llegar a causar con sus malas pr\u00e1cticas.<\/p>\n<p><iframe loading=\"lazy\" title=\"million dollar baby escena\" width=\"1110\" height=\"833\" src=\"https:\/\/www.youtube.com\/embed\/uL5iT8nvOpI?feature=oembed\" frameborder=\"0\" allow=\"accelerometer; autoplay; clipboard-write; encrypted-media; gyroscope; picture-in-picture\" allowfullscreen><\/iframe><\/p>\n<h3 id=\"4-rocky-de-sylvester-stallone\" class=\"jsx-3692753319 jsx-2566528898 c--main-600  mt--x-big pt--normal\">4. Rocky, de Sylvester Stallone<\/h3>\n<p class=\"jsx-1710225312 c--grey-neutral-800\">Esta pel\u00edcula funciona en dos niveles. El gui\u00f3n no solo es el ep\u00edtome de una historia de vida inspiradora, sino que tambi\u00e9n lo es la realidad detr\u00e1s de la c\u00e1mara. Sylvester Stallone estaba teniendo dificultades para conseguir un hueco en Hollywood.<\/p>\n<p class=\"jsx-1710225312 c--grey-neutral-800\">Sin apenas poder llegar a fin de mes,<strong>\u00a0escribi\u00f3 el gui\u00f3n de\u00a0<em>Rocky<\/em>\u00a0que lo lanz\u00f3 como estrella en el mundo del cine y lo convirti\u00f3 en lo que es hoy.<\/strong>\u00a0Stallone lo vendi\u00f3 con la condici\u00f3n de que interpretar\u00eda el papel principal. Y lo que sigui\u00f3 fue un debut de ensue\u00f1o.<\/p>\n<p><iframe loading=\"lazy\" title=\"La Reflexi\u00f3n De Rocky - Rocky I - En Espa\u00f1ol\" width=\"1110\" height=\"624\" src=\"https:\/\/www.youtube.com\/embed\/g2nwaCPKoXA?feature=oembed\" frameborder=\"0\" allow=\"accelerometer; autoplay; clipboard-write; encrypted-media; gyroscope; picture-in-picture\" allowfullscreen><\/iframe><\/p>\n<h3 id=\"5-rush-de-ron-howard\" class=\"jsx-3692753319 jsx-2566528898 c--main-600  mt--x-big pt--normal\">5. Rush, de Ron Howard<\/h3>\n<p class=\"jsx-1710225312 c--grey-neutral-800\"><em>Rush<\/em>\u00a0trata sobre<strong>\u00a0la rivalidad de dos de los mejores corredores durante los a\u00f1os 70: Nicki Lauda y James Hunt.<\/strong>\u00a0Tambi\u00e9n es un ejemplo cl\u00e1sico de comparaci\u00f3n entre dos personalidades significativamente diferentes.<\/p>\n<p>Nicki Lauda es el competidor meticuloso, resuelto y exc\u00e9ntrico. Mientras, James Hunt es el despreocupado, distra\u00eddo, pero talentoso. Ambos se enfrentan en m\u00faltiples ocasiones para descubrir qui\u00e9n es el mejor. Finalmente es Niki Lauda quien resulta ganador al final a pesar de carecer del carisma y el talento que ten\u00eda Hunt.<\/p>\n<p><iframe loading=\"lazy\" title=\"Rush Trailer 2013 en espa\u00f1ol\" width=\"1110\" height=\"624\" src=\"https:\/\/www.youtube.com\/embed\/lHCkOq8xYUc?feature=oembed\" frameborder=\"0\" allow=\"accelerometer; autoplay; clipboard-write; encrypted-media; gyroscope; picture-in-picture\" allowfullscreen><\/iframe><\/p>\n<h3 id=\"6-los-lunes-al-sol-de-fernando-leon-de-aranoa\" class=\"jsx-3692753319 jsx-2566528898 c--main-600  mt--x-big pt--normal\">6. Los Lunes al sol, de Fernando Le\u00f3n de Aranoa<\/h3>\n<p class=\"jsx-1710225312 c--grey-neutral-800\">Esta pel\u00edcula transcurre en Vigo, ciudad portuaria de Espa\u00f1a que atraviesa tiempos dif\u00edciles.<strong>\u00a0La industria de la construcci\u00f3n naval, que era una de las principales fuentes de empleo, ha despedido a muchos trabajadores<\/strong>. Crisis similares se vivieron en los altos hornos de Vizcaya.<\/p>\n<hr \/>\n<p><img decoding=\"async\" src=\"https:\/\/teletrabajoynegocios.com\/teletrabajador\/wp-content\/uploads\/sites\/3\/2020\/07\/articulos.png\" \/><\/p>\n<div class=\"wp-rss-template-container\" data-wpra-template=\"default\" data-template-ctx=\"W10=\">\n    <div class=\"wp-rss-aggregator wpra-list-template  \" data-page=\"1\">\n    \n    \n<ul class=\"wpra-item-list rss-aggregator wpra-item-list--bullets wpra-item-list--default\"\n    start=\"1\">\n                        <li class=\"wpra-item feed-item \">\n            \n            \n\n    <a  href=\"https:\/\/distritoemprendedores.com\/blog\/2026\/03\/16\/hello-world\/\" target=\"_blank\" rel=\"nofollow\" class=\"\">Hello world!<\/a>\n\n\n\n\n\n\n<div class=\"wprss-feed-meta\">\n            <span class=\"feed-source\">\n            Source:\n\n                            Distrito Emprendedores\n                    <\/span>\n    \n            <span class=\"feed-date\">\n            Published on 2026-03-16\n        <\/span>\n    \n    <\/div>\n\n\n\n\n\n            \n        <\/li>\n                    <li class=\"wpra-item feed-item \">\n            \n            \n\n    <a  href=\"https:\/\/www.dropbox.com\/scl\/fi\/b6csvpbfxu24vaezmo3es\/62bed0634df20e5ef35346439fdd423f_franquicias.pdf?rlkey=mfp2795s4n89mw35l0yeu2vl5&amp;e=2&amp;st=57kabuy0&amp;dl=0#new_tab\" target=\"_blank\" rel=\"nofollow\" class=\"\">Las franquicias espa\u00f1olas duplican su presencia en mercados for\u00e1neos<\/a>\n\n\n\n\n\n\n<div class=\"wprss-feed-meta\">\n            <span class=\"feed-source\">\n            Source:\n\n                            Distrito Emprendedores\n                    <\/span>\n    \n            <span class=\"feed-date\">\n            Published on 2026-03-11\n        <\/span>\n    \n    <\/div>\n\n\n\n\n\n            \n        <\/li>\n                    <li class=\"wpra-item feed-item \">\n            \n            \n\n    <a  href=\"https:\/\/distritoemprendedores.es\/blog\/5-errores-fatales-al-internacionalizar-tu-franquicia\/\" target=\"_blank\" rel=\"nofollow\" class=\"\">5 errores fatales al internacionalizar tu franquicia<\/a>\n\n\n\n\n\n\n<div class=\"wprss-feed-meta\">\n            <span class=\"feed-source\">\n            Source:\n\n                            Distrito Emprendedores\n                    <\/span>\n    \n            <span class=\"feed-date\">\n            Published on 2026-03-10\n        <\/span>\n    \n    <\/div>\n\n\n\n\n\n            \n        <\/li>\n                    <li class=\"wpra-item feed-item \">\n            \n            \n\n    <a  href=\"https:\/\/distritoemprendedores.es\/blog\/un-nuevo-prime-time-para-las-marcas-afterwork-tardeo-y-futbol-se-consolidan-como-los-grandes-motores-del-consumo-experiencial\/\" target=\"_blank\" rel=\"nofollow\" class=\"\">Un nuevo prime time para las marcas: afterwork, tardeo y f\u00fatbol se consolidan como los grandes motores del consumo experiencial<\/a>\n\n\n\n\n\n\n<div class=\"wprss-feed-meta\">\n            <span class=\"feed-source\">\n            Source:\n\n                            Distrito Emprendedores\n                    <\/span>\n    \n            <span class=\"feed-date\">\n            Published on 2026-03-09\n        <\/span>\n    \n    <\/div>\n\n\n\n\n\n            \n        <\/li>\n                    <li class=\"wpra-item feed-item \">\n            \n            \n\n    <a  href=\"https:\/\/distritoemprendedores.es\/blog\/la-ventaja-competitiva-esta-en-entender-como-pregunta-el-consumidor\/\" target=\"_blank\" rel=\"nofollow\" class=\"\">La ventaja competitiva est\u00e1 en entender c\u00f3mo pregunta el consumidor<\/a>\n\n\n\n\n\n\n<div class=\"wprss-feed-meta\">\n            <span class=\"feed-source\">\n            Source:\n\n                            Distrito Emprendedores\n                    <\/span>\n    \n            <span class=\"feed-date\">\n            Published on 2026-03-08\n        <\/span>\n    \n    <\/div>\n\n\n\n\n\n            \n        <\/li>\n                    <li class=\"wpra-item feed-item \">\n            \n            \n\n    <a  href=\"https:\/\/distritoemprendedores.es\/blog\/solo-el-7-de-los-espanoles-cree-a-las-marcas-cuando-comunican-sus-valores-con-hechos-demostrables\/\" target=\"_blank\" rel=\"nofollow\" class=\"\">Solo el 7% de los espa\u00f1oles cree a las marcas cuando comunican sus valores con hechos demostrables<\/a>\n\n\n\n\n\n\n<div class=\"wprss-feed-meta\">\n            <span class=\"feed-source\">\n            Source:\n\n                            Distrito Emprendedores\n                    <\/span>\n    \n            <span class=\"feed-date\">\n            Published on 2026-03-07\n        <\/span>\n    \n    <\/div>\n\n\n\n\n\n            \n        <\/li>\n                    <li class=\"wpra-item feed-item \">\n            \n            \n\n    <a  href=\"https:\/\/distritoemprendedores.es\/blog\/el-38-de-las-empresas-creadas-en-2019-ha-echado-ya-el-cierre\/\" target=\"_blank\" rel=\"nofollow\" class=\"\">El 38% de las empresas creadas en 2019 ha echado ya el cierre<\/a>\n\n\n\n\n\n\n<div class=\"wprss-feed-meta\">\n            <span class=\"feed-source\">\n            Source:\n\n                            Distrito Emprendedores\n                    <\/span>\n    \n            <span class=\"feed-date\">\n            Published on 2026-03-06\n        <\/span>\n    \n    <\/div>\n\n\n\n\n\n            \n        <\/li>\n                    <li class=\"wpra-item feed-item \">\n            \n            \n\n    <a  href=\"https:\/\/distritoemprendedores.es\/blog\/descubre-las-oportunidades-y-tendencias-en-el-mercado-de-la-franquicia-para-2026\/\" target=\"_blank\" rel=\"nofollow\" class=\"\">Descubre las oportunidades y tendencias en el mercado de la franquicia para 2026<\/a>\n\n\n\n\n\n\n<div class=\"wprss-feed-meta\">\n            <span class=\"feed-source\">\n            Source:\n\n                            Distrito Emprendedores\n                    <\/span>\n    \n            <span class=\"feed-date\">\n            Published on 2026-03-05\n        <\/span>\n    \n    <\/div>\n\n\n\n\n\n            \n        <\/li>\n                    <li class=\"wpra-item feed-item \">\n            \n            \n\n    <a  href=\"https:\/\/distritoemprendedores.es\/blog\/las-startups-de-salud-mas-punteras-del-mundo\/\" target=\"_blank\" rel=\"nofollow\" class=\"\">Las startups de salud m\u00e1s punteras del mundo<\/a>\n\n\n\n\n\n\n<div class=\"wprss-feed-meta\">\n            <span class=\"feed-source\">\n            Source:\n\n                            Distrito Emprendedores\n                    <\/span>\n    \n            <span class=\"feed-date\">\n            Published on 2026-03-04\n        <\/span>\n    \n    <\/div>\n\n\n\n\n\n            \n        <\/li>\n                    <li class=\"wpra-item feed-item \">\n            \n            \n\n    <a  href=\"https:\/\/distritoemprendedores.es\/blog\/puesta-en-marcha-de-un-negocio-primeros-pasos-para-validar-vender-y-controlar-la-tesoreria\/\" target=\"_blank\" rel=\"nofollow\" class=\"\">Puesta en marcha de un negocio: primeros pasos para validar, vender y controlar la tesorer\u00eda<\/a>\n\n\n\n\n\n\n<div class=\"wprss-feed-meta\">\n            <span class=\"feed-source\">\n            Source:\n\n                            Distrito Emprendedores\n                    <\/span>\n    \n            <span class=\"feed-date\">\n            Published on 2026-03-03\n        <\/span>\n    \n    <\/div>\n\n\n\n\n\n            \n        <\/li>\n                    <li class=\"wpra-item feed-item \">\n            \n            \n\n    <a  href=\"https:\/\/distritoemprendedores.es\/blog\/6-franquicias-sin-apenas-competencia-en-el-mercado\/\" target=\"_blank\" rel=\"nofollow\" class=\"\">6 franquicias sin apenas competencia en el mercado<\/a>\n\n\n\n\n\n\n<div class=\"wprss-feed-meta\">\n            <span class=\"feed-source\">\n            Source:\n\n                            Distrito Emprendedores\n                    <\/span>\n    \n            <span class=\"feed-date\">\n            Published on 2026-03-02\n        <\/span>\n    \n    <\/div>\n\n\n\n\n\n            \n        <\/li>\n                    <li class=\"wpra-item feed-item \">\n            \n            \n\n    <a  href=\"https:\/\/digistorage.es\/links\/71d78951-a420-4f5b-8de6-7b35ae7efc1c#new_tab\" target=\"_blank\" rel=\"nofollow\" class=\"\">Los algoritmos amenazan con filtrar las confesiones realizadas al abogado<\/a>\n\n\n\n\n\n\n<div class=\"wprss-feed-meta\">\n            <span class=\"feed-source\">\n            Source:\n\n                            Distrito Emprendedores\n                    <\/span>\n    \n            <span class=\"feed-date\">\n            Published on 2026-03-01\n        <\/span>\n    \n    <\/div>\n\n\n\n\n\n            \n        <\/li>\n                    <li class=\"wpra-item feed-item \">\n            \n            \n\n    <a  href=\"https:\/\/distritoemprendedores.es\/blog\/las-startups-que-mas-innovan-en-el-mundo\/\" target=\"_blank\" rel=\"nofollow\" class=\"\">Las startups que m\u00e1s innovan en el mundo<\/a>\n\n\n\n\n\n\n<div class=\"wprss-feed-meta\">\n            <span class=\"feed-source\">\n            Source:\n\n                            Distrito Emprendedores\n                    <\/span>\n    \n            <span class=\"feed-date\">\n            Published on 2026-02-28\n        <\/span>\n    \n    <\/div>\n\n\n\n\n\n            \n        <\/li>\n                    <li class=\"wpra-item feed-item \">\n            \n            \n\n    <a  href=\"https:\/\/distritoemprendedores.es\/blog\/tiktok-genera-31-000-millones-de-euros-para-las-empresas-europeas-y-3-000-millones-en-espana\/\" target=\"_blank\" rel=\"nofollow\" class=\"\">TikTok genera 31.000 millones de euros para las empresas europeas y 3.000 millones en Espa\u00f1a<\/a>\n\n\n\n\n\n\n<div class=\"wprss-feed-meta\">\n            <span class=\"feed-source\">\n            Source:\n\n                            Distrito Emprendedores\n                    <\/span>\n    \n            <span class=\"feed-date\">\n            Published on 2026-02-27\n        <\/span>\n    \n    <\/div>\n\n\n\n\n\n            \n        <\/li>\n                    <li class=\"wpra-item feed-item \">\n            \n            \n\n    <a  href=\"https:\/\/distritoemprendedores.es\/blog\/amazon-planea-un-marketplace-para-hacer-de-puente-entre-los-publishers-y-las-empresas-de-ia\/\" target=\"_blank\" rel=\"nofollow\" class=\"\">Amazon planea un \u00abmarketplace\u00bb para hacer de puente entre los \u00abpublishers\u00bb y las empresas de IA<\/a>\n\n\n\n\n\n\n<div class=\"wprss-feed-meta\">\n            <span class=\"feed-source\">\n            Source:\n\n                            Distrito Emprendedores\n                    <\/span>\n    \n            <span class=\"feed-date\">\n            Published on 2026-02-26\n        <\/span>\n    \n    <\/div>\n\n\n\n\n\n            \n        <\/li>\n        <\/ul>\n\n        \n<\/div>\n\n<\/div>\n\n<hr \/>\n<p class=\"jsx-1710225312 c--grey-neutral-800\">Varios de estos antiguos constructores navales empiezan a pasar su tiempo libre en un bar local propiedad de su amigo Rico (Joaqu\u00edn Climent). El grupo est\u00e1 encabezado por Santa (Javier Bardem), un pragm\u00e1tico hombre que intenta mantener alto el \u00e1nimo de sus compa\u00f1eros. Sin embargo, en contra tendr\u00e1 el desgaste que produce en el ser humano la falta de ocupaci\u00f3n\u2026<\/p>\n<p><iframe loading=\"lazy\" title=\"Los lunes al sol - Trailer ESP\" width=\"1110\" height=\"624\" src=\"https:\/\/www.youtube.com\/embed\/CG2XjTf7D5E?feature=oembed\" frameborder=\"0\" allow=\"accelerometer; autoplay; clipboard-write; encrypted-media; gyroscope; picture-in-picture\" allowfullscreen><\/iframe><\/p>\n<h3 id=\"7-hoy-empieza-todo-de-bertrand-tavernier\" class=\"jsx-3692753319 jsx-2566528898 c--main-600  mt--x-big pt--normal\">7. Hoy empieza todo, de Bertrand Tavernier<\/h3>\n<p class=\"jsx-1710225312 c--grey-neutral-800\"><strong>Daniel Lefebvre es el director de la escuela infantil de un barrio marginal de un pueblo minero\u00a0<\/strong>del norte de Francia en el que el 30 % de la poblaci\u00f3n est\u00e1 en paro a causa de la crisis de la miner\u00eda. Un d\u00eda, la madre de una alumna llega borracha a la escuela, sufre un colapso y deja all\u00ed a su beb\u00e9 y a su hija de cinco a\u00f1os.<\/p>\n<p class=\"jsx-1710225312 c--grey-neutral-800\">El director solicita entonces la ayuda de los vecinos, pero lo \u00fanico que conseguir\u00e1 es que su labor docente sea cuestionada.\u00a0<a class=\"jsx-151512268 jsx-3387278544 default-a-link is--underline c--secondary-600 is--underline\" href=\"https:\/\/lamenteesmaravillosa.com\/hoy-empieza-todo-la-mejor-pelicula-para-explicar-la-importancia-de-la-escuela-publica\/\" target=\"_blank\" rel=\"noopener noreferrer\" data-with-google-events=\"true\" data-google-events=\"{&quot;data&quot;:{&quot;action&quot;:&quot;click&quot;,&quot;category&quot;:&quot;Content&quot;,&quot;label&quot;:&quot;Related \/peliculas-trabajo\/&quot;,&quot;value&quot;:&quot;https:\/\/lamenteesmaravillosa.com\/hoy-empieza-todo-la-mejor-pelicula-para-explicar-la-importancia-de-la-escuela-publica\/&quot;}}\"><em>Hoy empieza todo<\/em><\/a>\u00a0es la cr\u00edtica de la indiferencia y burocratizaci\u00f3n del sistema de asistencia social.<\/p>\n<p class=\"jsx-1710225312 c--grey-neutral-800\"><strong>La pel\u00edcula es un homenaje a los profesores de escuela<\/strong>\u00a0<strong>que intentan hacer mejor la vida de las personas que hay a su alrededor,\u00a0<\/strong>aunque\u00a0esto suponga enfrentarse a las cr\u00edticas y la desconfianza de quienes prefieren lo malo conocido.<\/p>\n<p><iframe loading=\"lazy\" title=\"Trailer  HOY EMPIEZA TODO en &quot;El Adefesio&quot; 31\/10\/2013\" width=\"1110\" height=\"624\" src=\"https:\/\/www.youtube.com\/embed\/bR3-8A4mpu8?feature=oembed\" frameborder=\"0\" allow=\"accelerometer; autoplay; clipboard-write; encrypted-media; gyroscope; picture-in-picture\" allowfullscreen><\/iframe><\/p>\n<h3 id=\"8-dos-dias-y-una-noche-de-jean-pierre-dardenne-y-luc-dardenne\" class=\"jsx-3692753319 jsx-2566528898 c--main-600  mt--x-big pt--normal\">8. Dos d\u00edas y una noche, de Jean-Pierre Dardenne y Luc Dardenne<\/h3>\n<p class=\"jsx-1710225312 c--grey-neutral-800\"><em>Dos d\u00edas y una noche<\/em>\u00a0es\u00a0<strong>una par\u00e1bola convincente y bien interpretada sobre la crueldad del capitalismo,\u00a0<\/strong>las decisiones que impone a la gente com\u00fan y el inter\u00e9s propio que engendra. La pel\u00edcula sorprende por la actuaci\u00f3n de\u00a0<a class=\"jsx-151512268 jsx-3387278544 default-a-link is--underline c--secondary-600 is--underline\" href=\"https:\/\/es.wikipedia.org\/wiki\/Marion_Cotillard\" target=\"_blank\" rel=\"noopener noreferrer\" data-with-google-events=\"true\" data-google-events=\"{&quot;data&quot;:{&quot;action&quot;:&quot;click&quot;,&quot;category&quot;:&quot;Content&quot;,&quot;label&quot;:&quot;Related \/peliculas-trabajo\/&quot;,&quot;value&quot;:&quot;https:\/\/es.wikipedia.org\/wiki\/Marion_Cotillard&quot;}}\">Marion Cotillard<\/a>, quien fue una de las sorpresas entre las nominadas a Mejor Actriz en los Oscar.<\/p>\n<p>Un fin de semana. Es el tiempo que dispone Sandra, con la ayuda de su marido, para ver a sus compa\u00f1eros de trabajo y convencerles de que renuncien a sus primas. Si lo hacen, ella podr\u00e1 mantener su puesto. \u00bfLo conseguir\u00e1? Para saberlo, tendr\u00e1s que ver la pel\u00edcula.<\/p>\n<p><iframe loading=\"lazy\" title=\"Dos Dias Una Noche Trailer 2014 Espa\u00f1ol\" width=\"1110\" height=\"624\" src=\"https:\/\/www.youtube.com\/embed\/ZhWQxo1l4io?feature=oembed\" frameborder=\"0\" allow=\"accelerometer; autoplay; clipboard-write; encrypted-media; gyroscope; picture-in-picture\" allowfullscreen><\/iframe><\/p>\n<h3 id=\"9-la-clase-obrera-va-al-paraiso-de-elio-petri\" class=\"jsx-3692753319 jsx-2566528898 c--main-600  mt--x-big pt--normal\">9. La Clase Obrera va al Para\u00edso, de Elio Petri<\/h3>\n<p class=\"jsx-1710225312 c--grey-neutral-800\"><strong>Esta pel\u00edcula constituye uno de los grandes films de cine social y pol\u00edtico italiano.<\/strong>\u00a0Destaca adem\u00e1s en la pel\u00edcula la intensa interpretaci\u00f3n de\u00a0<a class=\"jsx-151512268 jsx-3387278544 default-a-link is--underline c--secondary-600 is--underline\" href=\"https:\/\/es.wikipedia.org\/wiki\/Gian_Maria_Volont%C3%A9\" target=\"_blank\" rel=\"noopener noreferrer\" data-with-google-events=\"true\" data-google-events=\"{&quot;data&quot;:{&quot;action&quot;:&quot;click&quot;,&quot;category&quot;:&quot;Content&quot;,&quot;label&quot;:&quot;Related \/peliculas-trabajo\/&quot;,&quot;value&quot;:&quot;https:\/\/es.wikipedia.org\/wiki\/Gian_Maria_Volont%C3%A9&quot;}}\">Gian Maria Volont\u00e9<\/a>\u00a0y la brillante banda sonora a cargo de Ennio Morricone.<\/p>\n<p class=\"jsx-1710225312 c--grey-neutral-800\">Ludovico Massa (Gian Maria Volont\u00e9), m\u00e1s conocido por sus \u201ccompa\u00f1eros\u201d de f\u00e1brica como Lul, es un operario metal\u00fargico milan\u00e9s. Padre de dos familias y atormentado por una \u00falcera, Lul impone un fren\u00e9tico ritmo productivo en la f\u00e1brica trabajando en turnos a destajo; con esta actitud se gana el desprecio de sus compa\u00f1eros, ya que no tienen otro remedio que intentar igualar su ritmo.<\/p>\n<p class=\"jsx-1710225312 c--grey-neutral-800\">Un mal d\u00eda Lul pierde un dedo en un accidente laboral. Es entonces cuando decide sindicalizarse y todo empieza a cambiar.<\/p>\n<p><iframe loading=\"lazy\" title=\"La clase obrera va al para\u00edso \/ Lul\u00f9 Massa\" width=\"1110\" height=\"624\" src=\"https:\/\/www.youtube.com\/embed\/jPOwAptTWqU?feature=oembed\" frameborder=\"0\" allow=\"accelerometer; autoplay; clipboard-write; encrypted-media; gyroscope; picture-in-picture\" allowfullscreen><\/iframe><\/p>\n<p><a class=\"jsx-151512268 jsx-143194717 default-a-link is--underline c--grey-neutral-800  link-tool-tip jsx-2288154920 jsx-986712099 is--underline\" href=\"https:\/\/lamenteesmaravillosa.com\/profesional\/cristina-roda-rivera\/\" target=\"_self\" rel=\"noopener\"><strong>Cristina Roda Rivera<\/strong><\/a><\/p>\n<div id=\"telet-2423494696\" class=\"telet-despues-del-contenido telet-entity-placement\"><a target=\"_blank\" href=\"\/\/aff.lucushost.com\/resources\/click\/?n=gDxoXMAJ&aff=756\"><img decoding=\"async\" border=\"0\" alt=\"LucusHost, el mejor hosting\" src=\"\/\/aff.lucushost.com\/resources\/banners\/?zoneid=5123&n=gDxoXMAJ&aff=756\" \/><\/a><\/div>","protected":false},"excerpt":{"rendered":"<p>Te proponemos para ver 9 pel\u00edculas sobre el trabajo que lo \u00faltimo que van a hacer es aburrirte. Las siguientes pel\u00edculas sobre el trabajo abordan algunas de las encrucijadas m\u00e1s&hellip; <\/p>\n","protected":false},"author":1,"featured_media":4906,"comment_status":"open","ping_status":"open","sticky":false,"template":"","format":"standard","meta":{"_jetpack_memberships_contains_paid_content":false,"footnotes":"","_links_to":"","_links_to_target":""},"categories":[8],"tags":[15,14],"class_list":["post-4905","post","type-post","status-publish","format-standard","has-post-thumbnail","hentry","category-vida-social","tag-fuprisa","tag-jose-manuel-fuentes-prieto"],"nelio_content":{"autoShareEndMode":"never","automationSources":{"useCustomSentences":false,"customSentences":[]},"efiAlt":"","efiUrl":"","followers":[1],"highlights":[],"isAutoShareEnabled":true,"networkImageIds":[],"permalinkQueryArgs":[],"series":[],"suggestedReferences":[]},"jetpack_featured_media_url":"https:\/\/teletrabajoynegocios.com\/telesecretarias\/wp-content\/uploads\/sites\/2\/2021\/08\/mujer-preocupada-calle.jpeg","jetpack_sharing_enabled":true,"_links":{"self":[{"href":"https:\/\/teletrabajoynegocios.com\/telesecretarias\/wp-json\/wp\/v2\/posts\/4905","targetHints":{"allow":["GET"]}}],"collection":[{"href":"https:\/\/teletrabajoynegocios.com\/telesecretarias\/wp-json\/wp\/v2\/posts"}],"about":[{"href":"https:\/\/teletrabajoynegocios.com\/telesecretarias\/wp-json\/wp\/v2\/types\/post"}],"author":[{"embeddable":true,"href":"https:\/\/teletrabajoynegocios.com\/telesecretarias\/wp-json\/wp\/v2\/users\/1"}],"replies":[{"embeddable":true,"href":"https:\/\/teletrabajoynegocios.com\/telesecretarias\/wp-json\/wp\/v2\/comments?post=4905"}],"version-history":[{"count":1,"href":"https:\/\/teletrabajoynegocios.com\/telesecretarias\/wp-json\/wp\/v2\/posts\/4905\/revisions"}],"predecessor-version":[{"id":4907,"href":"https:\/\/teletrabajoynegocios.com\/telesecretarias\/wp-json\/wp\/v2\/posts\/4905\/revisions\/4907"}],"wp:featuredmedia":[{"embeddable":true,"href":"https:\/\/teletrabajoynegocios.com\/telesecretarias\/wp-json\/wp\/v2\/media\/4906"}],"wp:attachment":[{"href":"https:\/\/teletrabajoynegocios.com\/telesecretarias\/wp-json\/wp\/v2\/media?parent=4905"}],"wp:term":[{"taxonomy":"category","embeddable":true,"href":"https:\/\/teletrabajoynegocios.com\/telesecretarias\/wp-json\/wp\/v2\/categories?post=4905"},{"taxonomy":"post_tag","embeddable":true,"href":"https:\/\/teletrabajoynegocios.com\/telesecretarias\/wp-json\/wp\/v2\/tags?post=4905"}],"curies":[{"name":"wp","href":"https:\/\/api.w.org\/{rel}","templated":true}]}}