{"id":4915,"date":"2021-08-03T10:43:02","date_gmt":"2021-08-03T08:43:02","guid":{"rendered":"https:\/\/teletrabajoynegocios.com\/telesecretarias\/?p=4915"},"modified":"2021-08-02T09:51:27","modified_gmt":"2021-08-02T07:51:27","slug":"cuando-deberias-tomarte-un-ano-sabatico-11-beneficios","status":"publish","type":"post","link":"https:\/\/teletrabajoynegocios.com\/telesecretarias\/cuando-deberias-tomarte-un-ano-sabatico-11-beneficios\/","title":{"rendered":"\u00bfCu\u00e1ndo deber\u00edas tomarte un a\u00f1o sab\u00e1tico? 11 beneficios"},"content":{"rendered":"<div id=\"telet-3913593908\" class=\"telet-antes-del-contenido telet-entity-placement\"><a href=\"https:\/\/quaderno.io\/?via=jose-manuel94\" aria-label=\"Quaderno General (Spanish) &#8211; 728&#215;90\"><img loading=\"lazy\" decoding=\"async\" src=\"https:\/\/teletrabajoynegocios.com\/telesecretarias\/wp-content\/uploads\/sites\/2\/2020\/11\/Quaderno-General-Spanish-728x90-1.png\" alt=\"\"  srcset=\"https:\/\/teletrabajoynegocios.com\/telesecretarias\/wp-content\/uploads\/sites\/2\/2020\/11\/Quaderno-General-Spanish-728x90-1.png 728w, https:\/\/teletrabajoynegocios.com\/telesecretarias\/wp-content\/uploads\/sites\/2\/2020\/11\/Quaderno-General-Spanish-728x90-1-300x37.png 300w\" sizes=\"(max-width: 728px) 100vw, 728px\" width=\"728\" height=\"90\"   \/><\/a><\/div><p>En ocasiones, tomar una pausa, escucharnos y descubrir lo que queremos se hace imprescindible. Te contamos c\u00f3mo un a\u00f1o sab\u00e1tico puede cambiar tu vida.<\/p>\n<p class=\"jsx-1710225312 c--grey-neutral-800\">Pr\u00e1cticamente desde que nacemos, la ruta de nuestra vida parece estar ya planificada. Jard\u00edn de infancia, colegio, instituto, estudios superiores, trabajo\u2026 Los pasos son claros y los tiempos para tomarlos tambi\u00e9n. En esta din\u00e1mica, no parece haber espacio para la reflexi\u00f3n ni opci\u00f3n a salirse del camino. Sin embargo,\u00a0<strong>existen diversas circunstancias en las que tomarte un a\u00f1o sab\u00e1tico puede ser realmente beneficioso para ti<\/strong>.<\/p>\n<p class=\"jsx-1710225312 c--grey-neutral-800\">El t\u00e9rmino \u201ca\u00f1o sab\u00e1tico\u201d tiene en ocasiones una connotaci\u00f3n negativa. Asociamos este concepto a inactividad, p\u00e9rdida de tiempo, pereza y confusi\u00f3n. No obstante, esto no es as\u00ed en absoluto; no si sabes c\u00f3mo planificar y sacar provecho a estos meses.<\/p>\n<p class=\"jsx-1710225312 c--grey-neutral-800\"><strong>Este alto en el camino no implica quedarse sentado en el sof\u00e1, sino dedicar tiempo y energ\u00eda al\u00a0<a class=\"jsx-151512268 jsx-3387278544 default-a-link is--underline c--secondary-600 is--underline\" href=\"https:\/\/lamenteesmaravillosa.com\/plan-de-crecimiento-personal-como-hacerlo-y-no-dejarlo-en-el-papel\/\" target=\"_blank\" rel=\"noopener noreferrer\" data-with-google-events=\"true\" data-google-events=\"{&quot;data&quot;:{&quot;action&quot;:&quot;click&quot;,&quot;category&quot;:&quot;Content&quot;,&quot;label&quot;:&quot;Related \/ano-sabatico-beneficios\/&quot;,&quot;value&quot;:&quot;https:\/\/lamenteesmaravillosa.com\/plan-de-crecimiento-personal-como-hacerlo-y-no-dejarlo-en-el-papel\/&quot;}}\">crecimiento personal<\/a>\u00a0<\/strong>de formas distintas a las preestablecidas. Te contamos los beneficios que puedes obtener.<\/p>\n<h2 id=\"cuando-deberias-tomarte-un-ano-sabatico\" class=\"jsx-3692753319 jsx-2566528898 c--main-600  mt--x-big pt--normal\">\u00bfCu\u00e1ndo deber\u00edas tomarte un a\u00f1o sab\u00e1tico?<\/h2>\n<p class=\"jsx-1710225312 c--grey-neutral-800\"><strong>No existe un momento concreto o una etapa vital espec\u00edfica en la que sea adecuado tomarse un a\u00f1o sab\u00e1tico<\/strong>. Esto depender\u00e1 de la trayectoria personal de cada uno, de sus circunstancias y necesidades. Sin embargo, hay ciertos puntos de inflexi\u00f3n en los que puede ser realmente recomendable:<\/p>\n<ul class=\"jsx-43291209 list-on-content mlr--x-big mtb--big c--grey-neutral-800 lh--1-8 ff--serif lst--disc\">\n<li>Al finalizar la educaci\u00f3n obligatoria y antes de comenzar estudios superiores.<\/li>\n<li>Antes de iniciarse en el mercado laboral.<\/li>\n<li>Tras un\u00a0<a class=\"jsx-151512268 jsx-3387278544 default-a-link is--underline c--secondary-600 is--underline\" href=\"https:\/\/lamenteesmaravillosa.com\/la-vida-no-acaba-con-un-despido-laboral\/\" target=\"_blank\" rel=\"noopener noreferrer\" data-with-google-events=\"true\" data-google-events=\"{&quot;data&quot;:{&quot;action&quot;:&quot;click&quot;,&quot;category&quot;:&quot;Content&quot;,&quot;label&quot;:&quot;Related \/ano-sabatico-beneficios\/&quot;,&quot;value&quot;:&quot;https:\/\/lamenteesmaravillosa.com\/la-vida-no-acaba-con-un-despido-laboral\/&quot;}}\">despido<\/a>.<\/li>\n<li>Ante la insatisfacci\u00f3n profunda con la vida actual o tras un acontecimiento negativo importante.<\/li>\n<\/ul>\n<h2 id=\"beneficios-de-tomarte-un-ano-sabatico\" class=\"jsx-3692753319 jsx-2566528898 c--main-600  mt--x-big pt--normal\">Beneficios de tomarte un a\u00f1o sab\u00e1tico<\/h2>\n<p class=\"jsx-1710225312 c--grey-neutral-800\">Puede que pienses que tomarte un a\u00f1o sab\u00e1tico es una p\u00e9rdida de tiempo o un acto d\u00e9bil o de cobard\u00eda. Y es que con demasiada frecuencia equiparamos vivir con trabajar y damos por sentado que hemos de seguir girando en la rueda del h\u00e1mster sin plantearnos otras salidas. No obstante,\u00a0<strong>estos meses de pausa pueden aportarte grandes ventajas<\/strong>.<\/p>\n<h3 id=\"descubres-lo-que-quieres\" class=\"jsx-3692753319 jsx-2566528898 c--main-600  mt--x-big pt--normal\">Descubres lo que quieres<\/h3>\n<p class=\"jsx-1710225312 c--grey-neutral-800\">Muchas personas a sus 18 a\u00f1os son incapaces de decidir a qu\u00e9 quieren dedicarse el resto de su vida, y esto es algo completamente normal. Por ello,\u00a0<strong>antes de\u00a0<a class=\"jsx-151512268 jsx-3387278544 default-a-link is--underline c--secondary-600 is--underline\" href=\"https:\/\/lamenteesmaravillosa.com\/estudiar-algo-con-futuro-o-algo-que-me-gusta\/\" target=\"_blank\" rel=\"noopener noreferrer\" data-with-google-events=\"true\" data-google-events=\"{&quot;data&quot;:{&quot;action&quot;:&quot;click&quot;,&quot;category&quot;:&quot;Content&quot;,&quot;label&quot;:&quot;Related \/ano-sabatico-beneficios\/&quot;,&quot;value&quot;:&quot;https:\/\/lamenteesmaravillosa.com\/estudiar-algo-con-futuro-o-algo-que-me-gusta\/&quot;}}\">elegir una carrera<\/a>\u00a0al azar o por inercia puede ser positivo dedicar un a\u00f1o a reflexionar sobre los propios gustos, inquietudes y talentos<\/strong>.<\/p>\n<p class=\"jsx-1710225312 c--grey-neutral-800\">Durante este tiempo, puedes explorar diferentes actividades, probarte en varios \u00e1mbitos y, tal vez, obtener claridad respecto a cu\u00e1l es tu pasi\u00f3n y tu prop\u00f3sito.<\/p>\n<h3 id=\"profundizas-en-tu-formacion\" class=\"jsx-3692753319 jsx-2566528898 c--main-600  mt--x-big pt--normal\">Profundizas en tu formaci\u00f3n<\/h3>\n<p class=\"jsx-1710225312 c--grey-neutral-800\">Al finalizar una carrera, un m\u00e1ster o un ciclo formativo puedes tener la sensaci\u00f3n de que la formaci\u00f3n no ha sido suficiente o adecuada y quiz\u00e1 a\u00fan no te veas preparado para iniciar tu pr\u00e1ctica laboral.<\/p>\n<p class=\"jsx-1710225312 c--grey-neutral-800\">As\u00ed,\u00a0<strong>puedes hacer una pausa para formarte mediante cursos no reglados, aprender de forma autodidacta o realizar algunas pr\u00e1cticas o\u00a0<a class=\"jsx-151512268 jsx-3387278544 default-a-link is--underline c--secondary-600 is--underline\" href=\"https:\/\/lamenteesmaravillosa.com\/los-beneficios-del-voluntariado\/\" target=\"_blank\" rel=\"noopener noreferrer\" data-with-google-events=\"true\" data-google-events=\"{&quot;data&quot;:{&quot;action&quot;:&quot;click&quot;,&quot;category&quot;:&quot;Content&quot;,&quot;label&quot;:&quot;Related \/ano-sabatico-beneficios\/&quot;,&quot;value&quot;:&quot;https:\/\/lamenteesmaravillosa.com\/los-beneficios-del-voluntariado\/&quot;}}\">voluntariados<\/a><\/strong>\u00a0que te ayuden a ganar experiencia y confianza.<\/p>\n<h3 id=\"aprendes-idiomas\" class=\"jsx-3692753319 jsx-2566528898 c--main-600  mt--x-big pt--normal\">Aprendes idiomas<\/h3>\n<p class=\"jsx-1710225312 c--grey-neutral-800\">Saber idiomas es una ventaja fundamental no solo en el \u00e1mbito laboral sino\u00a0<a class=\"jsx-151512268 jsx-3387278544 default-a-link is--underline c--secondary-600 is--underline\" href=\"https:\/\/cdigital.uv.mx\/handle\/123456789\/5768\" target=\"_blank\" rel=\"noopener noreferrer\" data-with-google-events=\"true\" data-google-events=\"{&quot;data&quot;:{&quot;action&quot;:&quot;click&quot;,&quot;category&quot;:&quot;Content&quot;,&quot;label&quot;:&quot;Related \/ano-sabatico-beneficios\/&quot;,&quot;value&quot;:&quot;https:\/\/cdigital.uv.mx\/handle\/123456789\/5768&quot;}}\">tambi\u00e9n a nivel cognitivo<\/a>. Sin embargo, sumidos en nuestra rutina diaria no siempre encontramos el momento para adquirir o perfeccionar otra lengua.<\/p>\n<p class=\"jsx-1710225312 c--grey-neutral-800\"><strong>Tomarte un a\u00f1o sab\u00e1tico te permitir\u00e1 enfocarte en un aprendizaje m\u00e1s intensivo y, por tanto, efectivo<\/strong>. Incluso, te dar\u00e1 el tiempo para viajar a otro pa\u00eds y realizar una inmersi\u00f3n completa en el idioma.<\/p>\n<h3 id=\"adquieres-experiencias-vitales\" class=\"jsx-3692753319 jsx-2566528898 c--main-600  mt--x-big pt--normal\">Adquieres experiencias vitales<\/h3>\n<p class=\"jsx-1710225312 c--grey-neutral-800\">No solo la formaci\u00f3n y el trabajo son esenciales, el crecimiento personal es tambi\u00e9n sumamente necesario. Adquirir habilidades, potenciar fortalezas y desarrollarnos como seres humanos deber\u00eda ser uno de nuestros principales objetivos.<\/p>\n<p class=\"jsx-1710225312 c--grey-neutral-800\">A este respecto, tomar un a\u00f1o sab\u00e1tico puede ser una excelente decisi\u00f3n, ya que<strong>\u00a0permite vivir diversas experiencias y retos que sacan a la persona de su zona de confort y la\u00a0<a class=\"jsx-151512268 jsx-3387278544 default-a-link is--underline c--secondary-600 is--underline\" href=\"https:\/\/www.tandfonline.com\/doi\/abs\/10.1080\/13676261.2010.522563\" target=\"_blank\" rel=\"noopener noreferrer\" data-with-google-events=\"true\" data-google-events=\"{&quot;data&quot;:{&quot;action&quot;:&quot;click&quot;,&quot;category&quot;:&quot;Content&quot;,&quot;label&quot;:&quot;Related \/ano-sabatico-beneficios\/&quot;,&quot;value&quot;:&quot;https:\/\/www.tandfonline.com\/doi\/abs\/10.1080\/13676261.2010.522563&quot;}}\">ayudan a madurar y a construir su identidad<\/a>.<\/strong><\/p>\n<p class=\"jsx-1710225312 c--grey-neutral-800\">Conocer nuevas personas, realizar distintos trabajos o actividades, explorar nuevos entornos o ciudades\u2026 todas estas vivencias tendr\u00e1n una repercusi\u00f3n en tu actitud y tu visi\u00f3n de la vida.<\/p>\n<h3 id=\"cuidas-tu-salud-mental\" class=\"jsx-3692753319 jsx-2566528898 c--main-600  mt--x-big pt--normal\">Cuidas tu salud mental<\/h3>\n<p class=\"jsx-1710225312 c--grey-neutral-800\">Tras a\u00f1os inmersos en unos estudios exigentes o en un empleo sacrificado,\u00a0<strong>la salud mental puede resentirse.<\/strong>\u00a0Lo mismo puede suceder si atravesamos un acontecimiento vital negativo e impactante, como la p\u00e9rdida de un ser querido.<\/p>\n<p class=\"jsx-1710225312 c--grey-neutral-800\">En estos momentos,\u00a0<strong>focalizarnos en la sanaci\u00f3n puede ser una prioridad.<\/strong>\u00a0Tomar terapia, escucharnos, cambiar pensamientos y conductas son acciones que pueden marcar un antes y un despu\u00e9s en nuestra vida. Incluso, algunos\u00a0<a class=\"jsx-151512268 jsx-3387278544 default-a-link is--underline c--secondary-600 is--underline\" href=\"https:\/\/www.tandfonline.com\/doi\/abs\/10.1080\/0260137950140406\" target=\"_blank\" rel=\"noopener noreferrer\" data-with-google-events=\"true\" data-google-events=\"{&quot;data&quot;:{&quot;action&quot;:&quot;click&quot;,&quot;category&quot;:&quot;Content&quot;,&quot;label&quot;:&quot;Related \/ano-sabatico-beneficios\/&quot;,&quot;value&quot;:&quot;https:\/\/www.tandfonline.com\/doi\/abs\/10.1080\/0260137950140406&quot;}}\">estudios<\/a>\u00a0han encontrado una mejora en el rendimiento y la motivaci\u00f3n laboral de los profesionales tras este descanso.<\/p>\n<h3 id=\"estableces-nuevos-habitos\" class=\"jsx-3692753319 jsx-2566528898 c--main-600  mt--x-big pt--normal\">Estableces nuevos h\u00e1bitos<\/h3>\n<p class=\"jsx-1710225312 c--grey-neutral-800\">Este periodo tambi\u00e9n\u00a0<strong>puede resultar ideal para cambiar esos h\u00e1bitos que llevamos a\u00f1os deseando modificar<\/strong>\u00a0y nunca parec\u00edamos encontrar el tiempo para hacerlo.<\/p>\n<p class=\"jsx-1710225312 c--grey-neutral-800\">Comenzar un estilo de alimentaci\u00f3n m\u00e1s saludable, hacer ejercicio de forma regular, incluir la meditaci\u00f3n en nuestra vida diaria o convertirnos en personas m\u00e1s organizadas, cualquier meta que te marques har\u00e1 que este tiempo sea mucho m\u00e1s productivo.<\/p>\n<hr \/>\n<p><img decoding=\"async\" src=\"https:\/\/teletrabajoynegocios.com\/teletrabajador\/wp-content\/uploads\/sites\/3\/2020\/07\/articulos.png\" \/><\/p>\n<div class=\"wp-rss-template-container\" data-wpra-template=\"default\" data-template-ctx=\"W10=\">\n    <div class=\"wp-rss-aggregator wpra-list-template  \" data-page=\"1\">\n    \n    \n<ul class=\"wpra-item-list rss-aggregator wpra-item-list--bullets wpra-item-list--default\"\n    start=\"1\">\n                        <li class=\"wpra-item feed-item \">\n            \n            \n\n    <a  href=\"https:\/\/distritoemprendedores.com\/blog\/2026\/03\/16\/hello-world\/\" target=\"_blank\" rel=\"nofollow\" class=\"\">Hello world!<\/a>\n\n\n\n\n\n\n<div class=\"wprss-feed-meta\">\n            <span class=\"feed-source\">\n            Source:\n\n                            Distrito Emprendedores\n                    <\/span>\n    \n            <span class=\"feed-date\">\n            Published on 2026-03-16\n        <\/span>\n    \n    <\/div>\n\n\n\n\n\n            \n        <\/li>\n                    <li class=\"wpra-item feed-item \">\n            \n            \n\n    <a  href=\"https:\/\/www.dropbox.com\/scl\/fi\/b6csvpbfxu24vaezmo3es\/62bed0634df20e5ef35346439fdd423f_franquicias.pdf?rlkey=mfp2795s4n89mw35l0yeu2vl5&amp;e=2&amp;st=57kabuy0&amp;dl=0#new_tab\" target=\"_blank\" rel=\"nofollow\" class=\"\">Las franquicias espa\u00f1olas duplican su presencia en mercados for\u00e1neos<\/a>\n\n\n\n\n\n\n<div class=\"wprss-feed-meta\">\n            <span class=\"feed-source\">\n            Source:\n\n                            Distrito Emprendedores\n                    <\/span>\n    \n            <span class=\"feed-date\">\n            Published on 2026-03-11\n        <\/span>\n    \n    <\/div>\n\n\n\n\n\n            \n        <\/li>\n                    <li class=\"wpra-item feed-item \">\n            \n            \n\n    <a  href=\"https:\/\/distritoemprendedores.es\/blog\/5-errores-fatales-al-internacionalizar-tu-franquicia\/\" target=\"_blank\" rel=\"nofollow\" class=\"\">5 errores fatales al internacionalizar tu franquicia<\/a>\n\n\n\n\n\n\n<div class=\"wprss-feed-meta\">\n            <span class=\"feed-source\">\n            Source:\n\n                            Distrito Emprendedores\n                    <\/span>\n    \n            <span class=\"feed-date\">\n            Published on 2026-03-10\n        <\/span>\n    \n    <\/div>\n\n\n\n\n\n            \n        <\/li>\n                    <li class=\"wpra-item feed-item \">\n            \n            \n\n    <a  href=\"https:\/\/distritoemprendedores.es\/blog\/un-nuevo-prime-time-para-las-marcas-afterwork-tardeo-y-futbol-se-consolidan-como-los-grandes-motores-del-consumo-experiencial\/\" target=\"_blank\" rel=\"nofollow\" class=\"\">Un nuevo prime time para las marcas: afterwork, tardeo y f\u00fatbol se consolidan como los grandes motores del consumo experiencial<\/a>\n\n\n\n\n\n\n<div class=\"wprss-feed-meta\">\n            <span class=\"feed-source\">\n            Source:\n\n                            Distrito Emprendedores\n                    <\/span>\n    \n            <span class=\"feed-date\">\n            Published on 2026-03-09\n        <\/span>\n    \n    <\/div>\n\n\n\n\n\n            \n        <\/li>\n                    <li class=\"wpra-item feed-item \">\n            \n            \n\n    <a  href=\"https:\/\/distritoemprendedores.es\/blog\/la-ventaja-competitiva-esta-en-entender-como-pregunta-el-consumidor\/\" target=\"_blank\" rel=\"nofollow\" class=\"\">La ventaja competitiva est\u00e1 en entender c\u00f3mo pregunta el consumidor<\/a>\n\n\n\n\n\n\n<div class=\"wprss-feed-meta\">\n            <span class=\"feed-source\">\n            Source:\n\n                            Distrito Emprendedores\n                    <\/span>\n    \n            <span class=\"feed-date\">\n            Published on 2026-03-08\n        <\/span>\n    \n    <\/div>\n\n\n\n\n\n            \n        <\/li>\n                    <li class=\"wpra-item feed-item \">\n            \n            \n\n    <a  href=\"https:\/\/distritoemprendedores.es\/blog\/solo-el-7-de-los-espanoles-cree-a-las-marcas-cuando-comunican-sus-valores-con-hechos-demostrables\/\" target=\"_blank\" rel=\"nofollow\" class=\"\">Solo el 7% de los espa\u00f1oles cree a las marcas cuando comunican sus valores con hechos demostrables<\/a>\n\n\n\n\n\n\n<div class=\"wprss-feed-meta\">\n            <span class=\"feed-source\">\n            Source:\n\n                            Distrito Emprendedores\n                    <\/span>\n    \n            <span class=\"feed-date\">\n            Published on 2026-03-07\n        <\/span>\n    \n    <\/div>\n\n\n\n\n\n            \n        <\/li>\n                    <li class=\"wpra-item feed-item \">\n            \n            \n\n    <a  href=\"https:\/\/distritoemprendedores.es\/blog\/el-38-de-las-empresas-creadas-en-2019-ha-echado-ya-el-cierre\/\" target=\"_blank\" rel=\"nofollow\" class=\"\">El 38% de las empresas creadas en 2019 ha echado ya el cierre<\/a>\n\n\n\n\n\n\n<div class=\"wprss-feed-meta\">\n            <span class=\"feed-source\">\n            Source:\n\n                            Distrito Emprendedores\n                    <\/span>\n    \n            <span class=\"feed-date\">\n            Published on 2026-03-06\n        <\/span>\n    \n    <\/div>\n\n\n\n\n\n            \n        <\/li>\n                    <li class=\"wpra-item feed-item \">\n            \n            \n\n    <a  href=\"https:\/\/distritoemprendedores.es\/blog\/descubre-las-oportunidades-y-tendencias-en-el-mercado-de-la-franquicia-para-2026\/\" target=\"_blank\" rel=\"nofollow\" class=\"\">Descubre las oportunidades y tendencias en el mercado de la franquicia para 2026<\/a>\n\n\n\n\n\n\n<div class=\"wprss-feed-meta\">\n            <span class=\"feed-source\">\n            Source:\n\n                            Distrito Emprendedores\n                    <\/span>\n    \n            <span class=\"feed-date\">\n            Published on 2026-03-05\n        <\/span>\n    \n    <\/div>\n\n\n\n\n\n            \n        <\/li>\n                    <li class=\"wpra-item feed-item \">\n            \n            \n\n    <a  href=\"https:\/\/distritoemprendedores.es\/blog\/las-startups-de-salud-mas-punteras-del-mundo\/\" target=\"_blank\" rel=\"nofollow\" class=\"\">Las startups de salud m\u00e1s punteras del mundo<\/a>\n\n\n\n\n\n\n<div class=\"wprss-feed-meta\">\n            <span class=\"feed-source\">\n            Source:\n\n                            Distrito Emprendedores\n                    <\/span>\n    \n            <span class=\"feed-date\">\n            Published on 2026-03-04\n        <\/span>\n    \n    <\/div>\n\n\n\n\n\n            \n        <\/li>\n                    <li class=\"wpra-item feed-item \">\n            \n            \n\n    <a  href=\"https:\/\/distritoemprendedores.es\/blog\/puesta-en-marcha-de-un-negocio-primeros-pasos-para-validar-vender-y-controlar-la-tesoreria\/\" target=\"_blank\" rel=\"nofollow\" class=\"\">Puesta en marcha de un negocio: primeros pasos para validar, vender y controlar la tesorer\u00eda<\/a>\n\n\n\n\n\n\n<div class=\"wprss-feed-meta\">\n            <span class=\"feed-source\">\n            Source:\n\n                            Distrito Emprendedores\n                    <\/span>\n    \n            <span class=\"feed-date\">\n            Published on 2026-03-03\n        <\/span>\n    \n    <\/div>\n\n\n\n\n\n            \n        <\/li>\n                    <li class=\"wpra-item feed-item \">\n            \n            \n\n    <a  href=\"https:\/\/distritoemprendedores.es\/blog\/6-franquicias-sin-apenas-competencia-en-el-mercado\/\" target=\"_blank\" rel=\"nofollow\" class=\"\">6 franquicias sin apenas competencia en el mercado<\/a>\n\n\n\n\n\n\n<div class=\"wprss-feed-meta\">\n            <span class=\"feed-source\">\n            Source:\n\n                            Distrito Emprendedores\n                    <\/span>\n    \n            <span class=\"feed-date\">\n            Published on 2026-03-02\n        <\/span>\n    \n    <\/div>\n\n\n\n\n\n            \n        <\/li>\n                    <li class=\"wpra-item feed-item \">\n            \n            \n\n    <a  href=\"https:\/\/digistorage.es\/links\/71d78951-a420-4f5b-8de6-7b35ae7efc1c#new_tab\" target=\"_blank\" rel=\"nofollow\" class=\"\">Los algoritmos amenazan con filtrar las confesiones realizadas al abogado<\/a>\n\n\n\n\n\n\n<div class=\"wprss-feed-meta\">\n            <span class=\"feed-source\">\n            Source:\n\n                            Distrito Emprendedores\n                    <\/span>\n    \n            <span class=\"feed-date\">\n            Published on 2026-03-01\n        <\/span>\n    \n    <\/div>\n\n\n\n\n\n            \n        <\/li>\n                    <li class=\"wpra-item feed-item \">\n            \n            \n\n    <a  href=\"https:\/\/distritoemprendedores.es\/blog\/las-startups-que-mas-innovan-en-el-mundo\/\" target=\"_blank\" rel=\"nofollow\" class=\"\">Las startups que m\u00e1s innovan en el mundo<\/a>\n\n\n\n\n\n\n<div class=\"wprss-feed-meta\">\n            <span class=\"feed-source\">\n            Source:\n\n                            Distrito Emprendedores\n                    <\/span>\n    \n            <span class=\"feed-date\">\n            Published on 2026-02-28\n        <\/span>\n    \n    <\/div>\n\n\n\n\n\n            \n        <\/li>\n                    <li class=\"wpra-item feed-item \">\n            \n            \n\n    <a  href=\"https:\/\/distritoemprendedores.es\/blog\/tiktok-genera-31-000-millones-de-euros-para-las-empresas-europeas-y-3-000-millones-en-espana\/\" target=\"_blank\" rel=\"nofollow\" class=\"\">TikTok genera 31.000 millones de euros para las empresas europeas y 3.000 millones en Espa\u00f1a<\/a>\n\n\n\n\n\n\n<div class=\"wprss-feed-meta\">\n            <span class=\"feed-source\">\n            Source:\n\n                            Distrito Emprendedores\n                    <\/span>\n    \n            <span class=\"feed-date\">\n            Published on 2026-02-27\n        <\/span>\n    \n    <\/div>\n\n\n\n\n\n            \n        <\/li>\n                    <li class=\"wpra-item feed-item \">\n            \n            \n\n    <a  href=\"https:\/\/distritoemprendedores.es\/blog\/amazon-planea-un-marketplace-para-hacer-de-puente-entre-los-publishers-y-las-empresas-de-ia\/\" target=\"_blank\" rel=\"nofollow\" class=\"\">Amazon planea un \u00abmarketplace\u00bb para hacer de puente entre los \u00abpublishers\u00bb y las empresas de IA<\/a>\n\n\n\n\n\n\n<div class=\"wprss-feed-meta\">\n            <span class=\"feed-source\">\n            Source:\n\n                            Distrito Emprendedores\n                    <\/span>\n    \n            <span class=\"feed-date\">\n            Published on 2026-02-26\n        <\/span>\n    \n    <\/div>\n\n\n\n\n\n            \n        <\/li>\n        <\/ul>\n\n        \n<\/div>\n\n<\/div>\n\n<hr \/>\n<h3 id=\"mejoras-las-relaciones-familiares\" class=\"jsx-3692753319 jsx-2566528898 c--main-600  mt--x-big pt--normal\">Mejoras las relaciones familiares<\/h3>\n<p class=\"jsx-1710225312 c--grey-neutral-800\">En ocasiones, las obligaciones laborales nos impiden pasar con nuestros familiares todo el tiempo que nos gustar\u00eda. As\u00ed, la pareja o la relaci\u00f3n con los hijos puede llegar a resentirse e incluso puede llegar a sentirse culpabilidad por no estar m\u00e1s implicado en este aspecto.<\/p>\n<p class=\"jsx-1710225312 c--grey-neutral-800\">Durante este a\u00f1o sab\u00e1tico\u00a0<strong>es posible dedicar tiempo de calidad a familia y trabajar para fortalecer los v\u00ednculos<\/strong>\u00a0que pueden haberse deteriorado.<\/p>\n<h3 id=\"te-conoces-te-permites-pasar-tiempo-contigo\" class=\"jsx-3692753319 jsx-2566528898 c--main-600  mt--x-big pt--normal\">Te conoces, te permites pasar tiempo contigo<\/h3>\n<p class=\"jsx-1710225312 c--grey-neutral-800\">Puede parecer imposible o absurdo, pero muchos de nosotros no nos conocemos tan a fondo como pensamos o como ser\u00eda deseable. Inmersos en las obligaciones y responsabilidades, no encontramos tiempo para hacer\u00a0<a class=\"jsx-151512268 jsx-3387278544 default-a-link is--underline c--secondary-600 is--underline\" href=\"https:\/\/lamenteesmaravillosa.com\/5-consejos-para-hacer-una-introspeccion-liberadora\/\" target=\"_blank\" rel=\"noopener noreferrer\" data-with-google-events=\"true\" data-google-events=\"{&quot;data&quot;:{&quot;action&quot;:&quot;click&quot;,&quot;category&quot;:&quot;Content&quot;,&quot;label&quot;:&quot;Related \/ano-sabatico-beneficios\/&quot;,&quot;value&quot;:&quot;https:\/\/lamenteesmaravillosa.com\/5-consejos-para-hacer-una-introspeccion-liberadora\/&quot;}}\">introspecci\u00f3n<\/a>, escucharnos, explorar nuestras emociones, miedos o anhelos.<\/p>\n<p class=\"jsx-1710225312 c--grey-neutral-800\">Si aprovechas estos meses para\u00a0<strong>profundizar y reforzar la relaci\u00f3n que tienes contigo mismo,<\/strong>\u00a0probablemente los cambios ser\u00e1n notorios.<\/p>\n<h3 id=\"viajas-te-abres-a-otras-culturas\" class=\"jsx-3692753319 jsx-2566528898 c--main-600  mt--x-big pt--normal\">Viajas, te abres a otras culturas<\/h3>\n<p class=\"jsx-1710225312 c--grey-neutral-800\">Viajar nos abre la mente, nos enriquece y nos llena de experiencias de un valor incalculable. Tomarte un a\u00f1o sab\u00e1tico\u00a0<strong>te permitir\u00e1 visitar diferentes lugares del mundo, sumergirte en otras culturas\u00a0<\/strong>y tradiciones y descubrir nuevas formas de vida. La persona que volver\u00e1 de esos viajes no ser\u00e1 la misma que se fue.<\/p>\n<h3 id=\"tomas-las-riendas-de-tu-vida\" class=\"jsx-3692753319 jsx-2566528898 c--main-600  mt--x-big pt--normal\">Tomas las riendas de tu vida<\/h3>\n<p class=\"jsx-1710225312 c--grey-neutral-800\">Si sientes insatisfacci\u00f3n con tu situaci\u00f3n actual, esta pausa te permitir\u00e1 tomar la riendas de tu propio camino. As\u00ed,\u00a0<strong>este puede ser el momento id\u00f3neo para cambiar de carrera, ciudad o estilo de vida<\/strong>\u00a0y comenzar a construir el futuro con el que realmente deseas comprometerte.<\/p>\n<h3 id=\"rompes-la-inercia\" class=\"jsx-3692753319 jsx-2566528898 c--main-600  mt--x-big pt--normal\">Rompes la inercia<\/h3>\n<p class=\"jsx-1710225312 c--grey-neutral-800\">En definitiva,\u00a0<strong>un a\u00f1o sab\u00e1tico nos permite romper la inercia y comenzar a decidir de forma deliberada\u00a0<\/strong>y consciente lo que queremos para nosotros mismos.<\/p>\n<p class=\"jsx-1710225312 c--grey-neutral-800\">Al detenernos y analizar dejamos de repetir h\u00e1bitos y patrones, dejamos de seguir el camino que otros han trazado para nosotros y nos preguntamos realmente qui\u00e9nes somos y qu\u00e9 queremos. Este punto de inflexi\u00f3n y las decisiones que de aqu\u00ed se deriven pueden contribuir a incrementar notablemente tu felicidad y tu calidad de vida en el futuro.<\/p>\n<p class=\"jsx-1710225312 c--grey-neutral-800\">Como ves, tomarte un a\u00f1o sab\u00e1tico puede resultar realmente beneficioso. Sin embargo, no todo ser\u00e1 sencillo y gratificante. Es probable que te enfrentes al juicio y la incomprensi\u00f3n por parte de muchas personas de tu entorno, e incluso en ocasiones t\u00fa mismo puedes llegar a arrepentirte o a sentirte improductivo.<\/p>\n<p class=\"jsx-1710225312 c--grey-neutral-800\">Para evitar que esto suceda,\u00a0<strong>planifica con antelaci\u00f3n las metas que deseas alcanzar durante este a\u00f1o y los pasos para lograrlo<\/strong>s. Si lo enfocas de una forma adecuada, esta puede ser una de las decisiones m\u00e1s acertadas y saludables que hayas tomado.<\/p>\n<p><a class=\"jsx-151512268 jsx-143194717 default-a-link is--underline c--grey-neutral-800  link-tool-tip jsx-2288154920 jsx-986712099 is--underline\" href=\"https:\/\/lamenteesmaravillosa.com\/autor\/elena-sanz\/\" target=\"_self\" rel=\"noopener\"><strong>Elena Sanz<\/strong><\/a><\/p>\n<div id=\"telet-1978300681\" class=\"telet-despues-del-contenido telet-entity-placement\"><a target=\"_blank\" href=\"\/\/aff.lucushost.com\/resources\/click\/?n=gDxoXMAJ&aff=756\"><img decoding=\"async\" border=\"0\" alt=\"LucusHost, el mejor hosting\" src=\"\/\/aff.lucushost.com\/resources\/banners\/?zoneid=5123&n=gDxoXMAJ&aff=756\" \/><\/a><\/div>","protected":false},"excerpt":{"rendered":"<p>En ocasiones, tomar una pausa, escucharnos y descubrir lo que queremos se hace imprescindible. Te contamos c\u00f3mo un a\u00f1o sab\u00e1tico puede cambiar tu vida. Pr\u00e1cticamente desde que nacemos, la ruta&hellip; <\/p>\n","protected":false},"author":1,"featured_media":4916,"comment_status":"open","ping_status":"open","sticky":false,"template":"","format":"standard","meta":{"_jetpack_memberships_contains_paid_content":false,"footnotes":"","_links_to":"","_links_to_target":""},"categories":[8],"tags":[15,14],"class_list":["post-4915","post","type-post","status-publish","format-standard","has-post-thumbnail","hentry","category-vida-social","tag-fuprisa","tag-jose-manuel-fuentes-prieto"],"nelio_content":{"autoShareEndMode":"never","automationSources":{"useCustomSentences":false,"customSentences":[]},"efiAlt":"","efiUrl":"","followers":[1],"highlights":[],"isAutoShareEnabled":true,"networkImageIds":[],"permalinkQueryArgs":[],"series":[],"suggestedReferences":[]},"jetpack_featured_media_url":"https:\/\/teletrabajoynegocios.com\/telesecretarias\/wp-content\/uploads\/sites\/2\/2021\/08\/mujer-barca.jpg","jetpack_sharing_enabled":true,"_links":{"self":[{"href":"https:\/\/teletrabajoynegocios.com\/telesecretarias\/wp-json\/wp\/v2\/posts\/4915","targetHints":{"allow":["GET"]}}],"collection":[{"href":"https:\/\/teletrabajoynegocios.com\/telesecretarias\/wp-json\/wp\/v2\/posts"}],"about":[{"href":"https:\/\/teletrabajoynegocios.com\/telesecretarias\/wp-json\/wp\/v2\/types\/post"}],"author":[{"embeddable":true,"href":"https:\/\/teletrabajoynegocios.com\/telesecretarias\/wp-json\/wp\/v2\/users\/1"}],"replies":[{"embeddable":true,"href":"https:\/\/teletrabajoynegocios.com\/telesecretarias\/wp-json\/wp\/v2\/comments?post=4915"}],"version-history":[{"count":1,"href":"https:\/\/teletrabajoynegocios.com\/telesecretarias\/wp-json\/wp\/v2\/posts\/4915\/revisions"}],"predecessor-version":[{"id":4917,"href":"https:\/\/teletrabajoynegocios.com\/telesecretarias\/wp-json\/wp\/v2\/posts\/4915\/revisions\/4917"}],"wp:featuredmedia":[{"embeddable":true,"href":"https:\/\/teletrabajoynegocios.com\/telesecretarias\/wp-json\/wp\/v2\/media\/4916"}],"wp:attachment":[{"href":"https:\/\/teletrabajoynegocios.com\/telesecretarias\/wp-json\/wp\/v2\/media?parent=4915"}],"wp:term":[{"taxonomy":"category","embeddable":true,"href":"https:\/\/teletrabajoynegocios.com\/telesecretarias\/wp-json\/wp\/v2\/categories?post=4915"},{"taxonomy":"post_tag","embeddable":true,"href":"https:\/\/teletrabajoynegocios.com\/telesecretarias\/wp-json\/wp\/v2\/tags?post=4915"}],"curies":[{"name":"wp","href":"https:\/\/api.w.org\/{rel}","templated":true}]}}