{"id":4949,"date":"2021-08-05T10:47:35","date_gmt":"2021-08-05T08:47:35","guid":{"rendered":"https:\/\/teletrabajoynegocios.com\/telesecretarias\/?p=4949"},"modified":"2021-08-04T13:57:26","modified_gmt":"2021-08-04T11:57:26","slug":"como-cuidar-la-comunicacion-durante-el-teletrabajo","status":"publish","type":"post","link":"https:\/\/teletrabajoynegocios.com\/telesecretarias\/como-cuidar-la-comunicacion-durante-el-teletrabajo\/","title":{"rendered":"\u00bfC\u00f3mo cuidar la comunicaci\u00f3n durante el teletrabajo?"},"content":{"rendered":"<div id=\"telet-1527926927\" class=\"telet-antes-del-contenido telet-entity-placement\"><a href=\"https:\/\/quaderno.io\/?via=jose-manuel94\" aria-label=\"Quaderno General (Spanish) &#8211; 728&#215;90\"><img loading=\"lazy\" decoding=\"async\" src=\"https:\/\/teletrabajoynegocios.com\/telesecretarias\/wp-content\/uploads\/sites\/2\/2020\/11\/Quaderno-General-Spanish-728x90-1.png\" alt=\"\"  srcset=\"https:\/\/teletrabajoynegocios.com\/telesecretarias\/wp-content\/uploads\/sites\/2\/2020\/11\/Quaderno-General-Spanish-728x90-1.png 728w, https:\/\/teletrabajoynegocios.com\/telesecretarias\/wp-content\/uploads\/sites\/2\/2020\/11\/Quaderno-General-Spanish-728x90-1-300x37.png 300w\" sizes=\"(max-width: 728px) 100vw, 728px\" width=\"728\" height=\"90\"   \/><\/a><\/div><p>El teletrabajo afecta a la comunicaci\u00f3n. \u00bfC\u00f3mo cuidarla para que no afecte al rendimiento laboral y la relaci\u00f3n con los compa\u00f1eros? Te dejamos 7 ideas clave que pueden ayudarte.<\/p>\n<p class=\"jsx-1710225312 c--grey-neutral-800\">Una buena comunicaci\u00f3n implica, entre otras propiedades, que el mensaje que emitimos llegue a su destinatario con las menos distorsiones posibles. As\u00ed, el hecho de pasar a una situaci\u00f3n de teletrabajo puede afectar a la comunicaci\u00f3n. \u00bfC\u00f3mo cuidar la comunicaci\u00f3n durante el teletrabajo?<\/p>\n<p class=\"jsx-1710225312 c--grey-neutral-800\">\u00bfExisten\u00a0<strong>pautas que pueden ayudarnos a comunicarnos mejor<\/strong>\u00a0en esta nueva situaci\u00f3n? En este art\u00edculo hablamos de 7 de ellas.<\/p>\n<h2 id=\"la-comunicacion-y-el-teletrabajo\" class=\"jsx-3692753319 jsx-2566528898 c--main-600  mt--x-big pt--normal\">La comunicaci\u00f3n y el teletrabajo<\/h2>\n<p class=\"jsx-1710225312 c--grey-neutral-800\">La comunicaci\u00f3n, del lat\u00edn\u00a0<em>communicatio, \u2013<\/em>\u014dnis, se define como \u2018la acci\u00f3n consciente de intercambiar informaci\u00f3n entre dos o m\u00e1s participantes\u2019. A grandes rasgos, cuando nos comunicamos, nuestro objetivo es transmitir o recibir todo tipo de informaci\u00f3n.<\/p>\n<p class=\"jsx-1710225312 c--grey-neutral-800\">La comunicaci\u00f3n es importante en todos los \u00e1mbitos, y esta\u00a0<strong>se ha visto especialmente\u00a0<a class=\"jsx-151512268 jsx-3387278544 default-a-link is--underline c--secondary-600 is--underline\" href=\"https:\/\/www.investigacionyciencia.es\/files\/60325.pdf\" target=\"_blank\" rel=\"noopener noreferrer\" data-with-google-events=\"true\" data-google-events=\"{&quot;data&quot;:{&quot;action&quot;:&quot;click&quot;,&quot;category&quot;:&quot;Content&quot;,&quot;label&quot;:&quot;Related \/cuidar-comunicacion-teletrabajo\/&quot;,&quot;value&quot;:&quot;https:\/\/www.investigacionyciencia.es\/files\/60325.pdf&quot;}}\">afectada en la actualidad<\/a><\/strong>, y no solo en el \u00e1mbito social y personal, sino tambi\u00e9n en el laboral.<\/p>\n<p class=\"jsx-1710225312 c--grey-neutral-800\">Muchas personas han pasado de trabajar a\u00a0<a class=\"jsx-151512268 jsx-3387278544 default-a-link is--underline c--secondary-600 is--underline\" href=\"https:\/\/dialnet.unirioja.es\/servlet\/articulo?codigo=3252786\" target=\"_blank\" rel=\"noopener noreferrer\" data-with-google-events=\"true\" data-google-events=\"{&quot;data&quot;:{&quot;action&quot;:&quot;click&quot;,&quot;category&quot;:&quot;Content&quot;,&quot;label&quot;:&quot;Related \/cuidar-comunicacion-teletrabajo\/&quot;,&quot;value&quot;:&quot;https:\/\/dialnet.unirioja.es\/servlet\/articulo?codigo=3252786&quot;}}\">teletrabajar<\/a>. Y l\u00f3gicamente, no es lo mismo trabajar que teletrabajar; el impacto de este cambio puede notarse en el rendimiento laboral, en el surgimiento de dudas o malos entendidos, en el clima laboral, en la relaci\u00f3n con los compa\u00f1eros, etc.<\/p>\n<hr \/>\n<p><img decoding=\"async\" src=\"https:\/\/teletrabajoynegocios.com\/teletrabajador\/wp-content\/uploads\/sites\/3\/2020\/07\/articulos.png\" \/><\/p>\n<div class=\"wp-rss-template-container\" data-wpra-template=\"default\" data-template-ctx=\"W10=\">\n    <div class=\"wp-rss-aggregator wpra-list-template  \" data-page=\"1\">\n    \n    \n<ul class=\"wpra-item-list rss-aggregator wpra-item-list--bullets wpra-item-list--default\"\n    start=\"1\">\n                        <li class=\"wpra-item feed-item \">\n            \n            \n\n    <a  href=\"https:\/\/distritoemprendedores.com\/blog\/2026\/03\/16\/hello-world\/\" target=\"_blank\" rel=\"nofollow\" class=\"\">Hello world!<\/a>\n\n\n\n\n\n\n<div class=\"wprss-feed-meta\">\n            <span class=\"feed-source\">\n            Source:\n\n                            Distrito Emprendedores\n                    <\/span>\n    \n            <span class=\"feed-date\">\n            Published on 2026-03-16\n        <\/span>\n    \n    <\/div>\n\n\n\n\n\n            \n        <\/li>\n                    <li class=\"wpra-item feed-item \">\n            \n            \n\n    <a  href=\"https:\/\/www.dropbox.com\/scl\/fi\/b6csvpbfxu24vaezmo3es\/62bed0634df20e5ef35346439fdd423f_franquicias.pdf?rlkey=mfp2795s4n89mw35l0yeu2vl5&amp;e=2&amp;st=57kabuy0&amp;dl=0#new_tab\" target=\"_blank\" rel=\"nofollow\" class=\"\">Las franquicias espa\u00f1olas duplican su presencia en mercados for\u00e1neos<\/a>\n\n\n\n\n\n\n<div class=\"wprss-feed-meta\">\n            <span class=\"feed-source\">\n            Source:\n\n                            Distrito Emprendedores\n                    <\/span>\n    \n            <span class=\"feed-date\">\n            Published on 2026-03-11\n        <\/span>\n    \n    <\/div>\n\n\n\n\n\n            \n        <\/li>\n                    <li class=\"wpra-item feed-item \">\n            \n            \n\n    <a  href=\"https:\/\/distritoemprendedores.es\/blog\/5-errores-fatales-al-internacionalizar-tu-franquicia\/\" target=\"_blank\" rel=\"nofollow\" class=\"\">5 errores fatales al internacionalizar tu franquicia<\/a>\n\n\n\n\n\n\n<div class=\"wprss-feed-meta\">\n            <span class=\"feed-source\">\n            Source:\n\n                            Distrito Emprendedores\n                    <\/span>\n    \n            <span class=\"feed-date\">\n            Published on 2026-03-10\n        <\/span>\n    \n    <\/div>\n\n\n\n\n\n            \n        <\/li>\n                    <li class=\"wpra-item feed-item \">\n            \n            \n\n    <a  href=\"https:\/\/distritoemprendedores.es\/blog\/un-nuevo-prime-time-para-las-marcas-afterwork-tardeo-y-futbol-se-consolidan-como-los-grandes-motores-del-consumo-experiencial\/\" target=\"_blank\" rel=\"nofollow\" class=\"\">Un nuevo prime time para las marcas: afterwork, tardeo y f\u00fatbol se consolidan como los grandes motores del consumo experiencial<\/a>\n\n\n\n\n\n\n<div class=\"wprss-feed-meta\">\n            <span class=\"feed-source\">\n            Source:\n\n                            Distrito Emprendedores\n                    <\/span>\n    \n            <span class=\"feed-date\">\n            Published on 2026-03-09\n        <\/span>\n    \n    <\/div>\n\n\n\n\n\n            \n        <\/li>\n                    <li class=\"wpra-item feed-item \">\n            \n            \n\n    <a  href=\"https:\/\/distritoemprendedores.es\/blog\/la-ventaja-competitiva-esta-en-entender-como-pregunta-el-consumidor\/\" target=\"_blank\" rel=\"nofollow\" class=\"\">La ventaja competitiva est\u00e1 en entender c\u00f3mo pregunta el consumidor<\/a>\n\n\n\n\n\n\n<div class=\"wprss-feed-meta\">\n            <span class=\"feed-source\">\n            Source:\n\n                            Distrito Emprendedores\n                    <\/span>\n    \n            <span class=\"feed-date\">\n            Published on 2026-03-08\n        <\/span>\n    \n    <\/div>\n\n\n\n\n\n            \n        <\/li>\n                    <li class=\"wpra-item feed-item \">\n            \n            \n\n    <a  href=\"https:\/\/distritoemprendedores.es\/blog\/solo-el-7-de-los-espanoles-cree-a-las-marcas-cuando-comunican-sus-valores-con-hechos-demostrables\/\" target=\"_blank\" rel=\"nofollow\" class=\"\">Solo el 7% de los espa\u00f1oles cree a las marcas cuando comunican sus valores con hechos demostrables<\/a>\n\n\n\n\n\n\n<div class=\"wprss-feed-meta\">\n            <span class=\"feed-source\">\n            Source:\n\n                            Distrito Emprendedores\n                    <\/span>\n    \n            <span class=\"feed-date\">\n            Published on 2026-03-07\n        <\/span>\n    \n    <\/div>\n\n\n\n\n\n            \n        <\/li>\n                    <li class=\"wpra-item feed-item \">\n            \n            \n\n    <a  href=\"https:\/\/distritoemprendedores.es\/blog\/el-38-de-las-empresas-creadas-en-2019-ha-echado-ya-el-cierre\/\" target=\"_blank\" rel=\"nofollow\" class=\"\">El 38% de las empresas creadas en 2019 ha echado ya el cierre<\/a>\n\n\n\n\n\n\n<div class=\"wprss-feed-meta\">\n            <span class=\"feed-source\">\n            Source:\n\n                            Distrito Emprendedores\n                    <\/span>\n    \n            <span class=\"feed-date\">\n            Published on 2026-03-06\n        <\/span>\n    \n    <\/div>\n\n\n\n\n\n            \n        <\/li>\n                    <li class=\"wpra-item feed-item \">\n            \n            \n\n    <a  href=\"https:\/\/distritoemprendedores.es\/blog\/descubre-las-oportunidades-y-tendencias-en-el-mercado-de-la-franquicia-para-2026\/\" target=\"_blank\" rel=\"nofollow\" class=\"\">Descubre las oportunidades y tendencias en el mercado de la franquicia para 2026<\/a>\n\n\n\n\n\n\n<div class=\"wprss-feed-meta\">\n            <span class=\"feed-source\">\n            Source:\n\n                            Distrito Emprendedores\n                    <\/span>\n    \n            <span class=\"feed-date\">\n            Published on 2026-03-05\n        <\/span>\n    \n    <\/div>\n\n\n\n\n\n            \n        <\/li>\n                    <li class=\"wpra-item feed-item \">\n            \n            \n\n    <a  href=\"https:\/\/distritoemprendedores.es\/blog\/las-startups-de-salud-mas-punteras-del-mundo\/\" target=\"_blank\" rel=\"nofollow\" class=\"\">Las startups de salud m\u00e1s punteras del mundo<\/a>\n\n\n\n\n\n\n<div class=\"wprss-feed-meta\">\n            <span class=\"feed-source\">\n            Source:\n\n                            Distrito Emprendedores\n                    <\/span>\n    \n            <span class=\"feed-date\">\n            Published on 2026-03-04\n        <\/span>\n    \n    <\/div>\n\n\n\n\n\n            \n        <\/li>\n                    <li class=\"wpra-item feed-item \">\n            \n            \n\n    <a  href=\"https:\/\/distritoemprendedores.es\/blog\/puesta-en-marcha-de-un-negocio-primeros-pasos-para-validar-vender-y-controlar-la-tesoreria\/\" target=\"_blank\" rel=\"nofollow\" class=\"\">Puesta en marcha de un negocio: primeros pasos para validar, vender y controlar la tesorer\u00eda<\/a>\n\n\n\n\n\n\n<div class=\"wprss-feed-meta\">\n            <span class=\"feed-source\">\n            Source:\n\n                            Distrito Emprendedores\n                    <\/span>\n    \n            <span class=\"feed-date\">\n            Published on 2026-03-03\n        <\/span>\n    \n    <\/div>\n\n\n\n\n\n            \n        <\/li>\n                    <li class=\"wpra-item feed-item \">\n            \n            \n\n    <a  href=\"https:\/\/distritoemprendedores.es\/blog\/6-franquicias-sin-apenas-competencia-en-el-mercado\/\" target=\"_blank\" rel=\"nofollow\" class=\"\">6 franquicias sin apenas competencia en el mercado<\/a>\n\n\n\n\n\n\n<div class=\"wprss-feed-meta\">\n            <span class=\"feed-source\">\n            Source:\n\n                            Distrito Emprendedores\n                    <\/span>\n    \n            <span class=\"feed-date\">\n            Published on 2026-03-02\n        <\/span>\n    \n    <\/div>\n\n\n\n\n\n            \n        <\/li>\n                    <li class=\"wpra-item feed-item \">\n            \n            \n\n    <a  href=\"https:\/\/digistorage.es\/links\/71d78951-a420-4f5b-8de6-7b35ae7efc1c#new_tab\" target=\"_blank\" rel=\"nofollow\" class=\"\">Los algoritmos amenazan con filtrar las confesiones realizadas al abogado<\/a>\n\n\n\n\n\n\n<div class=\"wprss-feed-meta\">\n            <span class=\"feed-source\">\n            Source:\n\n                            Distrito Emprendedores\n                    <\/span>\n    \n            <span class=\"feed-date\">\n            Published on 2026-03-01\n        <\/span>\n    \n    <\/div>\n\n\n\n\n\n            \n        <\/li>\n                    <li class=\"wpra-item feed-item \">\n            \n            \n\n    <a  href=\"https:\/\/distritoemprendedores.es\/blog\/las-startups-que-mas-innovan-en-el-mundo\/\" target=\"_blank\" rel=\"nofollow\" class=\"\">Las startups que m\u00e1s innovan en el mundo<\/a>\n\n\n\n\n\n\n<div class=\"wprss-feed-meta\">\n            <span class=\"feed-source\">\n            Source:\n\n                            Distrito Emprendedores\n                    <\/span>\n    \n            <span class=\"feed-date\">\n            Published on 2026-02-28\n        <\/span>\n    \n    <\/div>\n\n\n\n\n\n            \n        <\/li>\n                    <li class=\"wpra-item feed-item \">\n            \n            \n\n    <a  href=\"https:\/\/distritoemprendedores.es\/blog\/tiktok-genera-31-000-millones-de-euros-para-las-empresas-europeas-y-3-000-millones-en-espana\/\" target=\"_blank\" rel=\"nofollow\" class=\"\">TikTok genera 31.000 millones de euros para las empresas europeas y 3.000 millones en Espa\u00f1a<\/a>\n\n\n\n\n\n\n<div class=\"wprss-feed-meta\">\n            <span class=\"feed-source\">\n            Source:\n\n                            Distrito Emprendedores\n                    <\/span>\n    \n            <span class=\"feed-date\">\n            Published on 2026-02-27\n        <\/span>\n    \n    <\/div>\n\n\n\n\n\n            \n        <\/li>\n                    <li class=\"wpra-item feed-item \">\n            \n            \n\n    <a  href=\"https:\/\/distritoemprendedores.es\/blog\/amazon-planea-un-marketplace-para-hacer-de-puente-entre-los-publishers-y-las-empresas-de-ia\/\" target=\"_blank\" rel=\"nofollow\" class=\"\">Amazon planea un \u00abmarketplace\u00bb para hacer de puente entre los \u00abpublishers\u00bb y las empresas de IA<\/a>\n\n\n\n\n\n\n<div class=\"wprss-feed-meta\">\n            <span class=\"feed-source\">\n            Source:\n\n                            Distrito Emprendedores\n                    <\/span>\n    \n            <span class=\"feed-date\">\n            Published on 2026-02-26\n        <\/span>\n    \n    <\/div>\n\n\n\n\n\n            \n        <\/li>\n        <\/ul>\n\n        \n<\/div>\n\n<\/div>\n\n<hr \/>\n<h2 id=\"como-cuidar-la-comunicacion-durante-el-teletrabajo\" class=\"jsx-3692753319 jsx-2566528898 c--main-600  mt--x-big pt--normal\">\u00bfC\u00f3mo cuidar la comunicaci\u00f3n durante el teletrabajo?<\/h2>\n<p class=\"jsx-1710225312 c--grey-neutral-800\">Por todo lo comentado, es importante\u00a0<strong>seguir cuidando la comunicaci\u00f3n, aunque no compartamos espacio f\u00edsico con nuestros compa\u00f1eros, sino a trav\u00e9s de pantallas<\/strong>. Las reglas han cambiado, pero la comunicaci\u00f3n no deber\u00eda verse penalizada.<\/p>\n<p class=\"jsx-1710225312 c--grey-neutral-800\">Y es que teletrabajar implica estar conectado a las\u00a0<a class=\"jsx-151512268 jsx-3387278544 default-a-link is--underline c--secondary-600 is--underline\" href=\"https:\/\/lamenteesmaravillosa.com\/ansiedad-social-nuevas-tecnologias\/\" target=\"_blank\" rel=\"noopener noreferrer\" data-with-google-events=\"true\" data-google-events=\"{&quot;data&quot;:{&quot;action&quot;:&quot;click&quot;,&quot;category&quot;:&quot;Content&quot;,&quot;label&quot;:&quot;Related \/cuidar-comunicacion-teletrabajo\/&quot;,&quot;value&quot;:&quot;https:\/\/lamenteesmaravillosa.com\/ansiedad-social-nuevas-tecnologias\/&quot;}}\">nuevas tecnolog\u00edas<\/a>\u00a0y comunicarse de otra forma totalmente distinta.\u00a0\u00bfC\u00f3mo cuidar la comunicaci\u00f3n durante el teletrabajo?<\/p>\n<p class=\"jsx-1710225312 c--grey-neutral-800\">Os dejamos una serie de pautas que os ayudar\u00e1n a hacer fluir la comunicaci\u00f3n en el (tele)trabajo y que pueden tambi\u00e9n favorecer un clima laboral positivo. Como ver\u00e9is, estas<strong>\u00a0hacen referencia a la comunicaci\u00f3n oral y tambi\u00e9n escrita<\/strong>. \u00a1Toma nota!<\/p>\n<h3 id=\"saluda-y-despidete\" class=\"jsx-3692753319 jsx-2566528898 c--main-600  mt--x-big pt--normal\">Saluda y desp\u00eddete<\/h3>\n<p class=\"jsx-1710225312 c--grey-neutral-800\">Parece algo muy b\u00e1sico, pero a veces, con el teletrabajo,\u00a0<strong>tendemos a dejar atr\u00e1s ciertos h\u00e1bitos que con la comunicaci\u00f3n presencial asumimos de manera m\u00e1s natural<\/strong>. Por ello, cuida estos dos aspectos b\u00e1sicos de la comunicaci\u00f3n durante tus reuniones online: saludar y despedirse.<\/p>\n<h3 id=\"sonrie\" class=\"jsx-3692753319 jsx-2566528898 c--main-600  mt--x-big pt--normal\">Sonr\u00ede<\/h3>\n<p class=\"jsx-1710225312 c--grey-neutral-800\"><strong>La sonrisa es una herramienta muy potente de la comunicaci\u00f3n<\/strong>. Con el\u00a0<a class=\"jsx-151512268 jsx-3387278544 default-a-link is--underline c--secondary-600 is--underline\" href=\"https:\/\/lamenteesmaravillosa.com\/el-teletrabajo-en-tiempos-del-coronavirus\/\" target=\"_blank\" rel=\"noopener noreferrer\" data-with-google-events=\"true\" data-google-events=\"{&quot;data&quot;:{&quot;action&quot;:&quot;click&quot;,&quot;category&quot;:&quot;Content&quot;,&quot;label&quot;:&quot;Related \/cuidar-comunicacion-teletrabajo\/&quot;,&quot;value&quot;:&quot;https:\/\/lamenteesmaravillosa.com\/el-teletrabajo-en-tiempos-del-coronavirus\/&quot;}}\">teletrabajo<\/a>, esta puede resultar m\u00e1s fr\u00eda; por ello es importante mantener la sonrisa durante las reuniones online, porque abre las puertas a la calidez y al acercamiento que en estos momentos no puede tenerse f\u00edsicamente.<\/p>\n<h3 id=\"se-expresivo\" class=\"jsx-3692753319 jsx-2566528898 c--main-600  mt--x-big pt--normal\">S\u00e9 expresivo<\/h3>\n<p class=\"jsx-1710225312 c--grey-neutral-800\">Otra de las ideas para cuidar la comunicaci\u00f3n en el teletrabajo tiene que ver con intentar\u00a0<strong>ser un poco m\u00e1s expresivos durante los encuentros online<\/strong>. Al haber una barrera de por medio entre t\u00fa y tus compa\u00f1eros y superiores, la comunicaci\u00f3n puede tornarse m\u00e1s fr\u00eda o distante. Por eso es necesario ese \u201cplus\u201d de expresividad; sonr\u00ede, gesticula\u2026<\/p>\n<h3 id=\"modera-el-tono-de-voz\" class=\"jsx-3692753319 jsx-2566528898 c--main-600  mt--x-big pt--normal\">Modera el tono de voz<\/h3>\n<p>El\u00a0<a class=\"jsx-151512268 jsx-3387278544 default-a-link is--underline c--secondary-600 is--underline\" href=\"https:\/\/d1wqtxts1xzle7.cloudfront.net\/56986355\/teresa-barc3b3-la-gran-guia-del-lenguaje-no-verbal1-with-cover-page-v2.pdf?Expires=1626952339&amp;Signature=QIXh7k-IJyQQjvGypSR3B3l3P5c-lEuQCUVffgjFKFUdcbbfxxvyeHQtcVku8Z1egVRv1svKw5xGTwU1l0tckft5QXq--o6QGgfp6WN-i7OfFBDnXRdT5jgvveCaMzF5iNCVaCTs757fiblPZCi8IaM7fgEItGjWEUeIDlAls2hySK1zKbL2TBnsJIpkS94Oax6hFxd76iEYfgxVG0OzINQD1MkNdNzfimBB5DEHBONO82km-K2MOfcSSM06jTnsNyeqSi9QTo5VtwzqXwGMSzwTkvxNFTE0pZQGIBoEAazb4TwTx4fBudwa8PJho7vYBN90F8jfI2Sd1yub5fZ9Rw__&amp;Key-Pair-Id=APKAJLOHF5GGSLRBV4ZA\" target=\"_blank\" rel=\"noopener noreferrer\" data-with-google-events=\"true\" data-google-events=\"{&quot;data&quot;:{&quot;action&quot;:&quot;click&quot;,&quot;category&quot;:&quot;Content&quot;,&quot;label&quot;:&quot;Related \/cuidar-comunicacion-teletrabajo\/&quot;,&quot;value&quot;:&quot;https:\/\/d1wqtxts1xzle7.cloudfront.net\/56986355\/teresa-barc3b3-la-gran-guia-del-lenguaje-no-verbal1-with-cover-page-v2.pdf?Expires=1626952339&amp;Signature=QIXh7k-IJyQQjvGypSR3B3l3P5c-lEuQCUVffgjFKFUdcbbfxxvyeHQtcVku8Z1egVRv1svKw5xGTwU1l0tckft5QXq--o6QGgfp6WN-i7OfFBDnXRdT5jgvveCaMzF5iNCVaCTs757fiblPZCi8IaM7fgEItGjWEUeIDlAls2hySK1zKbL2TBnsJIpkS94Oax6hFxd76iEYfgxVG0OzINQD1MkNdNzfimBB5DEHBONO82km-K2MOfcSSM06jTnsNyeqSi9QTo5VtwzqXwGMSzwTkvxNFTE0pZQGIBoEAazb4TwTx4fBudwa8PJho7vYBN90F8jfI2Sd1yub5fZ9Rw__&amp;Key-Pair-Id=APKAJLOHF5GGSLRBV4ZA&quot;}}\">lenguaje no verbal<\/a>\u00a0es tan o m\u00e1s importante que el verbal, en la comunicaci\u00f3n, ya que representa la mayor parte del mensaje. Por ello es importante tambi\u00e9n que\u00a0<strong>moderes el tono de voz y lo adaptes a cada tipo de reuni\u00f3n<\/strong>. \u00bfPor qu\u00e9?\u00a0Porque en un contexto de teletrabajo la voz se convierte en un elemento clave.<\/p>\n<p class=\"jsx-1710225312 c--grey-neutral-800\">No tenemos a la persona f\u00edsicamente delante, pero s\u00ed tenemos sus gestos y su voz, y esta \u00faltima se torna especialmente importante para fomentar una comunicaci\u00f3n fluida y efectiva (y sobre todo, adaptada a cada tipo de situaci\u00f3n laboral).<\/p>\n<h3 id=\"recurre-a-gifs-y-emoticonos\" class=\"jsx-3692753319 jsx-2566528898 c--main-600  mt--x-big pt--normal\">Recurre a gifs y emoticonos<\/h3>\n<p class=\"jsx-1710225312 c--grey-neutral-800\">Cada vez est\u00e1 m\u00e1s de moda utilizar\u00a0<em>gifs<\/em>\u00a0y\u00a0<a class=\"jsx-151512268 jsx-3387278544 default-a-link is--underline c--secondary-600 is--underline\" href=\"https:\/\/lamenteesmaravillosa.com\/como-influyen-en-nuestro-cerebro-los-emoticonos-que-utilizamos\/\" target=\"_blank\" rel=\"noopener noreferrer\" data-with-google-events=\"true\" data-google-events=\"{&quot;data&quot;:{&quot;action&quot;:&quot;click&quot;,&quot;category&quot;:&quot;Content&quot;,&quot;label&quot;:&quot;Related \/cuidar-comunicacion-teletrabajo\/&quot;,&quot;value&quot;:&quot;https:\/\/lamenteesmaravillosa.com\/como-influyen-en-nuestro-cerebro-los-emoticonos-que-utilizamos\/&quot;}}\">emoticonos<\/a>\u00a0en nuestras conversaciones, y no solo a nivel social, sino tambi\u00e9n laboral. Es importante escoger un buen momento para a\u00f1adir estos elementos, est\u00e1 claro que en un momento \u201cserio\u201d quiz\u00e1s no son apropiados.<\/p>\n<p class=\"jsx-1710225312 c--grey-neutral-800\">Pero los gifs y los emoticonos\u00a0<strong>pueden enriquecer el mensaje, darle un aire m\u00e1s fresco a la conversaci\u00f3n<\/strong>, ayudar a romper el hielo, aportar una dosis de humor y relajaci\u00f3n a la situaci\u00f3n, etc. As\u00ed, pueden resultar \u00fatiles para complementar y suavizar las comunicaciones escritas.<\/p>\n<h3 id=\"repasa-los-textos-antes-de-enviarlos\" class=\"jsx-3692753319 jsx-2566528898 c--main-600  mt--x-big pt--normal\">Repasa los textos antes de enviarlos<\/h3>\n<p class=\"jsx-1710225312 c--grey-neutral-800\">Ten en cuenta que a trav\u00e9s del\u00a0<a class=\"jsx-151512268 jsx-3387278544 default-a-link is--underline c--secondary-600 is--underline\" href=\"https:\/\/lamenteesmaravillosa.com\/curiosidades-lenguaje\/\" target=\"_blank\" rel=\"noopener noreferrer\" data-with-google-events=\"true\" data-google-events=\"{&quot;data&quot;:{&quot;action&quot;:&quot;click&quot;,&quot;category&quot;:&quot;Content&quot;,&quot;label&quot;:&quot;Related \/cuidar-comunicacion-teletrabajo\/&quot;,&quot;value&quot;:&quot;https:\/\/lamenteesmaravillosa.com\/curiosidades-lenguaje\/&quot;}}\">lenguaje<\/a>\u00a0escrito\u00a0es m\u00e1s f\u00e1cil generar malas interpretaciones; aunque a veces esto no se puede evitar, lo cierto es que otra pauta para mejorar la comunicaci\u00f3n durante el teletrabajo es\u00a0<strong>repasar los mensajes antes de enviarlos<\/strong>.<\/p>\n<p class=\"jsx-1710225312 c--grey-neutral-800\">Repasarlo a nivel de sintaxis, de significado y tambi\u00e9n de ortograf\u00eda. Plant\u00e9ate: \u00bfel texto refleja realmente lo que quieres decir? Si es as\u00ed, puedes darle a enviar.<\/p>\n<p class=\"jsx-1710225312 c--grey-neutral-800\">Por otro lado, intenta procesar lo que escribes. Incluso para determinados mensajes puede ser una buena idea enviarlos, si puedes, en diferido; es decir, escribirlos en un momento determinado, y repasarlos y enviarlos en otro. Esta edici\u00f3n aumenta la probabilidad de que el mensaje sea m\u00e1s rico, m\u00e1s expresivo y de que cuente exactamente aquello que quieres comunicar.<\/p>\n<h3 id=\"activa-la-webcam\" class=\"jsx-3692753319 jsx-2566528898 c--main-600  mt--x-big pt--normal\">Activa la webcam<\/h3>\n<p class=\"jsx-1710225312 c--grey-neutral-800\">Hay personas que adquieren la mala costumbre de no activar sus\u00a0<em>webcams<\/em>\u00a0durante las reuniones de teletrabajo. Esto aumenta la distancia entre los interlocutores; por ello otro\u00a0<em>tip\u00a0<\/em>que te dejamos es este: mira a los dem\u00e1s y permite que te vean.<\/p>\n<p class=\"jsx-1710225312 c--grey-neutral-800\"><strong>La\u00a0<a class=\"jsx-151512268 jsx-3387278544 default-a-link is--underline c--secondary-600 is--underline\" href=\"https:\/\/lamenteesmaravillosa.com\/buena-comunicacion-empresa-saludable\/\" target=\"_blank\" rel=\"noopener noreferrer\" data-with-google-events=\"true\" data-google-events=\"{&quot;data&quot;:{&quot;action&quot;:&quot;click&quot;,&quot;category&quot;:&quot;Content&quot;,&quot;label&quot;:&quot;Related \/cuidar-comunicacion-teletrabajo\/&quot;,&quot;value&quot;:&quot;https:\/\/lamenteesmaravillosa.com\/buena-comunicacion-empresa-saludable\/&quot;}}\">comunicaci\u00f3n<\/a>\u00a0siempre ser\u00e1 m\u00e1s fluida -y cercana- si los participantes os veis<\/strong>\u00a0entre vosotros que si solo habl\u00e1is por el micr\u00f3fono.<\/p>\n<p class=\"jsx-1710225312 c--grey-neutral-800\">Y t\u00fa, \u00bfteletrabajas y has notado c\u00f3mo esta nueva situaci\u00f3n ha afectado a la comunicaci\u00f3n?\u00a0<strong>El teletrabajo es un reto diario que supone adaptarnos e innovar,<\/strong>\u00a0pensar en ideas que puedan favorecer el acercamiento con los dem\u00e1s aunque estos no est\u00e9n f\u00edsicamente con nosotros, etc.\u00a0\u00a1Toca seguir aprendiendo!<\/p>\n<div class=\"article-quote bc--secondary-50 ptb--big p--relative mb--normal mt--x-big\">\n<blockquote class=\"jsx-2118601352 jsx-2746653886 plr--big pt--big\">\n<div class=\"jsx-2118601352 jsx-2746653886 quote__text ta--center fs--italic lh--2 fs--normal ff--serif ls--medium c--secondary-800\">\n<p class=\"jsx-1710225312 c--grey-neutral-800\">\u201cComun\u00edcate con la otra persona como querr\u00edas que se comunicara contigo si vuestras posiciones se revirtieran\u201d.<\/p>\n<p class=\"jsx-1710225312 c--grey-neutral-800\">-Aaron Goldman-<\/p>\n<\/div>\n<\/blockquote>\n<p><a class=\"jsx-151512268 jsx-143194717 default-a-link is--underline c--grey-neutral-800  link-tool-tip jsx-2288154920 jsx-986712099 is--underline\" href=\"https:\/\/lamenteesmaravillosa.com\/autor\/laura-ruiz-mitjana\/\" target=\"_self\" rel=\"noopener\"><strong>Laura Ruiz Mitjana<\/strong><\/a><\/p>\n<\/div>\n<div id=\"telet-3549477975\" class=\"telet-despues-del-contenido telet-entity-placement\"><a target=\"_blank\" href=\"\/\/aff.lucushost.com\/resources\/click\/?n=gDxoXMAJ&aff=756\"><img decoding=\"async\" border=\"0\" alt=\"LucusHost, el mejor hosting\" src=\"\/\/aff.lucushost.com\/resources\/banners\/?zoneid=5123&n=gDxoXMAJ&aff=756\" \/><\/a><\/div>","protected":false},"excerpt":{"rendered":"<p>El teletrabajo afecta a la comunicaci\u00f3n. \u00bfC\u00f3mo cuidarla para que no afecte al rendimiento laboral y la relaci\u00f3n con los compa\u00f1eros? Te dejamos 7 ideas clave que pueden ayudarte. Una&hellip; <\/p>\n","protected":false},"author":1,"featured_media":4950,"comment_status":"open","ping_status":"open","sticky":false,"template":"","format":"standard","meta":{"_jetpack_memberships_contains_paid_content":false,"footnotes":"","_links_to":"","_links_to_target":""},"categories":[1],"tags":[15,14],"class_list":["post-4949","post","type-post","status-publish","format-standard","has-post-thumbnail","hentry","category-telesecretarias","tag-fuprisa","tag-jose-manuel-fuentes-prieto"],"nelio_content":{"autoShareEndMode":"never","automationSources":{"useCustomSentences":false,"customSentences":[]},"efiAlt":"","efiUrl":"","followers":[1],"highlights":[],"isAutoShareEnabled":true,"networkImageIds":[],"permalinkQueryArgs":[],"series":[],"suggestedReferences":[]},"jetpack_featured_media_url":"https:\/\/teletrabajoynegocios.com\/telesecretarias\/wp-content\/uploads\/sites\/2\/2021\/08\/mujer-teletrabajando.png","jetpack_sharing_enabled":true,"_links":{"self":[{"href":"https:\/\/teletrabajoynegocios.com\/telesecretarias\/wp-json\/wp\/v2\/posts\/4949","targetHints":{"allow":["GET"]}}],"collection":[{"href":"https:\/\/teletrabajoynegocios.com\/telesecretarias\/wp-json\/wp\/v2\/posts"}],"about":[{"href":"https:\/\/teletrabajoynegocios.com\/telesecretarias\/wp-json\/wp\/v2\/types\/post"}],"author":[{"embeddable":true,"href":"https:\/\/teletrabajoynegocios.com\/telesecretarias\/wp-json\/wp\/v2\/users\/1"}],"replies":[{"embeddable":true,"href":"https:\/\/teletrabajoynegocios.com\/telesecretarias\/wp-json\/wp\/v2\/comments?post=4949"}],"version-history":[{"count":1,"href":"https:\/\/teletrabajoynegocios.com\/telesecretarias\/wp-json\/wp\/v2\/posts\/4949\/revisions"}],"predecessor-version":[{"id":4951,"href":"https:\/\/teletrabajoynegocios.com\/telesecretarias\/wp-json\/wp\/v2\/posts\/4949\/revisions\/4951"}],"wp:featuredmedia":[{"embeddable":true,"href":"https:\/\/teletrabajoynegocios.com\/telesecretarias\/wp-json\/wp\/v2\/media\/4950"}],"wp:attachment":[{"href":"https:\/\/teletrabajoynegocios.com\/telesecretarias\/wp-json\/wp\/v2\/media?parent=4949"}],"wp:term":[{"taxonomy":"category","embeddable":true,"href":"https:\/\/teletrabajoynegocios.com\/telesecretarias\/wp-json\/wp\/v2\/categories?post=4949"},{"taxonomy":"post_tag","embeddable":true,"href":"https:\/\/teletrabajoynegocios.com\/telesecretarias\/wp-json\/wp\/v2\/tags?post=4949"}],"curies":[{"name":"wp","href":"https:\/\/api.w.org\/{rel}","templated":true}]}}