{"id":4992,"date":"2021-08-10T11:22:54","date_gmt":"2021-08-10T09:22:54","guid":{"rendered":"https:\/\/teletrabajoynegocios.com\/telesecretarias\/?p=4992"},"modified":"2021-08-06T13:28:31","modified_gmt":"2021-08-06T11:28:31","slug":"25-ideas-para-publicar-contenido-en-la-pagina-de-tu-empresa-en-facebook","status":"publish","type":"post","link":"https:\/\/teletrabajoynegocios.com\/telesecretarias\/25-ideas-para-publicar-contenido-en-la-pagina-de-tu-empresa-en-facebook\/","title":{"rendered":"25 ideas para publicar contenido en la p\u00e1gina de tu empresa en Facebook"},"content":{"rendered":"<div id=\"telet-3776778066\" class=\"telet-antes-del-contenido telet-entity-placement\"><a href=\"https:\/\/quaderno.io\/?via=jose-manuel94\" aria-label=\"Quaderno General (Spanish) &#8211; 728&#215;90\"><img loading=\"lazy\" decoding=\"async\" src=\"https:\/\/teletrabajoynegocios.com\/telesecretarias\/wp-content\/uploads\/sites\/2\/2020\/11\/Quaderno-General-Spanish-728x90-1.png\" alt=\"\"  srcset=\"https:\/\/teletrabajoynegocios.com\/telesecretarias\/wp-content\/uploads\/sites\/2\/2020\/11\/Quaderno-General-Spanish-728x90-1.png 728w, https:\/\/teletrabajoynegocios.com\/telesecretarias\/wp-content\/uploads\/sites\/2\/2020\/11\/Quaderno-General-Spanish-728x90-1-300x37.png 300w\" sizes=\"(max-width: 728px) 100vw, 728px\" width=\"728\" height=\"90\"   \/><\/a><\/div><p><a href=\"https:\/\/www.marketingdirecto.com\/digital-general\/social-media-marketing\/facebook-empresas\" target=\"_blank\" rel=\"noreferrer noopener\">Facebook<\/a>\u00a0es una plataforma que ofrece a las empresas m\u00faltiples posibilidades para compartir contenido con sus clientes. Sin embargo, no basta con publicar cualquier contenido. \u00c9ste tiene que ofrecer alg\u00fan tipo de valor a\u00f1adido al cliente. Para publicar contenido verdaderamente \u00fatil y valioso en las p\u00e1ginas empresariales en la red social,\u00a0<a href=\"https:\/\/www.prdaily.com\/Main\/Home.aspx\" target=\"_blank\" rel=\"noopener noreferrer nofollow\"><em>PR Daily<\/em>\u00a0<\/a>recomienda seguir estos consejos:<\/p>\n<p>1.\u00a0<strong>No automatices tus actualizaciones<\/strong>\u00a0en Twitter en la p\u00e1gina de tu empresa en Facebook.\u00a0<a href=\"https:\/\/www.marketingdirecto.com\/digital-general\/e-mail-marketing\/las-redes-sociales-y-el-mail-marketing-la-formula-del-exito-de-las-campanas\" target=\"_blank\" rel=\"noreferrer noopener\">Ambas son plataformas diferentes<\/a>, por lo que debes tratarlas tambi\u00e9n de manera diferente.<\/p>\n<p>2.\u00a0<strong>Etiqueta<\/strong>\u00a0a otras empresas y personas en sus mensajes de actualizaci\u00f3n para incrementar as\u00ed la popularidad de tu compa\u00f1\u00eda.<\/p>\n<p>3.<strong>\u00a0Responde<\/strong>\u00a0a los comentarios y a los clics al bot\u00f3n \u201cme gusta\u201d de otros usuarios.<\/p>\n<p>4.<strong>\u00a0Invita\u00a0<\/strong>a alguna celebridad o experto para interactuar con los fans de tu marca en Facebook durante un periodo limitado de tiempo.<\/p>\n<p>5.<strong>\u00a0Pide la opini\u00f3n<\/strong>\u00a0de tu comunidad. Haz preguntas a tu audiencia.<\/p>\n<p>6.\u00a0<strong>Pide ideas<\/strong>\u00a0a tu comunidad. Pregunta a los fans de la p\u00e1gina de tu empresa en la red social qu\u00e9 contenido demandan en este canal.<\/p>\n<p>7.\u00a0<strong>Inicia<\/strong>\u00a0la primera parte de una broma y deja que la comunidad la termine.<\/p>\n<p>8.<strong>\u00a0Cuenta acertijos y adivinanzas.<\/strong><\/p>\n<p>9.\u00a0<strong>Haz preguntas<\/strong>\u00a0hipot\u00e9ticas.<\/p>\n<p>10.<strong>\u00a0Comparte links<\/strong>\u00a0del blog corporativo de tu empresa en la red social.<\/p>\n<hr \/>\n<p><img decoding=\"async\" src=\"https:\/\/teletrabajoynegocios.com\/teletrabajador\/wp-content\/uploads\/sites\/3\/2020\/07\/articulos.png\" \/><\/p>\n<div class=\"wp-rss-template-container\" data-wpra-template=\"default\" data-template-ctx=\"W10=\">\n    <div class=\"wp-rss-aggregator wpra-list-template  \" data-page=\"1\">\n    \n    \n<ul class=\"wpra-item-list rss-aggregator wpra-item-list--bullets wpra-item-list--default\"\n    start=\"1\">\n                        <li class=\"wpra-item feed-item \">\n            \n            \n\n    <a  href=\"https:\/\/distritoemprendedores.com\/blog\/2026\/03\/16\/hello-world\/\" target=\"_blank\" rel=\"nofollow\" class=\"\">Hello world!<\/a>\n\n\n\n\n\n\n<div class=\"wprss-feed-meta\">\n            <span class=\"feed-source\">\n            Source:\n\n                            Distrito Emprendedores\n                    <\/span>\n    \n            <span class=\"feed-date\">\n            Published on 2026-03-16\n        <\/span>\n    \n    <\/div>\n\n\n\n\n\n            \n        <\/li>\n                    <li class=\"wpra-item feed-item \">\n            \n            \n\n    <a  href=\"https:\/\/www.dropbox.com\/scl\/fi\/b6csvpbfxu24vaezmo3es\/62bed0634df20e5ef35346439fdd423f_franquicias.pdf?rlkey=mfp2795s4n89mw35l0yeu2vl5&amp;e=2&amp;st=57kabuy0&amp;dl=0#new_tab\" target=\"_blank\" rel=\"nofollow\" class=\"\">Las franquicias espa\u00f1olas duplican su presencia en mercados for\u00e1neos<\/a>\n\n\n\n\n\n\n<div class=\"wprss-feed-meta\">\n            <span class=\"feed-source\">\n            Source:\n\n                            Distrito Emprendedores\n                    <\/span>\n    \n            <span class=\"feed-date\">\n            Published on 2026-03-11\n        <\/span>\n    \n    <\/div>\n\n\n\n\n\n            \n        <\/li>\n                    <li class=\"wpra-item feed-item \">\n            \n            \n\n    <a  href=\"https:\/\/distritoemprendedores.es\/blog\/5-errores-fatales-al-internacionalizar-tu-franquicia\/\" target=\"_blank\" rel=\"nofollow\" class=\"\">5 errores fatales al internacionalizar tu franquicia<\/a>\n\n\n\n\n\n\n<div class=\"wprss-feed-meta\">\n            <span class=\"feed-source\">\n            Source:\n\n                            Distrito Emprendedores\n                    <\/span>\n    \n            <span class=\"feed-date\">\n            Published on 2026-03-10\n        <\/span>\n    \n    <\/div>\n\n\n\n\n\n            \n        <\/li>\n                    <li class=\"wpra-item feed-item \">\n            \n            \n\n    <a  href=\"https:\/\/distritoemprendedores.es\/blog\/un-nuevo-prime-time-para-las-marcas-afterwork-tardeo-y-futbol-se-consolidan-como-los-grandes-motores-del-consumo-experiencial\/\" target=\"_blank\" rel=\"nofollow\" class=\"\">Un nuevo prime time para las marcas: afterwork, tardeo y f\u00fatbol se consolidan como los grandes motores del consumo experiencial<\/a>\n\n\n\n\n\n\n<div class=\"wprss-feed-meta\">\n            <span class=\"feed-source\">\n            Source:\n\n                            Distrito Emprendedores\n                    <\/span>\n    \n            <span class=\"feed-date\">\n            Published on 2026-03-09\n        <\/span>\n    \n    <\/div>\n\n\n\n\n\n            \n        <\/li>\n                    <li class=\"wpra-item feed-item \">\n            \n            \n\n    <a  href=\"https:\/\/distritoemprendedores.es\/blog\/la-ventaja-competitiva-esta-en-entender-como-pregunta-el-consumidor\/\" target=\"_blank\" rel=\"nofollow\" class=\"\">La ventaja competitiva est\u00e1 en entender c\u00f3mo pregunta el consumidor<\/a>\n\n\n\n\n\n\n<div class=\"wprss-feed-meta\">\n            <span class=\"feed-source\">\n            Source:\n\n                            Distrito Emprendedores\n                    <\/span>\n    \n            <span class=\"feed-date\">\n            Published on 2026-03-08\n        <\/span>\n    \n    <\/div>\n\n\n\n\n\n            \n        <\/li>\n                    <li class=\"wpra-item feed-item \">\n            \n            \n\n    <a  href=\"https:\/\/distritoemprendedores.es\/blog\/solo-el-7-de-los-espanoles-cree-a-las-marcas-cuando-comunican-sus-valores-con-hechos-demostrables\/\" target=\"_blank\" rel=\"nofollow\" class=\"\">Solo el 7% de los espa\u00f1oles cree a las marcas cuando comunican sus valores con hechos demostrables<\/a>\n\n\n\n\n\n\n<div class=\"wprss-feed-meta\">\n            <span class=\"feed-source\">\n            Source:\n\n                            Distrito Emprendedores\n                    <\/span>\n    \n            <span class=\"feed-date\">\n            Published on 2026-03-07\n        <\/span>\n    \n    <\/div>\n\n\n\n\n\n            \n        <\/li>\n                    <li class=\"wpra-item feed-item \">\n            \n            \n\n    <a  href=\"https:\/\/distritoemprendedores.es\/blog\/el-38-de-las-empresas-creadas-en-2019-ha-echado-ya-el-cierre\/\" target=\"_blank\" rel=\"nofollow\" class=\"\">El 38% de las empresas creadas en 2019 ha echado ya el cierre<\/a>\n\n\n\n\n\n\n<div class=\"wprss-feed-meta\">\n            <span class=\"feed-source\">\n            Source:\n\n                            Distrito Emprendedores\n                    <\/span>\n    \n            <span class=\"feed-date\">\n            Published on 2026-03-06\n        <\/span>\n    \n    <\/div>\n\n\n\n\n\n            \n        <\/li>\n                    <li class=\"wpra-item feed-item \">\n            \n            \n\n    <a  href=\"https:\/\/distritoemprendedores.es\/blog\/descubre-las-oportunidades-y-tendencias-en-el-mercado-de-la-franquicia-para-2026\/\" target=\"_blank\" rel=\"nofollow\" class=\"\">Descubre las oportunidades y tendencias en el mercado de la franquicia para 2026<\/a>\n\n\n\n\n\n\n<div class=\"wprss-feed-meta\">\n            <span class=\"feed-source\">\n            Source:\n\n                            Distrito Emprendedores\n                    <\/span>\n    \n            <span class=\"feed-date\">\n            Published on 2026-03-05\n        <\/span>\n    \n    <\/div>\n\n\n\n\n\n            \n        <\/li>\n                    <li class=\"wpra-item feed-item \">\n            \n            \n\n    <a  href=\"https:\/\/distritoemprendedores.es\/blog\/las-startups-de-salud-mas-punteras-del-mundo\/\" target=\"_blank\" rel=\"nofollow\" class=\"\">Las startups de salud m\u00e1s punteras del mundo<\/a>\n\n\n\n\n\n\n<div class=\"wprss-feed-meta\">\n            <span class=\"feed-source\">\n            Source:\n\n                            Distrito Emprendedores\n                    <\/span>\n    \n            <span class=\"feed-date\">\n            Published on 2026-03-04\n        <\/span>\n    \n    <\/div>\n\n\n\n\n\n            \n        <\/li>\n                    <li class=\"wpra-item feed-item \">\n            \n            \n\n    <a  href=\"https:\/\/distritoemprendedores.es\/blog\/puesta-en-marcha-de-un-negocio-primeros-pasos-para-validar-vender-y-controlar-la-tesoreria\/\" target=\"_blank\" rel=\"nofollow\" class=\"\">Puesta en marcha de un negocio: primeros pasos para validar, vender y controlar la tesorer\u00eda<\/a>\n\n\n\n\n\n\n<div class=\"wprss-feed-meta\">\n            <span class=\"feed-source\">\n            Source:\n\n                            Distrito Emprendedores\n                    <\/span>\n    \n            <span class=\"feed-date\">\n            Published on 2026-03-03\n        <\/span>\n    \n    <\/div>\n\n\n\n\n\n            \n        <\/li>\n                    <li class=\"wpra-item feed-item \">\n            \n            \n\n    <a  href=\"https:\/\/distritoemprendedores.es\/blog\/6-franquicias-sin-apenas-competencia-en-el-mercado\/\" target=\"_blank\" rel=\"nofollow\" class=\"\">6 franquicias sin apenas competencia en el mercado<\/a>\n\n\n\n\n\n\n<div class=\"wprss-feed-meta\">\n            <span class=\"feed-source\">\n            Source:\n\n                            Distrito Emprendedores\n                    <\/span>\n    \n            <span class=\"feed-date\">\n            Published on 2026-03-02\n        <\/span>\n    \n    <\/div>\n\n\n\n\n\n            \n        <\/li>\n                    <li class=\"wpra-item feed-item \">\n            \n            \n\n    <a  href=\"https:\/\/digistorage.es\/links\/71d78951-a420-4f5b-8de6-7b35ae7efc1c#new_tab\" target=\"_blank\" rel=\"nofollow\" class=\"\">Los algoritmos amenazan con filtrar las confesiones realizadas al abogado<\/a>\n\n\n\n\n\n\n<div class=\"wprss-feed-meta\">\n            <span class=\"feed-source\">\n            Source:\n\n                            Distrito Emprendedores\n                    <\/span>\n    \n            <span class=\"feed-date\">\n            Published on 2026-03-01\n        <\/span>\n    \n    <\/div>\n\n\n\n\n\n            \n        <\/li>\n                    <li class=\"wpra-item feed-item \">\n            \n            \n\n    <a  href=\"https:\/\/distritoemprendedores.es\/blog\/las-startups-que-mas-innovan-en-el-mundo\/\" target=\"_blank\" rel=\"nofollow\" class=\"\">Las startups que m\u00e1s innovan en el mundo<\/a>\n\n\n\n\n\n\n<div class=\"wprss-feed-meta\">\n            <span class=\"feed-source\">\n            Source:\n\n                            Distrito Emprendedores\n                    <\/span>\n    \n            <span class=\"feed-date\">\n            Published on 2026-02-28\n        <\/span>\n    \n    <\/div>\n\n\n\n\n\n            \n        <\/li>\n                    <li class=\"wpra-item feed-item \">\n            \n            \n\n    <a  href=\"https:\/\/distritoemprendedores.es\/blog\/tiktok-genera-31-000-millones-de-euros-para-las-empresas-europeas-y-3-000-millones-en-espana\/\" target=\"_blank\" rel=\"nofollow\" class=\"\">TikTok genera 31.000 millones de euros para las empresas europeas y 3.000 millones en Espa\u00f1a<\/a>\n\n\n\n\n\n\n<div class=\"wprss-feed-meta\">\n            <span class=\"feed-source\">\n            Source:\n\n                            Distrito Emprendedores\n                    <\/span>\n    \n            <span class=\"feed-date\">\n            Published on 2026-02-27\n        <\/span>\n    \n    <\/div>\n\n\n\n\n\n            \n        <\/li>\n                    <li class=\"wpra-item feed-item \">\n            \n            \n\n    <a  href=\"https:\/\/distritoemprendedores.es\/blog\/amazon-planea-un-marketplace-para-hacer-de-puente-entre-los-publishers-y-las-empresas-de-ia\/\" target=\"_blank\" rel=\"nofollow\" class=\"\">Amazon planea un \u00abmarketplace\u00bb para hacer de puente entre los \u00abpublishers\u00bb y las empresas de IA<\/a>\n\n\n\n\n\n\n<div class=\"wprss-feed-meta\">\n            <span class=\"feed-source\">\n            Source:\n\n                            Distrito Emprendedores\n                    <\/span>\n    \n            <span class=\"feed-date\">\n            Published on 2026-02-26\n        <\/span>\n    \n    <\/div>\n\n\n\n\n\n            \n        <\/li>\n        <\/ul>\n\n        \n<\/div>\n\n<\/div>\n\n<hr \/>\n<p>11.\u00a0<strong>Incluye formularios<\/strong>\u00a0para la suscripci\u00f3n al newsletter de la empresa en Facebook.<\/p>\n<p>12.\u00a0<strong>Comparte informaci\u00f3n<\/strong>\u00a0sobre la actualidad de tu empresa en la plataforma (promociones, vacantes de empleo, etc.).<\/p>\n<p>13.\u00a0<strong>Etiqueta a gente real\u00a0<\/strong>en tus fotos para aumentar as\u00ed el tr\u00e1fico de tu p\u00e1gina de fans en la red social.<\/p>\n<p>14.\u00a0<strong>Publica fotos<\/strong>\u00a0\u201cmisteriosas\u201d para llamar la atenci\u00f3n de la comunidad.<\/p>\n<p>15.\u00a0<strong>Organiza concursos<\/strong>\u00a0para titular fotograf\u00edas.<\/p>\n<p>16.\u00a0<strong>Comparte fotograf\u00edas<\/strong>\u00a0de eventos donde haya participado la empresa.<\/p>\n<p>17.\u00a0<strong>Publica fotograf\u00edas<\/strong>\u00a0de expertos que hayas entrevistado para el blog corporativo de tu empresa.<\/p>\n<p>18.<strong>\u00a0Comparte fotograf\u00edas\u00a0<\/strong>de conferencias.<\/p>\n<p>19.\u00a0<strong>Publica im\u00e1genes<\/strong>\u00a0de tus productos y aseg\u00farate de darles buenos titulares.<\/p>\n<p>20<strong>. Compara dos productos<\/strong>\u00a0en una foto y anima a la comunidad a participar con sus comentarios en la comparaci\u00f3n de ambos productos.<\/p>\n<p>21. Si publicas una\u00a0<strong>infograf\u00eda o imagen en el blog<\/strong>\u00a0corporativo de tu empresa, comparte el contenido tambi\u00e9n en Facebook para aumentar el tr\u00e1fico de tu bit\u00e1cora.<\/p>\n<p>22.\u00a0<strong>Usa la galer\u00eda fotogr\u00e1fica<\/strong>\u00a0de cinco im\u00e1genes en formato horizontal incluida en el margen superior derecho de tu p\u00e1gina en Facebook de la manera m\u00e1s creativa posible.<\/p>\n<p>23. Si hay alguna festividad o periodo de vacaciones, aprovecha para celebrarlo con tu comunidad en Facebook.<\/p>\n<p>24.\u00a0<strong>Utiliza Facebook Insights<\/strong>\u00a0para determinar qu\u00e9 contenido tiene mejor acogida entre la audiencia.<\/p>\n<p>25.\u00a0<strong>Utiliza c\u00f3digos UTM<\/strong>\u00a0en los links compartidos a trav\u00e9s de Facebook para rastrear el tr\u00e1fico generado desde Facebook a la web de la empresa.<\/p>\n<p>Crear una p\u00e1gina en facebook\u00a0de empresa es una decisi\u00f3n importante, ya que debemos mantenerla para conseguir que nuestros clientes puedan acceder a nuestros productos y tener una buena imagen de nuestra empresa. Por ello necesitamos mantener nuestra p\u00e1gina optimizada ya que no queremos que se lleven una mala impresi\u00f3n.<\/p>\n<p><a href=\"https:\/\/www.marketingdirecto.com\/\"><em>V\u00eda: Marketing Directo<\/em><\/a><\/p>\n<div id=\"telet-698603034\" class=\"telet-despues-del-contenido telet-entity-placement\"><a target=\"_blank\" href=\"\/\/aff.lucushost.com\/resources\/click\/?n=gDxoXMAJ&aff=756\"><img decoding=\"async\" border=\"0\" alt=\"LucusHost, el mejor hosting\" src=\"\/\/aff.lucushost.com\/resources\/banners\/?zoneid=5123&n=gDxoXMAJ&aff=756\" \/><\/a><\/div>","protected":false},"excerpt":{"rendered":"<p>Facebook\u00a0es una plataforma que ofrece a las empresas m\u00faltiples posibilidades para compartir contenido con sus clientes. Sin embargo, no basta con publicar cualquier contenido. \u00c9ste tiene que ofrecer alg\u00fan tipo&hellip; <\/p>\n","protected":false},"author":1,"featured_media":4993,"comment_status":"open","ping_status":"open","sticky":false,"template":"","format":"standard","meta":{"_jetpack_memberships_contains_paid_content":false,"footnotes":"","_links_to":"","_links_to_target":""},"categories":[11],"tags":[15,14],"class_list":["post-4992","post","type-post","status-publish","format-standard","has-post-thumbnail","hentry","category-redes-sociales","tag-fuprisa","tag-jose-manuel-fuentes-prieto"],"nelio_content":{"autoShareEndMode":"never","automationSources":{"useCustomSentences":false,"customSentences":[]},"efiAlt":"","efiUrl":"","followers":[1],"highlights":[],"isAutoShareEnabled":true,"networkImageIds":[],"permalinkQueryArgs":[],"series":[],"suggestedReferences":[]},"jetpack_featured_media_url":"https:\/\/teletrabajoynegocios.com\/telesecretarias\/wp-content\/uploads\/sites\/2\/2021\/08\/facebook-ideas-empresa.png","jetpack_sharing_enabled":true,"_links":{"self":[{"href":"https:\/\/teletrabajoynegocios.com\/telesecretarias\/wp-json\/wp\/v2\/posts\/4992","targetHints":{"allow":["GET"]}}],"collection":[{"href":"https:\/\/teletrabajoynegocios.com\/telesecretarias\/wp-json\/wp\/v2\/posts"}],"about":[{"href":"https:\/\/teletrabajoynegocios.com\/telesecretarias\/wp-json\/wp\/v2\/types\/post"}],"author":[{"embeddable":true,"href":"https:\/\/teletrabajoynegocios.com\/telesecretarias\/wp-json\/wp\/v2\/users\/1"}],"replies":[{"embeddable":true,"href":"https:\/\/teletrabajoynegocios.com\/telesecretarias\/wp-json\/wp\/v2\/comments?post=4992"}],"version-history":[{"count":2,"href":"https:\/\/teletrabajoynegocios.com\/telesecretarias\/wp-json\/wp\/v2\/posts\/4992\/revisions"}],"predecessor-version":[{"id":4998,"href":"https:\/\/teletrabajoynegocios.com\/telesecretarias\/wp-json\/wp\/v2\/posts\/4992\/revisions\/4998"}],"wp:featuredmedia":[{"embeddable":true,"href":"https:\/\/teletrabajoynegocios.com\/telesecretarias\/wp-json\/wp\/v2\/media\/4993"}],"wp:attachment":[{"href":"https:\/\/teletrabajoynegocios.com\/telesecretarias\/wp-json\/wp\/v2\/media?parent=4992"}],"wp:term":[{"taxonomy":"category","embeddable":true,"href":"https:\/\/teletrabajoynegocios.com\/telesecretarias\/wp-json\/wp\/v2\/categories?post=4992"},{"taxonomy":"post_tag","embeddable":true,"href":"https:\/\/teletrabajoynegocios.com\/telesecretarias\/wp-json\/wp\/v2\/tags?post=4992"}],"curies":[{"name":"wp","href":"https:\/\/api.w.org\/{rel}","templated":true}]}}