{"id":5047,"date":"2021-08-12T10:11:31","date_gmt":"2021-08-12T08:11:31","guid":{"rendered":"https:\/\/teletrabajoynegocios.com\/telesecretarias\/?p=5047"},"modified":"2021-08-11T10:29:10","modified_gmt":"2021-08-11T08:29:10","slug":"cuanto-cuesta-la-publicidad-en-instagram","status":"publish","type":"post","link":"https:\/\/teletrabajoynegocios.com\/telesecretarias\/cuanto-cuesta-la-publicidad-en-instagram\/","title":{"rendered":"\u00bfCu\u00e1nto cuesta la publicidad en Instagram?"},"content":{"rendered":"<div id=\"telet-379514384\" class=\"telet-antes-del-contenido telet-entity-placement\"><a href=\"https:\/\/quaderno.io\/?via=jose-manuel94\" aria-label=\"Quaderno General (Spanish) &#8211; 728&#215;90\"><img loading=\"lazy\" decoding=\"async\" src=\"https:\/\/teletrabajoynegocios.com\/telesecretarias\/wp-content\/uploads\/sites\/2\/2020\/11\/Quaderno-General-Spanish-728x90-1.png\" alt=\"\"  srcset=\"https:\/\/teletrabajoynegocios.com\/telesecretarias\/wp-content\/uploads\/sites\/2\/2020\/11\/Quaderno-General-Spanish-728x90-1.png 728w, https:\/\/teletrabajoynegocios.com\/telesecretarias\/wp-content\/uploads\/sites\/2\/2020\/11\/Quaderno-General-Spanish-728x90-1-300x37.png 300w\" sizes=\"(max-width: 728px) 100vw, 728px\" width=\"728\" height=\"90\"   \/><\/a><\/div><p><strong>\u00bfCu\u00e1nto cuesta la publicidad en Instagram?<\/strong><\/p>\n<p>\u00bfCu\u00e1nto cuesta un anuncio en Instagram?<\/p>\n<p>\u00bfCu\u00e1l es el precio de Instagram Ads?<\/p>\n<p>Posiblemente te est\u00e9s haciendo estas mismas preguntas y te voy a dar la respuesta:<\/p>\n<p>Depende.<\/p>\n<p>As\u00ed es.<\/p>\n<p>Lo siento si esperabas que te dijera que el CPC en Instagram en Espa\u00f1a es 0,15\u20ac \u2013 5\u20ac o el CPM de 7\u20ac.<\/p>\n<p>Porque la realidad es que el precio de la publicidad en Instagram va a depender de varios factores que te voy a explicar en este mismo art\u00edculo.<\/p>\n<hr \/>\n<p><img decoding=\"async\" src=\"https:\/\/teletrabajoynegocios.com\/teletrabajador\/wp-content\/uploads\/sites\/3\/2020\/07\/articulos.png\" \/><\/p>\n<div class=\"wp-rss-template-container\" data-wpra-template=\"default\" data-template-ctx=\"W10=\">\n    <div class=\"wp-rss-aggregator wpra-list-template  \" data-page=\"1\">\n    \n    \n<ul class=\"wpra-item-list rss-aggregator wpra-item-list--bullets wpra-item-list--default\"\n    start=\"1\">\n                        <li class=\"wpra-item feed-item \">\n            \n            \n\n    <a  href=\"https:\/\/distritoemprendedores.com\/blog\/2026\/03\/16\/hello-world\/\" target=\"_blank\" rel=\"nofollow\" class=\"\">Hello world!<\/a>\n\n\n\n\n\n\n<div class=\"wprss-feed-meta\">\n            <span class=\"feed-source\">\n            Source:\n\n                            Distrito Emprendedores\n                    <\/span>\n    \n            <span class=\"feed-date\">\n            Published on 2026-03-16\n        <\/span>\n    \n    <\/div>\n\n\n\n\n\n            \n        <\/li>\n                    <li class=\"wpra-item feed-item \">\n            \n            \n\n    <a  href=\"https:\/\/www.dropbox.com\/scl\/fi\/b6csvpbfxu24vaezmo3es\/62bed0634df20e5ef35346439fdd423f_franquicias.pdf?rlkey=mfp2795s4n89mw35l0yeu2vl5&amp;e=2&amp;st=57kabuy0&amp;dl=0#new_tab\" target=\"_blank\" rel=\"nofollow\" class=\"\">Las franquicias espa\u00f1olas duplican su presencia en mercados for\u00e1neos<\/a>\n\n\n\n\n\n\n<div class=\"wprss-feed-meta\">\n            <span class=\"feed-source\">\n            Source:\n\n                            Distrito Emprendedores\n                    <\/span>\n    \n            <span class=\"feed-date\">\n            Published on 2026-03-11\n        <\/span>\n    \n    <\/div>\n\n\n\n\n\n            \n        <\/li>\n                    <li class=\"wpra-item feed-item \">\n            \n            \n\n    <a  href=\"https:\/\/distritoemprendedores.es\/blog\/5-errores-fatales-al-internacionalizar-tu-franquicia\/\" target=\"_blank\" rel=\"nofollow\" class=\"\">5 errores fatales al internacionalizar tu franquicia<\/a>\n\n\n\n\n\n\n<div class=\"wprss-feed-meta\">\n            <span class=\"feed-source\">\n            Source:\n\n                            Distrito Emprendedores\n                    <\/span>\n    \n            <span class=\"feed-date\">\n            Published on 2026-03-10\n        <\/span>\n    \n    <\/div>\n\n\n\n\n\n            \n        <\/li>\n                    <li class=\"wpra-item feed-item \">\n            \n            \n\n    <a  href=\"https:\/\/distritoemprendedores.es\/blog\/un-nuevo-prime-time-para-las-marcas-afterwork-tardeo-y-futbol-se-consolidan-como-los-grandes-motores-del-consumo-experiencial\/\" target=\"_blank\" rel=\"nofollow\" class=\"\">Un nuevo prime time para las marcas: afterwork, tardeo y f\u00fatbol se consolidan como los grandes motores del consumo experiencial<\/a>\n\n\n\n\n\n\n<div class=\"wprss-feed-meta\">\n            <span class=\"feed-source\">\n            Source:\n\n                            Distrito Emprendedores\n                    <\/span>\n    \n            <span class=\"feed-date\">\n            Published on 2026-03-09\n        <\/span>\n    \n    <\/div>\n\n\n\n\n\n            \n        <\/li>\n                    <li class=\"wpra-item feed-item \">\n            \n            \n\n    <a  href=\"https:\/\/distritoemprendedores.es\/blog\/la-ventaja-competitiva-esta-en-entender-como-pregunta-el-consumidor\/\" target=\"_blank\" rel=\"nofollow\" class=\"\">La ventaja competitiva est\u00e1 en entender c\u00f3mo pregunta el consumidor<\/a>\n\n\n\n\n\n\n<div class=\"wprss-feed-meta\">\n            <span class=\"feed-source\">\n            Source:\n\n                            Distrito Emprendedores\n                    <\/span>\n    \n            <span class=\"feed-date\">\n            Published on 2026-03-08\n        <\/span>\n    \n    <\/div>\n\n\n\n\n\n            \n        <\/li>\n                    <li class=\"wpra-item feed-item \">\n            \n            \n\n    <a  href=\"https:\/\/distritoemprendedores.es\/blog\/solo-el-7-de-los-espanoles-cree-a-las-marcas-cuando-comunican-sus-valores-con-hechos-demostrables\/\" target=\"_blank\" rel=\"nofollow\" class=\"\">Solo el 7% de los espa\u00f1oles cree a las marcas cuando comunican sus valores con hechos demostrables<\/a>\n\n\n\n\n\n\n<div class=\"wprss-feed-meta\">\n            <span class=\"feed-source\">\n            Source:\n\n                            Distrito Emprendedores\n                    <\/span>\n    \n            <span class=\"feed-date\">\n            Published on 2026-03-07\n        <\/span>\n    \n    <\/div>\n\n\n\n\n\n            \n        <\/li>\n                    <li class=\"wpra-item feed-item \">\n            \n            \n\n    <a  href=\"https:\/\/distritoemprendedores.es\/blog\/el-38-de-las-empresas-creadas-en-2019-ha-echado-ya-el-cierre\/\" target=\"_blank\" rel=\"nofollow\" class=\"\">El 38% de las empresas creadas en 2019 ha echado ya el cierre<\/a>\n\n\n\n\n\n\n<div class=\"wprss-feed-meta\">\n            <span class=\"feed-source\">\n            Source:\n\n                            Distrito Emprendedores\n                    <\/span>\n    \n            <span class=\"feed-date\">\n            Published on 2026-03-06\n        <\/span>\n    \n    <\/div>\n\n\n\n\n\n            \n        <\/li>\n                    <li class=\"wpra-item feed-item \">\n            \n            \n\n    <a  href=\"https:\/\/distritoemprendedores.es\/blog\/descubre-las-oportunidades-y-tendencias-en-el-mercado-de-la-franquicia-para-2026\/\" target=\"_blank\" rel=\"nofollow\" class=\"\">Descubre las oportunidades y tendencias en el mercado de la franquicia para 2026<\/a>\n\n\n\n\n\n\n<div class=\"wprss-feed-meta\">\n            <span class=\"feed-source\">\n            Source:\n\n                            Distrito Emprendedores\n                    <\/span>\n    \n            <span class=\"feed-date\">\n            Published on 2026-03-05\n        <\/span>\n    \n    <\/div>\n\n\n\n\n\n            \n        <\/li>\n                    <li class=\"wpra-item feed-item \">\n            \n            \n\n    <a  href=\"https:\/\/distritoemprendedores.es\/blog\/las-startups-de-salud-mas-punteras-del-mundo\/\" target=\"_blank\" rel=\"nofollow\" class=\"\">Las startups de salud m\u00e1s punteras del mundo<\/a>\n\n\n\n\n\n\n<div class=\"wprss-feed-meta\">\n            <span class=\"feed-source\">\n            Source:\n\n                            Distrito Emprendedores\n                    <\/span>\n    \n            <span class=\"feed-date\">\n            Published on 2026-03-04\n        <\/span>\n    \n    <\/div>\n\n\n\n\n\n            \n        <\/li>\n                    <li class=\"wpra-item feed-item \">\n            \n            \n\n    <a  href=\"https:\/\/distritoemprendedores.es\/blog\/puesta-en-marcha-de-un-negocio-primeros-pasos-para-validar-vender-y-controlar-la-tesoreria\/\" target=\"_blank\" rel=\"nofollow\" class=\"\">Puesta en marcha de un negocio: primeros pasos para validar, vender y controlar la tesorer\u00eda<\/a>\n\n\n\n\n\n\n<div class=\"wprss-feed-meta\">\n            <span class=\"feed-source\">\n            Source:\n\n                            Distrito Emprendedores\n                    <\/span>\n    \n            <span class=\"feed-date\">\n            Published on 2026-03-03\n        <\/span>\n    \n    <\/div>\n\n\n\n\n\n            \n        <\/li>\n                    <li class=\"wpra-item feed-item \">\n            \n            \n\n    <a  href=\"https:\/\/distritoemprendedores.es\/blog\/6-franquicias-sin-apenas-competencia-en-el-mercado\/\" target=\"_blank\" rel=\"nofollow\" class=\"\">6 franquicias sin apenas competencia en el mercado<\/a>\n\n\n\n\n\n\n<div class=\"wprss-feed-meta\">\n            <span class=\"feed-source\">\n            Source:\n\n                            Distrito Emprendedores\n                    <\/span>\n    \n            <span class=\"feed-date\">\n            Published on 2026-03-02\n        <\/span>\n    \n    <\/div>\n\n\n\n\n\n            \n        <\/li>\n                    <li class=\"wpra-item feed-item \">\n            \n            \n\n    <a  href=\"https:\/\/digistorage.es\/links\/71d78951-a420-4f5b-8de6-7b35ae7efc1c#new_tab\" target=\"_blank\" rel=\"nofollow\" class=\"\">Los algoritmos amenazan con filtrar las confesiones realizadas al abogado<\/a>\n\n\n\n\n\n\n<div class=\"wprss-feed-meta\">\n            <span class=\"feed-source\">\n            Source:\n\n                            Distrito Emprendedores\n                    <\/span>\n    \n            <span class=\"feed-date\">\n            Published on 2026-03-01\n        <\/span>\n    \n    <\/div>\n\n\n\n\n\n            \n        <\/li>\n                    <li class=\"wpra-item feed-item \">\n            \n            \n\n    <a  href=\"https:\/\/distritoemprendedores.es\/blog\/las-startups-que-mas-innovan-en-el-mundo\/\" target=\"_blank\" rel=\"nofollow\" class=\"\">Las startups que m\u00e1s innovan en el mundo<\/a>\n\n\n\n\n\n\n<div class=\"wprss-feed-meta\">\n            <span class=\"feed-source\">\n            Source:\n\n                            Distrito Emprendedores\n                    <\/span>\n    \n            <span class=\"feed-date\">\n            Published on 2026-02-28\n        <\/span>\n    \n    <\/div>\n\n\n\n\n\n            \n        <\/li>\n                    <li class=\"wpra-item feed-item \">\n            \n            \n\n    <a  href=\"https:\/\/distritoemprendedores.es\/blog\/tiktok-genera-31-000-millones-de-euros-para-las-empresas-europeas-y-3-000-millones-en-espana\/\" target=\"_blank\" rel=\"nofollow\" class=\"\">TikTok genera 31.000 millones de euros para las empresas europeas y 3.000 millones en Espa\u00f1a<\/a>\n\n\n\n\n\n\n<div class=\"wprss-feed-meta\">\n            <span class=\"feed-source\">\n            Source:\n\n                            Distrito Emprendedores\n                    <\/span>\n    \n            <span class=\"feed-date\">\n            Published on 2026-02-27\n        <\/span>\n    \n    <\/div>\n\n\n\n\n\n            \n        <\/li>\n                    <li class=\"wpra-item feed-item \">\n            \n            \n\n    <a  href=\"https:\/\/distritoemprendedores.es\/blog\/amazon-planea-un-marketplace-para-hacer-de-puente-entre-los-publishers-y-las-empresas-de-ia\/\" target=\"_blank\" rel=\"nofollow\" class=\"\">Amazon planea un \u00abmarketplace\u00bb para hacer de puente entre los \u00abpublishers\u00bb y las empresas de IA<\/a>\n\n\n\n\n\n\n<div class=\"wprss-feed-meta\">\n            <span class=\"feed-source\">\n            Source:\n\n                            Distrito Emprendedores\n                    <\/span>\n    \n            <span class=\"feed-date\">\n            Published on 2026-02-26\n        <\/span>\n    \n    <\/div>\n\n\n\n\n\n            \n        <\/li>\n        <\/ul>\n\n        \n<\/div>\n\n<\/div>\n\n<hr \/>\n<h2><strong>\u00bfCu\u00e1l es el precio de la publicidad en Instagram Ads?<\/strong><\/h2>\n<p>Antes de darte una respuesta m\u00e1s espec\u00edfica debes de entender c\u00f3mo funciona el sistema de subastas de Facebook.<\/p>\n<div class=\"borde-negro\">\n<p>La subasta determina el orden de los anuncios.<\/p>\n<p>Es decir, determina qu\u00e9 anuncios deben de mostrarse a un grupo espec\u00edfico de personas (<a href=\"https:\/\/rubenmanez.com\/segmentar-en-facebook-instagram\/\" target=\"_blank\" rel=\"noopener noreferrer\">segmentaci\u00f3n en Facebook Ads<\/a>).<\/p>\n<p>\u00bfEn funci\u00f3n de qu\u00e9?<\/p>\n<p>En funci\u00f3n de las personas que tengan m\u00e1s probabilidades de estar interesadas en lo que ofreces y del precio por el que pujas.<\/p>\n<\/div>\n<p>Ahora bien,<strong>\u00a0\u00bfc\u00f3mo se determina el ganador de la subasta?<\/strong><\/p>\n<p>El ganador es el que consigue el el valor m\u00e1s alto de la combinaci\u00f3n de estos tres factores:<\/p>\n<ul>\n<li>La puja.<\/li>\n<li>El porcentaje de acciones estimadas.<\/li>\n<li>La calidad del anuncio.<\/li>\n<\/ul>\n<p>Voy a explicarte de forma breve cada uno de estos factores porque te ayudar\u00e1 a entender mejor cu\u00e1nto cuesta la publicidad en Instagram.<\/p>\n<ul>\n<li><strong>Puja<\/strong>: Lo que est\u00e1s dispuesto a pagar por conseguir el objetivo publicitario que hayas seleccionado.<\/li>\n<li><strong>Porcentaje de acciones estimadas<\/strong>: La probabilidad de que al mostrar tu anuncio se consiga el resultado esperado.<\/li>\n<li>La calidad del anuncio: (Sobre esto hablaremos despu\u00e9s).<\/li>\n<\/ul>\n<p>Adem\u00e1s, la combinaci\u00f3n del \u201cporcentaje de acciones estimadas\u201d y la \u201ccalidad del anuncio\u201d dan como resultado la relevancia.<\/p>\n<p>De aqu\u00ed tienes que entender una cosa.<\/p>\n<p><strong>El precio de Instagram Ads va a ser inferior si consigues que tu anuncio sea relevante.<\/strong><\/p>\n<div class=\"borde-negro\">\n<p>Como conclusi\u00f3n, podr\u00eda decirse que el precio de los anuncios en Instagram Ads va a depender de bien que sepas elegir y optimizar:<\/p>\n<ul>\n<li>El objetivo de tus campa\u00f1as.<\/li>\n<li>La segmentaci\u00f3n.<\/li>\n<li>Las creatividades.<\/li>\n<li>El copy de los anuncios.<\/li>\n<li>Las p\u00e1ginas de destino.<\/li>\n<\/ul>\n<\/div>\n<p>Porque, cuanto m\u00e1s relevantes sean los anuncios menos te costar\u00e1 la publicidad y tendr\u00e1s mejores resultados.<\/p>\n<h2><strong>\u00bfCu\u00e1nto cuesta un anuncio de Instagram?<\/strong><\/h2>\n<p>S\u00e9 que est\u00e1s buscando una respuesta espec\u00edfica, as\u00ed que voy a darte unas estimaciones.<\/p>\n<p>(Pero la realidad es que el precio va a depender de 5 + 5 factores que te voy a contar despu\u00e9s).<\/p>\n<p>En cualquier caso, el precio de la publicidad en Instagram est\u00e1 entre 0,15 y 5\u20ac el CPC (coste por clic).<\/p>\n<p>Pero esto es relativo, porque si nos fijamos en un\u00a0<a href=\"https:\/\/metricool.com\/es\/estudio-facebook-ads\/\" target=\"_blank\" rel=\"noopener noreferrer\">estudio de Metricool<\/a>\u00a0en el que analiz\u00f3 148.187 campa\u00f1as y 1.132 cuentas publicitarias concluyeron que:<\/p>\n<ul>\n<li>El CPM medio era de 1,26 US$.<\/li>\n<li>El CPC medio de 0,05 US$<\/li>\n<\/ul>\n<p>Pero tambi\u00e9n hay otros estudios que dicen que el coste es:<\/p>\n<p>CPM medio de 6,70$.<br \/>\nCPC medio de 0,20$.<\/p>\n<p>De hecho, seg\u00fan\u00a0<a href=\"https:\/\/www.webfx.com\/social-media\/how-much-does-it-cost-to-advertise-on-instagram.html\" target=\"_blank\" rel=\"nofollow noopener noreferrer\">WebFX<\/a>\u00a0la diferencia de precios entre Facebook e Instagram es la siguiente:<\/p>\n<div class=\"su-table su-table-responsive su-table-alternate\">\n<table>\n<tbody>\n<tr>\n<td>Red Social<\/td>\n<td>CPC<\/td>\n<td>CPM<\/td>\n<\/tr>\n<tr>\n<td>IG<\/td>\n<td>0,20$\u00a0 \u2013 2,00$<\/td>\n<td>6,70$<\/td>\n<\/tr>\n<tr>\n<td>FB<\/td>\n<td>0,97$<\/td>\n<td>7,19$<\/td>\n<\/tr>\n<\/tbody>\n<\/table>\n<\/div>\n<p>Ten estos datos como referencia.<\/p>\n<p>Pero de verdad, lo esencial es que entiendas los factores que van a determinar el precio que pagues por tus anuncios.<\/p>\n<hr \/>\n<p><img decoding=\"async\" src=\"https:\/\/teletrabajoynegocios.com\/teletrabajador\/wp-content\/uploads\/sites\/3\/2020\/07\/articulos.png\" \/><\/p>\n<div class=\"wp-rss-template-container\" data-wpra-template=\"default\" data-template-ctx=\"W10=\">\n    <div class=\"wp-rss-aggregator wpra-list-template  \" data-page=\"1\">\n    \n    \n<ul class=\"wpra-item-list rss-aggregator wpra-item-list--bullets wpra-item-list--default\"\n    start=\"1\">\n                        <li class=\"wpra-item feed-item \">\n            \n            \n\n    <a  href=\"https:\/\/distritoemprendedores.com\/blog\/2026\/03\/16\/hello-world\/\" target=\"_blank\" rel=\"nofollow\" class=\"\">Hello world!<\/a>\n\n\n\n\n\n\n<div class=\"wprss-feed-meta\">\n            <span class=\"feed-source\">\n            Source:\n\n                            Distrito Emprendedores\n                    <\/span>\n    \n            <span class=\"feed-date\">\n            Published on 2026-03-16\n        <\/span>\n    \n    <\/div>\n\n\n\n\n\n            \n        <\/li>\n                    <li class=\"wpra-item feed-item \">\n            \n            \n\n    <a  href=\"https:\/\/www.dropbox.com\/scl\/fi\/b6csvpbfxu24vaezmo3es\/62bed0634df20e5ef35346439fdd423f_franquicias.pdf?rlkey=mfp2795s4n89mw35l0yeu2vl5&amp;e=2&amp;st=57kabuy0&amp;dl=0#new_tab\" target=\"_blank\" rel=\"nofollow\" class=\"\">Las franquicias espa\u00f1olas duplican su presencia en mercados for\u00e1neos<\/a>\n\n\n\n\n\n\n<div class=\"wprss-feed-meta\">\n            <span class=\"feed-source\">\n            Source:\n\n                            Distrito Emprendedores\n                    <\/span>\n    \n            <span class=\"feed-date\">\n            Published on 2026-03-11\n        <\/span>\n    \n    <\/div>\n\n\n\n\n\n            \n        <\/li>\n                    <li class=\"wpra-item feed-item \">\n            \n            \n\n    <a  href=\"https:\/\/distritoemprendedores.es\/blog\/5-errores-fatales-al-internacionalizar-tu-franquicia\/\" target=\"_blank\" rel=\"nofollow\" class=\"\">5 errores fatales al internacionalizar tu franquicia<\/a>\n\n\n\n\n\n\n<div class=\"wprss-feed-meta\">\n            <span class=\"feed-source\">\n            Source:\n\n                            Distrito Emprendedores\n                    <\/span>\n    \n            <span class=\"feed-date\">\n            Published on 2026-03-10\n        <\/span>\n    \n    <\/div>\n\n\n\n\n\n            \n        <\/li>\n                    <li class=\"wpra-item feed-item \">\n            \n            \n\n    <a  href=\"https:\/\/distritoemprendedores.es\/blog\/un-nuevo-prime-time-para-las-marcas-afterwork-tardeo-y-futbol-se-consolidan-como-los-grandes-motores-del-consumo-experiencial\/\" target=\"_blank\" rel=\"nofollow\" class=\"\">Un nuevo prime time para las marcas: afterwork, tardeo y f\u00fatbol se consolidan como los grandes motores del consumo experiencial<\/a>\n\n\n\n\n\n\n<div class=\"wprss-feed-meta\">\n            <span class=\"feed-source\">\n            Source:\n\n                            Distrito Emprendedores\n                    <\/span>\n    \n            <span class=\"feed-date\">\n            Published on 2026-03-09\n        <\/span>\n    \n    <\/div>\n\n\n\n\n\n            \n        <\/li>\n                    <li class=\"wpra-item feed-item \">\n            \n            \n\n    <a  href=\"https:\/\/distritoemprendedores.es\/blog\/la-ventaja-competitiva-esta-en-entender-como-pregunta-el-consumidor\/\" target=\"_blank\" rel=\"nofollow\" class=\"\">La ventaja competitiva est\u00e1 en entender c\u00f3mo pregunta el consumidor<\/a>\n\n\n\n\n\n\n<div class=\"wprss-feed-meta\">\n            <span class=\"feed-source\">\n            Source:\n\n                            Distrito Emprendedores\n                    <\/span>\n    \n            <span class=\"feed-date\">\n            Published on 2026-03-08\n        <\/span>\n    \n    <\/div>\n\n\n\n\n\n            \n        <\/li>\n                    <li class=\"wpra-item feed-item \">\n            \n            \n\n    <a  href=\"https:\/\/distritoemprendedores.es\/blog\/solo-el-7-de-los-espanoles-cree-a-las-marcas-cuando-comunican-sus-valores-con-hechos-demostrables\/\" target=\"_blank\" rel=\"nofollow\" class=\"\">Solo el 7% de los espa\u00f1oles cree a las marcas cuando comunican sus valores con hechos demostrables<\/a>\n\n\n\n\n\n\n<div class=\"wprss-feed-meta\">\n            <span class=\"feed-source\">\n            Source:\n\n                            Distrito Emprendedores\n                    <\/span>\n    \n            <span class=\"feed-date\">\n            Published on 2026-03-07\n        <\/span>\n    \n    <\/div>\n\n\n\n\n\n            \n        <\/li>\n                    <li class=\"wpra-item feed-item \">\n            \n            \n\n    <a  href=\"https:\/\/distritoemprendedores.es\/blog\/el-38-de-las-empresas-creadas-en-2019-ha-echado-ya-el-cierre\/\" target=\"_blank\" rel=\"nofollow\" class=\"\">El 38% de las empresas creadas en 2019 ha echado ya el cierre<\/a>\n\n\n\n\n\n\n<div class=\"wprss-feed-meta\">\n            <span class=\"feed-source\">\n            Source:\n\n                            Distrito Emprendedores\n                    <\/span>\n    \n            <span class=\"feed-date\">\n            Published on 2026-03-06\n        <\/span>\n    \n    <\/div>\n\n\n\n\n\n            \n        <\/li>\n                    <li class=\"wpra-item feed-item \">\n            \n            \n\n    <a  href=\"https:\/\/distritoemprendedores.es\/blog\/descubre-las-oportunidades-y-tendencias-en-el-mercado-de-la-franquicia-para-2026\/\" target=\"_blank\" rel=\"nofollow\" class=\"\">Descubre las oportunidades y tendencias en el mercado de la franquicia para 2026<\/a>\n\n\n\n\n\n\n<div class=\"wprss-feed-meta\">\n            <span class=\"feed-source\">\n            Source:\n\n                            Distrito Emprendedores\n                    <\/span>\n    \n            <span class=\"feed-date\">\n            Published on 2026-03-05\n        <\/span>\n    \n    <\/div>\n\n\n\n\n\n            \n        <\/li>\n                    <li class=\"wpra-item feed-item \">\n            \n            \n\n    <a  href=\"https:\/\/distritoemprendedores.es\/blog\/las-startups-de-salud-mas-punteras-del-mundo\/\" target=\"_blank\" rel=\"nofollow\" class=\"\">Las startups de salud m\u00e1s punteras del mundo<\/a>\n\n\n\n\n\n\n<div class=\"wprss-feed-meta\">\n            <span class=\"feed-source\">\n            Source:\n\n                            Distrito Emprendedores\n                    <\/span>\n    \n            <span class=\"feed-date\">\n            Published on 2026-03-04\n        <\/span>\n    \n    <\/div>\n\n\n\n\n\n            \n        <\/li>\n                    <li class=\"wpra-item feed-item \">\n            \n            \n\n    <a  href=\"https:\/\/distritoemprendedores.es\/blog\/puesta-en-marcha-de-un-negocio-primeros-pasos-para-validar-vender-y-controlar-la-tesoreria\/\" target=\"_blank\" rel=\"nofollow\" class=\"\">Puesta en marcha de un negocio: primeros pasos para validar, vender y controlar la tesorer\u00eda<\/a>\n\n\n\n\n\n\n<div class=\"wprss-feed-meta\">\n            <span class=\"feed-source\">\n            Source:\n\n                            Distrito Emprendedores\n                    <\/span>\n    \n            <span class=\"feed-date\">\n            Published on 2026-03-03\n        <\/span>\n    \n    <\/div>\n\n\n\n\n\n            \n        <\/li>\n                    <li class=\"wpra-item feed-item \">\n            \n            \n\n    <a  href=\"https:\/\/distritoemprendedores.es\/blog\/6-franquicias-sin-apenas-competencia-en-el-mercado\/\" target=\"_blank\" rel=\"nofollow\" class=\"\">6 franquicias sin apenas competencia en el mercado<\/a>\n\n\n\n\n\n\n<div class=\"wprss-feed-meta\">\n            <span class=\"feed-source\">\n            Source:\n\n                            Distrito Emprendedores\n                    <\/span>\n    \n            <span class=\"feed-date\">\n            Published on 2026-03-02\n        <\/span>\n    \n    <\/div>\n\n\n\n\n\n            \n        <\/li>\n                    <li class=\"wpra-item feed-item \">\n            \n            \n\n    <a  href=\"https:\/\/digistorage.es\/links\/71d78951-a420-4f5b-8de6-7b35ae7efc1c#new_tab\" target=\"_blank\" rel=\"nofollow\" class=\"\">Los algoritmos amenazan con filtrar las confesiones realizadas al abogado<\/a>\n\n\n\n\n\n\n<div class=\"wprss-feed-meta\">\n            <span class=\"feed-source\">\n            Source:\n\n                            Distrito Emprendedores\n                    <\/span>\n    \n            <span class=\"feed-date\">\n            Published on 2026-03-01\n        <\/span>\n    \n    <\/div>\n\n\n\n\n\n            \n        <\/li>\n                    <li class=\"wpra-item feed-item \">\n            \n            \n\n    <a  href=\"https:\/\/distritoemprendedores.es\/blog\/las-startups-que-mas-innovan-en-el-mundo\/\" target=\"_blank\" rel=\"nofollow\" class=\"\">Las startups que m\u00e1s innovan en el mundo<\/a>\n\n\n\n\n\n\n<div class=\"wprss-feed-meta\">\n            <span class=\"feed-source\">\n            Source:\n\n                            Distrito Emprendedores\n                    <\/span>\n    \n            <span class=\"feed-date\">\n            Published on 2026-02-28\n        <\/span>\n    \n    <\/div>\n\n\n\n\n\n            \n        <\/li>\n                    <li class=\"wpra-item feed-item \">\n            \n            \n\n    <a  href=\"https:\/\/distritoemprendedores.es\/blog\/tiktok-genera-31-000-millones-de-euros-para-las-empresas-europeas-y-3-000-millones-en-espana\/\" target=\"_blank\" rel=\"nofollow\" class=\"\">TikTok genera 31.000 millones de euros para las empresas europeas y 3.000 millones en Espa\u00f1a<\/a>\n\n\n\n\n\n\n<div class=\"wprss-feed-meta\">\n            <span class=\"feed-source\">\n            Source:\n\n                            Distrito Emprendedores\n                    <\/span>\n    \n            <span class=\"feed-date\">\n            Published on 2026-02-27\n        <\/span>\n    \n    <\/div>\n\n\n\n\n\n            \n        <\/li>\n                    <li class=\"wpra-item feed-item \">\n            \n            \n\n    <a  href=\"https:\/\/distritoemprendedores.es\/blog\/amazon-planea-un-marketplace-para-hacer-de-puente-entre-los-publishers-y-las-empresas-de-ia\/\" target=\"_blank\" rel=\"nofollow\" class=\"\">Amazon planea un \u00abmarketplace\u00bb para hacer de puente entre los \u00abpublishers\u00bb y las empresas de IA<\/a>\n\n\n\n\n\n\n<div class=\"wprss-feed-meta\">\n            <span class=\"feed-source\">\n            Source:\n\n                            Distrito Emprendedores\n                    <\/span>\n    \n            <span class=\"feed-date\">\n            Published on 2026-02-26\n        <\/span>\n    \n    <\/div>\n\n\n\n\n\n            \n        <\/li>\n        <\/ul>\n\n        \n<\/div>\n\n<\/div>\n\n<hr \/>\n<h2><span id=\"%C2%BFCuanto_cuesta_la_publicidad_en_Instagram\" class=\"ez-toc-section\"><\/span><strong>\u00bfCu\u00e1nto cuesta la publicidad en Instagram?<\/strong><\/h2>\n<p>Despu\u00e9s de esta peque\u00f1a aclaraci\u00f3n, voy a contarte que elementos van a influir en el coste de los ads.<\/p>\n<p><strong>Los 5 factores que van a influir en el precio de los anuncios en Instagram son:<\/strong><\/p>\n<ul>\n<li>El presupuesto publicitario.<\/li>\n<li>El objetivo.<\/li>\n<li>El tipo de puja.<\/li>\n<li>La audiencia a la que te dirijas.<\/li>\n<li>Los anuncios.<\/li>\n<\/ul>\n<p>Voy a explicarte cada uno de ellos, pero si quieres saber m\u00e1s informaci\u00f3n, en este art\u00edculo te\u00a0<a href=\"https:\/\/rubenmanez.com\/precio-publicidad-facebook-ads\/\" target=\"_blank\" rel=\"noopener noreferrer\">cuento cu\u00e1nto cuesta la publicidad en Facebook<\/a>.<\/p>\n<h3><strong>1. Presupuesto Publicitario<\/strong><\/h3>\n<p>A trav\u00e9s del presupuesto le vas a indicar a la red social el dinero que quieres invertir para:<\/p>\n<ul>\n<li>Alcanzar a tu p\u00fablico objetivo.<\/li>\n<li>Conseguir unos resultados determinados.<\/li>\n<\/ul>\n<p>El presupuesto lo puedes establecer de dos formas:<\/p>\n<ul>\n<li>Presupuesto diario.<\/li>\n<li>Presupuesto total.<\/li>\n<\/ul>\n<p><strong>\u00bfQu\u00e9 presupuesto es el ideal establecer?<\/strong><\/p>\n<p>Depende.<\/p>\n<p>En este art\u00edculo te cuento\u00a0<a href=\"https:\/\/rubenmanez.com\/cuanto-invertir-en-facebook-ads\/\" target=\"_blank\" rel=\"noopener noreferrer\">cu\u00e1nto invertir en Facebook Ads<\/a>\u00a0para conseguir resultados pero b\u00e1sicamente tienes que saber:<\/p>\n<ul>\n<li>Qu\u00e9 quieres conseguir.<\/li>\n<li>Cu\u00e1nto est\u00e1s dispuesto a invertir por conseguirlo.<\/li>\n<li>Cu\u00e1les son tus datos de conversi\u00f3n.<\/li>\n<\/ul>\n<div class=\"borde-negro\">\n<p>El presupuesto lo puedes establecer a dos niveles:<\/p>\n<ul>\n<li>Nivel campa\u00f1a o CBO.<\/li>\n<li>Nivel conjunto de anuncios o AVO.<\/li>\n<\/ul>\n<p>En cualquiera de los dos casos, antes haz una proyecci\u00f3n del presupuesto que necesitas para conseguir tus resultados con una estimaci\u00f3n de los costes.<\/p>\n<p><strong>No te olvides tampoco de la fase de aprendizaje por la que pasan los anuncios<\/strong>.<\/p>\n<p>Porque si tienes un presupuesto bajo, es muy probable que te cueste m\u00e1s salir de esta fase en la que inicialmente los costes pueden ser m\u00e1s elevados.<\/p>\n<\/div>\n<h3><strong>2. El objetivo<\/strong><\/h3>\n<p>A d\u00eda de hoy podemos elegir entre 11 objetivos publicitarios que Facebook los clasifica en funci\u00f3n de\u00a0<a href=\"https:\/\/rubenmanez.com\/funnel-de-ventas\/\" target=\"_blank\" rel=\"noopener noreferrer\">las fases de un embudo de ventas<\/a>:<\/p>\n<ul>\n<li>Reconocimiento.<\/li>\n<li>Consideraci\u00f3n.<\/li>\n<li>Conversi\u00f3n.<\/li>\n<\/ul>\n<p>Aqu\u00ed hay un concepto esencial que entiendas:<\/p>\n<div class=\"borde-negro\">Facebook va a buscar a las personas m\u00e1s propensas en llevar a cabo la acci\u00f3n deseada (el objetivo escogido).<\/div>\n<p>Es decir, de los 11 objetivos que son los siguientes:<\/p>\n<p><a href=\"https:\/\/teletrabajoynegocios.com\/telesecretarias\/wp-content\/uploads\/sites\/2\/2021\/08\/001.png\"><img loading=\"lazy\" decoding=\"async\" class=\"aligncenter size-full wp-image-5048\" src=\"https:\/\/teletrabajoynegocios.com\/telesecretarias\/wp-content\/uploads\/sites\/2\/2021\/08\/001.png\" alt=\"\" width=\"820\" height=\"380\" srcset=\"https:\/\/teletrabajoynegocios.com\/telesecretarias\/wp-content\/uploads\/sites\/2\/2021\/08\/001.png 820w, https:\/\/teletrabajoynegocios.com\/telesecretarias\/wp-content\/uploads\/sites\/2\/2021\/08\/001-300x139.png 300w, https:\/\/teletrabajoynegocios.com\/telesecretarias\/wp-content\/uploads\/sites\/2\/2021\/08\/001-768x356.png 768w\" sizes=\"auto, (max-width: 820px) 100vw, 820px\" \/><\/a><\/p>\n<p>Si por ejemplo seleccionas el objetivo \u201cReproducciones de v\u00eddeo\u201d, la red social va a buscar a las personas m\u00e1s propensas de tu segmentaci\u00f3n a ver el v\u00eddeo.<\/p>\n<p>Entender eso es esencial porque el precio de la publicidad en instagram va a depender de cu\u00e1l sea tu objetivo.<\/p>\n<p>F\u00edjate en este gr\u00e1fico:<\/p>\n<p><a href=\"https:\/\/teletrabajoynegocios.com\/telesecretarias\/wp-content\/uploads\/sites\/2\/2021\/08\/002.png\"><img loading=\"lazy\" decoding=\"async\" class=\"aligncenter size-full wp-image-5049\" src=\"https:\/\/teletrabajoynegocios.com\/telesecretarias\/wp-content\/uploads\/sites\/2\/2021\/08\/002.png\" alt=\"\" width=\"800\" height=\"351\" srcset=\"https:\/\/teletrabajoynegocios.com\/telesecretarias\/wp-content\/uploads\/sites\/2\/2021\/08\/002.png 800w, https:\/\/teletrabajoynegocios.com\/telesecretarias\/wp-content\/uploads\/sites\/2\/2021\/08\/002-300x132.png 300w, https:\/\/teletrabajoynegocios.com\/telesecretarias\/wp-content\/uploads\/sites\/2\/2021\/08\/002-768x337.png 768w\" sizes=\"auto, (max-width: 800px) 100vw, 800px\" \/><\/a><\/p>\n<p>Aqu\u00ed puedes ver el CPM promedio de Instagram por objetivo de campa\u00f1a y c\u00f3mo var\u00eda dependiendo del resultado que quieras conseguir.<\/p>\n<p>De hecho, en esta imagen lo vas a poder ver m\u00e1s claro:<\/p>\n<p><a href=\"https:\/\/teletrabajoynegocios.com\/telesecretarias\/wp-content\/uploads\/sites\/2\/2021\/08\/003.jpeg\"><img loading=\"lazy\" decoding=\"async\" class=\"aligncenter size-full wp-image-5050\" src=\"https:\/\/teletrabajoynegocios.com\/telesecretarias\/wp-content\/uploads\/sites\/2\/2021\/08\/003.jpeg\" alt=\"\" width=\"800\" height=\"748\" srcset=\"https:\/\/teletrabajoynegocios.com\/telesecretarias\/wp-content\/uploads\/sites\/2\/2021\/08\/003.jpeg 800w, https:\/\/teletrabajoynegocios.com\/telesecretarias\/wp-content\/uploads\/sites\/2\/2021\/08\/003-300x281.jpeg 300w, https:\/\/teletrabajoynegocios.com\/telesecretarias\/wp-content\/uploads\/sites\/2\/2021\/08\/003-768x718.jpeg 768w\" sizes=\"auto, (max-width: 800px) 100vw, 800px\" \/><\/a><\/p>\n<p>Aunque estos datos \u00fanicamente tienes que tenerlos como referencia porque no es lo mismo en precio de la publicidad en Espa\u00f1a que en Estados Unidos, etc.<\/p>\n<p>Pero te puede servir como una referencia a la hora de poder tener una mejor visi\u00f3n.<\/p>\n<h3><strong>3. La puja.<\/strong><\/h3>\n<p>A trav\u00e9s de la puja le vas a decir a la red social cu\u00e1nto est\u00e1s dispuesto a pagar a cambio de que una persona de tu audiencia objetivo genere tu resultado deseado.<\/p>\n<p>De hecho, es uno de los tres factores que te he comentado al principio que determinan el ganador de la subasta.<\/p>\n<div class=\"borde-negro\">Como recomendaci\u00f3n personal, si est\u00e1s comenzando o no tienes conocimientos avanzados te recomiendo que la dejes\u00a0<strong>autom\u00e1tica<\/strong>.<\/div>\n<p>&nbsp;<\/p>\n<h3><strong>4. La audiencia.<\/strong><\/h3>\n<p>\u00bfRealmente crees que tienes el suficiente presupuesto para llegar a toda la audiencia posible?<\/p>\n<p>Y en caso de que lo tuvieras, \u00bfcrees que todo el mundo es tu p\u00fablico objetivo?<\/p>\n<p>Estoy seguro de que no.<\/p>\n<p>Por lo que el precio de una campa\u00f1a en Instagram tambi\u00e9n va a depender del tama\u00f1o de la audiencia a la que te quieras dirigir y de lo \u201ccompetida\u201d que est\u00e9 esa segmentaci\u00f3n.<\/p>\n<p>Adem\u00e1s, tambi\u00e9n puede influir el tipo de g\u00e9nero. Incluso los grupos de edad a los que te dirijas.<\/p>\n<p>Tan solo tienes que fijarte en este gr\u00e1fico de Ad Expresso en el que el CPC m\u00e1s alto estaba en el grupo de edad de de 25 a 34 a\u00f1os.<\/p>\n<p><a href=\"https:\/\/teletrabajoynegocios.com\/telesecretarias\/wp-content\/uploads\/sites\/2\/2021\/08\/004.png\"><img loading=\"lazy\" decoding=\"async\" class=\"aligncenter size-full wp-image-5051\" src=\"https:\/\/teletrabajoynegocios.com\/telesecretarias\/wp-content\/uploads\/sites\/2\/2021\/08\/004.png\" alt=\"\" width=\"800\" height=\"683\" srcset=\"https:\/\/teletrabajoynegocios.com\/telesecretarias\/wp-content\/uploads\/sites\/2\/2021\/08\/004.png 800w, https:\/\/teletrabajoynegocios.com\/telesecretarias\/wp-content\/uploads\/sites\/2\/2021\/08\/004-300x256.png 300w, https:\/\/teletrabajoynegocios.com\/telesecretarias\/wp-content\/uploads\/sites\/2\/2021\/08\/004-768x656.png 768w\" sizes=\"auto, (max-width: 800px) 100vw, 800px\" \/><\/a><\/p>\n<p>Aunque estos datos ya tienen un par de a\u00f1os, lo que quiero que entiendas es c\u00f3mo puede variar el precio en funci\u00f3n de la audiencia a la que te quieres dirigir.<\/p>\n<p>Adem\u00e1s, tambi\u00e9n incluye la temperatura del tr\u00e1fico.<\/p>\n<div class=\"borde-negro\">\n<p>No es lo mismo dirigir tus anuncios a personas que no te conocen de nada que a personas que ya te conocen como:<\/p>\n<ul>\n<li>Seguidores.<\/li>\n<li>Suscriptores.<\/li>\n<li>Personas que interact\u00faan con las publicaciones.<\/li>\n<li>Clientes.<\/li>\n<li>Visitantes sito web.<\/li>\n<\/ul>\n<\/div>\n<p>Lo normal, es el coste de la publicidad en Instagram sea inferior si te diriges a una audiencia que ya te conoce.<\/p>\n<p>Pero tambi\u00e9n es posible que para audiencias m\u00e1s amplias obtengas un coste inferior porque el algoritmo de la red social es capaz de optimizar mejor tu presupuesto.<\/p>\n<div class=\"borde-negro\">\n<p>Las audiencias en Facebook e Instagram Ads se pueden clasificar en:<\/p>\n<ul>\n<li>P\u00fablicos Guardados.<\/li>\n<li>P\u00fablicos Similares.<\/li>\n<li>P\u00fablicos Personalizados.<\/li>\n<\/ul>\n<p>Si utilizas el presupuesto a nivel de campa\u00f1a (CBO) te recomiendo que las audiencias tengan un tama\u00f1o parecido o crees nuevas campa\u00f1as.<\/p>\n<p>(Tambi\u00e9n puedes establecer l\u00edmites de costos, pero a la hora de la verdad, no suelen funcionar muy bien).<\/p>\n<\/div>\n<p>&nbsp;<\/p>\n<h3><strong>5. Los anuncios<\/strong><\/h3>\n<p>Si hablamos de los ads, hay un concepto que tienes que debes de entender:<\/p>\n<p><strong>La relevancia de los anuncios<\/strong>.<\/p>\n<p>La red social tiene en cuenta tres factores que los compara con otros anunciantes que est\u00e1n compitiendo por la misma audiencia.<\/p>\n<ul>\n<li>Clasificaci\u00f3n de calidad: Se basa en los comentarios y la experiencia posterior al clic en el anuncio.<\/li>\n<li>Clasificaci\u00f3n de la tasa de participaci\u00f3n: Tiene en cuenta los Me Gusta, Comentarios, Clics y Acciones Compartidas.<\/li>\n<li>Clasificaci\u00f3n de la tasa de conversi\u00f3n.<\/li>\n<\/ul>\n<p>Si sabes leer entre l\u00edneas, ver\u00e1s que es realmente importante saber crear un buena creatividad, con un buen copy, pero tambi\u00e9n una p\u00e1gina de destino que est\u00e9 totalmente optimizada.<\/p>\n<p><strong>Una m\u00e9trica en la que te recomiendo fijarte es en el CTR<\/strong>.<\/p>\n<p>(Si haces anuncios que vayan a una p\u00e1gina de destino, entonces analiza el CTR saliente)<\/p>\n<p>Hay una relaci\u00f3n directa entre tener un CTR alto y un coste por clic bajo, as\u00ed como un CTR bajo puede suponer un CPC alto.<\/p>\n<p><strong>\u00bfCu\u00e1les pueden ser las razones de tener un CTR bajo?<\/strong><\/p>\n<ul>\n<li>Anuncios que no conectan con la audiencia objetivo.<\/li>\n<li>Creatividades que no llaman la atenci\u00f3n.<\/li>\n<li>Unos textos que no consiguen conectar.<\/li>\n<li>Ofertas que no est\u00e1n adecuadas a la fase del funnel de la audiencia.<\/li>\n<\/ul>\n<p>Por eso es tan importante mejorar la relevancia de los anuncios.<\/p>\n<h2><span id=\"Otros_factores_que_influyen_en_el_precio_de_Instagram_Ads\" class=\"ez-toc-section\"><\/span><strong>Otros factores que influyen en el precio de Instagram Ads<\/strong><\/h2>\n<p>Posiblemente, los cuatro factores que te he mencionado anteriormente sean los m\u00e1s importantes a la hora de determinar cu\u00e1nto cuesta un anuncio en Instagram.<\/p>\n<p>Pero tambi\u00e9n hay otros elementos que debes de tener en cuenta como:<\/p>\n<ul>\n<li>El tipo de coste.<\/li>\n<li>La competencia y el sector.<\/li>\n<li>La fecha.<\/li>\n<li>La ubicaci\u00f3n geogr\u00e1fica.<\/li>\n<li>La ubicaci\u00f3n de los ads.<\/li>\n<\/ul>\n<p>Vamos a ver cada uno de ellos.<\/p>\n<h3><strong>1. El tipo de coste<\/strong><\/h3>\n<p>Dependiendo de cu\u00e1l sea tu campa\u00f1a y del objetivo del mismo habr\u00e1 en algunos valores que tendr\u00e1s que fijarte m\u00e1s que en otros.<\/p>\n<div class=\"borde-negro\">\n<p>De hecho, se podr\u00eda decir que los 6 tipos de costes son:<\/p>\n<ul>\n<li>CPC: Coste por clic.<\/li>\n<li>CPM: Coste por 1.000 impresiones.<\/li>\n<li>CPV: Coste por visualizaci\u00f3n de un v\u00eddeo.<\/li>\n<li>CPA: Coste por acci\u00f3n.<\/li>\n<li>CPL: Coste por lead.<\/li>\n<li>CPI: Coste por instalaci\u00f3n<\/li>\n<\/ul>\n<\/div>\n<p>De hecho, mira esta informaci\u00f3n extra\u00edda de\u00a0<a href=\"https:\/\/revealbot.com\/instagram-advertising-costs\" target=\"_blank\" rel=\"nofollow noopener noreferrer\">Revealbot<\/a>\u00a0y c\u00f3mo evoluciona el precio de la publicidad en Instagram.<\/p>\n<p><strong>A) CPL en Instagram:<\/strong><\/p>\n<p><a href=\"https:\/\/teletrabajoynegocios.com\/telesecretarias\/wp-content\/uploads\/sites\/2\/2021\/08\/005.png\"><img loading=\"lazy\" decoding=\"async\" class=\"aligncenter size-full wp-image-5052\" src=\"https:\/\/teletrabajoynegocios.com\/telesecretarias\/wp-content\/uploads\/sites\/2\/2021\/08\/005.png\" alt=\"\" width=\"800\" height=\"287\" srcset=\"https:\/\/teletrabajoynegocios.com\/telesecretarias\/wp-content\/uploads\/sites\/2\/2021\/08\/005.png 800w, https:\/\/teletrabajoynegocios.com\/telesecretarias\/wp-content\/uploads\/sites\/2\/2021\/08\/005-300x108.png 300w, https:\/\/teletrabajoynegocios.com\/telesecretarias\/wp-content\/uploads\/sites\/2\/2021\/08\/005-768x276.png 768w\" sizes=\"auto, (max-width: 800px) 100vw, 800px\" \/><\/a><\/p>\n<p><strong>C) Coste por instalaci\u00f3n en Instagram:<\/strong><\/p>\n<p><a href=\"https:\/\/teletrabajoynegocios.com\/telesecretarias\/wp-content\/uploads\/sites\/2\/2021\/08\/006.png\"><img loading=\"lazy\" decoding=\"async\" class=\"aligncenter size-full wp-image-5053\" src=\"https:\/\/teletrabajoynegocios.com\/telesecretarias\/wp-content\/uploads\/sites\/2\/2021\/08\/006.png\" alt=\"\" width=\"800\" height=\"287\" srcset=\"https:\/\/teletrabajoynegocios.com\/telesecretarias\/wp-content\/uploads\/sites\/2\/2021\/08\/006.png 800w, https:\/\/teletrabajoynegocios.com\/telesecretarias\/wp-content\/uploads\/sites\/2\/2021\/08\/006-300x108.png 300w, https:\/\/teletrabajoynegocios.com\/telesecretarias\/wp-content\/uploads\/sites\/2\/2021\/08\/006-768x276.png 768w\" sizes=\"auto, (max-width: 800px) 100vw, 800px\" \/><\/a><\/p>\n<h3><strong>2. La competencia y el sector<\/strong><\/h3>\n<p>Cuanto m\u00e1s competencia publicitaria haya en un sector, mayor ser\u00e1 el precio de Instagram Ads.<\/p>\n<p>Por eso en sectores como la moda, viajes, marketing el CPC puede ser mucho m\u00e1s alto en comparaci\u00f3n a otras industrias.<\/p>\n<p>De hecho, mira esta imagen de WordStream que te puede servir de referencia:<\/p>\n<p><a href=\"https:\/\/teletrabajoynegocios.com\/telesecretarias\/wp-content\/uploads\/sites\/2\/2021\/08\/009.png\"><img loading=\"lazy\" decoding=\"async\" class=\"aligncenter size-full wp-image-5054\" src=\"https:\/\/teletrabajoynegocios.com\/telesecretarias\/wp-content\/uploads\/sites\/2\/2021\/08\/009.png\" alt=\"\" width=\"800\" height=\"692\" srcset=\"https:\/\/teletrabajoynegocios.com\/telesecretarias\/wp-content\/uploads\/sites\/2\/2021\/08\/009.png 800w, https:\/\/teletrabajoynegocios.com\/telesecretarias\/wp-content\/uploads\/sites\/2\/2021\/08\/009-300x260.png 300w, https:\/\/teletrabajoynegocios.com\/telesecretarias\/wp-content\/uploads\/sites\/2\/2021\/08\/009-768x664.png 768w\" sizes=\"auto, (max-width: 800px) 100vw, 800px\" \/><\/a><\/p>\n<p>Por eso es tan importante que antes de activar tus campa\u00f1as tengas claro el precio por el que vas a poder estar dispuesto a pujar.<\/p>\n<p>De hecho, tambi\u00e9n te recomiendo hacer tres escenarios diferentes:<\/p>\n<ul>\n<li>Pesimista.<\/li>\n<li>Realista.<\/li>\n<li>Optimista.<\/li>\n<\/ul>\n<p>Para tener una proyecci\u00f3n estimada de c\u00f3mo pueden funcionar tus ads.<\/p>\n<h3><strong>3. La fecha<\/strong><\/h3>\n<p>Es una cuesti\u00f3n de oferta y demanda.<\/p>\n<p>Si hay \u00e9pocas del a\u00f1o en el que m\u00e1s empresas se quieren anunciar, en ese caso el costo de promocionar en Instagram va a ser superior.<\/p>\n<p>Te hablo de d\u00edas festivos y de eventos, por supuesto.<\/p>\n<div class=\"borde-negro\">\n<p>Fechas como:<\/p>\n<ul>\n<li>Las Navidades.<\/li>\n<li>El Black Friday.<\/li>\n<li>Ciber Monday.<\/li>\n<li>Per\u00edodos de rebajas.<\/li>\n<li>San Valent\u00edn.<\/li>\n<li>La \u201cVuelta al Cole\u201d.<\/li>\n<li>Etc.<\/li>\n<\/ul>\n<\/div>\n<p>Tienes que asumir que los costes publicitarios en algunos casos se pueden disparar.<\/p>\n<p>Aqu\u00ed tienes la prueba:<\/p>\n<p><a href=\"https:\/\/teletrabajoynegocios.com\/telesecretarias\/wp-content\/uploads\/sites\/2\/2021\/08\/010.png\"><img loading=\"lazy\" decoding=\"async\" class=\"aligncenter size-full wp-image-5055\" src=\"https:\/\/teletrabajoynegocios.com\/telesecretarias\/wp-content\/uploads\/sites\/2\/2021\/08\/010.png\" alt=\"\" width=\"800\" height=\"683\" srcset=\"https:\/\/teletrabajoynegocios.com\/telesecretarias\/wp-content\/uploads\/sites\/2\/2021\/08\/010.png 800w, https:\/\/teletrabajoynegocios.com\/telesecretarias\/wp-content\/uploads\/sites\/2\/2021\/08\/010-300x256.png 300w, https:\/\/teletrabajoynegocios.com\/telesecretarias\/wp-content\/uploads\/sites\/2\/2021\/08\/010-768x656.png 768w\" sizes=\"auto, (max-width: 800px) 100vw, 800px\" \/><\/a><\/p>\n<p>Incluso el d\u00eda de la semana dependiendo de tu sector puede afectar.<\/p>\n<p>Por ejemplo, en las campa\u00f1as de captaci\u00f3n de leads o\u00a0<a href=\"https:\/\/rubenmanez.com\/facebook-lead-ads\/\" target=\"_blank\" rel=\"noopener noreferrer\">Facebook Lead Ads<\/a>\u00a0que he hecho para el sector del marketing digital, los s\u00e1bados el CPL sol\u00eda ser superior al resto de d\u00edas.<\/p>\n<p>Tenlo como referencia.<\/p>\n<h3><strong>4. La ubicaci\u00f3n geogr\u00e1fica.<\/strong><\/h3>\n<p>El costo de promocionar en Instagram tambi\u00e9n depender\u00e1 de la zona geogr\u00e1fica a la que vayas a dirigir tus anuncios.<\/p>\n<p>Tan solo tienes que fijarte en esta tabla:<\/p>\n<p><a href=\"https:\/\/teletrabajoynegocios.com\/telesecretarias\/wp-content\/uploads\/sites\/2\/2021\/08\/011.png\"><img loading=\"lazy\" decoding=\"async\" class=\"aligncenter size-full wp-image-5056\" src=\"https:\/\/teletrabajoynegocios.com\/telesecretarias\/wp-content\/uploads\/sites\/2\/2021\/08\/011.png\" alt=\"\" width=\"1342\" height=\"891\" srcset=\"https:\/\/teletrabajoynegocios.com\/telesecretarias\/wp-content\/uploads\/sites\/2\/2021\/08\/011.png 1342w, https:\/\/teletrabajoynegocios.com\/telesecretarias\/wp-content\/uploads\/sites\/2\/2021\/08\/011-300x199.png 300w, https:\/\/teletrabajoynegocios.com\/telesecretarias\/wp-content\/uploads\/sites\/2\/2021\/08\/011-1024x680.png 1024w, https:\/\/teletrabajoynegocios.com\/telesecretarias\/wp-content\/uploads\/sites\/2\/2021\/08\/011-768x510.png 768w\" sizes=\"auto, (max-width: 1342px) 100vw, 1342px\" \/><\/a><\/p>\n<p>Datos extra\u00eddos del Estudio de Facebook Ads de Metricool<\/p>\n<p>De hecho, cuando he tenido que hacer campa\u00f1as a diferentes zonas geogr\u00e1ficas lo que suelo hacer de forma habitual es crear campa\u00f1as por pa\u00edses.<\/p>\n<p>Imagina que me quiero\u00a0<a href=\"https:\/\/rubenmanez.com\/como-vender-infoproductos\/\" target=\"_blank\" rel=\"noopener noreferrer\">vender un infoproducto por internet<\/a>.<\/p>\n<p>Ahora piensa que tu audiencia objetivo est\u00e1 en:<\/p>\n<ul>\n<li>El 80% en Espa\u00f1a.<\/li>\n<li>El 10% en Europa (Francia, Alemania, Italia y Reino Unido).<\/li>\n<li>El 10% en LATAM.<\/li>\n<\/ul>\n<p>Bien, s\u00ed hicieras campa\u00f1as de CBO, perfectamente podr\u00edas hacer una campa\u00f1a por pa\u00eds con n grupos de anuncios (normalmente m\u00e1ximo 6 por campa\u00f1a).<\/p>\n<p>Pero s\u00ed el tama\u00f1o de las audiencias en Francia, Alemania, Italia y Reino Unido es disparar, tambi\u00e9n podr\u00edas hacer AVO.<\/p>\n<p>Porque de lo contrario, el algoritmo puede destinar m\u00e1s presupuesto a aquella ubicaci\u00f3n en la que mejores resultados a priori pueda conseguir.<\/p>\n<p><strong>Entender esto es esencial a la hora de planificar una estrategia publicitaria.<\/strong><\/p>\n<h3><strong>5. La ubicaci\u00f3n de los ads.<\/strong><\/h3>\n<p>En Facebook y en Instagram podemos mostrar los anuncios en diferentes ubicaciones.<\/p>\n<p>A d\u00eda de hoy,\u00a0<strong>existen seis grandes secciones<\/strong>:<\/p>\n<ul>\n<li>Feed.<\/li>\n<li>Stories.<\/li>\n<li>Reels.<\/li>\n<li>Instream.<\/li>\n<li>Espacios contextuales.<\/li>\n<li>Apps y sitios webs.<\/li>\n<\/ul>\n<p><a href=\"https:\/\/teletrabajoynegocios.com\/telesecretarias\/wp-content\/uploads\/sites\/2\/2021\/08\/012.png\"><img loading=\"lazy\" decoding=\"async\" class=\"aligncenter size-full wp-image-5057\" src=\"https:\/\/teletrabajoynegocios.com\/telesecretarias\/wp-content\/uploads\/sites\/2\/2021\/08\/012.png\" alt=\"\" width=\"2114\" height=\"372\" srcset=\"https:\/\/teletrabajoynegocios.com\/telesecretarias\/wp-content\/uploads\/sites\/2\/2021\/08\/012.png 2114w, https:\/\/teletrabajoynegocios.com\/telesecretarias\/wp-content\/uploads\/sites\/2\/2021\/08\/012-300x53.png 300w, https:\/\/teletrabajoynegocios.com\/telesecretarias\/wp-content\/uploads\/sites\/2\/2021\/08\/012-1024x180.png 1024w, https:\/\/teletrabajoynegocios.com\/telesecretarias\/wp-content\/uploads\/sites\/2\/2021\/08\/012-768x135.png 768w, https:\/\/teletrabajoynegocios.com\/telesecretarias\/wp-content\/uploads\/sites\/2\/2021\/08\/012-1536x270.png 1536w, https:\/\/teletrabajoynegocios.com\/telesecretarias\/wp-content\/uploads\/sites\/2\/2021\/08\/012-2048x360.png 2048w\" sizes=\"auto, (max-width: 2114px) 100vw, 2114px\" \/><\/a><\/p>\n<p>\u00bfQu\u00e9 ubicaci\u00f3n seleccionar? \u00bfQu\u00e9 ubicaci\u00f3n es la m\u00e1s barata? \u00bfcu\u00e1l es la m\u00e1s cara?<\/p>\n<p>Mira, a no ser que sea por alg\u00fan motivo concreto o una estrategia concreta, selecciones las\u00a0<strong>ubicaciones autom\u00e1ticas<\/strong>\u00a0y sea el algoritmo el que sea capaz de tratar de obtener los mejores resultados.<\/p>\n<p>Pero para que tengas una referencia te consulto leer\u00a0<a href=\"https:\/\/adespresso.com\/blog\/instagram-ads-cost\/\" target=\"_blank\" rel=\"nofollow noopener noreferrer\">este art\u00edculo<\/a>\u00a0que aunque tambi\u00e9n tiene unos datos desfasados, te permite tener una referencia.<\/p>\n<p><a href=\"https:\/\/teletrabajoynegocios.com\/telesecretarias\/wp-content\/uploads\/sites\/2\/2021\/08\/013.png\"><img loading=\"lazy\" decoding=\"async\" class=\"aligncenter size-full wp-image-5058\" src=\"https:\/\/teletrabajoynegocios.com\/telesecretarias\/wp-content\/uploads\/sites\/2\/2021\/08\/013.png\" alt=\"\" width=\"800\" height=\"683\" srcset=\"https:\/\/teletrabajoynegocios.com\/telesecretarias\/wp-content\/uploads\/sites\/2\/2021\/08\/013.png 800w, https:\/\/teletrabajoynegocios.com\/telesecretarias\/wp-content\/uploads\/sites\/2\/2021\/08\/013-300x256.png 300w, https:\/\/teletrabajoynegocios.com\/telesecretarias\/wp-content\/uploads\/sites\/2\/2021\/08\/013-768x656.png 768w\" sizes=\"auto, (max-width: 800px) 100vw, 800px\" \/><\/a><\/p>\n<p>Pero sobre todo, vas a ver que el precio puede variar en funci\u00f3n de la ubicaci\u00f3n en la que muestres tus anuncios.<\/p>\n<h2><span id=\"Entonces_%C2%BFcual_es_el_precio_de_la_publicidad_en_Instagram_en_Espana\" class=\"ez-toc-section\"><\/span><strong>Entonces, \u00bfcu\u00e1l es el precio de la publicidad en Instagram en Espa\u00f1a?<\/strong><\/h2>\n<p>Si te has le\u00eddo el art\u00edculo completo habr\u00e1s visto que la respuesta exacta es:<\/p>\n<p><strong>Depende<\/strong>.<\/p>\n<p>Pero hay dos factores que tambi\u00e9n van a incluir en el coste:<\/p>\n<ul>\n<li><a href=\"https:\/\/rubenmanez.com\/media-buyer\/\" target=\"_blank\" rel=\"noopener noreferrer\">La experiencia del media buyer<\/a>.<\/li>\n<li>El hist\u00f3rico del p\u00edxel y de la cuenta publicitaria.<\/li>\n<\/ul>\n<p>Me explico.<\/p>\n<p>Es complicado que una persona que no tiene mucha formaci\u00f3n consiga unos costes por resultados \u00f3ptimos.<\/p>\n<p>Sin embargo, si la publicidad la hace un media buyer con experiencia es m\u00e1s probable que consiga bajar el coste por resultados.<\/p>\n<p>De la misma forma, no es lo mismo gestionar un cliente que empieza de cero con:<\/p>\n<ul>\n<li>Una nueva cuenta publicitaria.<\/li>\n<li>Un p\u00edxel y API de nueva creaci\u00f3n.<\/li>\n<\/ul>\n<p>Que gestionar un cliente con un hist\u00f3rico.<\/p>\n<p><strong>Casi siempre va a ser m\u00e1s complicado darle resultados a un negocio o persona que empiece totalmente de cero.<\/strong><\/p>\n<p><a href=\"https:\/\/rubenmanez.com\/\"><em>Ruben Ma\u00f1ez<\/em><\/a><\/p>\n<div id=\"telet-1861845997\" class=\"telet-despues-del-contenido telet-entity-placement\"><a target=\"_blank\" href=\"\/\/aff.lucushost.com\/resources\/click\/?n=gDxoXMAJ&aff=756\"><img decoding=\"async\" border=\"0\" alt=\"LucusHost, el mejor hosting\" src=\"\/\/aff.lucushost.com\/resources\/banners\/?zoneid=5123&n=gDxoXMAJ&aff=756\" \/><\/a><\/div>","protected":false},"excerpt":{"rendered":"<p>\u00bfCu\u00e1nto cuesta la publicidad en Instagram? \u00bfCu\u00e1nto cuesta un anuncio en Instagram? \u00bfCu\u00e1l es el precio de Instagram Ads? Posiblemente te est\u00e9s haciendo estas mismas preguntas y te voy a&hellip; <\/p>\n","protected":false},"author":1,"featured_media":1331,"comment_status":"open","ping_status":"open","sticky":false,"template":"","format":"standard","meta":{"_jetpack_memberships_contains_paid_content":false,"footnotes":"","_links_to":"","_links_to_target":""},"categories":[11],"tags":[15,14],"class_list":["post-5047","post","type-post","status-publish","format-standard","has-post-thumbnail","hentry","category-redes-sociales","tag-fuprisa","tag-jose-manuel-fuentes-prieto"],"nelio_content":{"autoShareEndMode":"never","automationSources":{"useCustomSentences":false,"customSentences":[]},"efiAlt":"","efiUrl":"","followers":[1],"highlights":[],"isAutoShareEnabled":true,"networkImageIds":[],"permalinkQueryArgs":[],"series":[],"suggestedReferences":[]},"jetpack_featured_media_url":"https:\/\/teletrabajoynegocios.com\/telesecretarias\/wp-content\/uploads\/sites\/2\/2020\/06\/Gestion-Redes-Sociales-1.jpg","jetpack_sharing_enabled":true,"_links":{"self":[{"href":"https:\/\/teletrabajoynegocios.com\/telesecretarias\/wp-json\/wp\/v2\/posts\/5047","targetHints":{"allow":["GET"]}}],"collection":[{"href":"https:\/\/teletrabajoynegocios.com\/telesecretarias\/wp-json\/wp\/v2\/posts"}],"about":[{"href":"https:\/\/teletrabajoynegocios.com\/telesecretarias\/wp-json\/wp\/v2\/types\/post"}],"author":[{"embeddable":true,"href":"https:\/\/teletrabajoynegocios.com\/telesecretarias\/wp-json\/wp\/v2\/users\/1"}],"replies":[{"embeddable":true,"href":"https:\/\/teletrabajoynegocios.com\/telesecretarias\/wp-json\/wp\/v2\/comments?post=5047"}],"version-history":[{"count":2,"href":"https:\/\/teletrabajoynegocios.com\/telesecretarias\/wp-json\/wp\/v2\/posts\/5047\/revisions"}],"predecessor-version":[{"id":5071,"href":"https:\/\/teletrabajoynegocios.com\/telesecretarias\/wp-json\/wp\/v2\/posts\/5047\/revisions\/5071"}],"wp:featuredmedia":[{"embeddable":true,"href":"https:\/\/teletrabajoynegocios.com\/telesecretarias\/wp-json\/wp\/v2\/media\/1331"}],"wp:attachment":[{"href":"https:\/\/teletrabajoynegocios.com\/telesecretarias\/wp-json\/wp\/v2\/media?parent=5047"}],"wp:term":[{"taxonomy":"category","embeddable":true,"href":"https:\/\/teletrabajoynegocios.com\/telesecretarias\/wp-json\/wp\/v2\/categories?post=5047"},{"taxonomy":"post_tag","embeddable":true,"href":"https:\/\/teletrabajoynegocios.com\/telesecretarias\/wp-json\/wp\/v2\/tags?post=5047"}],"curies":[{"name":"wp","href":"https:\/\/api.w.org\/{rel}","templated":true}]}}