{"id":5211,"date":"2021-08-23T10:54:58","date_gmt":"2021-08-23T08:54:58","guid":{"rendered":"https:\/\/teletrabajoynegocios.com\/telesecretarias\/?p=5211"},"modified":"2021-08-24T16:59:32","modified_gmt":"2021-08-24T14:59:32","slug":"cinco-consejos-para-usar-los-mejores-hashtags-en-redes-sociales","status":"publish","type":"post","link":"https:\/\/teletrabajoynegocios.com\/telesecretarias\/cinco-consejos-para-usar-los-mejores-hashtags-en-redes-sociales\/","title":{"rendered":"Cinco consejos para usar los mejores hashtags en redes sociales"},"content":{"rendered":"<div id=\"telet-2965747286\" class=\"telet-antes-del-contenido telet-entity-placement\"><a href=\"https:\/\/quaderno.io\/?via=jose-manuel94\" aria-label=\"Quaderno General (Spanish) &#8211; 728&#215;90\"><img loading=\"lazy\" decoding=\"async\" src=\"https:\/\/teletrabajoynegocios.com\/telesecretarias\/wp-content\/uploads\/sites\/2\/2020\/11\/Quaderno-General-Spanish-728x90-1.png\" alt=\"\"  srcset=\"https:\/\/teletrabajoynegocios.com\/telesecretarias\/wp-content\/uploads\/sites\/2\/2020\/11\/Quaderno-General-Spanish-728x90-1.png 728w, https:\/\/teletrabajoynegocios.com\/telesecretarias\/wp-content\/uploads\/sites\/2\/2020\/11\/Quaderno-General-Spanish-728x90-1-300x37.png 300w\" sizes=\"(max-width: 728px) 100vw, 728px\" width=\"728\" height=\"90\"   \/><\/a><\/div><p>El 23 de agosto del 2007\u00a0<a href=\"https:\/\/twitter.com\/chrismessina\/status\/223115412\" target=\"_blank\" rel=\"noreferrer noopener nofollow\">Chris Messina<\/a>, dise\u00f1ador de producto y consultor de Internet, lleg\u00f3 a Twitter con una idea: debido a la brevedad de la red social, sugiri\u00f3 que la compa\u00f1\u00eda comenzase a usar el s\u00edmbolo de la almohadilla (#) para agrupar los Tweets relacionados. De esta forma, con\u00a0<strong>#barcamp<\/strong>\u00a0naci\u00f3 lo que hoy conocemos como hashtags. Once a\u00f1os despu\u00e9s, en 20218, la red social del p\u00e1jaro azul decret\u00f3 que cada\u00a0<strong>23 de agosto se celebrar\u00eda el D\u00eda Internacional del\u00a0<a href=\"https:\/\/www.marketingdirecto.com\/diccionario-marketing-publicidad-comunicacion-nuevas-tecnologias\/hashtag\" target=\"_blank\" rel=\"noreferrer noopener\">Hashtag<\/a><\/strong>.<\/p>\n<p>El uso de estas etiquetas, as\u00ed como su alcance y su efectividad, no ha hecho m\u00e1s que crecer desde entonces. En todas las redes sociales, no s\u00f3lo en Twitter, los usuarios y marcas los utilizan para\u00a0<strong>aumentar la interacci\u00f3n en una publicaci\u00f3n<\/strong>,\u00a0<strong>generar conciencia de marca<\/strong>\u00a0o para\u00a0<strong>mostrar apoyo a problemas sociales<\/strong>, entre otras razones.<\/p>\n<p>El\u00a0<a href=\"https:\/\/www.hootsuite.com\/es\/recursos\/tendencias-digitales-2021\" target=\"_blank\" rel=\"noreferrer noopener nofollow\">informe Digital 2021<\/a>\u00a0de\u00a0<a href=\"https:\/\/www.hootsuite.com\/es\/\" target=\"_blank\" rel=\"noreferrer noopener\">Hootsuite<\/a>, la plataforma l\u00edder en gesti\u00f3n de redes sociales, y We Are Social, se\u00f1ala que\u00a0<strong>#Love<\/strong>\u00a0ha sido el hashtag m\u00e1s utilizado en las publicaciones de Instagram en todos los tiempos, 2 mil millones de veces, seguido por\u00a0<strong>#Instagood<\/strong>, usado en m\u00e1s de mil millones de publicaciones, y\u00a0<strong>#Fashion<\/strong>, utilizado en m\u00e1s de 900 millones de publicaciones. Esto significa que el usuario t\u00edpico de Instagram s\u00f3lo ha etiquetado un promedio de 2 de sus publicaciones con #love, pero es, con mucha diferencia, el hashtag m\u00e1s popular en Instagram, y aparece en m\u00e1s de un 50 por ciento m\u00e1s de publicaciones que su rival m\u00e1s cercano, #instagood.<\/p>\n<hr \/>\n<p><img decoding=\"async\" src=\"https:\/\/teletrabajoynegocios.com\/teletrabajador\/wp-content\/uploads\/sites\/3\/2020\/07\/articulos.png\" \/><\/p>\n<div class=\"wp-rss-template-container\" data-wpra-template=\"default\" data-template-ctx=\"W10=\">\n    <div class=\"wp-rss-aggregator wpra-list-template  \" data-page=\"1\">\n    \n    \n<ul class=\"wpra-item-list rss-aggregator wpra-item-list--bullets wpra-item-list--default\"\n    start=\"1\">\n                        <li class=\"wpra-item feed-item \">\n            \n            \n\n    <a  href=\"https:\/\/distritoemprendedores.com\/blog\/2026\/03\/16\/hello-world\/\" target=\"_blank\" rel=\"nofollow\" class=\"\">Hello world!<\/a>\n\n\n\n\n\n\n<div class=\"wprss-feed-meta\">\n            <span class=\"feed-source\">\n            Source:\n\n                            Distrito Emprendedores\n                    <\/span>\n    \n            <span class=\"feed-date\">\n            Published on 2026-03-16\n        <\/span>\n    \n    <\/div>\n\n\n\n\n\n            \n        <\/li>\n                    <li class=\"wpra-item feed-item \">\n            \n            \n\n    <a  href=\"https:\/\/www.dropbox.com\/scl\/fi\/b6csvpbfxu24vaezmo3es\/62bed0634df20e5ef35346439fdd423f_franquicias.pdf?rlkey=mfp2795s4n89mw35l0yeu2vl5&amp;e=2&amp;st=57kabuy0&amp;dl=0#new_tab\" target=\"_blank\" rel=\"nofollow\" class=\"\">Las franquicias espa\u00f1olas duplican su presencia en mercados for\u00e1neos<\/a>\n\n\n\n\n\n\n<div class=\"wprss-feed-meta\">\n            <span class=\"feed-source\">\n            Source:\n\n                            Distrito Emprendedores\n                    <\/span>\n    \n            <span class=\"feed-date\">\n            Published on 2026-03-11\n        <\/span>\n    \n    <\/div>\n\n\n\n\n\n            \n        <\/li>\n                    <li class=\"wpra-item feed-item \">\n            \n            \n\n    <a  href=\"https:\/\/distritoemprendedores.es\/blog\/5-errores-fatales-al-internacionalizar-tu-franquicia\/\" target=\"_blank\" rel=\"nofollow\" class=\"\">5 errores fatales al internacionalizar tu franquicia<\/a>\n\n\n\n\n\n\n<div class=\"wprss-feed-meta\">\n            <span class=\"feed-source\">\n            Source:\n\n                            Distrito Emprendedores\n                    <\/span>\n    \n            <span class=\"feed-date\">\n            Published on 2026-03-10\n        <\/span>\n    \n    <\/div>\n\n\n\n\n\n            \n        <\/li>\n                    <li class=\"wpra-item feed-item \">\n            \n            \n\n    <a  href=\"https:\/\/distritoemprendedores.es\/blog\/un-nuevo-prime-time-para-las-marcas-afterwork-tardeo-y-futbol-se-consolidan-como-los-grandes-motores-del-consumo-experiencial\/\" target=\"_blank\" rel=\"nofollow\" class=\"\">Un nuevo prime time para las marcas: afterwork, tardeo y f\u00fatbol se consolidan como los grandes motores del consumo experiencial<\/a>\n\n\n\n\n\n\n<div class=\"wprss-feed-meta\">\n            <span class=\"feed-source\">\n            Source:\n\n                            Distrito Emprendedores\n                    <\/span>\n    \n            <span class=\"feed-date\">\n            Published on 2026-03-09\n        <\/span>\n    \n    <\/div>\n\n\n\n\n\n            \n        <\/li>\n                    <li class=\"wpra-item feed-item \">\n            \n            \n\n    <a  href=\"https:\/\/distritoemprendedores.es\/blog\/la-ventaja-competitiva-esta-en-entender-como-pregunta-el-consumidor\/\" target=\"_blank\" rel=\"nofollow\" class=\"\">La ventaja competitiva est\u00e1 en entender c\u00f3mo pregunta el consumidor<\/a>\n\n\n\n\n\n\n<div class=\"wprss-feed-meta\">\n            <span class=\"feed-source\">\n            Source:\n\n                            Distrito Emprendedores\n                    <\/span>\n    \n            <span class=\"feed-date\">\n            Published on 2026-03-08\n        <\/span>\n    \n    <\/div>\n\n\n\n\n\n            \n        <\/li>\n                    <li class=\"wpra-item feed-item \">\n            \n            \n\n    <a  href=\"https:\/\/distritoemprendedores.es\/blog\/solo-el-7-de-los-espanoles-cree-a-las-marcas-cuando-comunican-sus-valores-con-hechos-demostrables\/\" target=\"_blank\" rel=\"nofollow\" class=\"\">Solo el 7% de los espa\u00f1oles cree a las marcas cuando comunican sus valores con hechos demostrables<\/a>\n\n\n\n\n\n\n<div class=\"wprss-feed-meta\">\n            <span class=\"feed-source\">\n            Source:\n\n                            Distrito Emprendedores\n                    <\/span>\n    \n            <span class=\"feed-date\">\n            Published on 2026-03-07\n        <\/span>\n    \n    <\/div>\n\n\n\n\n\n            \n        <\/li>\n                    <li class=\"wpra-item feed-item \">\n            \n            \n\n    <a  href=\"https:\/\/distritoemprendedores.es\/blog\/el-38-de-las-empresas-creadas-en-2019-ha-echado-ya-el-cierre\/\" target=\"_blank\" rel=\"nofollow\" class=\"\">El 38% de las empresas creadas en 2019 ha echado ya el cierre<\/a>\n\n\n\n\n\n\n<div class=\"wprss-feed-meta\">\n            <span class=\"feed-source\">\n            Source:\n\n                            Distrito Emprendedores\n                    <\/span>\n    \n            <span class=\"feed-date\">\n            Published on 2026-03-06\n        <\/span>\n    \n    <\/div>\n\n\n\n\n\n            \n        <\/li>\n                    <li class=\"wpra-item feed-item \">\n            \n            \n\n    <a  href=\"https:\/\/distritoemprendedores.es\/blog\/descubre-las-oportunidades-y-tendencias-en-el-mercado-de-la-franquicia-para-2026\/\" target=\"_blank\" rel=\"nofollow\" class=\"\">Descubre las oportunidades y tendencias en el mercado de la franquicia para 2026<\/a>\n\n\n\n\n\n\n<div class=\"wprss-feed-meta\">\n            <span class=\"feed-source\">\n            Source:\n\n                            Distrito Emprendedores\n                    <\/span>\n    \n            <span class=\"feed-date\">\n            Published on 2026-03-05\n        <\/span>\n    \n    <\/div>\n\n\n\n\n\n            \n        <\/li>\n                    <li class=\"wpra-item feed-item \">\n            \n            \n\n    <a  href=\"https:\/\/distritoemprendedores.es\/blog\/las-startups-de-salud-mas-punteras-del-mundo\/\" target=\"_blank\" rel=\"nofollow\" class=\"\">Las startups de salud m\u00e1s punteras del mundo<\/a>\n\n\n\n\n\n\n<div class=\"wprss-feed-meta\">\n            <span class=\"feed-source\">\n            Source:\n\n                            Distrito Emprendedores\n                    <\/span>\n    \n            <span class=\"feed-date\">\n            Published on 2026-03-04\n        <\/span>\n    \n    <\/div>\n\n\n\n\n\n            \n        <\/li>\n                    <li class=\"wpra-item feed-item \">\n            \n            \n\n    <a  href=\"https:\/\/distritoemprendedores.es\/blog\/puesta-en-marcha-de-un-negocio-primeros-pasos-para-validar-vender-y-controlar-la-tesoreria\/\" target=\"_blank\" rel=\"nofollow\" class=\"\">Puesta en marcha de un negocio: primeros pasos para validar, vender y controlar la tesorer\u00eda<\/a>\n\n\n\n\n\n\n<div class=\"wprss-feed-meta\">\n            <span class=\"feed-source\">\n            Source:\n\n                            Distrito Emprendedores\n                    <\/span>\n    \n            <span class=\"feed-date\">\n            Published on 2026-03-03\n        <\/span>\n    \n    <\/div>\n\n\n\n\n\n            \n        <\/li>\n                    <li class=\"wpra-item feed-item \">\n            \n            \n\n    <a  href=\"https:\/\/distritoemprendedores.es\/blog\/6-franquicias-sin-apenas-competencia-en-el-mercado\/\" target=\"_blank\" rel=\"nofollow\" class=\"\">6 franquicias sin apenas competencia en el mercado<\/a>\n\n\n\n\n\n\n<div class=\"wprss-feed-meta\">\n            <span class=\"feed-source\">\n            Source:\n\n                            Distrito Emprendedores\n                    <\/span>\n    \n            <span class=\"feed-date\">\n            Published on 2026-03-02\n        <\/span>\n    \n    <\/div>\n\n\n\n\n\n            \n        <\/li>\n                    <li class=\"wpra-item feed-item \">\n            \n            \n\n    <a  href=\"https:\/\/digistorage.es\/links\/71d78951-a420-4f5b-8de6-7b35ae7efc1c#new_tab\" target=\"_blank\" rel=\"nofollow\" class=\"\">Los algoritmos amenazan con filtrar las confesiones realizadas al abogado<\/a>\n\n\n\n\n\n\n<div class=\"wprss-feed-meta\">\n            <span class=\"feed-source\">\n            Source:\n\n                            Distrito Emprendedores\n                    <\/span>\n    \n            <span class=\"feed-date\">\n            Published on 2026-03-01\n        <\/span>\n    \n    <\/div>\n\n\n\n\n\n            \n        <\/li>\n                    <li class=\"wpra-item feed-item \">\n            \n            \n\n    <a  href=\"https:\/\/distritoemprendedores.es\/blog\/las-startups-que-mas-innovan-en-el-mundo\/\" target=\"_blank\" rel=\"nofollow\" class=\"\">Las startups que m\u00e1s innovan en el mundo<\/a>\n\n\n\n\n\n\n<div class=\"wprss-feed-meta\">\n            <span class=\"feed-source\">\n            Source:\n\n                            Distrito Emprendedores\n                    <\/span>\n    \n            <span class=\"feed-date\">\n            Published on 2026-02-28\n        <\/span>\n    \n    <\/div>\n\n\n\n\n\n            \n        <\/li>\n                    <li class=\"wpra-item feed-item \">\n            \n            \n\n    <a  href=\"https:\/\/distritoemprendedores.es\/blog\/tiktok-genera-31-000-millones-de-euros-para-las-empresas-europeas-y-3-000-millones-en-espana\/\" target=\"_blank\" rel=\"nofollow\" class=\"\">TikTok genera 31.000 millones de euros para las empresas europeas y 3.000 millones en Espa\u00f1a<\/a>\n\n\n\n\n\n\n<div class=\"wprss-feed-meta\">\n            <span class=\"feed-source\">\n            Source:\n\n                            Distrito Emprendedores\n                    <\/span>\n    \n            <span class=\"feed-date\">\n            Published on 2026-02-27\n        <\/span>\n    \n    <\/div>\n\n\n\n\n\n            \n        <\/li>\n                    <li class=\"wpra-item feed-item \">\n            \n            \n\n    <a  href=\"https:\/\/distritoemprendedores.es\/blog\/amazon-planea-un-marketplace-para-hacer-de-puente-entre-los-publishers-y-las-empresas-de-ia\/\" target=\"_blank\" rel=\"nofollow\" class=\"\">Amazon planea un \u00abmarketplace\u00bb para hacer de puente entre los \u00abpublishers\u00bb y las empresas de IA<\/a>\n\n\n\n\n\n\n<div class=\"wprss-feed-meta\">\n            <span class=\"feed-source\">\n            Source:\n\n                            Distrito Emprendedores\n                    <\/span>\n    \n            <span class=\"feed-date\">\n            Published on 2026-02-26\n        <\/span>\n    \n    <\/div>\n\n\n\n\n\n            \n        <\/li>\n        <\/ul>\n\n        \n<\/div>\n\n<\/div>\n\n<hr \/>\n<p>\u201cEs importante utilizar hashtags relevantes y espec\u00edficos, de esta forma se podr\u00e1 encontrar tu publicaci\u00f3n m\u00e1s f\u00e1cilmente y podr\u00e1 ser vista por m\u00e1s usuarios. Adem\u00e1s, no se deben incluir demasiadas palabras juntas, los mejores hashtags tienden a ser relativamente cortos y f\u00e1ciles de recordar\u201d,\u00a0<strong>explica Romina Gonz\u00e1lez Galetto, Regional Manager de Hootsuite en Espa\u00f1a<\/strong>. \u201cPor otro lado, hay que asegurarse de que las cuentas en las redes sociales sean p\u00fablicas, de lo contrario, los no seguidores no ver\u00e1n el contenido con hashtag que escribas\u201d a\u00f1ade.<\/p>\n<p>Para ayudar a que una publicaci\u00f3n se visibilice mucho m\u00e1s y consiga aumentar las interacciones,\u00a0<strong>Hootsuite da cinco consejos que no hay que pasar por alto cuando se utilicen estas etiquetas:<\/strong><\/p>\n<ol type=\"1\">\n<li><strong>Presta atenci\u00f3n a los influencers:\u00a0<\/strong>Los influencers del sector que m\u00e1s te interese pueden dar una idea de cu\u00e1les son los hashtags que mejor funcionan. S\u00f3lo basta con mirar sus publicaciones y ver cuales son los hashtags que usan con m\u00e1s frecuencia, as\u00ed podr\u00e1s subirte a la conversaci\u00f3n y que tus publicaciones empiecen a ser m\u00e1s vistas.<\/li>\n<\/ol>\n<ol start=\"2\" type=\"1\">\n<li><strong>Revisa las tendencias constantemente:\u00a0<\/strong>Dejando a un lado a los influencers, revisar la informaci\u00f3n del sector que m\u00e1s te interese tambi\u00e9n puede ayudar a encontrar los hashtags que son tendencia en ese momento y aprovecharlos para tus publicaciones.<\/li>\n<\/ol>\n<ol start=\"3\" type=\"1\">\n<li><strong>S\u00e9 espec\u00edfico:<\/strong>\u00a0Cuanto m\u00e1s espec\u00edficos sean los hashtags, ser\u00e1 mucho m\u00e1s f\u00e1cil que los usuarios puedan encontrar tus publicaciones. Es importante concentrarse en atraer a un p\u00fablico que tenga intereses comunes a los tuyos. Entre m\u00e1s espec\u00edficos sean tus hashtags, m\u00e1s delimitada ser\u00e1 tu audiencia. Una audiencia m\u00e1s precisa, generalmente, trae consigo mejores interacciones.<\/li>\n<\/ol>\n<ol start=\"4\" type=\"1\">\n<li><strong>Analiza qu\u00e9 hashtags tuvieron \u00e9xito en tus publicaciones anteriores:<\/strong>\u00a0Revisa las publicaciones pasadas que han tenido m\u00e1s \u00e9xito y localiza si hay alguna tendencia con los hashtags utilizados. Si notas que algunas de tus publicaciones m\u00e1s populares siempre contienen algunos de los mismos hashtags, aseg\u00farate de incluirlos tambi\u00e9n en tus publicaciones futuras.<\/li>\n<\/ol>\n<ol start=\"5\" type=\"1\">\n<li><strong>Adapta tus hashtags a cada red social:\u00a0<\/strong>Aunque los hashtags cumplen el mismo prop\u00f3sito de descubrir y categorizar contenido en todas las redes sociales, su uso var\u00eda dependiendo del canal. Debes dedicar tiempo a investigar cu\u00e1les son los hashtags m\u00e1s relevantes y populares sobre un tema en concreto para cada red social. El tiempo adicional que le dediques a esta parte se ver\u00e1 recompensando m\u00e1s adelante en tus niveles de interacci\u00f3n. Por otro lado, el n\u00famero de hashtags que utilices en cada red sociales tambi\u00e9n var\u00eda, por ejemplo, en Twitter, Facebook y LinkedIn el n\u00famero \u00f3ptimo de hashtags que debes incluir en una publicaci\u00f3n es 1 \u00f3 2, sin embargo, en Instagram puedes utilizar entre 9 y 15 y en YouTube entre 2 y 3.<\/li>\n<\/ol>\n<p>Siguiendo estos consejos y dedic\u00e1ndole el tiempo necesario, seguro que las interacciones en tus publicaciones en redes sociales van aumentando considerablemente, consiguiendo as\u00ed tus objetivos marcados.<\/p>\n<div id=\"telet-524649956\" class=\"telet-despues-del-contenido telet-entity-placement\"><a target=\"_blank\" href=\"\/\/aff.lucushost.com\/resources\/click\/?n=gDxoXMAJ&aff=756\"><img decoding=\"async\" border=\"0\" alt=\"LucusHost, el mejor hosting\" src=\"\/\/aff.lucushost.com\/resources\/banners\/?zoneid=5123&n=gDxoXMAJ&aff=756\" \/><\/a><\/div>","protected":false},"excerpt":{"rendered":"<p>El 23 de agosto del 2007\u00a0Chris Messina, dise\u00f1ador de producto y consultor de Internet, lleg\u00f3 a Twitter con una idea: debido a la brevedad de la red social, sugiri\u00f3 que&hellip; <\/p>\n","protected":false},"author":1,"featured_media":2300,"comment_status":"open","ping_status":"open","sticky":false,"template":"","format":"standard","meta":{"_jetpack_memberships_contains_paid_content":false,"footnotes":"","_links_to":"","_links_to_target":""},"categories":[11],"tags":[15,14],"class_list":["post-5211","post","type-post","status-publish","format-standard","has-post-thumbnail","hentry","category-redes-sociales","tag-fuprisa","tag-jose-manuel-fuentes-prieto"],"nelio_content":{"autoShareEndMode":"never","automationSources":{"useCustomSentences":false,"customSentences":[]},"efiAlt":"","efiUrl":"","followers":[1],"highlights":[],"isAutoShareEnabled":true,"networkImageIds":[],"permalinkQueryArgs":[],"series":[],"suggestedReferences":[]},"jetpack_featured_media_url":"https:\/\/teletrabajoynegocios.com\/telesecretarias\/wp-content\/uploads\/sites\/2\/2020\/10\/labellealliance_40460010_2145875775424643_7104888977222305190_n1.jpg","jetpack_sharing_enabled":true,"_links":{"self":[{"href":"https:\/\/teletrabajoynegocios.com\/telesecretarias\/wp-json\/wp\/v2\/posts\/5211","targetHints":{"allow":["GET"]}}],"collection":[{"href":"https:\/\/teletrabajoynegocios.com\/telesecretarias\/wp-json\/wp\/v2\/posts"}],"about":[{"href":"https:\/\/teletrabajoynegocios.com\/telesecretarias\/wp-json\/wp\/v2\/types\/post"}],"author":[{"embeddable":true,"href":"https:\/\/teletrabajoynegocios.com\/telesecretarias\/wp-json\/wp\/v2\/users\/1"}],"replies":[{"embeddable":true,"href":"https:\/\/teletrabajoynegocios.com\/telesecretarias\/wp-json\/wp\/v2\/comments?post=5211"}],"version-history":[{"count":1,"href":"https:\/\/teletrabajoynegocios.com\/telesecretarias\/wp-json\/wp\/v2\/posts\/5211\/revisions"}],"predecessor-version":[{"id":5212,"href":"https:\/\/teletrabajoynegocios.com\/telesecretarias\/wp-json\/wp\/v2\/posts\/5211\/revisions\/5212"}],"wp:featuredmedia":[{"embeddable":true,"href":"https:\/\/teletrabajoynegocios.com\/telesecretarias\/wp-json\/wp\/v2\/media\/2300"}],"wp:attachment":[{"href":"https:\/\/teletrabajoynegocios.com\/telesecretarias\/wp-json\/wp\/v2\/media?parent=5211"}],"wp:term":[{"taxonomy":"category","embeddable":true,"href":"https:\/\/teletrabajoynegocios.com\/telesecretarias\/wp-json\/wp\/v2\/categories?post=5211"},{"taxonomy":"post_tag","embeddable":true,"href":"https:\/\/teletrabajoynegocios.com\/telesecretarias\/wp-json\/wp\/v2\/tags?post=5211"}],"curies":[{"name":"wp","href":"https:\/\/api.w.org\/{rel}","templated":true}]}}