{"id":5288,"date":"2021-09-01T09:34:50","date_gmt":"2021-09-01T07:34:50","guid":{"rendered":"https:\/\/teletrabajoynegocios.com\/telesecretarias\/?p=5288"},"modified":"2021-08-30T09:41:00","modified_gmt":"2021-08-30T07:41:00","slug":"3-consejos-muy-utiles-que-haran-que-reduzcas-la-fatiga-que-te-suponen-las-reuniones-por-zoom-segun-una-experta","status":"publish","type":"post","link":"https:\/\/teletrabajoynegocios.com\/telesecretarias\/3-consejos-muy-utiles-que-haran-que-reduzcas-la-fatiga-que-te-suponen-las-reuniones-por-zoom-segun-una-experta\/","title":{"rendered":"3 consejos muy \u00fatiles que har\u00e1n que reduzcas la fatiga que te suponen las reuniones por Zoom, seg\u00fan una experta"},"content":{"rendered":"<div id=\"telet-1217723721\" class=\"telet-antes-del-contenido telet-entity-placement\"><a href=\"https:\/\/quaderno.io\/?via=jose-manuel94\" aria-label=\"Quaderno General (Spanish) &#8211; 728&#215;90\"><img loading=\"lazy\" decoding=\"async\" src=\"https:\/\/teletrabajoynegocios.com\/telesecretarias\/wp-content\/uploads\/sites\/2\/2020\/11\/Quaderno-General-Spanish-728x90-1.png\" alt=\"\"  srcset=\"https:\/\/teletrabajoynegocios.com\/telesecretarias\/wp-content\/uploads\/sites\/2\/2020\/11\/Quaderno-General-Spanish-728x90-1.png 728w, https:\/\/teletrabajoynegocios.com\/telesecretarias\/wp-content\/uploads\/sites\/2\/2020\/11\/Quaderno-General-Spanish-728x90-1-300x37.png 300w\" sizes=\"(max-width: 728px) 100vw, 728px\" width=\"728\" height=\"90\"   \/><\/a><\/div><p>Dado que el trabajo h\u00edbrido ser\u00e1 la norma para muchos trabajadores en 2021 y 2022, es poco probable que el problema de la\u00a0<a href=\"https:\/\/www.businessinsider.com\/zoom-burnout-video-call-fatigue-from-work-and-school-2020-5\" target=\"_blank\" rel=\"noopener\">fatiga de Zoom<\/a>\u00a0desaparezca.<\/p>\n<p>Las razones de este agotamiento var\u00edan. Desde estar agotado por mirar tu propia imagen en la pantalla, hasta la antinatural conversaci\u00f3n que requieren las videollamadas por turnos.<\/p>\n<p>Alrededor del\u00a0<strong>38% de los trabajadores estadounidenses<\/strong>\u00a0encuestados en noviembre de 2020 hab\u00edan sufrido alg\u00fan tipo de fatiga causada por la plataforma\u00a0<a href=\"https:\/\/www.businessinsider.com\/what-is-zoom-guide\" target=\"_blank\" rel=\"noopener\">Zoom<\/a>, seg\u00fan la consultora\u00a0<a href=\"https:\/\/www.roberthalf.ca\/en\/44-of-workers-are-suffering-from-video-call-fatigue-robert-half-research-shows\" target=\"_blank\" rel=\"nofollow noopener\">Robert Half.<\/a><\/p>\n<p>Un estudio de\u00a0<a href=\"https:\/\/papers.ssrn.com\/sol3\/papers.cfm?abstract_id=3820035\" target=\"_blank\" rel=\"nofollow noopener\">Stanford<\/a>\u00a0publicado en abril de 2021 sugiere que\u00a0<strong>las mujeres experimentan niveles m\u00e1s altos de fatiga<\/strong>\u00a0que los hombres.<\/p>\n<p>Karin Reed es\u00a0<em>coach<\/em>\u00a0de comunicaciones y coautora de\u00a0<em>Suddenly Virtual,<\/em>\u00a0cuyo objetivo es ayudar a los gerentes y empleados a afrontar el repentino cambio a lo\u00a0<em>online<\/em>.<\/p>\n<p>Estos son sus consejos para\u00a0<strong>combatir la fatiga de las videollamadas:<\/strong><\/p>\n<h2 class=\"title\">1. Rechaza las videoconferencias<\/h2>\n<p>Tener menos reuniones es el punto de partida obvio, comenta Reed. Antes de programar alguna, piensa si las tareas espec\u00edficas requieren realmente una reuni\u00f3n y si est\u00e1s utilizando las reuniones de la manera correcta.<\/p>\n<p>\u00abSi est\u00e1 programando una reuni\u00f3n solo para compartir informaci\u00f3n, y no hay expectativas de discusi\u00f3n o di\u00e1logo, esa no es una reuni\u00f3n efectiva\u00bb, explica.<\/p>\n<p>Las reuniones deben tener un\u00a0<strong>prop\u00f3sito<\/strong>\u00a0y ser m\u00e1s\u00a0<strong>breves<\/strong>\u00a0(45 minutos como m\u00e1ximo). Tambi\u00e9n debes programar el tiempo de recuperaci\u00f3n entre reuniones, agrega.<\/p>\n<p>Menos reuniones no tiene por qu\u00e9 significar una comunicaci\u00f3n m\u00e1s pobre.<\/p>\n<p>Piensa en c\u00f3mo puedes\u00a0<strong>comunicar<\/strong>\u00a0informaci\u00f3n de<strong>\u00a0otras formas<\/strong>, comenta Reed, y destaca que la grabaci\u00f3n de video asincr\u00f3nico y los m\u00e9todos de audio asincr\u00f3nico se est\u00e1n volviendo cada vez m\u00e1s populares.<\/p>\n<p>Grabar un video de ti mismo presentando una presentaci\u00f3n y publicarlo en\u00a0<a href=\"https:\/\/www.businessinsider.com\/what-is-slack\" target=\"_blank\" rel=\"noopener\">Slack<\/a>, en un canal para que la gente lo vea cuando tenga tiempo, puede ser mucho m\u00e1s\u00a0<strong>eficiente\u00a0<\/strong>que redactar un correo electr\u00f3nico de 300 palabras.<\/p>\n<hr \/>\n<p><img decoding=\"async\" src=\"https:\/\/teletrabajoynegocios.com\/teletrabajador\/wp-content\/uploads\/sites\/3\/2020\/07\/articulos.png\" \/><\/p>\n<div class=\"wp-rss-template-container\" data-wpra-template=\"default\" data-template-ctx=\"W10=\">\n    <div class=\"wp-rss-aggregator wpra-list-template  \" data-page=\"1\">\n    \n    \n<ul class=\"wpra-item-list rss-aggregator wpra-item-list--bullets wpra-item-list--default\"\n    start=\"1\">\n                        <li class=\"wpra-item feed-item \">\n            \n            \n\n    <a  href=\"https:\/\/distritoemprendedores.com\/blog\/2026\/03\/16\/hello-world\/\" target=\"_blank\" rel=\"nofollow\" class=\"\">Hello world!<\/a>\n\n\n\n\n\n\n<div class=\"wprss-feed-meta\">\n            <span class=\"feed-source\">\n            Source:\n\n                            Distrito Emprendedores\n                    <\/span>\n    \n            <span class=\"feed-date\">\n            Published on 2026-03-16\n        <\/span>\n    \n    <\/div>\n\n\n\n\n\n            \n        <\/li>\n                    <li class=\"wpra-item feed-item \">\n            \n            \n\n    <a  href=\"https:\/\/www.dropbox.com\/scl\/fi\/b6csvpbfxu24vaezmo3es\/62bed0634df20e5ef35346439fdd423f_franquicias.pdf?rlkey=mfp2795s4n89mw35l0yeu2vl5&amp;e=2&amp;st=57kabuy0&amp;dl=0#new_tab\" target=\"_blank\" rel=\"nofollow\" class=\"\">Las franquicias espa\u00f1olas duplican su presencia en mercados for\u00e1neos<\/a>\n\n\n\n\n\n\n<div class=\"wprss-feed-meta\">\n            <span class=\"feed-source\">\n            Source:\n\n                            Distrito Emprendedores\n                    <\/span>\n    \n            <span class=\"feed-date\">\n            Published on 2026-03-11\n        <\/span>\n    \n    <\/div>\n\n\n\n\n\n            \n        <\/li>\n                    <li class=\"wpra-item feed-item \">\n            \n            \n\n    <a  href=\"https:\/\/distritoemprendedores.es\/blog\/5-errores-fatales-al-internacionalizar-tu-franquicia\/\" target=\"_blank\" rel=\"nofollow\" class=\"\">5 errores fatales al internacionalizar tu franquicia<\/a>\n\n\n\n\n\n\n<div class=\"wprss-feed-meta\">\n            <span class=\"feed-source\">\n            Source:\n\n                            Distrito Emprendedores\n                    <\/span>\n    \n            <span class=\"feed-date\">\n            Published on 2026-03-10\n        <\/span>\n    \n    <\/div>\n\n\n\n\n\n            \n        <\/li>\n                    <li class=\"wpra-item feed-item \">\n            \n            \n\n    <a  href=\"https:\/\/distritoemprendedores.es\/blog\/un-nuevo-prime-time-para-las-marcas-afterwork-tardeo-y-futbol-se-consolidan-como-los-grandes-motores-del-consumo-experiencial\/\" target=\"_blank\" rel=\"nofollow\" class=\"\">Un nuevo prime time para las marcas: afterwork, tardeo y f\u00fatbol se consolidan como los grandes motores del consumo experiencial<\/a>\n\n\n\n\n\n\n<div class=\"wprss-feed-meta\">\n            <span class=\"feed-source\">\n            Source:\n\n                            Distrito Emprendedores\n                    <\/span>\n    \n            <span class=\"feed-date\">\n            Published on 2026-03-09\n        <\/span>\n    \n    <\/div>\n\n\n\n\n\n            \n        <\/li>\n                    <li class=\"wpra-item feed-item \">\n            \n            \n\n    <a  href=\"https:\/\/distritoemprendedores.es\/blog\/la-ventaja-competitiva-esta-en-entender-como-pregunta-el-consumidor\/\" target=\"_blank\" rel=\"nofollow\" class=\"\">La ventaja competitiva est\u00e1 en entender c\u00f3mo pregunta el consumidor<\/a>\n\n\n\n\n\n\n<div class=\"wprss-feed-meta\">\n            <span class=\"feed-source\">\n            Source:\n\n                            Distrito Emprendedores\n                    <\/span>\n    \n            <span class=\"feed-date\">\n            Published on 2026-03-08\n        <\/span>\n    \n    <\/div>\n\n\n\n\n\n            \n        <\/li>\n                    <li class=\"wpra-item feed-item \">\n            \n            \n\n    <a  href=\"https:\/\/distritoemprendedores.es\/blog\/solo-el-7-de-los-espanoles-cree-a-las-marcas-cuando-comunican-sus-valores-con-hechos-demostrables\/\" target=\"_blank\" rel=\"nofollow\" class=\"\">Solo el 7% de los espa\u00f1oles cree a las marcas cuando comunican sus valores con hechos demostrables<\/a>\n\n\n\n\n\n\n<div class=\"wprss-feed-meta\">\n            <span class=\"feed-source\">\n            Source:\n\n                            Distrito Emprendedores\n                    <\/span>\n    \n            <span class=\"feed-date\">\n            Published on 2026-03-07\n        <\/span>\n    \n    <\/div>\n\n\n\n\n\n            \n        <\/li>\n                    <li class=\"wpra-item feed-item \">\n            \n            \n\n    <a  href=\"https:\/\/distritoemprendedores.es\/blog\/el-38-de-las-empresas-creadas-en-2019-ha-echado-ya-el-cierre\/\" target=\"_blank\" rel=\"nofollow\" class=\"\">El 38% de las empresas creadas en 2019 ha echado ya el cierre<\/a>\n\n\n\n\n\n\n<div class=\"wprss-feed-meta\">\n            <span class=\"feed-source\">\n            Source:\n\n                            Distrito Emprendedores\n                    <\/span>\n    \n            <span class=\"feed-date\">\n            Published on 2026-03-06\n        <\/span>\n    \n    <\/div>\n\n\n\n\n\n            \n        <\/li>\n                    <li class=\"wpra-item feed-item \">\n            \n            \n\n    <a  href=\"https:\/\/distritoemprendedores.es\/blog\/descubre-las-oportunidades-y-tendencias-en-el-mercado-de-la-franquicia-para-2026\/\" target=\"_blank\" rel=\"nofollow\" class=\"\">Descubre las oportunidades y tendencias en el mercado de la franquicia para 2026<\/a>\n\n\n\n\n\n\n<div class=\"wprss-feed-meta\">\n            <span class=\"feed-source\">\n            Source:\n\n                            Distrito Emprendedores\n                    <\/span>\n    \n            <span class=\"feed-date\">\n            Published on 2026-03-05\n        <\/span>\n    \n    <\/div>\n\n\n\n\n\n            \n        <\/li>\n                    <li class=\"wpra-item feed-item \">\n            \n            \n\n    <a  href=\"https:\/\/distritoemprendedores.es\/blog\/las-startups-de-salud-mas-punteras-del-mundo\/\" target=\"_blank\" rel=\"nofollow\" class=\"\">Las startups de salud m\u00e1s punteras del mundo<\/a>\n\n\n\n\n\n\n<div class=\"wprss-feed-meta\">\n            <span class=\"feed-source\">\n            Source:\n\n                            Distrito Emprendedores\n                    <\/span>\n    \n            <span class=\"feed-date\">\n            Published on 2026-03-04\n        <\/span>\n    \n    <\/div>\n\n\n\n\n\n            \n        <\/li>\n                    <li class=\"wpra-item feed-item \">\n            \n            \n\n    <a  href=\"https:\/\/distritoemprendedores.es\/blog\/puesta-en-marcha-de-un-negocio-primeros-pasos-para-validar-vender-y-controlar-la-tesoreria\/\" target=\"_blank\" rel=\"nofollow\" class=\"\">Puesta en marcha de un negocio: primeros pasos para validar, vender y controlar la tesorer\u00eda<\/a>\n\n\n\n\n\n\n<div class=\"wprss-feed-meta\">\n            <span class=\"feed-source\">\n            Source:\n\n                            Distrito Emprendedores\n                    <\/span>\n    \n            <span class=\"feed-date\">\n            Published on 2026-03-03\n        <\/span>\n    \n    <\/div>\n\n\n\n\n\n            \n        <\/li>\n                    <li class=\"wpra-item feed-item \">\n            \n            \n\n    <a  href=\"https:\/\/distritoemprendedores.es\/blog\/6-franquicias-sin-apenas-competencia-en-el-mercado\/\" target=\"_blank\" rel=\"nofollow\" class=\"\">6 franquicias sin apenas competencia en el mercado<\/a>\n\n\n\n\n\n\n<div class=\"wprss-feed-meta\">\n            <span class=\"feed-source\">\n            Source:\n\n                            Distrito Emprendedores\n                    <\/span>\n    \n            <span class=\"feed-date\">\n            Published on 2026-03-02\n        <\/span>\n    \n    <\/div>\n\n\n\n\n\n            \n        <\/li>\n                    <li class=\"wpra-item feed-item \">\n            \n            \n\n    <a  href=\"https:\/\/digistorage.es\/links\/71d78951-a420-4f5b-8de6-7b35ae7efc1c#new_tab\" target=\"_blank\" rel=\"nofollow\" class=\"\">Los algoritmos amenazan con filtrar las confesiones realizadas al abogado<\/a>\n\n\n\n\n\n\n<div class=\"wprss-feed-meta\">\n            <span class=\"feed-source\">\n            Source:\n\n                            Distrito Emprendedores\n                    <\/span>\n    \n            <span class=\"feed-date\">\n            Published on 2026-03-01\n        <\/span>\n    \n    <\/div>\n\n\n\n\n\n            \n        <\/li>\n                    <li class=\"wpra-item feed-item \">\n            \n            \n\n    <a  href=\"https:\/\/distritoemprendedores.es\/blog\/las-startups-que-mas-innovan-en-el-mundo\/\" target=\"_blank\" rel=\"nofollow\" class=\"\">Las startups que m\u00e1s innovan en el mundo<\/a>\n\n\n\n\n\n\n<div class=\"wprss-feed-meta\">\n            <span class=\"feed-source\">\n            Source:\n\n                            Distrito Emprendedores\n                    <\/span>\n    \n            <span class=\"feed-date\">\n            Published on 2026-02-28\n        <\/span>\n    \n    <\/div>\n\n\n\n\n\n            \n        <\/li>\n                    <li class=\"wpra-item feed-item \">\n            \n            \n\n    <a  href=\"https:\/\/distritoemprendedores.es\/blog\/tiktok-genera-31-000-millones-de-euros-para-las-empresas-europeas-y-3-000-millones-en-espana\/\" target=\"_blank\" rel=\"nofollow\" class=\"\">TikTok genera 31.000 millones de euros para las empresas europeas y 3.000 millones en Espa\u00f1a<\/a>\n\n\n\n\n\n\n<div class=\"wprss-feed-meta\">\n            <span class=\"feed-source\">\n            Source:\n\n                            Distrito Emprendedores\n                    <\/span>\n    \n            <span class=\"feed-date\">\n            Published on 2026-02-27\n        <\/span>\n    \n    <\/div>\n\n\n\n\n\n            \n        <\/li>\n                    <li class=\"wpra-item feed-item \">\n            \n            \n\n    <a  href=\"https:\/\/distritoemprendedores.es\/blog\/amazon-planea-un-marketplace-para-hacer-de-puente-entre-los-publishers-y-las-empresas-de-ia\/\" target=\"_blank\" rel=\"nofollow\" class=\"\">Amazon planea un \u00abmarketplace\u00bb para hacer de puente entre los \u00abpublishers\u00bb y las empresas de IA<\/a>\n\n\n\n\n\n\n<div class=\"wprss-feed-meta\">\n            <span class=\"feed-source\">\n            Source:\n\n                            Distrito Emprendedores\n                    <\/span>\n    \n            <span class=\"feed-date\">\n            Published on 2026-02-26\n        <\/span>\n    \n    <\/div>\n\n\n\n\n\n            \n        <\/li>\n        <\/ul>\n\n        \n<\/div>\n\n<\/div>\n\n<hr \/>\n<h2 class=\"title\">2. Prepara la reuni\u00f3n para aprovechar al m\u00e1ximo el tiempo<\/h2>\n<p>Las reuniones a menudo pueden resultar abrumadoras porque no tienes suficiente tiempo para prepararlas adecuadamente.<\/p>\n<p>Enviar\u00a0<strong>documentos e informes por adelantado\u00a0<\/strong>es \u00abcr\u00edtico\u00bb, as\u00ed como ir lanzando algunas preguntas para asegurarte de que los hayan le\u00eddo, explica Reed.<\/p>\n<p>Tambi\u00e9n es esencial asegurarse de que todos los integrantes del equipo est\u00e9n capacitados adecuadamente, dice Reed, y agrega que no se trata solo de usar la tecnolog\u00eda, sino tambi\u00e9n de\u00a0<strong>c\u00f3mo comunicarse de manera efectiva<\/strong>.<\/p>\n<p>\u00abAseg\u00farate de que toda la comunicaci\u00f3n sea visible, independientemente de la ubicaci\u00f3n\u00bb.<\/p>\n<h2 class=\"title\">3. Desactiva la vista propia<\/h2>\n<p>\u00abNo caminamos con un espejo en la cara mientras hablamos con la gente\u00bb, asegura Reed. \u00abPor primera vez, muchos de nosotros nos vemos comunic\u00e1ndonos en tiempo real, y eso puede ser desconcertante y distractor\u00bb.<\/p>\n<p>Esto, a veces, se denomina<strong>\u00a0ansiedad ante el espejo.\u00a0<\/strong><\/p>\n<p>La mayor\u00eda de las plataformas de videollamadas deber\u00edan tener una opci\u00f3n en la que pueda\u00a0<strong>ocultar la vista propia\u00a0<\/strong>y quitar tu propia imagen de la pantalla, sin apagar la c\u00e1mara.<\/p>\n<p>Asegurarte de mirar directamente a la c\u00e1mara mientras hablas, esto tambi\u00e9n puede reducir el impacto de tener que mirarte a ti mismo constantemente.<\/p>\n<p><span class=\"author-name__AuthorName-sc-1pg07or-0 HstKC\">Stephen Jones<\/span>,\u00a0<a class=\"author-name__AuthorName-sc-1pg07or-0 HstKC\" href=\"http:\/\/www.businessinsider.com\/?IR=C\">Business Insider<\/a><\/p>\n<div id=\"telet-718673059\" class=\"telet-despues-del-contenido telet-entity-placement\"><a target=\"_blank\" href=\"\/\/aff.lucushost.com\/resources\/click\/?n=gDxoXMAJ&aff=756\"><img decoding=\"async\" border=\"0\" alt=\"LucusHost, el mejor hosting\" src=\"\/\/aff.lucushost.com\/resources\/banners\/?zoneid=5123&n=gDxoXMAJ&aff=756\" \/><\/a><\/div>","protected":false},"excerpt":{"rendered":"<p>Dado que el trabajo h\u00edbrido ser\u00e1 la norma para muchos trabajadores en 2021 y 2022, es poco probable que el problema de la\u00a0fatiga de Zoom\u00a0desaparezca. Las razones de este agotamiento&hellip; <\/p>\n","protected":false},"author":1,"featured_media":2379,"comment_status":"open","ping_status":"open","sticky":false,"template":"","format":"standard","meta":{"_jetpack_memberships_contains_paid_content":false,"footnotes":"","_links_to":"","_links_to_target":""},"categories":[9],"tags":[15,14],"class_list":["post-5288","post","type-post","status-publish","format-standard","has-post-thumbnail","hentry","category-ofimatica","tag-fuprisa","tag-jose-manuel-fuentes-prieto"],"nelio_content":{"autoShareEndMode":"never","automationSources":{"useCustomSentences":false,"customSentences":[]},"efiAlt":"","efiUrl":"","followers":[1],"highlights":[],"isAutoShareEnabled":true,"networkImageIds":[],"permalinkQueryArgs":[],"series":[],"suggestedReferences":[]},"jetpack_featured_media_url":"https:\/\/teletrabajoynegocios.com\/telesecretarias\/wp-content\/uploads\/sites\/2\/2020\/10\/LinkedIn.jpg","jetpack_sharing_enabled":true,"_links":{"self":[{"href":"https:\/\/teletrabajoynegocios.com\/telesecretarias\/wp-json\/wp\/v2\/posts\/5288","targetHints":{"allow":["GET"]}}],"collection":[{"href":"https:\/\/teletrabajoynegocios.com\/telesecretarias\/wp-json\/wp\/v2\/posts"}],"about":[{"href":"https:\/\/teletrabajoynegocios.com\/telesecretarias\/wp-json\/wp\/v2\/types\/post"}],"author":[{"embeddable":true,"href":"https:\/\/teletrabajoynegocios.com\/telesecretarias\/wp-json\/wp\/v2\/users\/1"}],"replies":[{"embeddable":true,"href":"https:\/\/teletrabajoynegocios.com\/telesecretarias\/wp-json\/wp\/v2\/comments?post=5288"}],"version-history":[{"count":1,"href":"https:\/\/teletrabajoynegocios.com\/telesecretarias\/wp-json\/wp\/v2\/posts\/5288\/revisions"}],"predecessor-version":[{"id":5289,"href":"https:\/\/teletrabajoynegocios.com\/telesecretarias\/wp-json\/wp\/v2\/posts\/5288\/revisions\/5289"}],"wp:featuredmedia":[{"embeddable":true,"href":"https:\/\/teletrabajoynegocios.com\/telesecretarias\/wp-json\/wp\/v2\/media\/2379"}],"wp:attachment":[{"href":"https:\/\/teletrabajoynegocios.com\/telesecretarias\/wp-json\/wp\/v2\/media?parent=5288"}],"wp:term":[{"taxonomy":"category","embeddable":true,"href":"https:\/\/teletrabajoynegocios.com\/telesecretarias\/wp-json\/wp\/v2\/categories?post=5288"},{"taxonomy":"post_tag","embeddable":true,"href":"https:\/\/teletrabajoynegocios.com\/telesecretarias\/wp-json\/wp\/v2\/tags?post=5288"}],"curies":[{"name":"wp","href":"https:\/\/api.w.org\/{rel}","templated":true}]}}