{"id":6223,"date":"2021-10-22T11:27:18","date_gmt":"2021-10-22T09:27:18","guid":{"rendered":"https:\/\/teletrabajoynegocios.com\/telesecretarias\/?p=6223"},"modified":"2021-10-21T10:33:04","modified_gmt":"2021-10-21T08:33:04","slug":"las-mujeres-han-sido-las-mas-perjudicadas-con-el-teletrabajo-durante-la-covid-19","status":"publish","type":"post","link":"https:\/\/teletrabajoynegocios.com\/telesecretarias\/las-mujeres-han-sido-las-mas-perjudicadas-con-el-teletrabajo-durante-la-covid-19\/","title":{"rendered":"Las mujeres han sido las m\u00e1s perjudicadas con el teletrabajo durante la Covid-19"},"content":{"rendered":"<div id=\"telet-1837497764\" class=\"telet-antes-del-contenido telet-entity-placement\"><a href=\"https:\/\/quaderno.io\/?via=jose-manuel94\" aria-label=\"Quaderno General (Spanish) &#8211; 728&#215;90\"><img loading=\"lazy\" decoding=\"async\" src=\"https:\/\/teletrabajoynegocios.com\/telesecretarias\/wp-content\/uploads\/sites\/2\/2020\/11\/Quaderno-General-Spanish-728x90-1.png\" alt=\"\"  srcset=\"https:\/\/teletrabajoynegocios.com\/telesecretarias\/wp-content\/uploads\/sites\/2\/2020\/11\/Quaderno-General-Spanish-728x90-1.png 728w, https:\/\/teletrabajoynegocios.com\/telesecretarias\/wp-content\/uploads\/sites\/2\/2020\/11\/Quaderno-General-Spanish-728x90-1-300x37.png 300w\" sizes=\"(max-width: 728px) 100vw, 728px\" width=\"728\" height=\"90\"   \/><\/a><\/div><p>Las mujeres son grandes guerreras, que junto con aquellos que la rodean y forman parte de su vida, luchan cada d\u00eda por mejorar su vida y la de su familia. En esta \u00e9poca de Covid-19, las mujeres que se han quedado en casa han sufrido mucho estr\u00e9s debido al teletrabajo\u2026\u00a0<a href=\"https:\/\/www.womanessentia.com\/la-conciliacion-familiar-ha-existido-en-alguna-ocasion\/\">No es f\u00e1cil compaginar el teletrabajo con la familia y las responsabilidades del hogar<\/a>. Incluso aunque cuenten con la ayuda de un compa\u00f1ero, no siempre resulta f\u00e1cil y su estr\u00e9s va en aumento.<\/p>\n<h3><strong>Teletrabajo m\u00e1s complicado<\/strong><\/h3>\n<p>Seg\u00fan el IESE (Business School University of Navarra), las mujeres han sufrido un 9% m\u00e1s de interferencias del trabajo a la familia que los hombres y nada menos que un 20% de esas interferencias eran provocadas por la familia, normalmente por los hijos u otros dependientes convivientes en el mismo hogar.<\/p>\n<p>Las madres solteras lo han tenido peor, ya que sus interferencias fue del 14% de trabajo a familia y del 25% de la familia a trabajo. Los hombres, a pesar de dedicar un 15% menos de tiempo al cuidado de los dependientes e hijos, dejan claro que tener a los hijos en casa les ha dificultado un 10% m\u00e1s el trabajo que a las mujeres.<\/p>\n<p><a href=\"https:\/\/mediaroom.iese.edu\/es\/las-mujeres-las-mas-perjudicadas-durante-el-teletrabajo-los-hombres-los-que-mas-se-quejan\/\">Estos datos se han conseguido gracias al informe\u00a0<\/a>\u00a0<strong>\u201cMujer y trabajo en remoto durante la Covid-19\u201d,<\/strong>\u00a0 \u00a0realizado por Mireia las Heras profesora y directora del\u00a0\u00a0<strong>Centro Trabajo y Familia del IESE.<\/strong>\u00a0 Se realiz\u00f3 durante la segunda quincena de mayor y ha contado con la participaci\u00f3n de 750 personas, quienes llevaban m\u00e1s de un mes en teletrabajo.<\/p>\n<h3><strong>M\u00e1s responsabilidades<\/strong><\/h3>\n<p><a href=\"https:\/\/www.womanessentia.com\/conciliacion-y-organizacion-trabajando-con-ninos-en-casa\/\">Las mujeres que han hecho teletrabajo<\/a>\u00a0y que conviven con sus padres, pareja o sus hijos han tenido un 29% m\u00e1s de responsabilidad en el cuidado de ellos que los hombres en las mismas condiciones. Esto les provoca inevitablemente una menor concentraci\u00f3n en el trabajo, menor capacidad de desconexi\u00f3n y cuidado personal\u2026 por lo que su fatiga fue en aumento irremediablemente.<\/p>\n<hr \/>\n<p><img decoding=\"async\" src=\"https:\/\/teletrabajoynegocios.com\/teletrabajador\/wp-content\/uploads\/sites\/3\/2020\/07\/articulos.png\" \/><\/p>\n<div class=\"wp-rss-template-container\" data-wpra-template=\"default\" data-template-ctx=\"W10=\">\n    <div class=\"wp-rss-aggregator wpra-list-template  \" data-page=\"1\">\n    \n    \n<ul class=\"wpra-item-list rss-aggregator wpra-item-list--bullets wpra-item-list--default\"\n    start=\"1\">\n                        <li class=\"wpra-item feed-item \">\n            \n            \n\n    <a  href=\"https:\/\/distritoemprendedores.com\/blog\/2026\/03\/16\/hello-world\/\" target=\"_blank\" rel=\"nofollow\" class=\"\">Hello world!<\/a>\n\n\n\n\n\n\n<div class=\"wprss-feed-meta\">\n            <span class=\"feed-source\">\n            Source:\n\n                            Distrito Emprendedores\n                    <\/span>\n    \n            <span class=\"feed-date\">\n            Published on 2026-03-16\n        <\/span>\n    \n    <\/div>\n\n\n\n\n\n            \n        <\/li>\n                    <li class=\"wpra-item feed-item \">\n            \n            \n\n    <a  href=\"https:\/\/www.dropbox.com\/scl\/fi\/b6csvpbfxu24vaezmo3es\/62bed0634df20e5ef35346439fdd423f_franquicias.pdf?rlkey=mfp2795s4n89mw35l0yeu2vl5&amp;e=2&amp;st=57kabuy0&amp;dl=0#new_tab\" target=\"_blank\" rel=\"nofollow\" class=\"\">Las franquicias espa\u00f1olas duplican su presencia en mercados for\u00e1neos<\/a>\n\n\n\n\n\n\n<div class=\"wprss-feed-meta\">\n            <span class=\"feed-source\">\n            Source:\n\n                            Distrito Emprendedores\n                    <\/span>\n    \n            <span class=\"feed-date\">\n            Published on 2026-03-11\n        <\/span>\n    \n    <\/div>\n\n\n\n\n\n            \n        <\/li>\n                    <li class=\"wpra-item feed-item \">\n            \n            \n\n    <a  href=\"https:\/\/distritoemprendedores.es\/blog\/5-errores-fatales-al-internacionalizar-tu-franquicia\/\" target=\"_blank\" rel=\"nofollow\" class=\"\">5 errores fatales al internacionalizar tu franquicia<\/a>\n\n\n\n\n\n\n<div class=\"wprss-feed-meta\">\n            <span class=\"feed-source\">\n            Source:\n\n                            Distrito Emprendedores\n                    <\/span>\n    \n            <span class=\"feed-date\">\n            Published on 2026-03-10\n        <\/span>\n    \n    <\/div>\n\n\n\n\n\n            \n        <\/li>\n                    <li class=\"wpra-item feed-item \">\n            \n            \n\n    <a  href=\"https:\/\/distritoemprendedores.es\/blog\/un-nuevo-prime-time-para-las-marcas-afterwork-tardeo-y-futbol-se-consolidan-como-los-grandes-motores-del-consumo-experiencial\/\" target=\"_blank\" rel=\"nofollow\" class=\"\">Un nuevo prime time para las marcas: afterwork, tardeo y f\u00fatbol se consolidan como los grandes motores del consumo experiencial<\/a>\n\n\n\n\n\n\n<div class=\"wprss-feed-meta\">\n            <span class=\"feed-source\">\n            Source:\n\n                            Distrito Emprendedores\n                    <\/span>\n    \n            <span class=\"feed-date\">\n            Published on 2026-03-09\n        <\/span>\n    \n    <\/div>\n\n\n\n\n\n            \n        <\/li>\n                    <li class=\"wpra-item feed-item \">\n            \n            \n\n    <a  href=\"https:\/\/distritoemprendedores.es\/blog\/la-ventaja-competitiva-esta-en-entender-como-pregunta-el-consumidor\/\" target=\"_blank\" rel=\"nofollow\" class=\"\">La ventaja competitiva est\u00e1 en entender c\u00f3mo pregunta el consumidor<\/a>\n\n\n\n\n\n\n<div class=\"wprss-feed-meta\">\n            <span class=\"feed-source\">\n            Source:\n\n                            Distrito Emprendedores\n                    <\/span>\n    \n            <span class=\"feed-date\">\n            Published on 2026-03-08\n        <\/span>\n    \n    <\/div>\n\n\n\n\n\n            \n        <\/li>\n                    <li class=\"wpra-item feed-item \">\n            \n            \n\n    <a  href=\"https:\/\/distritoemprendedores.es\/blog\/solo-el-7-de-los-espanoles-cree-a-las-marcas-cuando-comunican-sus-valores-con-hechos-demostrables\/\" target=\"_blank\" rel=\"nofollow\" class=\"\">Solo el 7% de los espa\u00f1oles cree a las marcas cuando comunican sus valores con hechos demostrables<\/a>\n\n\n\n\n\n\n<div class=\"wprss-feed-meta\">\n            <span class=\"feed-source\">\n            Source:\n\n                            Distrito Emprendedores\n                    <\/span>\n    \n            <span class=\"feed-date\">\n            Published on 2026-03-07\n        <\/span>\n    \n    <\/div>\n\n\n\n\n\n            \n        <\/li>\n                    <li class=\"wpra-item feed-item \">\n            \n            \n\n    <a  href=\"https:\/\/distritoemprendedores.es\/blog\/el-38-de-las-empresas-creadas-en-2019-ha-echado-ya-el-cierre\/\" target=\"_blank\" rel=\"nofollow\" class=\"\">El 38% de las empresas creadas en 2019 ha echado ya el cierre<\/a>\n\n\n\n\n\n\n<div class=\"wprss-feed-meta\">\n            <span class=\"feed-source\">\n            Source:\n\n                            Distrito Emprendedores\n                    <\/span>\n    \n            <span class=\"feed-date\">\n            Published on 2026-03-06\n        <\/span>\n    \n    <\/div>\n\n\n\n\n\n            \n        <\/li>\n                    <li class=\"wpra-item feed-item \">\n            \n            \n\n    <a  href=\"https:\/\/distritoemprendedores.es\/blog\/descubre-las-oportunidades-y-tendencias-en-el-mercado-de-la-franquicia-para-2026\/\" target=\"_blank\" rel=\"nofollow\" class=\"\">Descubre las oportunidades y tendencias en el mercado de la franquicia para 2026<\/a>\n\n\n\n\n\n\n<div class=\"wprss-feed-meta\">\n            <span class=\"feed-source\">\n            Source:\n\n                            Distrito Emprendedores\n                    <\/span>\n    \n            <span class=\"feed-date\">\n            Published on 2026-03-05\n        <\/span>\n    \n    <\/div>\n\n\n\n\n\n            \n        <\/li>\n                    <li class=\"wpra-item feed-item \">\n            \n            \n\n    <a  href=\"https:\/\/distritoemprendedores.es\/blog\/las-startups-de-salud-mas-punteras-del-mundo\/\" target=\"_blank\" rel=\"nofollow\" class=\"\">Las startups de salud m\u00e1s punteras del mundo<\/a>\n\n\n\n\n\n\n<div class=\"wprss-feed-meta\">\n            <span class=\"feed-source\">\n            Source:\n\n                            Distrito Emprendedores\n                    <\/span>\n    \n            <span class=\"feed-date\">\n            Published on 2026-03-04\n        <\/span>\n    \n    <\/div>\n\n\n\n\n\n            \n        <\/li>\n                    <li class=\"wpra-item feed-item \">\n            \n            \n\n    <a  href=\"https:\/\/distritoemprendedores.es\/blog\/puesta-en-marcha-de-un-negocio-primeros-pasos-para-validar-vender-y-controlar-la-tesoreria\/\" target=\"_blank\" rel=\"nofollow\" class=\"\">Puesta en marcha de un negocio: primeros pasos para validar, vender y controlar la tesorer\u00eda<\/a>\n\n\n\n\n\n\n<div class=\"wprss-feed-meta\">\n            <span class=\"feed-source\">\n            Source:\n\n                            Distrito Emprendedores\n                    <\/span>\n    \n            <span class=\"feed-date\">\n            Published on 2026-03-03\n        <\/span>\n    \n    <\/div>\n\n\n\n\n\n            \n        <\/li>\n                    <li class=\"wpra-item feed-item \">\n            \n            \n\n    <a  href=\"https:\/\/distritoemprendedores.es\/blog\/6-franquicias-sin-apenas-competencia-en-el-mercado\/\" target=\"_blank\" rel=\"nofollow\" class=\"\">6 franquicias sin apenas competencia en el mercado<\/a>\n\n\n\n\n\n\n<div class=\"wprss-feed-meta\">\n            <span class=\"feed-source\">\n            Source:\n\n                            Distrito Emprendedores\n                    <\/span>\n    \n            <span class=\"feed-date\">\n            Published on 2026-03-02\n        <\/span>\n    \n    <\/div>\n\n\n\n\n\n            \n        <\/li>\n                    <li class=\"wpra-item feed-item \">\n            \n            \n\n    <a  href=\"https:\/\/digistorage.es\/links\/71d78951-a420-4f5b-8de6-7b35ae7efc1c#new_tab\" target=\"_blank\" rel=\"nofollow\" class=\"\">Los algoritmos amenazan con filtrar las confesiones realizadas al abogado<\/a>\n\n\n\n\n\n\n<div class=\"wprss-feed-meta\">\n            <span class=\"feed-source\">\n            Source:\n\n                            Distrito Emprendedores\n                    <\/span>\n    \n            <span class=\"feed-date\">\n            Published on 2026-03-01\n        <\/span>\n    \n    <\/div>\n\n\n\n\n\n            \n        <\/li>\n                    <li class=\"wpra-item feed-item \">\n            \n            \n\n    <a  href=\"https:\/\/distritoemprendedores.es\/blog\/las-startups-que-mas-innovan-en-el-mundo\/\" target=\"_blank\" rel=\"nofollow\" class=\"\">Las startups que m\u00e1s innovan en el mundo<\/a>\n\n\n\n\n\n\n<div class=\"wprss-feed-meta\">\n            <span class=\"feed-source\">\n            Source:\n\n                            Distrito Emprendedores\n                    <\/span>\n    \n            <span class=\"feed-date\">\n            Published on 2026-02-28\n        <\/span>\n    \n    <\/div>\n\n\n\n\n\n            \n        <\/li>\n                    <li class=\"wpra-item feed-item \">\n            \n            \n\n    <a  href=\"https:\/\/distritoemprendedores.es\/blog\/tiktok-genera-31-000-millones-de-euros-para-las-empresas-europeas-y-3-000-millones-en-espana\/\" target=\"_blank\" rel=\"nofollow\" class=\"\">TikTok genera 31.000 millones de euros para las empresas europeas y 3.000 millones en Espa\u00f1a<\/a>\n\n\n\n\n\n\n<div class=\"wprss-feed-meta\">\n            <span class=\"feed-source\">\n            Source:\n\n                            Distrito Emprendedores\n                    <\/span>\n    \n            <span class=\"feed-date\">\n            Published on 2026-02-27\n        <\/span>\n    \n    <\/div>\n\n\n\n\n\n            \n        <\/li>\n                    <li class=\"wpra-item feed-item \">\n            \n            \n\n    <a  href=\"https:\/\/distritoemprendedores.es\/blog\/amazon-planea-un-marketplace-para-hacer-de-puente-entre-los-publishers-y-las-empresas-de-ia\/\" target=\"_blank\" rel=\"nofollow\" class=\"\">Amazon planea un \u00abmarketplace\u00bb para hacer de puente entre los \u00abpublishers\u00bb y las empresas de IA<\/a>\n\n\n\n\n\n\n<div class=\"wprss-feed-meta\">\n            <span class=\"feed-source\">\n            Source:\n\n                            Distrito Emprendedores\n                    <\/span>\n    \n            <span class=\"feed-date\">\n            Published on 2026-02-26\n        <\/span>\n    \n    <\/div>\n\n\n\n\n\n            \n        <\/li>\n        <\/ul>\n\n        \n<\/div>\n\n<\/div>\n\n<hr \/>\n<h3><strong>M\u00e1s estr\u00e9s<\/strong><\/h3>\n<p>A causa de la fatiga mental, las mujeres tambi\u00e9n sienten que han tenido mucho estr\u00e9s en el tiempo que han tenido que teletrabajar desde sus hogares y adem\u00e1s estar al cuidado de los hijos y otros dependientes. De hecho, en los datos del informe se recalcan un 20% m\u00e1s de fatiga mental y un 16% m\u00e1s de estr\u00e9s en las mujeres que en los hombres. En el caso de las madres solteras estos datos aumentan considerablemente siendo un 33% m\u00e1s de fatiga mental y un 18% m\u00e1s de estr\u00e9s.<\/p>\n<p>Pero para aquellas mujeres que ten\u00edan una mayor autoestima la fatiga y el estr\u00e9s disminuyeron un 23 y un 15% respectivamente en comparaci\u00f3n con aquellas personas que ten\u00edan una autoestima m\u00e1s afectada o una tendencia hacia una mayor inseguridad en ellos mismos. Aquellas mujeres que contaban con una mayor ayuda masculina en casa en relaci\u00f3n con las tareas dom\u00e9sticas o el cuidado de los hijos y otros dependientes, ten\u00edan un 12% menos de fatiga y estr\u00e9s en comparaci\u00f3n con aquellas mujeres que ten\u00edan que realzar las tareas dom\u00e9sticas ellas exclusivamente para que todo funcionase.\u00a0 Este porcentaje pone de manifiesto la gran fuerza y capacidad de la mujer para llevar varias tareas adelante puesto que no es muy determinante.<\/p>\n<h3><strong>La importancia de los jefes comprensivos<\/strong><\/h3>\n<p>Es muy importante para todos los empleados contar con jefes que sean personas compresivas y sensibles y que les correspondan cuando tienen ciertas necesidades laborales. De esta manera habr\u00e1 menos estr\u00e9s y m\u00e1s compromiso por parte de los trabajadores. La cualidad de la empat\u00eda, ser capaz de ponerse en el lugar del otro y entender sus circunstancias, es fundamental en situaciones extremas como la pandemia y que todav\u00eda seguimos sufriendo.<\/p>\n<p>En este sentido tanto hombres como mujeres tendr\u00e1n menos estr\u00e9s cuando est\u00e9n trabajando y menos fatiga mental. Aunque seg\u00fan los datos del informe, las mujeres con jefes comprensivos y sensibles tienen un 5% menos de fatiga mental y estr\u00e9s y lo que es mejor, tienen un 6% m\u00e1s de vitalidad y un 10% menos de dificultad a la hora de concentrarse en el trabajo.<\/p>\n<h3><strong>La eficacia personal en las mujeres<\/strong><\/h3>\n<p>Seg\u00fan el informe mencionado para realizar este art\u00edculo, nada menos que el 64% de las mujeres que han teletrabajado ten\u00edan una buena\u00a0\u00a0<strong>autoestima<\/strong>\u00a0 (un 7% m\u00e1s que los hombres). La autoestima es imprescindible para poder afrontar estos momentos estresantes donde se necesita adem\u00e1s de persistencia, mucha fuerza mental para poder abarcar todas las responsabilidades sin entrar en ansiedad o ataque de p\u00e1nico a medida que pasan los d\u00edas.<\/p>\n<p>La autoestima en estas situaciones se refiere a saber de manera certera que con un esfuerzo personal se puede lidiar con la situaci\u00f3n laboral y del hogar al mismo tiempo. Es importante que para conseguirlo tambi\u00e9n se dedique tiempo a uno mismo para el cuidado personal y la relajaci\u00f3n. Es la \u00fanica manera de poder cargar pilas y poder con todo.<\/p>\n<p>Por otra parte, nada menos que un 42% de las mujeres han percibido un riesgo de inseguridad en su trabajo (perder el trabajo actual, dificultad para encontrar un trabajo similar, la disminuci\u00f3n del salario por disminuci\u00f3n de horas laborales, etc.). Las mujeres superan con creces la inseguridad de los hombres en este mismo aspecto que es del 8% aspecto muy relevante y que nos hace cuestionar la estabilidad laboral de muchas mujeres y el \u00e1mbito en el que una gran mayor\u00eda realizan su trabajo.<\/p>\n<h3><strong>La incerteza del futuro<\/strong><\/h3>\n<p>En la actualidad, no sabemos realmente si volveremos a entrar en un confinamiento como lo vivimos hace unos meses, lo que s\u00ed podemos dejar claro es que estos datos nos ayudan a entender\u00a0<a href=\"https:\/\/www.womanessentia.com\/autoestima-o-como-manejar-mis-creencias-para-mi-desarrollo\/\">la importancia de la fuerza mental<\/a>\u00a0para poder asumir todas las responsabilidades dentro del hogar, la importancia de tener ayuda en las responsabilidades, de delegar tareas para no entrar en saturaci\u00f3n mental, de poder contar con momentos de cuidado personal y de relajaci\u00f3n y no solo estar al frente de todas las responsabilidades continuamente.<\/p>\n<p>En este sentido, aunque no se sabe si muchas de las personas que hoy van a sus puestos de trabajo tendr\u00e1n que teletrabajar de nuevo al cuidado de su hogar e hijos durante 24 horas ininterrumpidas, lo que s\u00ed sabemos ahora es la importancia de trabajar la autoestima y la fuerza interna.<\/p>\n<p>Esperemos que no volvamos al confinamiento, que ha puesto de relieve la necesidad real de una verdadera conciliaci\u00f3n, y ha sacado a la luz los problemas no resueltos de la misma.<\/p>\n<p><a href=\"https:\/\/www.womanessentia.com\/author\/maria-jose-roldan\/\">Mar\u00eda Jos\u00e9 Rold\u00e1n<\/a><\/p>\n<div id=\"telet-1897738530\" class=\"telet-despues-del-contenido telet-entity-placement\"><a target=\"_blank\" href=\"\/\/aff.lucushost.com\/resources\/click\/?n=gDxoXMAJ&aff=756\"><img decoding=\"async\" border=\"0\" alt=\"LucusHost, el mejor hosting\" src=\"\/\/aff.lucushost.com\/resources\/banners\/?zoneid=5123&n=gDxoXMAJ&aff=756\" \/><\/a><\/div>","protected":false},"excerpt":{"rendered":"<p>Las mujeres son grandes guerreras, que junto con aquellos que la rodean y forman parte de su vida, luchan cada d\u00eda por mejorar su vida y la de su familia.&hellip; <\/p>\n","protected":false},"author":1,"featured_media":2197,"comment_status":"open","ping_status":"open","sticky":false,"template":"","format":"standard","meta":{"_jetpack_memberships_contains_paid_content":false,"footnotes":"","_links_to":"","_links_to_target":""},"categories":[5],"tags":[15,14],"class_list":["post-6223","post","type-post","status-publish","format-standard","has-post-thumbnail","hentry","category-conciliacion","tag-fuprisa","tag-jose-manuel-fuentes-prieto"],"nelio_content":{"autoShareEndMode":"never","automationSources":{"useCustomSentences":false,"customSentences":[]},"efiAlt":"","efiUrl":"","followers":[1],"highlights":[],"isAutoShareEnabled":true,"networkImageIds":[],"permalinkQueryArgs":[],"series":[],"suggestedReferences":[]},"jetpack_featured_media_url":"https:\/\/teletrabajoynegocios.com\/telesecretarias\/wp-content\/uploads\/sites\/2\/2020\/10\/3976.jpg","jetpack_sharing_enabled":true,"_links":{"self":[{"href":"https:\/\/teletrabajoynegocios.com\/telesecretarias\/wp-json\/wp\/v2\/posts\/6223","targetHints":{"allow":["GET"]}}],"collection":[{"href":"https:\/\/teletrabajoynegocios.com\/telesecretarias\/wp-json\/wp\/v2\/posts"}],"about":[{"href":"https:\/\/teletrabajoynegocios.com\/telesecretarias\/wp-json\/wp\/v2\/types\/post"}],"author":[{"embeddable":true,"href":"https:\/\/teletrabajoynegocios.com\/telesecretarias\/wp-json\/wp\/v2\/users\/1"}],"replies":[{"embeddable":true,"href":"https:\/\/teletrabajoynegocios.com\/telesecretarias\/wp-json\/wp\/v2\/comments?post=6223"}],"version-history":[{"count":1,"href":"https:\/\/teletrabajoynegocios.com\/telesecretarias\/wp-json\/wp\/v2\/posts\/6223\/revisions"}],"predecessor-version":[{"id":6224,"href":"https:\/\/teletrabajoynegocios.com\/telesecretarias\/wp-json\/wp\/v2\/posts\/6223\/revisions\/6224"}],"wp:featuredmedia":[{"embeddable":true,"href":"https:\/\/teletrabajoynegocios.com\/telesecretarias\/wp-json\/wp\/v2\/media\/2197"}],"wp:attachment":[{"href":"https:\/\/teletrabajoynegocios.com\/telesecretarias\/wp-json\/wp\/v2\/media?parent=6223"}],"wp:term":[{"taxonomy":"category","embeddable":true,"href":"https:\/\/teletrabajoynegocios.com\/telesecretarias\/wp-json\/wp\/v2\/categories?post=6223"},{"taxonomy":"post_tag","embeddable":true,"href":"https:\/\/teletrabajoynegocios.com\/telesecretarias\/wp-json\/wp\/v2\/tags?post=6223"}],"curies":[{"name":"wp","href":"https:\/\/api.w.org\/{rel}","templated":true}]}}