{"id":6552,"date":"2021-11-15T17:16:35","date_gmt":"2021-11-15T16:16:35","guid":{"rendered":"https:\/\/teletrabajoynegocios.com\/telesecretarias\/?p=6552"},"modified":"2021-11-11T17:22:09","modified_gmt":"2021-11-11T16:22:09","slug":"evernote-que-es-y-para-que-sirve","status":"publish","type":"post","link":"https:\/\/teletrabajoynegocios.com\/telesecretarias\/evernote-que-es-y-para-que-sirve\/","title":{"rendered":"Evernote \u00bfQu\u00e9 es y para qu\u00e9 sirve?"},"content":{"rendered":"<div id=\"telet-397693030\" class=\"telet-antes-del-contenido telet-entity-placement\"><a href=\"https:\/\/quaderno.io\/?via=jose-manuel94\" aria-label=\"Quaderno General (Spanish) &#8211; 728&#215;90\"><img loading=\"lazy\" decoding=\"async\" src=\"https:\/\/teletrabajoynegocios.com\/telesecretarias\/wp-content\/uploads\/sites\/2\/2020\/11\/Quaderno-General-Spanish-728x90-1.png\" alt=\"\"  srcset=\"https:\/\/teletrabajoynegocios.com\/telesecretarias\/wp-content\/uploads\/sites\/2\/2020\/11\/Quaderno-General-Spanish-728x90-1.png 728w, https:\/\/teletrabajoynegocios.com\/telesecretarias\/wp-content\/uploads\/sites\/2\/2020\/11\/Quaderno-General-Spanish-728x90-1-300x37.png 300w\" sizes=\"(max-width: 728px) 100vw, 728px\" width=\"728\" height=\"90\"   \/><\/a><\/div><p><a href=\"http:\/\/evernote.grsm.io\/AndreaCollazo\"><strong>Evernote<\/strong>\u00a0<\/a>es\u00a0una\u00a0herramienta\u00a0web\u00a02.0 que te permite almacenar informaci\u00f3n, para poder acceder a ella y utilizarla desde cualquier ordenador, lugar y\/o dispositivo m\u00f3vil con acceso a Internet.<\/p>\n<p>Me gusta definir a \u00a0<strong>Evernote<\/strong>\u00a0como un espacio de trabajo, que permite descargar la mente, dej\u00e1ndola liberada para crear, pensar, idear.<\/p>\n<p>Esta herramienta te permitir\u00e1 ganar el tiempo que se pierde habitualmente buscando notas, lecturas pendientes, ese mail s\u00faper importante, etc.<\/p>\n<p>En definitiva,\u00a0<strong>Evernote<\/strong>, te ayuda a recopilar, organizar, recordar, encontrar.<\/p>\n<h2><span id=\"Por_que_usar_Evernote\">\u00bfPor qu\u00e9 usar Evernote?<\/span><\/h2>\n<p>Te recomiendo utilizar\u00a0<strong>Evernote<\/strong>\u00a0porque permite guardar todo tipo de informaci\u00f3n y mantenerla ordenada y accesible de manera muy sencilla.<\/p>\n<p>Es una herramienta web que facilita la flexibilidad tan necesaria en las nuevas formas de trabajo, en cualquier lugar y en cualquier sitio puedes tener tu oficina.<\/p>\n<p>Es como una caja donde puedes ir guardando todas las notas mentales (o de post-its), incluso de voz, o im\u00e1genes, por ejemplo:<\/p>\n<ul>\n<li>Horarios.<\/li>\n<li>Documentos para leer m\u00e1s tarde.<\/li>\n<li>Reuniones del trabajo.<\/li>\n<li>Notas del proyecto que est\u00e1s desarrollando.<\/li>\n<li>Ideas \u00fatiles que se te acaban de ocurrir.<\/li>\n<li>Emails para leer m\u00e1s tarde.<\/li>\n<li>Enlaces interesantes que est\u00e1s viendo en el navegador.<\/li>\n<li>Im\u00e1genes para documentar alg\u00fan tema espec\u00edfico.<\/li>\n<li>Libros interesantes que te gustar\u00eda conocer.<\/li>\n<\/ul>\n<p><strong>Evernote<\/strong>\u00a0se puede utilizar en cualquier momento, a medida que van surgiendo las ideas (en casa, en el metro, en la calle, en la oficina, o donde sea).<\/p>\n<p>Y adem\u00e1s permite\u00a0<strong>clasificar y etiquetar las notas para\u00a0<\/strong>encontrarlas f\u00e1cilmente m\u00e1s tarde..<\/p>\n<h2><span id=\"Que_puedes_hacer_con_Evernote\">\u00bfQu\u00e9 puedes hacer con Evernote?<\/span><\/h2>\n<p><strong>Evernote<\/strong>\u00a0es la herramienta ideal para<\/p>\n<ul>\n<li>Gestionar la gran carga de informaci\u00f3n que se genera y se recibe diariamente.<\/li>\n<\/ul>\n<ul>\n<li>Utilizar como un\u00a0<strong>contenedor de informaci\u00f3n<\/strong>\u00a0de todo tipo de datos: imagen, audio, v\u00eddeo, mails, dictados, manuscritos, enlaces, capturas, etc.<\/li>\n<\/ul>\n<ul>\n<li><strong>Encontrar f\u00e1cilmente<\/strong>\u00a0todo lo almacenado dentro de este gran espacio.<\/li>\n<\/ul>\n<ul>\n<li><strong>Acceder\u00a0<\/strong>desde cualquier sitio, nunca te olvidar\u00e1s tus apuntes.<\/li>\n<\/ul>\n<h2><span id=\"Que_funciones_incluye_Evernote\">\u00bfQu\u00e9 funciones incluye Evernote?<\/span><\/h2>\n<p>Diariamente recibes y generas una\u00a0<strong>gran cantidad de informaci\u00f3n<\/strong>, que proviene desde muchas\u00a0<strong>fuentes distintas<\/strong><\/p>\n<p>T<strong>omas notas<\/strong>\u00a0en diversa situaciones, para revisar lo hablado o las tareas a realizar etc..<\/p>\n<p>Puedes necesitar compartir notas, averiguaciones, enlaces etc., con compa\u00f1eros, colaboradores familia.<\/p>\n<p>Muchas veces necesitas\u00a0<strong>preparar una presentaci\u00f3n r\u00e1pida<\/strong>\u00a0de lo averiguado.<\/p>\n<p>Para todas estas necesidades puede servir\u00a0<strong>Evernote<\/strong>.<\/p>\n<table width=\"570\">\n<tbody>\n<tr>\n<td width=\"149\"><strong>Escribir<\/strong><\/td>\n<td width=\"157\"><strong>Recopilar<\/strong><\/td>\n<td width=\"142\"><strong>Compartir<\/strong><\/td>\n<td width=\"121\"><strong>Presentar<\/strong><\/td>\n<\/tr>\n<tr>\n<td width=\"149\">Crea desde listas cortas hasta investigaciones m\u00e1s largas.<\/td>\n<td width=\"157\">Guarda todo lo que importa. Captura art\u00edculos de Internet o notas escritas a mano y saca fotos para no perder en ning\u00fan momento la informaci\u00f3n de tus proyectos, ya sea en soporte f\u00edsico o digital<\/td>\n<td width=\"142\">Conecta tu trabajo con otras personas del equipo. Comun\u00edcate, colabora y comparte en tiempo real.<\/td>\n<td width=\"121\">Con un solo clic tus notas se transforman en un bonito dise\u00f1o de presentaci\u00f3n\u00a0 adaptado a la pantalla del dispositivo que est\u00e9s utilizando.<\/td>\n<\/tr>\n<\/tbody>\n<\/table>\n<p>&nbsp;<\/p>\n<h2><span id=\"Evernote_para_almacenar_todo_tipo_de_informacion\">Evernote para almacenar todo tipo de informaci\u00f3n<\/span><\/h2>\n<p><strong><a href=\"http:\/\/evernote.grsm.io\/AndreaCollazo\">Evernote<\/a><\/strong>\u00a0est\u00e1 pensada como una soluci\u00f3n integral para gestionar la informaci\u00f3n.<\/p>\n<p>Todo se almacena en libretas (de notas) y puedes abrir tantas como necesites. (Equiparable a las carpetas del ordenador) para organizar la informaci\u00f3n seg\u00fan prefieras, por ej.: temas de investigaci\u00f3n, proyectos, clientes, familiares, etc.<\/p>\n<p>Dentro de estas libretas puedes archivar notas, simples textos o cualquiera de las posibilidades mencionadas.<\/p>\n<p>Toda la informaci\u00f3n se puede etiquetar, para facilitar luego la b\u00fasqueda, de modo que luego la puedas encontrar tanto en la libreta de su tema, como por medio de las etiquetas que se le asignen.<\/p>\n<hr \/>\n<p><img decoding=\"async\" src=\"https:\/\/teletrabajoynegocios.com\/teletrabajador\/wp-content\/uploads\/sites\/3\/2020\/07\/articulos.png\" \/><\/p>\n<div class=\"wp-rss-template-container\" data-wpra-template=\"default\" data-template-ctx=\"eyJ0ZW1wbGF0ZSI6IkRlZmF1bHQifQ==\">\n    <div class=\"wp-rss-aggregator wpra-list-template  \" data-page=\"1\">\n    \n    \n<ul class=\"wpra-item-list rss-aggregator wpra-item-list--bullets wpra-item-list--default\"\n    start=\"1\">\n                        <li class=\"wpra-item feed-item \">\n            \n            \n\n    <a  href=\"https:\/\/distritoemprendedores.com\/blog\/2026\/03\/16\/hello-world\/\" target=\"_blank\" rel=\"nofollow\" class=\"\">Hello world!<\/a>\n\n\n\n\n\n\n<div class=\"wprss-feed-meta\">\n            <span class=\"feed-source\">\n            Source:\n\n                            Distrito Emprendedores\n                    <\/span>\n    \n            <span class=\"feed-date\">\n            Published on 2026-03-16\n        <\/span>\n    \n    <\/div>\n\n\n\n\n\n            \n        <\/li>\n                    <li class=\"wpra-item feed-item \">\n            \n            \n\n    <a  href=\"https:\/\/www.dropbox.com\/scl\/fi\/b6csvpbfxu24vaezmo3es\/62bed0634df20e5ef35346439fdd423f_franquicias.pdf?rlkey=mfp2795s4n89mw35l0yeu2vl5&amp;e=2&amp;st=57kabuy0&amp;dl=0#new_tab\" target=\"_blank\" rel=\"nofollow\" class=\"\">Las franquicias espa\u00f1olas duplican su presencia en mercados for\u00e1neos<\/a>\n\n\n\n\n\n\n<div class=\"wprss-feed-meta\">\n            <span class=\"feed-source\">\n            Source:\n\n                            Distrito Emprendedores\n                    <\/span>\n    \n            <span class=\"feed-date\">\n            Published on 2026-03-11\n        <\/span>\n    \n    <\/div>\n\n\n\n\n\n            \n        <\/li>\n                    <li class=\"wpra-item feed-item \">\n            \n            \n\n    <a  href=\"https:\/\/distritoemprendedores.es\/blog\/5-errores-fatales-al-internacionalizar-tu-franquicia\/\" target=\"_blank\" rel=\"nofollow\" class=\"\">5 errores fatales al internacionalizar tu franquicia<\/a>\n\n\n\n\n\n\n<div class=\"wprss-feed-meta\">\n            <span class=\"feed-source\">\n            Source:\n\n                            Distrito Emprendedores\n                    <\/span>\n    \n            <span class=\"feed-date\">\n            Published on 2026-03-10\n        <\/span>\n    \n    <\/div>\n\n\n\n\n\n            \n        <\/li>\n                    <li class=\"wpra-item feed-item \">\n            \n            \n\n    <a  href=\"https:\/\/distritoemprendedores.es\/blog\/un-nuevo-prime-time-para-las-marcas-afterwork-tardeo-y-futbol-se-consolidan-como-los-grandes-motores-del-consumo-experiencial\/\" target=\"_blank\" rel=\"nofollow\" class=\"\">Un nuevo prime time para las marcas: afterwork, tardeo y f\u00fatbol se consolidan como los grandes motores del consumo experiencial<\/a>\n\n\n\n\n\n\n<div class=\"wprss-feed-meta\">\n            <span class=\"feed-source\">\n            Source:\n\n                            Distrito Emprendedores\n                    <\/span>\n    \n            <span class=\"feed-date\">\n            Published on 2026-03-09\n        <\/span>\n    \n    <\/div>\n\n\n\n\n\n            \n        <\/li>\n                    <li class=\"wpra-item feed-item \">\n            \n            \n\n    <a  href=\"https:\/\/distritoemprendedores.es\/blog\/la-ventaja-competitiva-esta-en-entender-como-pregunta-el-consumidor\/\" target=\"_blank\" rel=\"nofollow\" class=\"\">La ventaja competitiva est\u00e1 en entender c\u00f3mo pregunta el consumidor<\/a>\n\n\n\n\n\n\n<div class=\"wprss-feed-meta\">\n            <span class=\"feed-source\">\n            Source:\n\n                            Distrito Emprendedores\n                    <\/span>\n    \n            <span class=\"feed-date\">\n            Published on 2026-03-08\n        <\/span>\n    \n    <\/div>\n\n\n\n\n\n            \n        <\/li>\n                    <li class=\"wpra-item feed-item \">\n            \n            \n\n    <a  href=\"https:\/\/distritoemprendedores.es\/blog\/solo-el-7-de-los-espanoles-cree-a-las-marcas-cuando-comunican-sus-valores-con-hechos-demostrables\/\" target=\"_blank\" rel=\"nofollow\" class=\"\">Solo el 7% de los espa\u00f1oles cree a las marcas cuando comunican sus valores con hechos demostrables<\/a>\n\n\n\n\n\n\n<div class=\"wprss-feed-meta\">\n            <span class=\"feed-source\">\n            Source:\n\n                            Distrito Emprendedores\n                    <\/span>\n    \n            <span class=\"feed-date\">\n            Published on 2026-03-07\n        <\/span>\n    \n    <\/div>\n\n\n\n\n\n            \n        <\/li>\n                    <li class=\"wpra-item feed-item \">\n            \n            \n\n    <a  href=\"https:\/\/distritoemprendedores.es\/blog\/el-38-de-las-empresas-creadas-en-2019-ha-echado-ya-el-cierre\/\" target=\"_blank\" rel=\"nofollow\" class=\"\">El 38% de las empresas creadas en 2019 ha echado ya el cierre<\/a>\n\n\n\n\n\n\n<div class=\"wprss-feed-meta\">\n            <span class=\"feed-source\">\n            Source:\n\n                            Distrito Emprendedores\n                    <\/span>\n    \n            <span class=\"feed-date\">\n            Published on 2026-03-06\n        <\/span>\n    \n    <\/div>\n\n\n\n\n\n            \n        <\/li>\n                    <li class=\"wpra-item feed-item \">\n            \n            \n\n    <a  href=\"https:\/\/distritoemprendedores.es\/blog\/descubre-las-oportunidades-y-tendencias-en-el-mercado-de-la-franquicia-para-2026\/\" target=\"_blank\" rel=\"nofollow\" class=\"\">Descubre las oportunidades y tendencias en el mercado de la franquicia para 2026<\/a>\n\n\n\n\n\n\n<div class=\"wprss-feed-meta\">\n            <span class=\"feed-source\">\n            Source:\n\n                            Distrito Emprendedores\n                    <\/span>\n    \n            <span class=\"feed-date\">\n            Published on 2026-03-05\n        <\/span>\n    \n    <\/div>\n\n\n\n\n\n            \n        <\/li>\n                    <li class=\"wpra-item feed-item \">\n            \n            \n\n    <a  href=\"https:\/\/distritoemprendedores.es\/blog\/las-startups-de-salud-mas-punteras-del-mundo\/\" target=\"_blank\" rel=\"nofollow\" class=\"\">Las startups de salud m\u00e1s punteras del mundo<\/a>\n\n\n\n\n\n\n<div class=\"wprss-feed-meta\">\n            <span class=\"feed-source\">\n            Source:\n\n                            Distrito Emprendedores\n                    <\/span>\n    \n            <span class=\"feed-date\">\n            Published on 2026-03-04\n        <\/span>\n    \n    <\/div>\n\n\n\n\n\n            \n        <\/li>\n                    <li class=\"wpra-item feed-item \">\n            \n            \n\n    <a  href=\"https:\/\/distritoemprendedores.es\/blog\/puesta-en-marcha-de-un-negocio-primeros-pasos-para-validar-vender-y-controlar-la-tesoreria\/\" target=\"_blank\" rel=\"nofollow\" class=\"\">Puesta en marcha de un negocio: primeros pasos para validar, vender y controlar la tesorer\u00eda<\/a>\n\n\n\n\n\n\n<div class=\"wprss-feed-meta\">\n            <span class=\"feed-source\">\n            Source:\n\n                            Distrito Emprendedores\n                    <\/span>\n    \n            <span class=\"feed-date\">\n            Published on 2026-03-03\n        <\/span>\n    \n    <\/div>\n\n\n\n\n\n            \n        <\/li>\n                    <li class=\"wpra-item feed-item \">\n            \n            \n\n    <a  href=\"https:\/\/distritoemprendedores.es\/blog\/6-franquicias-sin-apenas-competencia-en-el-mercado\/\" target=\"_blank\" rel=\"nofollow\" class=\"\">6 franquicias sin apenas competencia en el mercado<\/a>\n\n\n\n\n\n\n<div class=\"wprss-feed-meta\">\n            <span class=\"feed-source\">\n            Source:\n\n                            Distrito Emprendedores\n                    <\/span>\n    \n            <span class=\"feed-date\">\n            Published on 2026-03-02\n        <\/span>\n    \n    <\/div>\n\n\n\n\n\n            \n        <\/li>\n                    <li class=\"wpra-item feed-item \">\n            \n            \n\n    <a  href=\"https:\/\/digistorage.es\/links\/71d78951-a420-4f5b-8de6-7b35ae7efc1c#new_tab\" target=\"_blank\" rel=\"nofollow\" class=\"\">Los algoritmos amenazan con filtrar las confesiones realizadas al abogado<\/a>\n\n\n\n\n\n\n<div class=\"wprss-feed-meta\">\n            <span class=\"feed-source\">\n            Source:\n\n                            Distrito Emprendedores\n                    <\/span>\n    \n            <span class=\"feed-date\">\n            Published on 2026-03-01\n        <\/span>\n    \n    <\/div>\n\n\n\n\n\n            \n        <\/li>\n                    <li class=\"wpra-item feed-item \">\n            \n            \n\n    <a  href=\"https:\/\/distritoemprendedores.es\/blog\/las-startups-que-mas-innovan-en-el-mundo\/\" target=\"_blank\" rel=\"nofollow\" class=\"\">Las startups que m\u00e1s innovan en el mundo<\/a>\n\n\n\n\n\n\n<div class=\"wprss-feed-meta\">\n            <span class=\"feed-source\">\n            Source:\n\n                            Distrito Emprendedores\n                    <\/span>\n    \n            <span class=\"feed-date\">\n            Published on 2026-02-28\n        <\/span>\n    \n    <\/div>\n\n\n\n\n\n            \n        <\/li>\n                    <li class=\"wpra-item feed-item \">\n            \n            \n\n    <a  href=\"https:\/\/distritoemprendedores.es\/blog\/tiktok-genera-31-000-millones-de-euros-para-las-empresas-europeas-y-3-000-millones-en-espana\/\" target=\"_blank\" rel=\"nofollow\" class=\"\">TikTok genera 31.000 millones de euros para las empresas europeas y 3.000 millones en Espa\u00f1a<\/a>\n\n\n\n\n\n\n<div class=\"wprss-feed-meta\">\n            <span class=\"feed-source\">\n            Source:\n\n                            Distrito Emprendedores\n                    <\/span>\n    \n            <span class=\"feed-date\">\n            Published on 2026-02-27\n        <\/span>\n    \n    <\/div>\n\n\n\n\n\n            \n        <\/li>\n                    <li class=\"wpra-item feed-item \">\n            \n            \n\n    <a  href=\"https:\/\/distritoemprendedores.es\/blog\/amazon-planea-un-marketplace-para-hacer-de-puente-entre-los-publishers-y-las-empresas-de-ia\/\" target=\"_blank\" rel=\"nofollow\" class=\"\">Amazon planea un \u00abmarketplace\u00bb para hacer de puente entre los \u00abpublishers\u00bb y las empresas de IA<\/a>\n\n\n\n\n\n\n<div class=\"wprss-feed-meta\">\n            <span class=\"feed-source\">\n            Source:\n\n                            Distrito Emprendedores\n                    <\/span>\n    \n            <span class=\"feed-date\">\n            Published on 2026-02-26\n        <\/span>\n    \n    <\/div>\n\n\n\n\n\n            \n        <\/li>\n        <\/ul>\n\n        \n<\/div>\n\n<\/div>\n\n<hr \/>\n<h2><span id=\"Otras_ideas_para_guardar_informacion_en_Evernote\">Otras ideas para guardar informaci\u00f3n en Evernote<\/span><\/h2>\n<p><strong>Evernote<\/strong>\u00a0tiene muchas funciones especiales, para el tratamiento de todo tipo de datos, esto abre un abanico de posibilidades muy interesante a la hora archivar la informaci\u00f3n.<\/p>\n<ul>\n<li>Puedes tratar los mails recibidos, etiquetarlos para facilitar su b\u00fasqueda,\u00a0<strong>al guardar los mail se guardan tambi\u00e9n los adjuntos.<\/strong><\/li>\n<\/ul>\n<ul>\n<li>Adem\u00e1s de la simplicidad para guardar im\u00e1genes,\u00a0<strong>puedes agruparlas todas en una nota.<\/strong><\/li>\n<\/ul>\n<ul>\n<li>Es posible tambi\u00e9n guardar\u00a0<strong>enlaces de internet<\/strong>\u00a0que encuentres navegando por la red y puedan ser interesantes, para esto hay que instalar la extensi\u00f3n\u00a0<strong>WebClipper<\/strong>\u00a0en el<\/li>\n<\/ul>\n<ul>\n<li>Por otra parte, puedes\u00a0<strong>gestionar listas de tareas<\/strong>\u00a0muy f\u00e1cilmente, asign\u00e1ndolas a su vez a la\u00a0<strong>libreta correspondiente<\/strong>\u00a0y colocar\u00a0<strong>recordatorios<\/strong>.<\/li>\n<\/ul>\n<ul>\n<li>Su sistema de reconocimiento de texto puede resultar de mucha utilidad en algunos casos, por ejemplo si\u00a0<strong>fotograf\u00edas un documento, puede identificar las palabras que contiene<\/strong>. Tambi\u00e9n funciona si obtienes una imagen de un cartel, por ej. en la calle o en la carretera.<\/li>\n<\/ul>\n<ul>\n<li>Otra funci\u00f3n que resulta muy \u00fatil es la de\u00a0<strong>reconocimiento del texto de notas manuscritas<\/strong>, aunque depende un poco de la calidad de la caligraf\u00eda. Estas palabras tambi\u00e9n se tienen en cuenta a la hora de realizar una b\u00fasqueda<strong>.<\/strong><\/li>\n<\/ul>\n<h2><span id=\"Buscar_y_encontrar_todo_lo_archivado_muy_facil\">Buscar y encontrar todo lo archivado, muy f\u00e1cil<\/span><\/h2>\n<p>Con todas las posibilidades de guardar informaci\u00f3n que brinda\u00a0<strong>Evernote<\/strong>, es necesario que la recuperaci\u00f3n de los datos guardados sea muy efectiva, para ello\u00a0<strong>Evernote<\/strong>\u00a0cuenta con un potente sistema de archivo y un buscador.<\/p>\n<ul>\n<li>La informaci\u00f3n se organiza mediante las libretas y las etiquetas, aunque los t\u00edtulos tambi\u00e9n se incluyen en las b\u00fasquedas, es decir, a la hora de guardar las notas se deben crear t\u00edtulos que luego ayuden a encontrar el contenido.<\/li>\n<\/ul>\n<ul>\n<li>Las etiquetas sirven para catalogar una nota, por ejemplo, seg\u00fan la reuni\u00f3n en la que se produjo, el tipo de documento adjunto, los temas que se tratan o el proyecto al que pertenece.<\/li>\n<\/ul>\n<ul>\n<li>Las libretas sirven para agrupar grandes temas, tambi\u00e9n es posible luego agrupar libretas (sub-libretas).<\/li>\n<\/ul>\n<ul>\n<li>La b\u00fasqueda se basa en las etiquetas y en las libretas, pero tambi\u00e9n en los textos contenidos en las notas y documentos adjuntos, es posible encontrar una determinada palabra dentro de toda la informaci\u00f3n que forman los emails, p\u00e1ginas web, archivos y anotaciones manuscritas.<\/li>\n<li>La versi\u00f3n de pago habilita esta funci\u00f3n tambi\u00e9n dentro de archivos Word o PDF.<\/li>\n<\/ul>\n<h2><span id=\"Acceder_a_las_notas_en_cualquier_dispositivo_y_lugar_del_mundo\">Acceder a las notas, en cualquier dispositivo y lugar del mundo<\/span><\/h2>\n<p>Otra gran ventaja de\u00a0<strong>Evernote<\/strong>\u00a0es que est\u00e1 disponible:<\/p>\n<ul>\n<li>Como aplicaci\u00f3n Web.<\/li>\n<li>Como aplicaci\u00f3n de ordenador.<\/li>\n<li>Como aplicaci\u00f3n para tablets y m\u00f3viles.<\/li>\n<\/ul>\n<p>Esto facilita el mantener siempre las notas actualizadas y sincronizadas.<\/p>\n<p>Con\u00a0<strong>Evernote<\/strong>\u00a0 puedes tomar notas en el m\u00f3vil o tablet mientras est\u00e1s fuera de casa o la oficina.<\/p>\n<p>Algo muy usual, por\u00a0 ejemplo, es aprovechar los viajes y esperas para leer en los dispositivos m\u00f3viles todo lo que has guardado en tu almac\u00e9n de notas.<\/p>\n<h2><span id=\"Los_recordatorios_de_Evernote\">Los recordatorios de Evernote<\/span><\/h2>\n<p>Los recordatorios son la otra gran utilidad de\u00a0<strong>Evernote<\/strong>.<\/p>\n<p>La aplicaci\u00f3n permite incluir un\u00a0<strong>recordatorio<\/strong>\u00a0en las notas, es decir se puede agregar una fecha para que te env\u00ede un mail de aviso en esa fecha.<\/p>\n<p>Estos\u00a0<strong>recordatorios<\/strong>\u00a0est\u00e1n a la vista cuando accedes a\u00a0<strong>Evernote,\u00a0<\/strong>y cuando la tarea se completa o vence se puede borrar el recordatorio.<\/p>\n<h2><span id=\"En_resumen_todo_lo_que_Evernote_facilita\">En resumen \u2013 todo lo que Evernote facilita<\/span><\/h2>\n<ul>\n<li>Guardar todo tipo de informaci\u00f3n: emails, documentos, enlaces Web.<\/li>\n<li>Anotar tus ideas en cuanto surjan.<\/li>\n<li>Documentar con im\u00e1genes las notas.<\/li>\n<li>Dictar y guardar en formato audio o texto.<\/li>\n<li>Organizar todos los contenidos.<\/li>\n<li>Encontrar todo lo que has guardado en un segundo.<\/li>\n<li>Recordar fechas importantes.<\/li>\n<\/ul>\n<p>Tener la libertad de hacerlo en cualquier tipo de dispositivo y en cualquier lugar.<\/p>\n<p>Para introducirte un poco m\u00e1s en el uso te recomiendo releer este art\u00edculo sobre\u00a0<a href=\"https:\/\/profesoradeinformatica.com\/como-usar-evernote\/\" target=\"_blank\" rel=\"noopener noreferrer\">Evernote<\/a><\/p>\n<p><a href=\"https:\/\/profesoradeinformatica.com\/\"><em>Profesora de Inform\u00e1tica<\/em><\/a><\/p>\n<div id=\"telet-2249602701\" class=\"telet-despues-del-contenido telet-entity-placement\"><a target=\"_blank\" href=\"\/\/aff.lucushost.com\/resources\/click\/?n=gDxoXMAJ&aff=756\"><img decoding=\"async\" border=\"0\" alt=\"LucusHost, el mejor hosting\" src=\"\/\/aff.lucushost.com\/resources\/banners\/?zoneid=5123&n=gDxoXMAJ&aff=756\" \/><\/a><\/div>","protected":false},"excerpt":{"rendered":"<p>Evernote\u00a0es\u00a0una\u00a0herramienta\u00a0web\u00a02.0 que te permite almacenar informaci\u00f3n, para poder acceder a ella y utilizarla desde cualquier ordenador, lugar y\/o dispositivo m\u00f3vil con acceso a Internet. Me gusta definir a \u00a0Evernote\u00a0como un&hellip; <\/p>\n","protected":false},"author":1,"featured_media":1904,"comment_status":"open","ping_status":"open","sticky":false,"template":"","format":"standard","meta":{"_jetpack_memberships_contains_paid_content":false,"footnotes":"","_links_to":"","_links_to_target":""},"categories":[9],"tags":[15,14],"class_list":["post-6552","post","type-post","status-publish","format-standard","has-post-thumbnail","hentry","category-ofimatica","tag-fuprisa","tag-jose-manuel-fuentes-prieto"],"nelio_content":{"autoShareEndMode":"never","automationSources":{"useCustomSentences":false,"customSentences":[]},"efiAlt":"","efiUrl":"","followers":[1],"highlights":[],"isAutoShareEnabled":true,"networkImageIds":[],"permalinkQueryArgs":[],"series":[],"suggestedReferences":[]},"jetpack_featured_media_url":"https:\/\/teletrabajoynegocios.com\/telesecretarias\/wp-content\/uploads\/sites\/2\/2020\/09\/mujer-leyendo.jpg","jetpack_sharing_enabled":true,"_links":{"self":[{"href":"https:\/\/teletrabajoynegocios.com\/telesecretarias\/wp-json\/wp\/v2\/posts\/6552","targetHints":{"allow":["GET"]}}],"collection":[{"href":"https:\/\/teletrabajoynegocios.com\/telesecretarias\/wp-json\/wp\/v2\/posts"}],"about":[{"href":"https:\/\/teletrabajoynegocios.com\/telesecretarias\/wp-json\/wp\/v2\/types\/post"}],"author":[{"embeddable":true,"href":"https:\/\/teletrabajoynegocios.com\/telesecretarias\/wp-json\/wp\/v2\/users\/1"}],"replies":[{"embeddable":true,"href":"https:\/\/teletrabajoynegocios.com\/telesecretarias\/wp-json\/wp\/v2\/comments?post=6552"}],"version-history":[{"count":1,"href":"https:\/\/teletrabajoynegocios.com\/telesecretarias\/wp-json\/wp\/v2\/posts\/6552\/revisions"}],"predecessor-version":[{"id":6553,"href":"https:\/\/teletrabajoynegocios.com\/telesecretarias\/wp-json\/wp\/v2\/posts\/6552\/revisions\/6553"}],"wp:featuredmedia":[{"embeddable":true,"href":"https:\/\/teletrabajoynegocios.com\/telesecretarias\/wp-json\/wp\/v2\/media\/1904"}],"wp:attachment":[{"href":"https:\/\/teletrabajoynegocios.com\/telesecretarias\/wp-json\/wp\/v2\/media?parent=6552"}],"wp:term":[{"taxonomy":"category","embeddable":true,"href":"https:\/\/teletrabajoynegocios.com\/telesecretarias\/wp-json\/wp\/v2\/categories?post=6552"},{"taxonomy":"post_tag","embeddable":true,"href":"https:\/\/teletrabajoynegocios.com\/telesecretarias\/wp-json\/wp\/v2\/tags?post=6552"}],"curies":[{"name":"wp","href":"https:\/\/api.w.org\/{rel}","templated":true}]}}