{"id":6655,"date":"2021-11-21T20:39:10","date_gmt":"2021-11-21T19:39:10","guid":{"rendered":"https:\/\/teletrabajoynegocios.com\/telesecretarias\/?p=6655"},"modified":"2021-11-21T20:46:32","modified_gmt":"2021-11-21T19:46:32","slug":"pereza","status":"publish","type":"post","link":"https:\/\/teletrabajoynegocios.com\/telesecretarias\/pereza\/","title":{"rendered":"Seg\u00fan la ciencia, cuanta m\u00e1s pereza hay en ti, m\u00e1s inteligente eres"},"content":{"rendered":"<div id=\"telet-1949525983\" class=\"telet-antes-del-contenido telet-entity-placement\"><a href=\"https:\/\/quaderno.io\/?via=jose-manuel94\" aria-label=\"Quaderno General (Spanish) &#8211; 728&#215;90\"><img loading=\"lazy\" decoding=\"async\" src=\"https:\/\/teletrabajoynegocios.com\/telesecretarias\/wp-content\/uploads\/sites\/2\/2020\/11\/Quaderno-General-Spanish-728x90-1.png\" alt=\"\"  srcset=\"https:\/\/teletrabajoynegocios.com\/telesecretarias\/wp-content\/uploads\/sites\/2\/2020\/11\/Quaderno-General-Spanish-728x90-1.png 728w, https:\/\/teletrabajoynegocios.com\/telesecretarias\/wp-content\/uploads\/sites\/2\/2020\/11\/Quaderno-General-Spanish-728x90-1-300x37.png 300w\" sizes=\"(max-width: 728px) 100vw, 728px\" width=\"728\" height=\"90\"   \/><\/a><\/div><p>\u00bfEs posible que las personas perezosas tengan una inteligencia m\u00e1s alta que el promedio? En este art\u00edculo veremos qu\u00e9 dice la ciencia al respecto.<\/p>\n<p class=\"jsx-1710225312 c--grey-neutral-800\">La pereza suele tener mala prensa porque se asocia con la falta de productividad y la p\u00e9rdida de tiempo. Sin embargo,\u00a0<strong>estudios recientes sugieren que las personas perezosas son m\u00e1s inteligentes que el promedio<\/strong>.<\/p>\n<p class=\"jsx-1710225312 c--grey-neutral-800\">En este sentido, todo parece apuntar a que la ciencia se halla ante un campo de trabajo nuevo e interesante. A continuaci\u00f3n haremos un recorrido por los resultados de este y otros estudios e indagaremos en las profundidades de la relaci\u00f3n entre pereza e inteligencia.<\/p>\n<h2 id=\"las-personas-perezosas-son-mas-inteligentes\" class=\"jsx-3692753319 jsx-2566528898 c--main-600  mt--x-big pt--normal\">\u00bfLas personas perezosas son m\u00e1s inteligentes?<\/h2>\n<p class=\"jsx-1710225312 c--grey-neutral-800\">Con frecuencia,\u00a0<strong>la gente relaciona la pereza con el fracaso acad\u00e9mico, laboral e incluso social<\/strong>. El razonamiento es que si alguien no est\u00e1 haciendo nada productivo, entonces es l\u00f3gico creer que fallar\u00e1. No obstante, estar en constante actividad no implica que siempre se tenga \u00e9xito. De hecho, en muchos casos, hay personas que hacen cosas porque tienen miedo a los espacios vac\u00edos o a la ociosidad.<\/p>\n<p class=\"jsx-1710225312 c--grey-neutral-800\">Hsee, Yang y Wang (2010) publicaron un\u00a0<a class=\"jsx-151512268 jsx-3387278544 default-a-link is--underline c--secondary-600 is--underline\" href=\"https:\/\/journals.sagepub.com\/doi\/abs\/10.1177\/0956797610374738\" target=\"_blank\" rel=\"noopener\" data-with-google-events=\"true\" data-google-events=\"{&quot;data&quot;:{&quot;action&quot;:&quot;click&quot;,&quot;category&quot;:&quot;Content&quot;,&quot;label&quot;:&quot;Related \/segun-la-ciencia-cuanta-mas-pereza-hay-en-ti-mas-inteligente-eres\/&quot;,&quot;value&quot;:&quot;https:\/\/journals.sagepub.com\/doi\/abs\/10.1177\/0956797610374738&quot;}}\">trabajo<\/a>\u00a0sobre la aversi\u00f3n a la ociosidad y la necesidad de estar ocupados. Los autores demostraron a trav\u00e9s de dos experimentos que cuando no hab\u00eda un motivo, las personas eleg\u00edan estar inactivas. Ahora bien, si hab\u00eda alguna tarea, aunque esta fuera in\u00fatil, se mov\u00edan para estar ocupadas sinti\u00e9ndose m\u00e1s felices. Incluso, este fen\u00f3meno se presentaba aun cuando las actividades eran impuestas como un deber.<\/p>\n<hr \/>\n<p><img decoding=\"async\" src=\"https:\/\/teletrabajoynegocios.com\/teletrabajador\/wp-content\/uploads\/sites\/3\/2020\/07\/articulos.png\" \/><\/p>\n<div class=\"wp-rss-template-container\" data-wpra-template=\"default\" data-template-ctx=\"eyJ0ZW1wbGF0ZSI6IkRlZmF1bHQifQ==\">\n    <div class=\"wp-rss-aggregator wpra-list-template  \" data-page=\"1\">\n    \n    \n<ul class=\"wpra-item-list rss-aggregator wpra-item-list--bullets wpra-item-list--default\"\n    start=\"1\">\n                        <li class=\"wpra-item feed-item \">\n            \n            \n\n    <a  href=\"https:\/\/distritoemprendedores.com\/blog\/2026\/03\/16\/hello-world\/\" target=\"_blank\" rel=\"nofollow\" class=\"\">Hello world!<\/a>\n\n\n\n\n\n\n<div class=\"wprss-feed-meta\">\n            <span class=\"feed-source\">\n            Source:\n\n                            Distrito Emprendedores\n                    <\/span>\n    \n            <span class=\"feed-date\">\n            Published on 2026-03-16\n        <\/span>\n    \n    <\/div>\n\n\n\n\n\n            \n        <\/li>\n                    <li class=\"wpra-item feed-item \">\n            \n            \n\n    <a  href=\"https:\/\/www.dropbox.com\/scl\/fi\/b6csvpbfxu24vaezmo3es\/62bed0634df20e5ef35346439fdd423f_franquicias.pdf?rlkey=mfp2795s4n89mw35l0yeu2vl5&amp;e=2&amp;st=57kabuy0&amp;dl=0#new_tab\" target=\"_blank\" rel=\"nofollow\" class=\"\">Las franquicias espa\u00f1olas duplican su presencia en mercados for\u00e1neos<\/a>\n\n\n\n\n\n\n<div class=\"wprss-feed-meta\">\n            <span class=\"feed-source\">\n            Source:\n\n                            Distrito Emprendedores\n                    <\/span>\n    \n            <span class=\"feed-date\">\n            Published on 2026-03-11\n        <\/span>\n    \n    <\/div>\n\n\n\n\n\n            \n        <\/li>\n                    <li class=\"wpra-item feed-item \">\n            \n            \n\n    <a  href=\"https:\/\/distritoemprendedores.es\/blog\/5-errores-fatales-al-internacionalizar-tu-franquicia\/\" target=\"_blank\" rel=\"nofollow\" class=\"\">5 errores fatales al internacionalizar tu franquicia<\/a>\n\n\n\n\n\n\n<div class=\"wprss-feed-meta\">\n            <span class=\"feed-source\">\n            Source:\n\n                            Distrito Emprendedores\n                    <\/span>\n    \n            <span class=\"feed-date\">\n            Published on 2026-03-10\n        <\/span>\n    \n    <\/div>\n\n\n\n\n\n            \n        <\/li>\n                    <li class=\"wpra-item feed-item \">\n            \n            \n\n    <a  href=\"https:\/\/distritoemprendedores.es\/blog\/un-nuevo-prime-time-para-las-marcas-afterwork-tardeo-y-futbol-se-consolidan-como-los-grandes-motores-del-consumo-experiencial\/\" target=\"_blank\" rel=\"nofollow\" class=\"\">Un nuevo prime time para las marcas: afterwork, tardeo y f\u00fatbol se consolidan como los grandes motores del consumo experiencial<\/a>\n\n\n\n\n\n\n<div class=\"wprss-feed-meta\">\n            <span class=\"feed-source\">\n            Source:\n\n                            Distrito Emprendedores\n                    <\/span>\n    \n            <span class=\"feed-date\">\n            Published on 2026-03-09\n        <\/span>\n    \n    <\/div>\n\n\n\n\n\n            \n        <\/li>\n                    <li class=\"wpra-item feed-item \">\n            \n            \n\n    <a  href=\"https:\/\/distritoemprendedores.es\/blog\/la-ventaja-competitiva-esta-en-entender-como-pregunta-el-consumidor\/\" target=\"_blank\" rel=\"nofollow\" class=\"\">La ventaja competitiva est\u00e1 en entender c\u00f3mo pregunta el consumidor<\/a>\n\n\n\n\n\n\n<div class=\"wprss-feed-meta\">\n            <span class=\"feed-source\">\n            Source:\n\n                            Distrito Emprendedores\n                    <\/span>\n    \n            <span class=\"feed-date\">\n            Published on 2026-03-08\n        <\/span>\n    \n    <\/div>\n\n\n\n\n\n            \n        <\/li>\n                    <li class=\"wpra-item feed-item \">\n            \n            \n\n    <a  href=\"https:\/\/distritoemprendedores.es\/blog\/solo-el-7-de-los-espanoles-cree-a-las-marcas-cuando-comunican-sus-valores-con-hechos-demostrables\/\" target=\"_blank\" rel=\"nofollow\" class=\"\">Solo el 7% de los espa\u00f1oles cree a las marcas cuando comunican sus valores con hechos demostrables<\/a>\n\n\n\n\n\n\n<div class=\"wprss-feed-meta\">\n            <span class=\"feed-source\">\n            Source:\n\n                            Distrito Emprendedores\n                    <\/span>\n    \n            <span class=\"feed-date\">\n            Published on 2026-03-07\n        <\/span>\n    \n    <\/div>\n\n\n\n\n\n            \n        <\/li>\n                    <li class=\"wpra-item feed-item \">\n            \n            \n\n    <a  href=\"https:\/\/distritoemprendedores.es\/blog\/el-38-de-las-empresas-creadas-en-2019-ha-echado-ya-el-cierre\/\" target=\"_blank\" rel=\"nofollow\" class=\"\">El 38% de las empresas creadas en 2019 ha echado ya el cierre<\/a>\n\n\n\n\n\n\n<div class=\"wprss-feed-meta\">\n            <span class=\"feed-source\">\n            Source:\n\n                            Distrito Emprendedores\n                    <\/span>\n    \n            <span class=\"feed-date\">\n            Published on 2026-03-06\n        <\/span>\n    \n    <\/div>\n\n\n\n\n\n            \n        <\/li>\n                    <li class=\"wpra-item feed-item \">\n            \n            \n\n    <a  href=\"https:\/\/distritoemprendedores.es\/blog\/descubre-las-oportunidades-y-tendencias-en-el-mercado-de-la-franquicia-para-2026\/\" target=\"_blank\" rel=\"nofollow\" class=\"\">Descubre las oportunidades y tendencias en el mercado de la franquicia para 2026<\/a>\n\n\n\n\n\n\n<div class=\"wprss-feed-meta\">\n            <span class=\"feed-source\">\n            Source:\n\n                            Distrito Emprendedores\n                    <\/span>\n    \n            <span class=\"feed-date\">\n            Published on 2026-03-05\n        <\/span>\n    \n    <\/div>\n\n\n\n\n\n            \n        <\/li>\n                    <li class=\"wpra-item feed-item \">\n            \n            \n\n    <a  href=\"https:\/\/distritoemprendedores.es\/blog\/las-startups-de-salud-mas-punteras-del-mundo\/\" target=\"_blank\" rel=\"nofollow\" class=\"\">Las startups de salud m\u00e1s punteras del mundo<\/a>\n\n\n\n\n\n\n<div class=\"wprss-feed-meta\">\n            <span class=\"feed-source\">\n            Source:\n\n                            Distrito Emprendedores\n                    <\/span>\n    \n            <span class=\"feed-date\">\n            Published on 2026-03-04\n        <\/span>\n    \n    <\/div>\n\n\n\n\n\n            \n        <\/li>\n                    <li class=\"wpra-item feed-item \">\n            \n            \n\n    <a  href=\"https:\/\/distritoemprendedores.es\/blog\/puesta-en-marcha-de-un-negocio-primeros-pasos-para-validar-vender-y-controlar-la-tesoreria\/\" target=\"_blank\" rel=\"nofollow\" class=\"\">Puesta en marcha de un negocio: primeros pasos para validar, vender y controlar la tesorer\u00eda<\/a>\n\n\n\n\n\n\n<div class=\"wprss-feed-meta\">\n            <span class=\"feed-source\">\n            Source:\n\n                            Distrito Emprendedores\n                    <\/span>\n    \n            <span class=\"feed-date\">\n            Published on 2026-03-03\n        <\/span>\n    \n    <\/div>\n\n\n\n\n\n            \n        <\/li>\n                    <li class=\"wpra-item feed-item \">\n            \n            \n\n    <a  href=\"https:\/\/distritoemprendedores.es\/blog\/6-franquicias-sin-apenas-competencia-en-el-mercado\/\" target=\"_blank\" rel=\"nofollow\" class=\"\">6 franquicias sin apenas competencia en el mercado<\/a>\n\n\n\n\n\n\n<div class=\"wprss-feed-meta\">\n            <span class=\"feed-source\">\n            Source:\n\n                            Distrito Emprendedores\n                    <\/span>\n    \n            <span class=\"feed-date\">\n            Published on 2026-03-02\n        <\/span>\n    \n    <\/div>\n\n\n\n\n\n            \n        <\/li>\n                    <li class=\"wpra-item feed-item \">\n            \n            \n\n    <a  href=\"https:\/\/digistorage.es\/links\/71d78951-a420-4f5b-8de6-7b35ae7efc1c#new_tab\" target=\"_blank\" rel=\"nofollow\" class=\"\">Los algoritmos amenazan con filtrar las confesiones realizadas al abogado<\/a>\n\n\n\n\n\n\n<div class=\"wprss-feed-meta\">\n            <span class=\"feed-source\">\n            Source:\n\n                            Distrito Emprendedores\n                    <\/span>\n    \n            <span class=\"feed-date\">\n            Published on 2026-03-01\n        <\/span>\n    \n    <\/div>\n\n\n\n\n\n            \n        <\/li>\n                    <li class=\"wpra-item feed-item \">\n            \n            \n\n    <a  href=\"https:\/\/distritoemprendedores.es\/blog\/las-startups-que-mas-innovan-en-el-mundo\/\" target=\"_blank\" rel=\"nofollow\" class=\"\">Las startups que m\u00e1s innovan en el mundo<\/a>\n\n\n\n\n\n\n<div class=\"wprss-feed-meta\">\n            <span class=\"feed-source\">\n            Source:\n\n                            Distrito Emprendedores\n                    <\/span>\n    \n            <span class=\"feed-date\">\n            Published on 2026-02-28\n        <\/span>\n    \n    <\/div>\n\n\n\n\n\n            \n        <\/li>\n                    <li class=\"wpra-item feed-item \">\n            \n            \n\n    <a  href=\"https:\/\/distritoemprendedores.es\/blog\/tiktok-genera-31-000-millones-de-euros-para-las-empresas-europeas-y-3-000-millones-en-espana\/\" target=\"_blank\" rel=\"nofollow\" class=\"\">TikTok genera 31.000 millones de euros para las empresas europeas y 3.000 millones en Espa\u00f1a<\/a>\n\n\n\n\n\n\n<div class=\"wprss-feed-meta\">\n            <span class=\"feed-source\">\n            Source:\n\n                            Distrito Emprendedores\n                    <\/span>\n    \n            <span class=\"feed-date\">\n            Published on 2026-02-27\n        <\/span>\n    \n    <\/div>\n\n\n\n\n\n            \n        <\/li>\n                    <li class=\"wpra-item feed-item \">\n            \n            \n\n    <a  href=\"https:\/\/distritoemprendedores.es\/blog\/amazon-planea-un-marketplace-para-hacer-de-puente-entre-los-publishers-y-las-empresas-de-ia\/\" target=\"_blank\" rel=\"nofollow\" class=\"\">Amazon planea un \u00abmarketplace\u00bb para hacer de puente entre los \u00abpublishers\u00bb y las empresas de IA<\/a>\n\n\n\n\n\n\n<div class=\"wprss-feed-meta\">\n            <span class=\"feed-source\">\n            Source:\n\n                            Distrito Emprendedores\n                    <\/span>\n    \n            <span class=\"feed-date\">\n            Published on 2026-02-26\n        <\/span>\n    \n    <\/div>\n\n\n\n\n\n            \n        <\/li>\n        <\/ul>\n\n        \n<\/div>\n\n<\/div>\n\n<hr \/>\n<p>De este modo, los investigadores afirmaron que\u00a0<strong>muchas metas que la gente se coloca ser\u00edan excusas para estar ocupadas.<\/strong>\u00a0Por lo tanto, hacer actividades o estar ocupados no es una se\u00f1al de poseer ciertas cualidades. Entonces, \u00bfquiere decir esto que las personas perezosas son m\u00e1s inteligentes?\u00a0Un estudio se\u00f1ala un posible v\u00ednculo entre la capacidad cognitiva y el grado de actividad f\u00edsica. Lo vemos a continuaci\u00f3n.<\/p>\n<h2 id=\"la-relacion-entre-la-actividad-intelectual-y-la-actividad-fisica\" class=\"jsx-3692753319 jsx-2566528898 c--main-600  mt--x-big pt--normal\">La relaci\u00f3n entre la actividad intelectual y la actividad f\u00edsica<\/h2>\n<p class=\"jsx-1710225312 c--grey-neutral-800\">McElroy\u00a0<em>et al.<\/em>\u00a0(2016) hicieron una\u00a0<a class=\"jsx-151512268 jsx-3387278544 default-a-link is--underline c--secondary-600 is--underline\" href=\"https:\/\/journals.sagepub.com\/doi\/full\/10.1177\/1359105314565827\" target=\"_blank\" rel=\"noopener\" data-with-google-events=\"true\" data-google-events=\"{&quot;data&quot;:{&quot;action&quot;:&quot;click&quot;,&quot;category&quot;:&quot;Content&quot;,&quot;label&quot;:&quot;Related \/segun-la-ciencia-cuanta-mas-pereza-hay-en-ti-mas-inteligente-eres\/&quot;,&quot;value&quot;:&quot;https:\/\/journals.sagepub.com\/doi\/full\/10.1177\/1359105314565827&quot;}}\">investigaci\u00f3n<\/a>\u00a0sobre la relaci\u00f3n entre el pensamiento y la actividad f\u00edsica. Con este fin, aplicaron una prueba a un grupo de estudiantes para conocer su preferencia por tareas que requer\u00edan pensar. Una vez analizados los datos, se eligieron dos grupos, uno estaba compuesto por quienes disfrutaban de pensar y el otro por aquellos a los que no les gustaba pensar demasiado.<\/p>\n<p class=\"jsx-1710225312 c--grey-neutral-800\">Luego, se evalu\u00f3 el nivel de actividad f\u00edsica en cada grupo con aceler\u00f3metros. Como resultado, se obtuvo que\u00a0<strong>los individuos que prefer\u00edan desarrollar tareas mentales eran menos activos durante los d\u00edas de trabajo.<\/strong>\u00a0Por su parte, aquellos que no ten\u00edan inter\u00e9s en pensar, eran mucho m\u00e1s activos en el mismo per\u00edodo.<\/p>\n<p class=\"jsx-1710225312 c--grey-neutral-800\">Estos hallazgos sugieren que<strong>\u00a0las personas con alto grado de actividad intelectual tienden a ser m\u00e1s ociosos que el resto<\/strong>. Por supuesto, eso no quiere decir que las personas perezosas sean m\u00e1s inteligentes que otras en todos los casos.<\/p>\n<p class=\"jsx-1710225312 c--grey-neutral-800\">El estudio se\u00f1ala una posible correlaci\u00f3n entre la baja actividad f\u00edsica y la tendencia a ejecutar tareas de pensamiento. M\u00e1s no se puede afirmar que la pereza sea un signo claro de inteligencia.<\/p>\n<p class=\"jsx-1710225312 c--grey-neutral-800\">Como curiosidad,\u00a0<strong>los investigadores observaron que durante los fines de semana no hab\u00eda diferencias notables entre ambos grupos<\/strong>. Es decir, el nivel de actividad era igual en los dos grupos estudiados. Por ende, quedan algunas cuestiones por explorar sobre este tema.<\/p>\n<h2 id=\"otras-evidencias\" class=\"jsx-3692753319 jsx-2566528898 c--main-600  mt--x-big pt--normal\">Otras evidencias<\/h2>\n<p class=\"jsx-1710225312 c--grey-neutral-800\">Takeuchi\u00a0<em>et al.<\/em>\u00a0(2011) realizaron un\u00a0<a class=\"jsx-151512268 jsx-3387278544 default-a-link is--underline c--secondary-600 is--underline\" href=\"https:\/\/journals.plos.org\/plosone\/article?id=10.1371\/journal.pone.0025532#s4\" target=\"_blank\" rel=\"noopener\" data-with-google-events=\"true\" data-google-events=\"{&quot;data&quot;:{&quot;action&quot;:&quot;click&quot;,&quot;category&quot;:&quot;Content&quot;,&quot;label&quot;:&quot;Related \/segun-la-ciencia-cuanta-mas-pereza-hay-en-ti-mas-inteligente-eres\/&quot;,&quot;value&quot;:&quot;https:\/\/journals.plos.org\/plosone\/article?id=10.1371\/journal.pone.0025532#s4&quot;}}\">estudio<\/a>\u00a0en el que evaluaron la relaci\u00f3n entre el flujo sangu\u00edneo cerebral durante el reposo y la inteligencia general. De esta manera, se encontr\u00f3 una correlaci\u00f3n positiva entre el flujo sangu\u00edneo cerebral del descanso, la inteligencia general y la creatividad. A partir de estos datos,\u00a0<strong>se podr\u00eda decir que un descanso apropiado se asocia con una mayor capacidad intelectual.<\/strong><\/p>\n<p class=\"jsx-1710225312 c--grey-neutral-800\">Una vez m\u00e1s, la ciencia parece apuntar al hecho de que menos actividad f\u00edsica podr\u00eda vincularse con m\u00e1s inteligencia. Aunque es necesario aclarar que ninguna de estas investigaciones aporta datos concluyentes sobre si las personas perezosas son m\u00e1s inteligentes.<\/p>\n<h2 id=\"la-relacion-entre-la-pereza-y-la-salud\" class=\"jsx-3692753319 jsx-2566528898 c--main-600  mt--x-big pt--normal\">La relaci\u00f3n entre la pereza y la salud<\/h2>\n<p class=\"jsx-1710225312 c--grey-neutral-800\">Si bien los estudios citados implican un posible v\u00ednculo entre la baja actividad f\u00edsica y la inteligencia, eso no significa que sea del todo positivo. Un estilo de vida con poco ejercicio puede tener consecuencias para la salud, como la\u00a0<a class=\"jsx-151512268 jsx-3387278544 default-a-link is--underline c--secondary-600 is--underline\" href=\"https:\/\/lamenteesmaravillosa.com\/la-culpa-de-tu-obesidad\/\" target=\"_blank\" rel=\"noopener\" data-with-google-events=\"true\" data-google-events=\"{&quot;data&quot;:{&quot;action&quot;:&quot;click&quot;,&quot;category&quot;:&quot;Content&quot;,&quot;label&quot;:&quot;Related \/segun-la-ciencia-cuanta-mas-pereza-hay-en-ti-mas-inteligente-eres\/&quot;,&quot;value&quot;:&quot;https:\/\/lamenteesmaravillosa.com\/la-culpa-de-tu-obesidad\/&quot;}}\">obesidad<\/a>\u00a0y las enfermedades card\u00edacas.\u00a0<strong>Incluso a pesar de que descansar mejora la inteligencia, sigue siendo vital estar en movimiento.<\/strong><\/p>\n<p class=\"jsx-1710225312 c--grey-neutral-800\">Por otro lado, el ejercicio tambi\u00e9n protege de sufrir trastornos psicol\u00f3gicos como la depresi\u00f3n y la ansiedad. Es importante recordar que este tipo de afecciones pueden impactar de forma negativa a la inteligencia, la memoria y otras funciones cognitivas.<\/p>\n<p class=\"jsx-1710225312 c--grey-neutral-800\">En conclusi\u00f3n,\u00a0<strong>hacen falta m\u00e1s trabajos que aborden la relaci\u00f3n entre la actividad f\u00edsica y la inteligencia<\/strong>\u00a0para corroborar las hip\u00f3tesis planteadas. Asimismo, a pesar de que la evidencia sugiere que las personas perezosas son m\u00e1s inteligentes, se debe evitar el\u00a0<a class=\"jsx-151512268 jsx-3387278544 default-a-link is--underline c--secondary-600 is--underline\" href=\"https:\/\/lamenteesmaravillosa.com\/claves-para-evitar-el-sedentarismo\/\" target=\"_blank\" rel=\"noopener\" data-with-google-events=\"true\" data-google-events=\"{&quot;data&quot;:{&quot;action&quot;:&quot;click&quot;,&quot;category&quot;:&quot;Content&quot;,&quot;label&quot;:&quot;Related \/segun-la-ciencia-cuanta-mas-pereza-hay-en-ti-mas-inteligente-eres\/&quot;,&quot;value&quot;:&quot;https:\/\/lamenteesmaravillosa.com\/claves-para-evitar-el-sedentarismo\/&quot;}}\">sedentarismo<\/a>. Lo m\u00e1s saludable es realizar ejercicio f\u00edsico de manera regular para cuidar el cuerpo y la mente.<\/p>\n<p><a class=\"jsx-151512268 jsx-143194717 default-a-link is--underline c--grey-neutral-800  link-tool-tip jsx-2288154920 jsx-986712099\" href=\"https:\/\/lamenteesmaravillosa.com\/autor\/ebiezer-jose-lopez-suarez\/\" target=\"_self\" rel=\"noopener\"><strong>Ebiezer L\u00f3pez<\/strong><\/a><\/p>\n<div id=\"telet-3306433233\" class=\"telet-despues-del-contenido telet-entity-placement\"><a target=\"_blank\" href=\"\/\/aff.lucushost.com\/resources\/click\/?n=gDxoXMAJ&aff=756\"><img decoding=\"async\" border=\"0\" alt=\"LucusHost, el mejor hosting\" src=\"\/\/aff.lucushost.com\/resources\/banners\/?zoneid=5123&n=gDxoXMAJ&aff=756\" \/><\/a><\/div>","protected":false},"excerpt":{"rendered":"<p>\u00bfEs posible que las personas perezosas tengan una inteligencia m\u00e1s alta que el promedio? En este art\u00edculo veremos qu\u00e9 dice la ciencia al respecto. La pereza suele tener mala prensa&hellip; <\/p>\n","protected":false},"author":1,"featured_media":6656,"comment_status":"open","ping_status":"open","sticky":false,"template":"","format":"standard","meta":{"_jetpack_memberships_contains_paid_content":false,"footnotes":"","_links_to":"","_links_to_target":""},"categories":[8],"tags":[15,14],"class_list":["post-6655","post","type-post","status-publish","format-standard","has-post-thumbnail","hentry","category-vida-social","tag-fuprisa","tag-jose-manuel-fuentes-prieto"],"nelio_content":{"autoShareEndMode":"never","automationSources":{"useCustomSentences":false,"customSentences":[]},"efiAlt":"","efiUrl":"","followers":[1],"highlights":[],"isAutoShareEnabled":true,"networkImageIds":[],"permalinkQueryArgs":[],"series":[],"suggestedReferences":[]},"jetpack_featured_media_url":"https:\/\/teletrabajoynegocios.com\/telesecretarias\/wp-content\/uploads\/sites\/2\/2021\/11\/mujer-sonriendo-mucho.jpg","jetpack_sharing_enabled":true,"_links":{"self":[{"href":"https:\/\/teletrabajoynegocios.com\/telesecretarias\/wp-json\/wp\/v2\/posts\/6655","targetHints":{"allow":["GET"]}}],"collection":[{"href":"https:\/\/teletrabajoynegocios.com\/telesecretarias\/wp-json\/wp\/v2\/posts"}],"about":[{"href":"https:\/\/teletrabajoynegocios.com\/telesecretarias\/wp-json\/wp\/v2\/types\/post"}],"author":[{"embeddable":true,"href":"https:\/\/teletrabajoynegocios.com\/telesecretarias\/wp-json\/wp\/v2\/users\/1"}],"replies":[{"embeddable":true,"href":"https:\/\/teletrabajoynegocios.com\/telesecretarias\/wp-json\/wp\/v2\/comments?post=6655"}],"version-history":[{"count":3,"href":"https:\/\/teletrabajoynegocios.com\/telesecretarias\/wp-json\/wp\/v2\/posts\/6655\/revisions"}],"predecessor-version":[{"id":6664,"href":"https:\/\/teletrabajoynegocios.com\/telesecretarias\/wp-json\/wp\/v2\/posts\/6655\/revisions\/6664"}],"wp:featuredmedia":[{"embeddable":true,"href":"https:\/\/teletrabajoynegocios.com\/telesecretarias\/wp-json\/wp\/v2\/media\/6656"}],"wp:attachment":[{"href":"https:\/\/teletrabajoynegocios.com\/telesecretarias\/wp-json\/wp\/v2\/media?parent=6655"}],"wp:term":[{"taxonomy":"category","embeddable":true,"href":"https:\/\/teletrabajoynegocios.com\/telesecretarias\/wp-json\/wp\/v2\/categories?post=6655"},{"taxonomy":"post_tag","embeddable":true,"href":"https:\/\/teletrabajoynegocios.com\/telesecretarias\/wp-json\/wp\/v2\/tags?post=6655"}],"curies":[{"name":"wp","href":"https:\/\/api.w.org\/{rel}","templated":true}]}}