{"id":6671,"date":"2021-11-22T10:47:41","date_gmt":"2021-11-22T09:47:41","guid":{"rendered":"https:\/\/teletrabajoynegocios.com\/telesecretarias\/?p=6671"},"modified":"2021-11-21T20:52:58","modified_gmt":"2021-11-21T19:52:58","slug":"3-habitos-mentales-que-consumen-toda-tu-energia","status":"publish","type":"post","link":"https:\/\/teletrabajoynegocios.com\/telesecretarias\/3-habitos-mentales-que-consumen-toda-tu-energia\/","title":{"rendered":"3 h\u00e1bitos mentales que consumen toda tu energ\u00eda"},"content":{"rendered":"<div id=\"telet-415832309\" class=\"telet-antes-del-contenido telet-entity-placement\"><a href=\"https:\/\/quaderno.io\/?via=jose-manuel94\" aria-label=\"Quaderno General (Spanish) &#8211; 728&#215;90\"><img loading=\"lazy\" decoding=\"async\" src=\"https:\/\/teletrabajoynegocios.com\/telesecretarias\/wp-content\/uploads\/sites\/2\/2020\/11\/Quaderno-General-Spanish-728x90-1.png\" alt=\"\"  srcset=\"https:\/\/teletrabajoynegocios.com\/telesecretarias\/wp-content\/uploads\/sites\/2\/2020\/11\/Quaderno-General-Spanish-728x90-1.png 728w, https:\/\/teletrabajoynegocios.com\/telesecretarias\/wp-content\/uploads\/sites\/2\/2020\/11\/Quaderno-General-Spanish-728x90-1-300x37.png 300w\" sizes=\"(max-width: 728px) 100vw, 728px\" width=\"728\" height=\"90\"   \/><\/a><\/div><p>Los h\u00e1bitos mentales nos hacen flotar o naufragar. Ejecutar una y otra vez un procedimiento mental que nos da\u00f1a supone un gran gasto de energ\u00eda que al final se termina notando en todas las \u00e1reas de nuestra vida.<\/p>\n<p class=\"jsx-1710225312 c--grey-neutral-800\">Los h\u00e1bitos mentales\u00a0<strong>surgen y se mantienen sin que una persona se d\u00e9 cuenta de que esto ocurre,\u00a0<\/strong>en la mayor\u00eda de los casos. A veces es la educaci\u00f3n que se recibe, otras veces la influencia del medio y tambi\u00e9n las creencias o tendencias de la personalidad lo que llevan a ello.<\/p>\n<p class=\"jsx-1710225312 c--grey-neutral-800\">Muchas veces se adquieren h\u00e1bitos mentales que resultan destructivos o da\u00f1inos, pero son tan autom\u00e1ticos que quien los tiene ni siquiera repara en su existencia. La consecuencia de esto es que tales h\u00e1bitos terminan condicionando\u00a0<a class=\"jsx-151512268 jsx-3387278544 default-a-link is--underline c--secondary-600 is--underline\" href=\"https:\/\/lamenteesmaravillosa.com\/fractura-cuando-realidad-no-corresponde-verdad\/\" target=\"_blank\" rel=\"noopener\" data-with-google-events=\"true\" data-google-events=\"{&quot;data&quot;:{&quot;action&quot;:&quot;click&quot;,&quot;category&quot;:&quot;Content&quot;,&quot;label&quot;:&quot;Related \/habitos-mentales-consumen-energia\/&quot;,&quot;value&quot;:&quot;https:\/\/lamenteesmaravillosa.com\/fractura-cuando-realidad-no-corresponde-verdad\/&quot;}}\">los esquemas que esbozamos del mundo<\/a>, nuestras actitudes y los repertorios conductuales que finalmente ejecutamos.<\/p>\n<p class=\"jsx-1710225312 c--grey-neutral-800\">As\u00ed, en muchas ocasiones terminamos construyendo una vida con cimientos da\u00f1inos; siendo ellos los que en muchos casos ponen en marcha reacciones en cadena que dan lugar a un gran malestar o insatisfacci\u00f3n.\u00a0<strong>Algunos h\u00e1bitos mentales se caracterizan por consumir buena parte de la\u00a0<a class=\"jsx-151512268 jsx-3387278544 default-a-link is--underline c--secondary-600 is--underline\" href=\"https:\/\/lamenteesmaravillosa.com\/las-7-claves-para-mantener-la-energia-segun-el-budismo-zen\/\" target=\"_blank\" rel=\"noopener\" data-with-google-events=\"true\" data-google-events=\"{&quot;data&quot;:{&quot;action&quot;:&quot;click&quot;,&quot;category&quot;:&quot;Content&quot;,&quot;label&quot;:&quot;Related \/habitos-mentales-consumen-energia\/&quot;,&quot;value&quot;:&quot;https:\/\/lamenteesmaravillosa.com\/las-7-claves-para-mantener-la-energia-segun-el-budismo-zen\/&quot;}}\">energ\u00eda vital<\/a><\/strong>. A continuaci\u00f3n hablaremos de los tres m\u00e1s importantes.<\/p>\n<hr \/>\n<p><img decoding=\"async\" src=\"https:\/\/teletrabajoynegocios.com\/teletrabajador\/wp-content\/uploads\/sites\/3\/2020\/07\/articulos.png\" \/><\/p>\n<div class=\"wp-rss-template-container\" data-wpra-template=\"default\" data-template-ctx=\"eyJ0ZW1wbGF0ZSI6IkRlZmF1bHQifQ==\">\n    <div class=\"wp-rss-aggregator wpra-list-template  \" data-page=\"1\">\n    \n    \n<ul class=\"wpra-item-list rss-aggregator wpra-item-list--bullets wpra-item-list--default\"\n    start=\"1\">\n                        <li class=\"wpra-item feed-item \">\n            \n            \n\n    <a  href=\"https:\/\/distritoemprendedores.com\/blog\/2026\/03\/16\/hello-world\/\" target=\"_blank\" rel=\"nofollow\" class=\"\">Hello world!<\/a>\n\n\n\n\n\n\n<div class=\"wprss-feed-meta\">\n            <span class=\"feed-source\">\n            Source:\n\n                            Distrito Emprendedores\n                    <\/span>\n    \n            <span class=\"feed-date\">\n            Published on 2026-03-16\n        <\/span>\n    \n    <\/div>\n\n\n\n\n\n            \n        <\/li>\n                    <li class=\"wpra-item feed-item \">\n            \n            \n\n    <a  href=\"https:\/\/www.dropbox.com\/scl\/fi\/b6csvpbfxu24vaezmo3es\/62bed0634df20e5ef35346439fdd423f_franquicias.pdf?rlkey=mfp2795s4n89mw35l0yeu2vl5&amp;e=2&amp;st=57kabuy0&amp;dl=0#new_tab\" target=\"_blank\" rel=\"nofollow\" class=\"\">Las franquicias espa\u00f1olas duplican su presencia en mercados for\u00e1neos<\/a>\n\n\n\n\n\n\n<div class=\"wprss-feed-meta\">\n            <span class=\"feed-source\">\n            Source:\n\n                            Distrito Emprendedores\n                    <\/span>\n    \n            <span class=\"feed-date\">\n            Published on 2026-03-11\n        <\/span>\n    \n    <\/div>\n\n\n\n\n\n            \n        <\/li>\n                    <li class=\"wpra-item feed-item \">\n            \n            \n\n    <a  href=\"https:\/\/distritoemprendedores.es\/blog\/5-errores-fatales-al-internacionalizar-tu-franquicia\/\" target=\"_blank\" rel=\"nofollow\" class=\"\">5 errores fatales al internacionalizar tu franquicia<\/a>\n\n\n\n\n\n\n<div class=\"wprss-feed-meta\">\n            <span class=\"feed-source\">\n            Source:\n\n                            Distrito Emprendedores\n                    <\/span>\n    \n            <span class=\"feed-date\">\n            Published on 2026-03-10\n        <\/span>\n    \n    <\/div>\n\n\n\n\n\n            \n        <\/li>\n                    <li class=\"wpra-item feed-item \">\n            \n            \n\n    <a  href=\"https:\/\/distritoemprendedores.es\/blog\/un-nuevo-prime-time-para-las-marcas-afterwork-tardeo-y-futbol-se-consolidan-como-los-grandes-motores-del-consumo-experiencial\/\" target=\"_blank\" rel=\"nofollow\" class=\"\">Un nuevo prime time para las marcas: afterwork, tardeo y f\u00fatbol se consolidan como los grandes motores del consumo experiencial<\/a>\n\n\n\n\n\n\n<div class=\"wprss-feed-meta\">\n            <span class=\"feed-source\">\n            Source:\n\n                            Distrito Emprendedores\n                    <\/span>\n    \n            <span class=\"feed-date\">\n            Published on 2026-03-09\n        <\/span>\n    \n    <\/div>\n\n\n\n\n\n            \n        <\/li>\n                    <li class=\"wpra-item feed-item \">\n            \n            \n\n    <a  href=\"https:\/\/distritoemprendedores.es\/blog\/la-ventaja-competitiva-esta-en-entender-como-pregunta-el-consumidor\/\" target=\"_blank\" rel=\"nofollow\" class=\"\">La ventaja competitiva est\u00e1 en entender c\u00f3mo pregunta el consumidor<\/a>\n\n\n\n\n\n\n<div class=\"wprss-feed-meta\">\n            <span class=\"feed-source\">\n            Source:\n\n                            Distrito Emprendedores\n                    <\/span>\n    \n            <span class=\"feed-date\">\n            Published on 2026-03-08\n        <\/span>\n    \n    <\/div>\n\n\n\n\n\n            \n        <\/li>\n                    <li class=\"wpra-item feed-item \">\n            \n            \n\n    <a  href=\"https:\/\/distritoemprendedores.es\/blog\/solo-el-7-de-los-espanoles-cree-a-las-marcas-cuando-comunican-sus-valores-con-hechos-demostrables\/\" target=\"_blank\" rel=\"nofollow\" class=\"\">Solo el 7% de los espa\u00f1oles cree a las marcas cuando comunican sus valores con hechos demostrables<\/a>\n\n\n\n\n\n\n<div class=\"wprss-feed-meta\">\n            <span class=\"feed-source\">\n            Source:\n\n                            Distrito Emprendedores\n                    <\/span>\n    \n            <span class=\"feed-date\">\n            Published on 2026-03-07\n        <\/span>\n    \n    <\/div>\n\n\n\n\n\n            \n        <\/li>\n                    <li class=\"wpra-item feed-item \">\n            \n            \n\n    <a  href=\"https:\/\/distritoemprendedores.es\/blog\/el-38-de-las-empresas-creadas-en-2019-ha-echado-ya-el-cierre\/\" target=\"_blank\" rel=\"nofollow\" class=\"\">El 38% de las empresas creadas en 2019 ha echado ya el cierre<\/a>\n\n\n\n\n\n\n<div class=\"wprss-feed-meta\">\n            <span class=\"feed-source\">\n            Source:\n\n                            Distrito Emprendedores\n                    <\/span>\n    \n            <span class=\"feed-date\">\n            Published on 2026-03-06\n        <\/span>\n    \n    <\/div>\n\n\n\n\n\n            \n        <\/li>\n                    <li class=\"wpra-item feed-item \">\n            \n            \n\n    <a  href=\"https:\/\/distritoemprendedores.es\/blog\/descubre-las-oportunidades-y-tendencias-en-el-mercado-de-la-franquicia-para-2026\/\" target=\"_blank\" rel=\"nofollow\" class=\"\">Descubre las oportunidades y tendencias en el mercado de la franquicia para 2026<\/a>\n\n\n\n\n\n\n<div class=\"wprss-feed-meta\">\n            <span class=\"feed-source\">\n            Source:\n\n                            Distrito Emprendedores\n                    <\/span>\n    \n            <span class=\"feed-date\">\n            Published on 2026-03-05\n        <\/span>\n    \n    <\/div>\n\n\n\n\n\n            \n        <\/li>\n                    <li class=\"wpra-item feed-item \">\n            \n            \n\n    <a  href=\"https:\/\/distritoemprendedores.es\/blog\/las-startups-de-salud-mas-punteras-del-mundo\/\" target=\"_blank\" rel=\"nofollow\" class=\"\">Las startups de salud m\u00e1s punteras del mundo<\/a>\n\n\n\n\n\n\n<div class=\"wprss-feed-meta\">\n            <span class=\"feed-source\">\n            Source:\n\n                            Distrito Emprendedores\n                    <\/span>\n    \n            <span class=\"feed-date\">\n            Published on 2026-03-04\n        <\/span>\n    \n    <\/div>\n\n\n\n\n\n            \n        <\/li>\n                    <li class=\"wpra-item feed-item \">\n            \n            \n\n    <a  href=\"https:\/\/distritoemprendedores.es\/blog\/puesta-en-marcha-de-un-negocio-primeros-pasos-para-validar-vender-y-controlar-la-tesoreria\/\" target=\"_blank\" rel=\"nofollow\" class=\"\">Puesta en marcha de un negocio: primeros pasos para validar, vender y controlar la tesorer\u00eda<\/a>\n\n\n\n\n\n\n<div class=\"wprss-feed-meta\">\n            <span class=\"feed-source\">\n            Source:\n\n                            Distrito Emprendedores\n                    <\/span>\n    \n            <span class=\"feed-date\">\n            Published on 2026-03-03\n        <\/span>\n    \n    <\/div>\n\n\n\n\n\n            \n        <\/li>\n                    <li class=\"wpra-item feed-item \">\n            \n            \n\n    <a  href=\"https:\/\/distritoemprendedores.es\/blog\/6-franquicias-sin-apenas-competencia-en-el-mercado\/\" target=\"_blank\" rel=\"nofollow\" class=\"\">6 franquicias sin apenas competencia en el mercado<\/a>\n\n\n\n\n\n\n<div class=\"wprss-feed-meta\">\n            <span class=\"feed-source\">\n            Source:\n\n                            Distrito Emprendedores\n                    <\/span>\n    \n            <span class=\"feed-date\">\n            Published on 2026-03-02\n        <\/span>\n    \n    <\/div>\n\n\n\n\n\n            \n        <\/li>\n                    <li class=\"wpra-item feed-item \">\n            \n            \n\n    <a  href=\"https:\/\/digistorage.es\/links\/71d78951-a420-4f5b-8de6-7b35ae7efc1c#new_tab\" target=\"_blank\" rel=\"nofollow\" class=\"\">Los algoritmos amenazan con filtrar las confesiones realizadas al abogado<\/a>\n\n\n\n\n\n\n<div class=\"wprss-feed-meta\">\n            <span class=\"feed-source\">\n            Source:\n\n                            Distrito Emprendedores\n                    <\/span>\n    \n            <span class=\"feed-date\">\n            Published on 2026-03-01\n        <\/span>\n    \n    <\/div>\n\n\n\n\n\n            \n        <\/li>\n                    <li class=\"wpra-item feed-item \">\n            \n            \n\n    <a  href=\"https:\/\/distritoemprendedores.es\/blog\/las-startups-que-mas-innovan-en-el-mundo\/\" target=\"_blank\" rel=\"nofollow\" class=\"\">Las startups que m\u00e1s innovan en el mundo<\/a>\n\n\n\n\n\n\n<div class=\"wprss-feed-meta\">\n            <span class=\"feed-source\">\n            Source:\n\n                            Distrito Emprendedores\n                    <\/span>\n    \n            <span class=\"feed-date\">\n            Published on 2026-02-28\n        <\/span>\n    \n    <\/div>\n\n\n\n\n\n            \n        <\/li>\n                    <li class=\"wpra-item feed-item \">\n            \n            \n\n    <a  href=\"https:\/\/distritoemprendedores.es\/blog\/tiktok-genera-31-000-millones-de-euros-para-las-empresas-europeas-y-3-000-millones-en-espana\/\" target=\"_blank\" rel=\"nofollow\" class=\"\">TikTok genera 31.000 millones de euros para las empresas europeas y 3.000 millones en Espa\u00f1a<\/a>\n\n\n\n\n\n\n<div class=\"wprss-feed-meta\">\n            <span class=\"feed-source\">\n            Source:\n\n                            Distrito Emprendedores\n                    <\/span>\n    \n            <span class=\"feed-date\">\n            Published on 2026-02-27\n        <\/span>\n    \n    <\/div>\n\n\n\n\n\n            \n        <\/li>\n                    <li class=\"wpra-item feed-item \">\n            \n            \n\n    <a  href=\"https:\/\/distritoemprendedores.es\/blog\/amazon-planea-un-marketplace-para-hacer-de-puente-entre-los-publishers-y-las-empresas-de-ia\/\" target=\"_blank\" rel=\"nofollow\" class=\"\">Amazon planea un \u00abmarketplace\u00bb para hacer de puente entre los \u00abpublishers\u00bb y las empresas de IA<\/a>\n\n\n\n\n\n\n<div class=\"wprss-feed-meta\">\n            <span class=\"feed-source\">\n            Source:\n\n                            Distrito Emprendedores\n                    <\/span>\n    \n            <span class=\"feed-date\">\n            Published on 2026-02-26\n        <\/span>\n    \n    <\/div>\n\n\n\n\n\n            \n        <\/li>\n        <\/ul>\n\n        \n<\/div>\n\n<\/div>\n\n<hr \/>\n<div class=\"article-quote bc--secondary-50 ptb--big p--relative mb--normal mt--x-big\">\n<blockquote class=\"jsx-2118601352 jsx-2746653886 plr--big pt--big\">\n<div class=\"jsx-2118601352 jsx-2746653886 quote__text ta--center fs--italic lh--2 fs--normal ff--serif ls--medium c--secondary-800\">\n<p class=\"jsx-1710225312 c--grey-neutral-800\">\u201c<em>Ser consciente de nuestros prejuicios, del grado de responsabilidad que tenemos o en qu\u00e9 partes estamos demasiado c\u00f3modos habla sobre la calidad de nuestra vida<\/em>\u201d.<\/p>\n<p class=\"jsx-1710225312 c--grey-neutral-800\">-\u00c1ngel Rull-<\/p>\n<\/div>\n<\/blockquote>\n<\/div>\n<h2 id=\"1-eludir-responsabilidades\" class=\"jsx-3692753319 jsx-2566528898 c--main-600  mt--x-big pt--normal\">1. Eludir responsabilidades<\/h2>\n<p class=\"jsx-1710225312 c--grey-neutral-800\">La mentalidad de no comprometerse o dejar todo para despu\u00e9s constituye uno de esos h\u00e1bitos mentales que terminan consumiendo m\u00e1s energ\u00eda. Esto se expresa en\u00a0<strong>la tendencia a adoptar un rol pasivo en todo lo que tiene que ver con\u00a0<a class=\"jsx-151512268 jsx-3387278544 default-a-link is--underline c--secondary-600 is--underline\" href=\"https:\/\/lamenteesmaravillosa.com\/hipengiofobia-miedo-responsabilidad\/\" target=\"_blank\" rel=\"noopener\" data-with-google-events=\"true\" data-google-events=\"{&quot;data&quot;:{&quot;action&quot;:&quot;click&quot;,&quot;category&quot;:&quot;Content&quot;,&quot;label&quot;:&quot;Related \/habitos-mentales-consumen-energia\/&quot;,&quot;value&quot;:&quot;https:\/\/lamenteesmaravillosa.com\/hipengiofobia-miedo-responsabilidad\/&quot;}}\">las responsabilidades<\/a><\/strong>. Aplica para el trabajo, pero tambi\u00e9n para la pareja, la familia e incluso la sociedad.<\/p>\n<p class=\"jsx-1710225312 c--grey-neutral-800\">En este caso, una persona act\u00faa en funci\u00f3n de lo que exijan o hagan los dem\u00e1s. Tiene la creencia de que no puede resistirse u oponerse a nada que le imponga el entorno. Lo que hay en el fondo de esto es una falta de responsabilidad con uno mismo.<\/p>\n<p class=\"jsx-1710225312 c--grey-neutral-800\">Este es uno de los h\u00e1bitos mentales que roban energ\u00eda porque, al final del d\u00eda,\u00a0<strong>se orientan los\u00a0<a class=\"jsx-151512268 jsx-3387278544 default-a-link is--underline c--secondary-600 is--underline\" href=\"https:\/\/lamenteesmaravillosa.com\/mis-esfuerzos-no-merecen-tus-descalificaciones\/\" target=\"_blank\" rel=\"noopener\" data-with-google-events=\"true\" data-google-events=\"{&quot;data&quot;:{&quot;action&quot;:&quot;click&quot;,&quot;category&quot;:&quot;Content&quot;,&quot;label&quot;:&quot;Related \/habitos-mentales-consumen-energia\/&quot;,&quot;value&quot;:&quot;https:\/\/lamenteesmaravillosa.com\/mis-esfuerzos-no-merecen-tus-descalificaciones\/&quot;}}\">esfuerzos<\/a><\/strong><strong>\u00a0y los objetivos hacia realidades que son ajenas<\/strong>. Lo que se tiene para dar se da en funci\u00f3n de lo que otros piden. No hay enfoque hacia lo propio y las metas o los sue\u00f1os se esfuman en el vac\u00edo.<\/p>\n<h2 id=\"2-no-saber-lo-que-se-quiere-uno-de-los-habitos-mentales-que-consumen-energia\" class=\"jsx-3692753319 jsx-2566528898 c--main-600  mt--x-big pt--normal\">2. No saber lo que se quiere, uno de los h\u00e1bitos mentales que consumen energ\u00eda<\/h2>\n<p class=\"jsx-1710225312 c--grey-neutral-800\"><strong>Planificar acciones buscando un refuerzo equivocado tambi\u00e9n puede convertirse en un h\u00e1bito mental<\/strong>. Ocurre con frecuencia cuando intentamos obtener un refuerzo social, sacrificando nuestros deseos o la satisfacci\u00f3n de nuestras necesidades reales. Como en el caso anterior, lo propio queda relegado.<\/p>\n<p class=\"jsx-1710225312 c--grey-neutral-800\"><strong>En el fondo, casi todo el mundo s\u00ed sabe lo que quiere<\/strong>. Otra cosa es que tenga miedo de confes\u00e1rselo, precisamente porque al hacerlo se genera una responsabilidad \u00edntima y completamente personal. Tambi\u00e9n puede haber\u00a0<a class=\"jsx-151512268 jsx-3387278544 default-a-link is--underline c--secondary-600 is--underline\" href=\"https:\/\/repositorio.comillas.edu\/xmlui\/bitstream\/handle\/11531\/23179\/TFM000700.pdf?sequence=1\" target=\"_blank\" rel=\"noopener\" data-with-google-events=\"true\" data-google-events=\"{&quot;data&quot;:{&quot;action&quot;:&quot;click&quot;,&quot;category&quot;:&quot;Content&quot;,&quot;label&quot;:&quot;Related \/habitos-mentales-consumen-energia\/&quot;,&quot;value&quot;:&quot;https:\/\/repositorio.comillas.edu\/xmlui\/bitstream\/handle\/11531\/23179\/TFM000700.pdf?sequence=1&quot;}}\">temor al fracaso<\/a>\u00a0o la sensaci\u00f3n de que lo propio no cuenta.<\/p>\n<p class=\"jsx-1710225312 c--grey-neutral-800\">Sea cual sea el caso, de todos modos, la duda continua y las vacilaciones roban mucha energ\u00eda vital.\u00a0<strong>A veces resulta m\u00e1s arduo y fatigoso ese proceso de decidir o elegir por d\u00f3nde avanzar, que la misma acci\u00f3n de llevarlo a cabo<\/strong>. Si ese no saber lo que se quiere es un sello presente y continuo, de seguro habr\u00e1 muchas situaciones de desgaste emocional\u00a0e intelectual.<\/p>\n<h2 id=\"3-mentalidad-de-carencia\" class=\"jsx-3692753319 jsx-2566528898 c--main-600  mt--x-big pt--normal\">3. Mentalidad de carencia<\/h2>\n<p class=\"jsx-1710225312 c--grey-neutral-800\">Se habla de mentalidad de carencia cuando lo que caracteriza la perspectiva de una persona es\u00a0<strong>el h\u00e1bito mental de verse a s\u00ed misma como alguien en estado de deficiencia<\/strong>. O es muy fr\u00e1gil, o no es tan fuerte, o no tiene, o le falta. El punto en com\u00fan es que existe un sentimiento de minusval\u00eda que condiciona sus actos y su vida.<\/p>\n<p class=\"jsx-1710225312 c--grey-neutral-800\">Este es uno de los h\u00e1bitos mentales que\u00a0<strong>termina traduci\u00e9ndose en conductas como pasividad, falta de optimismo, temor continuo y falta de iniciativa<\/strong>. Cuando se parte de ese tipo de actitudes, las situaciones que les siguen no suelen ser demasiado gratificantes. Adem\u00e1s, este tipo de actitudes suelen terminar generando c\u00edrculos end\u00e9micos.<\/p>\n<p class=\"jsx-1710225312 c--grey-neutral-800\">Lo que ocurre en este caso es que\u00a0<strong>se alimenta una limitaci\u00f3n que, al final, solo existe en la mente<\/strong>. A la vez, al conducir la vida tomando como punto de partida esa limitaci\u00f3n, se acortan las miras y se reducen las posibilidades de estar mejor. Sin embargo, esto ocasiona malestar frecuente que se paga con energ\u00eda emocional.<\/p>\n<p><strong>Los h\u00e1bitos mentales se contrarrestan con un ejercicio de conciencia en torno a ellos.<\/strong>\u00a0Primero, es importante detectar esas ideas o creencias que tenemos en torno a nosotros mismos. Despu\u00e9s, someterlas a las pruebas de la raz\u00f3n y combatirlas con h\u00e1bitos positivos.<\/p>\n<p><a class=\"jsx-151512268 jsx-3604478216 default-a-link c--main-800 \" href=\"https:\/\/lamenteesmaravillosa.com\/autor\/edith-sanchez\/\" target=\"_self\" rel=\"noopener\"><strong>Edith S\u00e1nchez<\/strong><\/a><\/p>\n<div id=\"telet-226177727\" class=\"telet-despues-del-contenido telet-entity-placement\"><a target=\"_blank\" href=\"\/\/aff.lucushost.com\/resources\/click\/?n=gDxoXMAJ&aff=756\"><img decoding=\"async\" border=\"0\" alt=\"LucusHost, el mejor hosting\" src=\"\/\/aff.lucushost.com\/resources\/banners\/?zoneid=5123&n=gDxoXMAJ&aff=756\" \/><\/a><\/div>","protected":false},"excerpt":{"rendered":"<p>Los h\u00e1bitos mentales nos hacen flotar o naufragar. Ejecutar una y otra vez un procedimiento mental que nos da\u00f1a supone un gran gasto de energ\u00eda que al final se termina&hellip; <\/p>\n","protected":false},"author":1,"featured_media":6672,"comment_status":"open","ping_status":"open","sticky":false,"template":"","format":"standard","meta":{"_jetpack_memberships_contains_paid_content":false,"footnotes":"","_links_to":"","_links_to_target":""},"categories":[8],"tags":[15,14],"class_list":["post-6671","post","type-post","status-publish","format-standard","has-post-thumbnail","hentry","category-vida-social","tag-fuprisa","tag-jose-manuel-fuentes-prieto"],"nelio_content":{"autoShareEndMode":"never","automationSources":{"useCustomSentences":false,"customSentences":[]},"efiAlt":"","efiUrl":"","followers":[1],"highlights":[],"isAutoShareEnabled":true,"networkImageIds":[],"permalinkQueryArgs":[],"series":[],"suggestedReferences":[]},"jetpack_featured_media_url":"https:\/\/teletrabajoynegocios.com\/telesecretarias\/wp-content\/uploads\/sites\/2\/2021\/11\/mujer-agotada-cabeza-apoyada-mesa.jpg","jetpack_sharing_enabled":true,"_links":{"self":[{"href":"https:\/\/teletrabajoynegocios.com\/telesecretarias\/wp-json\/wp\/v2\/posts\/6671","targetHints":{"allow":["GET"]}}],"collection":[{"href":"https:\/\/teletrabajoynegocios.com\/telesecretarias\/wp-json\/wp\/v2\/posts"}],"about":[{"href":"https:\/\/teletrabajoynegocios.com\/telesecretarias\/wp-json\/wp\/v2\/types\/post"}],"author":[{"embeddable":true,"href":"https:\/\/teletrabajoynegocios.com\/telesecretarias\/wp-json\/wp\/v2\/users\/1"}],"replies":[{"embeddable":true,"href":"https:\/\/teletrabajoynegocios.com\/telesecretarias\/wp-json\/wp\/v2\/comments?post=6671"}],"version-history":[{"count":1,"href":"https:\/\/teletrabajoynegocios.com\/telesecretarias\/wp-json\/wp\/v2\/posts\/6671\/revisions"}],"predecessor-version":[{"id":6673,"href":"https:\/\/teletrabajoynegocios.com\/telesecretarias\/wp-json\/wp\/v2\/posts\/6671\/revisions\/6673"}],"wp:featuredmedia":[{"embeddable":true,"href":"https:\/\/teletrabajoynegocios.com\/telesecretarias\/wp-json\/wp\/v2\/media\/6672"}],"wp:attachment":[{"href":"https:\/\/teletrabajoynegocios.com\/telesecretarias\/wp-json\/wp\/v2\/media?parent=6671"}],"wp:term":[{"taxonomy":"category","embeddable":true,"href":"https:\/\/teletrabajoynegocios.com\/telesecretarias\/wp-json\/wp\/v2\/categories?post=6671"},{"taxonomy":"post_tag","embeddable":true,"href":"https:\/\/teletrabajoynegocios.com\/telesecretarias\/wp-json\/wp\/v2\/tags?post=6671"}],"curies":[{"name":"wp","href":"https:\/\/api.w.org\/{rel}","templated":true}]}}