{"id":6716,"date":"2021-11-26T10:41:52","date_gmt":"2021-11-26T09:41:52","guid":{"rendered":"https:\/\/teletrabajoynegocios.com\/telesecretarias\/?p=6716"},"modified":"2021-11-23T09:48:07","modified_gmt":"2021-11-23T08:48:07","slug":"publicar-en-todas-las-redes-sociales-a-la-vez-por-que-no-hacerlo","status":"publish","type":"post","link":"https:\/\/teletrabajoynegocios.com\/telesecretarias\/publicar-en-todas-las-redes-sociales-a-la-vez-por-que-no-hacerlo\/","title":{"rendered":"Publicar en todas las redes sociales a la vez: \u00bfPor qu\u00e9 no hacerlo?"},"content":{"rendered":"<div id=\"telet-2969997370\" class=\"telet-antes-del-contenido telet-entity-placement\"><a href=\"https:\/\/quaderno.io\/?via=jose-manuel94\" aria-label=\"Quaderno General (Spanish) &#8211; 728&#215;90\"><img loading=\"lazy\" decoding=\"async\" src=\"https:\/\/teletrabajoynegocios.com\/telesecretarias\/wp-content\/uploads\/sites\/2\/2020\/11\/Quaderno-General-Spanish-728x90-1.png\" alt=\"\"  srcset=\"https:\/\/teletrabajoynegocios.com\/telesecretarias\/wp-content\/uploads\/sites\/2\/2020\/11\/Quaderno-General-Spanish-728x90-1.png 728w, https:\/\/teletrabajoynegocios.com\/telesecretarias\/wp-content\/uploads\/sites\/2\/2020\/11\/Quaderno-General-Spanish-728x90-1-300x37.png 300w\" sizes=\"(max-width: 728px) 100vw, 728px\" width=\"728\" height=\"90\"   \/><\/a><\/div><p>Lo hemos dicho con anterioridad en otros art\u00edculos y en otras gu\u00edas. Puede que te parezca, leyendo todos estos art\u00edculos, que somos un poco pesados con este tema. Pero cuando te aclaremos el por qu\u00e9, posiblemente entiendas nuestra insistencia. As\u00ed pues, hilando con otras menciones anteriores, bajo ning\u00fan concepto en tu empresa publiques en todas las redes sociales a la vez\u00a0el mismo mensaje.<\/p>\n<p>S\u00ed, sabemos que es lo f\u00e1cil cuando te planteas no invertir demasiado tiempo y esfuerzo en las redes sociales dado que no conoces el r\u00e9dito econ\u00f3mico que puedes obtener de ellas y de tu tiempo. Es el error m\u00e1s com\u00fan entre aquellas empresas, PyMEs o aut\u00f3nomos que gestionan ellas mismas las redes sociales de su empresa. Pero ojo, tambi\u00e9n es un error com\u00fan que pueden llegar a realizar Community Managers contratados, gestores de cuentas en redes sociales poco informados (o poco escrupulosos).<\/p>\n<p>Por comodidad publicas en todas las redes sociales a la vez\u2026 \u00a1Nooo!<\/p>\n<hr \/>\n<p><img decoding=\"async\" src=\"https:\/\/teletrabajoynegocios.com\/teletrabajador\/wp-content\/uploads\/sites\/3\/2020\/07\/articulos.png\" \/><\/p>\n<div class=\"wp-rss-template-container\" data-wpra-template=\"default\" data-template-ctx=\"eyJ0ZW1wbGF0ZSI6IkRlZmF1bHQifQ==\">\n    <div class=\"wp-rss-aggregator wpra-list-template  \" data-page=\"1\">\n    \n    \n<ul class=\"wpra-item-list rss-aggregator wpra-item-list--bullets wpra-item-list--default\"\n    start=\"1\">\n                        <li class=\"wpra-item feed-item \">\n            \n            \n\n    <a  href=\"https:\/\/distritoemprendedores.com\/blog\/2026\/03\/16\/hello-world\/\" target=\"_blank\" rel=\"nofollow\" class=\"\">Hello world!<\/a>\n\n\n\n\n\n\n<div class=\"wprss-feed-meta\">\n            <span class=\"feed-source\">\n            Source:\n\n                            Distrito Emprendedores\n                    <\/span>\n    \n            <span class=\"feed-date\">\n            Published on 2026-03-16\n        <\/span>\n    \n    <\/div>\n\n\n\n\n\n            \n        <\/li>\n                    <li class=\"wpra-item feed-item \">\n            \n            \n\n    <a  href=\"https:\/\/www.dropbox.com\/scl\/fi\/b6csvpbfxu24vaezmo3es\/62bed0634df20e5ef35346439fdd423f_franquicias.pdf?rlkey=mfp2795s4n89mw35l0yeu2vl5&amp;e=2&amp;st=57kabuy0&amp;dl=0#new_tab\" target=\"_blank\" rel=\"nofollow\" class=\"\">Las franquicias espa\u00f1olas duplican su presencia en mercados for\u00e1neos<\/a>\n\n\n\n\n\n\n<div class=\"wprss-feed-meta\">\n            <span class=\"feed-source\">\n            Source:\n\n                            Distrito Emprendedores\n                    <\/span>\n    \n            <span class=\"feed-date\">\n            Published on 2026-03-11\n        <\/span>\n    \n    <\/div>\n\n\n\n\n\n            \n        <\/li>\n                    <li class=\"wpra-item feed-item \">\n            \n            \n\n    <a  href=\"https:\/\/distritoemprendedores.es\/blog\/5-errores-fatales-al-internacionalizar-tu-franquicia\/\" target=\"_blank\" rel=\"nofollow\" class=\"\">5 errores fatales al internacionalizar tu franquicia<\/a>\n\n\n\n\n\n\n<div class=\"wprss-feed-meta\">\n            <span class=\"feed-source\">\n            Source:\n\n                            Distrito Emprendedores\n                    <\/span>\n    \n            <span class=\"feed-date\">\n            Published on 2026-03-10\n        <\/span>\n    \n    <\/div>\n\n\n\n\n\n            \n        <\/li>\n                    <li class=\"wpra-item feed-item \">\n            \n            \n\n    <a  href=\"https:\/\/distritoemprendedores.es\/blog\/un-nuevo-prime-time-para-las-marcas-afterwork-tardeo-y-futbol-se-consolidan-como-los-grandes-motores-del-consumo-experiencial\/\" target=\"_blank\" rel=\"nofollow\" class=\"\">Un nuevo prime time para las marcas: afterwork, tardeo y f\u00fatbol se consolidan como los grandes motores del consumo experiencial<\/a>\n\n\n\n\n\n\n<div class=\"wprss-feed-meta\">\n            <span class=\"feed-source\">\n            Source:\n\n                            Distrito Emprendedores\n                    <\/span>\n    \n            <span class=\"feed-date\">\n            Published on 2026-03-09\n        <\/span>\n    \n    <\/div>\n\n\n\n\n\n            \n        <\/li>\n                    <li class=\"wpra-item feed-item \">\n            \n            \n\n    <a  href=\"https:\/\/distritoemprendedores.es\/blog\/la-ventaja-competitiva-esta-en-entender-como-pregunta-el-consumidor\/\" target=\"_blank\" rel=\"nofollow\" class=\"\">La ventaja competitiva est\u00e1 en entender c\u00f3mo pregunta el consumidor<\/a>\n\n\n\n\n\n\n<div class=\"wprss-feed-meta\">\n            <span class=\"feed-source\">\n            Source:\n\n                            Distrito Emprendedores\n                    <\/span>\n    \n            <span class=\"feed-date\">\n            Published on 2026-03-08\n        <\/span>\n    \n    <\/div>\n\n\n\n\n\n            \n        <\/li>\n                    <li class=\"wpra-item feed-item \">\n            \n            \n\n    <a  href=\"https:\/\/distritoemprendedores.es\/blog\/solo-el-7-de-los-espanoles-cree-a-las-marcas-cuando-comunican-sus-valores-con-hechos-demostrables\/\" target=\"_blank\" rel=\"nofollow\" class=\"\">Solo el 7% de los espa\u00f1oles cree a las marcas cuando comunican sus valores con hechos demostrables<\/a>\n\n\n\n\n\n\n<div class=\"wprss-feed-meta\">\n            <span class=\"feed-source\">\n            Source:\n\n                            Distrito Emprendedores\n                    <\/span>\n    \n            <span class=\"feed-date\">\n            Published on 2026-03-07\n        <\/span>\n    \n    <\/div>\n\n\n\n\n\n            \n        <\/li>\n                    <li class=\"wpra-item feed-item \">\n            \n            \n\n    <a  href=\"https:\/\/distritoemprendedores.es\/blog\/el-38-de-las-empresas-creadas-en-2019-ha-echado-ya-el-cierre\/\" target=\"_blank\" rel=\"nofollow\" class=\"\">El 38% de las empresas creadas en 2019 ha echado ya el cierre<\/a>\n\n\n\n\n\n\n<div class=\"wprss-feed-meta\">\n            <span class=\"feed-source\">\n            Source:\n\n                            Distrito Emprendedores\n                    <\/span>\n    \n            <span class=\"feed-date\">\n            Published on 2026-03-06\n        <\/span>\n    \n    <\/div>\n\n\n\n\n\n            \n        <\/li>\n                    <li class=\"wpra-item feed-item \">\n            \n            \n\n    <a  href=\"https:\/\/distritoemprendedores.es\/blog\/descubre-las-oportunidades-y-tendencias-en-el-mercado-de-la-franquicia-para-2026\/\" target=\"_blank\" rel=\"nofollow\" class=\"\">Descubre las oportunidades y tendencias en el mercado de la franquicia para 2026<\/a>\n\n\n\n\n\n\n<div class=\"wprss-feed-meta\">\n            <span class=\"feed-source\">\n            Source:\n\n                            Distrito Emprendedores\n                    <\/span>\n    \n            <span class=\"feed-date\">\n            Published on 2026-03-05\n        <\/span>\n    \n    <\/div>\n\n\n\n\n\n            \n        <\/li>\n                    <li class=\"wpra-item feed-item \">\n            \n            \n\n    <a  href=\"https:\/\/distritoemprendedores.es\/blog\/las-startups-de-salud-mas-punteras-del-mundo\/\" target=\"_blank\" rel=\"nofollow\" class=\"\">Las startups de salud m\u00e1s punteras del mundo<\/a>\n\n\n\n\n\n\n<div class=\"wprss-feed-meta\">\n            <span class=\"feed-source\">\n            Source:\n\n                            Distrito Emprendedores\n                    <\/span>\n    \n            <span class=\"feed-date\">\n            Published on 2026-03-04\n        <\/span>\n    \n    <\/div>\n\n\n\n\n\n            \n        <\/li>\n                    <li class=\"wpra-item feed-item \">\n            \n            \n\n    <a  href=\"https:\/\/distritoemprendedores.es\/blog\/puesta-en-marcha-de-un-negocio-primeros-pasos-para-validar-vender-y-controlar-la-tesoreria\/\" target=\"_blank\" rel=\"nofollow\" class=\"\">Puesta en marcha de un negocio: primeros pasos para validar, vender y controlar la tesorer\u00eda<\/a>\n\n\n\n\n\n\n<div class=\"wprss-feed-meta\">\n            <span class=\"feed-source\">\n            Source:\n\n                            Distrito Emprendedores\n                    <\/span>\n    \n            <span class=\"feed-date\">\n            Published on 2026-03-03\n        <\/span>\n    \n    <\/div>\n\n\n\n\n\n            \n        <\/li>\n                    <li class=\"wpra-item feed-item \">\n            \n            \n\n    <a  href=\"https:\/\/distritoemprendedores.es\/blog\/6-franquicias-sin-apenas-competencia-en-el-mercado\/\" target=\"_blank\" rel=\"nofollow\" class=\"\">6 franquicias sin apenas competencia en el mercado<\/a>\n\n\n\n\n\n\n<div class=\"wprss-feed-meta\">\n            <span class=\"feed-source\">\n            Source:\n\n                            Distrito Emprendedores\n                    <\/span>\n    \n            <span class=\"feed-date\">\n            Published on 2026-03-02\n        <\/span>\n    \n    <\/div>\n\n\n\n\n\n            \n        <\/li>\n                    <li class=\"wpra-item feed-item \">\n            \n            \n\n    <a  href=\"https:\/\/digistorage.es\/links\/71d78951-a420-4f5b-8de6-7b35ae7efc1c#new_tab\" target=\"_blank\" rel=\"nofollow\" class=\"\">Los algoritmos amenazan con filtrar las confesiones realizadas al abogado<\/a>\n\n\n\n\n\n\n<div class=\"wprss-feed-meta\">\n            <span class=\"feed-source\">\n            Source:\n\n                            Distrito Emprendedores\n                    <\/span>\n    \n            <span class=\"feed-date\">\n            Published on 2026-03-01\n        <\/span>\n    \n    <\/div>\n\n\n\n\n\n            \n        <\/li>\n                    <li class=\"wpra-item feed-item \">\n            \n            \n\n    <a  href=\"https:\/\/distritoemprendedores.es\/blog\/las-startups-que-mas-innovan-en-el-mundo\/\" target=\"_blank\" rel=\"nofollow\" class=\"\">Las startups que m\u00e1s innovan en el mundo<\/a>\n\n\n\n\n\n\n<div class=\"wprss-feed-meta\">\n            <span class=\"feed-source\">\n            Source:\n\n                            Distrito Emprendedores\n                    <\/span>\n    \n            <span class=\"feed-date\">\n            Published on 2026-02-28\n        <\/span>\n    \n    <\/div>\n\n\n\n\n\n            \n        <\/li>\n                    <li class=\"wpra-item feed-item \">\n            \n            \n\n    <a  href=\"https:\/\/distritoemprendedores.es\/blog\/tiktok-genera-31-000-millones-de-euros-para-las-empresas-europeas-y-3-000-millones-en-espana\/\" target=\"_blank\" rel=\"nofollow\" class=\"\">TikTok genera 31.000 millones de euros para las empresas europeas y 3.000 millones en Espa\u00f1a<\/a>\n\n\n\n\n\n\n<div class=\"wprss-feed-meta\">\n            <span class=\"feed-source\">\n            Source:\n\n                            Distrito Emprendedores\n                    <\/span>\n    \n            <span class=\"feed-date\">\n            Published on 2026-02-27\n        <\/span>\n    \n    <\/div>\n\n\n\n\n\n            \n        <\/li>\n                    <li class=\"wpra-item feed-item \">\n            \n            \n\n    <a  href=\"https:\/\/distritoemprendedores.es\/blog\/amazon-planea-un-marketplace-para-hacer-de-puente-entre-los-publishers-y-las-empresas-de-ia\/\" target=\"_blank\" rel=\"nofollow\" class=\"\">Amazon planea un \u00abmarketplace\u00bb para hacer de puente entre los \u00abpublishers\u00bb y las empresas de IA<\/a>\n\n\n\n\n\n\n<div class=\"wprss-feed-meta\">\n            <span class=\"feed-source\">\n            Source:\n\n                            Distrito Emprendedores\n                    <\/span>\n    \n            <span class=\"feed-date\">\n            Published on 2026-02-26\n        <\/span>\n    \n    <\/div>\n\n\n\n\n\n            \n        <\/li>\n        <\/ul>\n\n        \n<\/div>\n\n<\/div>\n\n<hr \/>\n<h3><span id=\"Por-que-no-publicar-en-todas-las-redes-sociales-exactamente-el-mismo-mensaje-o-el-mismo-tipo-de-contenido\">\u00bfPor qu\u00e9 no publicar en todas las redes sociales exactamente el mismo mensaje o el mismo tipo de contenido?<\/span><\/h3>\n<p>Porque cada red social tiene su \u00abnetiqueta\u00bb (c\u00f3digo de etiqueta en internet):<\/p>\n<p>\u2013 En Twitter son mensajes cortos (de hasta 140 caracteres, acompa\u00f1ados de im\u00e1genes, GIF, encuestas, hashtags\/etiquetas, videos en la propia plataforma, etc\u2026).<\/p>\n<p>\u2013 En una buena\u00a0<a href=\"https:\/\/www.tuposicionamientoweb.net\/administrar-pagina-facebook\/\">administraci\u00f3n de Facebook<\/a>\u00a0son im\u00e1genes o v\u00eddeos (dentro de la misma plataforma, nunca a trav\u00e9s de enlaces extendidos\/preexpandidos -es decir, el tipo de enlace por defecto que carga Facebook cuando dejamos un enlace en la caja de publicaci\u00f3n, con imagen, titular y una breve descripci\u00f3n-) con textos de unas 250 palabras, y uso limitado de los hashtags\/etiquetas (demasiadas etiquetas pueden suponer m\u00e1s un problema de comprensi\u00f3n lectora que una ayuda para que la gente pueda encontrar nuestro contenido).<\/p>\n<p>\u2013 En Google Plus tambi\u00e9n son im\u00e1genes o v\u00eddeos con textos detallados. Aqu\u00ed no hay problema con el uso de v\u00eddeos de Youtube o con la utilizaci\u00f3n de enlaces, aunque suelen funcionar de forma m\u00e1s destacada las im\u00e1genes.<\/p>\n<p>\u2013 En las\u00a0<a href=\"https:\/\/www.tuposicionamientoweb.net\/linkedin-para-empresas\/\">p\u00e1ginas de empresa en Linkedin<\/a>, se utilizan muchas menos palabras (est\u00e1 m\u00e1s limitado el n\u00famero de caracteres), acompa\u00f1ados de fotograf\u00edas o enlaces.<\/p>\n<p>\u2013 En Instagram el due\u00f1o indiscutible son las im\u00e1genes, los v\u00eddeos (muy breves), las etiquetas y los emoticonos.<\/p>\n<p><em>Si quieres conocer ventajas y cu\u00e1l es la mejor forma para gestionar redes sociales, descubre lo que te ofrecemos a continuaci\u00f3n, porque puede interesarte.<\/em><\/p>\n<h3><span id=\"Si-publicamos-en-varias-redes-sociales-a-la-vez-el-mismo-mensaje-confundiremos-a-nuestros-lectores\">Si publicamos en varias redes sociales a la vez el mismo mensaje, confundiremos a nuestros lectores<\/span><\/h3>\n<p>Como habr\u00e1s podido observar, aunque explicado de forma muy breve por nuestra parte para no apabullarte con excesiva informaci\u00f3n, cada red tiene su c\u00f3digo, sus contenidos, pero tambi\u00e9n tiene sus horas y sus ritmos.<\/p>\n<p>\u00bfProgramar (agendar) mensajes para que se publiquen en cada red a una hora distinta? Por supuesto, pero nunca el mismo mensaje.<\/p>\n<p>Si, por ejemplo, sabiendo que el ritmo de publicaci\u00f3n adecuado a la\u00a0<a href=\"https:\/\/www.tuposicionamientoweb.net\/herramientas-twitter\/\">herramienta de Twitter<\/a>\u00a0es elevado (ver art\u00edculo de\u00a0<a href=\"https:\/\/www.tuposicionamientoweb.net\/marketing-en-redes-sociales\/\">marketing en redes sociales<\/a>)\u00a0y con una\u00a0<a href=\"https:\/\/www.tuposicionamientoweb.net\/herramientas-gestion-redes-sociales\/\">herramienta de gesti\u00f3n de redes sociales<\/a>\u00a0quieres realizar varias publicaciones en un mismo d\u00eda (program\u00e1ndolas a varias horas), lo que NO tienes que hacer es marcar tambi\u00e9n que ya que lo vamos a publicar en Twitter, se haga en Facebook, Google +, Linkedin, etc\u2026 a la vez. Ser\u00eda un error.<\/p>\n<p>No marques la casilla de \u00abpublicar adem\u00e1s en esta otra red social\u00bb\u2026 \u00a1Error!<\/p>\n<p>Ello har\u00eda que los usuarios viesen un mensaje en Facebook corto, lleno de hashtags, con un enlace a otra red social (que es donde se origina el contenido) para que a su vez \u00e9sta dirija al usuario a una tercera p\u00e1gina web\u2026 Muy mal.<\/p>\n<h2><span id=\"Publicar-en-todas-las-redes-sociales-a-la-vez-consecuencias\">#\u00a0Publicar en todas las redes sociales a la vez: consecuencias<\/span><\/h2>\n<h3><span id=\"Si-publicamos-en-varias-redes-sociales-a-la-vez-el-mismo-mensajepodemos-ser-ignorados-por-estas-redes-sociales\">Si publicamos en varias redes sociales a la vez el mismo mensaje,\u00a0podemos ser ignorados por estas redes sociales<\/span><\/h3>\n<p>Como dec\u00edamos, un error de gesti\u00f3n catastr\u00f3fico, que puede suponer tiempo, esfuerzo y nada de aprovechamiento comercial por tu parte. Siendo que adem\u00e1s, da imagen de poca profesionalidad y dedicaci\u00f3n por parte de tu empresa. Y eso, es una de las \u00faltimas cosas que querr\u00edas transmitir con tu marca.<\/p>\n<p>Usa buenas herramientas de gesti\u00f3n de redes sociales para ahorrar tiempo, o utiliza cada red social con su plataforma si es lo que escoges como opci\u00f3n de\u00a0<a href=\"https:\/\/www.tuposicionamientoweb.net\/gestion-redes-sociales\/\">gesti\u00f3n de tus redes sociales<\/a>, pero que nunca se te ocurra \u201cpara ahorrar tiempo\u201d cruzar tipolog\u00edas de mensajes o contenido de una red a otra\u2026<\/p>\n<p>M\u00e1s all\u00e1 de la imagen que podr\u00edas transmitir, todas las redes sociales tienen sus algoritmos y tu p\u00e1gina\/perfil podr\u00eda resultar penalizada, no apareciendo en las b\u00fasquedas de la gente, o no apareciendo en sus \u201cstream\u201d, \u201cnewsfeed\u201d, \u201ctimeline\u201d o el nombre correspondiente que le den al muro de informaci\u00f3n constante que toda red social tiene. De forma que nuestro contenido no se mostrar\u00eda y por tanto todo el trabajo hecho ser\u00eda en balde.<\/p>\n<p>Si publicas el mismo contenido en varias redes sociales, puedes ser penalizado por alguna red social<\/p>\n<p>&nbsp;<\/p>\n<h2><span id=\"Publicar-en-todas-las-redes-sociales-a-la-vez-conclusiones\">#\u00a0Publicar en todas las redes sociales a la vez: conclusiones<\/span><\/h2>\n<h3><span id=\"Publica-adecuadamente-el-contenido-de-forma-que-sea-interesante-para-cada-red-social\">Publica adecuadamente el contenido, de forma que sea interesante para cada red social<\/span><\/h3>\n<p>As\u00ed pues, elige bien el contenido adecuado a cada red, invierte tiempo buscando im\u00e1genes (o dise\u00f1\u00e1ndolas exprofeso), acompa\u00f1ando tus mensajes con GIFS o con v\u00eddeos, aporta un contenido diferente en cada red, aunque el destino final sea siempre el mismo, conseguir tr\u00e1fico hacia tu web para que all\u00ed los usuarios interesados en su producto finalicen el proceso de informaci\u00f3n (te rellenen formularios, te llamen o te escriban) o el de compra (si eres una\u00a0<a href=\"https:\/\/www.tuposicionamientoweb.net\/montar-tienda-online\/\">tienda online<\/a>, compren tus productos).<\/p>\n<p>Al final tu objetivo debe ser la\u00a0<a href=\"https:\/\/www.tuposicionamientoweb.net\/como-captar-clientes\/\">captaci\u00f3n de clientes<\/a>.<\/p>\n<p>Y no te cierres, una red social puede ser tambi\u00e9n un canal de atenci\u00f3n al cliente que solucione dudas o aporte informaci\u00f3n m\u00e1s ampliada de tus productos o servicios.<\/p>\n<p>Expr\u00edmeles bien todo el jugo a las redes sociales.<\/p>\n<p><span class=\"fn\"><a href=\"https:\/\/www.tuposicionamientoweb.net\/ana-pedroche\/\">Ana Pedroche<\/a><\/span><\/p>\n<div id=\"telet-1275292970\" class=\"telet-despues-del-contenido telet-entity-placement\"><a target=\"_blank\" href=\"\/\/aff.lucushost.com\/resources\/click\/?n=gDxoXMAJ&aff=756\"><img decoding=\"async\" border=\"0\" alt=\"LucusHost, el mejor hosting\" src=\"\/\/aff.lucushost.com\/resources\/banners\/?zoneid=5123&n=gDxoXMAJ&aff=756\" \/><\/a><\/div>","protected":false},"excerpt":{"rendered":"<p>Lo hemos dicho con anterioridad en otros art\u00edculos y en otras gu\u00edas. Puede que te parezca, leyendo todos estos art\u00edculos, que somos un poco pesados con este tema. Pero cuando&hellip; <\/p>\n","protected":false},"author":1,"featured_media":1713,"comment_status":"open","ping_status":"open","sticky":false,"template":"","format":"standard","meta":{"_jetpack_memberships_contains_paid_content":false,"footnotes":"","_links_to":"","_links_to_target":""},"categories":[11],"tags":[15,14],"class_list":["post-6716","post","type-post","status-publish","format-standard","has-post-thumbnail","hentry","category-redes-sociales","tag-fuprisa","tag-jose-manuel-fuentes-prieto"],"nelio_content":{"autoShareEndMode":"never","automationSources":{"useCustomSentences":false,"customSentences":[]},"efiAlt":"","efiUrl":"","followers":[1],"highlights":[],"isAutoShareEnabled":true,"networkImageIds":[],"permalinkQueryArgs":[],"series":[],"suggestedReferences":[]},"jetpack_featured_media_url":"https:\/\/teletrabajoynegocios.com\/telesecretarias\/wp-content\/uploads\/sites\/2\/2020\/08\/negocios-por-internet-2.jpg","jetpack_sharing_enabled":true,"_links":{"self":[{"href":"https:\/\/teletrabajoynegocios.com\/telesecretarias\/wp-json\/wp\/v2\/posts\/6716","targetHints":{"allow":["GET"]}}],"collection":[{"href":"https:\/\/teletrabajoynegocios.com\/telesecretarias\/wp-json\/wp\/v2\/posts"}],"about":[{"href":"https:\/\/teletrabajoynegocios.com\/telesecretarias\/wp-json\/wp\/v2\/types\/post"}],"author":[{"embeddable":true,"href":"https:\/\/teletrabajoynegocios.com\/telesecretarias\/wp-json\/wp\/v2\/users\/1"}],"replies":[{"embeddable":true,"href":"https:\/\/teletrabajoynegocios.com\/telesecretarias\/wp-json\/wp\/v2\/comments?post=6716"}],"version-history":[{"count":1,"href":"https:\/\/teletrabajoynegocios.com\/telesecretarias\/wp-json\/wp\/v2\/posts\/6716\/revisions"}],"predecessor-version":[{"id":6717,"href":"https:\/\/teletrabajoynegocios.com\/telesecretarias\/wp-json\/wp\/v2\/posts\/6716\/revisions\/6717"}],"wp:featuredmedia":[{"embeddable":true,"href":"https:\/\/teletrabajoynegocios.com\/telesecretarias\/wp-json\/wp\/v2\/media\/1713"}],"wp:attachment":[{"href":"https:\/\/teletrabajoynegocios.com\/telesecretarias\/wp-json\/wp\/v2\/media?parent=6716"}],"wp:term":[{"taxonomy":"category","embeddable":true,"href":"https:\/\/teletrabajoynegocios.com\/telesecretarias\/wp-json\/wp\/v2\/categories?post=6716"},{"taxonomy":"post_tag","embeddable":true,"href":"https:\/\/teletrabajoynegocios.com\/telesecretarias\/wp-json\/wp\/v2\/tags?post=6716"}],"curies":[{"name":"wp","href":"https:\/\/api.w.org\/{rel}","templated":true}]}}