{"id":6729,"date":"2021-11-28T10:21:27","date_gmt":"2021-11-28T09:21:27","guid":{"rendered":"https:\/\/teletrabajoynegocios.com\/telesecretarias\/?p=6729"},"modified":"2021-11-23T10:32:34","modified_gmt":"2021-11-23T09:32:34","slug":"que-hace-el-gestor-de-redes-sociales","status":"publish","type":"post","link":"https:\/\/teletrabajoynegocios.com\/telesecretarias\/que-hace-el-gestor-de-redes-sociales\/","title":{"rendered":"\u00bfQu\u00e9 hace el gestor de redes sociales?"},"content":{"rendered":"<div id=\"telet-2271690389\" class=\"telet-antes-del-contenido telet-entity-placement\"><a href=\"https:\/\/quaderno.io\/?via=jose-manuel94\" aria-label=\"Quaderno General (Spanish) &#8211; 728&#215;90\"><img loading=\"lazy\" decoding=\"async\" src=\"https:\/\/teletrabajoynegocios.com\/telesecretarias\/wp-content\/uploads\/sites\/2\/2020\/11\/Quaderno-General-Spanish-728x90-1.png\" alt=\"\"  srcset=\"https:\/\/teletrabajoynegocios.com\/telesecretarias\/wp-content\/uploads\/sites\/2\/2020\/11\/Quaderno-General-Spanish-728x90-1.png 728w, https:\/\/teletrabajoynegocios.com\/telesecretarias\/wp-content\/uploads\/sites\/2\/2020\/11\/Quaderno-General-Spanish-728x90-1-300x37.png 300w\" sizes=\"(max-width: 728px) 100vw, 728px\" width=\"728\" height=\"90\"   \/><\/a><\/div><p>Una de las nuevas posiciones de trabajo que surgi\u00f3 en los \u00faltimos a\u00f1os a medida que aument\u00f3 la popularidad de las redes sociales es la del\u00a0<b>gestor de redes sociales.<\/b><\/p>\n<p>Esta nueva posici\u00f3n a menudo se confunde porque interviene (y se superpone) en varios puntos de la estrategia digital.<\/p>\n<p>Desde el estratega de redes sociales, capaz de dise\u00f1ar y coordinar actividades de marketing digital en el campo social, hasta el Gestor de redes sociales y Gestor de comunidades,<\/p>\n<p>Estas dos \u00faltimas posiciones a menudo est\u00e1n \u201cunidas\u201d entre ellas y, a menudo, son asumidas por la misma persona. En particular, esto sucede a menudo en empresas m\u00e1s peque\u00f1as.<\/p>\n<h3>Entonces, \u00bfqu\u00e9 hace el gestor de redes sociales?<\/h3>\n<ul>\n<li>Junto con el estratega de redes sociales, estudia un plan de comunicaci\u00f3n para sus clientes.<\/li>\n<li>Junto con los clientes, establece las m\u00e9tricas a alcanzar para una estrategia exitosa.<\/li>\n<li>Crea el plan editorial y las actividades sociales.<\/li>\n<li>S\u00ed, tambi\u00e9n es, como sucede a menudo, un gerente comunitario se encarga de la gesti\u00f3n operativa.<\/li>\n<li>Est\u00e1 atento a las m\u00e9tricas y corrige la estrategia.<\/li>\n<\/ul>\n<h3>Estudia un plan de comunicaci\u00f3n para el cliente.<\/h3>\n<p>El punto de partida es conocer bien el objetivo de la empresa.<\/p>\n<p>Conocer el producto perfectamente es esencial para crear a tu \u201cpersona\u201d, el cual es el arquetipo del cliente ideal. Este an\u00e1lisis incluye: edad, sexo, h\u00e1bitos de venta, pero tambi\u00e9n pasatiempos y pasiones de los muchos posibles clientes interesados en nuestros servicios o productos.<\/p>\n<p>Gracias a este marco, podemos pasar a la\u00a0<b>elecci\u00f3n de los canales sociales<\/b>\u00a0a controlar y la elecci\u00f3n del tono de voz consistente con la marca y el plan de comunicaci\u00f3n social.<\/p>\n<hr \/>\n<p><img decoding=\"async\" src=\"https:\/\/teletrabajoynegocios.com\/teletrabajador\/wp-content\/uploads\/sites\/3\/2020\/07\/articulos.png\" \/><\/p>\n<div class=\"wp-rss-template-container\" data-wpra-template=\"default\" data-template-ctx=\"eyJ0ZW1wbGF0ZSI6IkRlZmF1bHQifQ==\">\n    <div class=\"wp-rss-aggregator wpra-list-template  \" data-page=\"1\">\n    \n    \n<ul class=\"wpra-item-list rss-aggregator wpra-item-list--bullets wpra-item-list--default\"\n    start=\"1\">\n                        <li class=\"wpra-item feed-item \">\n            \n            \n\n    <a  href=\"https:\/\/distritoemprendedores.com\/blog\/2026\/03\/16\/hello-world\/\" target=\"_blank\" rel=\"nofollow\" class=\"\">Hello world!<\/a>\n\n\n\n\n\n\n<div class=\"wprss-feed-meta\">\n            <span class=\"feed-source\">\n            Source:\n\n                            Distrito Emprendedores\n                    <\/span>\n    \n            <span class=\"feed-date\">\n            Published on 2026-03-16\n        <\/span>\n    \n    <\/div>\n\n\n\n\n\n            \n        <\/li>\n                    <li class=\"wpra-item feed-item \">\n            \n            \n\n    <a  href=\"https:\/\/www.dropbox.com\/scl\/fi\/b6csvpbfxu24vaezmo3es\/62bed0634df20e5ef35346439fdd423f_franquicias.pdf?rlkey=mfp2795s4n89mw35l0yeu2vl5&amp;e=2&amp;st=57kabuy0&amp;dl=0#new_tab\" target=\"_blank\" rel=\"nofollow\" class=\"\">Las franquicias espa\u00f1olas duplican su presencia en mercados for\u00e1neos<\/a>\n\n\n\n\n\n\n<div class=\"wprss-feed-meta\">\n            <span class=\"feed-source\">\n            Source:\n\n                            Distrito Emprendedores\n                    <\/span>\n    \n            <span class=\"feed-date\">\n            Published on 2026-03-11\n        <\/span>\n    \n    <\/div>\n\n\n\n\n\n            \n        <\/li>\n                    <li class=\"wpra-item feed-item \">\n            \n            \n\n    <a  href=\"https:\/\/distritoemprendedores.es\/blog\/5-errores-fatales-al-internacionalizar-tu-franquicia\/\" target=\"_blank\" rel=\"nofollow\" class=\"\">5 errores fatales al internacionalizar tu franquicia<\/a>\n\n\n\n\n\n\n<div class=\"wprss-feed-meta\">\n            <span class=\"feed-source\">\n            Source:\n\n                            Distrito Emprendedores\n                    <\/span>\n    \n            <span class=\"feed-date\">\n            Published on 2026-03-10\n        <\/span>\n    \n    <\/div>\n\n\n\n\n\n            \n        <\/li>\n                    <li class=\"wpra-item feed-item \">\n            \n            \n\n    <a  href=\"https:\/\/distritoemprendedores.es\/blog\/un-nuevo-prime-time-para-las-marcas-afterwork-tardeo-y-futbol-se-consolidan-como-los-grandes-motores-del-consumo-experiencial\/\" target=\"_blank\" rel=\"nofollow\" class=\"\">Un nuevo prime time para las marcas: afterwork, tardeo y f\u00fatbol se consolidan como los grandes motores del consumo experiencial<\/a>\n\n\n\n\n\n\n<div class=\"wprss-feed-meta\">\n            <span class=\"feed-source\">\n            Source:\n\n                            Distrito Emprendedores\n                    <\/span>\n    \n            <span class=\"feed-date\">\n            Published on 2026-03-09\n        <\/span>\n    \n    <\/div>\n\n\n\n\n\n            \n        <\/li>\n                    <li class=\"wpra-item feed-item \">\n            \n            \n\n    <a  href=\"https:\/\/distritoemprendedores.es\/blog\/la-ventaja-competitiva-esta-en-entender-como-pregunta-el-consumidor\/\" target=\"_blank\" rel=\"nofollow\" class=\"\">La ventaja competitiva est\u00e1 en entender c\u00f3mo pregunta el consumidor<\/a>\n\n\n\n\n\n\n<div class=\"wprss-feed-meta\">\n            <span class=\"feed-source\">\n            Source:\n\n                            Distrito Emprendedores\n                    <\/span>\n    \n            <span class=\"feed-date\">\n            Published on 2026-03-08\n        <\/span>\n    \n    <\/div>\n\n\n\n\n\n            \n        <\/li>\n                    <li class=\"wpra-item feed-item \">\n            \n            \n\n    <a  href=\"https:\/\/distritoemprendedores.es\/blog\/solo-el-7-de-los-espanoles-cree-a-las-marcas-cuando-comunican-sus-valores-con-hechos-demostrables\/\" target=\"_blank\" rel=\"nofollow\" class=\"\">Solo el 7% de los espa\u00f1oles cree a las marcas cuando comunican sus valores con hechos demostrables<\/a>\n\n\n\n\n\n\n<div class=\"wprss-feed-meta\">\n            <span class=\"feed-source\">\n            Source:\n\n                            Distrito Emprendedores\n                    <\/span>\n    \n            <span class=\"feed-date\">\n            Published on 2026-03-07\n        <\/span>\n    \n    <\/div>\n\n\n\n\n\n            \n        <\/li>\n                    <li class=\"wpra-item feed-item \">\n            \n            \n\n    <a  href=\"https:\/\/distritoemprendedores.es\/blog\/el-38-de-las-empresas-creadas-en-2019-ha-echado-ya-el-cierre\/\" target=\"_blank\" rel=\"nofollow\" class=\"\">El 38% de las empresas creadas en 2019 ha echado ya el cierre<\/a>\n\n\n\n\n\n\n<div class=\"wprss-feed-meta\">\n            <span class=\"feed-source\">\n            Source:\n\n                            Distrito Emprendedores\n                    <\/span>\n    \n            <span class=\"feed-date\">\n            Published on 2026-03-06\n        <\/span>\n    \n    <\/div>\n\n\n\n\n\n            \n        <\/li>\n                    <li class=\"wpra-item feed-item \">\n            \n            \n\n    <a  href=\"https:\/\/distritoemprendedores.es\/blog\/descubre-las-oportunidades-y-tendencias-en-el-mercado-de-la-franquicia-para-2026\/\" target=\"_blank\" rel=\"nofollow\" class=\"\">Descubre las oportunidades y tendencias en el mercado de la franquicia para 2026<\/a>\n\n\n\n\n\n\n<div class=\"wprss-feed-meta\">\n            <span class=\"feed-source\">\n            Source:\n\n                            Distrito Emprendedores\n                    <\/span>\n    \n            <span class=\"feed-date\">\n            Published on 2026-03-05\n        <\/span>\n    \n    <\/div>\n\n\n\n\n\n            \n        <\/li>\n                    <li class=\"wpra-item feed-item \">\n            \n            \n\n    <a  href=\"https:\/\/distritoemprendedores.es\/blog\/las-startups-de-salud-mas-punteras-del-mundo\/\" target=\"_blank\" rel=\"nofollow\" class=\"\">Las startups de salud m\u00e1s punteras del mundo<\/a>\n\n\n\n\n\n\n<div class=\"wprss-feed-meta\">\n            <span class=\"feed-source\">\n            Source:\n\n                            Distrito Emprendedores\n                    <\/span>\n    \n            <span class=\"feed-date\">\n            Published on 2026-03-04\n        <\/span>\n    \n    <\/div>\n\n\n\n\n\n            \n        <\/li>\n                    <li class=\"wpra-item feed-item \">\n            \n            \n\n    <a  href=\"https:\/\/distritoemprendedores.es\/blog\/puesta-en-marcha-de-un-negocio-primeros-pasos-para-validar-vender-y-controlar-la-tesoreria\/\" target=\"_blank\" rel=\"nofollow\" class=\"\">Puesta en marcha de un negocio: primeros pasos para validar, vender y controlar la tesorer\u00eda<\/a>\n\n\n\n\n\n\n<div class=\"wprss-feed-meta\">\n            <span class=\"feed-source\">\n            Source:\n\n                            Distrito Emprendedores\n                    <\/span>\n    \n            <span class=\"feed-date\">\n            Published on 2026-03-03\n        <\/span>\n    \n    <\/div>\n\n\n\n\n\n            \n        <\/li>\n                    <li class=\"wpra-item feed-item \">\n            \n            \n\n    <a  href=\"https:\/\/distritoemprendedores.es\/blog\/6-franquicias-sin-apenas-competencia-en-el-mercado\/\" target=\"_blank\" rel=\"nofollow\" class=\"\">6 franquicias sin apenas competencia en el mercado<\/a>\n\n\n\n\n\n\n<div class=\"wprss-feed-meta\">\n            <span class=\"feed-source\">\n            Source:\n\n                            Distrito Emprendedores\n                    <\/span>\n    \n            <span class=\"feed-date\">\n            Published on 2026-03-02\n        <\/span>\n    \n    <\/div>\n\n\n\n\n\n            \n        <\/li>\n                    <li class=\"wpra-item feed-item \">\n            \n            \n\n    <a  href=\"https:\/\/digistorage.es\/links\/71d78951-a420-4f5b-8de6-7b35ae7efc1c#new_tab\" target=\"_blank\" rel=\"nofollow\" class=\"\">Los algoritmos amenazan con filtrar las confesiones realizadas al abogado<\/a>\n\n\n\n\n\n\n<div class=\"wprss-feed-meta\">\n            <span class=\"feed-source\">\n            Source:\n\n                            Distrito Emprendedores\n                    <\/span>\n    \n            <span class=\"feed-date\">\n            Published on 2026-03-01\n        <\/span>\n    \n    <\/div>\n\n\n\n\n\n            \n        <\/li>\n                    <li class=\"wpra-item feed-item \">\n            \n            \n\n    <a  href=\"https:\/\/distritoemprendedores.es\/blog\/las-startups-que-mas-innovan-en-el-mundo\/\" target=\"_blank\" rel=\"nofollow\" class=\"\">Las startups que m\u00e1s innovan en el mundo<\/a>\n\n\n\n\n\n\n<div class=\"wprss-feed-meta\">\n            <span class=\"feed-source\">\n            Source:\n\n                            Distrito Emprendedores\n                    <\/span>\n    \n            <span class=\"feed-date\">\n            Published on 2026-02-28\n        <\/span>\n    \n    <\/div>\n\n\n\n\n\n            \n        <\/li>\n                    <li class=\"wpra-item feed-item \">\n            \n            \n\n    <a  href=\"https:\/\/distritoemprendedores.es\/blog\/tiktok-genera-31-000-millones-de-euros-para-las-empresas-europeas-y-3-000-millones-en-espana\/\" target=\"_blank\" rel=\"nofollow\" class=\"\">TikTok genera 31.000 millones de euros para las empresas europeas y 3.000 millones en Espa\u00f1a<\/a>\n\n\n\n\n\n\n<div class=\"wprss-feed-meta\">\n            <span class=\"feed-source\">\n            Source:\n\n                            Distrito Emprendedores\n                    <\/span>\n    \n            <span class=\"feed-date\">\n            Published on 2026-02-27\n        <\/span>\n    \n    <\/div>\n\n\n\n\n\n            \n        <\/li>\n                    <li class=\"wpra-item feed-item \">\n            \n            \n\n    <a  href=\"https:\/\/distritoemprendedores.es\/blog\/amazon-planea-un-marketplace-para-hacer-de-puente-entre-los-publishers-y-las-empresas-de-ia\/\" target=\"_blank\" rel=\"nofollow\" class=\"\">Amazon planea un \u00abmarketplace\u00bb para hacer de puente entre los \u00abpublishers\u00bb y las empresas de IA<\/a>\n\n\n\n\n\n\n<div class=\"wprss-feed-meta\">\n            <span class=\"feed-source\">\n            Source:\n\n                            Distrito Emprendedores\n                    <\/span>\n    \n            <span class=\"feed-date\">\n            Published on 2026-02-26\n        <\/span>\n    \n    <\/div>\n\n\n\n\n\n            \n        <\/li>\n        <\/ul>\n\n        \n<\/div>\n\n<\/div>\n\n<hr \/>\n<h3>Establecer objetivos y el indicador clave de rendimiento (KPI)<\/h3>\n<p>Al crear un programa de comunicaci\u00f3n, debe hacerse junto con un conjunto de par\u00e1metros elegidos junto con el cliente. Si bien algunos pueden ser valores vanidosos como \u201cme gusta\u201d, e interacciones, pueden existir KPI a\u00fan m\u00e1s complejos, como conversiones (usuarios que realizan ciertas acciones en el sitio) hasta objetivos de ingresos.<\/p>\n<p>Establecer las m\u00e9tricas significa tener objetivos que alcanzar y sobre los cuales basar la estrategia en l\u00ednea.<\/p>\n<h3>Crear el plan editorial y las actividades sociales<\/h3>\n<p>El plan de comunicaci\u00f3n general, tambi\u00e9n gracias a los objetivos de KPI y las m\u00e9tricas prefijadas, se convierte en un calendario operativo. Gracias a este calendario, es posible calificar la producci\u00f3n de contenido para compartir con la base de fans.<\/p>\n<p>El calendario consistir\u00e1 en una mezcla equilibrada de contenido, enlaces, concursos, etc.<\/p>\n<p>La obligaci\u00f3n n\u00famero uno es nunca ser demasiado promocional para evitar aburrir a tus fan\u00e1ticos y por lo tanto perder sus \u201cme gusta\u201d.<\/p>\n<p>En este paso es indispensable contar con un calendario editorial, que te permitir\u00e1 planificar tus publicaciones y ser\u00e1 la hoja de ruta a seguir para la creaci\u00f3n y publicaci\u00f3n de tu contenido.<\/p>\n<h3>Gesti\u00f3n operativa y gesti\u00f3n comunitaria<\/h3>\n<p>Despu\u00e9s de completar la parte estrat\u00e9gica, pasamos a la parte divertida.<\/p>\n<p>Crea publicaciones, ls comparte y gestiona la comunidad. Y aqu\u00ed a menudo nos encontramos con las partes m\u00e1s cr\u00edticas. Las redes sociales est\u00e1n llenas de usuarios despiadados, conocidos como trolls, que se dedican al sabotaje de publicaciones, a la divulgaci\u00f3n de informaci\u00f3n falsa, etc. Por lo que los debes tomar en cuenta en la implementaci\u00f3n del plan. Debes tener cuidado con ellos antes, despu\u00e9s y durante.<\/p>\n<p>Por ejemplo:<\/p>\n<p>Primero: evita el contenido que es ofensivo para la comunidad, por ejemplo.<\/p>\n<p>Durante: ten cuidado de no cometer errores \/ horrores gramaticales<\/p>\n<p>Despu\u00e9s: gesti\u00f3n de crisis, comentarios duros (a los que debes dar una respuesta), etc.<\/p>\n<h3>Vigila las m\u00e9tricas.<\/h3>\n<p>Para cada actividad, contenido o campa\u00f1a social, ya sea org\u00e1nica o de pago, es necesario vigilar los resultados que se han logrado y las m\u00e9tricas respectivas.<\/p>\n<p>Por ejemplo: \u00bfes el CTR lo suficientemente bueno? Eso se basa en las opiniones de los seguidores de la publicaci\u00f3n, y en cu\u00e1ntos clics hicieron en ella. Al estudiar las m\u00e9tricas, es posible corregir el enfoque para mejorar las publicaciones posteriores y posiblemente cuestionar el calendario editorial.<\/p>\n<p>\u00a1Este es un resumen de lo que hace un gestor de redes sociales! Esperamos que la lectura de este art\u00edculo te haya sido de ayuda, y que haya abierto un poco m\u00e1s tu panorama y opini\u00f3n acerca de lo que implica tener un buen gestor de redes sociales. Un buen gestor con conjunto de buenas herramientas de gesti\u00f3n, curaci\u00f3n y programaci\u00f3n de publicaciones pueden lograr maravillas en las redes sociales.<\/p>\n<p>\u00bfQuieres contarnos tu experiencia? \u00a1Hazlo en los comentarios!<\/p>\n<p><span class=\"author vcard\"><a class=\"url fn n\" href=\"https:\/\/www.spidwit.com\/blog\/es\/author\/spidwit-blog-es\/\">Spidwit Blog &#8211; ES<\/a><\/span><\/p>\n<div id=\"telet-1611941699\" class=\"telet-despues-del-contenido telet-entity-placement\"><a target=\"_blank\" href=\"\/\/aff.lucushost.com\/resources\/click\/?n=gDxoXMAJ&aff=756\"><img decoding=\"async\" border=\"0\" alt=\"LucusHost, el mejor hosting\" src=\"\/\/aff.lucushost.com\/resources\/banners\/?zoneid=5123&n=gDxoXMAJ&aff=756\" \/><\/a><\/div>","protected":false},"excerpt":{"rendered":"<p>Una de las nuevas posiciones de trabajo que surgi\u00f3 en los \u00faltimos a\u00f1os a medida que aument\u00f3 la popularidad de las redes sociales es la del\u00a0gestor de redes sociales. Esta&hellip; <\/p>\n","protected":false},"author":1,"featured_media":1944,"comment_status":"open","ping_status":"open","sticky":false,"template":"","format":"standard","meta":{"_jetpack_memberships_contains_paid_content":false,"footnotes":"","_links_to":"","_links_to_target":""},"categories":[11],"tags":[15,14],"class_list":["post-6729","post","type-post","status-publish","format-standard","has-post-thumbnail","hentry","category-redes-sociales","tag-fuprisa","tag-jose-manuel-fuentes-prieto"],"nelio_content":{"autoShareEndMode":"never","automationSources":{"useCustomSentences":false,"customSentences":[]},"efiAlt":"","efiUrl":"","followers":[1],"highlights":[],"isAutoShareEnabled":true,"networkImageIds":[],"permalinkQueryArgs":[],"series":[],"suggestedReferences":[]},"jetpack_featured_media_url":"https:\/\/teletrabajoynegocios.com\/telesecretarias\/wp-content\/uploads\/sites\/2\/2020\/09\/playa.jpg","jetpack_sharing_enabled":true,"_links":{"self":[{"href":"https:\/\/teletrabajoynegocios.com\/telesecretarias\/wp-json\/wp\/v2\/posts\/6729","targetHints":{"allow":["GET"]}}],"collection":[{"href":"https:\/\/teletrabajoynegocios.com\/telesecretarias\/wp-json\/wp\/v2\/posts"}],"about":[{"href":"https:\/\/teletrabajoynegocios.com\/telesecretarias\/wp-json\/wp\/v2\/types\/post"}],"author":[{"embeddable":true,"href":"https:\/\/teletrabajoynegocios.com\/telesecretarias\/wp-json\/wp\/v2\/users\/1"}],"replies":[{"embeddable":true,"href":"https:\/\/teletrabajoynegocios.com\/telesecretarias\/wp-json\/wp\/v2\/comments?post=6729"}],"version-history":[{"count":2,"href":"https:\/\/teletrabajoynegocios.com\/telesecretarias\/wp-json\/wp\/v2\/posts\/6729\/revisions"}],"predecessor-version":[{"id":6732,"href":"https:\/\/teletrabajoynegocios.com\/telesecretarias\/wp-json\/wp\/v2\/posts\/6729\/revisions\/6732"}],"wp:featuredmedia":[{"embeddable":true,"href":"https:\/\/teletrabajoynegocios.com\/telesecretarias\/wp-json\/wp\/v2\/media\/1944"}],"wp:attachment":[{"href":"https:\/\/teletrabajoynegocios.com\/telesecretarias\/wp-json\/wp\/v2\/media?parent=6729"}],"wp:term":[{"taxonomy":"category","embeddable":true,"href":"https:\/\/teletrabajoynegocios.com\/telesecretarias\/wp-json\/wp\/v2\/categories?post=6729"},{"taxonomy":"post_tag","embeddable":true,"href":"https:\/\/teletrabajoynegocios.com\/telesecretarias\/wp-json\/wp\/v2\/tags?post=6729"}],"curies":[{"name":"wp","href":"https:\/\/api.w.org\/{rel}","templated":true}]}}