{"id":6733,"date":"2021-11-29T10:33:08","date_gmt":"2021-11-29T09:33:08","guid":{"rendered":"https:\/\/teletrabajoynegocios.com\/telesecretarias\/?p=6733"},"modified":"2021-11-23T10:40:30","modified_gmt":"2021-11-23T09:40:30","slug":"marketing-en-redes-sociales-cuantas-veces-debes-publicar-por-dia-para-llegar-a-tu-audiencia","status":"publish","type":"post","link":"https:\/\/teletrabajoynegocios.com\/telesecretarias\/marketing-en-redes-sociales-cuantas-veces-debes-publicar-por-dia-para-llegar-a-tu-audiencia\/","title":{"rendered":"Marketing en Redes Sociales: \u00bfCu\u00e1ntas Veces Debes Publicar por D\u00eda para Llegar a tu Audiencia?"},"content":{"rendered":"<div id=\"telet-2545408821\" class=\"telet-antes-del-contenido telet-entity-placement\"><a href=\"https:\/\/quaderno.io\/?via=jose-manuel94\" aria-label=\"Quaderno General (Spanish) &#8211; 728&#215;90\"><img loading=\"lazy\" decoding=\"async\" src=\"https:\/\/teletrabajoynegocios.com\/telesecretarias\/wp-content\/uploads\/sites\/2\/2020\/11\/Quaderno-General-Spanish-728x90-1.png\" alt=\"\"  srcset=\"https:\/\/teletrabajoynegocios.com\/telesecretarias\/wp-content\/uploads\/sites\/2\/2020\/11\/Quaderno-General-Spanish-728x90-1.png 728w, https:\/\/teletrabajoynegocios.com\/telesecretarias\/wp-content\/uploads\/sites\/2\/2020\/11\/Quaderno-General-Spanish-728x90-1-300x37.png 300w\" sizes=\"(max-width: 728px) 100vw, 728px\" width=\"728\" height=\"90\"   \/><\/a><\/div><p>Para que tu estrategia de\u00a0<strong><em>Marketing en Redes Sociales<\/em><\/strong>\u00a0resulte exitosa, es inminente que se cumplan\u00a0<strong>tres condiciones fundamentales<\/strong>: que tus\u00a0<strong>objetivos sean claros<\/strong>, que tus\u00a0<strong>contenidos sean efectivos<\/strong>\u00a0y\u00a0<strong>que tus mensajes lleguen a tu audiencia<\/strong>. \u00a1De esto \u00faltimo nos encargaremos en este post!<\/p>\n<p>Cada Red Social tiene su propia din\u00e1mica, la cual impacta directamente en la<strong>\u00a0frecuencia de publicaci\u00f3n<\/strong>\u00a0que debes seguir para que tus mensajes sean vistos por tu audiencia. As\u00ed por ejemplo, no es lo mismo el ritmo del vertiginoso\u00a0<em>Newsfeed<\/em>\u00a0de Twitter (donde debes insistir para \u201csobrevivir\u201d), que el m\u00e1s discreto<em>\u00a0fluir<\/em>\u00a0de LinkedIn.<\/p>\n<p>Por ello, en este post te mostrar\u00e9 cu\u00e1l es\u00a0<strong>la mejor frecuencia de publicaci\u00f3n para las Redes Sociales<\/strong>\u00a0m\u00e1s importantes:\u00a0<em>Facebook, Twitter, LinkedIn, YouTube, Pinterest, Instagram y Google+<\/em>.<\/p>\n<h2>\u00bfC\u00f3mo Publicar todos los d\u00edas en las Redes Sociales?<\/h2>\n<p>Antes que nada, es importante destacar<em>\u00a0por qu\u00e9<\/em>\u00a0debes\u00a0<strong>mantener tus cuentas en las Redes Sociales siempre actualizadas<\/strong>. Como explican\u00a0<strong><a href=\"https:\/\/www.linkedin.com\/pulse\/why-you-should-post-content-daily-your-social-media-accounts-amy\" target=\"_blank\" rel=\"noopener\">los especialistas<\/a><\/strong>, para lograr una buena difusi\u00f3n en Social Media y construir una presencia relevante, es inminente conseguir el\u00a0<em><strong>\u201cEfecto Bola de Nieve\u201d<\/strong>.<\/em><\/p>\n<p>Se trata del<strong>\u00a0proceso<\/strong>\u00a0en el cual\u00a0<strong>un usuario ve tu publicaci\u00f3n, se interesa por ella gracias a un t\u00edtulo y una imagen atractivos, y luego la comparte con sus contactos<\/strong>. Ese s\u00f3lo hecho representa un\u00a0<strong>gran logro para tu marca<\/strong>, ya que para los seguidores del usuario, resulta ser una\u00a0<strong>recomendaci\u00f3n \u201ccalificada\u201d de tu contenido<\/strong>.<\/p>\n<p>As\u00ed, para asegurarte de que los usuarios vean tus posts\u00a0<strong>es necesario publicar todos los d\u00edas en la frecuencia requerida para cada Red Social<\/strong>. Ahora bien,\u00a0<strong>\u00bfc\u00f3mo publicar todos los d\u00edas en las Redes Sociales?<\/strong>\u00a0Para lograrlo con \u00e9xito, te aconsejo:<\/p>\n<ul>\n<li><a href=\"https:\/\/postcron.com\/es\/blog\/como-crear-tu-estrategia-de-social-media-paso-a-paso\/\" target=\"_blank\" rel=\"noopener\"><strong>Dise\u00f1ar una Estrategia de Marketing en Social Media<\/strong><\/a>, que gu\u00ede tus pasos en las Redes Sociales a partir del establecimiento de objetivos. Esto te permitir\u00e1 tanto definir de antemano qu\u00e9 vas a publicar y\u00a0<strong>medir el \u00e9xito de tus campa\u00f1as<\/strong>\u00a0a partir de tus metas planteadas.<\/li>\n<li><a href=\"https:\/\/postcron.com\/es\/blog\/plantillas-de-redes-sociales\/\" target=\"_blank\" rel=\"noopener\"><strong>Documentar tu estrategia de Social Media<\/strong><\/a>, para facilitar el an\u00e1lisis de tu estrategia editorial y le elecci\u00f3n de tus mejores contenidos para compartir.<\/li>\n<li><a href=\"https:\/\/postcron.com\/es\/blog\/como-usar-postcron-tutorial-guia-paso-a-paso\" target=\"_blank\" rel=\"noopener\"><strong>Agendar tus publicaciones<\/strong><\/a>\u00a0para que se compartan\u00a0<strong>autom\u00e1ticamente<\/strong>, sin tener que\u00a0<em>estar online todo el d\u00eda<\/em>. As\u00ed para\u00a0<strong>agendar tus contenidos<\/strong>\u00a0te recomiendo\u00a0<a href=\"https:\/\/postcron.com\/\" target=\"_blank\" rel=\"noopener\"><strong>Postcron<\/strong><\/a>, nuestra herramienta para\u00a0<strong>programar posts<\/strong>\u00a0(<a href=\"https:\/\/postcron.com\/es\/blog\/landings\/programar-publicaciones-para-facebook\" target=\"_blank\" rel=\"noopener\"><strong>de a uno<\/strong><\/a>, o\u00a0<a href=\"https:\/\/postcron.com\/es\/blog\/como-agendar-cientos-de-posts-en-minutos-con-una-planilla-de-calculo-guia\/\" target=\"_blank\" rel=\"noopener\"><strong>masivamente<\/strong><\/a>), de modo que se publiquen en los d\u00edas y horarios que t\u00fa especifiques.<\/li>\n<\/ul>\n<p>Si deseas\u00a0<strong>optimizar tus recursos al m\u00e1ximo<\/strong>, te aconsejo\u00a0<a href=\"https:\/\/postcron.com\/es\/blog\/extension-de-postcron-para-chrome-tutorial\/\" target=\"_blank\" rel=\"noopener\"><strong>utilizar Postcron para Chrome<\/strong><\/a>, nuestra\u00a0<strong>extensi\u00f3n<\/strong>\u00a0que te permite\u00a0<em>agendar cualquier contenido que encuentres mientras navegas<\/em>\u00a0(fotos, art\u00edculos, etc.) para que se publique autom\u00e1ticamente en tus Redes. \u00a1De esa forma tus sesiones en Internet rinden mucho m\u00e1s!<\/p>\n<hr \/>\n<p><img decoding=\"async\" src=\"https:\/\/teletrabajoynegocios.com\/teletrabajador\/wp-content\/uploads\/sites\/3\/2020\/07\/articulos.png\" \/><\/p>\n<div class=\"wp-rss-template-container\" data-wpra-template=\"default\" data-template-ctx=\"eyJ0ZW1wbGF0ZSI6IkRlZmF1bHQifQ==\">\n    <div class=\"wp-rss-aggregator wpra-list-template  \" data-page=\"1\">\n    \n    \n<ul class=\"wpra-item-list rss-aggregator wpra-item-list--bullets wpra-item-list--default\"\n    start=\"1\">\n                        <li class=\"wpra-item feed-item \">\n            \n            \n\n    <a  href=\"https:\/\/distritoemprendedores.com\/blog\/2026\/03\/16\/hello-world\/\" target=\"_blank\" rel=\"nofollow\" class=\"\">Hello world!<\/a>\n\n\n\n\n\n\n<div class=\"wprss-feed-meta\">\n            <span class=\"feed-source\">\n            Source:\n\n                            Distrito Emprendedores\n                    <\/span>\n    \n            <span class=\"feed-date\">\n            Published on 2026-03-16\n        <\/span>\n    \n    <\/div>\n\n\n\n\n\n            \n        <\/li>\n                    <li class=\"wpra-item feed-item \">\n            \n            \n\n    <a  href=\"https:\/\/www.dropbox.com\/scl\/fi\/b6csvpbfxu24vaezmo3es\/62bed0634df20e5ef35346439fdd423f_franquicias.pdf?rlkey=mfp2795s4n89mw35l0yeu2vl5&amp;e=2&amp;st=57kabuy0&amp;dl=0#new_tab\" target=\"_blank\" rel=\"nofollow\" class=\"\">Las franquicias espa\u00f1olas duplican su presencia en mercados for\u00e1neos<\/a>\n\n\n\n\n\n\n<div class=\"wprss-feed-meta\">\n            <span class=\"feed-source\">\n            Source:\n\n                            Distrito Emprendedores\n                    <\/span>\n    \n            <span class=\"feed-date\">\n            Published on 2026-03-11\n        <\/span>\n    \n    <\/div>\n\n\n\n\n\n            \n        <\/li>\n                    <li class=\"wpra-item feed-item \">\n            \n            \n\n    <a  href=\"https:\/\/distritoemprendedores.es\/blog\/5-errores-fatales-al-internacionalizar-tu-franquicia\/\" target=\"_blank\" rel=\"nofollow\" class=\"\">5 errores fatales al internacionalizar tu franquicia<\/a>\n\n\n\n\n\n\n<div class=\"wprss-feed-meta\">\n            <span class=\"feed-source\">\n            Source:\n\n                            Distrito Emprendedores\n                    <\/span>\n    \n            <span class=\"feed-date\">\n            Published on 2026-03-10\n        <\/span>\n    \n    <\/div>\n\n\n\n\n\n            \n        <\/li>\n                    <li class=\"wpra-item feed-item \">\n            \n            \n\n    <a  href=\"https:\/\/distritoemprendedores.es\/blog\/un-nuevo-prime-time-para-las-marcas-afterwork-tardeo-y-futbol-se-consolidan-como-los-grandes-motores-del-consumo-experiencial\/\" target=\"_blank\" rel=\"nofollow\" class=\"\">Un nuevo prime time para las marcas: afterwork, tardeo y f\u00fatbol se consolidan como los grandes motores del consumo experiencial<\/a>\n\n\n\n\n\n\n<div class=\"wprss-feed-meta\">\n            <span class=\"feed-source\">\n            Source:\n\n                            Distrito Emprendedores\n                    <\/span>\n    \n            <span class=\"feed-date\">\n            Published on 2026-03-09\n        <\/span>\n    \n    <\/div>\n\n\n\n\n\n            \n        <\/li>\n                    <li class=\"wpra-item feed-item \">\n            \n            \n\n    <a  href=\"https:\/\/distritoemprendedores.es\/blog\/la-ventaja-competitiva-esta-en-entender-como-pregunta-el-consumidor\/\" target=\"_blank\" rel=\"nofollow\" class=\"\">La ventaja competitiva est\u00e1 en entender c\u00f3mo pregunta el consumidor<\/a>\n\n\n\n\n\n\n<div class=\"wprss-feed-meta\">\n            <span class=\"feed-source\">\n            Source:\n\n                            Distrito Emprendedores\n                    <\/span>\n    \n            <span class=\"feed-date\">\n            Published on 2026-03-08\n        <\/span>\n    \n    <\/div>\n\n\n\n\n\n            \n        <\/li>\n                    <li class=\"wpra-item feed-item \">\n            \n            \n\n    <a  href=\"https:\/\/distritoemprendedores.es\/blog\/solo-el-7-de-los-espanoles-cree-a-las-marcas-cuando-comunican-sus-valores-con-hechos-demostrables\/\" target=\"_blank\" rel=\"nofollow\" class=\"\">Solo el 7% de los espa\u00f1oles cree a las marcas cuando comunican sus valores con hechos demostrables<\/a>\n\n\n\n\n\n\n<div class=\"wprss-feed-meta\">\n            <span class=\"feed-source\">\n            Source:\n\n                            Distrito Emprendedores\n                    <\/span>\n    \n            <span class=\"feed-date\">\n            Published on 2026-03-07\n        <\/span>\n    \n    <\/div>\n\n\n\n\n\n            \n        <\/li>\n                    <li class=\"wpra-item feed-item \">\n            \n            \n\n    <a  href=\"https:\/\/distritoemprendedores.es\/blog\/el-38-de-las-empresas-creadas-en-2019-ha-echado-ya-el-cierre\/\" target=\"_blank\" rel=\"nofollow\" class=\"\">El 38% de las empresas creadas en 2019 ha echado ya el cierre<\/a>\n\n\n\n\n\n\n<div class=\"wprss-feed-meta\">\n            <span class=\"feed-source\">\n            Source:\n\n                            Distrito Emprendedores\n                    <\/span>\n    \n            <span class=\"feed-date\">\n            Published on 2026-03-06\n        <\/span>\n    \n    <\/div>\n\n\n\n\n\n            \n        <\/li>\n                    <li class=\"wpra-item feed-item \">\n            \n            \n\n    <a  href=\"https:\/\/distritoemprendedores.es\/blog\/descubre-las-oportunidades-y-tendencias-en-el-mercado-de-la-franquicia-para-2026\/\" target=\"_blank\" rel=\"nofollow\" class=\"\">Descubre las oportunidades y tendencias en el mercado de la franquicia para 2026<\/a>\n\n\n\n\n\n\n<div class=\"wprss-feed-meta\">\n            <span class=\"feed-source\">\n            Source:\n\n                            Distrito Emprendedores\n                    <\/span>\n    \n            <span class=\"feed-date\">\n            Published on 2026-03-05\n        <\/span>\n    \n    <\/div>\n\n\n\n\n\n            \n        <\/li>\n                    <li class=\"wpra-item feed-item \">\n            \n            \n\n    <a  href=\"https:\/\/distritoemprendedores.es\/blog\/las-startups-de-salud-mas-punteras-del-mundo\/\" target=\"_blank\" rel=\"nofollow\" class=\"\">Las startups de salud m\u00e1s punteras del mundo<\/a>\n\n\n\n\n\n\n<div class=\"wprss-feed-meta\">\n            <span class=\"feed-source\">\n            Source:\n\n                            Distrito Emprendedores\n                    <\/span>\n    \n            <span class=\"feed-date\">\n            Published on 2026-03-04\n        <\/span>\n    \n    <\/div>\n\n\n\n\n\n            \n        <\/li>\n                    <li class=\"wpra-item feed-item \">\n            \n            \n\n    <a  href=\"https:\/\/distritoemprendedores.es\/blog\/puesta-en-marcha-de-un-negocio-primeros-pasos-para-validar-vender-y-controlar-la-tesoreria\/\" target=\"_blank\" rel=\"nofollow\" class=\"\">Puesta en marcha de un negocio: primeros pasos para validar, vender y controlar la tesorer\u00eda<\/a>\n\n\n\n\n\n\n<div class=\"wprss-feed-meta\">\n            <span class=\"feed-source\">\n            Source:\n\n                            Distrito Emprendedores\n                    <\/span>\n    \n            <span class=\"feed-date\">\n            Published on 2026-03-03\n        <\/span>\n    \n    <\/div>\n\n\n\n\n\n            \n        <\/li>\n                    <li class=\"wpra-item feed-item \">\n            \n            \n\n    <a  href=\"https:\/\/distritoemprendedores.es\/blog\/6-franquicias-sin-apenas-competencia-en-el-mercado\/\" target=\"_blank\" rel=\"nofollow\" class=\"\">6 franquicias sin apenas competencia en el mercado<\/a>\n\n\n\n\n\n\n<div class=\"wprss-feed-meta\">\n            <span class=\"feed-source\">\n            Source:\n\n                            Distrito Emprendedores\n                    <\/span>\n    \n            <span class=\"feed-date\">\n            Published on 2026-03-02\n        <\/span>\n    \n    <\/div>\n\n\n\n\n\n            \n        <\/li>\n                    <li class=\"wpra-item feed-item \">\n            \n            \n\n    <a  href=\"https:\/\/digistorage.es\/links\/71d78951-a420-4f5b-8de6-7b35ae7efc1c#new_tab\" target=\"_blank\" rel=\"nofollow\" class=\"\">Los algoritmos amenazan con filtrar las confesiones realizadas al abogado<\/a>\n\n\n\n\n\n\n<div class=\"wprss-feed-meta\">\n            <span class=\"feed-source\">\n            Source:\n\n                            Distrito Emprendedores\n                    <\/span>\n    \n            <span class=\"feed-date\">\n            Published on 2026-03-01\n        <\/span>\n    \n    <\/div>\n\n\n\n\n\n            \n        <\/li>\n                    <li class=\"wpra-item feed-item \">\n            \n            \n\n    <a  href=\"https:\/\/distritoemprendedores.es\/blog\/las-startups-que-mas-innovan-en-el-mundo\/\" target=\"_blank\" rel=\"nofollow\" class=\"\">Las startups que m\u00e1s innovan en el mundo<\/a>\n\n\n\n\n\n\n<div class=\"wprss-feed-meta\">\n            <span class=\"feed-source\">\n            Source:\n\n                            Distrito Emprendedores\n                    <\/span>\n    \n            <span class=\"feed-date\">\n            Published on 2026-02-28\n        <\/span>\n    \n    <\/div>\n\n\n\n\n\n            \n        <\/li>\n                    <li class=\"wpra-item feed-item \">\n            \n            \n\n    <a  href=\"https:\/\/distritoemprendedores.es\/blog\/tiktok-genera-31-000-millones-de-euros-para-las-empresas-europeas-y-3-000-millones-en-espana\/\" target=\"_blank\" rel=\"nofollow\" class=\"\">TikTok genera 31.000 millones de euros para las empresas europeas y 3.000 millones en Espa\u00f1a<\/a>\n\n\n\n\n\n\n<div class=\"wprss-feed-meta\">\n            <span class=\"feed-source\">\n            Source:\n\n                            Distrito Emprendedores\n                    <\/span>\n    \n            <span class=\"feed-date\">\n            Published on 2026-02-27\n        <\/span>\n    \n    <\/div>\n\n\n\n\n\n            \n        <\/li>\n                    <li class=\"wpra-item feed-item \">\n            \n            \n\n    <a  href=\"https:\/\/distritoemprendedores.es\/blog\/amazon-planea-un-marketplace-para-hacer-de-puente-entre-los-publishers-y-las-empresas-de-ia\/\" target=\"_blank\" rel=\"nofollow\" class=\"\">Amazon planea un \u00abmarketplace\u00bb para hacer de puente entre los \u00abpublishers\u00bb y las empresas de IA<\/a>\n\n\n\n\n\n\n<div class=\"wprss-feed-meta\">\n            <span class=\"feed-source\">\n            Source:\n\n                            Distrito Emprendedores\n                    <\/span>\n    \n            <span class=\"feed-date\">\n            Published on 2026-02-26\n        <\/span>\n    \n    <\/div>\n\n\n\n\n\n            \n        <\/li>\n        <\/ul>\n\n        \n<\/div>\n\n<\/div>\n\n<hr \/>\n<p>Ahora que ya conoces<strong><em>\u00a0el mejor m\u00e9todo para publicar todos los d\u00edas<\/em><\/strong>, vamos a conocer las frecuencias de publicaci\u00f3n ideales.<\/p>\n<h2>\u00bfCu\u00e1ntas veces debes publicar en Facebook cada d\u00eda?<\/h2>\n<p>Como sabr\u00e1s, Facebook es la Red Social con m\u00e1s usuarios del mundo. Por ello es fundamental que tu marca est\u00e9 presente all\u00ed, ya que muy posiblemente tu audiencia forme parte de sus\u00a0<strong>m\u00e1s de\u00a0<a href=\"https:\/\/newsroom.fb.com\/company-info\/\" target=\"_blank\" rel=\"noopener\">1000 millones<\/a>\u00a0de usuarios activos por d\u00eda<\/strong>.<\/p>\n<p>As\u00ed,\u00a0<strong>para que tus publicaciones sean vistas por tu p\u00fablico objetivo en Facebook<\/strong>,\u00a0<strong><a href=\"https:\/\/www.socialmediatoday.com\/social-business\/smatista\/2015-07-17\/when-and-how-often-post-facebook-and-twitter-maximum-engagement\" target=\"_blank\" rel=\"noopener\">los expertos<\/a>\u00a0<\/strong>te recomiendan la siguiente frecuencia de publicaci\u00f3n:<\/p>\n<p>&nbsp;<\/p>\n<ul>\n<li>\n<blockquote><p>Para las\u00a0<strong><em>grandes marcas<\/em><\/strong>, publicar\u00a0<strong>una sola vez al d\u00eda<\/strong>\u00a0es suficiente.<\/p><\/blockquote>\n<\/li>\n<li>\n<blockquote><p>Para los\u00a0<em><strong>negocios peque\u00f1os<\/strong><\/em>, se recomienda publicar alrededor de\u00a0<strong>5 veces al d\u00eda<\/strong>.<\/p><\/blockquote>\n<\/li>\n<\/ul>\n<p>&nbsp;<\/p>\n<p><strong>TIP EXTRA:<\/strong>\u00a0Para conseguir los mejores resultados en tu Fan Page te aconsejo\u00a0<a href=\"https:\/\/postcron.com\/es\/blog\/consejos-para-facebook-como-redactar-el-mejor-post\/\" target=\"_blank\" rel=\"noopener\"><strong>optimizar tus posts para Facebook<\/strong><\/a>.<\/p>\n<h2>\u00bfCu\u00e1nto debes publicar en Twitter cada d\u00eda?<\/h2>\n<p>Por sus caracter\u00edsticas, Twitter es el espacio\u00a0<em>ideal<\/em>\u00a0para compartir las\u00a0<strong>noticias de tu marca<\/strong>, cubrir eventos en vivo,\u00a0<strong><a href=\"https:\/\/postcron.com\/es\/blog\/como-usar-hashtags-guia-para-redes-sociales\/\" target=\"_blank\" rel=\"noopener\">aprovechar los hashtags para maximizar tu exposici\u00f3n<\/a><\/strong>\u00a0y\u00a0<strong><em>hallar usuarios influyentes<\/em><\/strong>. Por estas razones, resulta un medio fundamental para llevar adelante tus campa\u00f1as de\u00a0<em><strong>Marketing en Redes Sociales<\/strong><\/em>.<\/p>\n<p>Ahora bien, \u00bfcu\u00e1ntas veces al d\u00eda debes\u00a0<a href=\"https:\/\/postcron.com\/es\/blog\/landings\/programar-tweets\" target=\"_blank\" rel=\"noopener\"><strong>publicar en Twitter<\/strong><\/a>\u00a0para alcanzar a tu audiencia con tus contenidos? Al respecto\u00a0<a href=\"https:\/\/www.linkedin.com\/pulse\/social-media-frequency-2016-how-often-should-you-post-tom-roy\" target=\"_blank\" rel=\"noopener\"><strong>los expertos<\/strong><\/a>\u00a0recomiendan:<\/p>\n<p>&nbsp;<\/p>\n<ul>\n<li>\n<blockquote><p>El m\u00ednimo recomendado para construir una presencia en Twitter es de\u00a0<strong>3 tweets<\/strong>\u00a0<strong>por d\u00eda<\/strong>.<\/p><\/blockquote>\n<\/li>\n<li>\n<blockquote><p>El n\u00famero ideal para estar siempre presente en Twitter es de\u00a0<strong>5 tweets<\/strong>\u00a0<strong>al d\u00eda<\/strong>.<\/p><\/blockquote>\n<\/li>\n<\/ul>\n<p>&nbsp;<\/p>\n<p><strong>TIP EXTRA:<\/strong>\u00a0Te aconsejo revisar nuestro art\u00edculo\u00a0<a href=\"https:\/\/postcron.com\/es\/blog\/la-mejor-tecnica-para-multiplicar-tus-seguidores-en-twitter\/\" target=\"_blank\" rel=\"noopener\"><strong>La mejor t\u00e9cnica para conseguir seguidores relevantes para Twitter<\/strong><\/a>, donde aprender\u00e1s a utilizar el buscador de esa Red Social para dar con personas que poseen el perfil que buscas. Adem\u00e1s te recomiendo leer\u00a0<a href=\"https:\/\/postcron.com\/es\/blog\/las-ultimas-novedades-de-twitter\/\" target=\"_blank\" rel=\"noopener\"><strong>Las \u00faltimas novedades de Twitter para Community Managers<\/strong><\/a>.<\/p>\n<h2>\u00bfCu\u00e1ntas veces debes publicar en LinkedIn por d\u00eda?<\/h2>\n<p><strong><em><a href=\"https:\/\/postcron.com\/es\/blog\/como-usar-linkedin-para-crecer-profesionalmente\/\" target=\"_blank\" rel=\"noopener\">LinkedIn<\/a><\/em><\/strong>\u00a0es la\u00a0<strong>Red Social de Profesionales<\/strong>\u00a0m\u00e1s grande del mundo, con m\u00e1s de\u00a0<a href=\"https:\/\/expandedramblings.com\/index.php\/by-the-numbers-a-few-important-linkedin-stats\/\" target=\"_blank\" rel=\"noopener\"><strong>433 millones de usuarios<\/strong><\/a>. Por esa raz\u00f3n, es actualmente el mejor espacio para<em>\u00a0encontrar clientes, promover tu marca y hallar a los mejores candidatos para trabajar en tu equipo<\/em>. Adem\u00e1s, es la plataforma indispensable para hacer\u00a0<a href=\"https:\/\/postcron.com\/es\/blog\/btob-marketing-vs-btoc-marketing\/\" target=\"_blank\" rel=\"noopener\"><strong>Marketing B2B<\/strong><\/a>.<\/p>\n<p>Entonces, \u00bfcu\u00e1ntas veces es recomendable publicar en LinkedIn para conectar con tu audiencia? Esto es lo que recomiendan los especialistas:<\/p>\n<p>&nbsp;<\/p>\n<ul>\n<li>\n<blockquote><p>Es aconsejable publicar\u00a0<strong>1 post por cada d\u00eda laboral<\/strong><\/p><\/blockquote>\n<p>(p. ej. de lunes a viernes).<\/li>\n<\/ul>\n<p>&nbsp;<\/p>\n<p><strong>TIP EXTRA:<\/strong>\u00a0Es aconsejable\u00a0<strong><a href=\"https:\/\/postcron.com\/es\/blog\/perfil-de-linkedin-perfecto\/\" target=\"_blank\" rel=\"noopener\">optimizar tu perfil en LinkedIn<\/a><\/strong>\u00a0para causar la mejor impresi\u00f3n ante tus clientes potenciales y en el \u00e1mbito empresarial. Adem\u00e1s te recomiendo revisar nuestro art\u00edculo\u00a0<a href=\"https:\/\/postcron.com\/es\/blog\/todo-sobre-marketing-en-linkedin\/\" target=\"_blank\" rel=\"noopener\"><strong>Todo lo que debes saber sobre Marketing en LinkedIn<\/strong><\/a>, donde hallar\u00e1s datos esenciales para plantear tu estrategia en dicha Red Social.<\/p>\n<h2>\u00bfCu\u00e1l es la mejor frecuencia para publicar en YouTube?<\/h2>\n<p>YouTube es la\u00a0<strong>Red Social de v\u00eddeos<\/strong>\u00a0m\u00e1s importante de la actualidad, con m\u00e1s de\u00a0<a href=\"https:\/\/www.youtube.com\/yt\/press\/es-419\/statistics.html\" target=\"_blank\" rel=\"noopener\"><strong>1000 millones de ususarios<\/strong><\/a>\u00a0registrados procedentes de todo el mundo. All\u00ed puedes promocionar tu marca generando v\u00eddeos con<strong>\u00a0contenidos relevantes para tu audiencia<\/strong>\u00a0y tambi\u00e9n recurriendo al servicio de\u00a0<a href=\"https:\/\/postcron.com\/es\/blog\/youtube-marketing-como-puede-ayudar-a-tu-negocio\/\" target=\"_blank\" rel=\"noopener\"><strong>publicidad en YouTube<\/strong><\/a>.<\/p>\n<p>En cu\u00e1nto a cu\u00e1l es la frecuencia de publicaci\u00f3n recomendada para YouTube, los\u00a0<strong><a href=\"https:\/\/www.jeffbullas.com\/2014\/01\/29\/8-steps-to-capturing-500000-youtube-views-in-10-months\/\" target=\"_blank\" rel=\"noopener\">expertos<\/a><\/strong>\u00a0en marketing en redes sociales sugieren:<\/p>\n<p>&nbsp;<\/p>\n<ul>\n<li>\n<blockquote><p>Subir como\u00a0<strong>m\u00ednimo un v\u00eddeo por semana<\/strong>.<\/p><\/blockquote>\n<\/li>\n<li>\n<blockquote><p>El n\u00famero ideal es de<strong>\u00a02 a 3 v\u00eddeos por semana<\/strong>.<\/p><\/blockquote>\n<\/li>\n<\/ul>\n<p>&nbsp;<\/p>\n<p><strong>TIP EXTRA:<\/strong>\u00a0Para que tus posts en YouTube sean un \u00e9xito, es fundamental\u00a0<strong>difundir tus d\u00edas de publicaci\u00f3n de v\u00eddeos<\/strong>\u00a0(p. ej. los lunes y jueves) en los perfiles de todas tus Redes Sociales, campa\u00f1as de Email Marketing y espacios de comunicaci\u00f3n\u00a0<em>offline<\/em>\u00a0(folletos de tu negocio, objetos de\u00a0<em>merchandising<\/em>, tarjetas promocionales, etc.).<\/p>\n<h2>\u00bfCu\u00e1nto debes publicar en Pinterest cada d\u00eda?<\/h2>\n<p>Existe una\u00a0<strong><a href=\"https:\/\/postcron.com\/es\/blog\/como-aprovechar-pinterest-para-empresas\/\" target=\"_blank\" rel=\"noopener\">Red Social ideal para exhibir tus productos<\/a><\/strong>, y es Pinterest. Como un\u00a0<strong><em>cat\u00e1logo onlin<\/em><em>e<\/em><\/strong>\u00a0te permite crear\u00a0<strong><em>Tableros<\/em><\/strong>\u00a0con fotos atractivas de tu mercader\u00eda (p. ej. si vendes ropa, un Tablero podr\u00eda ser\u00a0<em>Colecci\u00f3n Invierno<\/em>). Si tu p\u00fablico es mayormente femenino\u00a0<strong><em>Pinterest<\/em><\/strong>\u00a0es un\u00a0<em>must<\/em>, ya que el\u00a0<a href=\"https:\/\/sproutsocial.com\/insights\/pinterest-statistics\/\" target=\"_blank\" rel=\"noopener\"><strong>71%<\/strong><\/a>\u00a0de sus miembros son mujeres.<\/p>\n<p>Ahora bien, \u00bfcu\u00e1ntas veces te conviene\u00a0<a href=\"https:\/\/postcron.com\/es\/blog\/programar-en-pinterest\/\" target=\"_blank\" rel=\"noopener\"><strong>publicar en Pinterest<\/strong><\/a>\u00a0para llegar a tu audiencia? Los\u00a0<strong><a href=\"https:\/\/www.socialmediaexaminer.com\/6-tips-to-grow-your-pinterest-marketing-results\/\" target=\"_blank\" rel=\"noopener\">especialistas<\/a><\/strong>\u00a0recomiendan:<\/p>\n<ul>\n<li>\n<blockquote><p>Publicar\u00a0<strong>una vez al d\u00eda<\/strong>\u00a0como m\u00ednimo, tratando de\u00a0<strong>mantener siempre todos tus Tableros actualizados<\/strong>. As\u00ed por ejemplo, si tienes 7 tableros puedes actualizar uno de ellos cada d\u00eda de la semana (p. ej.\u00a0<em>\u201cColecci\u00f3n Invierno\u201d<\/em>\u00a0los lunes,\u00a0<em>\u201cRopa Deportiva\u201d\u00a0<\/em>los martes,\u00a0<em>\u201cLook Casual\u201d<\/em>\u00a0los mi\u00e9rcoles, etc.).<\/p><\/blockquote>\n<\/li>\n<\/ul>\n<p>&nbsp;<\/p>\n<p><strong>TIP EXTRA:<\/strong>\u00a0Al momento de plantear el\u00a0<strong>nombre<\/strong>\u00a0de tus\u00a0<strong><em>Tableros<\/em><\/strong>, ten en cuenta que cada uno de ellos funciona como una\u00a0<strong>etiqueta o categor\u00eda<\/strong>, que opera cuando los usuarios realizan sus b\u00fasquedas en dicha Red Social. As\u00ed es que procura ser lo m\u00e1s claro posible, ya que t\u00fa mismo est\u00e1s clasificando tus contenidos.<\/p>\n<h2>\u00bfCu\u00e1ntos posts tienes que publicar en Instagram por d\u00eda?<\/h2>\n<p>Cada d\u00eda que pasa,\u00a0<a href=\"https:\/\/postcron.com\/es\/blog\/instagram-para-empresas\/\" target=\"_blank\" rel=\"noopener\"><strong>Instagram<\/strong><\/a>\u00a0se consolida como la\u00a0<strong><em>Red Social centrada en la imagen<\/em>\u00a0<\/strong>m\u00e1s importante del mundo. Las\u00a0<a href=\"https:\/\/searchenginewatch.com\/2016\/04\/20\/23-stats-and-facts-about-instagram\/\" target=\"_blank\" rel=\"noopener\"><strong>estad\u00edsticas<\/strong><\/a>\u00a0se\u00f1alan que ya cuenta con m\u00e1s de\u00a0<strong>400 millones de usuarios<\/strong>, de los cuales el\u00a0<strong>70%<\/strong>\u00a0se encuentra afuera de Estados Unidos. As\u00ed es que si tus productos son\u00a0<em>\u201cfotografiables\u201d<\/em>, \u00a1te aconsejo que publiques all\u00ed!<\/p>\n<p>\u00bfCu\u00e1ntas veces debes\u00a0<a href=\"https:\/\/postcron.com\/es\/blog\/programar-publicaciones-en-instagram-tutorial\/\"><strong>publicar en Instagram<\/strong><\/a>\u00a0para ser visto por tu audiencia? Esto recomiendan los\u00a0<a href=\"https:\/\/socialmediaweek.org\/blog\/2016\/03\/optimize-social-media-time\/\" target=\"_blank\" rel=\"noopener\"><strong>especialistas<\/strong><\/a>:<\/p>\n<p>&nbsp;<\/p>\n<ul>\n<li>\n<blockquote><p>Lo aconsejable es publicar\u00a0<strong>como m\u00ednimo una vez al d\u00eda<\/strong>, e\u00a0<strong>idealmente dos veces al d\u00eda<\/strong>, ya que existen dos horarios clave para\u00a0<em>postear<\/em>\u00a0en materia de\u00a0<em>engagement<\/em>: uno de ellos va desde las 3.00 PM a las 4.00 PM, y el otro tiene lugar alrededor de las 2 AM (\u00a1especial para quienes padecen de insomnio!).<\/p><\/blockquote>\n<\/li>\n<\/ul>\n<p>&nbsp;<\/p>\n<p><strong>TIP EXTRA:<\/strong>\u00a0\u00a1Aprovecha los hashtags de Instagram para posicionar tu contenido! Ten en cuenta que<strong>\u00a0puedes emplear m\u00e1s de 15 etiquetas por post<\/strong>, as\u00ed es que piensa bien en qu\u00e9 categor\u00edas puedes colocar tu contenido para que m\u00e1s personas lo vean.<\/p>\n<p>\u00bfTe ha gustado este blog post? \u00bfCu\u00e1les Redes Sociales forman parte de tu estrategia de Marketing Online? \u00bfPor qu\u00e9? \u00a1Cu\u00e9ntanos tu experiencia! Y por favor, recuerda compartir este art\u00edculo con tus contactos. \u00a1Hasta pronto!<\/p>\n<p><a href=\"https:\/\/postcron.com\/es\/\"><em>Eugenia Skaf<\/em><\/a><\/p>\n<div id=\"telet-3582823633\" class=\"telet-despues-del-contenido telet-entity-placement\"><a target=\"_blank\" href=\"\/\/aff.lucushost.com\/resources\/click\/?n=gDxoXMAJ&aff=756\"><img decoding=\"async\" border=\"0\" alt=\"LucusHost, el mejor hosting\" src=\"\/\/aff.lucushost.com\/resources\/banners\/?zoneid=5123&n=gDxoXMAJ&aff=756\" \/><\/a><\/div>","protected":false},"excerpt":{"rendered":"<p>Para que tu estrategia de\u00a0Marketing en Redes Sociales\u00a0resulte exitosa, es inminente que se cumplan\u00a0tres condiciones fundamentales: que tus\u00a0objetivos sean claros, que tus\u00a0contenidos sean efectivos\u00a0y\u00a0que tus mensajes lleguen a tu audiencia.&hellip; <\/p>\n","protected":false},"author":1,"featured_media":1821,"comment_status":"open","ping_status":"open","sticky":false,"template":"","format":"standard","meta":{"_jetpack_memberships_contains_paid_content":false,"footnotes":"","_links_to":"","_links_to_target":""},"categories":[11],"tags":[15,14],"class_list":["post-6733","post","type-post","status-publish","format-standard","has-post-thumbnail","hentry","category-redes-sociales","tag-fuprisa","tag-jose-manuel-fuentes-prieto"],"nelio_content":{"autoShareEndMode":"never","automationSources":{"useCustomSentences":false,"customSentences":[]},"efiAlt":"","efiUrl":"","followers":[1],"highlights":[],"isAutoShareEnabled":true,"networkImageIds":[],"permalinkQueryArgs":[],"series":[],"suggestedReferences":[]},"jetpack_featured_media_url":"https:\/\/teletrabajoynegocios.com\/telesecretarias\/wp-content\/uploads\/sites\/2\/2020\/08\/mujer-emprendedora.jpg","jetpack_sharing_enabled":true,"_links":{"self":[{"href":"https:\/\/teletrabajoynegocios.com\/telesecretarias\/wp-json\/wp\/v2\/posts\/6733","targetHints":{"allow":["GET"]}}],"collection":[{"href":"https:\/\/teletrabajoynegocios.com\/telesecretarias\/wp-json\/wp\/v2\/posts"}],"about":[{"href":"https:\/\/teletrabajoynegocios.com\/telesecretarias\/wp-json\/wp\/v2\/types\/post"}],"author":[{"embeddable":true,"href":"https:\/\/teletrabajoynegocios.com\/telesecretarias\/wp-json\/wp\/v2\/users\/1"}],"replies":[{"embeddable":true,"href":"https:\/\/teletrabajoynegocios.com\/telesecretarias\/wp-json\/wp\/v2\/comments?post=6733"}],"version-history":[{"count":1,"href":"https:\/\/teletrabajoynegocios.com\/telesecretarias\/wp-json\/wp\/v2\/posts\/6733\/revisions"}],"predecessor-version":[{"id":6734,"href":"https:\/\/teletrabajoynegocios.com\/telesecretarias\/wp-json\/wp\/v2\/posts\/6733\/revisions\/6734"}],"wp:featuredmedia":[{"embeddable":true,"href":"https:\/\/teletrabajoynegocios.com\/telesecretarias\/wp-json\/wp\/v2\/media\/1821"}],"wp:attachment":[{"href":"https:\/\/teletrabajoynegocios.com\/telesecretarias\/wp-json\/wp\/v2\/media?parent=6733"}],"wp:term":[{"taxonomy":"category","embeddable":true,"href":"https:\/\/teletrabajoynegocios.com\/telesecretarias\/wp-json\/wp\/v2\/categories?post=6733"},{"taxonomy":"post_tag","embeddable":true,"href":"https:\/\/teletrabajoynegocios.com\/telesecretarias\/wp-json\/wp\/v2\/tags?post=6733"}],"curies":[{"name":"wp","href":"https:\/\/api.w.org\/{rel}","templated":true}]}}