{"id":6766,"date":"2021-11-30T10:41:10","date_gmt":"2021-11-30T09:41:10","guid":{"rendered":"https:\/\/teletrabajoynegocios.com\/telesecretarias\/?p=6766"},"modified":"2021-11-23T10:43:49","modified_gmt":"2021-11-23T09:43:49","slug":"como-difundir-una-pagina-de-facebook","status":"publish","type":"post","link":"https:\/\/teletrabajoynegocios.com\/telesecretarias\/como-difundir-una-pagina-de-facebook\/","title":{"rendered":"C\u00f3mo difundir una p\u00e1gina de Facebook"},"content":{"rendered":"<div id=\"telet-2829711652\" class=\"telet-antes-del-contenido telet-entity-placement\"><a href=\"https:\/\/quaderno.io\/?via=jose-manuel94\" aria-label=\"Quaderno General (Spanish) &#8211; 728&#215;90\"><img loading=\"lazy\" decoding=\"async\" src=\"https:\/\/teletrabajoynegocios.com\/telesecretarias\/wp-content\/uploads\/sites\/2\/2020\/11\/Quaderno-General-Spanish-728x90-1.png\" alt=\"\"  srcset=\"https:\/\/teletrabajoynegocios.com\/telesecretarias\/wp-content\/uploads\/sites\/2\/2020\/11\/Quaderno-General-Spanish-728x90-1.png 728w, https:\/\/teletrabajoynegocios.com\/telesecretarias\/wp-content\/uploads\/sites\/2\/2020\/11\/Quaderno-General-Spanish-728x90-1-300x37.png 300w\" sizes=\"(max-width: 728px) 100vw, 728px\" width=\"728\" height=\"90\"   \/><\/a><\/div><p>Tu objetivo al difundir o promocionar una p\u00e1gina de Facebook no solo debe ser el darte a conocer, sino fidelizar clientes. Ya sea que se trate de un negocio nuevo o de uno ya existente, quieres promocionar tu p\u00e1gina de Facebook y conseguir fans.<\/p>\n<p>En esta breve gu\u00eda intentaremos explicarte<span class=\"Apple-converted-space\">\u00a0\u00a0<\/span>qu\u00e9 puedes hacer en Facebook para difundir o promocionar lo m\u00e1s posible esta p\u00e1gina o p\u00e1ginas que gestiones.<span class=\"Apple-converted-space\">\u00a0<\/span><\/p>\n<h3>Antes de pasar al plan editorial debes aterrizar tus objetivos:<\/h3>\n<ul>\n<li>En primer lugar, analiza tu\u00a0propuesta de valor:\u00a0\u00bfqu\u00e9 te distingue, cu\u00e1les son tus peculiaridades y puntos fuertes?<\/li>\n<li>\u00bfCu\u00e1les son tus objetivos? Esto es, \u00bfpor qu\u00e9 est\u00e1s en Facebook? \u00bfQu\u00e9 quieres lograr? \u00bfQuieres adquirir contactos o quieres vender? \u00bfQuieres dar a conocer tu marca?<\/li>\n<li>Debes saber qui\u00e9n ser\u00e1 tu p\u00fablico objetivo.\u00a0No se trata solamente de aumentar los \u201cMe gusta\u201d, sino de adquirir un\u00a0p\u00fablico interesado,\u00a0dispuesto a escuchar tu voz digital interactuando activamente con tu contenido. Adquirir una comunidad activa y con un cierto perfil que pueda servirte de apoyo: ese es tu objetivo. Solo as\u00ed podr\u00e1s pasar de simples n\u00fameros a clientes potenciales.<br \/>\nLeer tambi\u00e9n:\u00a0<a href=\"https:\/\/www.spidwit.com\/blog\/es\/aumentar-los-gusta-de-la-pagina-de-facebook-5-consejos\/\">Aumentar los me gusta de la p\u00e1gina de Facebook: 5 consejos<\/a><\/li>\n<li>Deber\u00e1s contar con contenido de calidad al que a\u00f1adas tu toque personal. Realiza la curadur\u00eda del contenido en el que trabajas, pero tambi\u00e9n realiza historias originales y publicaciones creadas\u00a0<i>ad hoc<\/i>. Toma en cuenta que la iron\u00eda y la provocaci\u00f3n tienen mucho impacto, pero sin exagerar: no debes minar tu credibilidad. Para ayudarte con el tema de contenidos, toma en cuenta que hay herramientas como\u00a0<i>Spidwit<\/i>\u00a0que te ayudan a encontrar contenido fresco y atractivo por sector, entre art\u00edculos, citas, im\u00e1genes y gr\u00e1ficos<\/li>\n<\/ul>\n<ul>\n<li>No distribuyas demasiados enlaces externos. Lo mismo aplica a los v\u00eddeos. Cuando publicas v\u00eddeos nativos aumentas los \u201cMe gusta\u201d, las interacciones y el compartir.<\/li>\n<\/ul>\n<hr \/>\n<p><img decoding=\"async\" src=\"https:\/\/teletrabajoynegocios.com\/teletrabajador\/wp-content\/uploads\/sites\/3\/2020\/07\/articulos.png\" \/><\/p>\n<div class=\"wp-rss-template-container\" data-wpra-template=\"default\" data-template-ctx=\"eyJ0ZW1wbGF0ZSI6IkRlZmF1bHQifQ==\">\n    <div class=\"wp-rss-aggregator wpra-list-template  \" data-page=\"1\">\n    \n    \n<ul class=\"wpra-item-list rss-aggregator wpra-item-list--bullets wpra-item-list--default\"\n    start=\"1\">\n                        <li class=\"wpra-item feed-item \">\n            \n            \n\n    <a  href=\"https:\/\/distritoemprendedores.com\/blog\/2026\/03\/16\/hello-world\/\" target=\"_blank\" rel=\"nofollow\" class=\"\">Hello world!<\/a>\n\n\n\n\n\n\n<div class=\"wprss-feed-meta\">\n            <span class=\"feed-source\">\n            Source:\n\n                            Distrito Emprendedores\n                    <\/span>\n    \n            <span class=\"feed-date\">\n            Published on 2026-03-16\n        <\/span>\n    \n    <\/div>\n\n\n\n\n\n            \n        <\/li>\n                    <li class=\"wpra-item feed-item \">\n            \n            \n\n    <a  href=\"https:\/\/www.dropbox.com\/scl\/fi\/b6csvpbfxu24vaezmo3es\/62bed0634df20e5ef35346439fdd423f_franquicias.pdf?rlkey=mfp2795s4n89mw35l0yeu2vl5&amp;e=2&amp;st=57kabuy0&amp;dl=0#new_tab\" target=\"_blank\" rel=\"nofollow\" class=\"\">Las franquicias espa\u00f1olas duplican su presencia en mercados for\u00e1neos<\/a>\n\n\n\n\n\n\n<div class=\"wprss-feed-meta\">\n            <span class=\"feed-source\">\n            Source:\n\n                            Distrito Emprendedores\n                    <\/span>\n    \n            <span class=\"feed-date\">\n            Published on 2026-03-11\n        <\/span>\n    \n    <\/div>\n\n\n\n\n\n            \n        <\/li>\n                    <li class=\"wpra-item feed-item \">\n            \n            \n\n    <a  href=\"https:\/\/distritoemprendedores.es\/blog\/5-errores-fatales-al-internacionalizar-tu-franquicia\/\" target=\"_blank\" rel=\"nofollow\" class=\"\">5 errores fatales al internacionalizar tu franquicia<\/a>\n\n\n\n\n\n\n<div class=\"wprss-feed-meta\">\n            <span class=\"feed-source\">\n            Source:\n\n                            Distrito Emprendedores\n                    <\/span>\n    \n            <span class=\"feed-date\">\n            Published on 2026-03-10\n        <\/span>\n    \n    <\/div>\n\n\n\n\n\n            \n        <\/li>\n                    <li class=\"wpra-item feed-item \">\n            \n            \n\n    <a  href=\"https:\/\/distritoemprendedores.es\/blog\/un-nuevo-prime-time-para-las-marcas-afterwork-tardeo-y-futbol-se-consolidan-como-los-grandes-motores-del-consumo-experiencial\/\" target=\"_blank\" rel=\"nofollow\" class=\"\">Un nuevo prime time para las marcas: afterwork, tardeo y f\u00fatbol se consolidan como los grandes motores del consumo experiencial<\/a>\n\n\n\n\n\n\n<div class=\"wprss-feed-meta\">\n            <span class=\"feed-source\">\n            Source:\n\n                            Distrito Emprendedores\n                    <\/span>\n    \n            <span class=\"feed-date\">\n            Published on 2026-03-09\n        <\/span>\n    \n    <\/div>\n\n\n\n\n\n            \n        <\/li>\n                    <li class=\"wpra-item feed-item \">\n            \n            \n\n    <a  href=\"https:\/\/distritoemprendedores.es\/blog\/la-ventaja-competitiva-esta-en-entender-como-pregunta-el-consumidor\/\" target=\"_blank\" rel=\"nofollow\" class=\"\">La ventaja competitiva est\u00e1 en entender c\u00f3mo pregunta el consumidor<\/a>\n\n\n\n\n\n\n<div class=\"wprss-feed-meta\">\n            <span class=\"feed-source\">\n            Source:\n\n                            Distrito Emprendedores\n                    <\/span>\n    \n            <span class=\"feed-date\">\n            Published on 2026-03-08\n        <\/span>\n    \n    <\/div>\n\n\n\n\n\n            \n        <\/li>\n                    <li class=\"wpra-item feed-item \">\n            \n            \n\n    <a  href=\"https:\/\/distritoemprendedores.es\/blog\/solo-el-7-de-los-espanoles-cree-a-las-marcas-cuando-comunican-sus-valores-con-hechos-demostrables\/\" target=\"_blank\" rel=\"nofollow\" class=\"\">Solo el 7% de los espa\u00f1oles cree a las marcas cuando comunican sus valores con hechos demostrables<\/a>\n\n\n\n\n\n\n<div class=\"wprss-feed-meta\">\n            <span class=\"feed-source\">\n            Source:\n\n                            Distrito Emprendedores\n                    <\/span>\n    \n            <span class=\"feed-date\">\n            Published on 2026-03-07\n        <\/span>\n    \n    <\/div>\n\n\n\n\n\n            \n        <\/li>\n                    <li class=\"wpra-item feed-item \">\n            \n            \n\n    <a  href=\"https:\/\/distritoemprendedores.es\/blog\/el-38-de-las-empresas-creadas-en-2019-ha-echado-ya-el-cierre\/\" target=\"_blank\" rel=\"nofollow\" class=\"\">El 38% de las empresas creadas en 2019 ha echado ya el cierre<\/a>\n\n\n\n\n\n\n<div class=\"wprss-feed-meta\">\n            <span class=\"feed-source\">\n            Source:\n\n                            Distrito Emprendedores\n                    <\/span>\n    \n            <span class=\"feed-date\">\n            Published on 2026-03-06\n        <\/span>\n    \n    <\/div>\n\n\n\n\n\n            \n        <\/li>\n                    <li class=\"wpra-item feed-item \">\n            \n            \n\n    <a  href=\"https:\/\/distritoemprendedores.es\/blog\/descubre-las-oportunidades-y-tendencias-en-el-mercado-de-la-franquicia-para-2026\/\" target=\"_blank\" rel=\"nofollow\" class=\"\">Descubre las oportunidades y tendencias en el mercado de la franquicia para 2026<\/a>\n\n\n\n\n\n\n<div class=\"wprss-feed-meta\">\n            <span class=\"feed-source\">\n            Source:\n\n                            Distrito Emprendedores\n                    <\/span>\n    \n            <span class=\"feed-date\">\n            Published on 2026-03-05\n        <\/span>\n    \n    <\/div>\n\n\n\n\n\n            \n        <\/li>\n                    <li class=\"wpra-item feed-item \">\n            \n            \n\n    <a  href=\"https:\/\/distritoemprendedores.es\/blog\/las-startups-de-salud-mas-punteras-del-mundo\/\" target=\"_blank\" rel=\"nofollow\" class=\"\">Las startups de salud m\u00e1s punteras del mundo<\/a>\n\n\n\n\n\n\n<div class=\"wprss-feed-meta\">\n            <span class=\"feed-source\">\n            Source:\n\n                            Distrito Emprendedores\n                    <\/span>\n    \n            <span class=\"feed-date\">\n            Published on 2026-03-04\n        <\/span>\n    \n    <\/div>\n\n\n\n\n\n            \n        <\/li>\n                    <li class=\"wpra-item feed-item \">\n            \n            \n\n    <a  href=\"https:\/\/distritoemprendedores.es\/blog\/puesta-en-marcha-de-un-negocio-primeros-pasos-para-validar-vender-y-controlar-la-tesoreria\/\" target=\"_blank\" rel=\"nofollow\" class=\"\">Puesta en marcha de un negocio: primeros pasos para validar, vender y controlar la tesorer\u00eda<\/a>\n\n\n\n\n\n\n<div class=\"wprss-feed-meta\">\n            <span class=\"feed-source\">\n            Source:\n\n                            Distrito Emprendedores\n                    <\/span>\n    \n            <span class=\"feed-date\">\n            Published on 2026-03-03\n        <\/span>\n    \n    <\/div>\n\n\n\n\n\n            \n        <\/li>\n                    <li class=\"wpra-item feed-item \">\n            \n            \n\n    <a  href=\"https:\/\/distritoemprendedores.es\/blog\/6-franquicias-sin-apenas-competencia-en-el-mercado\/\" target=\"_blank\" rel=\"nofollow\" class=\"\">6 franquicias sin apenas competencia en el mercado<\/a>\n\n\n\n\n\n\n<div class=\"wprss-feed-meta\">\n            <span class=\"feed-source\">\n            Source:\n\n                            Distrito Emprendedores\n                    <\/span>\n    \n            <span class=\"feed-date\">\n            Published on 2026-03-02\n        <\/span>\n    \n    <\/div>\n\n\n\n\n\n            \n        <\/li>\n                    <li class=\"wpra-item feed-item \">\n            \n            \n\n    <a  href=\"https:\/\/digistorage.es\/links\/71d78951-a420-4f5b-8de6-7b35ae7efc1c#new_tab\" target=\"_blank\" rel=\"nofollow\" class=\"\">Los algoritmos amenazan con filtrar las confesiones realizadas al abogado<\/a>\n\n\n\n\n\n\n<div class=\"wprss-feed-meta\">\n            <span class=\"feed-source\">\n            Source:\n\n                            Distrito Emprendedores\n                    <\/span>\n    \n            <span class=\"feed-date\">\n            Published on 2026-03-01\n        <\/span>\n    \n    <\/div>\n\n\n\n\n\n            \n        <\/li>\n                    <li class=\"wpra-item feed-item \">\n            \n            \n\n    <a  href=\"https:\/\/distritoemprendedores.es\/blog\/las-startups-que-mas-innovan-en-el-mundo\/\" target=\"_blank\" rel=\"nofollow\" class=\"\">Las startups que m\u00e1s innovan en el mundo<\/a>\n\n\n\n\n\n\n<div class=\"wprss-feed-meta\">\n            <span class=\"feed-source\">\n            Source:\n\n                            Distrito Emprendedores\n                    <\/span>\n    \n            <span class=\"feed-date\">\n            Published on 2026-02-28\n        <\/span>\n    \n    <\/div>\n\n\n\n\n\n            \n        <\/li>\n                    <li class=\"wpra-item feed-item \">\n            \n            \n\n    <a  href=\"https:\/\/distritoemprendedores.es\/blog\/tiktok-genera-31-000-millones-de-euros-para-las-empresas-europeas-y-3-000-millones-en-espana\/\" target=\"_blank\" rel=\"nofollow\" class=\"\">TikTok genera 31.000 millones de euros para las empresas europeas y 3.000 millones en Espa\u00f1a<\/a>\n\n\n\n\n\n\n<div class=\"wprss-feed-meta\">\n            <span class=\"feed-source\">\n            Source:\n\n                            Distrito Emprendedores\n                    <\/span>\n    \n            <span class=\"feed-date\">\n            Published on 2026-02-27\n        <\/span>\n    \n    <\/div>\n\n\n\n\n\n            \n        <\/li>\n                    <li class=\"wpra-item feed-item \">\n            \n            \n\n    <a  href=\"https:\/\/distritoemprendedores.es\/blog\/amazon-planea-un-marketplace-para-hacer-de-puente-entre-los-publishers-y-las-empresas-de-ia\/\" target=\"_blank\" rel=\"nofollow\" class=\"\">Amazon planea un \u00abmarketplace\u00bb para hacer de puente entre los \u00abpublishers\u00bb y las empresas de IA<\/a>\n\n\n\n\n\n\n<div class=\"wprss-feed-meta\">\n            <span class=\"feed-source\">\n            Source:\n\n                            Distrito Emprendedores\n                    <\/span>\n    \n            <span class=\"feed-date\">\n            Published on 2026-02-26\n        <\/span>\n    \n    <\/div>\n\n\n\n\n\n            \n        <\/li>\n        <\/ul>\n\n        \n<\/div>\n\n<\/div>\n\n<hr \/>\n<h3>P\u00e1gina de Facebook a punto<\/h3>\n<ul>\n<li>Antes de difundir o promocionar tu p\u00e1gina de Facebook, ya debe estar lista, esto es, debe contar con toda la informaci\u00f3n de contacto incluyendo email, direcci\u00f3n de tu sitio web, tienda virtual o blog, horarios, ubicaci\u00f3n f\u00edsica, tu nombre o marca, descripci\u00f3n de tu actividad, descripci\u00f3n de tu producto o servicio, y cualquier otra informaci\u00f3n que juzgues conveniente dar a conocer y algo muy importante, \u201cel contenido\u201d, el cual deber\u00e1 consistir de publicaciones, videos e im\u00e1genes.<\/li>\n<li>Es importante se\u00f1alar que el contenido debe ser de calidad para que logre E o captar la atenci\u00f3n de tu p\u00fablico potencial y mantenerla, de esta forma conseguir\u00e1s fans que adem\u00e1s quieran compartir tu contenido y as\u00ed poder ganar m\u00e1s fans.<\/li>\n<li>Probablemente, en un principio<span class=\"Apple-converted-space\">\u00a0\u00a0<\/span>tendr\u00e1s que ir experimentando con el contenido y analizar los resultados hasta que logres encontrar qu\u00e9 es lo que mejor funciona para tu p\u00e1gina y para tus fans. Posteriormente deber\u00e1s publicar<span class=\"Apple-converted-space\">\u00a0\u00a0<\/span>con constancia de manera que logres crear una comunidad.<\/li>\n<\/ul>\n<h3>Y hablando de fans, \u00bfc\u00f3mo puedes obtener los primeros para tu p\u00e1gina de Facebook?<\/h3>\n<ol>\n<li>Invita a todos tus amigos. Siendo el administrador, puedes invitar directamente a la p\u00e1gina.<\/li>\n<li>Si tienes amigos de confianza puedes nombrarlos administradores de modo que ellos tambi\u00e9n puedan invitar a sus amigos.<\/li>\n<li>Si tu empresa ya existe y cuentas con una lista de contactos (ya sean clientes existentes u otros contactos interesados en tu producto o servicio):<\/li>\n<\/ol>\n<ul>\n<li>Env\u00edales por email una Newsletter haci\u00e9ndoles saber de tu nueva p\u00e1gina invit\u00e1ndolos a que te visiten, que se hagan tus fans y compartan tu contenido.<span class=\"Apple-converted-space\">\u00a0<\/span><\/li>\n<li>Incluso puedes enviarles por email parte del contenido de tu p\u00e1gina de Facebook.<\/li>\n<li>Puedes usar la funci\u00f3n de Facebook que te permite subir direcciones de email para mostrar publicidad \u00fanicamente en Facebook a esos contactos de modo que logres conseguir \u201cMe gusta\u201d y compartan tu contenido. Aclaramos que esta opci\u00f3n es de pago.<\/li>\n<\/ul>\n<ol start=\"4\">\n<li>Si manejas folletos o material promocional, y cuentas con tarjetas de presentaci\u00f3n, incluye la informaci\u00f3n de tu p\u00e1gina de Facebook.<\/li>\n<li>Si ya cuentas con un sitio web, una tienda virtual o un blog, recuerda incluir el\u00a0<b>plugin social<\/b>\u00a0que presentar\u00e1 un peque\u00f1o resumen de tu p\u00e1gina de Facebook. Esto mostrar\u00e1 el n\u00famero de \u201cMe gusta\u201d y los amigos de la persona que est\u00e1 visitando el sitio que ya han dicho \u201cMe gusta\u201d. Para las personas que a\u00fan no te conocen, esta es una herramienta potente para generar confianza, basada en la \u201cprueba social\u201d. Incluso hay otros tipos de plugins que te permiten a\u00f1adir comentarios a tu p\u00e1gina de Facebook o incorporar contenido de esta en tu web, e incluso la posibilidad de registrarte en la web a trav\u00e9s de tu cuenta de Facebook.<\/li>\n<\/ol>\n<h3>C\u00f3mo adquirir m\u00e1s fans para tu p\u00e1gina de Facebook<span class=\"Apple-converted-space\">\u00a0<\/span><\/h3>\n<ol>\n<li><b>Integra la p\u00e1gina de Facebook a difundir o promocionar con tu p\u00e1gina personal<\/b>. Activa con plugins botones de \u201cMe gusta\u201d, compartir, o activar los comentarios e incluso integrar el contenido de la p\u00e1gina a difundir en tu p\u00e1gina personal.<\/li>\n<li><b>Promociona la p\u00e1gina en los grupos de Facebook<\/b>. Si bien los grupos no son p\u00e1ginas, todos los miembros de un grupo pueden publicar en \u00e9l, para lo cual,<span class=\"Apple-converted-space\">\u00a0\u00a0<\/span>primero debes lograr que te acepten como miembro del grupo. Busca grupos afines a tu producto o servicio para que esto tenga sentido. Una vez que te aceptan puedes compartir contenido de tu p\u00e1gina de Facebook en el grupo. El contenido que quieres compartir en el grupo debe ser relevante para este, de lo contrario lo m\u00e1s probable es que te saquen del grupo o logres el efecto contrario a lo que deseas. Un buen contenido para promocionar en grupos es el que es de tipo viral o que hace que los integrantes del grupo participen.<span class=\"Apple-converted-space\"><br \/>\nLeer tambi\u00e9n:\u00a0<a href=\"https:\/\/www.spidwit.com\/blog\/es\/redes-sociales-para-b2b-por-que-no-debes-descuidarlas\/\">Redes sociales para B2B: por qu\u00e9 no debes descuidarlas<\/a><br \/>\n<\/span><\/li>\n<li><b>Puedes promocionar tu p\u00e1gina de Facebook en grupos de otras redes sociales<\/b>\u00a0como Google+ o LinkedIn<\/li>\n<li><b>Realiza concursos o actividades en tu p\u00e1gina de Facebook<\/b>. Las actividades funcionan muy bien cuando est\u00e1s en una feria o evento invitando a la gente a que saque fotograf\u00edas y las suba a tu p\u00e1gina, que etiqueten a las personas en la foto, etc. Los concursos funcionan muy bien con tus fans ya que puedes sortear un regalo o un servicio.<span class=\"Apple-converted-space\">\u00a0<\/span><\/li>\n<\/ol>\n<h3>Estos son algunos consejos sobre lo que\u00a0<b>NO<\/b>\u00a0debes hacer para difundir o promocionar una p\u00e1gina de Facebook<\/h3>\n<ul>\n<li>Adquirir fans y \u201cMe gusta\u201d para tu p\u00e1gina. Se trata de usuarios falsos, poco activos y sin ning\u00fan perfil.<\/li>\n<li>Utilizar\u00a0<i>bots<\/i>\u00a0que te permiten adquirir muchos \u201cMe gusta\u201d o personas, a menudo con perfiles falsos.<\/li>\n<li>Intercambio de \u201cMe gusta\u201d, esto es, yo le doy \u201cMe gusta\u201d a tu p\u00e1gina y t\u00fa lo haces en la m\u00eda. S\u00ed, esto tambi\u00e9n se usa en Facebook y sirve de muy poco. \u00bfTu objetivo son solo los n\u00fameros?<\/li>\n<\/ul>\n<p>\u00bfEst\u00e1s listo para\u00a0<b>difundir al m\u00e1ximo tu p\u00e1gina de Facebook<\/b>?<\/p>\n<p><a class=\"url fn n\" href=\"https:\/\/www.spidwit.com\/blog\/es\/author\/spidwit-blog-es\/\">Spidwit Blog &#8211; ES<\/a><\/p>\n<div id=\"telet-4017214777\" class=\"telet-despues-del-contenido telet-entity-placement\"><a target=\"_blank\" href=\"\/\/aff.lucushost.com\/resources\/click\/?n=gDxoXMAJ&aff=756\"><img decoding=\"async\" border=\"0\" alt=\"LucusHost, el mejor hosting\" src=\"\/\/aff.lucushost.com\/resources\/banners\/?zoneid=5123&n=gDxoXMAJ&aff=756\" \/><\/a><\/div>","protected":false},"excerpt":{"rendered":"<p>Tu objetivo al difundir o promocionar una p\u00e1gina de Facebook no solo debe ser el darte a conocer, sino fidelizar clientes. Ya sea que se trate de un negocio nuevo&hellip; <\/p>\n","protected":false},"author":1,"featured_media":2598,"comment_status":"open","ping_status":"open","sticky":false,"template":"","format":"standard","meta":{"_jetpack_memberships_contains_paid_content":false,"footnotes":"","_links_to":"","_links_to_target":""},"categories":[11],"tags":[15,14],"class_list":["post-6766","post","type-post","status-publish","format-standard","has-post-thumbnail","hentry","category-redes-sociales","tag-fuprisa","tag-jose-manuel-fuentes-prieto"],"nelio_content":{"autoShareEndMode":"never","automationSources":{"useCustomSentences":false,"customSentences":[]},"efiAlt":"","efiUrl":"","followers":[1],"highlights":[],"isAutoShareEnabled":true,"networkImageIds":[],"permalinkQueryArgs":[],"series":[],"suggestedReferences":[]},"jetpack_featured_media_url":"https:\/\/teletrabajoynegocios.com\/telesecretarias\/wp-content\/uploads\/sites\/2\/2020\/11\/chica-con-gafas-1.jpg","jetpack_sharing_enabled":true,"_links":{"self":[{"href":"https:\/\/teletrabajoynegocios.com\/telesecretarias\/wp-json\/wp\/v2\/posts\/6766","targetHints":{"allow":["GET"]}}],"collection":[{"href":"https:\/\/teletrabajoynegocios.com\/telesecretarias\/wp-json\/wp\/v2\/posts"}],"about":[{"href":"https:\/\/teletrabajoynegocios.com\/telesecretarias\/wp-json\/wp\/v2\/types\/post"}],"author":[{"embeddable":true,"href":"https:\/\/teletrabajoynegocios.com\/telesecretarias\/wp-json\/wp\/v2\/users\/1"}],"replies":[{"embeddable":true,"href":"https:\/\/teletrabajoynegocios.com\/telesecretarias\/wp-json\/wp\/v2\/comments?post=6766"}],"version-history":[{"count":1,"href":"https:\/\/teletrabajoynegocios.com\/telesecretarias\/wp-json\/wp\/v2\/posts\/6766\/revisions"}],"predecessor-version":[{"id":6767,"href":"https:\/\/teletrabajoynegocios.com\/telesecretarias\/wp-json\/wp\/v2\/posts\/6766\/revisions\/6767"}],"wp:featuredmedia":[{"embeddable":true,"href":"https:\/\/teletrabajoynegocios.com\/telesecretarias\/wp-json\/wp\/v2\/media\/2598"}],"wp:attachment":[{"href":"https:\/\/teletrabajoynegocios.com\/telesecretarias\/wp-json\/wp\/v2\/media?parent=6766"}],"wp:term":[{"taxonomy":"category","embeddable":true,"href":"https:\/\/teletrabajoynegocios.com\/telesecretarias\/wp-json\/wp\/v2\/categories?post=6766"},{"taxonomy":"post_tag","embeddable":true,"href":"https:\/\/teletrabajoynegocios.com\/telesecretarias\/wp-json\/wp\/v2\/tags?post=6766"}],"curies":[{"name":"wp","href":"https:\/\/api.w.org\/{rel}","templated":true}]}}