{"id":6848,"date":"2021-12-01T10:58:17","date_gmt":"2021-12-01T09:58:17","guid":{"rendered":"https:\/\/teletrabajoynegocios.com\/telesecretarias\/?p=6848"},"modified":"2021-12-01T10:58:17","modified_gmt":"2021-12-01T09:58:17","slug":"13-trucos-y-consejos-de-facebook-que-debes-conocer-si-o-si","status":"publish","type":"post","link":"https:\/\/teletrabajoynegocios.com\/telesecretarias\/13-trucos-y-consejos-de-facebook-que-debes-conocer-si-o-si\/","title":{"rendered":"13 trucos y consejos de Facebook que debes conocer s\u00ed o s\u00ed"},"content":{"rendered":"<div id=\"telet-2436234757\" class=\"telet-antes-del-contenido telet-entity-placement\"><a href=\"https:\/\/quaderno.io\/?via=jose-manuel94\" aria-label=\"Quaderno General (Spanish) &#8211; 728&#215;90\"><img loading=\"lazy\" decoding=\"async\" src=\"https:\/\/teletrabajoynegocios.com\/telesecretarias\/wp-content\/uploads\/sites\/2\/2020\/11\/Quaderno-General-Spanish-728x90-1.png\" alt=\"\"  srcset=\"https:\/\/teletrabajoynegocios.com\/telesecretarias\/wp-content\/uploads\/sites\/2\/2020\/11\/Quaderno-General-Spanish-728x90-1.png 728w, https:\/\/teletrabajoynegocios.com\/telesecretarias\/wp-content\/uploads\/sites\/2\/2020\/11\/Quaderno-General-Spanish-728x90-1-300x37.png 300w\" sizes=\"(max-width: 728px) 100vw, 728px\" width=\"728\" height=\"90\"   \/><\/a><\/div><p><a href=\"https:\/\/www.ciudadano2cero.com\/facebook-que-es-como-funciona\/\" target=\"_blank\" rel=\"noopener\">Facebook<\/a>\u00a0es la mayor red social (por el momento), y al ser una red social tan grande, es normal perdernos muchas cosas que podemos hacer.<\/p>\n<p>C\u00f3mo poner el modo oscuro en Facebook, c\u00f3mo descargar un v\u00eddeo de Facebook o c\u00f3mo quitar el visto de su chat est\u00e1n entre los trucos m\u00e1s solicitados de Facebook.<\/p>\n<p>En este post tenemos unos cuantos trucos que seguro que desconoc\u00edas y te encantar\u00e1n.<\/p>\n<h2><span id=\"1_Silenciar_notificaciones_de_Facebook_de_amigos_que_publican_demasiado\">1. Silenciar notificaciones de Facebook de amigos que publican demasiado<\/span><\/h2>\n<p>Si est\u00e1s un poco\u00a0<strong>cansado de ver las publicaciones de las mismas personas en tu feed<\/strong>, pero\u00a0<strong>no quieres eliminar a esos amigos<\/strong>, puedes\u00a0<strong>silenciarlos<\/strong>.<\/p>\n<p>De esta forma seguir\u00e1n siendo tus amigos, pero no ver\u00e1s sus publicaciones (y es que hay gente que te cae muy bien, pero se pasan publicando).<\/p>\n<p>Eso s\u00ed, \u00a1ojo! Esta acci\u00f3n\u00a0<strong>solo durar\u00e1 30 d\u00edas<\/strong>. Despu\u00e9s de este tiempo volver\u00e1s a ver sus publicaciones, pero puedes repetir el proceso.<\/p>\n<p>Para\u00a0<strong>silenciar a un amigo en Facebook<\/strong>, ve a una de las publicaciones de esa persona, y haz clic en el bot\u00f3n de tres puntitos que hay en la esquina superior derecha.<\/p>\n<p>Ahora haz clic en la opci\u00f3n de \u201c<strong><em>Pausar durante 30 d\u00edas<\/em><\/strong>\u201d y ya estar\u00e1 hecho.<\/p>\n<h2><span id=\"2_Como_descargar_mis_datos_de_Facebook\">2. C\u00f3mo descargar mis datos de Facebook<\/span><\/h2>\n<p>Como todos sabemos, Facebook sabe (casi) todo sobre nosotros.<\/p>\n<p>Gracias a su algoritmo, junto a la informaci\u00f3n que nosotros le damos, puede intuir y casi acertar en\u00a0<strong>qu\u00e9 contenido nos gusta<\/strong>, d\u00f3nde nos vamos de\u00a0<strong>vacaciones<\/strong>\u00a0hasta, incluso, que\u00a0<strong>tendencia pol\u00edtica tenemos.<\/strong><\/p>\n<p>Frente a esto no puedes hacer pr\u00e1cticamente nada, pero \u00bfno te pica la curiosidad de hasta qu\u00e9 punto acierta?<\/p>\n<p>Si quieres, puedes descargarte una copia de todos estos datos. Para hacerlo, ve al apartado de \u201c<em>Configuraci\u00f3n y privacidad\u201d y despu\u00e9s \u201cConfiguraci\u00f3n\u201d.<\/em><\/p>\n<p>Ahora haz clic en \u201c<strong><em>Tu informaci\u00f3n de Facebook<\/em><\/strong>\u201d.<\/p>\n<p>En esta nueva ventana, haz clic en \u201c<em>Descargar una copia de tu informaci\u00f3n<\/em>\u201d. Aqu\u00ed, puedes seleccionar que datos quieres descargar. Si quieres todos, haz clic directamente en \u201c<em>Crear archivo<\/em>\u201d.<\/p>\n<p>Nos muestra un mensaje inform\u00e1ndonos de que en cuanto tengan el informe nos lo avisar\u00e1n.<\/p>\n<h2><span id=\"3_Deshabilita_las_marcas_de_visto_de_tus_mensajes_o_elige_quien_puede_ver_que_estas_en_linea\">3. Deshabilita las marcas de \u201cvisto\u201d de tus mensajes o elige quien puede ver que estas en l\u00ednea<\/span><\/h2>\n<p>Para desactivar el visto desde el tel\u00e9fono m\u00f3vil,\u00a0<strong>debes instalar una aplicaci\u00f3n.<\/strong><\/p>\n<p>Si utilizas Android, ve a Goolge Play y descarga \u201c<strong><em>PrivyChat<\/em><\/strong>\u201d. Una vez que est\u00e9 instalada podr\u00e1s quitar el visto de tu chat de Facebook.<\/p>\n<p>Si utilizas iPhone, debes ir a Appstore y descargar \u201c<strong><em>Unread<\/em><\/strong>\u201d. Tiene el mismo funcionamiento, pero para este sistema operativo.<\/p>\n<h2><span id=\"4_Evita_que_los_videos_se_reproduzcan_automaticamente\">4. Evita que los videos se reproduzcan autom\u00e1ticamente<\/span><\/h2>\n<p>Estar navegando por tu feed y que salte un\u00a0<strong>v\u00eddeo con volumen a tope puede ser muy molesto<\/strong>. Si quieres evitar esto, debes\u00a0<strong>desactivar la reproducci\u00f3n autom\u00e1tica de los v\u00eddeos.<\/strong><\/p>\n<p>Para ello, ve al apartado de \u201c<em>Configuraci\u00f3n y privacidad<\/em>\u201d y despu\u00e9s en \u201c<em>Configuraci\u00f3n<\/em>\u201d.<\/p>\n<p>Ahora haz clic en el \u00faltimo apartado del margen izquierdo, \u201c<em>V\u00eddeos<\/em>\u201d.<\/p>\n<p>En esta nueva ventana haz clic en el bot\u00f3n que hay a la derecha de la opci\u00f3n de \u201c<em>Reproducir autom\u00e1ticamente los v\u00eddeos<\/em>\u201d.<\/p>\n<p>Aparecen tres opciones, selecciona \u201c<strong><em>Desactivado<\/em><\/strong>\u201d.<\/p>\n<h2><span id=\"5_Personaliza_la_seccion_de_noticias_cambia_la_seccion_de_noticias_a_mas_reciente\">5. Personaliza la secci\u00f3n de noticias: cambia la secci\u00f3n de noticias a \u201cm\u00e1s reciente\u201d<\/span><\/h2>\n<p>Desde hace un tiempo ha cambiado el orden en el que vemos las publicaciones de Facebook.<\/p>\n<p>El nuevo algoritmo hace que\u00a0<strong>veamos los posts con m\u00e1s me gustas<\/strong>, de cuentas m\u00e1s activas o famosas, y eso hace que nos\u00a0<strong>perdamos muchas publicaciones de amigos.<\/strong><\/p>\n<p>Si quieres cambiar esto, puedes volver a sistema antiguo de ver las notificaciones por\u00a0<strong>orden temporal<\/strong>, seg\u00fan se han publicado.<\/p>\n<p>Para ello, ve al apartado de \u201c<em>Ver m\u00e1s<\/em>\u201d, que aparece en el margen izquierdo.<\/p>\n<p>Ahora debes hacer clic en una de las opciones que se despliega, de \u201c<strong><em>M\u00e1s recientes<\/em><\/strong>\u201d.<\/p>\n<hr \/>\n<p><img decoding=\"async\" src=\"https:\/\/teletrabajoynegocios.com\/teletrabajador\/wp-content\/uploads\/sites\/3\/2020\/07\/articulos.png\" \/><\/p>\n<div class=\"wp-rss-template-container\" data-wpra-template=\"default\" data-template-ctx=\"eyJ0ZW1wbGF0ZSI6IkRlZmF1bHQifQ==\">\n    <div class=\"wp-rss-aggregator wpra-list-template  \" data-page=\"1\">\n    \n    \n<ul class=\"wpra-item-list rss-aggregator wpra-item-list--bullets wpra-item-list--default\"\n    start=\"1\">\n                        <li class=\"wpra-item feed-item \">\n            \n            \n\n    <a  href=\"https:\/\/distritoemprendedores.com\/blog\/2026\/03\/16\/hello-world\/\" target=\"_blank\" rel=\"nofollow\" class=\"\">Hello world!<\/a>\n\n\n\n\n\n\n<div class=\"wprss-feed-meta\">\n            <span class=\"feed-source\">\n            Source:\n\n                            Distrito Emprendedores\n                    <\/span>\n    \n            <span class=\"feed-date\">\n            Published on 2026-03-16\n        <\/span>\n    \n    <\/div>\n\n\n\n\n\n            \n        <\/li>\n                    <li class=\"wpra-item feed-item \">\n            \n            \n\n    <a  href=\"https:\/\/www.dropbox.com\/scl\/fi\/b6csvpbfxu24vaezmo3es\/62bed0634df20e5ef35346439fdd423f_franquicias.pdf?rlkey=mfp2795s4n89mw35l0yeu2vl5&amp;e=2&amp;st=57kabuy0&amp;dl=0#new_tab\" target=\"_blank\" rel=\"nofollow\" class=\"\">Las franquicias espa\u00f1olas duplican su presencia en mercados for\u00e1neos<\/a>\n\n\n\n\n\n\n<div class=\"wprss-feed-meta\">\n            <span class=\"feed-source\">\n            Source:\n\n                            Distrito Emprendedores\n                    <\/span>\n    \n            <span class=\"feed-date\">\n            Published on 2026-03-11\n        <\/span>\n    \n    <\/div>\n\n\n\n\n\n            \n        <\/li>\n                    <li class=\"wpra-item feed-item \">\n            \n            \n\n    <a  href=\"https:\/\/distritoemprendedores.es\/blog\/5-errores-fatales-al-internacionalizar-tu-franquicia\/\" target=\"_blank\" rel=\"nofollow\" class=\"\">5 errores fatales al internacionalizar tu franquicia<\/a>\n\n\n\n\n\n\n<div class=\"wprss-feed-meta\">\n            <span class=\"feed-source\">\n            Source:\n\n                            Distrito Emprendedores\n                    <\/span>\n    \n            <span class=\"feed-date\">\n            Published on 2026-03-10\n        <\/span>\n    \n    <\/div>\n\n\n\n\n\n            \n        <\/li>\n                    <li class=\"wpra-item feed-item \">\n            \n            \n\n    <a  href=\"https:\/\/distritoemprendedores.es\/blog\/un-nuevo-prime-time-para-las-marcas-afterwork-tardeo-y-futbol-se-consolidan-como-los-grandes-motores-del-consumo-experiencial\/\" target=\"_blank\" rel=\"nofollow\" class=\"\">Un nuevo prime time para las marcas: afterwork, tardeo y f\u00fatbol se consolidan como los grandes motores del consumo experiencial<\/a>\n\n\n\n\n\n\n<div class=\"wprss-feed-meta\">\n            <span class=\"feed-source\">\n            Source:\n\n                            Distrito Emprendedores\n                    <\/span>\n    \n            <span class=\"feed-date\">\n            Published on 2026-03-09\n        <\/span>\n    \n    <\/div>\n\n\n\n\n\n            \n        <\/li>\n                    <li class=\"wpra-item feed-item \">\n            \n            \n\n    <a  href=\"https:\/\/distritoemprendedores.es\/blog\/la-ventaja-competitiva-esta-en-entender-como-pregunta-el-consumidor\/\" target=\"_blank\" rel=\"nofollow\" class=\"\">La ventaja competitiva est\u00e1 en entender c\u00f3mo pregunta el consumidor<\/a>\n\n\n\n\n\n\n<div class=\"wprss-feed-meta\">\n            <span class=\"feed-source\">\n            Source:\n\n                            Distrito Emprendedores\n                    <\/span>\n    \n            <span class=\"feed-date\">\n            Published on 2026-03-08\n        <\/span>\n    \n    <\/div>\n\n\n\n\n\n            \n        <\/li>\n                    <li class=\"wpra-item feed-item \">\n            \n            \n\n    <a  href=\"https:\/\/distritoemprendedores.es\/blog\/solo-el-7-de-los-espanoles-cree-a-las-marcas-cuando-comunican-sus-valores-con-hechos-demostrables\/\" target=\"_blank\" rel=\"nofollow\" class=\"\">Solo el 7% de los espa\u00f1oles cree a las marcas cuando comunican sus valores con hechos demostrables<\/a>\n\n\n\n\n\n\n<div class=\"wprss-feed-meta\">\n            <span class=\"feed-source\">\n            Source:\n\n                            Distrito Emprendedores\n                    <\/span>\n    \n            <span class=\"feed-date\">\n            Published on 2026-03-07\n        <\/span>\n    \n    <\/div>\n\n\n\n\n\n            \n        <\/li>\n                    <li class=\"wpra-item feed-item \">\n            \n            \n\n    <a  href=\"https:\/\/distritoemprendedores.es\/blog\/el-38-de-las-empresas-creadas-en-2019-ha-echado-ya-el-cierre\/\" target=\"_blank\" rel=\"nofollow\" class=\"\">El 38% de las empresas creadas en 2019 ha echado ya el cierre<\/a>\n\n\n\n\n\n\n<div class=\"wprss-feed-meta\">\n            <span class=\"feed-source\">\n            Source:\n\n                            Distrito Emprendedores\n                    <\/span>\n    \n            <span class=\"feed-date\">\n            Published on 2026-03-06\n        <\/span>\n    \n    <\/div>\n\n\n\n\n\n            \n        <\/li>\n                    <li class=\"wpra-item feed-item \">\n            \n            \n\n    <a  href=\"https:\/\/distritoemprendedores.es\/blog\/descubre-las-oportunidades-y-tendencias-en-el-mercado-de-la-franquicia-para-2026\/\" target=\"_blank\" rel=\"nofollow\" class=\"\">Descubre las oportunidades y tendencias en el mercado de la franquicia para 2026<\/a>\n\n\n\n\n\n\n<div class=\"wprss-feed-meta\">\n            <span class=\"feed-source\">\n            Source:\n\n                            Distrito Emprendedores\n                    <\/span>\n    \n            <span class=\"feed-date\">\n            Published on 2026-03-05\n        <\/span>\n    \n    <\/div>\n\n\n\n\n\n            \n        <\/li>\n                    <li class=\"wpra-item feed-item \">\n            \n            \n\n    <a  href=\"https:\/\/distritoemprendedores.es\/blog\/las-startups-de-salud-mas-punteras-del-mundo\/\" target=\"_blank\" rel=\"nofollow\" class=\"\">Las startups de salud m\u00e1s punteras del mundo<\/a>\n\n\n\n\n\n\n<div class=\"wprss-feed-meta\">\n            <span class=\"feed-source\">\n            Source:\n\n                            Distrito Emprendedores\n                    <\/span>\n    \n            <span class=\"feed-date\">\n            Published on 2026-03-04\n        <\/span>\n    \n    <\/div>\n\n\n\n\n\n            \n        <\/li>\n                    <li class=\"wpra-item feed-item \">\n            \n            \n\n    <a  href=\"https:\/\/distritoemprendedores.es\/blog\/puesta-en-marcha-de-un-negocio-primeros-pasos-para-validar-vender-y-controlar-la-tesoreria\/\" target=\"_blank\" rel=\"nofollow\" class=\"\">Puesta en marcha de un negocio: primeros pasos para validar, vender y controlar la tesorer\u00eda<\/a>\n\n\n\n\n\n\n<div class=\"wprss-feed-meta\">\n            <span class=\"feed-source\">\n            Source:\n\n                            Distrito Emprendedores\n                    <\/span>\n    \n            <span class=\"feed-date\">\n            Published on 2026-03-03\n        <\/span>\n    \n    <\/div>\n\n\n\n\n\n            \n        <\/li>\n                    <li class=\"wpra-item feed-item \">\n            \n            \n\n    <a  href=\"https:\/\/distritoemprendedores.es\/blog\/6-franquicias-sin-apenas-competencia-en-el-mercado\/\" target=\"_blank\" rel=\"nofollow\" class=\"\">6 franquicias sin apenas competencia en el mercado<\/a>\n\n\n\n\n\n\n<div class=\"wprss-feed-meta\">\n            <span class=\"feed-source\">\n            Source:\n\n                            Distrito Emprendedores\n                    <\/span>\n    \n            <span class=\"feed-date\">\n            Published on 2026-03-02\n        <\/span>\n    \n    <\/div>\n\n\n\n\n\n            \n        <\/li>\n                    <li class=\"wpra-item feed-item \">\n            \n            \n\n    <a  href=\"https:\/\/digistorage.es\/links\/71d78951-a420-4f5b-8de6-7b35ae7efc1c#new_tab\" target=\"_blank\" rel=\"nofollow\" class=\"\">Los algoritmos amenazan con filtrar las confesiones realizadas al abogado<\/a>\n\n\n\n\n\n\n<div class=\"wprss-feed-meta\">\n            <span class=\"feed-source\">\n            Source:\n\n                            Distrito Emprendedores\n                    <\/span>\n    \n            <span class=\"feed-date\">\n            Published on 2026-03-01\n        <\/span>\n    \n    <\/div>\n\n\n\n\n\n            \n        <\/li>\n                    <li class=\"wpra-item feed-item \">\n            \n            \n\n    <a  href=\"https:\/\/distritoemprendedores.es\/blog\/las-startups-que-mas-innovan-en-el-mundo\/\" target=\"_blank\" rel=\"nofollow\" class=\"\">Las startups que m\u00e1s innovan en el mundo<\/a>\n\n\n\n\n\n\n<div class=\"wprss-feed-meta\">\n            <span class=\"feed-source\">\n            Source:\n\n                            Distrito Emprendedores\n                    <\/span>\n    \n            <span class=\"feed-date\">\n            Published on 2026-02-28\n        <\/span>\n    \n    <\/div>\n\n\n\n\n\n            \n        <\/li>\n                    <li class=\"wpra-item feed-item \">\n            \n            \n\n    <a  href=\"https:\/\/distritoemprendedores.es\/blog\/tiktok-genera-31-000-millones-de-euros-para-las-empresas-europeas-y-3-000-millones-en-espana\/\" target=\"_blank\" rel=\"nofollow\" class=\"\">TikTok genera 31.000 millones de euros para las empresas europeas y 3.000 millones en Espa\u00f1a<\/a>\n\n\n\n\n\n\n<div class=\"wprss-feed-meta\">\n            <span class=\"feed-source\">\n            Source:\n\n                            Distrito Emprendedores\n                    <\/span>\n    \n            <span class=\"feed-date\">\n            Published on 2026-02-27\n        <\/span>\n    \n    <\/div>\n\n\n\n\n\n            \n        <\/li>\n                    <li class=\"wpra-item feed-item \">\n            \n            \n\n    <a  href=\"https:\/\/distritoemprendedores.es\/blog\/amazon-planea-un-marketplace-para-hacer-de-puente-entre-los-publishers-y-las-empresas-de-ia\/\" target=\"_blank\" rel=\"nofollow\" class=\"\">Amazon planea un \u00abmarketplace\u00bb para hacer de puente entre los \u00abpublishers\u00bb y las empresas de IA<\/a>\n\n\n\n\n\n\n<div class=\"wprss-feed-meta\">\n            <span class=\"feed-source\">\n            Source:\n\n                            Distrito Emprendedores\n                    <\/span>\n    \n            <span class=\"feed-date\">\n            Published on 2026-02-26\n        <\/span>\n    \n    <\/div>\n\n\n\n\n\n            \n        <\/li>\n        <\/ul>\n\n        \n<\/div>\n\n<\/div>\n\n<hr \/>\n<h2><span id=\"6_Como_subir_fotos_360_grados_a_Facebook_desde_un_pc\">6. C\u00f3mo subir fotos 360 grados a Facebook desde un pc<\/span><\/h2>\n<p>Una imagen o v\u00eddeo en 360\u00ba nos permite ver la escena\u00a0<strong>desde todos los \u00e1ngulos.<\/strong><\/p>\n<p>Estas im\u00e1genes suelen ser tomadas con un software para crear im\u00e1genes panor\u00e1micas, c\u00e1maras especializadas, y algunos modelos de iPhone y Samsung Galaxy.<\/p>\n<p>Subir una foto de estas caracter\u00edsticas\u00a0<strong>solo se puede hacer desde la aplicaci\u00f3n m\u00f3vil<\/strong>, por lo que para hacerlo abre esta aplicaci\u00f3n.<\/p>\n<p>Ahora, en la pantalla inicial haz clic en \u201c<em>Foto<\/em>\u201d o \u201c<em>V\u00eddeo<\/em>\u201d y selecciona el archivo.<\/p>\n<h2><span id=\"7_Como_cerrar_sesion_en_aplicaciones_vinculadas_con_Facebook\">7. C\u00f3mo cerrar sesi\u00f3n en aplicaciones vinculadas con Facebook<\/span><\/h2>\n<p>Muchas veces, al iniciar sesi\u00f3n en una aplicaci\u00f3n, decidimos iniciar sesi\u00f3n vinculando nuestro perfil de Facebook.<\/p>\n<p>Puede ser que lo hayas hecho demasiadas veces y ya ni te acuerdes de qu\u00e9 aplicaciones tienes vinculadas a tu perfil de Facebook.<\/p>\n<p>Si quieres verlas y eliminar esta acci\u00f3n, debes ir al apartado de \u201c<em>Configuraci\u00f3n<\/em>\u201d, en el bot\u00f3n de arriba a la derecha, y despu\u00e9s hacer clic en \u201c<em>Aplicaciones y sitios web<\/em>\u201d.<\/p>\n<p>En esta ventana podr\u00e1s ver todas las aplicaciones que tienes vinculadas y eliminarlas.<\/p>\n<h2><span id=\"8_Descargar_videos_de_Facebook\">8. Descargar v\u00eddeos de Facebook<\/span><\/h2>\n<p>Para\u00a0<strong>descargar un v\u00eddeo de Facebook desde un ordenador<\/strong>, los pasos a seguir son iguales que desde un m\u00f3vil Android.<\/p>\n<p>Entra en tu cuenta y busca el v\u00eddeo que quieras descargar.<\/p>\n<p>Ahora, haz clic en el bot\u00f3n que hay en la esquina derecha, con\u00a0<strong>forma de tres puntitos.<\/strong>\u00a0Haz clic en \u201c<strong><em>Copiar enlace<\/em><\/strong>\u201d.<\/p>\n<p>Ve a la p\u00e1gina \u201c<a class=\"broken_link\" href=\"https:\/\/fbdown.net\/\" target=\"_blank\" rel=\"noopener\"><strong><em>fbdown.net<\/em><\/strong><\/a>\u201d y\u00a0<strong>pega el enlace del v\u00eddeo<\/strong>\u00a0que acabas de copiar\u00a0<strong>en la barra buscadora.<\/strong><\/p>\n<p>Cuando lo tengas haz clic en el bot\u00f3n de la derecha, donde pone \u201c<em>Download<\/em>\u201d.<\/p>\n<p>Ahora puedes ver una nueva ventana, con la\u00a0<strong>previsualizaci\u00f3n<\/strong>\u00a0del v\u00eddeo y justo debajo diferentes\u00a0<strong>calidades<\/strong>\u00a0en las que podemos descargar el v\u00eddeo.<\/p>\n<p>Selecciona la opci\u00f3n que quieras y haz clic en \u201c<em>Download<\/em>\u201d.<\/p>\n<p>Nos lleva a una nueva ventana, donde se reproduce el v\u00eddeo.<\/p>\n<p><strong>Si est\u00e1s desde el navegador Chrome,<\/strong>\u00a0haz clic en el bot\u00f3n que hay abajo a la derecha, con forma de tres puntitos y selecciona la opci\u00f3n de \u201c<em>Descargar<\/em>\u201d.<\/p>\n<p>Cuando haces clic se descarga autom\u00e1ticamente el v\u00eddeo en\u00a0<strong>formato mp4.<\/strong><\/p>\n<p><strong>Si estas navegando desde Firefox<\/strong>\u00a0debes hacer clic en el\u00a0<strong>bot\u00f3n\u00a0<\/strong>derecho de tu rat\u00f3n, estando sobre la previsualizaci\u00f3n del v\u00eddeo y seleccionar la opci\u00f3n de<strong>\u00a0\u201c<em>Guardar v\u00eddeo como<\/em>\u201d.<\/strong><\/p>\n<p>Cuando hayas terminado haz clic en<strong>\u00a0\u201c<em>Guardar<\/em>\u201d.<\/strong><\/p>\n<h3><span id=\"Como_descargar_un_video_de_Facebook_desde_iPhone\">C\u00f3mo descargar un v\u00eddeo de Facebook desde iPhone<\/span><\/h3>\n<p>Para\u00a0<strong>descargar un v\u00eddeo desde iPhone,<\/strong>\u00a0es necesario descargar una aplicaci\u00f3n de gesti\u00f3n de archivos. En este ejemplo vamos a descargar \u201c<strong><em>Documents by riddle<\/em><\/strong>\u201d, con la que vamos a\u00a0<strong>descargar el archivo en un formato de v\u00eddeo.<\/strong><\/p>\n<p>Ahora, ve al\u00a0<strong>v\u00eddeo que quieres descargar<\/strong>\u00a0y copia el\u00a0<strong>enlace del v\u00eddeo<\/strong>. Para obtenerlo, haz clic en el bot\u00f3n que hay arriba a la derecha, con forma de tres puntitos.<\/p>\n<p>Selecciona la opci\u00f3n de \u201c<em>copiar enlace<\/em>\u201d.<\/p>\n<p>Ahora debes ir a la aplicaci\u00f3n que hemos descargado, y hacer clic en el bot\u00f3n que hay en la\u00a0<strong>esquina inferior derecha<\/strong>, que tiene\u00a0<strong>forma de br\u00fajula.<\/strong><\/p>\n<p>Esto lo que hace es abrir una\u00a0<strong>nueva ventana de navegaci\u00f3n<\/strong>\u00a0en Google, pero como si fuera desde un ordenador.<\/p>\n<p>Escribe en la barra buscadora \u201c<a class=\"broken_link\" href=\"https:\/\/www.fbdown.es\/\" target=\"_blank\" rel=\"noopener\"><strong><em>www.fbdown.es<\/em><\/strong><\/a>\u201d, que es la direcci\u00f3n de la p\u00e1gina\u00a0<strong>web que descarga el v\u00eddeo desde Facebook.<\/strong><\/p>\n<p>Pega el enlace de la publicaci\u00f3n que quieres descargar y haz clic en \u201c<em>Dowload<\/em>\u201d.<\/p>\n<p>Esto nos lleva a una nueva ventana, en la que vemos la previsualizaci\u00f3n del v\u00eddeo, y justo debajo\u00a0<strong>diferentes calidades<\/strong>\u00a0en las que te lo puedes descargar.<\/p>\n<p>Elige la que m\u00e1s se adate a ti y haz clic en \u201c<em>Download<\/em>\u201d.<\/p>\n<p>Llegamos a una nueva ventana, en la que vemos el nombre del v\u00eddeo y d\u00f3nde queremos guardarlo. Cuando est\u00e9 todo listo, haz clic en \u201c<em>Hecho<\/em>\u201d, arriba a la derecha.<\/p>\n<h3><span id=\"Como_descargar_un_video_de_Facebook_desde_Android\">C\u00f3mo descargar un v\u00eddeo de Facebook desde Android<\/span><\/h3>\n<p>Para descargar un video de Facebook desde un Android lo primero que necesitas es el enlace del v\u00eddeo.<\/p>\n<p>Ve a la publicaci\u00f3n y haz clic en el bot\u00f3n de los tres puntitos que hay a la derecha. Haz clic en \u201c<em>Copiar enlace<\/em>\u201d para copiarlo.<\/p>\n<p>Abre el navegador que tengas en tu Android y ve a \u201c<a class=\"broken_link\" href=\"https:\/\/www.fbdown.net\/\" target=\"_blank\" rel=\"noopener\"><strong><em>www.fbdown.net<\/em><\/strong><\/a>\u201d.<\/p>\n<p>Esta es una p\u00e1gina web que, al pegar en esta barra la direcci\u00f3n del enlace del video de\u00a0<a href=\"https:\/\/www.ciudadano2cero.com\/twitter-que-es-como-funciona\/\" target=\"_blank\" rel=\"noopener\">Twitter<\/a>, la convierte en un archivo descargable.<\/p>\n<p>Copia la direcci\u00f3n en la barra central y haz clic en \u201c<em>Download<\/em>\u201d.<\/p>\n<p>Puedes descargar el v\u00eddeo en calidades diferentes, elige la que quieras y haz clic en \u201c<em>Download<\/em>\u201d<\/p>\n<p>Se abre una nueva ventana de visualizaci\u00f3n. Ve al bot\u00f3n que son tres puntitos, abajo a la derecha, y haz clic.<\/p>\n<p>Aqu\u00ed nos muestra la opci\u00f3n de \u201c<em>Descargar<\/em>\u201d. Haz clic y ves como ya empieza a descargarse como archivo mp4.<\/p>\n<h2><span id=\"9_Como_bloquear_solicitudes_de_juegos_y_aplicaciones_de_Facebook\">9. C\u00f3mo bloquear solicitudes de juegos y aplicaciones de Facebook<\/span><\/h2>\n<p>Esto puede llegar a ser realmente molesto\u2026 Por eso, vamos a ver\u00a0<strong>c\u00f3mo bloquear estos avisos<\/strong><\/p>\n<p>Eso s\u00ed, no los bloqueas todos,\u00a0<strong>sino los de una persona determinada.<\/strong><\/p>\n<p>Para hacerlo, haz clic en \u201c<em>Configuraci\u00f3n y privacidad<\/em>\u201d y despu\u00e9s en \u201c<em>Configuraci\u00f3n<\/em>\u201d.<\/p>\n<p>Ahora haz clic en \u201c<em>Bloqueos<\/em>\u201d y ve a la opci\u00f3n de \u201c<em>Bloquear invitaciones a juegos y aplicaciones<\/em>\u201d. Tan solo debes escribe el nombre de la persona que no deja de invitarte.<\/p>\n<h2><span id=\"10_Descarga_un_album_completo_de_fotos_de_Facebook_de_las_personas_que_sigues\">10. Descarga un \u00e1lbum completo de fotos de Facebook de las personas que sigues<\/span><\/h2>\n<p>Hace un tiempo exist\u00eda una extensi\u00f3n e Chrome llamado \u201c<em>Advanced Facebook Search<\/em>\u201d que permit\u00eda descargarnos muchas publicaciones de otros usuarios.<\/p>\n<p>Sin embargo,\u00a0<strong>ya no est\u00e1 disponible y debes descargar foto a foto<\/strong>.<\/p>\n<p>Para descargar una foto de Facebook, ve a la foto y haz clic en el bot\u00f3n derecho del rat\u00f3n, y despu\u00e9s en \u201c<em>Guardar imagen como<\/em>\u201d.<\/p>\n<h2><span id=\"11_Vuelve_al_contenido_que_se_perdio_al_actualizar\">11. Vuelve al contenido que se perdi\u00f3 al actualizar<\/span><\/h2>\n<p>Cuando est\u00e1s viendo una publicaci\u00f3n y sin querer actualizas\u2026 es una faena.<\/p>\n<p>Facebook\u00a0<strong>marca como vista esa publicaci\u00f3n<\/strong>\u00a0y no las vas a volver a poder encontrar, a no ser qu\u00e9 te acuerdes de qu\u00e9 cuenta era.<\/p>\n<p>Si no te fijaste qui\u00e9n lo hab\u00eda escrito y la has perdido<strong>, ingresa a Facebook desde este\u00a0<a href=\"https:\/\/www.facebook.com\/seen\" target=\"_blank\" rel=\"noopener\">enlace<\/a><\/strong>, en el que las publicaciones vistas se siguen mostrando.<\/p>\n<h2><span id=\"12_Como_saber_cuanto_tiempo_paso_en_Facebook\">12. C\u00f3mo saber cu\u00e1nto tiempo paso en Facebook<\/span><\/h2>\n<p>Para ver\u00a0<strong>el tiempo que pasas en la aplicaci\u00f3n de Facebook de tu m\u00f3vil<\/strong>, ve al bot\u00f3n de tres rayas de la esquina inferior izquierda.<\/p>\n<p>Ahora, desliza hacia abajo hasta la opci\u00f3n de \u201c<em>Configuraci\u00f3n y privacidad<\/em>\u201d y haz clic en la flecha del lateral para desplegar las opciones.<\/p>\n<p>Selecciona \u201c<strong><em>Tu tiempo en Facebook<\/em><\/strong>\u201d para ver tus estad\u00edsticas.<\/p>\n<p>Si quieres\u00a0<strong>limitar el tiempo que pasas en esta aplicaci\u00f3n<\/strong>, puedes activar un recordatorio. Este te saltar\u00e1 cuando lleves \u201c<em>x<\/em>\u201d tiempo en la aplicaci\u00f3n.<\/p>\n<p>Para activarlo, debes estar en la secci\u00f3n de \u201c<em>Tu tiempo en Facebook<\/em>\u201d y hacer clic en \u201c<em>Administra tu tiempo<\/em>\u201d.<\/p>\n<p>Ahora haz clic en \u201c<em>Recordatorio diario<\/em>\u201d y selecciona al tiempo que quieres pasar en la aplicaci\u00f3n antes de que te avise Facebook.<\/p>\n<h2><span id=\"13_Como_poner_Facebook_en_modo_oscuro\">13. C\u00f3mo poner Facebook en modo oscuro<\/span><\/h2>\n<p>Para poner el modo oscuro en la versi\u00f3n de escritorio, haz clic en el bot\u00f3n de la esquina derecha y selecciona la opci\u00f3n de \u201c<em>Pantalla y visibilidad<\/em>\u201d.<\/p>\n<p>Aqu\u00ed puedes activar el modo oscuro.<\/p>\n<h3><span id=\"Como_poner_el_modo_oscuro_en_iOS\">C\u00f3mo poner el modo oscuro en iOS<\/span><\/h3>\n<p>Para activar el modo oscuro en la aplicaci\u00f3n de Facebook de iPhone debes ir al bot\u00f3n de la esquina inferior derecha.<\/p>\n<p>Se abre una nueva ventana. Desliza hacia abajo hasta ver la opci\u00f3n de \u201c<em>Configuraci\u00f3n y privacidad<\/em>\u201d y despu\u00e9s en \u201c<em>Modo oscuro<\/em>\u201d y act\u00edvalo.<\/p>\n<h3><span id=\"Como_poner_el_modo_oscuro_en_Android\">C\u00f3mo poner el modo oscuro en Android<\/span><\/h3>\n<p>Para poner el modo oscuro en Android debes hacer clic en el bot\u00f3n que hay arriba a la derecha con forma de tres rayas horizontales.<\/p>\n<p>Una vez que est\u00e9s en esta ventana, debes desplegar la opci\u00f3n de \u201c<em>Configuraci\u00f3n y privacidad<\/em>\u201d y hacer clic en \u201c<em>Modo oscuro<\/em>\u201c.<\/p>\n<p>Ahora haz clic en \u201cActivado\u201d<\/p>\n<p><span class=\"entry-author\"><a class=\"entry-author-link\" href=\"https:\/\/www.ciudadano2cero.com\/author\/lucia\/\" rel=\"nofollow\"><span class=\"entry-author-name\">Luc\u00eda Berlanga<\/span><\/a><\/span>,<\/p>\n<div id=\"telet-1348904151\" class=\"telet-despues-del-contenido telet-entity-placement\"><a target=\"_blank\" href=\"\/\/aff.lucushost.com\/resources\/click\/?n=gDxoXMAJ&aff=756\"><img decoding=\"async\" border=\"0\" alt=\"LucusHost, el mejor hosting\" src=\"\/\/aff.lucushost.com\/resources\/banners\/?zoneid=5123&n=gDxoXMAJ&aff=756\" \/><\/a><\/div>","protected":false},"excerpt":{"rendered":"<p>Facebook\u00a0es la mayor red social (por el momento), y al ser una red social tan grande, es normal perdernos muchas cosas que podemos hacer. C\u00f3mo poner el modo oscuro en&hellip; <\/p>\n","protected":false},"author":1,"featured_media":2715,"comment_status":"open","ping_status":"open","sticky":false,"template":"","format":"standard","meta":{"_jetpack_memberships_contains_paid_content":false,"footnotes":"","_links_to":"","_links_to_target":""},"categories":[11],"tags":[15,14],"class_list":["post-6848","post","type-post","status-publish","format-standard","has-post-thumbnail","hentry","category-redes-sociales","tag-fuprisa","tag-jose-manuel-fuentes-prieto"],"nelio_content":{"autoShareEndMode":"never","automationSources":{"useCustomSentences":false,"customSentences":[]},"efiAlt":"","efiUrl":"","followers":[1],"highlights":[],"isAutoShareEnabled":true,"networkImageIds":[],"permalinkQueryArgs":[],"series":[],"suggestedReferences":[]},"jetpack_featured_media_url":"https:\/\/teletrabajoynegocios.com\/telesecretarias\/wp-content\/uploads\/sites\/2\/2020\/12\/brecha-genero-espana.jpg","jetpack_sharing_enabled":true,"_links":{"self":[{"href":"https:\/\/teletrabajoynegocios.com\/telesecretarias\/wp-json\/wp\/v2\/posts\/6848","targetHints":{"allow":["GET"]}}],"collection":[{"href":"https:\/\/teletrabajoynegocios.com\/telesecretarias\/wp-json\/wp\/v2\/posts"}],"about":[{"href":"https:\/\/teletrabajoynegocios.com\/telesecretarias\/wp-json\/wp\/v2\/types\/post"}],"author":[{"embeddable":true,"href":"https:\/\/teletrabajoynegocios.com\/telesecretarias\/wp-json\/wp\/v2\/users\/1"}],"replies":[{"embeddable":true,"href":"https:\/\/teletrabajoynegocios.com\/telesecretarias\/wp-json\/wp\/v2\/comments?post=6848"}],"version-history":[{"count":1,"href":"https:\/\/teletrabajoynegocios.com\/telesecretarias\/wp-json\/wp\/v2\/posts\/6848\/revisions"}],"predecessor-version":[{"id":6849,"href":"https:\/\/teletrabajoynegocios.com\/telesecretarias\/wp-json\/wp\/v2\/posts\/6848\/revisions\/6849"}],"wp:featuredmedia":[{"embeddable":true,"href":"https:\/\/teletrabajoynegocios.com\/telesecretarias\/wp-json\/wp\/v2\/media\/2715"}],"wp:attachment":[{"href":"https:\/\/teletrabajoynegocios.com\/telesecretarias\/wp-json\/wp\/v2\/media?parent=6848"}],"wp:term":[{"taxonomy":"category","embeddable":true,"href":"https:\/\/teletrabajoynegocios.com\/telesecretarias\/wp-json\/wp\/v2\/categories?post=6848"},{"taxonomy":"post_tag","embeddable":true,"href":"https:\/\/teletrabajoynegocios.com\/telesecretarias\/wp-json\/wp\/v2\/tags?post=6848"}],"curies":[{"name":"wp","href":"https:\/\/api.w.org\/{rel}","templated":true}]}}