{"id":6906,"date":"2021-12-04T16:59:26","date_gmt":"2021-12-04T15:59:26","guid":{"rendered":"https:\/\/teletrabajoynegocios.com\/telesecretarias\/?p=6906"},"modified":"2021-12-05T17:08:17","modified_gmt":"2021-12-05T16:08:17","slug":"personas-que-disfrutan-de-estar-solas-caracteristicas-psicologicas","status":"publish","type":"post","link":"https:\/\/teletrabajoynegocios.com\/telesecretarias\/personas-que-disfrutan-de-estar-solas-caracteristicas-psicologicas\/","title":{"rendered":"Personas que disfrutan de estar solas: caracter\u00edsticas psicol\u00f3gicas"},"content":{"rendered":"<div id=\"telet-1367745225\" class=\"telet-antes-del-contenido telet-entity-placement\"><a href=\"https:\/\/quaderno.io\/?via=jose-manuel94\" aria-label=\"Quaderno General (Spanish) &#8211; 728&#215;90\"><img loading=\"lazy\" decoding=\"async\" src=\"https:\/\/teletrabajoynegocios.com\/telesecretarias\/wp-content\/uploads\/sites\/2\/2020\/11\/Quaderno-General-Spanish-728x90-1.png\" alt=\"\"  srcset=\"https:\/\/teletrabajoynegocios.com\/telesecretarias\/wp-content\/uploads\/sites\/2\/2020\/11\/Quaderno-General-Spanish-728x90-1.png 728w, https:\/\/teletrabajoynegocios.com\/telesecretarias\/wp-content\/uploads\/sites\/2\/2020\/11\/Quaderno-General-Spanish-728x90-1-300x37.png 300w\" sizes=\"(max-width: 728px) 100vw, 728px\" width=\"728\" height=\"90\"   \/><\/a><\/div><p>\u00bfTe consideras una persona que disfruta de estar a solas? \u00bfConoces a alguien con un c\u00edrculo social muy peque\u00f1o? Existen algunas caracter\u00edsticas interesantes que suelen primar en este tipo de personas.<\/p>\n<p class=\"jsx-4098198752 c--grey-neutral-800\">Si bien los seres humanos somos animales sociales, es muy habitual encontrar personas que disfrutan de su soledad y les encanta pasar tiempo consigo mismas.<\/p>\n<p class=\"jsx-4098198752 c--grey-neutral-800\"><strong>No obstante, sentirse a gusto en soledad no es sin\u00f3nimo de misantrop\u00eda ni de\u00a0<a class=\"jsx-151512268 jsx-3387278544 default-a-link is--underline c--secondary-600 is--underline\" href=\"https:\/\/lamenteesmaravillosa.com\/hay-tres-tipos-de-egoismo-y-dos-de-ellos-son-saludables\/\" target=\"_blank\" rel=\"noopener\" data-with-google-events=\"true\" data-google-events=\"{&quot;data&quot;:{&quot;action&quot;:&quot;click&quot;,&quot;category&quot;:&quot;Content&quot;,&quot;label&quot;:&quot;Related \/personas-disfrutan-estar-solas-caracteristicas-psicologicas\/&quot;,&quot;value&quot;:&quot;https:\/\/lamenteesmaravillosa.com\/hay-tres-tipos-de-egoismo-y-dos-de-ellos-son-saludables\/&quot;}}\">ego\u00edsmo<\/a><\/strong>. Incluso, es com\u00fan que quienes encuentran placer en el estar solas valoren mucho la buena compa\u00f1\u00eda y sean seres humanos amables y respetuosos.<\/p>\n<p class=\"jsx-4098198752 c--grey-neutral-800\">En este art\u00edculo conocer\u00e1s las principales caracter\u00edsticas psicol\u00f3gicas de las personas que disfrutan de estar solas y tal vez te identifiques con algunas o te ayuden a valorar m\u00e1s a aquel amigo o amiga que no te parece tan sociable.<\/p>\n<hr \/>\n<p><img decoding=\"async\" src=\"https:\/\/teletrabajoynegocios.com\/teletrabajador\/wp-content\/uploads\/sites\/3\/2020\/07\/articulos.png\" \/><\/p>\n<div class=\"wp-rss-template-container\" data-wpra-template=\"default\" data-template-ctx=\"eyJ0ZW1wbGF0ZSI6IkRlZmF1bHQifQ==\">\n    <div class=\"wp-rss-aggregator wpra-list-template  \" data-page=\"1\">\n    \n    \n<ul class=\"wpra-item-list rss-aggregator wpra-item-list--bullets wpra-item-list--default\"\n    start=\"1\">\n                        <li class=\"wpra-item feed-item \">\n            \n            \n\n    <a  href=\"https:\/\/distritoemprendedores.com\/blog\/2026\/03\/16\/hello-world\/\" target=\"_blank\" rel=\"nofollow\" class=\"\">Hello world!<\/a>\n\n\n\n\n\n\n<div class=\"wprss-feed-meta\">\n            <span class=\"feed-source\">\n            Source:\n\n                            Distrito Emprendedores\n                    <\/span>\n    \n            <span class=\"feed-date\">\n            Published on 2026-03-16\n        <\/span>\n    \n    <\/div>\n\n\n\n\n\n            \n        <\/li>\n                    <li class=\"wpra-item feed-item \">\n            \n            \n\n    <a  href=\"https:\/\/www.dropbox.com\/scl\/fi\/b6csvpbfxu24vaezmo3es\/62bed0634df20e5ef35346439fdd423f_franquicias.pdf?rlkey=mfp2795s4n89mw35l0yeu2vl5&amp;e=2&amp;st=57kabuy0&amp;dl=0#new_tab\" target=\"_blank\" rel=\"nofollow\" class=\"\">Las franquicias espa\u00f1olas duplican su presencia en mercados for\u00e1neos<\/a>\n\n\n\n\n\n\n<div class=\"wprss-feed-meta\">\n            <span class=\"feed-source\">\n            Source:\n\n                            Distrito Emprendedores\n                    <\/span>\n    \n            <span class=\"feed-date\">\n            Published on 2026-03-11\n        <\/span>\n    \n    <\/div>\n\n\n\n\n\n            \n        <\/li>\n                    <li class=\"wpra-item feed-item \">\n            \n            \n\n    <a  href=\"https:\/\/distritoemprendedores.es\/blog\/5-errores-fatales-al-internacionalizar-tu-franquicia\/\" target=\"_blank\" rel=\"nofollow\" class=\"\">5 errores fatales al internacionalizar tu franquicia<\/a>\n\n\n\n\n\n\n<div class=\"wprss-feed-meta\">\n            <span class=\"feed-source\">\n            Source:\n\n                            Distrito Emprendedores\n                    <\/span>\n    \n            <span class=\"feed-date\">\n            Published on 2026-03-10\n        <\/span>\n    \n    <\/div>\n\n\n\n\n\n            \n        <\/li>\n                    <li class=\"wpra-item feed-item \">\n            \n            \n\n    <a  href=\"https:\/\/distritoemprendedores.es\/blog\/un-nuevo-prime-time-para-las-marcas-afterwork-tardeo-y-futbol-se-consolidan-como-los-grandes-motores-del-consumo-experiencial\/\" target=\"_blank\" rel=\"nofollow\" class=\"\">Un nuevo prime time para las marcas: afterwork, tardeo y f\u00fatbol se consolidan como los grandes motores del consumo experiencial<\/a>\n\n\n\n\n\n\n<div class=\"wprss-feed-meta\">\n            <span class=\"feed-source\">\n            Source:\n\n                            Distrito Emprendedores\n                    <\/span>\n    \n            <span class=\"feed-date\">\n            Published on 2026-03-09\n        <\/span>\n    \n    <\/div>\n\n\n\n\n\n            \n        <\/li>\n                    <li class=\"wpra-item feed-item \">\n            \n            \n\n    <a  href=\"https:\/\/distritoemprendedores.es\/blog\/la-ventaja-competitiva-esta-en-entender-como-pregunta-el-consumidor\/\" target=\"_blank\" rel=\"nofollow\" class=\"\">La ventaja competitiva est\u00e1 en entender c\u00f3mo pregunta el consumidor<\/a>\n\n\n\n\n\n\n<div class=\"wprss-feed-meta\">\n            <span class=\"feed-source\">\n            Source:\n\n                            Distrito Emprendedores\n                    <\/span>\n    \n            <span class=\"feed-date\">\n            Published on 2026-03-08\n        <\/span>\n    \n    <\/div>\n\n\n\n\n\n            \n        <\/li>\n                    <li class=\"wpra-item feed-item \">\n            \n            \n\n    <a  href=\"https:\/\/distritoemprendedores.es\/blog\/solo-el-7-de-los-espanoles-cree-a-las-marcas-cuando-comunican-sus-valores-con-hechos-demostrables\/\" target=\"_blank\" rel=\"nofollow\" class=\"\">Solo el 7% de los espa\u00f1oles cree a las marcas cuando comunican sus valores con hechos demostrables<\/a>\n\n\n\n\n\n\n<div class=\"wprss-feed-meta\">\n            <span class=\"feed-source\">\n            Source:\n\n                            Distrito Emprendedores\n                    <\/span>\n    \n            <span class=\"feed-date\">\n            Published on 2026-03-07\n        <\/span>\n    \n    <\/div>\n\n\n\n\n\n            \n        <\/li>\n                    <li class=\"wpra-item feed-item \">\n            \n            \n\n    <a  href=\"https:\/\/distritoemprendedores.es\/blog\/el-38-de-las-empresas-creadas-en-2019-ha-echado-ya-el-cierre\/\" target=\"_blank\" rel=\"nofollow\" class=\"\">El 38% de las empresas creadas en 2019 ha echado ya el cierre<\/a>\n\n\n\n\n\n\n<div class=\"wprss-feed-meta\">\n            <span class=\"feed-source\">\n            Source:\n\n                            Distrito Emprendedores\n                    <\/span>\n    \n            <span class=\"feed-date\">\n            Published on 2026-03-06\n        <\/span>\n    \n    <\/div>\n\n\n\n\n\n            \n        <\/li>\n                    <li class=\"wpra-item feed-item \">\n            \n            \n\n    <a  href=\"https:\/\/distritoemprendedores.es\/blog\/descubre-las-oportunidades-y-tendencias-en-el-mercado-de-la-franquicia-para-2026\/\" target=\"_blank\" rel=\"nofollow\" class=\"\">Descubre las oportunidades y tendencias en el mercado de la franquicia para 2026<\/a>\n\n\n\n\n\n\n<div class=\"wprss-feed-meta\">\n            <span class=\"feed-source\">\n            Source:\n\n                            Distrito Emprendedores\n                    <\/span>\n    \n            <span class=\"feed-date\">\n            Published on 2026-03-05\n        <\/span>\n    \n    <\/div>\n\n\n\n\n\n            \n        <\/li>\n                    <li class=\"wpra-item feed-item \">\n            \n            \n\n    <a  href=\"https:\/\/distritoemprendedores.es\/blog\/las-startups-de-salud-mas-punteras-del-mundo\/\" target=\"_blank\" rel=\"nofollow\" class=\"\">Las startups de salud m\u00e1s punteras del mundo<\/a>\n\n\n\n\n\n\n<div class=\"wprss-feed-meta\">\n            <span class=\"feed-source\">\n            Source:\n\n                            Distrito Emprendedores\n                    <\/span>\n    \n            <span class=\"feed-date\">\n            Published on 2026-03-04\n        <\/span>\n    \n    <\/div>\n\n\n\n\n\n            \n        <\/li>\n                    <li class=\"wpra-item feed-item \">\n            \n            \n\n    <a  href=\"https:\/\/distritoemprendedores.es\/blog\/puesta-en-marcha-de-un-negocio-primeros-pasos-para-validar-vender-y-controlar-la-tesoreria\/\" target=\"_blank\" rel=\"nofollow\" class=\"\">Puesta en marcha de un negocio: primeros pasos para validar, vender y controlar la tesorer\u00eda<\/a>\n\n\n\n\n\n\n<div class=\"wprss-feed-meta\">\n            <span class=\"feed-source\">\n            Source:\n\n                            Distrito Emprendedores\n                    <\/span>\n    \n            <span class=\"feed-date\">\n            Published on 2026-03-03\n        <\/span>\n    \n    <\/div>\n\n\n\n\n\n            \n        <\/li>\n                    <li class=\"wpra-item feed-item \">\n            \n            \n\n    <a  href=\"https:\/\/distritoemprendedores.es\/blog\/6-franquicias-sin-apenas-competencia-en-el-mercado\/\" target=\"_blank\" rel=\"nofollow\" class=\"\">6 franquicias sin apenas competencia en el mercado<\/a>\n\n\n\n\n\n\n<div class=\"wprss-feed-meta\">\n            <span class=\"feed-source\">\n            Source:\n\n                            Distrito Emprendedores\n                    <\/span>\n    \n            <span class=\"feed-date\">\n            Published on 2026-03-02\n        <\/span>\n    \n    <\/div>\n\n\n\n\n\n            \n        <\/li>\n                    <li class=\"wpra-item feed-item \">\n            \n            \n\n    <a  href=\"https:\/\/digistorage.es\/links\/71d78951-a420-4f5b-8de6-7b35ae7efc1c#new_tab\" target=\"_blank\" rel=\"nofollow\" class=\"\">Los algoritmos amenazan con filtrar las confesiones realizadas al abogado<\/a>\n\n\n\n\n\n\n<div class=\"wprss-feed-meta\">\n            <span class=\"feed-source\">\n            Source:\n\n                            Distrito Emprendedores\n                    <\/span>\n    \n            <span class=\"feed-date\">\n            Published on 2026-03-01\n        <\/span>\n    \n    <\/div>\n\n\n\n\n\n            \n        <\/li>\n                    <li class=\"wpra-item feed-item \">\n            \n            \n\n    <a  href=\"https:\/\/distritoemprendedores.es\/blog\/las-startups-que-mas-innovan-en-el-mundo\/\" target=\"_blank\" rel=\"nofollow\" class=\"\">Las startups que m\u00e1s innovan en el mundo<\/a>\n\n\n\n\n\n\n<div class=\"wprss-feed-meta\">\n            <span class=\"feed-source\">\n            Source:\n\n                            Distrito Emprendedores\n                    <\/span>\n    \n            <span class=\"feed-date\">\n            Published on 2026-02-28\n        <\/span>\n    \n    <\/div>\n\n\n\n\n\n            \n        <\/li>\n                    <li class=\"wpra-item feed-item \">\n            \n            \n\n    <a  href=\"https:\/\/distritoemprendedores.es\/blog\/tiktok-genera-31-000-millones-de-euros-para-las-empresas-europeas-y-3-000-millones-en-espana\/\" target=\"_blank\" rel=\"nofollow\" class=\"\">TikTok genera 31.000 millones de euros para las empresas europeas y 3.000 millones en Espa\u00f1a<\/a>\n\n\n\n\n\n\n<div class=\"wprss-feed-meta\">\n            <span class=\"feed-source\">\n            Source:\n\n                            Distrito Emprendedores\n                    <\/span>\n    \n            <span class=\"feed-date\">\n            Published on 2026-02-27\n        <\/span>\n    \n    <\/div>\n\n\n\n\n\n            \n        <\/li>\n                    <li class=\"wpra-item feed-item \">\n            \n            \n\n    <a  href=\"https:\/\/distritoemprendedores.es\/blog\/amazon-planea-un-marketplace-para-hacer-de-puente-entre-los-publishers-y-las-empresas-de-ia\/\" target=\"_blank\" rel=\"nofollow\" class=\"\">Amazon planea un \u00abmarketplace\u00bb para hacer de puente entre los \u00abpublishers\u00bb y las empresas de IA<\/a>\n\n\n\n\n\n\n<div class=\"wprss-feed-meta\">\n            <span class=\"feed-source\">\n            Source:\n\n                            Distrito Emprendedores\n                    <\/span>\n    \n            <span class=\"feed-date\">\n            Published on 2026-02-26\n        <\/span>\n    \n    <\/div>\n\n\n\n\n\n            \n        <\/li>\n        <\/ul>\n\n        \n<\/div>\n\n<\/div>\n\n<hr \/>\n<h2 id=\"caracteristicas-de-las-personas-que-disfrutan-de-estar-solas\" class=\"jsx-3692753319 jsx-2566528898 c--main-600  mt--x-big pt--normal\">Caracter\u00edsticas de las personas que disfrutan de estar solas<\/h2>\n<p class=\"jsx-4098198752 c--grey-neutral-800\">Aunque algunas personas pueden sentirse\u00a0<a class=\"jsx-151512268 jsx-3387278544 default-a-link is--underline c--secondary-600 is--underline\" href=\"https:\/\/academic.oup.com\/jcr\/article-abstract\/42\/2\/266\/1816188?redirectedFrom=fullte\" target=\"_blank\" rel=\"noopener\" data-with-google-events=\"true\" data-google-events=\"{&quot;data&quot;:{&quot;action&quot;:&quot;click&quot;,&quot;category&quot;:&quot;Content&quot;,&quot;label&quot;:&quot;Related \/personas-disfrutan-estar-solas-caracteristicas-psicologicas\/&quot;,&quot;value&quot;:&quot;https:\/\/academic.oup.com\/jcr\/article-abstract\/42\/2\/266\/1816188?redirectedFrom=fullte&quot;}}\">inhibidas<\/a>\u00a0a la hora de hacer actividades solas porque piensan que son juzgadas o que dan una apariencia de vulnerabilidad o tristeza, las personas que disfrutan su soledad no temen ante estos estereotipos y les encanta dedicar tiempo a s\u00ed mismas, a sus intereses y pasiones.<\/p>\n<p>Algunas caracter\u00edsticas de este tipo de personas son las siguientes.<\/p>\n<h3 id=\"mejor-solas-que-mal-acompanadas\" class=\"jsx-3692753319 jsx-2566528898 c--main-600  mt--x-big pt--normal\">Mejor solas que mal acompa\u00f1adas\u2026<\/h3>\n<p class=\"jsx-4098198752 c--grey-neutral-800\">Para empezar,<strong>\u00a0para estas personas ellas son su mejor o una de sus mejores compa\u00f1\u00edas<\/strong>. Suelen ser m\u00e1s selectivas con sus relaciones y mostrarse m\u00e1s reservadas en la interacci\u00f3n social. Tambi\u00e9n esto hace que sean amigos y compa\u00f1eros leales, pues quienes se han ganado su confianza son considerados personas con las que disfrutan tanto como estando solas.<\/p>\n<p class=\"jsx-4098198752 c--grey-neutral-800\"><strong>Puede que en ocasiones les cueste mostrarse espont\u00e1neos, sobre todo cuando conocen a personas nuevas<\/strong>. No obstante, a medida que empiezan a sentirse c\u00f3modos en un espacio pueden ser buenos conversadores. Esto suele ocurrir porque las personas que disfrutan estando a solas suelen dedicar buena parte de su tiempo a cultivar diferentes intereses y aficiones.<\/p>\n<p class=\"jsx-4098198752 c--grey-neutral-800\">De manera adicional,\u00a0<strong>en la mayor\u00eda de los casos a las personas que disfrutan estar en soledad no les asusta la\u00a0<a class=\"jsx-151512268 jsx-3387278544 default-a-link is--underline c--secondary-600 is--underline\" href=\"https:\/\/lamenteesmaravillosa.com\/ama-tu-solteria\/\" target=\"_blank\" rel=\"noopener\" data-with-google-events=\"true\" data-google-events=\"{&quot;data&quot;:{&quot;action&quot;:&quot;click&quot;,&quot;category&quot;:&quot;Content&quot;,&quot;label&quot;:&quot;Related \/personas-disfrutan-estar-solas-caracteristicas-psicologicas\/&quot;,&quot;value&quot;:&quot;https:\/\/lamenteesmaravillosa.com\/ama-tu-solteria\/&quot;}}\">solter\u00eda<\/a>.<\/strong>\u00a0Por supuesto, pueden disfrutar de estar en una relaci\u00f3n de pareja, pero para ellas es importante que cada uno tenga un espacio propio.<\/p>\n<p class=\"jsx-4098198752 c--grey-neutral-800\">As\u00ed mismo, como no suelen hacer cosas para complacer a los dem\u00e1s, en las relaciones de pareja con este tipo de personas tiene mucha importancia el respeto, la independencia y la sinceridad.<\/p>\n<h3 id=\"entienden-que-estar-solo-es-diferente-a-sentirse-solo\" class=\"jsx-3692753319 jsx-2566528898 c--main-600  mt--x-big pt--normal\">Entienden que estar solo es diferente a sentirse solo<\/h3>\n<p class=\"jsx-4098198752 c--grey-neutral-800\">De manera general,<strong>\u00a0estas personas no suelen experimentar sentimientos de soledad y entienden la diferencia entre estar a solas y sentirse solos.<\/strong>\u00a0Es decir, saben que tener muchos amigos o estar rodeados de muchas personas no garantiza tener a alguien que te escuche y apoye cuando realmente lo necesites.<\/p>\n<p class=\"jsx-4098198752 c--grey-neutral-800\">Por otro lado,\u00a0<strong>las personas que disfrutan de pasar tiempo consigo mismas no son significativamente sensibles al\u00a0<a class=\"jsx-151512268 jsx-3387278544 default-a-link is--underline c--secondary-600 is--underline\" href=\"https:\/\/lamenteesmaravillosa.com\/la-experiencia-de-aceptacion-y-rechazo-de-los-demas\/\" target=\"_blank\" rel=\"noopener\" data-with-google-events=\"true\" data-google-events=\"{&quot;data&quot;:{&quot;action&quot;:&quot;click&quot;,&quot;category&quot;:&quot;Content&quot;,&quot;label&quot;:&quot;Related \/personas-disfrutan-estar-solas-caracteristicas-psicologicas\/&quot;,&quot;value&quot;:&quot;https:\/\/lamenteesmaravillosa.com\/la-experiencia-de-aceptacion-y-rechazo-de-los-demas\/&quot;}}\">rechazo<\/a>\u00a0y sus sentimientos no suelen herirse con facilidad<\/strong>. Comprenden la complejidad que entra\u00f1a la convivencia con otros seres humanos y a partir de ah\u00ed reconocen que las otras personas pueden tener malos momentos o que no siempre tienen que agradarle a todo el mundo.<\/p>\n<h3 id=\"se-conocen-mucho-a-si-mismos\" class=\"jsx-3692753319 jsx-2566528898 c--main-600  mt--x-big pt--normal\">Se conocen mucho a s\u00ed mismos<\/h3>\n<p class=\"jsx-4098198752 c--grey-neutral-800\">Por \u00faltimo,\u00a0<strong>quienes disfrutan estando a solas suelen conocerse a s\u00ed mismos de manera honesta y profunda.<\/strong>\u00a0Este rasgo hace que sean muy reflexivos y tengan una clara consciencia de sus acciones y de las consecuencias que de ellas pueden desprenderse. Tambi\u00e9n, al tener menos dependencias, suelen ser m\u00e1s asertivas.<\/p>\n<p class=\"jsx-4098198752 c--grey-neutral-800\">Sumado a esto,\u00a0<strong>tienden a ser productivas y autoexigentes<\/strong>. Pueden gestionar favorablemente su autoconfianza para enfrentarse a retos y encuentran una gran fuente de motivaci\u00f3n en el hecho de emprender nuevos aprendizajes o proyectos. Esto tambi\u00e9n les permite tener estrategias de afrontamiento efectivas ante las dificultades, pues conocen sus emociones, y sus inseguridades y reconocen y ponderan objetivamente sus habilidades.<\/p>\n<p class=\"jsx-4098198752 c--grey-neutral-800\"><strong>Tienden tambi\u00e9n a ser personas ordenadas y que gestionan bien su\u00a0<a class=\"jsx-151512268 jsx-3387278544 default-a-link is--underline c--secondary-600 is--underline\" href=\"https:\/\/biblat.unam.mx\/es\/revista\/revista-de-la-universidad-de-la-salle\/articulo\/la-administracion-del-tiempo-una-prioridad-en-la-vida\" target=\"_blank\" rel=\"noopener\" data-with-google-events=\"true\" data-google-events=\"{&quot;data&quot;:{&quot;action&quot;:&quot;click&quot;,&quot;category&quot;:&quot;Content&quot;,&quot;label&quot;:&quot;Related \/personas-disfrutan-estar-solas-caracteristicas-psicologicas\/&quot;,&quot;value&quot;:&quot;https:\/\/biblat.unam.mx\/es\/revista\/revista-de-la-universidad-de-la-salle\/articulo\/la-administracion-del-tiempo-una-prioridad-en-la-vida&quot;}}\">tiempo<\/a><\/strong>. Suelen ser disciplinados, organizados y rigurosos con sus actividades. Del mismo modo, suelen ser conscientes el tiempo de los dem\u00e1s y procuran ser puntuales, as\u00ed como no cambiar demasiado la agenda.<\/p>\n<p class=\"jsx-4098198752 c--grey-neutral-800\">Por \u00faltimo,\u00a0<strong>las personas que est\u00e1n a gusto en soledad suelen ser m\u00e1s emp\u00e1ticas,\u00a0<\/strong>tienen una gran capacidad para escuchar con atenci\u00f3n, evitan emitir juicios de valor y logran conectarse con facilidad con las emociones de las dem\u00e1s personas. Estos rasgos hacen que tiendan a ser personas de mente abierta, respetuosas de la diferencia de puntos de vista, capaces de conciliar y de reconocer propios deseos y gustos.<\/p>\n<p>\u00a0<a class=\"jsx-151512268 jsx-143194717 default-a-link is--underline c--grey-neutral-800  link-tool-tip jsx-2288154920 jsx-986712099\" href=\"https:\/\/lamenteesmaravillosa.com\/profesional\/helena-sutachan\/\" target=\"_self\" rel=\"noopener\"><strong>Helena Sutachan<\/strong><\/a><\/p>\n<div id=\"telet-2987418729\" class=\"telet-despues-del-contenido telet-entity-placement\"><a target=\"_blank\" href=\"\/\/aff.lucushost.com\/resources\/click\/?n=gDxoXMAJ&aff=756\"><img decoding=\"async\" border=\"0\" alt=\"LucusHost, el mejor hosting\" src=\"\/\/aff.lucushost.com\/resources\/banners\/?zoneid=5123&n=gDxoXMAJ&aff=756\" \/><\/a><\/div>","protected":false},"excerpt":{"rendered":"<p>\u00bfTe consideras una persona que disfruta de estar a solas? \u00bfConoces a alguien con un c\u00edrculo social muy peque\u00f1o? Existen algunas caracter\u00edsticas interesantes que suelen primar en este tipo de&hellip; <\/p>\n","protected":false},"author":1,"featured_media":6907,"comment_status":"open","ping_status":"open","sticky":false,"template":"","format":"standard","meta":{"_jetpack_memberships_contains_paid_content":false,"footnotes":"","_links_to":"","_links_to_target":""},"categories":[8],"tags":[15,14],"class_list":["post-6906","post","type-post","status-publish","format-standard","has-post-thumbnail","hentry","category-vida-social","tag-fuprisa","tag-jose-manuel-fuentes-prieto"],"nelio_content":{"autoShareEndMode":"never","automationSources":{"useCustomSentences":false,"customSentences":[]},"efiAlt":"","efiUrl":"","followers":[1],"highlights":[],"isAutoShareEnabled":true,"networkImageIds":[],"permalinkQueryArgs":[],"series":[],"suggestedReferences":[]},"jetpack_featured_media_url":"https:\/\/teletrabajoynegocios.com\/telesecretarias\/wp-content\/uploads\/sites\/2\/2021\/12\/hombre-pensando-mirando-hacia-arriba.jpg","jetpack_sharing_enabled":true,"_links":{"self":[{"href":"https:\/\/teletrabajoynegocios.com\/telesecretarias\/wp-json\/wp\/v2\/posts\/6906","targetHints":{"allow":["GET"]}}],"collection":[{"href":"https:\/\/teletrabajoynegocios.com\/telesecretarias\/wp-json\/wp\/v2\/posts"}],"about":[{"href":"https:\/\/teletrabajoynegocios.com\/telesecretarias\/wp-json\/wp\/v2\/types\/post"}],"author":[{"embeddable":true,"href":"https:\/\/teletrabajoynegocios.com\/telesecretarias\/wp-json\/wp\/v2\/users\/1"}],"replies":[{"embeddable":true,"href":"https:\/\/teletrabajoynegocios.com\/telesecretarias\/wp-json\/wp\/v2\/comments?post=6906"}],"version-history":[{"count":2,"href":"https:\/\/teletrabajoynegocios.com\/telesecretarias\/wp-json\/wp\/v2\/posts\/6906\/revisions"}],"predecessor-version":[{"id":6915,"href":"https:\/\/teletrabajoynegocios.com\/telesecretarias\/wp-json\/wp\/v2\/posts\/6906\/revisions\/6915"}],"wp:featuredmedia":[{"embeddable":true,"href":"https:\/\/teletrabajoynegocios.com\/telesecretarias\/wp-json\/wp\/v2\/media\/6907"}],"wp:attachment":[{"href":"https:\/\/teletrabajoynegocios.com\/telesecretarias\/wp-json\/wp\/v2\/media?parent=6906"}],"wp:term":[{"taxonomy":"category","embeddable":true,"href":"https:\/\/teletrabajoynegocios.com\/telesecretarias\/wp-json\/wp\/v2\/categories?post=6906"},{"taxonomy":"post_tag","embeddable":true,"href":"https:\/\/teletrabajoynegocios.com\/telesecretarias\/wp-json\/wp\/v2\/tags?post=6906"}],"curies":[{"name":"wp","href":"https:\/\/api.w.org\/{rel}","templated":true}]}}