{"id":6916,"date":"2021-12-05T17:16:35","date_gmt":"2021-12-05T16:16:35","guid":{"rendered":"https:\/\/teletrabajoynegocios.com\/telesecretarias\/?p=6916"},"modified":"2021-12-05T17:16:35","modified_gmt":"2021-12-05T16:16:35","slug":"que-es-la-autoobservacion-y-como-afecta-a-las-relaciones-sociales","status":"publish","type":"post","link":"https:\/\/teletrabajoynegocios.com\/telesecretarias\/que-es-la-autoobservacion-y-como-afecta-a-las-relaciones-sociales\/","title":{"rendered":"\u00bfQu\u00e9 es la autoobservaci\u00f3n y c\u00f3mo afecta a las relaciones sociales?"},"content":{"rendered":"<div id=\"telet-904671917\" class=\"telet-antes-del-contenido telet-entity-placement\"><a href=\"https:\/\/quaderno.io\/?via=jose-manuel94\" aria-label=\"Quaderno General (Spanish) &#8211; 728&#215;90\"><img loading=\"lazy\" decoding=\"async\" src=\"https:\/\/teletrabajoynegocios.com\/telesecretarias\/wp-content\/uploads\/sites\/2\/2020\/11\/Quaderno-General-Spanish-728x90-1.png\" alt=\"\"  srcset=\"https:\/\/teletrabajoynegocios.com\/telesecretarias\/wp-content\/uploads\/sites\/2\/2020\/11\/Quaderno-General-Spanish-728x90-1.png 728w, https:\/\/teletrabajoynegocios.com\/telesecretarias\/wp-content\/uploads\/sites\/2\/2020\/11\/Quaderno-General-Spanish-728x90-1-300x37.png 300w\" sizes=\"(max-width: 728px) 100vw, 728px\" width=\"728\" height=\"90\"   \/><\/a><\/div><p>Hay quienes se adaptan al contexto para encajar en \u00e9l y quienes simplemente se rigen por sus estados internos. Tu nivel de autoobservaci\u00f3n es determinante a la hora de identificar a qu\u00e9 grupo perteneces.<\/p>\n<p class=\"jsx-4098198752 c--grey-neutral-800\">Basta con sentarse con un grupo de personas durante un rato, y verlas interactuar, para identificar diferencias. Algunos tender\u00e1n a captar la atenci\u00f3n, mientras otros preferir\u00e1n mantenerse en un segundo plano. Habr\u00e1 quienes desplieguen todo su carisma, modulen la voz y reaccionen de forma expresiva, y quienes se limiten a ser m\u00e1s naturales y despreocupados. Esta divisi\u00f3n de actitudes puede explicarse con base en un interesante concepto: la autoobservaci\u00f3n.<\/p>\n<p class=\"jsx-4098198752 c--grey-neutral-800\"><strong>Este t\u00e9rmino puede definirse como el grado en que una persona adapta su conducta al contexto social<\/strong>. Es decir, el nivel en el que se monitoriza a s\u00ed misma para responder de una forma socialmente deseable y apropiada.<\/p>\n<p class=\"jsx-4098198752 c--grey-neutral-800\">El uso que hagamos de esta habilidad puede determinar el \u00e9xito de nuestras interacciones, pero tambi\u00e9n dice mucho acerca de nuestra propia personalidad. \u00bfQuieres saber m\u00e1s al respecto? Entonces, contin\u00faa leyendo.<\/p>\n<hr \/>\n<p class=\"jsx-4098198752 c--grey-neutral-800\"><img decoding=\"async\" src=\"https:\/\/teletrabajoynegocios.com\/teletrabajador\/wp-content\/uploads\/sites\/3\/2020\/07\/articulos.png\" \/><\/p>\n<div class=\"wp-rss-template-container\" data-wpra-template=\"default\" data-template-ctx=\"eyJ0ZW1wbGF0ZSI6IkRlZmF1bHQifQ==\">\n    <div class=\"wp-rss-aggregator wpra-list-template  \" data-page=\"1\">\n    \n    \n<ul class=\"wpra-item-list rss-aggregator wpra-item-list--bullets wpra-item-list--default\"\n    start=\"1\">\n                        <li class=\"wpra-item feed-item \">\n            \n            \n\n    <a  href=\"https:\/\/distritoemprendedores.com\/blog\/2026\/03\/16\/hello-world\/\" target=\"_blank\" rel=\"nofollow\" class=\"\">Hello world!<\/a>\n\n\n\n\n\n\n<div class=\"wprss-feed-meta\">\n            <span class=\"feed-source\">\n            Source:\n\n                            Distrito Emprendedores\n                    <\/span>\n    \n            <span class=\"feed-date\">\n            Published on 2026-03-16\n        <\/span>\n    \n    <\/div>\n\n\n\n\n\n            \n        <\/li>\n                    <li class=\"wpra-item feed-item \">\n            \n            \n\n    <a  href=\"https:\/\/www.dropbox.com\/scl\/fi\/b6csvpbfxu24vaezmo3es\/62bed0634df20e5ef35346439fdd423f_franquicias.pdf?rlkey=mfp2795s4n89mw35l0yeu2vl5&amp;e=2&amp;st=57kabuy0&amp;dl=0#new_tab\" target=\"_blank\" rel=\"nofollow\" class=\"\">Las franquicias espa\u00f1olas duplican su presencia en mercados for\u00e1neos<\/a>\n\n\n\n\n\n\n<div class=\"wprss-feed-meta\">\n            <span class=\"feed-source\">\n            Source:\n\n                            Distrito Emprendedores\n                    <\/span>\n    \n            <span class=\"feed-date\">\n            Published on 2026-03-11\n        <\/span>\n    \n    <\/div>\n\n\n\n\n\n            \n        <\/li>\n                    <li class=\"wpra-item feed-item \">\n            \n            \n\n    <a  href=\"https:\/\/distritoemprendedores.es\/blog\/5-errores-fatales-al-internacionalizar-tu-franquicia\/\" target=\"_blank\" rel=\"nofollow\" class=\"\">5 errores fatales al internacionalizar tu franquicia<\/a>\n\n\n\n\n\n\n<div class=\"wprss-feed-meta\">\n            <span class=\"feed-source\">\n            Source:\n\n                            Distrito Emprendedores\n                    <\/span>\n    \n            <span class=\"feed-date\">\n            Published on 2026-03-10\n        <\/span>\n    \n    <\/div>\n\n\n\n\n\n            \n        <\/li>\n                    <li class=\"wpra-item feed-item \">\n            \n            \n\n    <a  href=\"https:\/\/distritoemprendedores.es\/blog\/un-nuevo-prime-time-para-las-marcas-afterwork-tardeo-y-futbol-se-consolidan-como-los-grandes-motores-del-consumo-experiencial\/\" target=\"_blank\" rel=\"nofollow\" class=\"\">Un nuevo prime time para las marcas: afterwork, tardeo y f\u00fatbol se consolidan como los grandes motores del consumo experiencial<\/a>\n\n\n\n\n\n\n<div class=\"wprss-feed-meta\">\n            <span class=\"feed-source\">\n            Source:\n\n                            Distrito Emprendedores\n                    <\/span>\n    \n            <span class=\"feed-date\">\n            Published on 2026-03-09\n        <\/span>\n    \n    <\/div>\n\n\n\n\n\n            \n        <\/li>\n                    <li class=\"wpra-item feed-item \">\n            \n            \n\n    <a  href=\"https:\/\/distritoemprendedores.es\/blog\/la-ventaja-competitiva-esta-en-entender-como-pregunta-el-consumidor\/\" target=\"_blank\" rel=\"nofollow\" class=\"\">La ventaja competitiva est\u00e1 en entender c\u00f3mo pregunta el consumidor<\/a>\n\n\n\n\n\n\n<div class=\"wprss-feed-meta\">\n            <span class=\"feed-source\">\n            Source:\n\n                            Distrito Emprendedores\n                    <\/span>\n    \n            <span class=\"feed-date\">\n            Published on 2026-03-08\n        <\/span>\n    \n    <\/div>\n\n\n\n\n\n            \n        <\/li>\n                    <li class=\"wpra-item feed-item \">\n            \n            \n\n    <a  href=\"https:\/\/distritoemprendedores.es\/blog\/solo-el-7-de-los-espanoles-cree-a-las-marcas-cuando-comunican-sus-valores-con-hechos-demostrables\/\" target=\"_blank\" rel=\"nofollow\" class=\"\">Solo el 7% de los espa\u00f1oles cree a las marcas cuando comunican sus valores con hechos demostrables<\/a>\n\n\n\n\n\n\n<div class=\"wprss-feed-meta\">\n            <span class=\"feed-source\">\n            Source:\n\n                            Distrito Emprendedores\n                    <\/span>\n    \n            <span class=\"feed-date\">\n            Published on 2026-03-07\n        <\/span>\n    \n    <\/div>\n\n\n\n\n\n            \n        <\/li>\n                    <li class=\"wpra-item feed-item \">\n            \n            \n\n    <a  href=\"https:\/\/distritoemprendedores.es\/blog\/el-38-de-las-empresas-creadas-en-2019-ha-echado-ya-el-cierre\/\" target=\"_blank\" rel=\"nofollow\" class=\"\">El 38% de las empresas creadas en 2019 ha echado ya el cierre<\/a>\n\n\n\n\n\n\n<div class=\"wprss-feed-meta\">\n            <span class=\"feed-source\">\n            Source:\n\n                            Distrito Emprendedores\n                    <\/span>\n    \n            <span class=\"feed-date\">\n            Published on 2026-03-06\n        <\/span>\n    \n    <\/div>\n\n\n\n\n\n            \n        <\/li>\n                    <li class=\"wpra-item feed-item \">\n            \n            \n\n    <a  href=\"https:\/\/distritoemprendedores.es\/blog\/descubre-las-oportunidades-y-tendencias-en-el-mercado-de-la-franquicia-para-2026\/\" target=\"_blank\" rel=\"nofollow\" class=\"\">Descubre las oportunidades y tendencias en el mercado de la franquicia para 2026<\/a>\n\n\n\n\n\n\n<div class=\"wprss-feed-meta\">\n            <span class=\"feed-source\">\n            Source:\n\n                            Distrito Emprendedores\n                    <\/span>\n    \n            <span class=\"feed-date\">\n            Published on 2026-03-05\n        <\/span>\n    \n    <\/div>\n\n\n\n\n\n            \n        <\/li>\n                    <li class=\"wpra-item feed-item \">\n            \n            \n\n    <a  href=\"https:\/\/distritoemprendedores.es\/blog\/las-startups-de-salud-mas-punteras-del-mundo\/\" target=\"_blank\" rel=\"nofollow\" class=\"\">Las startups de salud m\u00e1s punteras del mundo<\/a>\n\n\n\n\n\n\n<div class=\"wprss-feed-meta\">\n            <span class=\"feed-source\">\n            Source:\n\n                            Distrito Emprendedores\n                    <\/span>\n    \n            <span class=\"feed-date\">\n            Published on 2026-03-04\n        <\/span>\n    \n    <\/div>\n\n\n\n\n\n            \n        <\/li>\n                    <li class=\"wpra-item feed-item \">\n            \n            \n\n    <a  href=\"https:\/\/distritoemprendedores.es\/blog\/puesta-en-marcha-de-un-negocio-primeros-pasos-para-validar-vender-y-controlar-la-tesoreria\/\" target=\"_blank\" rel=\"nofollow\" class=\"\">Puesta en marcha de un negocio: primeros pasos para validar, vender y controlar la tesorer\u00eda<\/a>\n\n\n\n\n\n\n<div class=\"wprss-feed-meta\">\n            <span class=\"feed-source\">\n            Source:\n\n                            Distrito Emprendedores\n                    <\/span>\n    \n            <span class=\"feed-date\">\n            Published on 2026-03-03\n        <\/span>\n    \n    <\/div>\n\n\n\n\n\n            \n        <\/li>\n                    <li class=\"wpra-item feed-item \">\n            \n            \n\n    <a  href=\"https:\/\/distritoemprendedores.es\/blog\/6-franquicias-sin-apenas-competencia-en-el-mercado\/\" target=\"_blank\" rel=\"nofollow\" class=\"\">6 franquicias sin apenas competencia en el mercado<\/a>\n\n\n\n\n\n\n<div class=\"wprss-feed-meta\">\n            <span class=\"feed-source\">\n            Source:\n\n                            Distrito Emprendedores\n                    <\/span>\n    \n            <span class=\"feed-date\">\n            Published on 2026-03-02\n        <\/span>\n    \n    <\/div>\n\n\n\n\n\n            \n        <\/li>\n                    <li class=\"wpra-item feed-item \">\n            \n            \n\n    <a  href=\"https:\/\/digistorage.es\/links\/71d78951-a420-4f5b-8de6-7b35ae7efc1c#new_tab\" target=\"_blank\" rel=\"nofollow\" class=\"\">Los algoritmos amenazan con filtrar las confesiones realizadas al abogado<\/a>\n\n\n\n\n\n\n<div class=\"wprss-feed-meta\">\n            <span class=\"feed-source\">\n            Source:\n\n                            Distrito Emprendedores\n                    <\/span>\n    \n            <span class=\"feed-date\">\n            Published on 2026-03-01\n        <\/span>\n    \n    <\/div>\n\n\n\n\n\n            \n        <\/li>\n                    <li class=\"wpra-item feed-item \">\n            \n            \n\n    <a  href=\"https:\/\/distritoemprendedores.es\/blog\/las-startups-que-mas-innovan-en-el-mundo\/\" target=\"_blank\" rel=\"nofollow\" class=\"\">Las startups que m\u00e1s innovan en el mundo<\/a>\n\n\n\n\n\n\n<div class=\"wprss-feed-meta\">\n            <span class=\"feed-source\">\n            Source:\n\n                            Distrito Emprendedores\n                    <\/span>\n    \n            <span class=\"feed-date\">\n            Published on 2026-02-28\n        <\/span>\n    \n    <\/div>\n\n\n\n\n\n            \n        <\/li>\n                    <li class=\"wpra-item feed-item \">\n            \n            \n\n    <a  href=\"https:\/\/distritoemprendedores.es\/blog\/tiktok-genera-31-000-millones-de-euros-para-las-empresas-europeas-y-3-000-millones-en-espana\/\" target=\"_blank\" rel=\"nofollow\" class=\"\">TikTok genera 31.000 millones de euros para las empresas europeas y 3.000 millones en Espa\u00f1a<\/a>\n\n\n\n\n\n\n<div class=\"wprss-feed-meta\">\n            <span class=\"feed-source\">\n            Source:\n\n                            Distrito Emprendedores\n                    <\/span>\n    \n            <span class=\"feed-date\">\n            Published on 2026-02-27\n        <\/span>\n    \n    <\/div>\n\n\n\n\n\n            \n        <\/li>\n                    <li class=\"wpra-item feed-item \">\n            \n            \n\n    <a  href=\"https:\/\/distritoemprendedores.es\/blog\/amazon-planea-un-marketplace-para-hacer-de-puente-entre-los-publishers-y-las-empresas-de-ia\/\" target=\"_blank\" rel=\"nofollow\" class=\"\">Amazon planea un \u00abmarketplace\u00bb para hacer de puente entre los \u00abpublishers\u00bb y las empresas de IA<\/a>\n\n\n\n\n\n\n<div class=\"wprss-feed-meta\">\n            <span class=\"feed-source\">\n            Source:\n\n                            Distrito Emprendedores\n                    <\/span>\n    \n            <span class=\"feed-date\">\n            Published on 2026-02-26\n        <\/span>\n    \n    <\/div>\n\n\n\n\n\n            \n        <\/li>\n        <\/ul>\n\n        \n<\/div>\n\n<\/div>\n\n<hr \/>\n<h2 id=\"que-es-la-autoobservacion\" class=\"jsx-3692753319 jsx-2566528898 c--main-600  mt--x-big pt--normal\">\u00bfQu\u00e9 es la autoobservaci\u00f3n?<\/h2>\n<p class=\"jsx-4098198752 c--grey-neutral-800\">La autoobservaci\u00f3n es un concepto propuesto por el psic\u00f3logo social\u00a0<a class=\"jsx-151512268 jsx-3387278544 default-a-link is--underline c--secondary-600 is--underline\" href=\"https:\/\/psycnet.apa.org\/record\/1975-03047-001\" target=\"_blank\" rel=\"noopener\" data-with-google-events=\"true\" data-google-events=\"{&quot;data&quot;:{&quot;action&quot;:&quot;click&quot;,&quot;category&quot;:&quot;Content&quot;,&quot;label&quot;:&quot;Related \/autoobservacion-como-afecta-elaciones-sociales\/&quot;,&quot;value&quot;:&quot;https:\/\/psycnet.apa.org\/record\/1975-03047-001&quot;}}\">Mark Snyder<\/a>\u00a0para dar cuenta de c\u00f3mo se manejan las personas socialmente; en espec\u00edfico, de\u00a0<strong>cu\u00e1nta atenci\u00f3n le ponen en su comportamiento y a que este se ajuste a las expectativas sociales<\/strong>.<\/p>\n<p class=\"jsx-4098198752 c--grey-neutral-800\">En ocasiones, tambi\u00e9n se utiliza el t\u00e9rmino automonitorizaci\u00f3n y otros relacionados como autocontrol y autopresentaci\u00f3n. En definitiva, lo que estamos analizando es\u00a0<strong>la importancia que tiene para esa persona la imagen que est\u00e1 proyectando ante otros<\/strong>\u00a0<strong>y en qu\u00e9 grado se supervisa a s\u00ed misma\u00a0<\/strong>para que esa proyecci\u00f3n sea positiva.<\/p>\n<p class=\"jsx-4098198752 c--grey-neutral-800\">Junto a la teor\u00eda de la autoobservaci\u00f3n,\u00a0<strong>Snyder dise\u00f1\u00f3 una escala valiosa a la hora de evaluar este rasgo<\/strong>. En otras palabras, determina en qu\u00e9 punto del continuo se encuentran. En ella se le pide al sujeto que valore su grado de acuerdo o desacuerdo con afirmaciones como las siguientes:<\/p>\n<ul class=\"jsx-43291209 list-on-content mlr--x-big mtb--big c--grey-neutral-800 lh--1-8 ff--serif lst--disc\">\n<li>No siempre soy la persona que parezco ser.<\/li>\n<li>Me r\u00edo m\u00e1s cuando estoy viendo una comedia con otras personas que si estoy solo.<\/li>\n<li>Raramente soy el centro de atenci\u00f3n en los grupos.<\/li>\n<li>Tiendo a mostrar diferentes partes de m\u00ed mismo a diferentes personas.<\/li>\n<li>Intento prestar atenci\u00f3n a las reacciones de otros a mi comportamiento para evitar estar fuera de lugar.<\/li>\n<\/ul>\n<h2 id=\"alta-o-baja-autoobservacion-en-que-punto-te-ubicas\" class=\"jsx-3692753319 jsx-2566528898 c--main-600  mt--x-big pt--normal\">Alta o baja autoobservaci\u00f3n: \u00bfen qu\u00e9 punto te ubicas?<\/h2>\n<p class=\"jsx-4098198752 c--grey-neutral-800\">En funci\u00f3n de las respuestas dadas al cuestionario, la persona obtiene una puntuaci\u00f3n que la sit\u00faa en la zona alta, baja o intermedia del continuo de autoobservaci\u00f3n. Generalmente, existen unas caracter\u00edsticas comunes para los sujetos que comparten puntuaciones similares:<\/p>\n<h3 id=\"personas-con-alta-automonitorizacion\" class=\"jsx-3692753319 jsx-2566528898 c--main-600  mt--x-big pt--normal\">Personas con alta automonitorizaci\u00f3n<\/h3>\n<ul class=\"jsx-43291209 list-on-content mlr--x-big mtb--big c--grey-neutral-800 lh--1-8 ff--serif lst--disc\">\n<li>Son\u00a0<a class=\"jsx-151512268 jsx-3387278544 default-a-link is--underline c--secondary-600 is--underline\" href=\"https:\/\/lamenteesmaravillosa.com\/donde-juegan-con-ventaja-los-extrovertidos\/\" target=\"_blank\" rel=\"noopener\" data-with-google-events=\"true\" data-google-events=\"{&quot;data&quot;:{&quot;action&quot;:&quot;click&quot;,&quot;category&quot;:&quot;Content&quot;,&quot;label&quot;:&quot;Related \/autoobservacion-como-afecta-elaciones-sociales\/&quot;,&quot;value&quot;:&quot;https:\/\/lamenteesmaravillosa.com\/donde-juegan-con-ventaja-los-extrovertidos\/&quot;}}\">extrovertidas<\/a>\u00a0y orientadas hacia otras personas.<\/li>\n<li><strong>Act\u00faan en funci\u00f3n del contexto<\/strong>\u00a0y se rigen por las situaciones espec\u00edficas.<\/li>\n<li>Tienden a supervisar y monitorizar su comportamiento para\u00a0<a class=\"jsx-151512268 jsx-3387278544 default-a-link is--underline c--secondary-600 is--underline\" href=\"https:\/\/lamenteesmaravillosa.com\/es-bueno-o-malo-ser-camaleonico\/\" target=\"_blank\" rel=\"noopener\" data-with-google-events=\"true\" data-google-events=\"{&quot;data&quot;:{&quot;action&quot;:&quot;click&quot;,&quot;category&quot;:&quot;Content&quot;,&quot;label&quot;:&quot;Related \/autoobservacion-como-afecta-elaciones-sociales\/&quot;,&quot;value&quot;:&quot;https:\/\/lamenteesmaravillosa.com\/es-bueno-o-malo-ser-camaleonico\/&quot;}}\">adaptarlo<\/a>\u00a0a las demandas sociales.<\/li>\n<li><strong>Son m\u00e1s sensibles a la expresi\u00f3n y la autopresentaci\u00f3n de los otros<\/strong>. Son buenos extrayendo claves y\u00a0<a class=\"jsx-151512268 jsx-3387278544 default-a-link is--underline c--secondary-600 is--underline\" href=\"https:\/\/lamenteesmaravillosa.com\/leer-las-emociones-alguien-ojos\/\" target=\"_blank\" rel=\"noopener\" data-with-google-events=\"true\" data-google-events=\"{&quot;data&quot;:{&quot;action&quot;:&quot;click&quot;,&quot;category&quot;:&quot;Content&quot;,&quot;label&quot;:&quot;Related \/autoobservacion-como-afecta-elaciones-sociales\/&quot;,&quot;value&quot;:&quot;https:\/\/lamenteesmaravillosa.com\/leer-las-emociones-alguien-ojos\/&quot;}}\">leyendo<\/a>\u00a0a quienes tienen enfrente.<\/li>\n<li>Suelen tener diferentes amigos para diferentes actividades, tienden a segregar a la audiencia.<\/li>\n<\/ul>\n<h3 id=\"personas-con-baja-autoobservacion\" class=\"jsx-3692753319 jsx-2566528898 c--main-600  mt--x-big pt--normal\">Personas con baja autoobservaci\u00f3n<\/h3>\n<ul class=\"jsx-43291209 list-on-content mlr--x-big mtb--big c--grey-neutral-800 lh--1-8 ff--serif lst--disc\">\n<li>Son introvertidos y orientados hacia s\u00ed mismos.<\/li>\n<li><strong>Se rigen por sus principios, creencias y disposiciones personales<\/strong>, independientemente del contexto en el que se encuentren. Por tanto, no cambian en funci\u00f3n de la situaci\u00f3n.<\/li>\n<\/ul>\n<ul class=\"jsx-43291209 list-on-content mlr--x-big mtb--big c--grey-neutral-800 lh--1-8 ff--serif lst--disc\">\n<li>No suelen observarse para adaptarse al contexto;\u00a0<strong>son, si se quiere, m\u00e1s espont\u00e1neos y despreocupados<\/strong>.<\/li>\n<li>Tienen \u201camigos para todo\u201d, no los diferencian en funci\u00f3n de la actividad.<\/li>\n<\/ul>\n<p class=\"jsx-4098198752 c--grey-neutral-800\">Cabe mencionar que estas caracter\u00edsticas representan a las puntuaciones m\u00e1s elevadas y m\u00e1s bajas, pero\u00a0<strong>gran parte de la poblaci\u00f3n se sit\u00faa en posiciones intermedias<\/strong>. Por ello, es probable que no te sientas identificado al 100 % con ninguna de las anteriores descripciones.<\/p>\n<h2 id=\"que-repercusiones-tiene-este-rasgo-a-nivel-social-y-personal\" class=\"jsx-3692753319 jsx-2566528898 c--main-600  mt--x-big pt--normal\">\u00bfQu\u00e9 repercusiones tiene este rasgo a nivel social y personal?<\/h2>\n<p class=\"jsx-4098198752 c--grey-neutral-800\">El grado de autoobservaci\u00f3n tiene una gran influencia a nivel social.\u00a0<strong>Quienes presentan una alta automonitorizaci\u00f3n suelen ser m\u00e1s\u00a0<a class=\"jsx-151512268 jsx-3387278544 default-a-link is--underline c--secondary-600 is--underline\" href=\"https:\/\/lamenteesmaravillosa.com\/eres-carismatico\/\" target=\"_blank\" rel=\"noopener\" data-with-google-events=\"true\" data-google-events=\"{&quot;data&quot;:{&quot;action&quot;:&quot;click&quot;,&quot;category&quot;:&quot;Content&quot;,&quot;label&quot;:&quot;Related \/autoobservacion-como-afecta-elaciones-sociales\/&quot;,&quot;value&quot;:&quot;https:\/\/lamenteesmaravillosa.com\/eres-carismatico\/&quot;}}\">carism\u00e1ticos<\/a>\u00a0y exitosos en sus interacciones<\/strong>\u00a0con los otros, son el centro de atenci\u00f3n y se adaptan mejor a las demandas de los diferentes contextos.<\/p>\n<p class=\"jsx-4098198752 c--grey-neutral-800\">Por su lado, quienes muestran un bajo nivel de autoobservaci\u00f3n pueden experimentar con mayor frecuencia el rechazo social o vivir interacciones poco satisfactorias. En cierto grado\u00a0<strong>son poco sensibles a la norma y esto puede ocasionarles problemas<\/strong>.<\/p>\n<p class=\"jsx-4098198752 c--grey-neutral-800\">Finalmente, la vida es un gran teatro y estas personas se preocupan menos por cuidar el guion. Adem\u00e1s,\u00a0<a class=\"jsx-151512268 jsx-3387278544 default-a-link is--underline c--secondary-600 is--underline\" href=\"http:\/\/www.psicothema.com\/psicothema.asp?id=2027\" target=\"_blank\" rel=\"noopener\" data-with-google-events=\"true\" data-google-events=\"{&quot;data&quot;:{&quot;action&quot;:&quot;click&quot;,&quot;category&quot;:&quot;Content&quot;,&quot;label&quot;:&quot;Related \/autoobservacion-como-afecta-elaciones-sociales\/&quot;,&quot;value&quot;:&quot;http:\/\/www.psicothema.com\/psicothema.asp?id=2027&quot;}}\">se ha observado<\/a>\u00a0que pueden presentar un mayor riesgo de padecer depresi\u00f3n, ya que al mantener una imagen de s\u00ed mismos tan cohesionada, cualquier situaci\u00f3n que amenace uno de sus roles tendr\u00edan una repercusi\u00f3n global mayor.<\/p>\n<p class=\"jsx-4098198752 c--grey-neutral-800\">No obstante, no se trata de un rasgo patol\u00f3gico ni negativo en s\u00ed mismo.\u00a0<a class=\"jsx-151512268 jsx-3387278544 default-a-link is--underline c--secondary-600 is--underline\" href=\"https:\/\/www.uma.es\/psicologia\/docs\/eudemon\/investigacion\/autoconciencia_y_personalidad_sana.pdf\" target=\"_blank\" rel=\"noopener\" data-with-google-events=\"true\" data-google-events=\"{&quot;data&quot;:{&quot;action&quot;:&quot;click&quot;,&quot;category&quot;:&quot;Content&quot;,&quot;label&quot;:&quot;Related \/autoobservacion-como-afecta-elaciones-sociales\/&quot;,&quot;value&quot;:&quot;https:\/\/www.uma.es\/psicologia\/docs\/eudemon\/investigacion\/autoconciencia_y_personalidad_sana.pdf&quot;}}\">Se ha comprobado<\/a>\u00a0que la baja autoobservaci\u00f3n se relaciona con una mayor autoestima impl\u00edcita; es decir, que en estas personas hay menos diferencia entre su yo real y su yo ideal. Adem\u00e1s,\u00a0<strong>a la hora de relacionarse con otros a nivel afectivo o sexual son m\u00e1s propensos a primar la personalidad<\/strong>\u00a0por sobre la apariencia f\u00edsica.<\/p>\n<p>En definitiva, el objetivo siempre ser\u00e1 matizar nuestras tendencias a fin de buscar un equilibrio que nos sea funcional en el d\u00eda a d\u00eda.\u00a0<strong>Adaptarnos socialmente puede traernos grandes ventajas,\u00a0<\/strong>pero estar excesivamente preocupados por c\u00f3mo nos proyectamos y c\u00f3mo nos ven los dem\u00e1s\u00a0<a class=\"jsx-151512268 jsx-3387278544 default-a-link is--underline c--secondary-600 is--underline\" href=\"https:\/\/scholar.googleusercontent.com\/scholar?q=cache:yyP1ztU5QbMJ:scholar.google.com\/+autoobservacion+apertura+a+la+experiencia+y+eleccion&amp;hl=es&amp;as_sdt=0,5&amp;as_vis=1\" target=\"_blank\" rel=\"noopener\" data-with-google-events=\"true\" data-google-events=\"{&quot;data&quot;:{&quot;action&quot;:&quot;click&quot;,&quot;category&quot;:&quot;Content&quot;,&quot;label&quot;:&quot;Related \/autoobservacion-como-afecta-elaciones-sociales\/&quot;,&quot;value&quot;:&quot;https:\/\/scholar.googleusercontent.com\/scholar?q=cache:yyP1ztU5QbMJ:scholar.google.com\/+autoobservacion+apertura+a+la+experiencia+y+eleccion&amp;hl=es&amp;as_sdt=0,5&amp;as_vis=1&quot;}}\">puede desencadenar problemas de ansiedad<\/a>. As\u00ed, en el punto medio encontraremos la virtud.<\/p>\n<p><a class=\"jsx-151512268 jsx-143194717 default-a-link is--underline c--grey-neutral-800  link-tool-tip jsx-2288154920 jsx-986712099\" href=\"https:\/\/lamenteesmaravillosa.com\/autor\/elena-sanz\/\" target=\"_self\" rel=\"noopener\"><strong>Elena Sanz<\/strong><\/a><\/p>\n<div id=\"telet-853058146\" class=\"telet-despues-del-contenido telet-entity-placement\"><a target=\"_blank\" href=\"\/\/aff.lucushost.com\/resources\/click\/?n=gDxoXMAJ&aff=756\"><img decoding=\"async\" border=\"0\" alt=\"LucusHost, el mejor hosting\" src=\"\/\/aff.lucushost.com\/resources\/banners\/?zoneid=5123&n=gDxoXMAJ&aff=756\" \/><\/a><\/div>","protected":false},"excerpt":{"rendered":"<p>Hay quienes se adaptan al contexto para encajar en \u00e9l y quienes simplemente se rigen por sus estados internos. Tu nivel de autoobservaci\u00f3n es determinante a la hora de identificar&hellip; <\/p>\n","protected":false},"author":1,"featured_media":6917,"comment_status":"open","ping_status":"open","sticky":false,"template":"","format":"standard","meta":{"_jetpack_memberships_contains_paid_content":false,"footnotes":"","_links_to":"","_links_to_target":""},"categories":[1],"tags":[15,14],"class_list":["post-6916","post","type-post","status-publish","format-standard","has-post-thumbnail","hentry","category-telesecretarias","tag-fuprisa","tag-jose-manuel-fuentes-prieto"],"nelio_content":{"autoShareEndMode":"never","automationSources":{"useCustomSentences":false,"customSentences":[]},"efiAlt":"","efiUrl":"","followers":[1],"highlights":[],"isAutoShareEnabled":true,"networkImageIds":[],"permalinkQueryArgs":[],"series":[],"suggestedReferences":[]},"jetpack_featured_media_url":"https:\/\/teletrabajoynegocios.com\/telesecretarias\/wp-content\/uploads\/sites\/2\/2021\/12\/mujer-pensando-mientras-toma-cafe-ventana.jpg","jetpack_sharing_enabled":true,"_links":{"self":[{"href":"https:\/\/teletrabajoynegocios.com\/telesecretarias\/wp-json\/wp\/v2\/posts\/6916","targetHints":{"allow":["GET"]}}],"collection":[{"href":"https:\/\/teletrabajoynegocios.com\/telesecretarias\/wp-json\/wp\/v2\/posts"}],"about":[{"href":"https:\/\/teletrabajoynegocios.com\/telesecretarias\/wp-json\/wp\/v2\/types\/post"}],"author":[{"embeddable":true,"href":"https:\/\/teletrabajoynegocios.com\/telesecretarias\/wp-json\/wp\/v2\/users\/1"}],"replies":[{"embeddable":true,"href":"https:\/\/teletrabajoynegocios.com\/telesecretarias\/wp-json\/wp\/v2\/comments?post=6916"}],"version-history":[{"count":1,"href":"https:\/\/teletrabajoynegocios.com\/telesecretarias\/wp-json\/wp\/v2\/posts\/6916\/revisions"}],"predecessor-version":[{"id":6918,"href":"https:\/\/teletrabajoynegocios.com\/telesecretarias\/wp-json\/wp\/v2\/posts\/6916\/revisions\/6918"}],"wp:featuredmedia":[{"embeddable":true,"href":"https:\/\/teletrabajoynegocios.com\/telesecretarias\/wp-json\/wp\/v2\/media\/6917"}],"wp:attachment":[{"href":"https:\/\/teletrabajoynegocios.com\/telesecretarias\/wp-json\/wp\/v2\/media?parent=6916"}],"wp:term":[{"taxonomy":"category","embeddable":true,"href":"https:\/\/teletrabajoynegocios.com\/telesecretarias\/wp-json\/wp\/v2\/categories?post=6916"},{"taxonomy":"post_tag","embeddable":true,"href":"https:\/\/teletrabajoynegocios.com\/telesecretarias\/wp-json\/wp\/v2\/tags?post=6916"}],"curies":[{"name":"wp","href":"https:\/\/api.w.org\/{rel}","templated":true}]}}