{"id":6927,"date":"2021-12-06T11:17:30","date_gmt":"2021-12-06T10:17:30","guid":{"rendered":"https:\/\/teletrabajoynegocios.com\/telesecretarias\/?p=6927"},"modified":"2021-12-05T17:24:33","modified_gmt":"2021-12-05T16:24:33","slug":"estatus-virtual-si-no-estas-en-internet-no-existes","status":"publish","type":"post","link":"https:\/\/teletrabajoynegocios.com\/telesecretarias\/estatus-virtual-si-no-estas-en-internet-no-existes\/","title":{"rendered":"Estatus virtual: si no est\u00e1s en internet no existes"},"content":{"rendered":"<div id=\"telet-1879286673\" class=\"telet-antes-del-contenido telet-entity-placement\"><a href=\"https:\/\/quaderno.io\/?via=jose-manuel94\" aria-label=\"Quaderno General (Spanish) &#8211; 728&#215;90\"><img loading=\"lazy\" decoding=\"async\" src=\"https:\/\/teletrabajoynegocios.com\/telesecretarias\/wp-content\/uploads\/sites\/2\/2020\/11\/Quaderno-General-Spanish-728x90-1.png\" alt=\"\"  srcset=\"https:\/\/teletrabajoynegocios.com\/telesecretarias\/wp-content\/uploads\/sites\/2\/2020\/11\/Quaderno-General-Spanish-728x90-1.png 728w, https:\/\/teletrabajoynegocios.com\/telesecretarias\/wp-content\/uploads\/sites\/2\/2020\/11\/Quaderno-General-Spanish-728x90-1-300x37.png 300w\" sizes=\"(max-width: 728px) 100vw, 728px\" width=\"728\" height=\"90\"   \/><\/a><\/div><p>Hay personas para las que una identidad online es casi igual o m\u00e1s importante que tener su propia identidad offline (vida real). Un estatus digital que, en muchos casos, termina condicionando sus vidas.<\/p>\n<p class=\"jsx-4098198752 c--grey-neutral-800\"><strong>El estatus virtual define la imagen, la identidad y la posici\u00f3n que tenemos en internet<\/strong>. Hemos llegado a un punto en el que quien no est\u00e1 en redes sociales es como si no existiera. No solo las empresas est\u00e1n casi obligadas a hacerse un hueco en ese universo, sino que la mayor\u00eda de nosotros nos hemos sentido disuadidos alguna vez a tener que abrirnos alg\u00fan perfil.<\/p>\n<p class=\"jsx-4098198752 c--grey-neutral-800\">Todo esto puede entenderse, sobre todo, desde un punto de vista profesional. Aquel que desee darse a conocer para obtener clientes e incluso labrarse un proyecto laboral no duda en abrirse un hueco entre dichos recursos digitales. Ahora bien, abundan tambi\u00e9n los que construyen un \u201cyo\u201d en l\u00ednea porque\u00a0<strong>esto les confiere mayores satisfacciones que el \u201cyo\u201d real\u00a0<\/strong>-con \u00e9l obtienen buena parte de sus reforzadores diarios-.<\/p>\n<p class=\"jsx-4098198752 c--grey-neutral-800\"><strong>Esa identidad virtual es distinta, tiene otro lenguaje, nuevos recursos y posibilidades<\/strong>. Uno puede elegir qu\u00e9 mostrar y c\u00f3mo, de hecho, puede llegar a configurar una realidad paralela a su antojo. Es m\u00e1s, puede incluso tener varios \u201cyoes\u201d, cuentas falsas y otras autentificadas con las que moverse con mayor facilidad por casi cualquier escenario en redes sociales.<\/p>\n<p><em>Fue Bill Gates quien dijo aquello de que \u201csi no est\u00e1s en internet es que no existes\u201d. Este mensaje estaba dirigido a las empresas, pero dicha idea no tard\u00f3 en extenderse tambi\u00e9n a los particulares.<\/em><\/p>\n<hr \/>\n<p><img decoding=\"async\" src=\"https:\/\/teletrabajoynegocios.com\/teletrabajador\/wp-content\/uploads\/sites\/3\/2020\/07\/articulos.png\" \/><\/p>\n<div class=\"wp-rss-template-container\" data-wpra-template=\"default\" data-template-ctx=\"eyJ0ZW1wbGF0ZSI6IkRlZmF1bHQifQ==\">\n    <div class=\"wp-rss-aggregator wpra-list-template  \" data-page=\"1\">\n    \n    \n<ul class=\"wpra-item-list rss-aggregator wpra-item-list--bullets wpra-item-list--default\"\n    start=\"1\">\n                        <li class=\"wpra-item feed-item \">\n            \n            \n\n    <a  href=\"https:\/\/distritoemprendedores.com\/blog\/2026\/03\/16\/hello-world\/\" target=\"_blank\" rel=\"nofollow\" class=\"\">Hello world!<\/a>\n\n\n\n\n\n\n<div class=\"wprss-feed-meta\">\n            <span class=\"feed-source\">\n            Source:\n\n                            Distrito Emprendedores\n                    <\/span>\n    \n            <span class=\"feed-date\">\n            Published on 2026-03-16\n        <\/span>\n    \n    <\/div>\n\n\n\n\n\n            \n        <\/li>\n                    <li class=\"wpra-item feed-item \">\n            \n            \n\n    <a  href=\"https:\/\/www.dropbox.com\/scl\/fi\/b6csvpbfxu24vaezmo3es\/62bed0634df20e5ef35346439fdd423f_franquicias.pdf?rlkey=mfp2795s4n89mw35l0yeu2vl5&amp;e=2&amp;st=57kabuy0&amp;dl=0#new_tab\" target=\"_blank\" rel=\"nofollow\" class=\"\">Las franquicias espa\u00f1olas duplican su presencia en mercados for\u00e1neos<\/a>\n\n\n\n\n\n\n<div class=\"wprss-feed-meta\">\n            <span class=\"feed-source\">\n            Source:\n\n                            Distrito Emprendedores\n                    <\/span>\n    \n            <span class=\"feed-date\">\n            Published on 2026-03-11\n        <\/span>\n    \n    <\/div>\n\n\n\n\n\n            \n        <\/li>\n                    <li class=\"wpra-item feed-item \">\n            \n            \n\n    <a  href=\"https:\/\/distritoemprendedores.es\/blog\/5-errores-fatales-al-internacionalizar-tu-franquicia\/\" target=\"_blank\" rel=\"nofollow\" class=\"\">5 errores fatales al internacionalizar tu franquicia<\/a>\n\n\n\n\n\n\n<div class=\"wprss-feed-meta\">\n            <span class=\"feed-source\">\n            Source:\n\n                            Distrito Emprendedores\n                    <\/span>\n    \n            <span class=\"feed-date\">\n            Published on 2026-03-10\n        <\/span>\n    \n    <\/div>\n\n\n\n\n\n            \n        <\/li>\n                    <li class=\"wpra-item feed-item \">\n            \n            \n\n    <a  href=\"https:\/\/distritoemprendedores.es\/blog\/un-nuevo-prime-time-para-las-marcas-afterwork-tardeo-y-futbol-se-consolidan-como-los-grandes-motores-del-consumo-experiencial\/\" target=\"_blank\" rel=\"nofollow\" class=\"\">Un nuevo prime time para las marcas: afterwork, tardeo y f\u00fatbol se consolidan como los grandes motores del consumo experiencial<\/a>\n\n\n\n\n\n\n<div class=\"wprss-feed-meta\">\n            <span class=\"feed-source\">\n            Source:\n\n                            Distrito Emprendedores\n                    <\/span>\n    \n            <span class=\"feed-date\">\n            Published on 2026-03-09\n        <\/span>\n    \n    <\/div>\n\n\n\n\n\n            \n        <\/li>\n                    <li class=\"wpra-item feed-item \">\n            \n            \n\n    <a  href=\"https:\/\/distritoemprendedores.es\/blog\/la-ventaja-competitiva-esta-en-entender-como-pregunta-el-consumidor\/\" target=\"_blank\" rel=\"nofollow\" class=\"\">La ventaja competitiva est\u00e1 en entender c\u00f3mo pregunta el consumidor<\/a>\n\n\n\n\n\n\n<div class=\"wprss-feed-meta\">\n            <span class=\"feed-source\">\n            Source:\n\n                            Distrito Emprendedores\n                    <\/span>\n    \n            <span class=\"feed-date\">\n            Published on 2026-03-08\n        <\/span>\n    \n    <\/div>\n\n\n\n\n\n            \n        <\/li>\n                    <li class=\"wpra-item feed-item \">\n            \n            \n\n    <a  href=\"https:\/\/distritoemprendedores.es\/blog\/solo-el-7-de-los-espanoles-cree-a-las-marcas-cuando-comunican-sus-valores-con-hechos-demostrables\/\" target=\"_blank\" rel=\"nofollow\" class=\"\">Solo el 7% de los espa\u00f1oles cree a las marcas cuando comunican sus valores con hechos demostrables<\/a>\n\n\n\n\n\n\n<div class=\"wprss-feed-meta\">\n            <span class=\"feed-source\">\n            Source:\n\n                            Distrito Emprendedores\n                    <\/span>\n    \n            <span class=\"feed-date\">\n            Published on 2026-03-07\n        <\/span>\n    \n    <\/div>\n\n\n\n\n\n            \n        <\/li>\n                    <li class=\"wpra-item feed-item \">\n            \n            \n\n    <a  href=\"https:\/\/distritoemprendedores.es\/blog\/el-38-de-las-empresas-creadas-en-2019-ha-echado-ya-el-cierre\/\" target=\"_blank\" rel=\"nofollow\" class=\"\">El 38% de las empresas creadas en 2019 ha echado ya el cierre<\/a>\n\n\n\n\n\n\n<div class=\"wprss-feed-meta\">\n            <span class=\"feed-source\">\n            Source:\n\n                            Distrito Emprendedores\n                    <\/span>\n    \n            <span class=\"feed-date\">\n            Published on 2026-03-06\n        <\/span>\n    \n    <\/div>\n\n\n\n\n\n            \n        <\/li>\n                    <li class=\"wpra-item feed-item \">\n            \n            \n\n    <a  href=\"https:\/\/distritoemprendedores.es\/blog\/descubre-las-oportunidades-y-tendencias-en-el-mercado-de-la-franquicia-para-2026\/\" target=\"_blank\" rel=\"nofollow\" class=\"\">Descubre las oportunidades y tendencias en el mercado de la franquicia para 2026<\/a>\n\n\n\n\n\n\n<div class=\"wprss-feed-meta\">\n            <span class=\"feed-source\">\n            Source:\n\n                            Distrito Emprendedores\n                    <\/span>\n    \n            <span class=\"feed-date\">\n            Published on 2026-03-05\n        <\/span>\n    \n    <\/div>\n\n\n\n\n\n            \n        <\/li>\n                    <li class=\"wpra-item feed-item \">\n            \n            \n\n    <a  href=\"https:\/\/distritoemprendedores.es\/blog\/las-startups-de-salud-mas-punteras-del-mundo\/\" target=\"_blank\" rel=\"nofollow\" class=\"\">Las startups de salud m\u00e1s punteras del mundo<\/a>\n\n\n\n\n\n\n<div class=\"wprss-feed-meta\">\n            <span class=\"feed-source\">\n            Source:\n\n                            Distrito Emprendedores\n                    <\/span>\n    \n            <span class=\"feed-date\">\n            Published on 2026-03-04\n        <\/span>\n    \n    <\/div>\n\n\n\n\n\n            \n        <\/li>\n                    <li class=\"wpra-item feed-item \">\n            \n            \n\n    <a  href=\"https:\/\/distritoemprendedores.es\/blog\/puesta-en-marcha-de-un-negocio-primeros-pasos-para-validar-vender-y-controlar-la-tesoreria\/\" target=\"_blank\" rel=\"nofollow\" class=\"\">Puesta en marcha de un negocio: primeros pasos para validar, vender y controlar la tesorer\u00eda<\/a>\n\n\n\n\n\n\n<div class=\"wprss-feed-meta\">\n            <span class=\"feed-source\">\n            Source:\n\n                            Distrito Emprendedores\n                    <\/span>\n    \n            <span class=\"feed-date\">\n            Published on 2026-03-03\n        <\/span>\n    \n    <\/div>\n\n\n\n\n\n            \n        <\/li>\n                    <li class=\"wpra-item feed-item \">\n            \n            \n\n    <a  href=\"https:\/\/distritoemprendedores.es\/blog\/6-franquicias-sin-apenas-competencia-en-el-mercado\/\" target=\"_blank\" rel=\"nofollow\" class=\"\">6 franquicias sin apenas competencia en el mercado<\/a>\n\n\n\n\n\n\n<div class=\"wprss-feed-meta\">\n            <span class=\"feed-source\">\n            Source:\n\n                            Distrito Emprendedores\n                    <\/span>\n    \n            <span class=\"feed-date\">\n            Published on 2026-03-02\n        <\/span>\n    \n    <\/div>\n\n\n\n\n\n            \n        <\/li>\n                    <li class=\"wpra-item feed-item \">\n            \n            \n\n    <a  href=\"https:\/\/digistorage.es\/links\/71d78951-a420-4f5b-8de6-7b35ae7efc1c#new_tab\" target=\"_blank\" rel=\"nofollow\" class=\"\">Los algoritmos amenazan con filtrar las confesiones realizadas al abogado<\/a>\n\n\n\n\n\n\n<div class=\"wprss-feed-meta\">\n            <span class=\"feed-source\">\n            Source:\n\n                            Distrito Emprendedores\n                    <\/span>\n    \n            <span class=\"feed-date\">\n            Published on 2026-03-01\n        <\/span>\n    \n    <\/div>\n\n\n\n\n\n            \n        <\/li>\n                    <li class=\"wpra-item feed-item \">\n            \n            \n\n    <a  href=\"https:\/\/distritoemprendedores.es\/blog\/las-startups-que-mas-innovan-en-el-mundo\/\" target=\"_blank\" rel=\"nofollow\" class=\"\">Las startups que m\u00e1s innovan en el mundo<\/a>\n\n\n\n\n\n\n<div class=\"wprss-feed-meta\">\n            <span class=\"feed-source\">\n            Source:\n\n                            Distrito Emprendedores\n                    <\/span>\n    \n            <span class=\"feed-date\">\n            Published on 2026-02-28\n        <\/span>\n    \n    <\/div>\n\n\n\n\n\n            \n        <\/li>\n                    <li class=\"wpra-item feed-item \">\n            \n            \n\n    <a  href=\"https:\/\/distritoemprendedores.es\/blog\/tiktok-genera-31-000-millones-de-euros-para-las-empresas-europeas-y-3-000-millones-en-espana\/\" target=\"_blank\" rel=\"nofollow\" class=\"\">TikTok genera 31.000 millones de euros para las empresas europeas y 3.000 millones en Espa\u00f1a<\/a>\n\n\n\n\n\n\n<div class=\"wprss-feed-meta\">\n            <span class=\"feed-source\">\n            Source:\n\n                            Distrito Emprendedores\n                    <\/span>\n    \n            <span class=\"feed-date\">\n            Published on 2026-02-27\n        <\/span>\n    \n    <\/div>\n\n\n\n\n\n            \n        <\/li>\n                    <li class=\"wpra-item feed-item \">\n            \n            \n\n    <a  href=\"https:\/\/distritoemprendedores.es\/blog\/amazon-planea-un-marketplace-para-hacer-de-puente-entre-los-publishers-y-las-empresas-de-ia\/\" target=\"_blank\" rel=\"nofollow\" class=\"\">Amazon planea un \u00abmarketplace\u00bb para hacer de puente entre los \u00abpublishers\u00bb y las empresas de IA<\/a>\n\n\n\n\n\n\n<div class=\"wprss-feed-meta\">\n            <span class=\"feed-source\">\n            Source:\n\n                            Distrito Emprendedores\n                    <\/span>\n    \n            <span class=\"feed-date\">\n            Published on 2026-02-26\n        <\/span>\n    \n    <\/div>\n\n\n\n\n\n            \n        <\/li>\n        <\/ul>\n\n        \n<\/div>\n\n<\/div>\n\n<hr \/>\n<h2 id=\"estatus-virtual-y-tu-quien-eres-en-internet\" class=\"jsx-3692753319 jsx-2566528898 c--main-600  mt--x-big pt--normal\">Estatus virtual: \u00bfy t\u00fa quien eres en Internet?<\/h2>\n<p class=\"jsx-4098198752 c--grey-neutral-800\"><strong>Es complicado encontrar a alguien menor de 35 a\u00f1os que no est\u00e9 en alguna red social<\/strong>. Es extra\u00f1o, pero no improbable. Como todo en la vida, hay excepciones. Sin embargo, lo com\u00fan es tener que formar parte de toda esa din\u00e1mica virtual aunque no se quiera porque, de lo contrario, uno se queda excluido.<\/p>\n<p class=\"jsx-4098198752 c--grey-neutral-800\">Al fin y al cabo, una parte de nuestra realidad se mueve en esa otra realidad digital. Nos informamos, conectamos unos con otros, nos expresamos, aprendemos, nos entretenemos\u2026 Tener un estatus virtual significa no solo ser part\u00edcipe de cada cosa que sucede en redes sociales,<strong>\u00a0implica construir otro \u201cyo\u201d<\/strong>.<\/p>\n<p class=\"jsx-4098198752 c--grey-neutral-800\">Hemos llegado a un momento en que<strong>\u00a0el mundo\u00a0<em>online<\/em>\u00a0y el mundo\u00a0<em>offline<\/em>\u00a0se sobreponen y es casi necesario estar en ambas esferas<\/strong>. Muchos as\u00ed lo creen. Es como si tuvi\u00e9ramos dos vidas. Una es la verdadera, esa en la que uno tiene una existencia m\u00e1s rutinaria, esa en la que va al trabajo, pasea al perro y mira\u00a0<a class=\"jsx-151512268 jsx-3387278544 default-a-link is--underline c--secondary-600 is--underline\" href=\"https:\/\/lamenteesmaravillosa.com\/la-adiccion-a-las-series-una-nueva-y-lucrativa-forma-de-vida\/\" target=\"_blank\" rel=\"noopener\" data-with-google-events=\"true\" data-google-events=\"{&quot;data&quot;:{&quot;action&quot;:&quot;click&quot;,&quot;category&quot;:&quot;Content&quot;,&quot;label&quot;:&quot;Related \/estatus-virtual-si-no-estas-en-internet-no-existes\/&quot;,&quot;value&quot;:&quot;https:\/\/lamenteesmaravillosa.com\/la-adiccion-a-las-series-una-nueva-y-lucrativa-forma-de-vida\/&quot;}}\">series<\/a>\u00a0en Netflix.<\/p>\n<p class=\"jsx-4098198752 c--grey-neutral-800\">Luego est\u00e1 esa otra en la que se tiene miles seguidores en Instagram y en Facebook, esa en la que uno se retoca las fotos y anhela los\u00a0<a class=\"jsx-151512268 jsx-3387278544 default-a-link is--underline c--secondary-600 is--underline\" href=\"https:\/\/lamenteesmaravillosa.com\/la-dictadura-de-los-likes\/\" target=\"_blank\" rel=\"noopener\" data-with-google-events=\"true\" data-google-events=\"{&quot;data&quot;:{&quot;action&quot;:&quot;click&quot;,&quot;category&quot;:&quot;Content&quot;,&quot;label&quot;:&quot;Related \/estatus-virtual-si-no-estas-en-internet-no-existes\/&quot;,&quot;value&quot;:&quot;https:\/\/lamenteesmaravillosa.com\/la-dictadura-de-los-likes\/&quot;}}\"><em>likes<\/em><\/a>\u00a0como el ox\u00edgeno, se insulta en Twitter o se bloquea a alguien para darle a entender que una relaci\u00f3n ha terminado\u2026<\/p>\n<h3 id=\"tu-perfil-online-como-fuente-de-informacion-para-la-vida-offline\" class=\"jsx-3692753319 jsx-2566528898 c--main-600  mt--x-big pt--normal\">Tu perfil\u00a0<em>online<\/em>\u00a0como fuente de informaci\u00f3n para la vida\u00a0<em>offline<\/em><\/h3>\n<p class=\"jsx-4098198752 c--grey-neutral-800\"><strong>A la hora de crear nuestro estatus virtual no hay ni una sola versi\u00f3n del yo que quede sin\u00a0<a class=\"jsx-151512268 jsx-3387278544 default-a-link is--underline c--secondary-600 is--underline\" href=\"https:\/\/lamenteesmaravillosa.com\/dismorfia-selfie\/\" target=\"_blank\" rel=\"noopener\" data-with-google-events=\"true\" data-google-events=\"{&quot;data&quot;:{&quot;action&quot;:&quot;click&quot;,&quot;category&quot;:&quot;Content&quot;,&quot;label&quot;:&quot;Related \/estatus-virtual-si-no-estas-en-internet-no-existes\/&quot;,&quot;value&quot;:&quot;https:\/\/lamenteesmaravillosa.com\/dismorfia-selfie\/&quot;}}\">filtrar<\/a><\/strong>. Se seleccionan las fotos, se elige qu\u00e9 mostrar, qu\u00e9 aficiones revelar, qu\u00e9 se dice y qu\u00e9 se opta por callar. Todo ello ayuda a los dem\u00e1s a que se hagan una visi\u00f3n de c\u00f3mo somos (o c\u00f3mo queremos que nos vean). Obviamente, hay personas que cuidan m\u00e1s el detalle que otras.<\/p>\n<p class=\"jsx-4098198752 c--grey-neutral-800\">Es interesante saber que ese perfil\u00a0<em>online<\/em>\u00a0condiciona en muchos casos lo que nos sucede despu\u00e9s en la vida offline. Ah\u00ed est\u00e1n muchas de las relaciones que construimos, a quien conocemos o qu\u00e9 trabajos logramos. Ahora bien,\u00a0<strong>el impacto de la identidad creada en redes sociales tiene un mayor significado en la poblaci\u00f3n m\u00e1s joven<\/strong>.<\/p>\n<p class=\"jsx-4098198752 c--grey-neutral-800\">Seg\u00fan un\u00a0<a class=\"jsx-151512268 jsx-3387278544 default-a-link is--underline c--secondary-600 is--underline\" href=\"https:\/\/pubmed.ncbi.nlm.nih.gov\/22703034\/\" target=\"_blank\" rel=\"noopener\" data-with-google-events=\"true\" data-google-events=\"{&quot;data&quot;:{&quot;action&quot;:&quot;click&quot;,&quot;category&quot;:&quot;Content&quot;,&quot;label&quot;:&quot;Related \/estatus-virtual-si-no-estas-en-internet-no-existes\/&quot;,&quot;value&quot;:&quot;https:\/\/pubmed.ncbi.nlm.nih.gov\/22703034\/&quot;}}\">estudio<\/a>\u00a0de la Universidad de Gante (B\u00e9lgica),\u00a0<strong>para los adolescentes tiene un papel sustancial conocer el perfil de una persona para relacionarse con ella<\/strong>. Es su mejor referencia y un mecanismo esencial para la interacci\u00f3n cotidiana.<\/p>\n<h3 id=\"el-estatus-virtual-y-economia-de-la-reputacion\" class=\"jsx-3692753319 jsx-2566528898 c--main-600  mt--x-big pt--normal\">El estatus virtual y econom\u00eda de la reputaci\u00f3n<\/h3>\n<p class=\"jsx-4098198752 c--grey-neutral-800\"><strong>Para muchos, el estatus virtual configura su forma de existencia<\/strong>. Lo cierto es que hemos llegado a un punto para quienes esa vida en l\u00ednea es casi o m\u00e1s importante que la vida real. Puede que esto se explique por razones laborales (ah\u00ed tenemos a los\u00a0<em>influencers<\/em>). Sin embargo, tambi\u00e9n abundan quienes necesitan de ese otro yo para obtener refuerzos cotidianos con los que nutrir la autoestima.<\/p>\n<p class=\"jsx-4098198752 c--grey-neutral-800\"><strong>La tecnolog\u00eda actual nos permite esta avatarizaci\u00f3n de las identidades para navegar en la vida virtual<\/strong>, lo que nos lleva a la econom\u00eda de la reputaci\u00f3n. Es decir, cuando alguien busca labrarse un estatus virtual est\u00e1 obligado a cuidarlo, modelarlo y nutrirlo de forma constante.<\/p>\n<p class=\"jsx-4098198752 c--grey-neutral-800\">Hay que hacerse\u00a0<em>selfies<\/em>\u00a0cada d\u00eda. Hay que hacer v\u00eddeos para las<em>\u00a0stories<\/em>\u00a0de Instagram, crear contenido, hacer campa\u00f1as publicitarias, interaccionar con los seguidores, dar\u00a0<em>likes<\/em>\u00a0y esperar\u00a0<em>likes<\/em>.\u00a0<strong>La tarea de crear y mantener el propio estatus virtual es agotadora y fagocita un tiempo precioso de \u201cnuestra vida real\u201d.<\/strong><\/p>\n<div class=\"article-quote bc--secondary-50 ptb--big p--relative mb--normal mt--x-big\">\n<blockquote class=\"jsx-2118601352 jsx-2746653886 plr--big pt--big\">\n<div class=\"jsx-2118601352 jsx-2746653886 quote__text ta--center fs--italic lh--2 fs--normal ff--serif ls--medium c--secondary-800\">\n<p class=\"jsx-4098198752 c--grey-neutral-800\"><em>La econom\u00eda de la reputaci\u00f3n nos convierte en criaturas obsesionadas por ganar seguidores y elogios digitales a cualquier precio. Lo hacemos sin darnos cuenta del coste que algo as\u00ed tiene en nuestra vida offline.<\/em><\/p>\n<\/div>\n<\/blockquote>\n<\/div>\n<p class=\"jsx-4098198752 c--grey-neutral-800\">Para concluir, tal y como dec\u00eda la escritora Margaret Atwood, cada aspecto de la tecnolog\u00eda tiene su reverso oscuro, incluyendo el arco y la flecha. Seamos capaces de usar estos valiosos recursos en nuestro beneficio, puesto que solo as\u00ed disfrutaremos de un aut\u00e9ntico progreso.<\/p>\n<p>\u00a0<a class=\"jsx-151512268 jsx-143194717 default-a-link is--underline c--grey-neutral-800  link-tool-tip jsx-2288154920 jsx-986712099\" href=\"https:\/\/lamenteesmaravillosa.com\/autor\/valeria-sabater\/\" target=\"_self\" rel=\"noopener\"><strong>Valeria Sabater<\/strong><\/a><\/p>\n<div id=\"telet-2335979276\" class=\"telet-despues-del-contenido telet-entity-placement\"><a target=\"_blank\" href=\"\/\/aff.lucushost.com\/resources\/click\/?n=gDxoXMAJ&aff=756\"><img decoding=\"async\" border=\"0\" alt=\"LucusHost, el mejor hosting\" src=\"\/\/aff.lucushost.com\/resources\/banners\/?zoneid=5123&n=gDxoXMAJ&aff=756\" \/><\/a><\/div>","protected":false},"excerpt":{"rendered":"<p>Hay personas para las que una identidad online es casi igual o m\u00e1s importante que tener su propia identidad offline (vida real). Un estatus digital que, en muchos casos, termina&hellip; <\/p>\n","protected":false},"author":1,"featured_media":6928,"comment_status":"open","ping_status":"open","sticky":false,"template":"","format":"standard","meta":{"_jetpack_memberships_contains_paid_content":false,"footnotes":"","_links_to":"","_links_to_target":""},"categories":[8],"tags":[15,14],"class_list":["post-6927","post","type-post","status-publish","format-standard","has-post-thumbnail","hentry","category-vida-social","tag-fuprisa","tag-jose-manuel-fuentes-prieto"],"nelio_content":{"autoShareEndMode":"never","automationSources":{"useCustomSentences":false,"customSentences":[]},"efiAlt":"","efiUrl":"","followers":[1],"highlights":[],"isAutoShareEnabled":true,"networkImageIds":[],"permalinkQueryArgs":[],"series":[],"suggestedReferences":[]},"jetpack_featured_media_url":"https:\/\/teletrabajoynegocios.com\/telesecretarias\/wp-content\/uploads\/sites\/2\/2021\/12\/mujer-cama-mirando-movil.jpg","jetpack_sharing_enabled":true,"_links":{"self":[{"href":"https:\/\/teletrabajoynegocios.com\/telesecretarias\/wp-json\/wp\/v2\/posts\/6927","targetHints":{"allow":["GET"]}}],"collection":[{"href":"https:\/\/teletrabajoynegocios.com\/telesecretarias\/wp-json\/wp\/v2\/posts"}],"about":[{"href":"https:\/\/teletrabajoynegocios.com\/telesecretarias\/wp-json\/wp\/v2\/types\/post"}],"author":[{"embeddable":true,"href":"https:\/\/teletrabajoynegocios.com\/telesecretarias\/wp-json\/wp\/v2\/users\/1"}],"replies":[{"embeddable":true,"href":"https:\/\/teletrabajoynegocios.com\/telesecretarias\/wp-json\/wp\/v2\/comments?post=6927"}],"version-history":[{"count":1,"href":"https:\/\/teletrabajoynegocios.com\/telesecretarias\/wp-json\/wp\/v2\/posts\/6927\/revisions"}],"predecessor-version":[{"id":6929,"href":"https:\/\/teletrabajoynegocios.com\/telesecretarias\/wp-json\/wp\/v2\/posts\/6927\/revisions\/6929"}],"wp:featuredmedia":[{"embeddable":true,"href":"https:\/\/teletrabajoynegocios.com\/telesecretarias\/wp-json\/wp\/v2\/media\/6928"}],"wp:attachment":[{"href":"https:\/\/teletrabajoynegocios.com\/telesecretarias\/wp-json\/wp\/v2\/media?parent=6927"}],"wp:term":[{"taxonomy":"category","embeddable":true,"href":"https:\/\/teletrabajoynegocios.com\/telesecretarias\/wp-json\/wp\/v2\/categories?post=6927"},{"taxonomy":"post_tag","embeddable":true,"href":"https:\/\/teletrabajoynegocios.com\/telesecretarias\/wp-json\/wp\/v2\/tags?post=6927"}],"curies":[{"name":"wp","href":"https:\/\/api.w.org\/{rel}","templated":true}]}}