{"id":7194,"date":"2022-01-01T19:15:45","date_gmt":"2022-01-01T18:15:45","guid":{"rendered":"https:\/\/teletrabajoynegocios.com\/telesecretarias\/?p=7194"},"modified":"2022-01-10T19:25:23","modified_gmt":"2022-01-10T18:25:23","slug":"usa-google-calendar-como-agenda-personal","status":"publish","type":"post","link":"https:\/\/teletrabajoynegocios.com\/telesecretarias\/usa-google-calendar-como-agenda-personal\/","title":{"rendered":"Usa Google Calendar como agenda  personal"},"content":{"rendered":"<div id=\"telet-3919252302\" class=\"telet-antes-del-contenido telet-entity-placement\"><a href=\"https:\/\/quaderno.io\/?via=jose-manuel94\" aria-label=\"Quaderno General (Spanish) &#8211; 728&#215;90\"><img loading=\"lazy\" decoding=\"async\" src=\"https:\/\/teletrabajoynegocios.com\/telesecretarias\/wp-content\/uploads\/sites\/2\/2020\/11\/Quaderno-General-Spanish-728x90-1.png\" alt=\"\"  srcset=\"https:\/\/teletrabajoynegocios.com\/telesecretarias\/wp-content\/uploads\/sites\/2\/2020\/11\/Quaderno-General-Spanish-728x90-1.png 728w, https:\/\/teletrabajoynegocios.com\/telesecretarias\/wp-content\/uploads\/sites\/2\/2020\/11\/Quaderno-General-Spanish-728x90-1-300x37.png 300w\" sizes=\"(max-width: 728px) 100vw, 728px\" width=\"728\" height=\"90\"   \/><\/a><\/div><p><b>Google Calendar<\/b>\u00a0es una aplicaci\u00f3n muy \u00fatil para organizar el d\u00eda a d\u00eda.<\/p>\n<p>Tiene adem\u00e1s la gran ventaja de poder ser utilizada desde tu ordenador, o dispositivos m\u00f3viles.<\/p>\n<p>Podr\u00e1s mantener actualizadas tus citas, entrevistas, trabajos a entregar, cumplea\u00f1os, festivos vacaciones, etc.. al dedillo<\/p>\n<p>Esta herramienta suplanta a las conocidas\u00a0<a href=\"http:\/\/es.wikipedia.org\/wiki\/Agenda_personal\">agendas personales<\/a>\u00a0de toda la vida\u2026<\/p>\n<p>Que a su vez fueron reemplazadas por las\u00a0<a href=\"http:\/\/es.wikipedia.org\/wiki\/PDA\">PDA\u2019s<\/a>\u00a0aunque casi ni se not\u00f3, porque enseguida nos pasamos a\u00a0<a href=\"https:\/\/profesoradeinformatica.com\/vivir-en-la-nube-no-es-lo-mismo-que-vivir-en-las-nubes\/\">la nube<\/a><\/p>\n<p>S\u00ed, es incre\u00edble c\u00f3mo en poco tiempo hemos pasado del papel y l\u00e1piz<a href=\"https:\/\/profesoradeinformatica.com\/vivir-en-la-nube-no-es-lo-mismo-que-vivir-en-las-nubes\/\">, a vivir en \u201cla nube\u201d.<\/a><\/p>\n<p>Claro que no en el sentido que usaba mi abuela o mi madre que siempre me dec\u00edan vives en las nubes \u263a<\/p>\n<p>&nbsp;<\/p>\n<h2><span id=\"Por_que_usar_Google_Calendar\"><b>Por qu\u00e9 usar Google Calendar<\/b><\/span><\/h2>\n<p>&nbsp;<\/p>\n<p>Primero y principal:<\/p>\n<ul>\n<li>Querr\u00e1s tener control de tu tiempo.<\/li>\n<li>No perderte actividades.<\/li>\n<li>Llegar con puntualidad a tus citas.<\/li>\n<li>Controlar el calendario de actividades de tus hijos.<\/li>\n<li>No olvidarte nunca m\u00e1s de los cumplea\u00f1os<\/li>\n<li>Sentir la tranquilidad de recibir avisos sobre tus anotaciones a diario.<\/li>\n<li>Hacer que se te env\u00ede un aviso cuando tengas citas \u2026 con el tiempo de anticipaci\u00f3n que tu desees.<\/li>\n<li>Mantener una lista de tareas que tengas que hacer.<\/li>\n<\/ul>\n<p>En definitiva, no es s\u00f3lo una agenda, es una secretaria que te mantiene informado de tus actividades, citas y compromisos.<\/p>\n<p>Por si todo esto fuera poco, adem\u00e1s es totalmente gratis..<\/p>\n<hr \/>\n<p><img decoding=\"async\" src=\"https:\/\/teletrabajoynegocios.com\/teletrabajador\/wp-content\/uploads\/sites\/3\/2020\/07\/articulos.png\" \/><\/p>\n<div class=\"wp-rss-template-container\" data-wpra-template=\"default\" data-template-ctx=\"eyJ0ZW1wbGF0ZSI6IkRlZmF1bHQifQ==\">\n    <div class=\"wp-rss-aggregator wpra-list-template  \" data-page=\"1\">\n    \n    \n<ul class=\"wpra-item-list rss-aggregator wpra-item-list--bullets wpra-item-list--default\"\n    start=\"1\">\n                        <li class=\"wpra-item feed-item \">\n            \n            \n\n    <a  href=\"https:\/\/distritoemprendedores.com\/blog\/2026\/03\/16\/hello-world\/\" target=\"_blank\" rel=\"nofollow\" class=\"\">Hello world!<\/a>\n\n\n\n\n\n\n<div class=\"wprss-feed-meta\">\n            <span class=\"feed-source\">\n            Source:\n\n                            Distrito Emprendedores\n                    <\/span>\n    \n            <span class=\"feed-date\">\n            Published on 2026-03-16\n        <\/span>\n    \n    <\/div>\n\n\n\n\n\n            \n        <\/li>\n                    <li class=\"wpra-item feed-item \">\n            \n            \n\n    <a  href=\"https:\/\/www.dropbox.com\/scl\/fi\/b6csvpbfxu24vaezmo3es\/62bed0634df20e5ef35346439fdd423f_franquicias.pdf?rlkey=mfp2795s4n89mw35l0yeu2vl5&amp;e=2&amp;st=57kabuy0&amp;dl=0#new_tab\" target=\"_blank\" rel=\"nofollow\" class=\"\">Las franquicias espa\u00f1olas duplican su presencia en mercados for\u00e1neos<\/a>\n\n\n\n\n\n\n<div class=\"wprss-feed-meta\">\n            <span class=\"feed-source\">\n            Source:\n\n                            Distrito Emprendedores\n                    <\/span>\n    \n            <span class=\"feed-date\">\n            Published on 2026-03-11\n        <\/span>\n    \n    <\/div>\n\n\n\n\n\n            \n        <\/li>\n                    <li class=\"wpra-item feed-item \">\n            \n            \n\n    <a  href=\"https:\/\/distritoemprendedores.es\/blog\/5-errores-fatales-al-internacionalizar-tu-franquicia\/\" target=\"_blank\" rel=\"nofollow\" class=\"\">5 errores fatales al internacionalizar tu franquicia<\/a>\n\n\n\n\n\n\n<div class=\"wprss-feed-meta\">\n            <span class=\"feed-source\">\n            Source:\n\n                            Distrito Emprendedores\n                    <\/span>\n    \n            <span class=\"feed-date\">\n            Published on 2026-03-10\n        <\/span>\n    \n    <\/div>\n\n\n\n\n\n            \n        <\/li>\n                    <li class=\"wpra-item feed-item \">\n            \n            \n\n    <a  href=\"https:\/\/distritoemprendedores.es\/blog\/un-nuevo-prime-time-para-las-marcas-afterwork-tardeo-y-futbol-se-consolidan-como-los-grandes-motores-del-consumo-experiencial\/\" target=\"_blank\" rel=\"nofollow\" class=\"\">Un nuevo prime time para las marcas: afterwork, tardeo y f\u00fatbol se consolidan como los grandes motores del consumo experiencial<\/a>\n\n\n\n\n\n\n<div class=\"wprss-feed-meta\">\n            <span class=\"feed-source\">\n            Source:\n\n                            Distrito Emprendedores\n                    <\/span>\n    \n            <span class=\"feed-date\">\n            Published on 2026-03-09\n        <\/span>\n    \n    <\/div>\n\n\n\n\n\n            \n        <\/li>\n                    <li class=\"wpra-item feed-item \">\n            \n            \n\n    <a  href=\"https:\/\/distritoemprendedores.es\/blog\/la-ventaja-competitiva-esta-en-entender-como-pregunta-el-consumidor\/\" target=\"_blank\" rel=\"nofollow\" class=\"\">La ventaja competitiva est\u00e1 en entender c\u00f3mo pregunta el consumidor<\/a>\n\n\n\n\n\n\n<div class=\"wprss-feed-meta\">\n            <span class=\"feed-source\">\n            Source:\n\n                            Distrito Emprendedores\n                    <\/span>\n    \n            <span class=\"feed-date\">\n            Published on 2026-03-08\n        <\/span>\n    \n    <\/div>\n\n\n\n\n\n            \n        <\/li>\n                    <li class=\"wpra-item feed-item \">\n            \n            \n\n    <a  href=\"https:\/\/distritoemprendedores.es\/blog\/solo-el-7-de-los-espanoles-cree-a-las-marcas-cuando-comunican-sus-valores-con-hechos-demostrables\/\" target=\"_blank\" rel=\"nofollow\" class=\"\">Solo el 7% de los espa\u00f1oles cree a las marcas cuando comunican sus valores con hechos demostrables<\/a>\n\n\n\n\n\n\n<div class=\"wprss-feed-meta\">\n            <span class=\"feed-source\">\n            Source:\n\n                            Distrito Emprendedores\n                    <\/span>\n    \n            <span class=\"feed-date\">\n            Published on 2026-03-07\n        <\/span>\n    \n    <\/div>\n\n\n\n\n\n            \n        <\/li>\n                    <li class=\"wpra-item feed-item \">\n            \n            \n\n    <a  href=\"https:\/\/distritoemprendedores.es\/blog\/el-38-de-las-empresas-creadas-en-2019-ha-echado-ya-el-cierre\/\" target=\"_blank\" rel=\"nofollow\" class=\"\">El 38% de las empresas creadas en 2019 ha echado ya el cierre<\/a>\n\n\n\n\n\n\n<div class=\"wprss-feed-meta\">\n            <span class=\"feed-source\">\n            Source:\n\n                            Distrito Emprendedores\n                    <\/span>\n    \n            <span class=\"feed-date\">\n            Published on 2026-03-06\n        <\/span>\n    \n    <\/div>\n\n\n\n\n\n            \n        <\/li>\n                    <li class=\"wpra-item feed-item \">\n            \n            \n\n    <a  href=\"https:\/\/distritoemprendedores.es\/blog\/descubre-las-oportunidades-y-tendencias-en-el-mercado-de-la-franquicia-para-2026\/\" target=\"_blank\" rel=\"nofollow\" class=\"\">Descubre las oportunidades y tendencias en el mercado de la franquicia para 2026<\/a>\n\n\n\n\n\n\n<div class=\"wprss-feed-meta\">\n            <span class=\"feed-source\">\n            Source:\n\n                            Distrito Emprendedores\n                    <\/span>\n    \n            <span class=\"feed-date\">\n            Published on 2026-03-05\n        <\/span>\n    \n    <\/div>\n\n\n\n\n\n            \n        <\/li>\n                    <li class=\"wpra-item feed-item \">\n            \n            \n\n    <a  href=\"https:\/\/distritoemprendedores.es\/blog\/las-startups-de-salud-mas-punteras-del-mundo\/\" target=\"_blank\" rel=\"nofollow\" class=\"\">Las startups de salud m\u00e1s punteras del mundo<\/a>\n\n\n\n\n\n\n<div class=\"wprss-feed-meta\">\n            <span class=\"feed-source\">\n            Source:\n\n                            Distrito Emprendedores\n                    <\/span>\n    \n            <span class=\"feed-date\">\n            Published on 2026-03-04\n        <\/span>\n    \n    <\/div>\n\n\n\n\n\n            \n        <\/li>\n                    <li class=\"wpra-item feed-item \">\n            \n            \n\n    <a  href=\"https:\/\/distritoemprendedores.es\/blog\/puesta-en-marcha-de-un-negocio-primeros-pasos-para-validar-vender-y-controlar-la-tesoreria\/\" target=\"_blank\" rel=\"nofollow\" class=\"\">Puesta en marcha de un negocio: primeros pasos para validar, vender y controlar la tesorer\u00eda<\/a>\n\n\n\n\n\n\n<div class=\"wprss-feed-meta\">\n            <span class=\"feed-source\">\n            Source:\n\n                            Distrito Emprendedores\n                    <\/span>\n    \n            <span class=\"feed-date\">\n            Published on 2026-03-03\n        <\/span>\n    \n    <\/div>\n\n\n\n\n\n            \n        <\/li>\n                    <li class=\"wpra-item feed-item \">\n            \n            \n\n    <a  href=\"https:\/\/distritoemprendedores.es\/blog\/6-franquicias-sin-apenas-competencia-en-el-mercado\/\" target=\"_blank\" rel=\"nofollow\" class=\"\">6 franquicias sin apenas competencia en el mercado<\/a>\n\n\n\n\n\n\n<div class=\"wprss-feed-meta\">\n            <span class=\"feed-source\">\n            Source:\n\n                            Distrito Emprendedores\n                    <\/span>\n    \n            <span class=\"feed-date\">\n            Published on 2026-03-02\n        <\/span>\n    \n    <\/div>\n\n\n\n\n\n            \n        <\/li>\n                    <li class=\"wpra-item feed-item \">\n            \n            \n\n    <a  href=\"https:\/\/digistorage.es\/links\/71d78951-a420-4f5b-8de6-7b35ae7efc1c#new_tab\" target=\"_blank\" rel=\"nofollow\" class=\"\">Los algoritmos amenazan con filtrar las confesiones realizadas al abogado<\/a>\n\n\n\n\n\n\n<div class=\"wprss-feed-meta\">\n            <span class=\"feed-source\">\n            Source:\n\n                            Distrito Emprendedores\n                    <\/span>\n    \n            <span class=\"feed-date\">\n            Published on 2026-03-01\n        <\/span>\n    \n    <\/div>\n\n\n\n\n\n            \n        <\/li>\n                    <li class=\"wpra-item feed-item \">\n            \n            \n\n    <a  href=\"https:\/\/distritoemprendedores.es\/blog\/las-startups-que-mas-innovan-en-el-mundo\/\" target=\"_blank\" rel=\"nofollow\" class=\"\">Las startups que m\u00e1s innovan en el mundo<\/a>\n\n\n\n\n\n\n<div class=\"wprss-feed-meta\">\n            <span class=\"feed-source\">\n            Source:\n\n                            Distrito Emprendedores\n                    <\/span>\n    \n            <span class=\"feed-date\">\n            Published on 2026-02-28\n        <\/span>\n    \n    <\/div>\n\n\n\n\n\n            \n        <\/li>\n                    <li class=\"wpra-item feed-item \">\n            \n            \n\n    <a  href=\"https:\/\/distritoemprendedores.es\/blog\/tiktok-genera-31-000-millones-de-euros-para-las-empresas-europeas-y-3-000-millones-en-espana\/\" target=\"_blank\" rel=\"nofollow\" class=\"\">TikTok genera 31.000 millones de euros para las empresas europeas y 3.000 millones en Espa\u00f1a<\/a>\n\n\n\n\n\n\n<div class=\"wprss-feed-meta\">\n            <span class=\"feed-source\">\n            Source:\n\n                            Distrito Emprendedores\n                    <\/span>\n    \n            <span class=\"feed-date\">\n            Published on 2026-02-27\n        <\/span>\n    \n    <\/div>\n\n\n\n\n\n            \n        <\/li>\n                    <li class=\"wpra-item feed-item \">\n            \n            \n\n    <a  href=\"https:\/\/distritoemprendedores.es\/blog\/amazon-planea-un-marketplace-para-hacer-de-puente-entre-los-publishers-y-las-empresas-de-ia\/\" target=\"_blank\" rel=\"nofollow\" class=\"\">Amazon planea un \u00abmarketplace\u00bb para hacer de puente entre los \u00abpublishers\u00bb y las empresas de IA<\/a>\n\n\n\n\n\n\n<div class=\"wprss-feed-meta\">\n            <span class=\"feed-source\">\n            Source:\n\n                            Distrito Emprendedores\n                    <\/span>\n    \n            <span class=\"feed-date\">\n            Published on 2026-02-26\n        <\/span>\n    \n    <\/div>\n\n\n\n\n\n            \n        <\/li>\n        <\/ul>\n\n        \n<\/div>\n\n<\/div>\n\n<hr \/>\n<h2><span id=\"Consultar_tu_Calendario_donde_quieras\"><b>Consultar tu Calendario donde quieras<\/b><\/span><\/h2>\n<p>Una de las mejores utilidades de esta herramienta, es que puedes usarla tambi\u00e9n en tus dispositivos m\u00f3viles, tabletas, tel\u00e9fonos.<\/p>\n<p>Todo lo que actualices o crees en tus dispositivos, se sincroniza autom\u00e1ticamente y en forma sencilla con tu ordenador.<\/p>\n<p>Y si lo haces en tu ordenador ver\u00e1s reflejado en tu m\u00f3vil o tablet estas actualizaciones instant\u00e1neamente.<\/p>\n<h2><span id=\"Calendar_te_informa_tus_eventos_para_que_no_te_pierdas_ninguno\"><b>Calendar te informa \u00a0tus eventos para que no te pierdas ninguno<\/b><\/span><\/h2>\n<p><b>Google Calendar\u00a0<\/b>tiene un sistema de recordatorios que puedes configurar para que te lleguen los avisos de tus eventos, \u00a0como tu prefieras<\/p>\n<p>Quiz\u00e1 te resulte pr\u00e1ctico<\/p>\n<ul>\n<li>Una lista de tus eventos del d\u00eda.<\/li>\n<li>Que unos minutos antes de recuerde cada evento<\/li>\n<li>Que te informe por mail.<\/li>\n<li>O por ventanas emergentes en tu ordenador.<\/li>\n<\/ul>\n<h2><span id=\"Mantener_listas_de_tareas_con_Google_Calendar\"><b>Mantener listas de tareas con Google Calendar<\/b><\/span><\/h2>\n<p><strong>\u00a0<\/strong><b>Google Calendar<\/b>\u00a0tambi\u00e9n te brinda la posibilidad de llevar\u00a0<b>listas de tareas<\/b>.<\/p>\n<p>Si no quieres vivir bajo estr\u00e9s permanente es conveniente no anotar tareas en tu calendario.<\/p>\n<p>Si anotas tareas en el calendario.<\/p>\n<ul>\n<li>Tienes una sensaci\u00f3n de urgencia.<\/li>\n<li>Nunca sabes exactamente cuanto tiempo te llevar\u00e1 cumplir con cada tarea.<\/li>\n<li>Es probable que la tareas que tienes anotada en calendario no se pueda cumplir por alg\u00fan factor externo a t\u00ed.<\/li>\n<li>O porque sencillamente no te encuentras con deseos de hacerla en ese momento..<\/li>\n<li>Cada vez que \u00a0no cumples una tarea en el tiempo que le hab\u00edas asignado tienes que reprogramar calendario, \u00a0con la consiguiente frustraci\u00f3n que te llevas\u2026<\/li>\n<\/ul>\n<p>Entonces te recomiendo utilizar la creaci\u00f3n de tareas en tu\u00a0<b>Calendar<\/b><\/p>\n<p>&nbsp;<\/p>\n<h2><span id=\"Conclusiones\"><b>Conclusiones<\/b><\/span><\/h2>\n<p><strong>\u00a0<\/strong>En definitiva\u00a0<b>Google Calendar<\/b>\u00a0te brinda muchas posibilidades de uso.<\/p>\n<p>Te recomiendo que si a\u00fan no la usas, la investigues un poco y la empieces a usar.<\/p>\n<p>Yo creo que usar\u00a0<b>Google Calenda<\/b>r como agenda personal es un claro beneficio que me aporta el uso de \u00a0las\u00a0<b>nuevas tecnolog\u00edas<\/b><\/p>\n<p>Ahora cu\u00e9ntame:<\/p>\n<p>\u00bfConoc\u00edas esta herramienta?<\/p>\n<p>\u00bfTe parece pr\u00e1ctica?<\/p>\n<p>\u00bfLa usas de alguna forma en particular?<\/p>\n<div id=\"telet-2286260060\" class=\"telet-despues-del-contenido telet-entity-placement\"><a target=\"_blank\" href=\"\/\/aff.lucushost.com\/resources\/click\/?n=gDxoXMAJ&aff=756\"><img decoding=\"async\" border=\"0\" alt=\"LucusHost, el mejor hosting\" src=\"\/\/aff.lucushost.com\/resources\/banners\/?zoneid=5123&n=gDxoXMAJ&aff=756\" \/><\/a><\/div>","protected":false},"excerpt":{"rendered":"<p>Google Calendar\u00a0es una aplicaci\u00f3n muy \u00fatil para organizar el d\u00eda a d\u00eda. Tiene adem\u00e1s la gran ventaja de poder ser utilizada desde tu ordenador, o dispositivos m\u00f3viles. Podr\u00e1s mantener actualizadas&hellip; <\/p>\n","protected":false},"author":1,"featured_media":1445,"comment_status":"open","ping_status":"open","sticky":false,"template":"","format":"standard","meta":{"_jetpack_memberships_contains_paid_content":false,"footnotes":"","_links_to":"","_links_to_target":""},"categories":[9],"tags":[15,14],"class_list":["post-7194","post","type-post","status-publish","format-standard","has-post-thumbnail","hentry","category-ofimatica","tag-fuprisa","tag-jose-manuel-fuentes-prieto"],"nelio_content":{"autoShareEndMode":"never","automationSources":{"useCustomSentences":false,"customSentences":[]},"efiAlt":"","efiUrl":"","followers":[1],"highlights":[],"isAutoShareEnabled":true,"networkImageIds":[],"permalinkQueryArgs":[],"series":[],"suggestedReferences":[]},"jetpack_featured_media_url":"https:\/\/teletrabajoynegocios.com\/telesecretarias\/wp-content\/uploads\/sites\/2\/2020\/07\/mujer-ordenador.jpg","jetpack_sharing_enabled":true,"_links":{"self":[{"href":"https:\/\/teletrabajoynegocios.com\/telesecretarias\/wp-json\/wp\/v2\/posts\/7194","targetHints":{"allow":["GET"]}}],"collection":[{"href":"https:\/\/teletrabajoynegocios.com\/telesecretarias\/wp-json\/wp\/v2\/posts"}],"about":[{"href":"https:\/\/teletrabajoynegocios.com\/telesecretarias\/wp-json\/wp\/v2\/types\/post"}],"author":[{"embeddable":true,"href":"https:\/\/teletrabajoynegocios.com\/telesecretarias\/wp-json\/wp\/v2\/users\/1"}],"replies":[{"embeddable":true,"href":"https:\/\/teletrabajoynegocios.com\/telesecretarias\/wp-json\/wp\/v2\/comments?post=7194"}],"version-history":[{"count":3,"href":"https:\/\/teletrabajoynegocios.com\/telesecretarias\/wp-json\/wp\/v2\/posts\/7194\/revisions"}],"predecessor-version":[{"id":7201,"href":"https:\/\/teletrabajoynegocios.com\/telesecretarias\/wp-json\/wp\/v2\/posts\/7194\/revisions\/7201"}],"wp:featuredmedia":[{"embeddable":true,"href":"https:\/\/teletrabajoynegocios.com\/telesecretarias\/wp-json\/wp\/v2\/media\/1445"}],"wp:attachment":[{"href":"https:\/\/teletrabajoynegocios.com\/telesecretarias\/wp-json\/wp\/v2\/media?parent=7194"}],"wp:term":[{"taxonomy":"category","embeddable":true,"href":"https:\/\/teletrabajoynegocios.com\/telesecretarias\/wp-json\/wp\/v2\/categories?post=7194"},{"taxonomy":"post_tag","embeddable":true,"href":"https:\/\/teletrabajoynegocios.com\/telesecretarias\/wp-json\/wp\/v2\/tags?post=7194"}],"curies":[{"name":"wp","href":"https:\/\/api.w.org\/{rel}","templated":true}]}}