{"id":7202,"date":"2022-01-02T19:26:09","date_gmt":"2022-01-02T18:26:09","guid":{"rendered":"https:\/\/teletrabajoynegocios.com\/telesecretarias\/?p=7202"},"modified":"2022-01-10T19:37:35","modified_gmt":"2022-01-10T18:37:35","slug":"como-administrar-una-pagina-de-facebook-de-forma-profesional","status":"publish","type":"post","link":"https:\/\/teletrabajoynegocios.com\/telesecretarias\/como-administrar-una-pagina-de-facebook-de-forma-profesional\/","title":{"rendered":"C\u00f3mo Administrar Una P\u00e1gina De Facebook De Forma Profesional"},"content":{"rendered":"<div id=\"telet-2962527018\" class=\"telet-antes-del-contenido telet-entity-placement\"><a href=\"https:\/\/quaderno.io\/?via=jose-manuel94\" aria-label=\"Quaderno General (Spanish) &#8211; 728&#215;90\"><img loading=\"lazy\" decoding=\"async\" src=\"https:\/\/teletrabajoynegocios.com\/telesecretarias\/wp-content\/uploads\/sites\/2\/2020\/11\/Quaderno-General-Spanish-728x90-1.png\" alt=\"\"  srcset=\"https:\/\/teletrabajoynegocios.com\/telesecretarias\/wp-content\/uploads\/sites\/2\/2020\/11\/Quaderno-General-Spanish-728x90-1.png 728w, https:\/\/teletrabajoynegocios.com\/telesecretarias\/wp-content\/uploads\/sites\/2\/2020\/11\/Quaderno-General-Spanish-728x90-1-300x37.png 300w\" sizes=\"(max-width: 728px) 100vw, 728px\" width=\"728\" height=\"90\"   \/><\/a><\/div><p><strong>Administrar una p\u00e1gina de Facebook de forma profesional no es una tarea nada sencilla<\/strong>, y menos hoy en d\u00eda con tanto cambio de algor\u00edtmo.<\/p>\n<p>Hace unos a\u00f1os gestionar una Fanpage era m\u00e1s sencillo a nivel de alcance org\u00e1nico.<\/p>\n<p>Ahora tenemos que ser m\u00e1s creativos y crear un tipo de contenido todav\u00eda m\u00e1s enfocado a nuestro p\u00fablico objetivo.<\/p>\n<p>Publicar por publicar en Facebook es tirar el dinero y perder el tiempo, necesitamos crear una estrategia.<\/p>\n<p>Adem\u00e1s, no te olvides que Facebook sigue siendo la red social m\u00e1s importante hasta el momento, por lo que a la hora de hacer tu\u00a0<a href=\"https:\/\/escuela.marketingandweb.es\/que-es-un-plan-de-marketing-digital\/\" target=\"_blank\" rel=\"noopener noreferrer\"><strong>plan de marketing digital<\/strong><\/a>\u00a0deber\u00e1s de concretar qu\u00e9 objetivos quieres alcanzar con esta red social.<\/p>\n<p>Pero no te preocupes, porque a lo largo de este art\u00edculo vamos a ver c<strong>\u00f3mo administrar una p\u00e1gina de Facebook para una empresa de forma profesional<\/strong>.<\/p>\n<hr \/>\n<p><img decoding=\"async\" src=\"https:\/\/teletrabajoynegocios.com\/teletrabajador\/wp-content\/uploads\/sites\/3\/2020\/07\/articulos.png\" \/><\/p>\n<div class=\"wp-rss-template-container\" data-wpra-template=\"default\" data-template-ctx=\"eyJ0ZW1wbGF0ZSI6IkRlZmF1bHQifQ==\">\n    <div class=\"wp-rss-aggregator wpra-list-template  \" data-page=\"1\">\n    \n    \n<ul class=\"wpra-item-list rss-aggregator wpra-item-list--bullets wpra-item-list--default\"\n    start=\"1\">\n                        <li class=\"wpra-item feed-item \">\n            \n            \n\n    <a  href=\"https:\/\/distritoemprendedores.com\/blog\/2026\/03\/16\/hello-world\/\" target=\"_blank\" rel=\"nofollow\" class=\"\">Hello world!<\/a>\n\n\n\n\n\n\n<div class=\"wprss-feed-meta\">\n            <span class=\"feed-source\">\n            Source:\n\n                            Distrito Emprendedores\n                    <\/span>\n    \n            <span class=\"feed-date\">\n            Published on 2026-03-16\n        <\/span>\n    \n    <\/div>\n\n\n\n\n\n            \n        <\/li>\n                    <li class=\"wpra-item feed-item \">\n            \n            \n\n    <a  href=\"https:\/\/www.dropbox.com\/scl\/fi\/b6csvpbfxu24vaezmo3es\/62bed0634df20e5ef35346439fdd423f_franquicias.pdf?rlkey=mfp2795s4n89mw35l0yeu2vl5&amp;e=2&amp;st=57kabuy0&amp;dl=0#new_tab\" target=\"_blank\" rel=\"nofollow\" class=\"\">Las franquicias espa\u00f1olas duplican su presencia en mercados for\u00e1neos<\/a>\n\n\n\n\n\n\n<div class=\"wprss-feed-meta\">\n            <span class=\"feed-source\">\n            Source:\n\n                            Distrito Emprendedores\n                    <\/span>\n    \n            <span class=\"feed-date\">\n            Published on 2026-03-11\n        <\/span>\n    \n    <\/div>\n\n\n\n\n\n            \n        <\/li>\n                    <li class=\"wpra-item feed-item \">\n            \n            \n\n    <a  href=\"https:\/\/distritoemprendedores.es\/blog\/5-errores-fatales-al-internacionalizar-tu-franquicia\/\" target=\"_blank\" rel=\"nofollow\" class=\"\">5 errores fatales al internacionalizar tu franquicia<\/a>\n\n\n\n\n\n\n<div class=\"wprss-feed-meta\">\n            <span class=\"feed-source\">\n            Source:\n\n                            Distrito Emprendedores\n                    <\/span>\n    \n            <span class=\"feed-date\">\n            Published on 2026-03-10\n        <\/span>\n    \n    <\/div>\n\n\n\n\n\n            \n        <\/li>\n                    <li class=\"wpra-item feed-item \">\n            \n            \n\n    <a  href=\"https:\/\/distritoemprendedores.es\/blog\/un-nuevo-prime-time-para-las-marcas-afterwork-tardeo-y-futbol-se-consolidan-como-los-grandes-motores-del-consumo-experiencial\/\" target=\"_blank\" rel=\"nofollow\" class=\"\">Un nuevo prime time para las marcas: afterwork, tardeo y f\u00fatbol se consolidan como los grandes motores del consumo experiencial<\/a>\n\n\n\n\n\n\n<div class=\"wprss-feed-meta\">\n            <span class=\"feed-source\">\n            Source:\n\n                            Distrito Emprendedores\n                    <\/span>\n    \n            <span class=\"feed-date\">\n            Published on 2026-03-09\n        <\/span>\n    \n    <\/div>\n\n\n\n\n\n            \n        <\/li>\n                    <li class=\"wpra-item feed-item \">\n            \n            \n\n    <a  href=\"https:\/\/distritoemprendedores.es\/blog\/la-ventaja-competitiva-esta-en-entender-como-pregunta-el-consumidor\/\" target=\"_blank\" rel=\"nofollow\" class=\"\">La ventaja competitiva est\u00e1 en entender c\u00f3mo pregunta el consumidor<\/a>\n\n\n\n\n\n\n<div class=\"wprss-feed-meta\">\n            <span class=\"feed-source\">\n            Source:\n\n                            Distrito Emprendedores\n                    <\/span>\n    \n            <span class=\"feed-date\">\n            Published on 2026-03-08\n        <\/span>\n    \n    <\/div>\n\n\n\n\n\n            \n        <\/li>\n                    <li class=\"wpra-item feed-item \">\n            \n            \n\n    <a  href=\"https:\/\/distritoemprendedores.es\/blog\/solo-el-7-de-los-espanoles-cree-a-las-marcas-cuando-comunican-sus-valores-con-hechos-demostrables\/\" target=\"_blank\" rel=\"nofollow\" class=\"\">Solo el 7% de los espa\u00f1oles cree a las marcas cuando comunican sus valores con hechos demostrables<\/a>\n\n\n\n\n\n\n<div class=\"wprss-feed-meta\">\n            <span class=\"feed-source\">\n            Source:\n\n                            Distrito Emprendedores\n                    <\/span>\n    \n            <span class=\"feed-date\">\n            Published on 2026-03-07\n        <\/span>\n    \n    <\/div>\n\n\n\n\n\n            \n        <\/li>\n                    <li class=\"wpra-item feed-item \">\n            \n            \n\n    <a  href=\"https:\/\/distritoemprendedores.es\/blog\/el-38-de-las-empresas-creadas-en-2019-ha-echado-ya-el-cierre\/\" target=\"_blank\" rel=\"nofollow\" class=\"\">El 38% de las empresas creadas en 2019 ha echado ya el cierre<\/a>\n\n\n\n\n\n\n<div class=\"wprss-feed-meta\">\n            <span class=\"feed-source\">\n            Source:\n\n                            Distrito Emprendedores\n                    <\/span>\n    \n            <span class=\"feed-date\">\n            Published on 2026-03-06\n        <\/span>\n    \n    <\/div>\n\n\n\n\n\n            \n        <\/li>\n                    <li class=\"wpra-item feed-item \">\n            \n            \n\n    <a  href=\"https:\/\/distritoemprendedores.es\/blog\/descubre-las-oportunidades-y-tendencias-en-el-mercado-de-la-franquicia-para-2026\/\" target=\"_blank\" rel=\"nofollow\" class=\"\">Descubre las oportunidades y tendencias en el mercado de la franquicia para 2026<\/a>\n\n\n\n\n\n\n<div class=\"wprss-feed-meta\">\n            <span class=\"feed-source\">\n            Source:\n\n                            Distrito Emprendedores\n                    <\/span>\n    \n            <span class=\"feed-date\">\n            Published on 2026-03-05\n        <\/span>\n    \n    <\/div>\n\n\n\n\n\n            \n        <\/li>\n                    <li class=\"wpra-item feed-item \">\n            \n            \n\n    <a  href=\"https:\/\/distritoemprendedores.es\/blog\/las-startups-de-salud-mas-punteras-del-mundo\/\" target=\"_blank\" rel=\"nofollow\" class=\"\">Las startups de salud m\u00e1s punteras del mundo<\/a>\n\n\n\n\n\n\n<div class=\"wprss-feed-meta\">\n            <span class=\"feed-source\">\n            Source:\n\n                            Distrito Emprendedores\n                    <\/span>\n    \n            <span class=\"feed-date\">\n            Published on 2026-03-04\n        <\/span>\n    \n    <\/div>\n\n\n\n\n\n            \n        <\/li>\n                    <li class=\"wpra-item feed-item \">\n            \n            \n\n    <a  href=\"https:\/\/distritoemprendedores.es\/blog\/puesta-en-marcha-de-un-negocio-primeros-pasos-para-validar-vender-y-controlar-la-tesoreria\/\" target=\"_blank\" rel=\"nofollow\" class=\"\">Puesta en marcha de un negocio: primeros pasos para validar, vender y controlar la tesorer\u00eda<\/a>\n\n\n\n\n\n\n<div class=\"wprss-feed-meta\">\n            <span class=\"feed-source\">\n            Source:\n\n                            Distrito Emprendedores\n                    <\/span>\n    \n            <span class=\"feed-date\">\n            Published on 2026-03-03\n        <\/span>\n    \n    <\/div>\n\n\n\n\n\n            \n        <\/li>\n                    <li class=\"wpra-item feed-item \">\n            \n            \n\n    <a  href=\"https:\/\/distritoemprendedores.es\/blog\/6-franquicias-sin-apenas-competencia-en-el-mercado\/\" target=\"_blank\" rel=\"nofollow\" class=\"\">6 franquicias sin apenas competencia en el mercado<\/a>\n\n\n\n\n\n\n<div class=\"wprss-feed-meta\">\n            <span class=\"feed-source\">\n            Source:\n\n                            Distrito Emprendedores\n                    <\/span>\n    \n            <span class=\"feed-date\">\n            Published on 2026-03-02\n        <\/span>\n    \n    <\/div>\n\n\n\n\n\n            \n        <\/li>\n                    <li class=\"wpra-item feed-item \">\n            \n            \n\n    <a  href=\"https:\/\/digistorage.es\/links\/71d78951-a420-4f5b-8de6-7b35ae7efc1c#new_tab\" target=\"_blank\" rel=\"nofollow\" class=\"\">Los algoritmos amenazan con filtrar las confesiones realizadas al abogado<\/a>\n\n\n\n\n\n\n<div class=\"wprss-feed-meta\">\n            <span class=\"feed-source\">\n            Source:\n\n                            Distrito Emprendedores\n                    <\/span>\n    \n            <span class=\"feed-date\">\n            Published on 2026-03-01\n        <\/span>\n    \n    <\/div>\n\n\n\n\n\n            \n        <\/li>\n                    <li class=\"wpra-item feed-item \">\n            \n            \n\n    <a  href=\"https:\/\/distritoemprendedores.es\/blog\/las-startups-que-mas-innovan-en-el-mundo\/\" target=\"_blank\" rel=\"nofollow\" class=\"\">Las startups que m\u00e1s innovan en el mundo<\/a>\n\n\n\n\n\n\n<div class=\"wprss-feed-meta\">\n            <span class=\"feed-source\">\n            Source:\n\n                            Distrito Emprendedores\n                    <\/span>\n    \n            <span class=\"feed-date\">\n            Published on 2026-02-28\n        <\/span>\n    \n    <\/div>\n\n\n\n\n\n            \n        <\/li>\n                    <li class=\"wpra-item feed-item \">\n            \n            \n\n    <a  href=\"https:\/\/distritoemprendedores.es\/blog\/tiktok-genera-31-000-millones-de-euros-para-las-empresas-europeas-y-3-000-millones-en-espana\/\" target=\"_blank\" rel=\"nofollow\" class=\"\">TikTok genera 31.000 millones de euros para las empresas europeas y 3.000 millones en Espa\u00f1a<\/a>\n\n\n\n\n\n\n<div class=\"wprss-feed-meta\">\n            <span class=\"feed-source\">\n            Source:\n\n                            Distrito Emprendedores\n                    <\/span>\n    \n            <span class=\"feed-date\">\n            Published on 2026-02-27\n        <\/span>\n    \n    <\/div>\n\n\n\n\n\n            \n        <\/li>\n                    <li class=\"wpra-item feed-item \">\n            \n            \n\n    <a  href=\"https:\/\/distritoemprendedores.es\/blog\/amazon-planea-un-marketplace-para-hacer-de-puente-entre-los-publishers-y-las-empresas-de-ia\/\" target=\"_blank\" rel=\"nofollow\" class=\"\">Amazon planea un \u00abmarketplace\u00bb para hacer de puente entre los \u00abpublishers\u00bb y las empresas de IA<\/a>\n\n\n\n\n\n\n<div class=\"wprss-feed-meta\">\n            <span class=\"feed-source\">\n            Source:\n\n                            Distrito Emprendedores\n                    <\/span>\n    \n            <span class=\"feed-date\">\n            Published on 2026-02-26\n        <\/span>\n    \n    <\/div>\n\n\n\n\n\n            \n        <\/li>\n        <\/ul>\n\n        \n<\/div>\n\n<\/div>\n\n<hr \/>\n<h2><strong>\u00bfQu\u00e9 es Facebook y para qu\u00e9 sirve?<\/strong><\/h2>\n<p>\u00bfQui\u00e9n no ha o\u00eddo hablar hoy en d\u00eda de Facebook?<\/p>\n<p>Personas de todas las edades saben qu\u00e9 es Facebook, es m\u00e1s, son usuarios activos de la red social m\u00e1s popular; interact\u00faan usuarios tanto j\u00f3venes como mayores y es la \u00a0social networks l\u00edder indiscutible en n\u00famero de internautas si hablamos de plataformas sociales a nivel global.<\/p>\n<p>Es la red reina en Espa\u00f1a, ya que a d\u00eda de hoy cuenta con\u00a0<strong>23 millones de usuarios en nuestro pa\u00eds<\/strong>, 10 a\u00f1os desde el lanzamiento de su plataforma traducida al espa\u00f1ol.<\/p>\n<p>Seg\u00fan las estad\u00edsticas de \u00a0We Are Social y Hootsuite, Facebook tiene\u00a0<strong>2,167 millones de usuarios activos cada mes<\/strong>.<\/p>\n<p>Sin embargo,\u00a0<strong>muchos entendidos en la materia se\u00f1alan que Facebook\u00a0podr\u00eda empezar a perder popularidad<\/strong>, sobre todo en el sector m\u00e1s joven de la poblaci\u00f3n.<\/p>\n<p>A principios de a\u00f1o Facebook hab\u00eda perdido por primera vez en su historia n\u00famero de usuarios en dos de los territorios con m\u00e1s fuerza, EE.UU. y Canad\u00e1.<\/p>\n<p>Algunos expertos creen que la raz\u00f3n por la que Facebook ha logrado mantener la cantidad de usuarios al alza a nivel mundial, es porque cada vez hay m\u00e1s personas mayores de 50 a\u00f1os.<\/p>\n<p>Que curiosamente se est\u00e1n convirtiendo en la segunda poblaci\u00f3n demogr\u00e1fica m\u00e1s importante en Facebook.<\/p>\n<p>Por el contrario los m\u00e1s j\u00f3venes, principalmente los adolescentes est\u00e1n migrando a Snapchat o\u00a0<a href=\"https:\/\/www.marketingandweb.es\/marketing\/como-crear-una-cuenta-en-instagram\/\" target=\"_blank\" rel=\"noopener noreferrer\"><strong>Instagram<\/strong><\/a>.<\/p>\n<p>A\u00fan as\u00ed, es \u00a0incuestionable,\u00a0que\u00a0<strong>Facebook sigue siendo la red social dominante en casi todo el mundo<\/strong>\u00a0y continuar\u00e1 su reinado de mayor cantidad de usuarios por alg\u00fan tiempo m\u00e1s.<\/p>\n<p>Facebook es una<strong>\u00a0red social gratuita<\/strong>\u00a0fundada en 2004 por Mark Zuckerberg, un joven de 19 a\u00f1os,\u00a0que originalmente cre\u00f3 un sitio web \u00abthefacebook.com\u00bb.<\/p>\n<p>TheFacebook.com estaba destinado inicialmente para los estudiantes de la universidad estadounidense de\u00a0Harvard.<\/p>\n<p>Y estaba basada en nexos comunes y la idea gr\u00e1fica de los \u00ablibros de caras\u00bb que se suelen elaborar al final de los cursos de graduaci\u00f3n.<\/p>\n<p>En su primer mes de funcionamiento Facebook contaba con la suscripci\u00f3n de m\u00e1s de la mitad de los estudiantes de Harvard, y se expandi\u00f3 luego a otras universidades.<\/p>\n<p>Un a\u00f1o despu\u00e9s, Facebook ten\u00eda m\u00e1s de un mill\u00f3n de usuarios.<\/p>\n<p>Actualmente est\u00e1\u00a0<strong>abierto a cualquier persona<\/strong>\u00a0que tenga una cuenta de correo electr\u00f3nico.<\/p>\n<p><strong>La mayor\u00eda de los usuarios de Facebook\u00a0utilizan la red para compartir fotos<\/strong>; estar informados o \u00a0ser miembros activos de una comunidad real.<\/p>\n<p>Si\u00a0<strong>gestionas la fan page de una empresa<\/strong>, tienes la posibilidad de\u00a0<strong>dar visibilidad a tu marca; promocionar tus servicios y\/o productos y generar tr\u00e1fico a tu sitio web<\/strong>.<\/p>\n<p>Igualmente, te servir\u00e1 como canal de comunicaci\u00f3n con tus clientes, pues podr\u00e1s interactuar con los mismos, conocer y fidelizar a potenciales clientes.<\/p>\n<h2><strong>Diferencias entre perfil personal y p\u00e1gina de empresa<\/strong><\/h2>\n<p><a href=\"https:\/\/teletrabajoynegocios.com\/telesecretarias\/wp-content\/uploads\/sites\/2\/2022\/01\/diferencias-perfil-personal-pagina-facebook-1.png\"><img loading=\"lazy\" decoding=\"async\" class=\"size-full wp-image-7203 aligncenter\" src=\"https:\/\/teletrabajoynegocios.com\/telesecretarias\/wp-content\/uploads\/sites\/2\/2022\/01\/diferencias-perfil-personal-pagina-facebook-1.png\" alt=\"\" width=\"800\" height=\"2000\" srcset=\"https:\/\/teletrabajoynegocios.com\/telesecretarias\/wp-content\/uploads\/sites\/2\/2022\/01\/diferencias-perfil-personal-pagina-facebook-1.png 800w, https:\/\/teletrabajoynegocios.com\/telesecretarias\/wp-content\/uploads\/sites\/2\/2022\/01\/diferencias-perfil-personal-pagina-facebook-1-120x300.png 120w, https:\/\/teletrabajoynegocios.com\/telesecretarias\/wp-content\/uploads\/sites\/2\/2022\/01\/diferencias-perfil-personal-pagina-facebook-1-410x1024.png 410w, https:\/\/teletrabajoynegocios.com\/telesecretarias\/wp-content\/uploads\/sites\/2\/2022\/01\/diferencias-perfil-personal-pagina-facebook-1-768x1920.png 768w, https:\/\/teletrabajoynegocios.com\/telesecretarias\/wp-content\/uploads\/sites\/2\/2022\/01\/diferencias-perfil-personal-pagina-facebook-1-614x1536.png 614w\" sizes=\"auto, (max-width: 800px) 100vw, 800px\" \/><\/a><\/p>\n<p>Un perfil de una persona en Facebook no es lo mismo que una p\u00e1gina de empresa en esta red social.<\/p>\n<p>Hay que saber diferenciar lo personal y privado de lo profesional y p\u00fablico.<\/p>\n<p>Lo primero que hay que tener en cuenta si eres una empresa y quieres administrar una p\u00e1gina de Facebook, es que hay que distinguir entre perfil personal y p\u00e1gina de empresa de empresa en Facebook.<\/p>\n<p>Un<strong>\u00a0perfil personal<\/strong>\u00a0lo utilizamos de\u00a0<strong>forma privada<\/strong>.<\/p>\n<p>Podemos solicitar la amistad de alguien y confirmar la misma si alguien te env\u00eda una solicitud de amistad.<\/p>\n<p>En una\u00a0<strong>p\u00e1gina de empresa<\/strong>, te puede seguir cualquier persona, sin tener que aceptar o solicitar amistad.<\/p>\n<p>El\u00a0<strong>m\u00e1ximo de amigos que puedes tener en un perfil personal es de 5.000<\/strong>.<\/p>\n<p>En cambio en una fan page (que es como tambi\u00e9n se denomina una p\u00e1gina de empresa en Facebook) el n\u00famero de seguidores o fans es ilimitado.<\/p>\n<p>Una p\u00e1gina de empresa tambi\u00e9n permite tener informaci\u00f3n general del rendimiento de tu p\u00e1gina durante los \u00faltimos siete d\u00edas consultando las\u00a0<strong>estad\u00edsticas<\/strong>\u00a0de la misma.<\/p>\n<div class=\"su-note\">\n<div class=\"su-note-inner su-u-clearfix su-u-trim\">Puedes conocer acciones, visitas, vistas previas, \u201cme gusta\u201d de la p\u00e1gina, alcance, recomendaciones, interacciones con la publicaci\u00f3n, las reproducciones totales de v\u00eddeos publicados y seguidores de la p\u00e1gina.<\/div>\n<\/div>\n<p>Gracias a estas estad\u00edsticas estableceremos los gustos e intereses de nuestro p\u00fablico objetivo.<\/p>\n<p>Facebook cuenta con una poderos\u00edsima<strong>\u00a0plataforma publicitaria<\/strong>\u00a0con un sinf\u00edn de opciones, lo que te permitir\u00e1 crear campa\u00f1as y anuncios para tu empresa, y por consecuencia promocionar tus productos, servicios o publicaciones.<\/p>\n<p>Y por \u00faltimo una fan page es\u00a0f\u00e1cilmente indexada por Google y te ayudar\u00e1 a posicionar tu negocio entre los primeros resultados de\u00a0b\u00fasqueda.<\/p>\n<h2><span id=\"Como_configurar_una_pagina_de_empresa_en_Facebook\" class=\"ez-toc-section\"><\/span><strong>C\u00f3mo configurar una p\u00e1gina de empresa en Facebook<\/strong><\/h2>\n<p>Si tienes un negocio o eres un community manager y quieres crear una p\u00e1gina de empresa o fan page, lo primero que tendr\u00e1s que hacer, si no lo tienes ya, es un perfil personal en Facebook para asociarlo a tu p\u00e1gina de empresa.<\/p>\n<p>A partir de tu perfil personal podr\u00e1s crear f\u00e1cilmente la p\u00e1gina de tu empresa, negocio o marca.<\/p>\n<p>En la parte de arriba a la derecha en configuraci\u00f3n despliega una flechita y una de las opciones que te aparecer\u00e1 ser\u00e1 la de\u00a0<strong>Crear p\u00e1gina<\/strong>.<\/p>\n<p>&nbsp;<\/p>\n<p>Puedes elegir entre las siguientes opciones:<\/p>\n<div class=\"su-list\">\n<ul>\n<li><i class=\"sui sui-arrow-right\"><\/i>Lugar o negocio local.<\/li>\n<li><i class=\"sui sui-arrow-right\"><\/i>Empresa, organizaci\u00f3n o instituci\u00f3n.<\/li>\n<li><i class=\"sui sui-arrow-right\"><\/i>Marca o producto.<\/li>\n<li><i class=\"sui sui-arrow-right\"><\/i>Artista, grupo de m\u00fasica o personaje p\u00fablico.<\/li>\n<li><i class=\"sui sui-arrow-right\"><\/i>Entretenimiento<\/li>\n<li><i class=\"sui sui-arrow-right\"><\/i>Causa o comunidad<\/li>\n<\/ul>\n<p>Una vez elegida la p\u00e1gina que quieres confeccionar, tendr\u00e1s que seleccionar una\u00a0<strong>categor\u00eda<\/strong>, relacionada con el \u00e1mbito de tu empresa o negocio.<\/p>\n<p>Y darle un\u00a0<strong>nombre<\/strong>, que l\u00f3gicamente ser\u00e1 el nombre de tu empresa o negocio.<\/p>\n<p>Y a continuaci\u00f3n tan sencillo como cliquear en Empezar.<\/p>\n<p>Lo primero que tendr\u00e1s que hacer es dise\u00f1ar tu fan page a tu gusto.<\/p>\n<p>\u27a1\u00a0Para ello tendr\u00e1s que incluir una\u00a0<strong>foto de perfil<\/strong>, que normalmente ser\u00e1 el logo de tu empresa o negocio y que deber\u00e1 tener unas dimensiones de\u00a0<strong>180\u00d7180 p\u00edxeles<\/strong>.<\/p>\n<p>Sin embargo se mostrar\u00e1 con una resoluci\u00f3n de 170\u00d7170 p\u00edxeles en ordenadores y 128\u00d7128 en smartphones.<\/p>\n<p>\u27a1\u00a0A continuaci\u00f3n, tendr\u00e1s que a\u00f1adir una\u00a0<strong>foto de portada<\/strong>.<\/p>\n<p>Ten en cuenta, que cuando alguien visite tu p\u00e1gina lo primero que ver\u00e1 ser\u00e1 tu foto de portada.<\/p>\n<p>Por lo que debe ser una imagen atractiva, profesional y diferenciadora, siempre, eso s\u00ed, representativa de tu marca o empresa.<\/p>\n<p>Elige una fotograf\u00eda que represente los valores o identidad de tu empresa.<\/p>\n<p>Que transmita cercan\u00eda, que genere un clima de confianza con tu p\u00fablico objetivo, y por consiguiente crear\u00e1s un gran impacto en los mismos.<\/p>\n<p>La\u00a0<strong>foto de portada<\/strong>\u00a0deber ser actual y es recomendable cambiarla cada cierto tiempo.<\/p>\n<p>\u27a1\u00a0Las dimensiones de la foto de portada deben ser de\u00a0<strong>851\u00d715 p\u00edxeles<\/strong>\u00a0y de alta calidad.<\/p>\n<p>Lo m\u00e1s recomendable para subir las fotos tanto de perfil como de portada ser\u00e1 en formato png.<\/p>\n<p>Ahora, adem\u00e1s en las fotos de portada\u00a0<strong>se puede incluir un v\u00eddeo o una presentaci\u00f3n<\/strong>, lo que hace que tengamos la posibilidad de comunicar nuestro producto o servicio de una manera m\u00e1s potente y eficaz.<\/p>\n<p>\u27a1\u00a0La\u00a0<strong>duraci\u00f3n del v\u00eddeo debe ser de entre 20 y 90 segundos<\/strong>, y sus dimensiones\u00a0no pueden ser menores de\u00a0<strong>820\u00d7312 p\u00edxeles<\/strong>.<\/p>\n<p>Si utilizas tu perfil personal para promocionar tu marca o empresa, te aconsejo que<strong>\u00a0fusiones tu perfil personal con una p\u00e1gina de empresa<\/strong>.<\/p>\n<p>Lo primero porque si\u00a0<strong>incumples la pol\u00edtica de condiciones\u00a0de esta red social<\/strong>\u00a0y Facebook detecta que promocionas tu marca a trav\u00e9s de un perfil personal, puede cerrar tu cuenta y perder\u00e1s todo el trabajo realizado hasta el momento.<\/p>\n<p>En segundo lugar, porque como ya hemos comentado, una fan page permite acceder a las estad\u00edsticas ,y por consiguiente conocer mejor a tu audiencia con el objetivo de\u00a0<strong>aumentar la efectividad de tus contenidos<\/strong>.<\/p>\n<p>Otro de los consejos que deber\u00edas seguir para facilitar la b\u00fasqueda de miembros de tu marca es el de\u00a0<strong>cambiar la direcci\u00f3n url de tu p\u00e1gina de Facebook<\/strong>.<\/p>\n<p>Para ello, primero tienes que ser el administrador de la misma, y segundo dar una serie de pasos muy sencillos, y en tan solo unos minutos tendr\u00e1s el nombre de tu p\u00e1gina de Facebook que t\u00fa desees, que normalmente coincidir\u00e1 con el nombre de tu empresa, marca u organizaci\u00f3n.<\/p>\n<p>Los pasos que debemos seguir son los siguientes:<\/p>\n<div class=\"su-list\">\n<ul>\n<li><i class=\"sui sui-arrow-right\"><\/i>1. Pinchar en\u00a0<strong>Informaci\u00f3n<\/strong>\u00a0debajo de la foto de perfil de la p\u00e1gina en la columna de la izquierda.<\/li>\n<li><i class=\"sui sui-arrow-right\"><\/i>2. En Informaci\u00f3n \u2013 General\u00a0<strong>editar Nombre<\/strong>.<\/li>\n<li><i class=\"sui sui-arrow-right\"><\/i>3. Introducir el nuevo nombre de la p\u00e1gina y darle a continuar.<\/li>\n<li><i class=\"sui sui-arrow-right\"><\/i>4. Revisa tu solicitud y haz clic en\u00a0<strong>Solicitar cambio<\/strong>.<\/li>\n<\/ul>\n<\/div>\n<p>Es conveniente igualmente cumplimentar toda la informaci\u00f3n posible sobre tu empresa.<\/p>\n<p>Esto es:<\/p>\n<div class=\"su-list\">\n<ul>\n<li><i class=\"sui sui-arrow-right\"><\/i>Informaci\u00f3n general (categor\u00eda, nombre y nombre de usuario).<\/li>\n<li><i class=\"sui sui-arrow-right\"><\/i>Informaci\u00f3n de la empresa, editar fecha de inicio y tipos de negocio<\/li>\n<li><i class=\"sui sui-arrow-right\"><\/i>Informaci\u00f3n de contacto (n\u00famero de tel\u00e9fono, correo electr\u00f3nico, sitio web).<\/li>\n<li><i class=\"sui sui-arrow-right\"><\/i>As\u00ed como otro tipo de informaci\u00f3n (ubicaci\u00f3n, horario, etc).<\/li>\n<\/ul>\n<\/div>\n<p>Asimismo, tienes la opci\u00f3n de a\u00f1adir un\u00a0<strong>bot\u00f3n<\/strong>\u00a0a la p\u00e1gina, situado en la parte superior izquierda de la p\u00e1gina.<\/p>\n<p>Este bot\u00f3n permite ayudar a las personas a realizar una acci\u00f3n, ya sea ponerse en contacto contigo, obtener m\u00e1s informaci\u00f3n de tu negocio o unirse a tu comunidad.<\/p>\n<h2><span id=\"Como_asignar_un_administrador_a_una_pagina_de_Facebook\" class=\"ez-toc-section\"><\/span><strong>C\u00f3mo asignar un administrador a una p\u00e1gina de Facebook<\/strong><\/h2>\n<p>Una p\u00e1gina de empresa debe ser gestionada por un\u00a0<strong>administrador<\/strong>, y a su vez puede ser gestionada por varios administradores.<\/p>\n<p>Si quieres delegar tu p\u00e1gina de empresa a un profesional, a un community manager, deber\u00e1s asignarlo como administrador.<\/p>\n<p>Para ello, deber\u00e1s ir a tu fan page y cliquear en\u00a0<strong>configuraci\u00f3n<\/strong>, arriba a la derecha.<\/p>\n<p>En la barra lateral izquierda, hay una pesta\u00f1a que se denomina \u201c<strong>roles de p\u00e1gina<\/strong>\u201d.<\/p>\n<p>Pincha ah\u00ed, ya que esta opci\u00f3n te permitir\u00e1 dar acceso a diferentes usuarios para la administraci\u00f3n de tu p\u00e1gina, as\u00ed como consultar los roles ya existentes.<\/p>\n<p>Dentro de los roles de p\u00e1ginas tendr\u00e1s que escribir un nombre o correo electr\u00f3nico en el cuadro y seleccionar la persona a las que quieras asignar el rol.<\/p>\n<p>A continuaci\u00f3n haz clic en\u00a0<strong>Editor<\/strong>\u00a0para seleccionar un rol en el men\u00fa desplegable.<\/p>\n<p>Y por \u00faltimo, cliquea en\u00a0<strong>a\u00f1adir<\/strong>\u00a0e introduce tu contrase\u00f1a para confirmar la acci\u00f3n.<\/p>\n<p>Si la persona a la que est\u00e1s a\u00f1adiendo no est\u00e1 en tu lista de amigos, deber\u00e1s enviarle previamente solicitud de amistad a esa persona y aceptar tu invitaci\u00f3n\u00a0antes de poder ayudarte a gestionar la p\u00e1gina.<\/p>\n<p>El nombramiento no ser\u00e1 inmediato, sino que la persona lo tiene que aceptar.<\/p>\n<p>Al invitado le aparecer\u00e1 una notificaci\u00f3n y adem\u00e1s un correo.<\/p>\n<p>Tanto administradores como editores podr\u00e1n\u00a0 publicar contenido en nombre de la p\u00e1gina, responder y eliminar comentarios en la p\u00e1gina, crear anuncios, ver estad\u00edsticas.<\/p>\n<p>El administrador ser\u00e1 el \u00fanico que pueda asignar los roles para la p\u00e1gina, configurar la p\u00e1gina o eliminarla.<\/p>\n<p>Facebook permite asignar\u00a0<strong>diferentes roles a las personas como administrador<\/strong>, editor, moderador, anunciante, analista y colaborador en vivo.<\/p>\n<p>\u27a1\u00a0<strong>Administrador<\/strong>:\u00a0 El administrador puede administrar todos los aspectos de la p\u00e1gina:<\/p>\n<p>Enviar mensajes, responder los mismos, \u00a0publicar contenido, crear anuncios, ver qu\u00e9 administrador ha creado una publicaci\u00f3n o un comentario, ver estad\u00edsticas y asignar roles de p\u00e1gina.<\/p>\n<p>\u27a1\u00a0<strong>Editor<\/strong>:\u00a0El editor puede, como su propio nombre indica puede:<\/p>\n<p>Editar la p\u00e1gina, enviar mensajes y publicaciones en nombre de la p\u00e1gina, crear anuncios, ver qu\u00e9 administrador ha creado una publicaci\u00f3n o un comentario y ver estad\u00edsticas.<\/p>\n<p>\u27a1\u00a0<strong>Moderador<\/strong>:\u00a0El moderador puede responder y eliminar comentarios de la p\u00e1gina, pero tambi\u00e9n:<\/p>\n<p>Enviar mensajes y responder a los mismo, ver qu\u00e9 administrador ha creado una publicaci\u00f3n o un comentario, crear anuncios y ver estad\u00edsticas.<\/p>\n<p>\u27a1\u00a0<strong>Anunciante<\/strong>:\u00a0El anunciante puede ver qu\u00e9 administrador ha creado una publicaci\u00f3n o un comentario, crear anuncios y ver estad\u00edsticas.<\/p>\n<p>\u27a1\u00a0<strong>Analista<\/strong>:\u00a0El analista puede ver qu\u00e9 administrador ha creado una publicaci\u00f3n o un comentario y ver estad\u00edsticas.<\/p>\n<p>\u27a1\u00a0<strong>Colaborador en vivo<\/strong>: El colaborador en vivo es el nuevo rol que se encarga de transmitir en directo en nombre de la p\u00e1gina desde un dispositivo m\u00f3vil.<\/p>\n<h2><span id=\"Como_programar_publicaciones_en_Facebook\" class=\"ez-toc-section\"><\/span><strong>C\u00f3mo programar publicaciones en Facebook<\/strong><\/h2>\n<p>Otra de las ventajas de tener una p\u00e1gina de empresa es que puedes\u00a0<strong>programar tus publicaciones el d\u00eda y la hora que quieras<\/strong>; puedes publicar en varios idiomas y publicar para un determinado p\u00fablico.<\/p>\n<p>Cuando creas una publicaci\u00f3n tienes la opci\u00f3n de publicarla en el momento o de programarla.<\/p>\n<p>Despu\u00e9s de redactar la publicaci\u00f3n haz clic en la flechita que est\u00e1 al lado de\u00a0<strong>Publicar<\/strong>\u00a0y selecciona\u00a0<strong>Programar<\/strong>.<\/p>\n<p>Aparecer\u00e1 un calendario de publicaci\u00f3n donde podr\u00e1s seleccionar la fecha y la hora en que quieres realizar la publicaci\u00f3n.<\/p>\n<p>Para finalizar haz clic en\u00a0<strong>Programar<\/strong>.<\/p>\n<p>Otra opci\u00f3n es acceder a tu panel de administraci\u00f3n de la p\u00e1gina de Facebook y seleccionar\u00a0<strong>herramientas de publicaci\u00f3n<\/strong>.<\/p>\n<p>A continuaci\u00f3n deber\u00e1s de hacer clic en\u00a0<strong>publicaciones programadas<\/strong>\u00a0y seleccionar\u00a0<strong>crear<\/strong>.<\/p>\n<p>Lo bueno de este panel de administraci\u00f3n es que vas a poder ver todas publicaciones que tengas programadas.<\/p>\n<p>Programar contenidos en Facebook nos permite ahorrar tiempo a la hora de gestionar nuestras publicaciones, as\u00ed como organizarnos para publicar en los momentos \u00f3ptimos seg\u00fan nuestro p\u00fablico objetivo.<\/p>\n<p>Incluso podemos hacerlo fuera de nuestro horario laboral y en fines de semana.<\/p>\n<p>Eso s\u00ed,\u00a0<strong>siempre tendremos que estar atentos a los comentarios y mensajes que puedan surgir<\/strong>\u00a0a ra\u00edz de la publicaci\u00f3n publicada e interactuar con los usuarios.<\/p>\n<h2><span id=\"Consejos_de_como_debe_ser_el_contenido_de_una_fan_page\" class=\"ez-toc-section\"><\/span><strong>Consejos de c\u00f3mo debe ser el contenido de una fan page<\/strong><\/h2>\n<p>Una vez configurada tu fan page llega la hora de dotarla de contenidos.<\/p>\n<p>Antes de ponerte a publicar sin ton ni son, \u00a0deber\u00e1s\u00a0<strong>crear un calendario editorial<\/strong>.<\/p>\n<p>Una herramienta \u00fatil y necesaria que te ayudar\u00e1 a planificar con antelaci\u00f3n todo lo que quieres publicar, y que es de vital importancia para tu estrategia online.<\/p>\n<p>Esta herramienta te ayudar\u00e1 a organizar mejor tus contenidos, estrategia, ahorrar\u00e1s tiempo en tu d\u00eda a d\u00eda y tus contenidos ser\u00e1n de mayor calidad, pues han sido elaborados y debidamente planificados con antelaci\u00f3n.<\/p>\n<p>A la hora de publicar tienes que tener en cuenta una serie de tips b\u00e1sicos que generen un\u00a0<strong>valor a\u00f1adido<\/strong>\u00a0a tus publicaciones:<\/p>\n<p>\u27a1\u00a0<strong>1. Las publicaciones deben ser breves y visuales:\u00a0<\/strong>50 caracteres por t\u00edtulo o 3 frases por cada texto.<\/p>\n<p>Por un lado, conseguir\u00e1s favorecer la visualizaci\u00f3n de tus posts en dispositivos m\u00f3viles, y por otro aumentar\u00e1s la legibilidad y claridad en tus publicaciones.<\/p>\n<p>Menos es m\u00e1s.<\/p>\n<p>Si el usuario tiene que pulsar \u201cver m\u00e1s\u201d en una publicaci\u00f3n (sobre todo cuando consultamos nuestras redes sociales desde un m\u00f3vil) se tiende a no leer m\u00e1s.<\/p>\n<p>Por lo que siempre se aconseja que las publicaciones deben ser cortas y concisas.<\/p>\n<p>Ir al mensaje directo:\u00a0<strong>\u00bfQu\u00e9 es lo que queremos transmitir?<\/strong><\/p>\n<p>Expl\u00edcalo en pocas palabras.<\/p>\n<p>\u27a1\u00a0<strong>2. Mensajes claros, sencillos y directos.<\/strong>\u00a0S\u00e9 claro, preciso y directo.<\/p>\n<p>\u201cLo bueno si breve, dos veces bueno\u201d.<\/p>\n<p>Por ejemplo, si quieres aumentar las ventas de un producto o servicio, destaca en pocas palabras las bondades de tu producto, no muestres solo una lista de caracter\u00edsticas.<\/p>\n<p><strong>\u27a1\u00a03. Buena redacci\u00f3n.<\/strong>\u00a0Ordena tus ideas, usa frases cortas, no abuses de adjetivos, no escribas como hablas, usa puntos y comas, no uses palabras rebuscadas, resalta palabras clave y redacta siempre en voz activa.<\/p>\n<p>El\u00a0<a href=\"https:\/\/escuela.marketingandweb.es\/copy-para-redes-sociales\/\" target=\"_blank\" rel=\"noopener noreferrer\"><strong>copy en redes sociales<\/strong><\/a>\u00a0debe ser atractivo y debe llamar la atenci\u00f3n de tu p\u00fablico objetivo.<\/p>\n<p><strong>\u27a1\u00a04. Fomenta la interacci\u00f3n.<\/strong><\/p>\n<p>Preg\u00fantate \u00bfel p\u00fablico lo va a compartir?<\/p>\n<p>Las\u00a0<a href=\"https:\/\/escuela.marketingandweb.es\/como-hacer-encuestas-en-facebook\/\" target=\"_blank\" rel=\"noopener noreferrer\"><strong>encuestas en Facebook<\/strong><\/a>\u00a0tambi\u00e9n son una buena forma de fomentar la interacci\u00f3n en esta red social.<\/p>\n<p>\u27a1\u00a0<strong>5. Contenidos de alto valor.<\/strong>\u00a0Los contenidos deben ser de calidad, que proporcionen informaci\u00f3n, que hagan un an\u00e1lisis, ayuden a hacer algo, entretengan.<\/p>\n<p>Debemos siempre sobresalir.<\/p>\n<p><strong>Es mejor publicar con menos frecuencia, pero con mayor calidad.<\/strong><\/p>\n<p>El 90 % \u00a0del contenido debe ser un post de calidad, y el 10% restante servir\u00e1 para promocionar el producto, servicios o empresa.<\/p>\n<p>\u27a1<strong>\u00a06. Acompa\u00f1a tu publicaci\u00f3n siempre de una fotograf\u00eda, gr\u00e1fico, infograf\u00eda o v\u00eddeo<\/strong>.<\/p>\n<p>Las fotograf\u00edas deben ser calidad y deben tener un tama\u00f1o de 1200\u00d7630 p\u00edxeles.<\/p>\n<p>Utilizar v\u00eddeos en tus publicaciones es una tendencia en alza, porque son f\u00e1ciles de consumir.<\/p>\n<p>Los v\u00eddeos publicados en Facebook se muestran en los muros y se reproducen de manera autom\u00e1tica, con lo cual el n\u00famero de reproducciones aumenta, as\u00ed como los me gusta, los comentarios y los compartidos.<\/p>\n<p>\u27a1\u00a0<strong>7. Utiliza hashtags # ya creados que conecten con tu marca.<\/strong><\/p>\n<p>Los hashtag que menciones en las publicaciones de tu p\u00e1gina se convierten en enlaces en los que se puede hacer clic.<\/p>\n<p>De este modo, los usuarios pueden encontrar m\u00e1s f\u00e1cilmente publicaciones sobre temas en los que est\u00e9n interesados.<\/p>\n<p>\u27a1\u00a0<strong>8. Publicaci\u00f3n constante pero controlada<\/strong>.<\/p>\n<p>Como hemos comentado antes, debes publicar de forma constante, unas 3 o 4 veces por semana, pero si el contenido no es de calidad, mejor no publiques.<\/p>\n<p>\u27a1\u00a0<strong>9. Utiliza emoticonos<\/strong><\/p>\n<p>Los\u00a0<a href=\"https:\/\/escuela.marketingandweb.es\/flechas-iconos-simbolos-y-emoticonos-para-twitter-y-facebook\/\" target=\"_blank\" rel=\"noopener noreferrer\"><strong>emoticonos para Facebook<\/strong><\/a>\u00a0son una manera de hacer que tu texto destaque m\u00e1s y sea m\u00e1s visual.<\/p>\n<p>Por lo que siempre que puedas trata de utilizarlos, eso s\u00ed, tampoco te pases.<\/p>\n<p>\u00dasalos cuando sea necesario y no abuses de ellos.<\/p>\n<p>&nbsp;<\/p>\n<h2><span id=\"Conclusiones\" class=\"ez-toc-section\"><\/span><strong>Conclusiones<\/strong><\/h2>\n<p>Hemos visto durante todo el art\u00edculo c\u00f3mo administrar una p\u00e1gina de Facebook paso a paso.<\/p>\n<p>Y es que, tener buena presencia en Facebook es imprescindible para la estrategia de marketing digital de cualquier negocio, marca o empresa por muy peque\u00f1a que sea.<\/p>\n<p>Y no solo es importante contar con una buena presencia online en las redes sociales.<\/p>\n<p>Sino adem\u00e1s, y quiz\u00e1 m\u00e1s importante es clave conocer a nuestra audiencia e interactuar con ella, y esto solo se conseguir\u00e1 si est\u00e1s presente en las plataformas sociales como Facebook, y si gestionas de manera profesional tu fan page.<\/p>\n<p>A continuaci\u00f3n detallo algunas de las\u00a0<strong>razones por las que un negocio deber\u00eda gestionar una p\u00e1gina de empresa en Facebook<\/strong>:<\/p>\n<p>\u27a1\u00a0<strong>Un negocio necesita una visibilidad mayor, para poder llegar a un\u00a0mayor n\u00famero de p\u00fablico objetivo.<\/strong><\/p>\n<p>A trav\u00e9s de una buena gesti\u00f3n y administraci\u00f3n de una p\u00e1gina de Facebook vamos a crear una imagen\u00a0de nuestro negocio, comunicando a\u00a0nuestros seguidores d\u00f3nde estamos y a qu\u00e9 nos dedicamos, y lo m\u00e1s importante, en qu\u00e9\u00a0nos diferenciamos del resto.<\/p>\n<p>\u27a1\u00a0<strong>Atenci\u00f3n al cliente<\/strong>.<\/p>\n<p>En\u00a0 ocasiones al llamar a un negocio o empresa, puede ocurrir que las llamadas no puedan ser atendidas o que la persona que descuelga, no sabe muy bien responder a la informaci\u00f3n que el cliente solicita.<\/p>\n<p>Con las\u00a0redes sociales, el usuario a golpe de click, puede\u00a0comunicarse directamente con el propietario, de una manera fluida.<\/p>\n<p>Esto es una de las grandes\u00a0<a href=\"https:\/\/www.marketingandweb.es\/marketing\/ventajas-desventajas-de-las-redes-sociales\/\" target=\"_blank\" rel=\"noopener noreferrer\"><strong>ventajas de las redes sociales<\/strong><\/a>.<\/p>\n<p>Ya que podemos preguntar a nuestros seguidores, qu\u00e9\u00a0podemos mejorar o que nos ayuden a crear nuevas ideas.<\/p>\n<p>En resumen,\u00a0el consumidor final nos hace saber y nosotros debemos adaptarnos a lo que a \u00e9l le interesa.<\/p>\n<p>\u27a1<strong>\u00a0Incremento de ventas<\/strong>.<\/p>\n<p>Es l\u00f3gico, si llegamos a un mayor p\u00fablico objetivo,\u00a0mayor puede llegar a ser el n\u00famero de ventas, pero hay que tener en cuenta que las redes sociales\u00a0no son un canal de venta directa.<\/p>\n<p>\u27a1<strong>\u00a0<\/strong>Como consejo, tambi\u00e9n te quiero decir que no te dediques a publicar por publicar.<\/p>\n<p>Mide tambi\u00e9n si est\u00e1s obteniendo un\u00a0<a href=\"https:\/\/escuela.marketingandweb.es\/que-es-el-roi-en-marketing\/\" target=\"_blank\" rel=\"noopener noreferrer\"><strong>retorno de la inversi\u00f3n en marketing<\/strong><\/a>\u00a0con las acciones que est\u00e9s llevando a cabo.<\/p>\n<p>Porque recuerda, todo lo que no se mide, no se puede mejorar.<\/p>\n<p>\u27a1\u00a0Por \u00faltimo y no menos importante, hay que saber, que\u00a0<strong>el\u00a0verdadero potencial de las redes sociales, se observa a\u00a0largo plazo<\/strong>\u00a0y es muy importante definir una\u00a0estrategia.<\/p>\n<p>Con el trabajo en redes sociales, estamos creando una\u00a0base de datos especializada, que nos permitir\u00e1 desarrollar muchas m\u00e1s campa\u00f1as al conocer a nuestros usuarios\/potenciales clientes.<\/p>\n<p>Como ves gestionar una p\u00e1gina de Facebook requiere m\u00e1s tiempo del que parece a simple vista y es fundamental crear una estrategia que nos permita alcanzar nuestros objetivos de marketing.<\/p>\n<p><a href=\"https:\/\/escuela.marketingandweb.es\/\"><em>Marketing and Web<\/em><\/a><\/p>\n<\/div>\n<div id=\"telet-541399488\" class=\"telet-despues-del-contenido telet-entity-placement\"><a target=\"_blank\" href=\"\/\/aff.lucushost.com\/resources\/click\/?n=gDxoXMAJ&aff=756\"><img decoding=\"async\" border=\"0\" alt=\"LucusHost, el mejor hosting\" src=\"\/\/aff.lucushost.com\/resources\/banners\/?zoneid=5123&n=gDxoXMAJ&aff=756\" \/><\/a><\/div>","protected":false},"excerpt":{"rendered":"<p>Administrar una p\u00e1gina de Facebook de forma profesional no es una tarea nada sencilla, y menos hoy en d\u00eda con tanto cambio de algor\u00edtmo. Hace unos a\u00f1os gestionar una Fanpage&hellip; <\/p>\n","protected":false},"author":1,"featured_media":7204,"comment_status":"open","ping_status":"open","sticky":false,"template":"","format":"standard","meta":{"_jetpack_memberships_contains_paid_content":false,"footnotes":"","_links_to":"","_links_to_target":""},"categories":[11],"tags":[15,14],"class_list":["post-7202","post","type-post","status-publish","format-standard","has-post-thumbnail","hentry","category-redes-sociales","tag-fuprisa","tag-jose-manuel-fuentes-prieto"],"nelio_content":{"autoShareEndMode":"never","automationSources":{"useCustomSentences":false,"customSentences":[]},"efiAlt":"","efiUrl":"","followers":[1],"highlights":[],"isAutoShareEnabled":true,"networkImageIds":[],"permalinkQueryArgs":[],"series":[],"suggestedReferences":[]},"jetpack_featured_media_url":"https:\/\/teletrabajoynegocios.com\/telesecretarias\/wp-content\/uploads\/sites\/2\/2022\/01\/knomada.jpg","jetpack_sharing_enabled":true,"_links":{"self":[{"href":"https:\/\/teletrabajoynegocios.com\/telesecretarias\/wp-json\/wp\/v2\/posts\/7202","targetHints":{"allow":["GET"]}}],"collection":[{"href":"https:\/\/teletrabajoynegocios.com\/telesecretarias\/wp-json\/wp\/v2\/posts"}],"about":[{"href":"https:\/\/teletrabajoynegocios.com\/telesecretarias\/wp-json\/wp\/v2\/types\/post"}],"author":[{"embeddable":true,"href":"https:\/\/teletrabajoynegocios.com\/telesecretarias\/wp-json\/wp\/v2\/users\/1"}],"replies":[{"embeddable":true,"href":"https:\/\/teletrabajoynegocios.com\/telesecretarias\/wp-json\/wp\/v2\/comments?post=7202"}],"version-history":[{"count":1,"href":"https:\/\/teletrabajoynegocios.com\/telesecretarias\/wp-json\/wp\/v2\/posts\/7202\/revisions"}],"predecessor-version":[{"id":7205,"href":"https:\/\/teletrabajoynegocios.com\/telesecretarias\/wp-json\/wp\/v2\/posts\/7202\/revisions\/7205"}],"wp:featuredmedia":[{"embeddable":true,"href":"https:\/\/teletrabajoynegocios.com\/telesecretarias\/wp-json\/wp\/v2\/media\/7204"}],"wp:attachment":[{"href":"https:\/\/teletrabajoynegocios.com\/telesecretarias\/wp-json\/wp\/v2\/media?parent=7202"}],"wp:term":[{"taxonomy":"category","embeddable":true,"href":"https:\/\/teletrabajoynegocios.com\/telesecretarias\/wp-json\/wp\/v2\/categories?post=7202"},{"taxonomy":"post_tag","embeddable":true,"href":"https:\/\/teletrabajoynegocios.com\/telesecretarias\/wp-json\/wp\/v2\/tags?post=7202"}],"curies":[{"name":"wp","href":"https:\/\/api.w.org\/{rel}","templated":true}]}}