{"id":7345,"date":"2022-01-12T10:19:17","date_gmt":"2022-01-12T09:19:17","guid":{"rendered":"https:\/\/teletrabajoynegocios.com\/telesecretarias\/?p=7345"},"modified":"2022-01-12T10:19:17","modified_gmt":"2022-01-12T09:19:17","slug":"por-que-publico-bajo-licencia-creative-commons","status":"publish","type":"post","link":"https:\/\/teletrabajoynegocios.com\/telesecretarias\/por-que-publico-bajo-licencia-creative-commons\/","title":{"rendered":"Por qu\u00e9 publico bajo licencia Creative Commons"},"content":{"rendered":"<div id=\"telet-3823715511\" class=\"telet-antes-del-contenido telet-entity-placement\"><a href=\"https:\/\/quaderno.io\/?via=jose-manuel94\" aria-label=\"Quaderno General (Spanish) &#8211; 728&#215;90\"><img loading=\"lazy\" decoding=\"async\" src=\"https:\/\/teletrabajoynegocios.com\/telesecretarias\/wp-content\/uploads\/sites\/2\/2020\/11\/Quaderno-General-Spanish-728x90-1.png\" alt=\"\"  srcset=\"https:\/\/teletrabajoynegocios.com\/telesecretarias\/wp-content\/uploads\/sites\/2\/2020\/11\/Quaderno-General-Spanish-728x90-1.png 728w, https:\/\/teletrabajoynegocios.com\/telesecretarias\/wp-content\/uploads\/sites\/2\/2020\/11\/Quaderno-General-Spanish-728x90-1-300x37.png 300w\" sizes=\"(max-width: 728px) 100vw, 728px\" width=\"728\" height=\"90\"   \/><\/a><\/div><p>Es este\u00a0<em>post<\/em>\u00a0voy a explicar por qu\u00e9 publico bajo licencia Creative Commons todos mis contenidos desde mis comienzos.<\/p>\n<p>Cada cierto tiempo ocurre que alguna persona se pone en contacto conmigo pregunt\u00e1ndome si puede reproducir, utilizar o citar todo o parte del contenido de alguno de mis\u00a0<em>posts<\/em>\u00a0o de mi libro.<\/p>\n<p>Como mi respuesta es siempre la misma, he pensado que ser\u00eda buena idea escribir un\u00a0<em>post<\/em>\u00a0espec\u00edfico sobre el tema al que poder redirigir cuando a alguien se le plantean estas dudas.<\/p>\n<p>Creo tambi\u00e9n que es importante aclarar algunos malentendidos habituales que tienen lugar con este tipo de licencias y, m\u00e1s concretamente, en relaci\u00f3n con qu\u00e9 permiten hacer y qu\u00e9 no.<\/p>\n<p>Y, por supuesto, como firme creyente en la bondad de esta f\u00f3rmula para socializar el conocimiento, me gustar\u00eda aportar mi granito de arena a su difusi\u00f3n.<\/p>\n<h3>Creative Commons y yo<\/h3>\n<p>No recuerdo muy bien qu\u00e9 me llev\u00f3 a tomar la decisi\u00f3n de publicar todas mis obras bajo licencia Creative Commons, pero s\u00ed recuerdo que fue amor a primera vista.<\/p>\n<p>El caso es que en el pie de todas las p\u00e1ginas de este blog puedes encontrar un texto que dice:<\/p>\n<p>\u00ab<em>Todo el contenido de \u00d3ptima Infinito, el Blog de Jos\u00e9 Miguel Bol\u00edvar, est\u00e1 bajo una Licencia Creative Commons 4.0 Internacional (Reconocimiento \u2013 Compartir bajo la misma Licencia).\u00a02008-2021 Jos\u00e9 Miguel Bol\u00edvar \u2013 Algunos derechos reservados<\/em>\u00bb.<\/p>\n<p>Tambi\u00e9n ver\u00e1s un texto similar en los pies de los blogs de los nodos de OPTIMA LAB, un proyecto de red productiva del que, como probablemente ya sepas, soy creador e impulsor.<\/p>\n<p>De manera an\u00e1loga, en mi libro\u00a0<em>Productividad Personal, aprende a liberarte del estr\u00e9s con GTD<sup>\u00ae<\/sup><\/em>\u00a0aparece lo siguiente:<\/p>\n<p>\u00ab<em>Jos\u00e9 Miguel Bol\u00edvar apoya el movimiento CopyLeft y, en concreto, el uso de licencias Creative Commons, bajo las cuales publica todas sus obras. Las licencias Creative Commons estimulan la creatividad, defienden la diversidad y el conocimiento abierto, promueven la libre expresi\u00f3n y el acceso a la informaci\u00f3n y favorecen una cultura viva al alcance de todos. Esta obra est\u00e1 publicada bajo licencia Creative Commons BY-NC-SA 4.0 Internacional, por lo que puedes copiar, distribuir y comunicar p\u00fablicamente su contenido, siempre que especifiques el nombre del autor, que no lo hagas con fines comerciales y que no alteres, transformes o generes obras derivadas distintas a partir de \u00e9l<\/em>\u00bb.<\/p>\n<hr \/>\n<p><img decoding=\"async\" src=\"https:\/\/teletrabajoynegocios.com\/teletrabajador\/wp-content\/uploads\/sites\/3\/2020\/07\/articulos.png\" \/><\/p>\n<div class=\"wp-rss-template-container\" data-wpra-template=\"default\" data-template-ctx=\"eyJ0ZW1wbGF0ZSI6IkRlZmF1bHQifQ==\">\n    <div class=\"wp-rss-aggregator wpra-list-template  \" data-page=\"1\">\n    \n    \n<ul class=\"wpra-item-list rss-aggregator wpra-item-list--bullets wpra-item-list--default\"\n    start=\"1\">\n                        <li class=\"wpra-item feed-item \">\n            \n            \n\n    <a  href=\"https:\/\/distritoemprendedores.com\/blog\/2026\/03\/16\/hello-world\/\" target=\"_blank\" rel=\"nofollow\" class=\"\">Hello world!<\/a>\n\n\n\n\n\n\n<div class=\"wprss-feed-meta\">\n            <span class=\"feed-source\">\n            Source:\n\n                            Distrito Emprendedores\n                    <\/span>\n    \n            <span class=\"feed-date\">\n            Published on 2026-03-16\n        <\/span>\n    \n    <\/div>\n\n\n\n\n\n            \n        <\/li>\n                    <li class=\"wpra-item feed-item \">\n            \n            \n\n    <a  href=\"https:\/\/www.dropbox.com\/scl\/fi\/b6csvpbfxu24vaezmo3es\/62bed0634df20e5ef35346439fdd423f_franquicias.pdf?rlkey=mfp2795s4n89mw35l0yeu2vl5&amp;e=2&amp;st=57kabuy0&amp;dl=0#new_tab\" target=\"_blank\" rel=\"nofollow\" class=\"\">Las franquicias espa\u00f1olas duplican su presencia en mercados for\u00e1neos<\/a>\n\n\n\n\n\n\n<div class=\"wprss-feed-meta\">\n            <span class=\"feed-source\">\n            Source:\n\n                            Distrito Emprendedores\n                    <\/span>\n    \n            <span class=\"feed-date\">\n            Published on 2026-03-11\n        <\/span>\n    \n    <\/div>\n\n\n\n\n\n            \n        <\/li>\n                    <li class=\"wpra-item feed-item \">\n            \n            \n\n    <a  href=\"https:\/\/distritoemprendedores.es\/blog\/5-errores-fatales-al-internacionalizar-tu-franquicia\/\" target=\"_blank\" rel=\"nofollow\" class=\"\">5 errores fatales al internacionalizar tu franquicia<\/a>\n\n\n\n\n\n\n<div class=\"wprss-feed-meta\">\n            <span class=\"feed-source\">\n            Source:\n\n                            Distrito Emprendedores\n                    <\/span>\n    \n            <span class=\"feed-date\">\n            Published on 2026-03-10\n        <\/span>\n    \n    <\/div>\n\n\n\n\n\n            \n        <\/li>\n                    <li class=\"wpra-item feed-item \">\n            \n            \n\n    <a  href=\"https:\/\/distritoemprendedores.es\/blog\/un-nuevo-prime-time-para-las-marcas-afterwork-tardeo-y-futbol-se-consolidan-como-los-grandes-motores-del-consumo-experiencial\/\" target=\"_blank\" rel=\"nofollow\" class=\"\">Un nuevo prime time para las marcas: afterwork, tardeo y f\u00fatbol se consolidan como los grandes motores del consumo experiencial<\/a>\n\n\n\n\n\n\n<div class=\"wprss-feed-meta\">\n            <span class=\"feed-source\">\n            Source:\n\n                            Distrito Emprendedores\n                    <\/span>\n    \n            <span class=\"feed-date\">\n            Published on 2026-03-09\n        <\/span>\n    \n    <\/div>\n\n\n\n\n\n            \n        <\/li>\n                    <li class=\"wpra-item feed-item \">\n            \n            \n\n    <a  href=\"https:\/\/distritoemprendedores.es\/blog\/la-ventaja-competitiva-esta-en-entender-como-pregunta-el-consumidor\/\" target=\"_blank\" rel=\"nofollow\" class=\"\">La ventaja competitiva est\u00e1 en entender c\u00f3mo pregunta el consumidor<\/a>\n\n\n\n\n\n\n<div class=\"wprss-feed-meta\">\n            <span class=\"feed-source\">\n            Source:\n\n                            Distrito Emprendedores\n                    <\/span>\n    \n            <span class=\"feed-date\">\n            Published on 2026-03-08\n        <\/span>\n    \n    <\/div>\n\n\n\n\n\n            \n        <\/li>\n                    <li class=\"wpra-item feed-item \">\n            \n            \n\n    <a  href=\"https:\/\/distritoemprendedores.es\/blog\/solo-el-7-de-los-espanoles-cree-a-las-marcas-cuando-comunican-sus-valores-con-hechos-demostrables\/\" target=\"_blank\" rel=\"nofollow\" class=\"\">Solo el 7% de los espa\u00f1oles cree a las marcas cuando comunican sus valores con hechos demostrables<\/a>\n\n\n\n\n\n\n<div class=\"wprss-feed-meta\">\n            <span class=\"feed-source\">\n            Source:\n\n                            Distrito Emprendedores\n                    <\/span>\n    \n            <span class=\"feed-date\">\n            Published on 2026-03-07\n        <\/span>\n    \n    <\/div>\n\n\n\n\n\n            \n        <\/li>\n                    <li class=\"wpra-item feed-item \">\n            \n            \n\n    <a  href=\"https:\/\/distritoemprendedores.es\/blog\/el-38-de-las-empresas-creadas-en-2019-ha-echado-ya-el-cierre\/\" target=\"_blank\" rel=\"nofollow\" class=\"\">El 38% de las empresas creadas en 2019 ha echado ya el cierre<\/a>\n\n\n\n\n\n\n<div class=\"wprss-feed-meta\">\n            <span class=\"feed-source\">\n            Source:\n\n                            Distrito Emprendedores\n                    <\/span>\n    \n            <span class=\"feed-date\">\n            Published on 2026-03-06\n        <\/span>\n    \n    <\/div>\n\n\n\n\n\n            \n        <\/li>\n                    <li class=\"wpra-item feed-item \">\n            \n            \n\n    <a  href=\"https:\/\/distritoemprendedores.es\/blog\/descubre-las-oportunidades-y-tendencias-en-el-mercado-de-la-franquicia-para-2026\/\" target=\"_blank\" rel=\"nofollow\" class=\"\">Descubre las oportunidades y tendencias en el mercado de la franquicia para 2026<\/a>\n\n\n\n\n\n\n<div class=\"wprss-feed-meta\">\n            <span class=\"feed-source\">\n            Source:\n\n                            Distrito Emprendedores\n                    <\/span>\n    \n            <span class=\"feed-date\">\n            Published on 2026-03-05\n        <\/span>\n    \n    <\/div>\n\n\n\n\n\n            \n        <\/li>\n                    <li class=\"wpra-item feed-item \">\n            \n            \n\n    <a  href=\"https:\/\/distritoemprendedores.es\/blog\/las-startups-de-salud-mas-punteras-del-mundo\/\" target=\"_blank\" rel=\"nofollow\" class=\"\">Las startups de salud m\u00e1s punteras del mundo<\/a>\n\n\n\n\n\n\n<div class=\"wprss-feed-meta\">\n            <span class=\"feed-source\">\n            Source:\n\n                            Distrito Emprendedores\n                    <\/span>\n    \n            <span class=\"feed-date\">\n            Published on 2026-03-04\n        <\/span>\n    \n    <\/div>\n\n\n\n\n\n            \n        <\/li>\n                    <li class=\"wpra-item feed-item \">\n            \n            \n\n    <a  href=\"https:\/\/distritoemprendedores.es\/blog\/puesta-en-marcha-de-un-negocio-primeros-pasos-para-validar-vender-y-controlar-la-tesoreria\/\" target=\"_blank\" rel=\"nofollow\" class=\"\">Puesta en marcha de un negocio: primeros pasos para validar, vender y controlar la tesorer\u00eda<\/a>\n\n\n\n\n\n\n<div class=\"wprss-feed-meta\">\n            <span class=\"feed-source\">\n            Source:\n\n                            Distrito Emprendedores\n                    <\/span>\n    \n            <span class=\"feed-date\">\n            Published on 2026-03-03\n        <\/span>\n    \n    <\/div>\n\n\n\n\n\n            \n        <\/li>\n                    <li class=\"wpra-item feed-item \">\n            \n            \n\n    <a  href=\"https:\/\/distritoemprendedores.es\/blog\/6-franquicias-sin-apenas-competencia-en-el-mercado\/\" target=\"_blank\" rel=\"nofollow\" class=\"\">6 franquicias sin apenas competencia en el mercado<\/a>\n\n\n\n\n\n\n<div class=\"wprss-feed-meta\">\n            <span class=\"feed-source\">\n            Source:\n\n                            Distrito Emprendedores\n                    <\/span>\n    \n            <span class=\"feed-date\">\n            Published on 2026-03-02\n        <\/span>\n    \n    <\/div>\n\n\n\n\n\n            \n        <\/li>\n                    <li class=\"wpra-item feed-item \">\n            \n            \n\n    <a  href=\"https:\/\/digistorage.es\/links\/71d78951-a420-4f5b-8de6-7b35ae7efc1c#new_tab\" target=\"_blank\" rel=\"nofollow\" class=\"\">Los algoritmos amenazan con filtrar las confesiones realizadas al abogado<\/a>\n\n\n\n\n\n\n<div class=\"wprss-feed-meta\">\n            <span class=\"feed-source\">\n            Source:\n\n                            Distrito Emprendedores\n                    <\/span>\n    \n            <span class=\"feed-date\">\n            Published on 2026-03-01\n        <\/span>\n    \n    <\/div>\n\n\n\n\n\n            \n        <\/li>\n                    <li class=\"wpra-item feed-item \">\n            \n            \n\n    <a  href=\"https:\/\/distritoemprendedores.es\/blog\/las-startups-que-mas-innovan-en-el-mundo\/\" target=\"_blank\" rel=\"nofollow\" class=\"\">Las startups que m\u00e1s innovan en el mundo<\/a>\n\n\n\n\n\n\n<div class=\"wprss-feed-meta\">\n            <span class=\"feed-source\">\n            Source:\n\n                            Distrito Emprendedores\n                    <\/span>\n    \n            <span class=\"feed-date\">\n            Published on 2026-02-28\n        <\/span>\n    \n    <\/div>\n\n\n\n\n\n            \n        <\/li>\n                    <li class=\"wpra-item feed-item \">\n            \n            \n\n    <a  href=\"https:\/\/distritoemprendedores.es\/blog\/tiktok-genera-31-000-millones-de-euros-para-las-empresas-europeas-y-3-000-millones-en-espana\/\" target=\"_blank\" rel=\"nofollow\" class=\"\">TikTok genera 31.000 millones de euros para las empresas europeas y 3.000 millones en Espa\u00f1a<\/a>\n\n\n\n\n\n\n<div class=\"wprss-feed-meta\">\n            <span class=\"feed-source\">\n            Source:\n\n                            Distrito Emprendedores\n                    <\/span>\n    \n            <span class=\"feed-date\">\n            Published on 2026-02-27\n        <\/span>\n    \n    <\/div>\n\n\n\n\n\n            \n        <\/li>\n                    <li class=\"wpra-item feed-item \">\n            \n            \n\n    <a  href=\"https:\/\/distritoemprendedores.es\/blog\/amazon-planea-un-marketplace-para-hacer-de-puente-entre-los-publishers-y-las-empresas-de-ia\/\" target=\"_blank\" rel=\"nofollow\" class=\"\">Amazon planea un \u00abmarketplace\u00bb para hacer de puente entre los \u00abpublishers\u00bb y las empresas de IA<\/a>\n\n\n\n\n\n\n<div class=\"wprss-feed-meta\">\n            <span class=\"feed-source\">\n            Source:\n\n                            Distrito Emprendedores\n                    <\/span>\n    \n            <span class=\"feed-date\">\n            Published on 2026-02-26\n        <\/span>\n    \n    <\/div>\n\n\n\n\n\n            \n        <\/li>\n        <\/ul>\n\n        \n<\/div>\n\n<\/div>\n\n<hr \/>\n<h3>Qu\u00e9 es eso del Creative Commons<\/h3>\n<p>Por defecto, cuando una persona crea una obra, conserva para s\u00ed todos los derechos sobre ella.<\/p>\n<p>Esto significa que no puedes hacer nada con esa obra (legalmente, se entiende) sin permiso de la persona autora de la misma.<\/p>\n<p>Lo que hacen las licencias Creative Commons es autorizar determinadas actividades sobre la obra sin necesidad de obtener permiso previo por parte de la persona autora, ya que el permiso est\u00e1 concedido de antemano.<\/p>\n<p>Por ejemplo, las licencias Creative Commons te pueden autorizar a reutilizar todo o parte del contenido, modificarlo para generar obras derivadas o incluso comercializar dichas obras derivadas.\u00a0L\u00f3gicamente, qu\u00e9 puedes o no hacer va a depender del tipo concreto de licencia.<\/p>\n<p>Por ejemplo, si eres una persona muy observadora, te habr\u00e1s dado cuenta de que hay una peque\u00f1a diferencia entre las licencias Creative Commons de mi blog y de mi libro.<\/p>\n<p>En concreto, la licencia de mi libro es\u00a0<a href=\"https:\/\/creativecommons.org\/licenses\/by-nc-sa\/4.0\/deed.es\">Atribuci\u00f3n-No Comercial-CompartirIgual 4.0 Internacional<\/a>\u00a0(BY-NC-SA 4.0 Internacional) y la de mi blog es\u00a0<a href=\"https:\/\/creativecommons.org\/licenses\/by-sa\/4.0\/deed.es\"><span class=\"cc-license-title\">Atribuci\u00f3n-CompartirIgual 4.0 Internacional<\/span><\/a>\u00a0(BY-SA 4.0 Internacional).<\/p>\n<p>La \u00fanica diferencia entre ellas es que la licencia del libro no permite crear ni comercializar obras derivadas mientras que la del blog s\u00ed lo permite (siempre que se cumpla con los t\u00e9rminos de la respectiva licencia).<\/p>\n<p>El motivo de esta diferencia es que el blog es m\u00edo y le pongo la licencia que quiero mientras que el libro era un proyecto conjunto con una editorial, por lo que negociamos para encontrar una f\u00f3rmula que nos convenciera a ambas partes.<\/p>\n<h3>Qu\u00e9 puedes hacer y qu\u00e9 no con mis contenidos<\/h3>\n<p>Un error habitual es pensar que las licencias Creative Commons te dan derecho a hacer lo que quieras con los contenidos publicados bajo ellas. Nada m\u00e1s cierto de la realidad.<\/p>\n<p>A m\u00ed no me gusta el Copyright porque creo que\u00a0<strong><a href=\"https:\/\/optimainfinito.com\/2017\/04\/innova-como-habito-y-olvidate-del-copyright.html\">el valor del conocimiento es lo que t\u00fa sabes hacer con \u00e9l y c\u00f3mo lo haces<\/a><\/strong>.<\/p>\n<p>Por eso creo que es una buena idea facilitar ciertos usos de los contenidos siempre que se cumplan determinados requisitos.<\/p>\n<p>Porque esto no va de que la gente haga lo que quiera con las obras de otras personas, sino de fomentar la generaci\u00f3n de conocimiento respetando y valorando a su vez el trabajo ajeno.<\/p>\n<p>En concreto, las licencias Creative Commons que utilizo te permiten usar y compartir mis contenidos. En el caso del blog, tambi\u00e9n puedes crear obras derivadas y comercializarlas.<\/p>\n<p>Ahora bien, las licencias te permiten esto s\u00f3lo si cumples con sus t\u00e9rminos. En caso contrario, estar\u00e1s actuando ilegalmente.<\/p>\n<p>En concreto, ambas licencias te obligan a citarme a m\u00ed como autor de la obra y a enlazar al contenido original. No vale lo uno o lo otro, tienen que ser ambas cosas.<\/p>\n<p>Tambi\u00e9n te obligan a compartir bajo la misma licencia. Es decir, lo que utilices o generes queda autom\u00e1ticamente bajo la misma licencia que estaba el contenido original.<\/p>\n<p>En resumen, puedes copiar, citar, generar obras y comercializarlas (esto \u00faltimo s\u00f3lo con los contenidos del blog) siempre que al hacerlo:<\/p>\n<ol>\n<li>Me cites como autor del contenido original.<\/li>\n<li>Enlaces al contenido original.<\/li>\n<li>Compartas bajo la misma licencia (BY-SA 4.0 Internacional en el caso del blog y BY-NC-SA 4.0 Internacional en el del libro).<\/li>\n<\/ol>\n<p>Espero que el\u00a0<em>post<\/em>\u00a0te haya resultado \u00fatil y te haya ayudado a tener un poco m\u00e1s claro por qu\u00e9 publico bajo licencia Creative Commons y qu\u00e9 implicaciones tiene.<\/p>\n<p><a href=\"https:\/\/optimainfinito.com\/\"><em>Jose Miguel Bolivar<\/em><\/a><\/p>\n<div id=\"telet-2928785666\" class=\"telet-despues-del-contenido telet-entity-placement\"><a target=\"_blank\" href=\"\/\/aff.lucushost.com\/resources\/click\/?n=gDxoXMAJ&aff=756\"><img decoding=\"async\" border=\"0\" alt=\"LucusHost, el mejor hosting\" src=\"\/\/aff.lucushost.com\/resources\/banners\/?zoneid=5123&n=gDxoXMAJ&aff=756\" \/><\/a><\/div>","protected":false},"excerpt":{"rendered":"<p>Es este\u00a0post\u00a0voy a explicar por qu\u00e9 publico bajo licencia Creative Commons todos mis contenidos desde mis comienzos. Cada cierto tiempo ocurre que alguna persona se pone en contacto conmigo pregunt\u00e1ndome&hellip; <\/p>\n","protected":false},"author":1,"featured_media":2739,"comment_status":"open","ping_status":"open","sticky":false,"template":"","format":"standard","meta":{"_jetpack_memberships_contains_paid_content":false,"footnotes":"","_links_to":"","_links_to_target":""},"categories":[8],"tags":[15,14],"class_list":["post-7345","post","type-post","status-publish","format-standard","has-post-thumbnail","hentry","category-vida-social","tag-fuprisa","tag-jose-manuel-fuentes-prieto"],"nelio_content":{"autoShareEndMode":"never","automationSources":{"useCustomSentences":false,"customSentences":[]},"efiAlt":"","efiUrl":"","followers":[1],"highlights":[],"isAutoShareEnabled":true,"networkImageIds":[],"permalinkQueryArgs":[],"series":[],"suggestedReferences":[]},"jetpack_featured_media_url":"https:\/\/teletrabajoynegocios.com\/telesecretarias\/wp-content\/uploads\/sites\/2\/2020\/12\/teletrabajo4.jpg","jetpack_sharing_enabled":true,"_links":{"self":[{"href":"https:\/\/teletrabajoynegocios.com\/telesecretarias\/wp-json\/wp\/v2\/posts\/7345","targetHints":{"allow":["GET"]}}],"collection":[{"href":"https:\/\/teletrabajoynegocios.com\/telesecretarias\/wp-json\/wp\/v2\/posts"}],"about":[{"href":"https:\/\/teletrabajoynegocios.com\/telesecretarias\/wp-json\/wp\/v2\/types\/post"}],"author":[{"embeddable":true,"href":"https:\/\/teletrabajoynegocios.com\/telesecretarias\/wp-json\/wp\/v2\/users\/1"}],"replies":[{"embeddable":true,"href":"https:\/\/teletrabajoynegocios.com\/telesecretarias\/wp-json\/wp\/v2\/comments?post=7345"}],"version-history":[{"count":1,"href":"https:\/\/teletrabajoynegocios.com\/telesecretarias\/wp-json\/wp\/v2\/posts\/7345\/revisions"}],"predecessor-version":[{"id":7346,"href":"https:\/\/teletrabajoynegocios.com\/telesecretarias\/wp-json\/wp\/v2\/posts\/7345\/revisions\/7346"}],"wp:featuredmedia":[{"embeddable":true,"href":"https:\/\/teletrabajoynegocios.com\/telesecretarias\/wp-json\/wp\/v2\/media\/2739"}],"wp:attachment":[{"href":"https:\/\/teletrabajoynegocios.com\/telesecretarias\/wp-json\/wp\/v2\/media?parent=7345"}],"wp:term":[{"taxonomy":"category","embeddable":true,"href":"https:\/\/teletrabajoynegocios.com\/telesecretarias\/wp-json\/wp\/v2\/categories?post=7345"},{"taxonomy":"post_tag","embeddable":true,"href":"https:\/\/teletrabajoynegocios.com\/telesecretarias\/wp-json\/wp\/v2\/tags?post=7345"}],"curies":[{"name":"wp","href":"https:\/\/api.w.org\/{rel}","templated":true}]}}