{"id":7646,"date":"2022-02-03T09:57:07","date_gmt":"2022-02-03T08:57:07","guid":{"rendered":"https:\/\/teletrabajoynegocios.com\/telesecretarias\/?p=7646"},"modified":"2022-02-04T10:02:44","modified_gmt":"2022-02-04T09:02:44","slug":"google-empieza-a-cobrar-por-las-cuentas-g-suite-que-eran-gratis-para-empresas-asi-sera-el-coste-y-las-alternativas","status":"publish","type":"post","link":"https:\/\/teletrabajoynegocios.com\/telesecretarias\/google-empieza-a-cobrar-por-las-cuentas-g-suite-que-eran-gratis-para-empresas-asi-sera-el-coste-y-las-alternativas\/","title":{"rendered":"Google empieza a cobrar por las cuentas G Suite que eran gratis para empresas: as\u00ed ser\u00e1 el coste y las alternativas"},"content":{"rendered":"<div id=\"telet-938664421\" class=\"telet-antes-del-contenido telet-entity-placement\"><a href=\"https:\/\/quaderno.io\/?via=jose-manuel94\" aria-label=\"Quaderno General (Spanish) &#8211; 728&#215;90\"><img loading=\"lazy\" decoding=\"async\" src=\"https:\/\/teletrabajoynegocios.com\/telesecretarias\/wp-content\/uploads\/sites\/2\/2020\/11\/Quaderno-General-Spanish-728x90-1.png\" alt=\"\"  srcset=\"https:\/\/teletrabajoynegocios.com\/telesecretarias\/wp-content\/uploads\/sites\/2\/2020\/11\/Quaderno-General-Spanish-728x90-1.png 728w, https:\/\/teletrabajoynegocios.com\/telesecretarias\/wp-content\/uploads\/sites\/2\/2020\/11\/Quaderno-General-Spanish-728x90-1-300x37.png 300w\" sizes=\"(max-width: 728px) 100vw, 728px\" width=\"728\" height=\"90\"   \/><\/a><\/div><p>Muchas empresas aprovecharon en su momento el lanzamiento de G Suite, ahora transformado por Google desde hace tiempo en Workspace y que heredaba de G Suite algunas de estas cuentas. La gracia del asunto estaba en que pod\u00edamos tener cuentas de Gmail, y utilizarlas de forma gratuita con nuestro propio dominio. Pero todo tiene un fin y\u00a0<strong>Google empieza a cobrar por las cuentas G Suite que eran gratis para empresas<\/strong>, por lo que toca ver cu\u00e1l sera el coste si queremos seguir con el servicio o qu\u00e9 alternativas tenemos disponibles.<\/p>\n<p>Ser\u00e1 a lo largo de este a\u00f1o cuando se empiece a cobrar por dicho servicio. Y el coste como es habitual ser\u00e1 por cuenta creada. Esto implica que si en nuestra empresa ten\u00edamos creadas cinco cuentas para\u00a0<strong>cinco usuarios distintos tendremos que contratar dichas cuentas<\/strong>. El coste del servicio m\u00e1s b\u00e1sico es 5,20 euros por usuario y mes, en el servicio m\u00e1s b\u00e1sico Business Starter que nos da un espacio de 30 GB por cuenta.<\/p>\n<hr \/>\n<p><img decoding=\"async\" src=\"https:\/\/teletrabajoynegocios.com\/teletrabajador\/wp-content\/uploads\/sites\/3\/2020\/07\/articulos.png\" \/><\/p>\n<div class=\"wp-rss-template-container\" data-wpra-template=\"default\" data-template-ctx=\"eyJ0ZW1wbGF0ZSI6IkRlZmF1bHQifQ==\">\n    <div class=\"wp-rss-aggregator wpra-list-template  \" data-page=\"1\">\n    \n    \n<ul class=\"wpra-item-list rss-aggregator wpra-item-list--bullets wpra-item-list--default\"\n    start=\"1\">\n                        <li class=\"wpra-item feed-item \">\n            \n            \n\n    <a  href=\"https:\/\/distritoemprendedores.com\/blog\/2026\/03\/16\/hello-world\/\" target=\"_blank\" rel=\"nofollow\" class=\"\">Hello world!<\/a>\n\n\n\n\n\n\n<div class=\"wprss-feed-meta\">\n            <span class=\"feed-source\">\n            Source:\n\n                            Distrito Emprendedores\n                    <\/span>\n    \n            <span class=\"feed-date\">\n            Published on 2026-03-16\n        <\/span>\n    \n    <\/div>\n\n\n\n\n\n            \n        <\/li>\n                    <li class=\"wpra-item feed-item \">\n            \n            \n\n    <a  href=\"https:\/\/www.dropbox.com\/scl\/fi\/b6csvpbfxu24vaezmo3es\/62bed0634df20e5ef35346439fdd423f_franquicias.pdf?rlkey=mfp2795s4n89mw35l0yeu2vl5&amp;e=2&amp;st=57kabuy0&amp;dl=0#new_tab\" target=\"_blank\" rel=\"nofollow\" class=\"\">Las franquicias espa\u00f1olas duplican su presencia en mercados for\u00e1neos<\/a>\n\n\n\n\n\n\n<div class=\"wprss-feed-meta\">\n            <span class=\"feed-source\">\n            Source:\n\n                            Distrito Emprendedores\n                    <\/span>\n    \n            <span class=\"feed-date\">\n            Published on 2026-03-11\n        <\/span>\n    \n    <\/div>\n\n\n\n\n\n            \n        <\/li>\n                    <li class=\"wpra-item feed-item \">\n            \n            \n\n    <a  href=\"https:\/\/distritoemprendedores.es\/blog\/5-errores-fatales-al-internacionalizar-tu-franquicia\/\" target=\"_blank\" rel=\"nofollow\" class=\"\">5 errores fatales al internacionalizar tu franquicia<\/a>\n\n\n\n\n\n\n<div class=\"wprss-feed-meta\">\n            <span class=\"feed-source\">\n            Source:\n\n                            Distrito Emprendedores\n                    <\/span>\n    \n            <span class=\"feed-date\">\n            Published on 2026-03-10\n        <\/span>\n    \n    <\/div>\n\n\n\n\n\n            \n        <\/li>\n                    <li class=\"wpra-item feed-item \">\n            \n            \n\n    <a  href=\"https:\/\/distritoemprendedores.es\/blog\/un-nuevo-prime-time-para-las-marcas-afterwork-tardeo-y-futbol-se-consolidan-como-los-grandes-motores-del-consumo-experiencial\/\" target=\"_blank\" rel=\"nofollow\" class=\"\">Un nuevo prime time para las marcas: afterwork, tardeo y f\u00fatbol se consolidan como los grandes motores del consumo experiencial<\/a>\n\n\n\n\n\n\n<div class=\"wprss-feed-meta\">\n            <span class=\"feed-source\">\n            Source:\n\n                            Distrito Emprendedores\n                    <\/span>\n    \n            <span class=\"feed-date\">\n            Published on 2026-03-09\n        <\/span>\n    \n    <\/div>\n\n\n\n\n\n            \n        <\/li>\n                    <li class=\"wpra-item feed-item \">\n            \n            \n\n    <a  href=\"https:\/\/distritoemprendedores.es\/blog\/la-ventaja-competitiva-esta-en-entender-como-pregunta-el-consumidor\/\" target=\"_blank\" rel=\"nofollow\" class=\"\">La ventaja competitiva est\u00e1 en entender c\u00f3mo pregunta el consumidor<\/a>\n\n\n\n\n\n\n<div class=\"wprss-feed-meta\">\n            <span class=\"feed-source\">\n            Source:\n\n                            Distrito Emprendedores\n                    <\/span>\n    \n            <span class=\"feed-date\">\n            Published on 2026-03-08\n        <\/span>\n    \n    <\/div>\n\n\n\n\n\n            \n        <\/li>\n                    <li class=\"wpra-item feed-item \">\n            \n            \n\n    <a  href=\"https:\/\/distritoemprendedores.es\/blog\/solo-el-7-de-los-espanoles-cree-a-las-marcas-cuando-comunican-sus-valores-con-hechos-demostrables\/\" target=\"_blank\" rel=\"nofollow\" class=\"\">Solo el 7% de los espa\u00f1oles cree a las marcas cuando comunican sus valores con hechos demostrables<\/a>\n\n\n\n\n\n\n<div class=\"wprss-feed-meta\">\n            <span class=\"feed-source\">\n            Source:\n\n                            Distrito Emprendedores\n                    <\/span>\n    \n            <span class=\"feed-date\">\n            Published on 2026-03-07\n        <\/span>\n    \n    <\/div>\n\n\n\n\n\n            \n        <\/li>\n                    <li class=\"wpra-item feed-item \">\n            \n            \n\n    <a  href=\"https:\/\/distritoemprendedores.es\/blog\/el-38-de-las-empresas-creadas-en-2019-ha-echado-ya-el-cierre\/\" target=\"_blank\" rel=\"nofollow\" class=\"\">El 38% de las empresas creadas en 2019 ha echado ya el cierre<\/a>\n\n\n\n\n\n\n<div class=\"wprss-feed-meta\">\n            <span class=\"feed-source\">\n            Source:\n\n                            Distrito Emprendedores\n                    <\/span>\n    \n            <span class=\"feed-date\">\n            Published on 2026-03-06\n        <\/span>\n    \n    <\/div>\n\n\n\n\n\n            \n        <\/li>\n                    <li class=\"wpra-item feed-item \">\n            \n            \n\n    <a  href=\"https:\/\/distritoemprendedores.es\/blog\/descubre-las-oportunidades-y-tendencias-en-el-mercado-de-la-franquicia-para-2026\/\" target=\"_blank\" rel=\"nofollow\" class=\"\">Descubre las oportunidades y tendencias en el mercado de la franquicia para 2026<\/a>\n\n\n\n\n\n\n<div class=\"wprss-feed-meta\">\n            <span class=\"feed-source\">\n            Source:\n\n                            Distrito Emprendedores\n                    <\/span>\n    \n            <span class=\"feed-date\">\n            Published on 2026-03-05\n        <\/span>\n    \n    <\/div>\n\n\n\n\n\n            \n        <\/li>\n                    <li class=\"wpra-item feed-item \">\n            \n            \n\n    <a  href=\"https:\/\/distritoemprendedores.es\/blog\/las-startups-de-salud-mas-punteras-del-mundo\/\" target=\"_blank\" rel=\"nofollow\" class=\"\">Las startups de salud m\u00e1s punteras del mundo<\/a>\n\n\n\n\n\n\n<div class=\"wprss-feed-meta\">\n            <span class=\"feed-source\">\n            Source:\n\n                            Distrito Emprendedores\n                    <\/span>\n    \n            <span class=\"feed-date\">\n            Published on 2026-03-04\n        <\/span>\n    \n    <\/div>\n\n\n\n\n\n            \n        <\/li>\n                    <li class=\"wpra-item feed-item \">\n            \n            \n\n    <a  href=\"https:\/\/distritoemprendedores.es\/blog\/puesta-en-marcha-de-un-negocio-primeros-pasos-para-validar-vender-y-controlar-la-tesoreria\/\" target=\"_blank\" rel=\"nofollow\" class=\"\">Puesta en marcha de un negocio: primeros pasos para validar, vender y controlar la tesorer\u00eda<\/a>\n\n\n\n\n\n\n<div class=\"wprss-feed-meta\">\n            <span class=\"feed-source\">\n            Source:\n\n                            Distrito Emprendedores\n                    <\/span>\n    \n            <span class=\"feed-date\">\n            Published on 2026-03-03\n        <\/span>\n    \n    <\/div>\n\n\n\n\n\n            \n        <\/li>\n                    <li class=\"wpra-item feed-item \">\n            \n            \n\n    <a  href=\"https:\/\/distritoemprendedores.es\/blog\/6-franquicias-sin-apenas-competencia-en-el-mercado\/\" target=\"_blank\" rel=\"nofollow\" class=\"\">6 franquicias sin apenas competencia en el mercado<\/a>\n\n\n\n\n\n\n<div class=\"wprss-feed-meta\">\n            <span class=\"feed-source\">\n            Source:\n\n                            Distrito Emprendedores\n                    <\/span>\n    \n            <span class=\"feed-date\">\n            Published on 2026-03-02\n        <\/span>\n    \n    <\/div>\n\n\n\n\n\n            \n        <\/li>\n                    <li class=\"wpra-item feed-item \">\n            \n            \n\n    <a  href=\"https:\/\/digistorage.es\/links\/71d78951-a420-4f5b-8de6-7b35ae7efc1c#new_tab\" target=\"_blank\" rel=\"nofollow\" class=\"\">Los algoritmos amenazan con filtrar las confesiones realizadas al abogado<\/a>\n\n\n\n\n\n\n<div class=\"wprss-feed-meta\">\n            <span class=\"feed-source\">\n            Source:\n\n                            Distrito Emprendedores\n                    <\/span>\n    \n            <span class=\"feed-date\">\n            Published on 2026-03-01\n        <\/span>\n    \n    <\/div>\n\n\n\n\n\n            \n        <\/li>\n                    <li class=\"wpra-item feed-item \">\n            \n            \n\n    <a  href=\"https:\/\/distritoemprendedores.es\/blog\/las-startups-que-mas-innovan-en-el-mundo\/\" target=\"_blank\" rel=\"nofollow\" class=\"\">Las startups que m\u00e1s innovan en el mundo<\/a>\n\n\n\n\n\n\n<div class=\"wprss-feed-meta\">\n            <span class=\"feed-source\">\n            Source:\n\n                            Distrito Emprendedores\n                    <\/span>\n    \n            <span class=\"feed-date\">\n            Published on 2026-02-28\n        <\/span>\n    \n    <\/div>\n\n\n\n\n\n            \n        <\/li>\n                    <li class=\"wpra-item feed-item \">\n            \n            \n\n    <a  href=\"https:\/\/distritoemprendedores.es\/blog\/tiktok-genera-31-000-millones-de-euros-para-las-empresas-europeas-y-3-000-millones-en-espana\/\" target=\"_blank\" rel=\"nofollow\" class=\"\">TikTok genera 31.000 millones de euros para las empresas europeas y 3.000 millones en Espa\u00f1a<\/a>\n\n\n\n\n\n\n<div class=\"wprss-feed-meta\">\n            <span class=\"feed-source\">\n            Source:\n\n                            Distrito Emprendedores\n                    <\/span>\n    \n            <span class=\"feed-date\">\n            Published on 2026-02-27\n        <\/span>\n    \n    <\/div>\n\n\n\n\n\n            \n        <\/li>\n                    <li class=\"wpra-item feed-item \">\n            \n            \n\n    <a  href=\"https:\/\/distritoemprendedores.es\/blog\/amazon-planea-un-marketplace-para-hacer-de-puente-entre-los-publishers-y-las-empresas-de-ia\/\" target=\"_blank\" rel=\"nofollow\" class=\"\">Amazon planea un \u00abmarketplace\u00bb para hacer de puente entre los \u00abpublishers\u00bb y las empresas de IA<\/a>\n\n\n\n\n\n\n<div class=\"wprss-feed-meta\">\n            <span class=\"feed-source\">\n            Source:\n\n                            Distrito Emprendedores\n                    <\/span>\n    \n            <span class=\"feed-date\">\n            Published on 2026-02-26\n        <\/span>\n    \n    <\/div>\n\n\n\n\n\n            \n        <\/li>\n        <\/ul>\n\n        \n<\/div>\n\n<\/div>\n\n<hr \/>\n<h2>\u00bfD\u00f3nde est\u00e1n nuestros datos?<\/h2>\n<p>Pero teniendo en cuenta que adem\u00e1s del correo tenemos Google Drive o vamos a llevar datos personales de nuestros clientes a la nube, nos interesa que nos garanticen que sus\u00a0<strong>servidores van a estar ubicados dentro de la UE<\/strong>, algo que en la versi\u00f3n b\u00e1sica no aparece por ning\u00fan lado y hay que pasar a la versi\u00f3n Business Standard para tener dicha garant\u00eda.<\/p>\n<p>La mayor\u00eda de las empresas que hasta ahora utilizaban en servicio de forma gratuita probablemente no tendr\u00e1n en consideraci\u00f3n esta cuesti\u00f3n, pero ser\u00eda conveniente que antes de hacer cualquier cambio hablaran con sus consultores de protecci\u00f3n de datos.<\/p>\n<p>Hay que tener en cuenta que tambi\u00e9n se pueden utilizar los alias, como puede ser una cuenta general tipo info@nombredelaempresa.com, que utilizamos para que sea un contacto en la p\u00e1gina web, la que ponemos en la impresora si queremos que los documentos escaneados nos lo env\u00ede por correo, etc. Este tipo de cuentas se pueden configurar como alias, como un segundo nombre\u00a0<strong>dentro de una cuenta principal y no tendr\u00edan coste a\u00f1adido<\/strong>.<\/p>\n<p>Por supuesto no solo vamos a tener correo electr\u00f3nico con el dominio de nuestra empresa. Hay\u00a0<strong>aplicaciones de valor a\u00f1adido a las que podemos sacar mucho partido<\/strong>, como las videollamadas, las pizarras digitales o el almacenamiento en la nube de Drive, para tener documentaci\u00f3n siempre a mano, sin importar si estamos o no en la oficina. O para tener una copia de seguridad de nuestros datos fuera de la empresa.<\/p>\n<h2>\u00bfY si no quiero pagar por lo que hasta ahora era gratis?<\/h2>\n<p>En este caso la opci\u00f3n m\u00e1s sencilla es\u00a0<strong>acudir a la empresa con la que hemos contratado nuestro dominio<\/strong>, ese nombredeempresa.com, que utilizamos para personalizar nuestro correo, pero tambi\u00e9n en la p\u00e1gina web de nuestra compa\u00f1\u00eda. Aunque algunas empresas peque\u00f1a ni siquiera la tienen activa y el motivo fundamental para contratar el dominio es el correo electr\u00f3nico.<\/p>\n<p>Lo habitual es que dispongan de diferentes planes de precios, donde las cuentas m\u00e1s b\u00e1sicas\u00a0<strong>vienen incluidas en el coste del hosting o el alojamiento web<\/strong>\u00a0que tenemos para nuestra p\u00e1gina. A partir de aqu\u00ed, en funci\u00f3n de las necesidades de cada organizaci\u00f3n se pueden buscar diferentes planes de precios que ser\u00e1n bastante m\u00e1s econ\u00f3micos que los de Google. Adem\u00e1s, el cambio en la configuraci\u00f3n para empezar a recibir en este nuevo servidor de correo los mensajes ser\u00eda m\u00e1s sencillo y transparente para las empresas.<\/p>\n<p>Ser\u00e1n\u00a0<strong>\u00fatiles sobre todo para aquellas empresas que no requieren de gran movilidad<\/strong>, donde la parte fundamental del trabajo la realizan desde un ordenador en su oficina, pero no desde su casa, su port\u00e1til o sus tel\u00e9fonos m\u00f3viles. Son empresas que utilizan el protocolo POP, que descargan todo el correo en dichos equipos y de esta forma, aunque tengan un espacio de correo limitado, nunca llegan a necesitar ampliar el buz\u00f3n. Pero el archivo hist\u00f3rico, queda en su ordenador, no en la nube.<\/p>\n<h2>Seguir utilizando Gmail como gestor de correo<\/h2>\n<p>Este tipo de empresas normalmente han apostado por un\u00a0<strong>cliente de correo electr\u00f3nico de escritorio<\/strong>, el m\u00e1s popular ha sido Outlook, pero podemos encontrar\u00a0<a href=\"https:\/\/www.pymesyautonomos.com\/tecnologia\/ocho-clientes-de-correo-que-te-haran-olvidarte-de-outlook\">otras muchas alternativas y muy buenas<\/a>. Lo interesante es tener el archivo de correo hist\u00f3rico disponible, hacer copia de seguridad o poder llevarlo a otro ordenador si se da el caso.<\/p>\n<p>Pero la mayor\u00eda de las empresas y clientes que ya est\u00e1n habituados a\u00a0<strong>utilizar Gmail como gestor de correo<\/strong>\u00a0lo m\u00e1s probable es que no quieran cambiar. Tampoco es necesario, bastar\u00eda con configurar dichas cuentas POP con el dominio de nuestra empresa en la configuraci\u00f3n de Gmail d\u00e1ndolas de alta en el apartado de Configuraci\u00f3n\\Cuentas e importaci\u00f3n.<\/p>\n<p>Esta opci\u00f3n nos permite gestionar desde el buz\u00f3n de una cuenta de Gmail que nos hayamos creado previamente, recordad que la de empresa dejar\u00eda de funcionar, tipo nombre-nombreempresa @ gmail.com, los correos que se env\u00eden a nuestras cuentas de empresa y contestar tambi\u00e9n a trav\u00e9s de esta misma direcci\u00f3n. Lo interesante aqu\u00ed es\u00a0<strong>los trabajadores van a seguir utilizando el mismo sistema que hasta ahora<\/strong>, haciendo que la transici\u00f3n sea casi transparente para ellos.<\/p>\n<p>Es\u00a0<strong>algo que tiene que valorar cada organizaci\u00f3n<\/strong>, o cada aut\u00f3nomo, que muchos aprovecharon en su momento esta alternativa. Si hablamos de una herramienta importante, que utilizamos todos los d\u00edas y que si nos falla supone un problema para nuestro negocio, lo mejor es contratar con Google, pagar por las cuentas que usamos y seguir como hasta ahora.<\/p>\n<p>Si no nos tocar\u00e1 hacer los cambios y\u00a0<strong>ponerlo en marcha en el momento m\u00e1s adecuado<\/strong>, porque para la mayor\u00eda de ellos el correo electr\u00f3nico sigue siendo una herramienta imprescindible en el d\u00eda a d\u00eda y mejor decidir nosotros cuando es el mejor momento para hacer el cambio.<\/p>\n<p><a class=\"article-author-link\" href=\"https:\/\/www.pymesyautonomos.com\/autor\/carlos-roberto\" rel=\"author\">CARLOS ROBERTO<\/a><\/p>\n<div id=\"telet-3006030007\" class=\"telet-despues-del-contenido telet-entity-placement\"><a target=\"_blank\" href=\"\/\/aff.lucushost.com\/resources\/click\/?n=gDxoXMAJ&aff=756\"><img decoding=\"async\" border=\"0\" alt=\"LucusHost, el mejor hosting\" src=\"\/\/aff.lucushost.com\/resources\/banners\/?zoneid=5123&n=gDxoXMAJ&aff=756\" \/><\/a><\/div>","protected":false},"excerpt":{"rendered":"<p>Muchas empresas aprovecharon en su momento el lanzamiento de G Suite, ahora transformado por Google desde hace tiempo en Workspace y que heredaba de G Suite algunas de estas cuentas.&hellip; <\/p>\n","protected":false},"author":1,"featured_media":3322,"comment_status":"open","ping_status":"open","sticky":false,"template":"","format":"standard","meta":{"_jetpack_memberships_contains_paid_content":false,"footnotes":"","_links_to":"","_links_to_target":""},"categories":[10],"tags":[15,14],"class_list":["post-7646","post","type-post","status-publish","format-standard","has-post-thumbnail","hentry","category-email","tag-fuprisa","tag-jose-manuel-fuentes-prieto"],"nelio_content":{"autoShareEndMode":"never","automationSources":{"useCustomSentences":false,"customSentences":[]},"efiAlt":"","efiUrl":"","followers":[1],"highlights":[],"isAutoShareEnabled":true,"networkImageIds":[],"permalinkQueryArgs":[],"series":[],"suggestedReferences":[]},"jetpack_featured_media_url":"https:\/\/teletrabajoynegocios.com\/telesecretarias\/wp-content\/uploads\/sites\/2\/2021\/03\/taza-cafe.jpg","jetpack_sharing_enabled":true,"_links":{"self":[{"href":"https:\/\/teletrabajoynegocios.com\/telesecretarias\/wp-json\/wp\/v2\/posts\/7646","targetHints":{"allow":["GET"]}}],"collection":[{"href":"https:\/\/teletrabajoynegocios.com\/telesecretarias\/wp-json\/wp\/v2\/posts"}],"about":[{"href":"https:\/\/teletrabajoynegocios.com\/telesecretarias\/wp-json\/wp\/v2\/types\/post"}],"author":[{"embeddable":true,"href":"https:\/\/teletrabajoynegocios.com\/telesecretarias\/wp-json\/wp\/v2\/users\/1"}],"replies":[{"embeddable":true,"href":"https:\/\/teletrabajoynegocios.com\/telesecretarias\/wp-json\/wp\/v2\/comments?post=7646"}],"version-history":[{"count":2,"href":"https:\/\/teletrabajoynegocios.com\/telesecretarias\/wp-json\/wp\/v2\/posts\/7646\/revisions"}],"predecessor-version":[{"id":7649,"href":"https:\/\/teletrabajoynegocios.com\/telesecretarias\/wp-json\/wp\/v2\/posts\/7646\/revisions\/7649"}],"wp:featuredmedia":[{"embeddable":true,"href":"https:\/\/teletrabajoynegocios.com\/telesecretarias\/wp-json\/wp\/v2\/media\/3322"}],"wp:attachment":[{"href":"https:\/\/teletrabajoynegocios.com\/telesecretarias\/wp-json\/wp\/v2\/media?parent=7646"}],"wp:term":[{"taxonomy":"category","embeddable":true,"href":"https:\/\/teletrabajoynegocios.com\/telesecretarias\/wp-json\/wp\/v2\/categories?post=7646"},{"taxonomy":"post_tag","embeddable":true,"href":"https:\/\/teletrabajoynegocios.com\/telesecretarias\/wp-json\/wp\/v2\/tags?post=7646"}],"curies":[{"name":"wp","href":"https:\/\/api.w.org\/{rel}","templated":true}]}}