{"id":7654,"date":"2022-02-05T10:07:58","date_gmt":"2022-02-05T09:07:58","guid":{"rendered":"https:\/\/teletrabajoynegocios.com\/telesecretarias\/?p=7654"},"modified":"2022-02-04T10:13:28","modified_gmt":"2022-02-04T09:13:28","slug":"asi-utilizo-google-calendar-para-aumentar-mi-productividad-y-reducir-mis-100-horas-de-trabajo-semanales-a-35","status":"publish","type":"post","link":"https:\/\/teletrabajoynegocios.com\/telesecretarias\/asi-utilizo-google-calendar-para-aumentar-mi-productividad-y-reducir-mis-100-horas-de-trabajo-semanales-a-35\/","title":{"rendered":"As\u00ed utilizo Google Calendar para aumentar mi productividad y reducir mis 100 horas de trabajo semanales a 35"},"content":{"rendered":"<div id=\"telet-2349243915\" class=\"telet-antes-del-contenido telet-entity-placement\"><a href=\"https:\/\/quaderno.io\/?via=jose-manuel94\" aria-label=\"Quaderno General (Spanish) &#8211; 728&#215;90\"><img loading=\"lazy\" decoding=\"async\" src=\"https:\/\/teletrabajoynegocios.com\/telesecretarias\/wp-content\/uploads\/sites\/2\/2020\/11\/Quaderno-General-Spanish-728x90-1.png\" alt=\"\"  srcset=\"https:\/\/teletrabajoynegocios.com\/telesecretarias\/wp-content\/uploads\/sites\/2\/2020\/11\/Quaderno-General-Spanish-728x90-1.png 728w, https:\/\/teletrabajoynegocios.com\/telesecretarias\/wp-content\/uploads\/sites\/2\/2020\/11\/Quaderno-General-Spanish-728x90-1-300x37.png 300w\" sizes=\"(max-width: 728px) 100vw, 728px\" width=\"728\" height=\"90\"   \/><\/a><\/div><p>Cuando la gente se entera de que dirijo\u00a0<strong>una empresa de asistencia virtual de 8 cifras\u00a0<\/strong>y que s\u00f3lo trabajo 35 horas a la semana, siempre me preguntan c\u00f3mo hago. La verdad es que me baso en una sola herramienta: la humilde aplicaci\u00f3n de\u00a0<strong>Google Calendar.<\/strong><\/p>\n<p><strong>Sol\u00eda trabajar 100 horas a la semana,\u00a0<\/strong>pero reduje mis horas y nuestros ingresos aumentaron. Ahora soy mucho m\u00e1s feliz, y la aplicaci\u00f3n de calendario me ha ayudado a conseguirlo.<\/p>\n<p>Cada cosa que hago est\u00e1 programada en Google Calendar,\u00a0<strong>normalmente con 2 semanas de antelaci\u00f3n<\/strong>. Cada lunes por la ma\u00f1ana s\u00e9 exactamente c\u00f3mo va a ser mi semana.<\/p>\n<p>Esto me ayuda a ser militante con mi tiempo y a contabilizar cada minuto de mi d\u00eda. Adem\u00e1s,<strong>\u00a0nunca termino un d\u00eda cuestionando lo que realmente he conseguido\u00a0<\/strong>o pregunt\u00e1ndome d\u00f3nde han ido a parar las horas<\/p>\n<hr \/>\n<p><img decoding=\"async\" src=\"https:\/\/teletrabajoynegocios.com\/teletrabajador\/wp-content\/uploads\/sites\/3\/2020\/07\/articulos.png\" \/><\/p>\n<div class=\"wp-rss-template-container\" data-wpra-template=\"default\" data-template-ctx=\"eyJ0ZW1wbGF0ZSI6IkRlZmF1bHQifQ==\">\n    <div class=\"wp-rss-aggregator wpra-list-template  \" data-page=\"1\">\n    \n    \n<ul class=\"wpra-item-list rss-aggregator wpra-item-list--bullets wpra-item-list--default\"\n    start=\"1\">\n                        <li class=\"wpra-item feed-item \">\n            \n            \n\n    <a  href=\"https:\/\/distritoemprendedores.com\/blog\/2026\/03\/16\/hello-world\/\" target=\"_blank\" rel=\"nofollow\" class=\"\">Hello world!<\/a>\n\n\n\n\n\n\n<div class=\"wprss-feed-meta\">\n            <span class=\"feed-source\">\n            Source:\n\n                            Distrito Emprendedores\n                    <\/span>\n    \n            <span class=\"feed-date\">\n            Published on 2026-03-16\n        <\/span>\n    \n    <\/div>\n\n\n\n\n\n            \n        <\/li>\n                    <li class=\"wpra-item feed-item \">\n            \n            \n\n    <a  href=\"https:\/\/www.dropbox.com\/scl\/fi\/b6csvpbfxu24vaezmo3es\/62bed0634df20e5ef35346439fdd423f_franquicias.pdf?rlkey=mfp2795s4n89mw35l0yeu2vl5&amp;e=2&amp;st=57kabuy0&amp;dl=0#new_tab\" target=\"_blank\" rel=\"nofollow\" class=\"\">Las franquicias espa\u00f1olas duplican su presencia en mercados for\u00e1neos<\/a>\n\n\n\n\n\n\n<div class=\"wprss-feed-meta\">\n            <span class=\"feed-source\">\n            Source:\n\n                            Distrito Emprendedores\n                    <\/span>\n    \n            <span class=\"feed-date\">\n            Published on 2026-03-11\n        <\/span>\n    \n    <\/div>\n\n\n\n\n\n            \n        <\/li>\n                    <li class=\"wpra-item feed-item \">\n            \n            \n\n    <a  href=\"https:\/\/distritoemprendedores.es\/blog\/5-errores-fatales-al-internacionalizar-tu-franquicia\/\" target=\"_blank\" rel=\"nofollow\" class=\"\">5 errores fatales al internacionalizar tu franquicia<\/a>\n\n\n\n\n\n\n<div class=\"wprss-feed-meta\">\n            <span class=\"feed-source\">\n            Source:\n\n                            Distrito Emprendedores\n                    <\/span>\n    \n            <span class=\"feed-date\">\n            Published on 2026-03-10\n        <\/span>\n    \n    <\/div>\n\n\n\n\n\n            \n        <\/li>\n                    <li class=\"wpra-item feed-item \">\n            \n            \n\n    <a  href=\"https:\/\/distritoemprendedores.es\/blog\/un-nuevo-prime-time-para-las-marcas-afterwork-tardeo-y-futbol-se-consolidan-como-los-grandes-motores-del-consumo-experiencial\/\" target=\"_blank\" rel=\"nofollow\" class=\"\">Un nuevo prime time para las marcas: afterwork, tardeo y f\u00fatbol se consolidan como los grandes motores del consumo experiencial<\/a>\n\n\n\n\n\n\n<div class=\"wprss-feed-meta\">\n            <span class=\"feed-source\">\n            Source:\n\n                            Distrito Emprendedores\n                    <\/span>\n    \n            <span class=\"feed-date\">\n            Published on 2026-03-09\n        <\/span>\n    \n    <\/div>\n\n\n\n\n\n            \n        <\/li>\n                    <li class=\"wpra-item feed-item \">\n            \n            \n\n    <a  href=\"https:\/\/distritoemprendedores.es\/blog\/la-ventaja-competitiva-esta-en-entender-como-pregunta-el-consumidor\/\" target=\"_blank\" rel=\"nofollow\" class=\"\">La ventaja competitiva est\u00e1 en entender c\u00f3mo pregunta el consumidor<\/a>\n\n\n\n\n\n\n<div class=\"wprss-feed-meta\">\n            <span class=\"feed-source\">\n            Source:\n\n                            Distrito Emprendedores\n                    <\/span>\n    \n            <span class=\"feed-date\">\n            Published on 2026-03-08\n        <\/span>\n    \n    <\/div>\n\n\n\n\n\n            \n        <\/li>\n                    <li class=\"wpra-item feed-item \">\n            \n            \n\n    <a  href=\"https:\/\/distritoemprendedores.es\/blog\/solo-el-7-de-los-espanoles-cree-a-las-marcas-cuando-comunican-sus-valores-con-hechos-demostrables\/\" target=\"_blank\" rel=\"nofollow\" class=\"\">Solo el 7% de los espa\u00f1oles cree a las marcas cuando comunican sus valores con hechos demostrables<\/a>\n\n\n\n\n\n\n<div class=\"wprss-feed-meta\">\n            <span class=\"feed-source\">\n            Source:\n\n                            Distrito Emprendedores\n                    <\/span>\n    \n            <span class=\"feed-date\">\n            Published on 2026-03-07\n        <\/span>\n    \n    <\/div>\n\n\n\n\n\n            \n        <\/li>\n                    <li class=\"wpra-item feed-item \">\n            \n            \n\n    <a  href=\"https:\/\/distritoemprendedores.es\/blog\/el-38-de-las-empresas-creadas-en-2019-ha-echado-ya-el-cierre\/\" target=\"_blank\" rel=\"nofollow\" class=\"\">El 38% de las empresas creadas en 2019 ha echado ya el cierre<\/a>\n\n\n\n\n\n\n<div class=\"wprss-feed-meta\">\n            <span class=\"feed-source\">\n            Source:\n\n                            Distrito Emprendedores\n                    <\/span>\n    \n            <span class=\"feed-date\">\n            Published on 2026-03-06\n        <\/span>\n    \n    <\/div>\n\n\n\n\n\n            \n        <\/li>\n                    <li class=\"wpra-item feed-item \">\n            \n            \n\n    <a  href=\"https:\/\/distritoemprendedores.es\/blog\/descubre-las-oportunidades-y-tendencias-en-el-mercado-de-la-franquicia-para-2026\/\" target=\"_blank\" rel=\"nofollow\" class=\"\">Descubre las oportunidades y tendencias en el mercado de la franquicia para 2026<\/a>\n\n\n\n\n\n\n<div class=\"wprss-feed-meta\">\n            <span class=\"feed-source\">\n            Source:\n\n                            Distrito Emprendedores\n                    <\/span>\n    \n            <span class=\"feed-date\">\n            Published on 2026-03-05\n        <\/span>\n    \n    <\/div>\n\n\n\n\n\n            \n        <\/li>\n                    <li class=\"wpra-item feed-item \">\n            \n            \n\n    <a  href=\"https:\/\/distritoemprendedores.es\/blog\/las-startups-de-salud-mas-punteras-del-mundo\/\" target=\"_blank\" rel=\"nofollow\" class=\"\">Las startups de salud m\u00e1s punteras del mundo<\/a>\n\n\n\n\n\n\n<div class=\"wprss-feed-meta\">\n            <span class=\"feed-source\">\n            Source:\n\n                            Distrito Emprendedores\n                    <\/span>\n    \n            <span class=\"feed-date\">\n            Published on 2026-03-04\n        <\/span>\n    \n    <\/div>\n\n\n\n\n\n            \n        <\/li>\n                    <li class=\"wpra-item feed-item \">\n            \n            \n\n    <a  href=\"https:\/\/distritoemprendedores.es\/blog\/puesta-en-marcha-de-un-negocio-primeros-pasos-para-validar-vender-y-controlar-la-tesoreria\/\" target=\"_blank\" rel=\"nofollow\" class=\"\">Puesta en marcha de un negocio: primeros pasos para validar, vender y controlar la tesorer\u00eda<\/a>\n\n\n\n\n\n\n<div class=\"wprss-feed-meta\">\n            <span class=\"feed-source\">\n            Source:\n\n                            Distrito Emprendedores\n                    <\/span>\n    \n            <span class=\"feed-date\">\n            Published on 2026-03-03\n        <\/span>\n    \n    <\/div>\n\n\n\n\n\n            \n        <\/li>\n                    <li class=\"wpra-item feed-item \">\n            \n            \n\n    <a  href=\"https:\/\/distritoemprendedores.es\/blog\/6-franquicias-sin-apenas-competencia-en-el-mercado\/\" target=\"_blank\" rel=\"nofollow\" class=\"\">6 franquicias sin apenas competencia en el mercado<\/a>\n\n\n\n\n\n\n<div class=\"wprss-feed-meta\">\n            <span class=\"feed-source\">\n            Source:\n\n                            Distrito Emprendedores\n                    <\/span>\n    \n            <span class=\"feed-date\">\n            Published on 2026-03-02\n        <\/span>\n    \n    <\/div>\n\n\n\n\n\n            \n        <\/li>\n                    <li class=\"wpra-item feed-item \">\n            \n            \n\n    <a  href=\"https:\/\/digistorage.es\/links\/71d78951-a420-4f5b-8de6-7b35ae7efc1c#new_tab\" target=\"_blank\" rel=\"nofollow\" class=\"\">Los algoritmos amenazan con filtrar las confesiones realizadas al abogado<\/a>\n\n\n\n\n\n\n<div class=\"wprss-feed-meta\">\n            <span class=\"feed-source\">\n            Source:\n\n                            Distrito Emprendedores\n                    <\/span>\n    \n            <span class=\"feed-date\">\n            Published on 2026-03-01\n        <\/span>\n    \n    <\/div>\n\n\n\n\n\n            \n        <\/li>\n                    <li class=\"wpra-item feed-item \">\n            \n            \n\n    <a  href=\"https:\/\/distritoemprendedores.es\/blog\/las-startups-que-mas-innovan-en-el-mundo\/\" target=\"_blank\" rel=\"nofollow\" class=\"\">Las startups que m\u00e1s innovan en el mundo<\/a>\n\n\n\n\n\n\n<div class=\"wprss-feed-meta\">\n            <span class=\"feed-source\">\n            Source:\n\n                            Distrito Emprendedores\n                    <\/span>\n    \n            <span class=\"feed-date\">\n            Published on 2026-02-28\n        <\/span>\n    \n    <\/div>\n\n\n\n\n\n            \n        <\/li>\n                    <li class=\"wpra-item feed-item \">\n            \n            \n\n    <a  href=\"https:\/\/distritoemprendedores.es\/blog\/tiktok-genera-31-000-millones-de-euros-para-las-empresas-europeas-y-3-000-millones-en-espana\/\" target=\"_blank\" rel=\"nofollow\" class=\"\">TikTok genera 31.000 millones de euros para las empresas europeas y 3.000 millones en Espa\u00f1a<\/a>\n\n\n\n\n\n\n<div class=\"wprss-feed-meta\">\n            <span class=\"feed-source\">\n            Source:\n\n                            Distrito Emprendedores\n                    <\/span>\n    \n            <span class=\"feed-date\">\n            Published on 2026-02-27\n        <\/span>\n    \n    <\/div>\n\n\n\n\n\n            \n        <\/li>\n                    <li class=\"wpra-item feed-item \">\n            \n            \n\n    <a  href=\"https:\/\/distritoemprendedores.es\/blog\/amazon-planea-un-marketplace-para-hacer-de-puente-entre-los-publishers-y-las-empresas-de-ia\/\" target=\"_blank\" rel=\"nofollow\" class=\"\">Amazon planea un \u00abmarketplace\u00bb para hacer de puente entre los \u00abpublishers\u00bb y las empresas de IA<\/a>\n\n\n\n\n\n\n<div class=\"wprss-feed-meta\">\n            <span class=\"feed-source\">\n            Source:\n\n                            Distrito Emprendedores\n                    <\/span>\n    \n            <span class=\"feed-date\">\n            Published on 2026-02-26\n        <\/span>\n    \n    <\/div>\n\n\n\n\n\n            \n        <\/li>\n        <\/ul>\n\n        \n<\/div>\n\n<\/div>\n\n<hr \/>\n<h2>He descubierto que esta forma de trabajar es infinitamente m\u00e1s productiva que escribir listas de tareas<\/h2>\n<p>En mi sistema,\u00a0<strong>las tareas menos prioritarias siguen haci\u00e9ndose porque he programado un tiempo espec\u00edfico para completarlas\u00a0<\/strong>(aunque esto sea quiz\u00e1s en una o dos semanas). Y todo lo que no deber\u00eda hacer \u2014es decir, todo lo que no contribuye directamente a nuestros objetivos empresariales\u2014, se delega.<\/p>\n<p>Otra de las ventajas de utilizar el sistema de calendario es que tambi\u00e9n\u00a0<strong>puedo revisar c\u00f3mo he utilizado mi tiempo y reflexionar sobre si podr\u00eda haber hecho las cosas de otra manera<\/strong>, lo que me permite aprender.<\/p>\n<h2>Yo decido qu\u00e9 tareas se incluyen en la aplicaci\u00f3n<\/h2>\n<p>Una priorizaci\u00f3n eficaz\u00a0<strong>me ayuda a evitar que me atasque con tareas administrativas<\/strong>\u00a0o tareas que no son de mi competencia y de las que podr\u00eda ocuparse mejor otra persona.<\/p>\n<p>Utilizo la\u00a0<strong>Matriz de Eisenhower<\/strong>, o la Matriz de lo urgente o importante, para saber qu\u00e9 debo hacer yo mismo, con car\u00e1cter urgente, qu\u00e9 debo guardar para m\u00e1s adelante y qu\u00e9 tareas debo delegar o eliminar por completo.<\/p>\n<p>Como equipo, utilizamos\u00a0<a href=\"https:\/\/monday.com\/lang\/es\/\" target=\"_blank\" rel=\"nofollow noopener\">Monday.com<\/a>\u00a0para guardar todos nuestros objetivos y proyectos estrat\u00e9gicos, lo cual\u00a0<strong>es una forma estupenda de almacenar y colaborar en proyectos importantes y decisiones estrat\u00e9gicas.\u00a0<\/strong><\/p>\n<p>Normalmente, un proyecto en Monday generar\u00e1 un mont\u00f3n de tareas, algunas de las cuales ser\u00e1n para m\u00ed. Identifico\u00a0<strong>cu\u00e1les de estas acciones ayudar\u00e1n a mi empresa a alcanzar su objetivo principal,\u00a0<\/strong>que son<strong>\u00a0<\/strong>aumentar los ingresos y la retenci\u00f3n de usuarios.<\/p>\n<p><strong>S\u00f3lo las tareas que pueden vincularse a este objetivo se programan en mi calendario<\/strong>, normalmente para alg\u00fan momento de las pr\u00f3ximas dos semanas. Cualquier tarea que no contribuya directamente al objetivo\u00a0<strong>se delega en otro miembro del equipo.<\/strong><\/p>\n<h2>Preparo mi agenda los d\u00edas que trabajo en la oficina<\/h2>\n<p>Al igual que mi equipo,\u00a0<strong>paso al menos un d\u00eda completo en la oficina cada semana<\/strong>. Estos d\u00edas suelen ser bastante intensos y est\u00e1n orientados a la interacci\u00f3n cara a cara con mis colegas.<\/p>\n<p>Aunque\u00a0<strong>hemos prohibido las reuniones innecesarias<\/strong>, algunas son inevitables y se programan deliberadamente en un solo d\u00eda a la semana siempre que sea posible, ya que me permite estar completamente concentrado. Por el momento, tiendo a hacer mi jornada semanal de reuniones desde la oficina.<\/p>\n<p>Desde el momento en que mi jornada laboral comienza a las 10:00, cada momento lo tengo previsto.\u00a0<strong>Las reuniones se programan una tras otra, pero siempre trato de adelantarme al reloj, condens\u00e1ndolas en per\u00edodos m\u00e1s cortos\u00a0<\/strong>siempre que sea posible.<\/p>\n<p>Todas las reuniones son individuales, con un objetivo muy concreto y acordado de antemano,\u00a0<strong>y la mayor\u00eda s\u00f3lo duran 15 minutos.<\/strong>\u00a0Rara vez hacemos reuniones de grupo, ya que no creo que sean eficientes o eficaces.<\/p>\n<p>El tiempo libre que gano acortando las reuniones lo utilizo para adelantar el d\u00eda o para realizar otras tareas no urgentes pero importantes.<\/p>\n<h2>Cuando trabajo desde casa, dejo la tarde para el trabajo creativo<\/h2>\n<p>Ahora\u00a0<strong>tengo un espacio de trabajo id\u00e9ntico en casa y en la oficina\u00a0<\/strong>para no tener que pasar la primera hora acostumbr\u00e1ndome a una configuraci\u00f3n diferente, y para no tener que transportar cosas de un lado a otro.<\/p>\n<p>En ambos espacios de trabajo\u00a0<strong>tengo un monitor de pantalla superancha para realizar varias tareas,<\/strong>\u00a0una silla c\u00f3moda y ergon\u00f3mica, un soporte para el Macbook y todos los adaptadores que necesito, adem\u00e1s de auriculares con cancelaci\u00f3n de ruido y un equipo HD\/4K.<\/p>\n<p>Tambi\u00e9n me guardo las tareas que\u00a0<strong>implican un alto nivel de concentraci\u00f3n para cuando estoy en casa.<\/strong><\/p>\n<p>\u00bfPor qu\u00e9 organizar mi tiempo de esta manera? Para aprovechar al m\u00e1ximo las horas del d\u00eda\u00a0<strong>es importante trabajar con los flujos naturales de productividad, y no contra ellos.<\/strong>\u00a0Nuestra atenci\u00f3n tiene picos y ca\u00eddas a lo largo del d\u00eda, por lo que resulta \u00fatil identificar los momentos en los que estamos m\u00e1s atentos.<\/p>\n<p>Yo he aprendido que se me ocurren mejor las ideas por la tarde, hacia las 16:00, y que\u00a0<strong>estoy en el mejor estado de \u00e1nimo para hacerlo despu\u00e9s de una comida saludable y un caf\u00e9 o 2.\u00a0<\/strong><\/p>\n<p>No soy el \u00fanico que organiza su d\u00eda en funci\u00f3n de sus niveles de energ\u00eda. El jefe de Amazon,\u00a0<strong>Jeff Bezos,\u00a0<\/strong>organiza el suyo de forma que las reuniones de \u00abalto coeficiente intelectual\u00bb est\u00e9n terminadas y empolvadas antes de la hora del almuerzo. Y, como es m\u00e1s dif\u00edcil tomar una decisi\u00f3n cuando es m\u00e1s tarde,<strong>\u00a0despu\u00e9s de las 5 de la tarde pospone cualquier decisi\u00f3n hasta el d\u00eda siguiente.<\/strong><\/p>\n<p><strong>Al final del d\u00eda programo una parada dura<\/strong>, para darme un plazo definitivo y asegurarme de terminar el trabajo y poder pasar tiempo con mis tres hijos.<\/p>\n<h2>Delegar los correos electr\u00f3nicos seg\u00fan sea necesario<\/h2>\n<p>El correo electr\u00f3nico es uno de los mayores asesinos de tiempo. Por eso mi asistente virtual\u00a0<strong>Lisa<\/strong>\u00a0tiene total autonom\u00eda sobre mi bandeja de entrada.<\/p>\n<p>Filtra todo lo que llega, eliminando pr\u00e1cticamente la necesidad de que yo me ocupe de ello, organizando mis correos electr\u00f3nicos seg\u00fan su prioridad.<\/p>\n<p>Al final de cada d\u00eda, a las 5 de la tarde,\u00a0<strong>me meto en la carpeta marcada como Prioridad 1 y atiendo todo lo que es urgente y requiere una respuesta<\/strong>. Me doy 50 minutos para atacar mi bandeja de entrada prioritaria, pero la mayor\u00eda de los d\u00edas puedo hacerlo incluso m\u00e1s r\u00e1pido.<\/p>\n<p>Lo interesante de tratar mi bandeja de entrada como algo que puede esperar es que\u00a0<strong>algunas cosas simplemente se hacen sin mi participaci\u00f3n<\/strong>\u00a0(lo que sugiere que no deber\u00eda haber sido metido en copia en primer lugar).<\/p>\n<p>La mayor parte de la comunicaci\u00f3n con mi equipo tiene lugar en\u00a0<strong>Slack<\/strong>, que\u00a0<strong>es mucho m\u00e1s r\u00e1pido que conversar por correo electr\u00f3nico<\/strong>, y m\u00e1s f\u00e1cil de manejar para m\u00ed en los momentos libres entre las tareas.<\/p>\n<h2>Tomar el control de mi jornada laboral<\/h2>\n<p>Mantener\u00a0<strong>un horario de trabajo estricto requiere mucha autodisciplina\u00a0<\/strong>y una cierta dosis de despiadada. Y puede que tu equipo tarde un poco en acostumbrarse al hecho de que, no, no puedes disponer de 10 minutos ahora mismo para ponerte al d\u00eda.<\/p>\n<p>Pero planificar los d\u00edas y las semanas<strong>\u00a0para conseguir una productividad \u00f3ptima<\/strong>, sin perder de vista los objetivos de la empresa, te acercar\u00e1 a su consecuci\u00f3n y te dejar\u00e1 m\u00e1s tiempo para dedicar a las cosas que realmente importan: la familia y los amigos.<\/p>\n<div class=\"article-header__Authors-sc-1ssjx95-3 dQuzYw\"><span class=\"author-name__AuthorName-sc-1pg07or-0 HstKC\">Barnaby Lashbrooke<\/span>,\u00a0<a class=\"author-name__AuthorName-sc-1pg07or-0 HstKC\" href=\"http:\/\/www.businessinsider.com\/?IR=C\">Business Insider<\/a><\/div>\n<div id=\"telet-3077767545\" class=\"telet-despues-del-contenido telet-entity-placement\"><a target=\"_blank\" href=\"\/\/aff.lucushost.com\/resources\/click\/?n=gDxoXMAJ&aff=756\"><img decoding=\"async\" border=\"0\" alt=\"LucusHost, el mejor hosting\" src=\"\/\/aff.lucushost.com\/resources\/banners\/?zoneid=5123&n=gDxoXMAJ&aff=756\" \/><\/a><\/div>","protected":false},"excerpt":{"rendered":"<p>Cuando la gente se entera de que dirijo\u00a0una empresa de asistencia virtual de 8 cifras\u00a0y que s\u00f3lo trabajo 35 horas a la semana, siempre me preguntan c\u00f3mo hago. La verdad&hellip; <\/p>\n","protected":false},"author":1,"featured_media":3716,"comment_status":"open","ping_status":"open","sticky":false,"template":"","format":"standard","meta":{"_jetpack_memberships_contains_paid_content":false,"footnotes":"","_links_to":"","_links_to_target":""},"categories":[1],"tags":[15,14],"class_list":["post-7654","post","type-post","status-publish","format-standard","has-post-thumbnail","hentry","category-telesecretarias","tag-fuprisa","tag-jose-manuel-fuentes-prieto"],"nelio_content":{"autoShareEndMode":"never","automationSources":{"useCustomSentences":false,"customSentences":[]},"efiAlt":"","efiUrl":"","followers":[1],"highlights":[],"isAutoShareEnabled":true,"networkImageIds":[],"permalinkQueryArgs":[],"series":[],"suggestedReferences":[]},"jetpack_featured_media_url":"https:\/\/teletrabajoynegocios.com\/telesecretarias\/wp-content\/uploads\/sites\/2\/2021\/04\/freelance-mujer-trabajando.jpg","jetpack_sharing_enabled":true,"_links":{"self":[{"href":"https:\/\/teletrabajoynegocios.com\/telesecretarias\/wp-json\/wp\/v2\/posts\/7654","targetHints":{"allow":["GET"]}}],"collection":[{"href":"https:\/\/teletrabajoynegocios.com\/telesecretarias\/wp-json\/wp\/v2\/posts"}],"about":[{"href":"https:\/\/teletrabajoynegocios.com\/telesecretarias\/wp-json\/wp\/v2\/types\/post"}],"author":[{"embeddable":true,"href":"https:\/\/teletrabajoynegocios.com\/telesecretarias\/wp-json\/wp\/v2\/users\/1"}],"replies":[{"embeddable":true,"href":"https:\/\/teletrabajoynegocios.com\/telesecretarias\/wp-json\/wp\/v2\/comments?post=7654"}],"version-history":[{"count":1,"href":"https:\/\/teletrabajoynegocios.com\/telesecretarias\/wp-json\/wp\/v2\/posts\/7654\/revisions"}],"predecessor-version":[{"id":7655,"href":"https:\/\/teletrabajoynegocios.com\/telesecretarias\/wp-json\/wp\/v2\/posts\/7654\/revisions\/7655"}],"wp:featuredmedia":[{"embeddable":true,"href":"https:\/\/teletrabajoynegocios.com\/telesecretarias\/wp-json\/wp\/v2\/media\/3716"}],"wp:attachment":[{"href":"https:\/\/teletrabajoynegocios.com\/telesecretarias\/wp-json\/wp\/v2\/media?parent=7654"}],"wp:term":[{"taxonomy":"category","embeddable":true,"href":"https:\/\/teletrabajoynegocios.com\/telesecretarias\/wp-json\/wp\/v2\/categories?post=7654"},{"taxonomy":"post_tag","embeddable":true,"href":"https:\/\/teletrabajoynegocios.com\/telesecretarias\/wp-json\/wp\/v2\/tags?post=7654"}],"curies":[{"name":"wp","href":"https:\/\/api.w.org\/{rel}","templated":true}]}}