{"id":7673,"date":"2022-02-06T13:32:34","date_gmt":"2022-02-06T12:32:34","guid":{"rendered":"https:\/\/teletrabajoynegocios.com\/telesecretarias\/?p=7673"},"modified":"2022-02-07T13:36:43","modified_gmt":"2022-02-07T12:36:43","slug":"mujeresteam-referentes-femeninos-para-las-jovenes","status":"publish","type":"post","link":"https:\/\/teletrabajoynegocios.com\/telesecretarias\/mujeresteam-referentes-femeninos-para-las-jovenes\/","title":{"rendered":"#MujereSteam. Referentes femeninos para las j\u00f3venes"},"content":{"rendered":"<div id=\"telet-3408451989\" class=\"telet-antes-del-contenido telet-entity-placement\"><a href=\"https:\/\/quaderno.io\/?via=jose-manuel94\" aria-label=\"Quaderno General (Spanish) &#8211; 728&#215;90\"><img loading=\"lazy\" decoding=\"async\" src=\"https:\/\/teletrabajoynegocios.com\/telesecretarias\/wp-content\/uploads\/sites\/2\/2020\/11\/Quaderno-General-Spanish-728x90-1.png\" alt=\"\"  srcset=\"https:\/\/teletrabajoynegocios.com\/telesecretarias\/wp-content\/uploads\/sites\/2\/2020\/11\/Quaderno-General-Spanish-728x90-1.png 728w, https:\/\/teletrabajoynegocios.com\/telesecretarias\/wp-content\/uploads\/sites\/2\/2020\/11\/Quaderno-General-Spanish-728x90-1-300x37.png 300w\" sizes=\"(max-width: 728px) 100vw, 728px\" width=\"728\" height=\"90\"   \/><\/a><\/div><p><strong>El proyecto #MujereSteam propone referentes femeninos para las j\u00f3venes\u00a0<\/strong><strong>de Castilla-La Mancha y las anima a estudiar ciencias, tecnolog\u00eda, ingenier\u00eda y matem\u00e1ticas e impulsa a las empresas a contar con el talento de las mujeres STEAM.<\/strong><\/p>\n<p><strong>&gt; Talleres escolares, cursos de gesti\u00f3n de Recursos Humanos con perspectiva de g\u00e9nero, captaci\u00f3n de talento de las mujeres con carreras STEAM y la publicaci\u00f3n de entrevistas con referentes, son las actividades que se realizaron en el proyecto #MujereSteam.<\/strong><\/p>\n<p><strong>&gt; El proyecto realizado en las cinco provincias castellano manchegas ha sido realizado por la Fundaci\u00f3n Concilia2 y financiado por el Gobierno regional y el Instituto de la Mujer de Castilla-La Mancha. \u201cEsperamos que esta solo sea una primera edici\u00f3n de lo que podr\u00e1 suponer #MujereSteam en Castilla-La Mancha\u201d, indican desde la Fundaci\u00f3n Concilia2.<\/strong><\/p>\n<p><strong>&gt; La campa\u00f1a presenta ahora sus resultados, con valoraciones muy positivas entre los y las participantes. Se impartieron 21 talleres en once institutos de la comunidad, se ofreci\u00f3 formaci\u00f3n a 64 responsables de RRHH y se public\u00f3 el caso de 21 mujeres referentes que trabajan en la regi\u00f3n. En total, la iniciativa ha llegado a 465 alumnos y alumnas solo en las actividades en centros educativos.<\/strong><\/p>\n<p>&nbsp;<\/p>\n<h2><strong>Proyecto #MujereSteam<\/strong><\/h2>\n<p>El proyecto<a href=\"https:\/\/mujeresteam.es\/\" target=\"_blank\" rel=\"noopener\">\u00a0#MujeresSteam<\/a>\u00a0tiene como objetivo promover la incorporaci\u00f3n de mujeres en los sectores de ciencia, tecnolog\u00eda, ingenier\u00eda, arte y matem\u00e1ticas (llamados por sus siglas en ingl\u00e9s, STEAM). Un proyecto realizado por la\u00a0<a href=\"https:\/\/fundacionconcilia2.org\/\" target=\"_blank\" rel=\"noopener\">Fundaci\u00f3n Concilia2<\/a>\u00a0y financiado por el Gobierno de Castilla-La Mancha y el Instituto de la Mujer de Castilla-La Mancha. Entre las actuaciones que se han llevado a cabo desde la Fundaci\u00f3n Concilia2 destaca la web, que explica la problem\u00e1tica existente que impulsa el proyecto (brechas de g\u00e9nero en el sector STEAM, segregaci\u00f3n en los estudios y ocupaciones, insuficiente orientaci\u00f3n y falta de referentes, etc.), las v\u00edas que existen para resolverlo y anima a los diferentes organismos como empresa, centro educativo o mujer referente para acabar entre todas y todas con la desigualdad.<\/p>\n<h3><strong>Referentes femeninos en las carreras STEAM<\/strong><\/h3>\n<p>Estas \u00faltimas, las mujeres referentes, han sido unas de las protagonistas m\u00e1s importantes del proyecto. #MujeresSteam ha\u00a0<a href=\"https:\/\/mujeresteam.es\/referentes-femeninos\/\" target=\"_blank\" rel=\"noopener\">entrevistado a\u00a0<strong>21 mujeres<\/strong><\/a>\u00a0que tienen carreras en ingenier\u00eda, matem\u00e1ticas, ciencia o tecnolog\u00eda y que actualmente trabajan en Castilla-La Mancha o est\u00e1n ligadas a la comunidad. Entre otras cuestiones, estas mujeres profesionales responden a cuestiones como las<strong>\u00a0barreras que tuvieron para estudiar su vocaci\u00f3n<\/strong>, la discriminaci\u00f3n que han visto o sufrido en su carrera o la imagen que ten\u00edan ellas mismas de peque\u00f1as de lo que era ser una mujer cient\u00edfica, arquitecta o qu\u00edmica, por ejemplo.<\/p>\n<blockquote><p>\u201cEl trabajo de las mujeres referentes ha sido brillante, han contado sus experiencias y han motivado a las alumnas a seguir sus pasos, trabajando as\u00ed el empoderamiento de las m\u00e1s j\u00f3venes\u201d.<\/p><\/blockquote>\n<p>Con la idea de la importancia de los referentes en la infancia y juventud, el proyecto tambi\u00e9n ha implantado talleres educativos entre las j\u00f3venes que cursan 3\u00ba, 4\u00ba de la ESO y Bachillerato en los Institutos de Castilla- La Mancha, en las que participaron algunas de las mujeres referentes del proyecto. En concreto, se impartieron\u00a0<strong>21 talleres<\/strong>\u00a0en los siguientes centros de Educaci\u00f3n Secundaria: IES Ram\u00f3n Giraldo (Villanueva de Los Infantes, Ciudad Real), IES Marmaria (Membrilla, Ciudad Real), IES San Juan Del Castillo (Belmonte, Cuenca), IES Harevolar (Alovera, Guadalajara), IES Puerta De Castilla (Minglanilla, Cuenca), IES Izpis\u00faa Belmonte (Hell\u00edn, Albacete), IES Miguel De Cervantes (Fuente \u00c1lamo, Albacete), IES Libertad (Carranque, Toledo), IES Velsinia (Santa Cruz De La Zarza, Toledo), IES Clara Campoamor (Yunquera de Henares, Guadalajara) y en el IES Leandro Fern\u00e1ndez (Pastrana, Guadalajara).<\/p>\n<h3><strong>De la educaci\u00f3n a lo laboral. Formaci\u00f3n para empresas.<\/strong><\/h3>\n<p>De nada sirve fomentar la educaci\u00f3n si no se abren las puertas del mercado laboral. Por eso, otra parte del proyecto consisti\u00f3 en formaci\u00f3n entre las empresas comprometidas con la igualdad. En concreto,\u00a0<strong>m\u00e1s de 60 profesionales<\/strong>\u00a0de Recursos Humanos de estas entidades ha recibido un\u00a0<a href=\"https:\/\/mujeresteam.es\/formacion\/\" target=\"_blank\" rel=\"noopener\">curso on-line de 30 horas para aplicar la perspectiva de g\u00e9nero<\/a>\u00a0a la selecci\u00f3n del personal y otros aspectos de la gesti\u00f3n de equipos.<\/p>\n<p>Adem\u00e1s de visibilizar la situaci\u00f3n de desigualdad y de ofrecer formaci\u00f3n tanto en empresas como en centros educativos, se ha fomentado los referentes y las buenas pr\u00e1cticas. Por un lado, se han destacado empresas que buscan talento femenino dentro de la comunidad aut\u00f3noma y que forman parte de sectores STEAM o que cuentan con \u00e1reas, departamentos o l\u00edneas de negocio vinculadas a las ciencias y tecnolog\u00eda. Estas han sido Electrozemper, Grupo Tecon, GespreObra, Gurit Spain, GFM, CIM Internet, Trinexo, Ingeteam, Benibaldo, Mahle, Cade y Extrual. No solo se destacan las empresas si no que a trav\u00e9s de la web del proyecto se permit\u00eda dejar el CV a las mujeres con perfiles STEAM que estuvieran interesadas en trabajar en estas empresas.<\/p>\n<h3><strong>Estereotipos y barreras sexistas<\/strong><\/h3>\n<p>\u201cHa sido un proyecto muy ilusionante, tanto para los centros educativos como para las mujeres referentes y la valoraci\u00f3n general por nuestra parte es muy positiva\u201d, explican desde la Fundaci\u00f3n Concilia2. En concreto destacan el gran impacto que suponen actividades similares en la infancia y juventud. De los 21 talleres que se dieron en los centros de secundaria mencionados, fueron hasta\u00a0<strong>465 alumnos y alumnas los alcanzados<\/strong>. La din\u00e1mica facilitaba que la atenci\u00f3n de estos se centrara en los referentes femeninos y en acabar con los\u00a0<a href=\"https:\/\/www.concilia2.es\/las-mujeres-no-eligen-carreras-de-ciencias\/\">estereotipos de g\u00e9neros en el mundo de la ciencia y la tecnolog\u00eda<\/a>: las formadoras de manera presencial y las mujeres referentes de manera online, explicaban los ejemplos de carrera profesional, las barreras que pudieron encontrar estas en el mercado laboral o las situaciones de desigualdad que han vivido a lo largo de su trayectoria profesional, entre otras.<\/p>\n<hr \/>\n<p><img decoding=\"async\" src=\"https:\/\/teletrabajoynegocios.com\/teletrabajador\/wp-content\/uploads\/sites\/3\/2020\/07\/articulos.png\" \/><\/p>\n<div class=\"wp-rss-template-container\" data-wpra-template=\"default\" data-template-ctx=\"eyJ0ZW1wbGF0ZSI6IkRlZmF1bHQifQ==\">\n    <div class=\"wp-rss-aggregator wpra-list-template  \" data-page=\"1\">\n    \n    \n<ul class=\"wpra-item-list rss-aggregator wpra-item-list--bullets wpra-item-list--default\"\n    start=\"1\">\n                        <li class=\"wpra-item feed-item \">\n            \n            \n\n    <a  href=\"https:\/\/distritoemprendedores.com\/blog\/2026\/03\/16\/hello-world\/\" target=\"_blank\" rel=\"nofollow\" class=\"\">Hello world!<\/a>\n\n\n\n\n\n\n<div class=\"wprss-feed-meta\">\n            <span class=\"feed-source\">\n            Source:\n\n                            Distrito Emprendedores\n                    <\/span>\n    \n            <span class=\"feed-date\">\n            Published on 2026-03-16\n        <\/span>\n    \n    <\/div>\n\n\n\n\n\n            \n        <\/li>\n                    <li class=\"wpra-item feed-item \">\n            \n            \n\n    <a  href=\"https:\/\/www.dropbox.com\/scl\/fi\/b6csvpbfxu24vaezmo3es\/62bed0634df20e5ef35346439fdd423f_franquicias.pdf?rlkey=mfp2795s4n89mw35l0yeu2vl5&amp;e=2&amp;st=57kabuy0&amp;dl=0#new_tab\" target=\"_blank\" rel=\"nofollow\" class=\"\">Las franquicias espa\u00f1olas duplican su presencia en mercados for\u00e1neos<\/a>\n\n\n\n\n\n\n<div class=\"wprss-feed-meta\">\n            <span class=\"feed-source\">\n            Source:\n\n                            Distrito Emprendedores\n                    <\/span>\n    \n            <span class=\"feed-date\">\n            Published on 2026-03-11\n        <\/span>\n    \n    <\/div>\n\n\n\n\n\n            \n        <\/li>\n                    <li class=\"wpra-item feed-item \">\n            \n            \n\n    <a  href=\"https:\/\/distritoemprendedores.es\/blog\/5-errores-fatales-al-internacionalizar-tu-franquicia\/\" target=\"_blank\" rel=\"nofollow\" class=\"\">5 errores fatales al internacionalizar tu franquicia<\/a>\n\n\n\n\n\n\n<div class=\"wprss-feed-meta\">\n            <span class=\"feed-source\">\n            Source:\n\n                            Distrito Emprendedores\n                    <\/span>\n    \n            <span class=\"feed-date\">\n            Published on 2026-03-10\n        <\/span>\n    \n    <\/div>\n\n\n\n\n\n            \n        <\/li>\n                    <li class=\"wpra-item feed-item \">\n            \n            \n\n    <a  href=\"https:\/\/distritoemprendedores.es\/blog\/un-nuevo-prime-time-para-las-marcas-afterwork-tardeo-y-futbol-se-consolidan-como-los-grandes-motores-del-consumo-experiencial\/\" target=\"_blank\" rel=\"nofollow\" class=\"\">Un nuevo prime time para las marcas: afterwork, tardeo y f\u00fatbol se consolidan como los grandes motores del consumo experiencial<\/a>\n\n\n\n\n\n\n<div class=\"wprss-feed-meta\">\n            <span class=\"feed-source\">\n            Source:\n\n                            Distrito Emprendedores\n                    <\/span>\n    \n            <span class=\"feed-date\">\n            Published on 2026-03-09\n        <\/span>\n    \n    <\/div>\n\n\n\n\n\n            \n        <\/li>\n                    <li class=\"wpra-item feed-item \">\n            \n            \n\n    <a  href=\"https:\/\/distritoemprendedores.es\/blog\/la-ventaja-competitiva-esta-en-entender-como-pregunta-el-consumidor\/\" target=\"_blank\" rel=\"nofollow\" class=\"\">La ventaja competitiva est\u00e1 en entender c\u00f3mo pregunta el consumidor<\/a>\n\n\n\n\n\n\n<div class=\"wprss-feed-meta\">\n            <span class=\"feed-source\">\n            Source:\n\n                            Distrito Emprendedores\n                    <\/span>\n    \n            <span class=\"feed-date\">\n            Published on 2026-03-08\n        <\/span>\n    \n    <\/div>\n\n\n\n\n\n            \n        <\/li>\n                    <li class=\"wpra-item feed-item \">\n            \n            \n\n    <a  href=\"https:\/\/distritoemprendedores.es\/blog\/solo-el-7-de-los-espanoles-cree-a-las-marcas-cuando-comunican-sus-valores-con-hechos-demostrables\/\" target=\"_blank\" rel=\"nofollow\" class=\"\">Solo el 7% de los espa\u00f1oles cree a las marcas cuando comunican sus valores con hechos demostrables<\/a>\n\n\n\n\n\n\n<div class=\"wprss-feed-meta\">\n            <span class=\"feed-source\">\n            Source:\n\n                            Distrito Emprendedores\n                    <\/span>\n    \n            <span class=\"feed-date\">\n            Published on 2026-03-07\n        <\/span>\n    \n    <\/div>\n\n\n\n\n\n            \n        <\/li>\n                    <li class=\"wpra-item feed-item \">\n            \n            \n\n    <a  href=\"https:\/\/distritoemprendedores.es\/blog\/el-38-de-las-empresas-creadas-en-2019-ha-echado-ya-el-cierre\/\" target=\"_blank\" rel=\"nofollow\" class=\"\">El 38% de las empresas creadas en 2019 ha echado ya el cierre<\/a>\n\n\n\n\n\n\n<div class=\"wprss-feed-meta\">\n            <span class=\"feed-source\">\n            Source:\n\n                            Distrito Emprendedores\n                    <\/span>\n    \n            <span class=\"feed-date\">\n            Published on 2026-03-06\n        <\/span>\n    \n    <\/div>\n\n\n\n\n\n            \n        <\/li>\n                    <li class=\"wpra-item feed-item \">\n            \n            \n\n    <a  href=\"https:\/\/distritoemprendedores.es\/blog\/descubre-las-oportunidades-y-tendencias-en-el-mercado-de-la-franquicia-para-2026\/\" target=\"_blank\" rel=\"nofollow\" class=\"\">Descubre las oportunidades y tendencias en el mercado de la franquicia para 2026<\/a>\n\n\n\n\n\n\n<div class=\"wprss-feed-meta\">\n            <span class=\"feed-source\">\n            Source:\n\n                            Distrito Emprendedores\n                    <\/span>\n    \n            <span class=\"feed-date\">\n            Published on 2026-03-05\n        <\/span>\n    \n    <\/div>\n\n\n\n\n\n            \n        <\/li>\n                    <li class=\"wpra-item feed-item \">\n            \n            \n\n    <a  href=\"https:\/\/distritoemprendedores.es\/blog\/las-startups-de-salud-mas-punteras-del-mundo\/\" target=\"_blank\" rel=\"nofollow\" class=\"\">Las startups de salud m\u00e1s punteras del mundo<\/a>\n\n\n\n\n\n\n<div class=\"wprss-feed-meta\">\n            <span class=\"feed-source\">\n            Source:\n\n                            Distrito Emprendedores\n                    <\/span>\n    \n            <span class=\"feed-date\">\n            Published on 2026-03-04\n        <\/span>\n    \n    <\/div>\n\n\n\n\n\n            \n        <\/li>\n                    <li class=\"wpra-item feed-item \">\n            \n            \n\n    <a  href=\"https:\/\/distritoemprendedores.es\/blog\/puesta-en-marcha-de-un-negocio-primeros-pasos-para-validar-vender-y-controlar-la-tesoreria\/\" target=\"_blank\" rel=\"nofollow\" class=\"\">Puesta en marcha de un negocio: primeros pasos para validar, vender y controlar la tesorer\u00eda<\/a>\n\n\n\n\n\n\n<div class=\"wprss-feed-meta\">\n            <span class=\"feed-source\">\n            Source:\n\n                            Distrito Emprendedores\n                    <\/span>\n    \n            <span class=\"feed-date\">\n            Published on 2026-03-03\n        <\/span>\n    \n    <\/div>\n\n\n\n\n\n            \n        <\/li>\n                    <li class=\"wpra-item feed-item \">\n            \n            \n\n    <a  href=\"https:\/\/distritoemprendedores.es\/blog\/6-franquicias-sin-apenas-competencia-en-el-mercado\/\" target=\"_blank\" rel=\"nofollow\" class=\"\">6 franquicias sin apenas competencia en el mercado<\/a>\n\n\n\n\n\n\n<div class=\"wprss-feed-meta\">\n            <span class=\"feed-source\">\n            Source:\n\n                            Distrito Emprendedores\n                    <\/span>\n    \n            <span class=\"feed-date\">\n            Published on 2026-03-02\n        <\/span>\n    \n    <\/div>\n\n\n\n\n\n            \n        <\/li>\n                    <li class=\"wpra-item feed-item \">\n            \n            \n\n    <a  href=\"https:\/\/digistorage.es\/links\/71d78951-a420-4f5b-8de6-7b35ae7efc1c#new_tab\" target=\"_blank\" rel=\"nofollow\" class=\"\">Los algoritmos amenazan con filtrar las confesiones realizadas al abogado<\/a>\n\n\n\n\n\n\n<div class=\"wprss-feed-meta\">\n            <span class=\"feed-source\">\n            Source:\n\n                            Distrito Emprendedores\n                    <\/span>\n    \n            <span class=\"feed-date\">\n            Published on 2026-03-01\n        <\/span>\n    \n    <\/div>\n\n\n\n\n\n            \n        <\/li>\n                    <li class=\"wpra-item feed-item \">\n            \n            \n\n    <a  href=\"https:\/\/distritoemprendedores.es\/blog\/las-startups-que-mas-innovan-en-el-mundo\/\" target=\"_blank\" rel=\"nofollow\" class=\"\">Las startups que m\u00e1s innovan en el mundo<\/a>\n\n\n\n\n\n\n<div class=\"wprss-feed-meta\">\n            <span class=\"feed-source\">\n            Source:\n\n                            Distrito Emprendedores\n                    <\/span>\n    \n            <span class=\"feed-date\">\n            Published on 2026-02-28\n        <\/span>\n    \n    <\/div>\n\n\n\n\n\n            \n        <\/li>\n                    <li class=\"wpra-item feed-item \">\n            \n            \n\n    <a  href=\"https:\/\/distritoemprendedores.es\/blog\/tiktok-genera-31-000-millones-de-euros-para-las-empresas-europeas-y-3-000-millones-en-espana\/\" target=\"_blank\" rel=\"nofollow\" class=\"\">TikTok genera 31.000 millones de euros para las empresas europeas y 3.000 millones en Espa\u00f1a<\/a>\n\n\n\n\n\n\n<div class=\"wprss-feed-meta\">\n            <span class=\"feed-source\">\n            Source:\n\n                            Distrito Emprendedores\n                    <\/span>\n    \n            <span class=\"feed-date\">\n            Published on 2026-02-27\n        <\/span>\n    \n    <\/div>\n\n\n\n\n\n            \n        <\/li>\n                    <li class=\"wpra-item feed-item \">\n            \n            \n\n    <a  href=\"https:\/\/distritoemprendedores.es\/blog\/amazon-planea-un-marketplace-para-hacer-de-puente-entre-los-publishers-y-las-empresas-de-ia\/\" target=\"_blank\" rel=\"nofollow\" class=\"\">Amazon planea un \u00abmarketplace\u00bb para hacer de puente entre los \u00abpublishers\u00bb y las empresas de IA<\/a>\n\n\n\n\n\n\n<div class=\"wprss-feed-meta\">\n            <span class=\"feed-source\">\n            Source:\n\n                            Distrito Emprendedores\n                    <\/span>\n    \n            <span class=\"feed-date\">\n            Published on 2026-02-26\n        <\/span>\n    \n    <\/div>\n\n\n\n\n\n            \n        <\/li>\n        <\/ul>\n\n        \n<\/div>\n\n<\/div>\n\n<hr \/>\n<h2><strong>Sobre la Fundaci\u00f3n Concilia2<\/strong><\/h2>\n<p>La Fundaci\u00f3n Concilia2 es una organizaci\u00f3n sin \u00e1nimo de lucro, de \u00e1mbito nacional, que nace en 2020 con un fin social: la ejecuci\u00f3n de actuaciones y proyectos para el fomento de la igualdad de oportunidades entre mujeres y hombres, la garant\u00eda de los derechos de conciliaci\u00f3n de la vida personal, familiar y laboral, as\u00ed como la erradicaci\u00f3n de todo tipo de discriminaciones y violencias machistas.<\/p>\n<p>En Fundaci\u00f3n Concilia2 creemos en la igualdad de oportunidades entre mujeres y hombres y la capacidad de nuestra sociedad para avanzar en esta materia, superando los obst\u00e1culos que se van presentando en el camino. Creemos en la coeducaci\u00f3n para avanzar en la lucha de las desigualdades presentes, en la responsabilidad social de las empresas como agentes de cambio y en una cultura libre de conductas machistas.<\/p>\n<p>Adem\u00e1s de #MujereSteam, la Fundaci\u00f3n Concilia2 ha realizado dos ediciones de\u00a0<a href=\"https:\/\/educa2iguales.es\/\">Educa Iguales<\/a>, una serie de talleres en coeducaci\u00f3n orientados tanto a estudiantes de primaria y secundaria y herramientas para los profesores para educar en igualdad; el proyecto de Investigaci\u00f3n \u2018<a href=\"https:\/\/fundacionconcilia2.org\/proyectos\/corresponsabilidad-en-el-hogar-durante-el-covid\/\">Corresponsabilidad en el \u00c1mbito Dom\u00e9stico y de Cuidados Durante el COVID<\/a>\u2019 donde los propios ni\u00f1os y ni\u00f1as explicaban c\u00f3mo se reparten las tareas dom\u00e9sticas en sus hogares; o la iniciativa\u00a0<a href=\"https:\/\/fundacionconcilia2.org\/proyectos\/hacia-la-igualdad-salarial\/\">\u2018Hacia la Igualdad Salarial\u2019<\/a>\u00a0que ten\u00eda como objetivo reducir las desigualdades entre mujeres y hombres existentes en el mercado de trabajo de Castilla- La Mancha a trav\u00e9s del desarrollo de actividades con el empresariado.<\/p>\n<p><a href=\"https:\/\/www.concilia2.es\/\"><em>Concilia2<\/em><\/a><\/p>\n<div id=\"telet-2654825411\" class=\"telet-despues-del-contenido telet-entity-placement\"><a target=\"_blank\" href=\"\/\/aff.lucushost.com\/resources\/click\/?n=gDxoXMAJ&aff=756\"><img decoding=\"async\" border=\"0\" alt=\"LucusHost, el mejor hosting\" src=\"\/\/aff.lucushost.com\/resources\/banners\/?zoneid=5123&n=gDxoXMAJ&aff=756\" \/><\/a><\/div>","protected":false},"excerpt":{"rendered":"<p>El proyecto #MujereSteam propone referentes femeninos para las j\u00f3venes\u00a0de Castilla-La Mancha y las anima a estudiar ciencias, tecnolog\u00eda, ingenier\u00eda y matem\u00e1ticas e impulsa a las empresas a contar con el&hellip; <\/p>\n","protected":false},"author":1,"featured_media":3609,"comment_status":"open","ping_status":"open","sticky":false,"template":"","format":"standard","meta":{"_jetpack_memberships_contains_paid_content":false,"footnotes":"","_links_to":"","_links_to_target":""},"categories":[5],"tags":[15,14],"class_list":["post-7673","post","type-post","status-publish","format-standard","has-post-thumbnail","hentry","category-conciliacion","tag-fuprisa","tag-jose-manuel-fuentes-prieto"],"nelio_content":{"autoShareEndMode":"never","automationSources":{"useCustomSentences":false,"customSentences":[]},"efiAlt":"","efiUrl":"","followers":[1],"highlights":[],"isAutoShareEnabled":true,"networkImageIds":[],"permalinkQueryArgs":[],"series":[],"suggestedReferences":[]},"jetpack_featured_media_url":"https:\/\/teletrabajoynegocios.com\/telesecretarias\/wp-content\/uploads\/sites\/2\/2021\/03\/teletrabajadora-1.jpg","jetpack_sharing_enabled":true,"_links":{"self":[{"href":"https:\/\/teletrabajoynegocios.com\/telesecretarias\/wp-json\/wp\/v2\/posts\/7673","targetHints":{"allow":["GET"]}}],"collection":[{"href":"https:\/\/teletrabajoynegocios.com\/telesecretarias\/wp-json\/wp\/v2\/posts"}],"about":[{"href":"https:\/\/teletrabajoynegocios.com\/telesecretarias\/wp-json\/wp\/v2\/types\/post"}],"author":[{"embeddable":true,"href":"https:\/\/teletrabajoynegocios.com\/telesecretarias\/wp-json\/wp\/v2\/users\/1"}],"replies":[{"embeddable":true,"href":"https:\/\/teletrabajoynegocios.com\/telesecretarias\/wp-json\/wp\/v2\/comments?post=7673"}],"version-history":[{"count":2,"href":"https:\/\/teletrabajoynegocios.com\/telesecretarias\/wp-json\/wp\/v2\/posts\/7673\/revisions"}],"predecessor-version":[{"id":7683,"href":"https:\/\/teletrabajoynegocios.com\/telesecretarias\/wp-json\/wp\/v2\/posts\/7673\/revisions\/7683"}],"wp:featuredmedia":[{"embeddable":true,"href":"https:\/\/teletrabajoynegocios.com\/telesecretarias\/wp-json\/wp\/v2\/media\/3609"}],"wp:attachment":[{"href":"https:\/\/teletrabajoynegocios.com\/telesecretarias\/wp-json\/wp\/v2\/media?parent=7673"}],"wp:term":[{"taxonomy":"category","embeddable":true,"href":"https:\/\/teletrabajoynegocios.com\/telesecretarias\/wp-json\/wp\/v2\/categories?post=7673"},{"taxonomy":"post_tag","embeddable":true,"href":"https:\/\/teletrabajoynegocios.com\/telesecretarias\/wp-json\/wp\/v2\/tags?post=7673"}],"curies":[{"name":"wp","href":"https:\/\/api.w.org\/{rel}","templated":true}]}}